{"id":13797,"date":"2013-09-06T15:23:22","date_gmt":"2013-09-06T15:23:22","guid":{"rendered":"http:\/\/www.tvcnoticias.com.ar\/?p=13797"},"modified":"2013-09-06T15:23:22","modified_gmt":"2013-09-06T15:23:22","slug":"cambio-en-el-gabinete-patricia-vazquez-asumio-como-secretaria-de-desarrollo-social-y-derechos-humanos","status":"publish","type":"post","link":"https:\/\/www.celttv.com.ar\/index.php\/2013\/09\/06\/cambio-en-el-gabinete-patricia-vazquez-asumio-como-secretaria-de-desarrollo-social-y-derechos-humanos\/","title":{"rendered":"CAMBIO EN EL GABINETE: PATRICIA VAZQUEZ ASUMIO COMO SECRETARIA DE DESARROLLO SOCIAL Y DERECHOS HUMANOS"},"content":{"rendered":"<p><a href=\"http:\/\/www.youtube.com\/watch?v=6HDSe7ChOMg\">httpv:\/\/www.youtube.com\/watch?v=6HDSe7ChOMg<\/a><br \/>\n<a href=\"http:\/\/www.youtube.com\/watch?v=6HDSe7ChOMg\"><\/a>La concejal Patricia V\u00e1zquez fue convocada por el Intendente Trankels para reemplazar provisoriamente a Daniel Natali como titular del \u00e1rea de Desarrollo Social y Derechos Humanos.<br \/>\nLa edil solicit\u00f3 un pedido de licencia ante el cuerpo deliberativo y fue aceptado, por lo que ahora la banca de PatriciaV\u00e1zquez, en el Frente para la Victoria, ser\u00e1 ocupada por Carlos Schwab.\u00a0 \u00a0 \u00a0Patricia V\u00e1zquez dijo a este medio que continuar\u00e1 trabajando con los mismos lineamientos, dado que hab\u00edan sido fijados por el intendente.<br \/>\nDe todas formas, aclar\u00f3 que, si se proponen cambios \u201cque contribuyan a mejorar la calidad de vida de los vecinos y a la gesti\u00f3n del intendente\u201d, no tendr\u00eda problemas en llevarlos adelante.<br \/>\n\u201cEl intendente me pidi\u00f3 que lo acompa\u00f1e hasta el 31 de octubre en este \u00e1rea. Tengo la camiseta puesta de esta gesti\u00f3n y trabajar\u00e9 desde el lugar donde m\u00e1s me necesiten\u201d, coment\u00f3 la flamante secretar\u00eda de Desarrollo Social.\u00a0 \u00a0 \u00a0\u201cEl grupo que tiene el \u00e1rea es excelente y por eso seguiremos trabajando de la misma manera. La idea es que la gesti\u00f3n contin\u00fae prosperando como hasta ahora\u201d, sostuvo la cocnejal.<\/p>\n","protected":false},"excerpt":{"rendered":"<p>httpv:\/\/www.youtube.com\/watch?v=6HDSe7ChOMg La concejal Patricia V\u00e1zquez fue convocada por el Intendente Trankels para reemplazar provisoriamente a Daniel Natali como titular del \u00e1rea de Desarrollo Social y Derechos Humanos. La edil solicit\u00f3 un pedido de licencia ante el cuerpo deliberativo y fue aceptado, por lo que ahora la banca de PatriciaV\u00e1zquez, en el Frente para la Victoria, [&hellip;]<\/p>\n","protected":false},"author":1,"featured_media":0,"comment_status":"closed","ping_status":"open","sticky":false,"template":"","format":"standard","meta":{"footnotes":""},"categories":[51,52,53,64],"tags":[],"class_list":["post-13797","post","type-post","status-publish","format-standard","hentry","category-comunidad","category-destacadas","category-politica","category-videos-destacados"],"yoast_head":"<!-- This site is optimized with the Yoast SEO plugin v19.7.1 - https:\/\/yoast.com\/wordpress\/plugins\/seo\/ -->\n<title>CAMBIO EN EL GABINETE: PATRICIA VAZQUEZ ASUMIO COMO SECRETARIA DE DESARROLLO SOCIAL Y DERECHOS HUMANOS - CELTTV<\/title>\n<meta name=\"description\" content=\"Sitio web de noticias de la localidad de Tornquist, provincia de Buenos Aires, Rep\u00fablica Argentina. Contenido propio originado por periodistas de CELTTV, el canal de TV local de la Cooperativa El\u00e9ctrica de Tornquist. Turismo, Pol\u00edtica, Sociedad, Deporte, Cultura y todo el contenido de inter\u00e9s general que la gente del pueblo y la regi\u00f3n debe conocer.\" \/>\n<meta name=\"robots\" content=\"index, follow, max-snippet:-1, max-image-preview:large, max-video-preview:-1\" \/>\n<link rel=\"canonical\" href=\"https:\/\/www.celttv.com.ar\/index.php\/2013\/09\/06\/cambio-en-el-gabinete-patricia-vazquez-asumio-como-secretaria-de-desarrollo-social-y-derechos-humanos\/\" \/>\n<meta property=\"og:locale\" content=\"es_ES\" \/>\n<meta property=\"og:type\" content=\"article\" \/>\n<meta property=\"og:title\" content=\"CAMBIO EN EL GABINETE: PATRICIA VAZQUEZ ASUMIO COMO SECRETARIA DE DESARROLLO SOCIAL Y DERECHOS HUMANOS - CELTTV\" \/>\n<meta property=\"og:description\" content=\"Sitio web de noticias de la localidad de Tornquist, provincia de Buenos Aires, Rep\u00fablica Argentina. Contenido propio originado por periodistas de CELTTV, el canal de TV local de la Cooperativa El\u00e9ctrica de Tornquist. Turismo, Pol\u00edtica, Sociedad, Deporte, Cultura y todo el contenido de inter\u00e9s general que la gente del pueblo y la regi\u00f3n debe conocer.\" \/>\n<meta property=\"og:url\" content=\"https:\/\/www.celttv.com.ar\/index.php\/2013\/09\/06\/cambio-en-el-gabinete-patricia-vazquez-asumio-como-secretaria-de-desarrollo-social-y-derechos-humanos\/\" \/>\n<meta property=\"og:site_name\" content=\"CELTTV\" \/>\n<meta property=\"article:publisher\" content=\"https:\/\/www.facebook.com\/celtTV\/\" \/>\n<meta property=\"article:published_time\" content=\"2013-09-06T15:23:22+00:00\" \/>\n<meta name=\"author\" content=\"ulises\" \/>\n<meta name=\"twitter:card\" content=\"summary_large_image\" \/>\n<meta name=\"twitter:label1\" content=\"Escrito por\" \/>\n\t<meta name=\"twitter:data1\" content=\"ulises\" \/>\n\t<meta name=\"twitter:label2\" content=\"Tiempo de lectura\" \/>\n\t<meta name=\"twitter:data2\" content=\"1 minuto\" \/>\n<script type=\"application\/ld+json\" class=\"yoast-schema-graph\">{\"@context\":\"https:\/\/schema.org\",\"@graph\":[{\"@type\":\"NewsArticle\",\"@id\":\"https:\/\/www.celttv.com.ar\/index.php\/2013\/09\/06\/cambio-en-el-gabinete-patricia-vazquez-asumio-como-secretaria-de-desarrollo-social-y-derechos-humanos\/#article\",\"isPartOf\":{\"@id\":\"https:\/\/www.celttv.com.ar\/index.php\/2013\/09\/06\/cambio-en-el-gabinete-patricia-vazquez-asumio-como-secretaria-de-desarrollo-social-y-derechos-humanos\/\"},\"author\":{\"name\":\"ulises\",\"@id\":\"https:\/\/www.celttv.com.ar\/#\/schema\/person\/6d99c072dba59953809c81446e9d0ace\"},\"headline\":\"CAMBIO EN EL GABINETE: PATRICIA VAZQUEZ ASUMIO COMO SECRETARIA DE DESARROLLO SOCIAL Y DERECHOS HUMANOS\",\"datePublished\":\"2013-09-06T15:23:22+00:00\",\"dateModified\":\"2013-09-06T15:23:22+00:00\",\"mainEntityOfPage\":{\"@id\":\"https:\/\/www.celttv.com.ar\/index.php\/2013\/09\/06\/cambio-en-el-gabinete-patricia-vazquez-asumio-como-secretaria-de-desarrollo-social-y-derechos-humanos\/\"},\"wordCount\":215,\"publisher\":{\"@id\":\"https:\/\/www.celttv.com.ar\/#organization\"},\"articleSection\":[\"Comunidad\",\"Destacadas\",\"Pol\u00edtica\",\"Videos Destacados\"],\"inLanguage\":\"es\"},{\"@type\":\"WebPage\",\"@id\":\"https:\/\/www.celttv.com.ar\/index.php\/2013\/09\/06\/cambio-en-el-gabinete-patricia-vazquez-asumio-como-secretaria-de-desarrollo-social-y-derechos-humanos\/\",\"url\":\"https:\/\/www.celttv.com.ar\/index.php\/2013\/09\/06\/cambio-en-el-gabinete-patricia-vazquez-asumio-como-secretaria-de-desarrollo-social-y-derechos-humanos\/\",\"name\":\"CAMBIO EN EL GABINETE: PATRICIA VAZQUEZ ASUMIO COMO SECRETARIA DE DESARROLLO SOCIAL Y DERECHOS HUMANOS - CELTTV\",\"isPartOf\":{\"@id\":\"https:\/\/www.celttv.com.ar\/#website\"},\"datePublished\":\"2013-09-06T15:23:22+00:00\",\"dateModified\":\"2013-09-06T15:23:22+00:00\",\"description\":\"Sitio web de noticias de la localidad de Tornquist, provincia de Buenos Aires, Rep\u00fablica Argentina. Contenido propio originado por periodistas de CELTTV, el canal de TV local de la Cooperativa El\u00e9ctrica de Tornquist. Turismo, Pol\u00edtica, Sociedad, Deporte, Cultura y todo el contenido de inter\u00e9s general que la gente del pueblo y la regi\u00f3n debe conocer.\",\"breadcrumb\":{\"@id\":\"https:\/\/www.celttv.com.ar\/index.php\/2013\/09\/06\/cambio-en-el-gabinete-patricia-vazquez-asumio-como-secretaria-de-desarrollo-social-y-derechos-humanos\/#breadcrumb\"},\"inLanguage\":\"es\",\"potentialAction\":[{\"@type\":\"ReadAction\",\"target\":[\"https:\/\/www.celttv.com.ar\/index.php\/2013\/09\/06\/cambio-en-el-gabinete-patricia-vazquez-asumio-como-secretaria-de-desarrollo-social-y-derechos-humanos\/\"]}]},{\"@type\":\"BreadcrumbList\",\"@id\":\"https:\/\/www.celttv.com.ar\/index.php\/2013\/09\/06\/cambio-en-el-gabinete-patricia-vazquez-asumio-como-secretaria-de-desarrollo-social-y-derechos-humanos\/#breadcrumb\",\"itemListElement\":[{\"@type\":\"ListItem\",\"position\":1,\"name\":\"Inicio\",\"item\":\"https:\/\/www.celttv.com.ar\/\"},{\"@type\":\"ListItem\",\"position\":2,\"name\":\"CAMBIO EN EL GABINETE: PATRICIA VAZQUEZ ASUMIO COMO SECRETARIA DE DESARROLLO SOCIAL Y DERECHOS HUMANOS\"}]},{\"@type\":\"WebSite\",\"@id\":\"https:\/\/www.celttv.com.ar\/#website\",\"url\":\"https:\/\/www.celttv.com.ar\/\",\"name\":\"CELTTV\",\"description\":\"Cooperativa El\u00e9ctrica de Tornquist\",\"publisher\":{\"@id\":\"https:\/\/www.celttv.com.ar\/#organization\"},\"potentialAction\":[{\"@type\":\"SearchAction\",\"target\":{\"@type\":\"EntryPoint\",\"urlTemplate\":\"https:\/\/www.celttv.com.ar\/?s={search_term_string}\"},\"query-input\":\"required name=search_term_string\"}],\"inLanguage\":\"es\"},{\"@type\":\"Organization\",\"@id\":\"https:\/\/www.celttv.com.ar\/#organization\",\"name\":\"CELTTV\",\"url\":\"https:\/\/www.celttv.com.ar\/\",\"sameAs\":[\"https:\/\/www.youtube.com\/channel\/UCz_oIt8Hig64Ub-EmcNPIhg\",\"https:\/\/www.facebook.com\/celtTV\/\"],\"logo\":{\"@type\":\"ImageObject\",\"inLanguage\":\"es\",\"@id\":\"https:\/\/www.celttv.com.ar\/#\/schema\/logo\/image\/\",\"url\":\"http:\/\/www.celttv.com.ar\/wp-content\/uploads\/2022\/08\/logo-1.png\",\"contentUrl\":\"http:\/\/www.celttv.com.ar\/wp-content\/uploads\/2022\/08\/logo-1.png\",\"width\":461,\"height\":159,\"caption\":\"CELTTV\"},\"image\":{\"@id\":\"https:\/\/www.celttv.com.ar\/#\/schema\/logo\/image\/\"}},{\"@type\":\"Person\",\"@id\":\"https:\/\/www.celttv.com.ar\/#\/schema\/person\/6d99c072dba59953809c81446e9d0ace\",\"name\":\"ulises\",\"image\":{\"@type\":\"ImageObject\",\"inLanguage\":\"es\",\"@id\":\"https:\/\/www.celttv.com.ar\/#\/schema\/person\/image\/\",\"url\":\"https:\/\/secure.gravatar.com\/avatar\/7f2c48bdc33b30088f941fb6082e555f2874c98e20cb159d7b92b50eadfce793?s=96&d=mm&r=g\",\"contentUrl\":\"https:\/\/secure.gravatar.com\/avatar\/7f2c48bdc33b30088f941fb6082e555f2874c98e20cb159d7b92b50eadfce793?s=96&d=mm&r=g\",\"caption\":\"ulises\"},\"sameAs\":[\"http:\/\/www.celttv.com.ar\"]}]}<\/script>\n<!-- \/ Yoast SEO plugin. -->","yoast_head_json":{"title":"CAMBIO EN EL GABINETE: PATRICIA VAZQUEZ ASUMIO COMO SECRETARIA DE DESARROLLO SOCIAL Y DERECHOS HUMANOS - CELTTV","description":"Sitio web de noticias de la localidad de Tornquist, provincia de Buenos Aires, Rep\u00fablica Argentina. Contenido propio originado por periodistas de CELTTV, el canal de TV local de la Cooperativa El\u00e9ctrica de Tornquist. Turismo, Pol\u00edtica, Sociedad, Deporte, Cultura y todo el contenido de inter\u00e9s general que la gente del pueblo y la regi\u00f3n debe conocer.","robots":{"index":"index","follow":"follow","max-snippet":"max-snippet:-1","max-image-preview":"max-image-preview:large","max-video-preview":"max-video-preview:-1"},"canonical":"https:\/\/www.celttv.com.ar\/index.php\/2013\/09\/06\/cambio-en-el-gabinete-patricia-vazquez-asumio-como-secretaria-de-desarrollo-social-y-derechos-humanos\/","og_locale":"es_ES","og_type":"article","og_title":"CAMBIO EN EL GABINETE: PATRICIA VAZQUEZ ASUMIO COMO SECRETARIA DE DESARROLLO SOCIAL Y DERECHOS HUMANOS - CELTTV","og_description":"Sitio web de noticias de la localidad de Tornquist, provincia de Buenos Aires, Rep\u00fablica Argentina. Contenido propio originado por periodistas de CELTTV, el canal de TV local de la Cooperativa El\u00e9ctrica de Tornquist. Turismo, Pol\u00edtica, Sociedad, Deporte, Cultura y todo el contenido de inter\u00e9s general que la gente del pueblo y la regi\u00f3n debe conocer.","og_url":"https:\/\/www.celttv.com.ar\/index.php\/2013\/09\/06\/cambio-en-el-gabinete-patricia-vazquez-asumio-como-secretaria-de-desarrollo-social-y-derechos-humanos\/","og_site_name":"CELTTV","article_publisher":"https:\/\/www.facebook.com\/celtTV\/","article_published_time":"2013-09-06T15:23:22+00:00","author":"ulises","twitter_card":"summary_large_image","twitter_misc":{"Escrito por":"ulises","Tiempo de lectura":"1 minuto"},"schema":{"@context":"https:\/\/schema.org","@graph":[{"@type":"NewsArticle","@id":"https:\/\/www.celttv.com.ar\/index.php\/2013\/09\/06\/cambio-en-el-gabinete-patricia-vazquez-asumio-como-secretaria-de-desarrollo-social-y-derechos-humanos\/#article","isPartOf":{"@id":"https:\/\/www.celttv.com.ar\/index.php\/2013\/09\/06\/cambio-en-el-gabinete-patricia-vazquez-asumio-como-secretaria-de-desarrollo-social-y-derechos-humanos\/"},"author":{"name":"ulises","@id":"https:\/\/www.celttv.com.ar\/#\/schema\/person\/6d99c072dba59953809c81446e9d0ace"},"headline":"CAMBIO EN EL GABINETE: PATRICIA VAZQUEZ ASUMIO COMO SECRETARIA DE DESARROLLO SOCIAL Y DERECHOS HUMANOS","datePublished":"2013-09-06T15:23:22+00:00","dateModified":"2013-09-06T15:23:22+00:00","mainEntityOfPage":{"@id":"https:\/\/www.celttv.com.ar\/index.php\/2013\/09\/06\/cambio-en-el-gabinete-patricia-vazquez-asumio-como-secretaria-de-desarrollo-social-y-derechos-humanos\/"},"wordCount":215,"publisher":{"@id":"https:\/\/www.celttv.com.ar\/#organization"},"articleSection":["Comunidad","Destacadas","Pol\u00edtica","Videos Destacados"],"inLanguage":"es"},{"@type":"WebPage","@id":"https:\/\/www.celttv.com.ar\/index.php\/2013\/09\/06\/cambio-en-el-gabinete-patricia-vazquez-asumio-como-secretaria-de-desarrollo-social-y-derechos-humanos\/","url":"https:\/\/www.celttv.com.ar\/index.php\/2013\/09\/06\/cambio-en-el-gabinete-patricia-vazquez-asumio-como-secretaria-de-desarrollo-social-y-derechos-humanos\/","name":"CAMBIO EN EL GABINETE: PATRICIA VAZQUEZ ASUMIO COMO SECRETARIA DE DESARROLLO SOCIAL Y DERECHOS HUMANOS - CELTTV","isPartOf":{"@id":"https:\/\/www.celttv.com.ar\/#website"},"datePublished":"2013-09-06T15:23:22+00:00","dateModified":"2013-09-06T15:23:22+00:00","description":"Sitio web de noticias de la localidad de Tornquist, provincia de Buenos Aires, Rep\u00fablica Argentina. Contenido propio originado por periodistas de CELTTV, el canal de TV local de la Cooperativa El\u00e9ctrica de Tornquist. Turismo, Pol\u00edtica, Sociedad, Deporte, Cultura y todo el contenido de inter\u00e9s general que la gente del pueblo y la regi\u00f3n debe conocer.","breadcrumb":{"@id":"https:\/\/www.celttv.com.ar\/index.php\/2013\/09\/06\/cambio-en-el-gabinete-patricia-vazquez-asumio-como-secretaria-de-desarrollo-social-y-derechos-humanos\/#breadcrumb"},"inLanguage":"es","potentialAction":[{"@type":"ReadAction","target":["https:\/\/www.celttv.com.ar\/index.php\/2013\/09\/06\/cambio-en-el-gabinete-patricia-vazquez-asumio-como-secretaria-de-desarrollo-social-y-derechos-humanos\/"]}]},{"@type":"BreadcrumbList","@id":"https:\/\/www.celttv.com.ar\/index.php\/2013\/09\/06\/cambio-en-el-gabinete-patricia-vazquez-asumio-como-secretaria-de-desarrollo-social-y-derechos-humanos\/#breadcrumb","itemListElement":[{"@type":"ListItem","position":1,"name":"Inicio","item":"https:\/\/www.celttv.com.ar\/"},{"@type":"ListItem","position":2,"name":"CAMBIO EN EL GABINETE: PATRICIA VAZQUEZ ASUMIO COMO SECRETARIA DE DESARROLLO SOCIAL Y DERECHOS HUMANOS"}]},{"@type":"WebSite","@id":"https:\/\/www.celttv.com.ar\/#website","url":"https:\/\/www.celttv.com.ar\/","name":"CELTTV","description":"Cooperativa El\u00e9ctrica de Tornquist","publisher":{"@id":"https:\/\/www.celttv.com.ar\/#organization"},"potentialAction":[{"@type":"SearchAction","target":{"@type":"EntryPoint","urlTemplate":"https:\/\/www.celttv.com.ar\/?s={search_term_string}"},"query-input":"required name=search_term_string"}],"inLanguage":"es"},{"@type":"Organization","@id":"https:\/\/www.celttv.com.ar\/#organization","name":"CELTTV","url":"https:\/\/www.celttv.com.ar\/","sameAs":["https:\/\/www.youtube.com\/channel\/UCz_oIt8Hig64Ub-EmcNPIhg","https:\/\/www.facebook.com\/celtTV\/"],"logo":{"@type":"ImageObject","inLanguage":"es","@id":"https:\/\/www.celttv.com.ar\/#\/schema\/logo\/image\/","url":"http:\/\/www.celttv.com.ar\/wp-content\/uploads\/2022\/08\/logo-1.png","contentUrl":"http:\/\/www.celttv.com.ar\/wp-content\/uploads\/2022\/08\/logo-1.png","width":461,"height":159,"caption":"CELTTV"},"image":{"@id":"https:\/\/www.celttv.com.ar\/#\/schema\/logo\/image\/"}},{"@type":"Person","@id":"https:\/\/www.celttv.com.ar\/#\/schema\/person\/6d99c072dba59953809c81446e9d0ace","name":"ulises","image":{"@type":"ImageObject","inLanguage":"es","@id":"https:\/\/www.celttv.com.ar\/#\/schema\/person\/image\/","url":"https:\/\/secure.gravatar.com\/avatar\/7f2c48bdc33b30088f941fb6082e555f2874c98e20cb159d7b92b50eadfce793?s=96&d=mm&r=g","contentUrl":"https:\/\/secure.gravatar.com\/avatar\/7f2c48bdc33b30088f941fb6082e555f2874c98e20cb159d7b92b50eadfce793?s=96&d=mm&r=g","caption":"ulises"},"sameAs":["http:\/\/www.celttv.com.ar"]}]}},"_links":{"self":[{"href":"https:\/\/www.celttv.com.ar\/index.php\/wp-json\/wp\/v2\/posts\/13797","targetHints":{"allow":["GET"]}}],"collection":[{"href":"https:\/\/www.celttv.com.ar\/index.php\/wp-json\/wp\/v2\/posts"}],"about":[{"href":"https:\/\/www.celttv.com.ar\/index.php\/wp-json\/wp\/v2\/types\/post"}],"author":[{"embeddable":true,"href":"https:\/\/www.celttv.com.ar\/index.php\/wp-json\/wp\/v2\/users\/1"}],"replies":[{"embeddable":true,"href":"https:\/\/www.celttv.com.ar\/index.php\/wp-json\/wp\/v2\/comments?post=13797"}],"version-history":[{"count":0,"href":"https:\/\/www.celttv.com.ar\/index.php\/wp-json\/wp\/v2\/posts\/13797\/revisions"}],"wp:attachment":[{"href":"https:\/\/www.celttv.com.ar\/index.php\/wp-json\/wp\/v2\/media?parent=13797"}],"wp:term":[{"taxonomy":"category","embeddable":true,"href":"https:\/\/www.celttv.com.ar\/index.php\/wp-json\/wp\/v2\/categories?post=13797"},{"taxonomy":"post_tag","embeddable":true,"href":"https:\/\/www.celttv.com.ar\/index.php\/wp-json\/wp\/v2\/tags?post=13797"}],"curies":[{"name":"wp","href":"https:\/\/api.w.org\/{rel}","templated":true}]}}