{"id":13800,"date":"2013-09-06T19:34:30","date_gmt":"2013-09-06T19:34:30","guid":{"rendered":"http:\/\/www.tvcnoticias.com.ar\/?p=13800"},"modified":"2013-09-06T19:34:30","modified_gmt":"2013-09-06T19:34:30","slug":"hcd-por-mayoria-se-declaro-al-distrito-libre-de-explotacion-de-gas-mediante-el-sistema-de-fracturacion-hidraulica-informe-notas-videos-de-la-sesion","status":"publish","type":"post","link":"https:\/\/www.celttv.com.ar\/index.php\/2013\/09\/06\/hcd-por-mayoria-se-declaro-al-distrito-libre-de-explotacion-de-gas-mediante-el-sistema-de-fracturacion-hidraulica-informe-notas-videos-de-la-sesion\/","title":{"rendered":"HCD.: POR MAYORIA SE DECLARO AL DISTRITO LIBRE DE EXPLOTACION DE GAS MEDIANTE EL SISTEMA DE FRACTURACION HIDRAULICA (informe, notas, videos de la sesi\u00f3n)"},"content":{"rendered":"<p><a href=\"http:\/\/www.youtube.com\/watch?v=xBgjHIzxc-c\"><a href=\"http:\/\/www.youtube.com\/watch?v=xBgjHIzxc-c\">httpv:\/\/www.youtube.com\/watch?v=xBgjHIzxc-c<\/a><\/a><br \/>\n<a href=\"http:\/\/www.youtube.com\/watch?v=mXNy4RrOJbQ\"><a href=\"http:\/\/www.youtube.com\/watch?v=mXNy4RrOJbQ\">httpv:\/\/www.youtube.com\/watch?v=mXNy4RrOJbQ<\/a><\/a><br \/>\n<a href=\"http:\/\/www.youtube.com\/watch?v=EFrmomgpJ4I\"><a href=\"http:\/\/www.youtube.com\/watch?v=EFrmomgpJ4I\">httpv:\/\/www.youtube.com\/watch?v=EFrmomgpJ4I<\/a><\/a><br \/>\n<a href=\"http:\/\/www.youtube.com\/watch?v=uFaoGFrPBXo\"><a href=\"http:\/\/www.youtube.com\/watch?v=uFaoGFrPBXo\">httpv:\/\/www.youtube.com\/watch?v=uFaoGFrPBXo<\/a><\/a><br \/>\n<a href=\"http:\/\/www.youtube.com\/watch?v=-0uoFLZcL-8\"><a href=\"http:\/\/www.youtube.com\/watch?v=-0uoFLZcL-8\">http:v\/\/www.youtube.com\/watch?v=-0uoFLZcL-8<\/a><\/a><br \/>\n<a href=\"http:\/\/www.youtube.com\/watch?v=v-8eZsAlFVk\"><a href=\"http:\/\/www.youtube.com\/watch?v=v-8eZsAlFVk\">httpv:\/\/www.youtube.com\/watch?v=v-8eZsAlFVk<\/a><\/a><br \/>\n<a href=\"http:\/\/www.youtube.com\/watch?v=B90_8mAZhps\"><a href=\"http:\/\/www.youtube.com\/watch?v=B90_8mAZhps\">httpv:\/\/www.youtube.com\/watch?v=B90_8mAZhps<\/a><\/a><br \/>\n<a href=\"http:\/\/www.youtube.com\/watch?v=LfiCE6kEY2M\"><a href=\"http:\/\/www.youtube.com\/watch?v=LfiCE6kEY2M\">httpv:\/\/www.youtube.com\/watch?v=LfiCE6kEY2M<\/a><\/a><br \/>\n<a href=\"http:\/\/www.youtube.com\/watch?v=miHiSrxFhKI\"><a href=\"http:\/\/www.youtube.com\/watch?v=miHiSrxFhKI\">httpv:\/\/www.youtube.com\/watch?v=miHiSrxFhKI<\/a><\/a><br \/>\n<a href=\"http:\/\/www.youtube.com\/watch?v=8cEpc8sU0I8\"><a href=\"http:\/\/www.youtube.com\/watch?v=8cEpc8sU0I8\">httpv:\/\/www.youtube.com\/watch?v=8cEpc8sU0I8<\/a><\/a><br \/>\n<strong><span style=\"text-decoration: underline;\">INFORME SESI\u00d3N ORDINARIA DE FECHA 03-09-13<\/span><\/strong><br \/>\n&nbsp;<br \/>\n<strong><span style=\"text-decoration: underline;\">Comunicaciones Oficiales y dict\u00e1menes de las Comisiones:<\/span><\/strong><br \/>\n&nbsp;<br \/>\n<span style=\"text-decoration: underline;\">Expte. <\/span><span style=\"text-decoration: underline;\">N\u00ba 230\/13:<\/span> &#8211; D.E. \u2013 Convalida la firma del Contrato de Locaci\u00f3n entre Mar\u00eda Dolores Molina de Nuccelli y el Municipio de Tornquist \u2013 galp\u00f3n planta tratamiento de reciclajes Saldungaray.<br \/>\nPasa a las Comisiones de Presupuesto y Hacienda e Interpretaci\u00f3n y Reglamento.<br \/>\n&nbsp;<br \/>\n<span style=\"text-decoration: underline;\">Expte. <\/span><span style=\"text-decoration: underline;\">N\u00ba 238\/13:<\/span> &#8211; O.P. \u2013 Programa Federal de construcci\u00f3n de Viviendas Plurianual Reconvertido (50 Viviendas en el Distrito de Tornquist): R\u00fabrica de Addenda al Convenio N\u00ba 09-043-10 y adhesi\u00f3n a la Resoluci\u00f3n IVBA N\u00ba 1810\/13.<br \/>\nSe solicita tratamiento sobre Tablas.<br \/>\nSe aprueba por unanimidad la Ordenanza N\u00ba 2600\/13 por la que se autoriza al Departamento Ejecutivo a la firma de la Addenda al Convenio N\u00ba 09-043-10 de actualizaci\u00f3n del valor de la obra \u201cConstrucci\u00f3n de cincuenta (50) viviendas en el Distrito de Tornquist\u201d, por aplicaci\u00f3n de lo dispuesto en las Resoluciones\u00a0 IVBA N\u00ba 618\/11 y N\u00ba 2264\/11. De esta manera, el valor de las obras cuyo monto era de $4.446.520,\u00a0 y pasa a actualizarse a Mayo de 2011 a $4.954.550. Adem\u00e1s a trav\u00e9s de esta Ordenanza el Municipio se adhiere a la Resoluci\u00f3n N\u00ba 1810\/13 dictada por el Instituto de la  Vivienda de la  Provincia de Buenos Aire y se aprueba el modelo de Addenda \u2013Acta de Adecuaci\u00f3n del Monto de Financiamiento- y la firma del Convenio respectivo, pro la cual se establece un procedimiento de adecuaci\u00f3n de montos al 2013.<br \/>\n&nbsp;<br \/>\n<span style=\"text-decoration: underline;\">Expte. <\/span><span style=\"text-decoration: underline;\">N\u00ba 6528\/13:<\/span> &#8211; Bloque Uni\u00f3n Pro \u2013 Pedido de Informe: Solicita informaci\u00f3n sobre avance de obra de la Autopista Ruta Nacional N\u00ba 33.<br \/>\nPasa a la Comisi\u00f3n de Asuntos Municipales.<br \/>\n&nbsp;<br \/>\n<span style=\"text-decoration: underline;\">Expte. <\/span><span style=\"text-decoration: underline;\">N\u00ba 004\/12:<\/span> &#8211; D.E. \u2013 Convalida la firma del Convenio de Cooperaci\u00f3n T\u00e9cnica e\/el Inst. Nacional de Tecnolog\u00eda Agropecuaria y el Municipio de Tornquist.<br \/>\nHay dos dict\u00e1menes:<br \/>\nEl primero dice: Vuestras Comisiones de Producci\u00f3n, Comercio e Industria (en minor\u00eda), Presupuesto y Hacienda (en minor\u00eda) e Interpretaci\u00f3n y Reglamento (en mayor\u00eda) habiendo analizado el Expte. N\u00ba 004\/12, aconsejan aprobar el Proyecto de Ordenanza referido al Convenio de Cooperaci\u00f3n T\u00e9cnica entre el Instituto Nacional de Tecnolog\u00eda Agropecuaria y el Municipio de Tornquist. Una vez convalidado este acto, se puedan aunar criterios para determinar la participaci\u00f3n de otros organismos.-<br \/>\nEl segundo dice: Vuestras Comisiones de Producci\u00f3n, Comercio e Industria (en mayor\u00eda), Presupuesto y Hacienda (en mayor\u00eda) e Interpretaci\u00f3n y Reglamento (en minor\u00eda) habiendo analizado el Expte. N\u00ba 004\/12, aconseja convocar a una reuni\u00f3n a concretarse a la mayor brevedad posible, con representantes del Instituto Nacional de Tecnolog\u00eda Agropecuaria (INTA), el Sr. Intendente Municipal o quien \u00e9ste designe y el Honorable Concejo Deliberante a los efectos de labrar un acta por medio de la cual quede instrumentada la participaci\u00f3n del H.C.D., la C\u00e1mara de Comercio, Industria y Turismo e Instituciones del Distrito vinculadas a la Producci\u00f3n, en la conformaci\u00f3n del denominado \u201cComit\u00e9 Coordinador\u201d citado en la cl\u00e1usula segunda del Convenio celebrado entre el Municipio de Tornquist y el INTA o las citadas partes celebrantes arbitren los medios del modo que estimen conveniente y que satisfaga los requerimientos de los Sres. Concejales en cuanto a su participaci\u00f3n en la toma de decisiones en lo concerniente a los efectos y alcances del citado Convenio. Hasta tanto no se concrete la mencionada reuni\u00f3n, el expediente continuar\u00e1 en Comisi\u00f3n.<br \/>\nSe aprueba por mayor\u00eda el segundo dictamen, es decir el\u00a0 Expediente queda en Comisi\u00f3n hasta que se concrete la reuni\u00f3n para labrar el acta respectiva.<br \/>\n&nbsp;<br \/>\n<span style=\"text-decoration: underline;\">Expte. <\/span><span style=\"text-decoration: underline;\">N\u00ba 6536\/13:<\/span> &#8211; Bloque\u00a0 Coalici\u00f3n C\u00edvica, UDESO, Uni\u00f3n Pro y U.C.R. \u2013 Proyecto de Ordenanza: Declara al Municipio de Tornquist, dentro de los l\u00edmites de su territorio, libre de la exploraci\u00f3n y\/o explotaci\u00f3n de gas no convencional mediante t\u00e9cnica de Fracturaci\u00f3n Hidr\u00e1ulica o Fracking.<br \/>\nSurgen dos dict\u00e1menes:<br \/>\nEl primero dice: Vuestras Comisiones de<strong> <\/strong>Ecolog\u00eda y Medio Ambiente (en minor\u00eda) y Producci\u00f3n, Comercio e Industria (en minor\u00eda)<strong> <\/strong>habiendo analizado el Expte. N\u00ba 6536\/13, y teniendo en cuenta, la importancia del tema, consideramos que el mismo\u00a0 amerita un tratamiento amplio y\u00a0 profundo con evidencias cient\u00edficas y t\u00e9cnicas, por tal raz\u00f3n\u00a0\u00a0 creemos necesario contar con una mesa interdisciplinaria que nutra a este cuerpo legislativo de los conocimientos\u00a0 necesarios que nos permitan adoptar una posici\u00f3n t\u00e9cnica pol\u00edtica, condici\u00f3n necesaria para abordar la tem\u00e1tica responsablemente.<br \/>\nConociendo que el 81% de la energ\u00eda de nuestro pa\u00eds depende del petr\u00f3leo, debemos aceptar que con la tecnolog\u00eda actual, las energ\u00edas renovables como la solar, la e\u00f3lica, la geot\u00e9rmica,\u00a0 hoy por hoy no son una alternativa sino un\u00a0 complemento, ya que por s\u00ed solas no pueden sostener nuestra sociedad de consumo, en permanente crecimiento y demanda.<br \/>\nLa energ\u00eda es una de las bases fundamentales que posibilita el desarrollo y el bienestar de las comunidades. La matriz energ\u00e9tica de nuestro pa\u00eds est\u00e1 orientada a los hidrocarburos, nuestro PBI aument\u00f3 un 7% y la producci\u00f3n de hidrocarburos baj\u00f3, lo que nos coloca en una situaci\u00f3n de d\u00e9ficit energ\u00e9tico. Por ende amerita un tratamiento integral el tema.<br \/>\nConociendo que en una reuni\u00f3n de trabajo\u00a0 en la localidad de Sierra de La Ventana,\u00a0 se unificaron criterios y acciones con el prop\u00f3sito de generar un instrumento legal para preservar los recursos naturales,\u00a0 anticipando una postura ante la posible explotaci\u00f3n de yacimientos de hidrocarburos por medio del m\u00e9todo fracking\u00a0 dentro de la cuenca de Claromec\u00f3. En la misma se les solicito por nota,\u00a0 informaci\u00f3n a los organismos provinciales competentes.<br \/>\nAtento a este requerimiento el OPDS\u00a0\u00a0 y t\u00e9cnicos de la empresa\u00a0 YPF,\u00a0 convocaron a una reuni\u00f3n informativa, que se desarroll\u00f3 el d\u00eda 2 de Agosto del corriente a\u00f1o, en la propia Sede de la empresa YPF en la\u00a0 ciudad de Bs. As. De la misma\u00a0 participaron , el Departamento Ejecutivo\u00a0 del OPDS Ing. Hugo Bilbao, por\u00a0 la Empresa YPF\u00a0 el ingeniero Gonzalo L\u00f3pez\u00a0 y Diego Buranello Gerente de Asuntos P\u00fablicos ,\u00a0 Intendentes de\u00a0 la zona ,entre ellos ,N\u00e9stor \u00c1lvarez, Alfredo Fisher y Gustavo Trankels acompa\u00f1ados por representantes del gabinete y concejales. All\u00ed se detall\u00f3, las acciones que\u00a0 est\u00e1 desarrollando la empresa en el \u00c1rea de Vaca Muerta, explay\u00e1ndose sobre la tecnolog\u00eda aplicada para el desarrollo del \u201cshale\u201d. Sosteniendo que dicha tecnolog\u00eda cumple con los m\u00e1s altos est\u00e1ndares de seguridad en materia medioambiental.\u00a0 Consultados acerca de las actividades realizadas y previstas en la\u00a0 cuenca de Claromec\u00f3 expresaron que al momento se han desarrollado actividades exploratorias , para conocer la existencia\u00a0 de reservas , en las mismas se\u00a0 detect\u00f3\u00a0 rastros de gas\u00a0 y petr\u00f3leo\u00a0 en la zona de Parag\u00fcil, San Cayetano y Lamadrid\u00a0 pero\u00a0 seg\u00fan lo expresado, de ning\u00fan modo se conoce el potencial ni las condiciones cuali-cuantitativas de las mismas para saber si pueden ser explotadas comercialmente.<br \/>\nDado que se trata de un recurso estrat\u00e9gico cuya potestad recae en las provincias, seg\u00fan lo establece\u00a0 la reforma Constituci\u00f3n del a\u00f1o 94 (Art. 41, del cap\u00edtulo Nuevos derechos y garant\u00edas y en el Art. 124 dedicado a las provincia), este dominio no atribuye propiedad sino\u00a0 derechos a ejercer legislaci\u00f3n y regulaci\u00f3n particular y espec\u00edfica, en cuyo caso\u00a0 el \u00e1mbito\u00a0 de tratamiento que corresponde es el Parlamento Provincial.<br \/>\nEsas facultades federales mencionadas son v\u00e1lidas en relaci\u00f3n con todos los recursos naturales en general.\u00a0 Pero con respecto a la miner\u00eda y los hidrocarburos en particular, la Constituci\u00f3n Nacional es terminante: las provincias delegan la legislaci\u00f3n sobre esos recursos a la Naci\u00f3n, en el Congreso Nacional .por el Art. 75 inciso 12. Por ello la interpretaci\u00f3n\u00a0 de la norma fundamental implica facultades federales para legislar en general sobre los recursos naturales y la jurisdicci\u00f3n para controlar su cumplimiento.<br \/>\nEsto dice la  Constituci\u00f3n a la que deben remitirse tanto las leyes\u00a0 Nacionales como Provincial as\u00ed como las autoridades en sus respectivas responsabilidades.<br \/>\nDesde el \u00e1mbito local se puede canalizar a trav\u00e9s de los Diputados y Senadores provinciales, para su tratamiento parlamentario, situaci\u00f3n que ya ha sido presentada por la legisladora\u00a0 Rita Liempe de Uni\u00f3n Popular.<br \/>\nPor lo que aconsejamos seguir ahondando en el tema sin perder de vista el grado de competencia que nos asiste.<br \/>\nEl segundo dictamen dice: Vuestras Comisiones de<strong> <\/strong>Ecolog\u00eda y Medio Ambiente (en mayor\u00eda) y Producci\u00f3n, Comercio e Industria (en mayor\u00eda) habiendo analizado el Expte. N\u00ba 6536\/13, aconsejan aprobar el Proyecto de Ordenanza.-<br \/>\n&nbsp;<br \/>\nSe aprueba por mayor\u00eda el segundo dictamen, es decir, se aprueba la Ordenanza N\u00ba 2599\/13 por la que se declara al Municipio de Tornquist libre de la exploraci\u00f3n y \/o explotaci\u00f3n de gas no convencional mediante la t\u00e9cnica de Fracturaci\u00f3n Hidr\u00e1ulica o Fracking. Se proh\u00edbe el uso del agua en todo tipo de actividad de Investigaci\u00f3n, Exploraci\u00f3n y Explotaci\u00f3n de gas, petr\u00f3leo y otros hidrocarburos no convencionales mediante la t\u00e9cnica de Fracturaci\u00f3n Hidr\u00e1ulica o Fracking.<br \/>\n&nbsp;<br \/>\n<span style=\"text-decoration: underline;\">Expte. <\/span><span style=\"text-decoration: underline;\">N\u00ba 6537\/13:<\/span> &#8211; Bloque Coalici\u00f3n C\u00edvica, UDESO, Uni\u00f3n Pro y U.C.R. \u2013 Proyecto de Ordenanza: Proh\u00edbe la instalaci\u00f3n de aquellas antenas o estructuras\u00a0 del servicio de telefon\u00eda celular dentro del ejido urbano de cada localidad del Distrito de Tornquist.<br \/>\nEste Expediente se retira del Orden del D\u00eda.<br \/>\n&nbsp;<br \/>\n<span style=\"text-decoration: underline;\">Expte. <\/span><span style=\"text-decoration: underline;\">N\u00ba 6539\/13:<\/span> &#8211; Bloque Coalici\u00f3n C\u00edvica, UDESO, Uni\u00f3n Pro y U.C.R. \u2013 Proyecto de Ordenanza: Creaci\u00f3n en el \u00e1mbito de la Municipalidad de Tornquist de un Centro de Monitoreo y Control Permanente de las C\u00e1maras de Seguridad.<br \/>\nSe aprueba por unanimidad el dictamen de la Comisi\u00f3n de Asuntos Municipales que aconseja convocar por Secretar\u00eda al Secretario de Seguridad a la brevedad, para definir los alcances de dicho expediente. Hasta tanto el expediente continuar\u00e1 en comisi\u00f3n.-<br \/>\n&nbsp;<br \/>\n<span style=\"text-decoration: underline;\">Expte. <\/span><span style=\"text-decoration: underline;\">N\u00ba 6540\/13:<\/span> &#8211;\u00a0 N.P. \u2013 Asamblea de Vecinos de Villa Ventana: Copia Acta reuni\u00f3n 16\/08\/13 \u2013 Ref. Unidad Sanitaria Villa Ventana y hurtos en la localidad.<br \/>\nSe aprueba por unanimidad el dictamen de las Comisiones de Asuntos Municipales y Salud P\u00fablica que aconsejan convocar por Secretar\u00eda al Intendente Municipal, a la Secretaria de Salud y al Secretario de Seguridad, con el fin de reunirse con vecinos de la localidad de Villa Ventana para tratar la problem\u00e1tica de ausencia de personal m\u00e9dico de manera permanente y los reiterados hurtos acaecidos en Villa Ventana. Hasta tanto el expediente continuar\u00e1 en comisi\u00f3n.-<br \/>\n&nbsp;<br \/>\n<strong><span style=\"text-decoration: underline;\">Proyectos Presentados<\/span><\/strong><br \/>\n<strong><span style=\"text-decoration: underline;\"> <\/span><\/strong><br \/>\n<strong><span style=\"text-decoration: underline;\">Bloques\u00a0 U.C.R.\u00a0 Y UDESO &#8211; Proyecto de Ordenanza:<\/span><\/strong> Solicita que se designe con el nombre de \u201cRotonda Presidente RA\u00daL RICARDO ALFONS\u00cdN\u201d a la rotonda ubicada en la entrada de la localidad de Villa Ventana. Que se coloque la carteler\u00eda, iluminaci\u00f3n y parquizaci\u00f3n que corresponda identificando la mencionada Rotonda con la denominaci\u00f3n antes indicada.<br \/>\nSe solicita formaci\u00f3n de Expediente y pase a Comisi\u00f3n.<br \/>\n&nbsp;<br \/>\n<strong><span style=\"text-decoration: underline;\">Bloque Coalici\u00f3n C\u00edvica \u2013 Proyecto de Ordenanza:<\/span><\/strong> En referencia a la\u00a0 creaci\u00f3n de un Registro Municipal de prestadores del servicio de cabalgatas y alquiler de caballos en el Distrito de Tornquist. Los prestadores de dicho servicio deber\u00e1n cumplir ciertos requisitos para la habilitaci\u00f3n de la actividad.<br \/>\nSe solicita formaci\u00f3n de Expediente y pase a Comisi\u00f3n.<br \/>\n&nbsp;<br \/>\n<strong><span style=\"text-decoration: underline;\">Asuntos Particulares<\/span><\/strong><br \/>\n<span style=\"text-decoration: underline;\"> <\/span><br \/>\n<strong><span style=\"text-decoration: underline;\">N.P. \u2013 Vecinos de Sierra de la Ventana:<\/span><\/strong> Solicitan el restablecimiento urgente del servicio municipal del cami\u00f3n atmosf\u00e9rico que se hallaba en Sierra de la Ventana.<br \/>\nFirman m\u00e1s de 300 vecinos de la localidad.<br \/>\nSe solicita formaci\u00f3n de Expediente y pase a Comisi\u00f3n.<br \/>\n&nbsp;<br \/>\n<strong><span style=\"text-decoration: underline;\">N.P. \u2013 Sindicato de Trabajadores Municipales:<\/span><\/strong> Solicita reuni\u00f3n \u00a0Tripartita en car\u00e1cter de urgente con las siguientes problem\u00e1ticas a detallar: &#8211; Incremento Salarial de 20% m\u00ednimo. \u2013 Divisi\u00f3n de Presentismo. \u2013 Reconocimiento de insalubridad. \u2013 Contratados a Planta Permanente.- 40 hs. A los Agentes de Corral\u00f3n. \u2013 Reestructuraci\u00f3n de los Hogares.<br \/>\n<span style=\"text-decoration: underline;\">Firmado:<\/span> Lencina Claudio, Secretario General.<br \/>\nPor Secretar\u00eda se citar\u00e1 pr\u00f3ximamente a las partes para una reuni\u00f3n.<br \/>\n<strong><span style=\"text-decoration: underline;\"> <\/span><\/strong><br \/>\n<strong><span style=\"text-decoration: underline;\">N.P. &#8211; Asociaci\u00f3n Cooperadora de la  Unidad Sanitaria de Villa Ventana Dr. Julio H. Pugliese.: S<\/span><\/strong>olicita que se declare de Inter\u00e9s Municipal la \u201cV Carrera Aventura, Caminata Aer\u00f3bica de Salud y Solidaria\u201d organizada por dicha Cooperadora, que se llevar\u00e1 a cabo el d\u00eda 10 de noviembre del presente a\u00f1o.<br \/>\n<span style=\"text-decoration: underline;\">Firmado:<\/span> Marcelo Stancanelli, Presidente; Alejandro De Carluccio, Secretario.<br \/>\nSe solicita formaci\u00f3n de Expediente y pase a Comisi\u00f3n.<br \/>\n&nbsp;<br \/>\n<strong><span style=\"text-decoration: underline;\">N.P. \u2013 Vecinos de Sierra de la Ventana:<\/span><\/strong> Solicitan que se gestionen fondos y se designe un presupuesto para la cultura en Sierra de la Ventana que contemple el alquiler de una casa adecuada, el pago de los servicios esenciales: agua, luz, gas, tel\u00e9fono, Internet y el mantenimiento general edilicio y, asimismo, solicitamos se destine un personal de planta, contratado o de planes sociales para las tareas de porter\u00eda y limpieza.<br \/>\n<span style=\"text-decoration: underline;\">Firmado:<\/span> vecinos de Sierra de la  Ventana<br \/>\nSe solicita formaci\u00f3n de Expediente y pase a Comisi\u00f3n.<br \/>\n&nbsp;<br \/>\n<strong><span style=\"text-decoration: underline;\">N.P. &#8211; Sra. Liliana de la Barrera:<\/span><\/strong> Reitera la solicitud de inspecci\u00f3n en propiedad de calle Pringles 365 donde se baj\u00f3 la vereda y se construy\u00f3 explanada de cemento, piedra y durmientes hacia la calle, continuando con piedra partida unos 30 cm. sobre la calzada. Dicha construcci\u00f3n afecta la deriva natural del agua de lluvia a lo que se le suma el desagote de sus canaletas al correr el l\u00edmite de su vereda sobre la calle obligando a levantar una barrera en su propia vereda para disminuir el avance del agua sobre su terreno.<br \/>\n<span style=\"text-decoration: underline;\">Firmado:<\/span> Liliana de la Barrera \u2013 Abogada.<br \/>\nSe solicita que se adjunte la nota al Expediente 6506\/13 que trata del mismo tema.<br \/>\n&nbsp;<br \/>\n<strong><span style=\"text-decoration: underline;\">N.P. \u2013 ONG Ambiente Comarca Sierra de la Ventana:<\/span><\/strong> Solicita una soluci\u00f3n a la problem\u00e1tica de la recolecci\u00f3n de l\u00edquidos provenientes de pozos negros en Sierra de la Ventana, Villa Ventana y Saldungaray.<br \/>\n<span style=\"text-decoration: underline;\">Firmado:<\/span> Hugo Kloster, Presidente; Gabriela Tramontini, Secretaria.<br \/>\nSe solicita anexar esta nota al expediente que se formar\u00e1 con la primero nota le\u00edda, ya que ambas platean la misma problem\u00e1tica.<br \/>\n&nbsp;<br \/>\n<strong><span style=\"text-decoration: underline;\">N.P. \u2013 Sr. Eduardo de Salvo <\/span><\/strong>&#8211; Solicita excepci\u00f3n en retiros de frente y fondo unificando todos en seis metros por un lote de terreno que posee en la localidad de saldungaray, donde tiene proyectado construir un Restaurante y Hoster\u00eda.<br \/>\n<span style=\"text-decoration: underline;\">Firmado:<\/span> Eduardo De Salvo.<br \/>\nSe solicita formaci\u00f3n de Expediente y pase a Comisi\u00f3n.<br \/>\n&nbsp;<br \/>\n<strong><span style=\"text-decoration: underline;\">N.P. \u2013 Liliana de la Barrera y Norma Fern\u00e1ndez<\/span><\/strong> Solicitan que se reconozca al colectivo \u201cEL ARBOL YA FUE PLANTADO\u201d en su car\u00e1cter de Entidad de Bien P\u00fablico.<br \/>\n<span style=\"text-decoration: underline;\">Firmado:<\/span> Liliana de la Barrera y Norma B. Fern\u00e1ndez (en representaci\u00f3n del colectivo \u201cEl \u00e1rbol ya fue plantado\u201d amigos de las calles Mahuida y Pringles\/Camino de las Carretas)<br \/>\nSe solicita formaci\u00f3n de Expediente y pase a Comisi\u00f3n.<br \/>\n&nbsp;<br \/>\n<strong><span style=\"text-decoration: underline;\">N.P. &#8211; Centro Recreativo Co-Hue Sierra de la Ventana:<\/span><\/strong> Solicita evaluar la exenci\u00f3n del pago anual del Canon por el per\u00edodo en curso y dos a\u00f1os m\u00e1s a partir de la presente.<br \/>\n<span style=\"text-decoration: underline;\">Firmado:<\/span> Dardo Fern\u00e1ndez.<br \/>\nSe solicita formaci\u00f3n de Expediente y pase a Comisi\u00f3n.<br \/>\n&nbsp;<br \/>\n<strong><span style=\"text-decoration: underline;\">N.P. \u2013 Concejal V\u00e1zquez Patricia:<\/span><\/strong> Solicita licencia de Concejal a partir del d\u00eda de la fecha y \u00a0hasta el 31 de octubre de 2013, en virtud de ser convocada por el Sr. Intendente Municipal, Lic. Gustavo Trankels, para desempe\u00f1ar\u00a0 el cargo de Secretaria Interina de Desarrollo Social y Derechos Humanos de este Municipio.<br \/>\n<span style=\"text-decoration: underline;\">Firmado.<\/span> V\u00e1zquez Patricia, Concejal F.J.P.V.<br \/>\nSe aprueba por unanimidad la licencia solicitada.<br \/>\n&nbsp;<br \/>\nHacen uso de la palabra los Se\u00f1ores Concejales:<br \/>\n&nbsp;<br \/>\nConcejal Patricia V\u00e1zquez:<br \/>\n\u201cYo quer\u00eda, con respecto al Expediente 6536, que de todas maneras fueron le\u00eddos ya los dos dict\u00e1menes, y qued\u00f3 aprobado por mayor\u00eda, en realidad a nosotros nos hubiera gustado antes de que se apruebe este Expediente haber asistido a la reuni\u00f3n que est\u00e1 programada para el d\u00eda viernes 6 en la localidad de Sierra de la Ventana. Quiz\u00e1s eso nos hubiera servido, desde ya que ya est\u00e1 aprobado, pero hubiera sido bueno tener un panorama m\u00e1s claro. Nada m\u00e1s, simplemente eso, es una reuni\u00f3n que se realiza el viernes 6 de septiembre en la localidad de Sierra de la Ventana, y la invitaci\u00f3n la realiza el Sr. Ignacio Zavaleta de la localidad de Guamin\u00ed, simplemente eso quer\u00eda aclarar y agradecerles al Cuerpo Deliberativo haber aprobado la licencia solicitada en el d\u00eda de la fecha. Muchas gracias\u201d.<br \/>\n&nbsp;<br \/>\nPresidente, Concejal Sergio Bordoni:<br \/>\n\u201cEn cuanto a la apreciaci\u00f3n de la Concejal V\u00e1zquez, yo le quiero decir que ya hubo una reuni\u00f3n en la localidad de Sierra de la Ventana invitada por el Concejal Zavaleta, de la cual los concejales, fuimos todos invitados anteriormente, lamento que ning\u00fan concejal del oficialismo haya podido participar de esa reuni\u00f3n\u201d.<br \/>\n&nbsp;<br \/>\nConcejal Patricia V\u00e1zquez:<br \/>\n\u201cNosotros en realidad no tuvimos una invitaci\u00f3n, al menos creo que no tuvimos una invitaci\u00f3n que lleg\u00f3 al Concejo, de parte del Concejal de la localidad de Guamin\u00ed. No se por qu\u00e9 medio se ha hecho. Simplemente eso, y bueno, si bien no asistimos a la primera reuni\u00f3n, hubiera sido bueno\u2026. (Se filtran ruidos en micr\u00f3fonos por interferencia con micr\u00f3fonos utilizados en el teatro)\u2026 est\u00e1 bien, est\u00e1 bien, simplemente eso quer\u00eda aclarar Sr. Presidente, muchas gracias\u201d.<br \/>\n&nbsp;<br \/>\nConcejal Manuel Mar\u00eda Picado:<br \/>\n\u201cRespecto al proyecto que propone al Distrito de Tornquist resguardado contra la fractura hidr\u00e1ulica, que ha tenido dos dict\u00e1menes, cabe aclarar que si bien es cierto que los concejales del oficialismo que no acompa\u00f1aron el mismo no participaron de la reuni\u00f3n celebrada en Sierra de la Ventana, nosotros tuvimos una reuni\u00f3n aqu\u00ed en el municipio dando la posibilidad a quienes no hab\u00edan podido asistir a esta reuni\u00f3n de trasmitirle lo que nos hab\u00edan informado en la misma. Entonces, la verdad es que se debati\u00f3, se habl\u00f3 al respecto, y la verdad es que creo que es un tema que viene siendo tratado en todos los medios, en todas las posibles formas de trasmitir informaci\u00f3n a la poblaci\u00f3n, y creo que la mayor\u00eda de los ciudadanos y en este caso m\u00e1s nosotros que tenemos que tomar decisiones, tenemos una posici\u00f3n formada al respecto, porque esto tiene mucho que ver con como concebimos la vida, como entendemos que deben ocuparse los gobiernos de turno de garantizar la producci\u00f3n de energ\u00eda, esto viene un poco de la mano con este tema, \u00bfno?, nosotros primero hicimos una evaluaci\u00f3n respecto de la jurisprudencia que hay alrededor del mundo de este tema que claramente indica que es un m\u00e9todo que es nocivo para la salud y que no garantiza para nada el resguardo de la misma. Y despu\u00e9s, entendemos que de parte del gobierno de turno hay una intenci\u00f3n de minimizar los da\u00f1os que este m\u00e9todo ocasiona, porque es claro que en los \u00faltimos a\u00f1os ha habido una desinversi\u00f3n m\u00e1s que tangible en lo que a provisi\u00f3n de energ\u00eda respecta y este es un m\u00e9todo r\u00e1pido que podr\u00eda ir a emparchar este bache que se ha generado y que realmente crea bastantes conflictos. La mayor\u00eda de los que estamos en este recinto tenemos conocimiento de que este invierno ha habido varias empresas e industrias que han estado sin poder producir porque no hab\u00eda provisi\u00f3n de gas. Esto en realidad es responsabilidad del estado, y es claro que no ha estado a la altura de las circunstancias en lo que ha inversi\u00f3n respecta. Nosotros entendemos claramente que hay otros sistemas de energ\u00eda alternativos, obviamente los mismos tendr\u00edan que venir acompa\u00f1ados de proyecci\u00f3n e inversi\u00f3n, que es lo que no ha habido. Hoy intentan presentar como que la \u00fanica forma en lo inmediato de garantizar la provisi\u00f3n de energ\u00eda, en este caso de gas, es este tipo de extracci\u00f3n de hidrocarburos. Nosotros tenemos la posici\u00f3n tomada de que esto no es as\u00ed, y tambi\u00e9n tiene que ver un poco con solidarizarse con aquellos lugares donde se est\u00e1 haciendo y ya sabemos que han tenido problemas y que han detectado la contaminaci\u00f3n de las napas y han comprobado la excesiva utilizaci\u00f3n de un recurso escaso como el agua, y me parece que trata de acompa\u00f1ar a estas localidades. Y si bien es cierto que los recursos los dispone el estado nacional, me parece que esto justamente trata de eso, \u00bfno?, de indicarle\u00a0 al gobernante de turno o a quien a futuro gobierne este pa\u00eds, que los habitantes del mismo tenemos claramente definido que es lo que queremos. Esto se trata de ir generando jurisprudencia e ir generando antecedentes para que ante una decisi\u00f3n pol\u00edtica se tomen en cuenta todas estas cuestiones y que mejor que hacerlo desde un Concejo Deliberante y que se repliquen todos para alertar a nuestros dirigentes. Tambi\u00e9n quer\u00eda referirme al Convenio del INTA,\u00a0 que ha tenido dos dict\u00e1menes, un poco para que la gente entienda y vaya siguiendo como se vienen sucediendo las diferentes posiciones. El dictamen que nosotros propusimos habla de generar una reuni\u00f3n para que las partes que ha futuro van a celebrar este convenio que es el INTA y el municipio, tengan la posibilidad en conjunto con el Concejo Deliberante de propiciar mediante un acta si es posible, el acuerdo previo para garantizar la participaci\u00f3n tanto de las dos partes que ya vienen expresadas en el Convenio, que es INTA y municipio a trav\u00e9s del Departamento Ejecutivo, poder anexarle la participaci\u00f3n del Concejo Deliberante, de algunas instituciones que tengan que ver con el crecimiento y el desarrollo como puede ser las C\u00e1maras de Comercio, y alguna otra instituci\u00f3n que tenga que ver con la producci\u00f3n del distrito. \u00bfY porqu\u00e9 solicitamos esto? La verdad es que es un convenio marco que es tan amplio que es muy poco espec\u00edfico en cu\u00e1les son los alcances del mismo. Tenemos que recordar que este convenio fue presentado hace un a\u00f1o ya en Concejo Deliberante y no se aprob\u00f3, se vuelve a presentar por el Departamento Ejecutivo acompa\u00f1ado de una nota que en alguna de sus partes habla de la intenci\u00f3n de que este cuerpo vuelva a tratar el expediente del convenio con el INTA, m\u00e1s que todo porque dice que deber\u00edan contar con el mismo para poder concretar obras de prevenci\u00f3n iniciadas en las lluvias del a\u00f1o 2011 que inundaron la ciudad, y que hoy se encuentran sin concluir por no poder contar con este convenio. La verdad es que nosotros cuando recibimos esta nota nos alarmamos bastante, y realmente gener\u00f3 preocupaci\u00f3n como dice la nota, en el Cuerpo, porque m\u00e1s all\u00e1 del convenio creemos que la integridad f\u00edsica de los habitantes de Tornquist pueblo, m\u00e1s all\u00e1 del convenio con el INTA, deben estar garantizados por parte del municipio, la verdad es que nos pareci\u00f3 bastante extra\u00f1o que se nos presente esta nota argumentando que si no existe posibilidad de generar este convenio no se puede terminar con los trabajos que deber\u00edan estar garantizando que no nos vamos a inundar. Si uno lee esta nota entiende que si ma\u00f1ana llueve nos inundamos, y que no se hicieron los trabajos que se ten\u00edan que hacer que son responsabilidad del Departamento Ejecutivo. Lejos de esto, nosotros creemos y vimos la posibilidad de generar un trabajo mucho m\u00e1s amplio, mucho m\u00e1s abarcativo con el INTA de parte del municipio, y trabajos que tienen que ver justamente con el desarrollo, con el crecimiento, con aprovechar toda la capacidad t\u00e9cnica y el conocimiento de una instituci\u00f3n como el INTA, y que en conjunto con el trabajo de los funcionarios de la Municipalidad de Tornquist pudiesen generar proyectos que realmente sean relacionados con el desarrollo y la posibilidad de ir generando pol\u00edticas de crecimiento. Por eso es que nosotros entendemos que este convenio tiene claramente un objeto mucho m\u00e1s importante que la visi\u00f3n que le est\u00e1 dando el Departamento Ejecutivo. Nosotros pensamos, es por eso que proponemos que se pueda anexar a este comit\u00e9 de control, que se pueda participar desde el Concejo Deliberante, con los Presidentes de los Bloques, y con los representantes de las instituciones que anteriormente mencion\u00e9. Quiero decirlo porque no es un tema menor, la verdad es que cuando recibimos esta nota nos llam\u00f3 mucho la atenci\u00f3n, y son las diferencias que estamos teniendo hoy, y que debemos terminar de hablar con el Departamento Ejecutivo, y unificar criterios a efectos de poder acompa\u00f1ar este proyecto y que se aprueba. Nada m\u00e1s Sr. Presidente\u201d.<br \/>\n&nbsp;<br \/>\nConcejal Mar\u00eda Ofelia Skolak:<br \/>\n\u201cCon respecto al proyecto de ordenanza que fue aprobado por mayor\u00eda voy a sumar a lo que dijo mi compa\u00f1era Patricia V\u00e1zquez con respecto a que hubiese estado bueno poder asistir a esa reuni\u00f3n, por su puesto los concejales que pueden hacerlo en ese horario. La verdad es que es un tema que, hay que tener muy en cuenta la parte t\u00e9cnica, un tema complicado como para no hacer part\u00edcipe a las distintas \u00e1reas de nuestro ejecutivo. Que puedan colaborar con sus opiniones, y las distintas informaciones que tienen con respecto a este tema. Siendo que con un convenio muy simple como es el del INTA siguen solicitando reuniones, pidiendo que intervengan distintas instituciones a las reuniones, es m\u00e1s, hoy por hoy el convino del INTA est\u00e1 sin aprobar, porque me parece bien que llamen a las instituciones y que quieran hacer part\u00edcipes a cada uno de los referentes del mismo convenio, es decir a los referentes del sector productivo, pero por eso hay cosas que por ah\u00ed son totalmente contradictorias, porque un tema del INTA que lo venimos conociendo desde el a\u00f1o pasado el Concejal Picado lo aprob\u00f3, hoy por hoy sigue en comisi\u00f3n porque tenemos que esperar que se sigan haciendo reuniones para poder aprobarlo, y un tema tan amplio, complicado, porque yo quisiera saber si todos manejamos el tema del fracking como para poder tener la facultad de poder aprobar un tema tan abarcativo, que por su puesto, yo no me siento capacitada como para poder acompa\u00f1arlo, si para poder escuchar y tener toda la voluntad de seguir reuni\u00e9ndonos con las \u00e1reas que corresponda. Vuelve a pasar lo que pas\u00f3 con el proyecto de agroqu\u00edmicos, se presenta, pasa a comisi\u00f3n y se aprueba por mayor\u00eda, donde por su puesto las personas que no lo queremos acompa\u00f1ar somos los concejales del oficialismo, pero que quede claro a todos los vecinos y al Cuerpo Deliberativo que\u00a0 no es que no lo acompa\u00f1amos porque nos negamos simplemente, sino que no lo acompa\u00f1amos porque nos falta manejo de la parte t\u00e9cnica, porque la verdad es que el que se pone a leer ese proyecto que acaban de presentar es muy complicado, es m\u00e1s, el dictamen que tuvimos que hacer tuvimos que pedir ayuda de personas capacitadas en el tema para que nos pongan en conocimiento de muchas cosas. Y eso quer\u00eda dejarlo en claro, porque a veces da la sensaci\u00f3n \u00a0de que a nosotros por ah\u00ed no nos importa ciertas cosas, que en los medios se escucha hablar que los concejales del oficialismo no acompa\u00f1aron una resoluci\u00f3n de la Ruta 33, cuando la tengo aqu\u00ed en mi mano, fue aprobada por unanimidad, fue realizada desde nuestro bloque tambi\u00e9n, siendo que no hab\u00edamos acompa\u00f1ado un pedido de informes que no le correspond\u00eda al Intendente responder ese pedido de informes. Y seguimos escuchando estas cosas que confunden a la comunidad, cuando dicen que no confunden a al comunidad. Yo quiero preguntar quien tiene la responsabilidad Sr. Presidente, que salga publicado el proyecto de ordenanza de las c\u00e1maras fue aprobado en el Concejo Deliberante, porque la gente nos est\u00e1 preguntando. Yo quisiera saber si hubo alguna confusi\u00f3n, si se puso en conocimiento a la comunidad como para aclarar este tema, que no hab\u00eda sido aprobado, porque me toc\u00f3 participar de la reuni\u00f3n que realizan las mujeres en la biblioteca y lo primero que se dijo es que estaba aprobado pro unanimidad, entonces a veces estamos dando informaci\u00f3n que no es la correcta, y creo que como Cuerpo tendr\u00edamos que haber salido a aclararlo. Con respecto a la sesi\u00f3n anterior, se hab\u00eda pedido una reuni\u00f3n con el Secretario de Seguridad para hablar el tema de las C\u00e1maras, que consta en el acta 874\/13 desde nuestra banca, hoy la Concejal Patricia V\u00e1zquez acompa\u00f1\u00f3 el dictamen porque nos pareci\u00f3 una formalidad hacerlo, pero ya hab\u00eda sido pedida la reuni\u00f3n con el Secretario de Seguridad por este tema. El tema de las c\u00e1maras es un tema que corresponde darle participaci\u00f3n al Foro de Seguridad, que est\u00e1 representado por distintos vecinos que corresponden a distintas instituciones y la verdad es que el otro d\u00eda, el d\u00eda jueves de la semana pasada, no recuerdo exactamente, s\u00ed, jueves, estuvimos reunidos y le llam\u00f3 la atenci\u00f3n a los distintos integrantes que no hab\u00edan estado informados sobre el tema de este proyecto de ordenanza. Estaba presente la Concejal Mar\u00eda Ester Parmigiani que puede decir que escuch\u00f3 lo mismo que escuchamos nosotros, \u00bfno? Simplemente decir que hay un mont\u00f3n de cosas que por ah\u00ed provocan esto que tanto se insiste que es la confusi\u00f3n en la comunidad, el INTA, vuelvo al proyecto del INTA, nosotros lo que intentamos es convalidar ese convenio marco, y una vez que est\u00e9 convalidado que es lo que corresponde, que es lo que se est\u00e1 pidiendo, como hemos convalidado un mont\u00f3n de convenios, despu\u00e9s realizar la reuni\u00f3n que ustedes hab\u00edan dispuesto en el dictamen. Yo creo que nadie se puede negar a que participen los concejales en estos temas, \u00bfno?, porque habla de participaci\u00f3n \u00a0del municipio, y el INTA, pero bueno, esto lo seguimos dejando, y hay otros temas que no se pueden esperar como para poder abrir\u00a0 m\u00e1s el abanico y aclarar ciertos temas que, conceptos dir\u00eda, que son bastantes complicados de poder interpretarlos. Nada m\u00e1s Sr. Presidente\u201d.<br \/>\n&nbsp;<br \/>\nSecretario Legislativo Ezequiel Ga<br \/>\nbella:<br \/>\n\u201cCon respecto a lo que dec\u00eda la Concejal Skolak de que supuestamente se hab\u00eda dado difusi\u00f3n desde Concejo Deliberante con un concepto equivocado, referente a la aprobaci\u00f3n por unanimidad del proyecto de ordenanza de las c\u00e1maras. Como responsable del Concejo Deliberante en la parte de difusi\u00f3n est\u00e1 al acceso de cualquiera los informes de prensa que desde ac\u00e1 se emiten, donde lo que s\u00ed consta es que lo que se aprob\u00f3 por unanimidad es la formaci\u00f3n de expediente y el pase a comisi\u00f3n, lo que muchas veces es interpretado por particulares desconociendo el funcionamiento del Concejo Deliberante como la aprobaci\u00f3n de la ordenanza misma, que esto ya escapa de la responsabilidad, la interpretaci\u00f3n que haga un particular de un informe de prensa. Por ah\u00ed me parec\u00eda que vale la pena aclararlo. Por ah\u00ed alg\u00fan particular puede llegar a creer que eso implica la aprobaci\u00f3n de la ordenanza y no es as\u00ed\u201d.<br \/>\n&nbsp;<br \/>\nConcejal Mar\u00eda Ofelia Skolak:<br \/>\n\u201cVuelvo a insistir, el t\u00edtulo nos da a entender que hab\u00eda sido aprobado pro el Concejo Deliberante. Nada m\u00e1s Sr. Presidente\u201d.<br \/>\n&nbsp;<br \/>\nConcejal Manuel Mar\u00eda Picado:<br \/>\n\u201cQuer\u00eda hacer una aclaraci\u00f3n respecto al proyecto del convenio con el INTA, es cierto que yo lo acompa\u00f1\u00e9 el a\u00f1o pasado, y realmente mi intenci\u00f3n es que el proyecto prospere, quiero aclararlo porque se hizo menci\u00f3n a que yo lo hab\u00eda acompa\u00f1ado en su primera presentaci\u00f3n. De hecho he interactuado bastante y creo que la solicitud no tiene por otro objeto que lograr que se pueda aprobar el mismo. Justamente se trata de buscar el consenso para llegar a la aprobaci\u00f3n. Respecto al tema del fracking, la verdad es que se discuti\u00f3, se debati\u00f3, y lo que llama la atenci\u00f3n es que no hayamos tenido la posibilidad de, a veces cuesta entender porqu\u00e9 las decisiones se toman detr\u00e1s de un posicionamiento de una pol\u00edtica de estado nacional. Porque la verdad es que yo entiendo que este gobierno est\u00e9 intentando de solucionar como dec\u00eda en mi alocuci\u00f3n anterior un problema que tiene de energ\u00eda con este m\u00e9todo de extracci\u00f3n, ahora de ah\u00ed a que tengamos que esgrimir como que este sistema no ocasiona perjuicio o da\u00f1o alguno a la salud la verdad es que me cuesta entenderlo que todo el oficialismo tenga este posicionamiento, la verdad es que me cuesta entenderlo, me parece que no es sano y que no hace a que podamos tomar decisiones que realmente tengan por objeto resguardar la salud y priorizar la misma. Y con respecto a lo de las c\u00e1maras de seguridad me parece que podr\u00eda ser presentado como moci\u00f3n lo que dec\u00eda la concejal Skolak de tener una reuni\u00f3n con el Foro de Seguridad para hablar al respecto y tambi\u00e9n est\u00e1 bueno teniendo en cuenta que es un tema m\u00e1s que importante, y que nosotros cre\u00edmos de pronta resoluci\u00f3n, aclarar que estamos a la espera de\u00a0 la reuni\u00f3n con el Secretario de Seguridad y como\u00a0 moci\u00f3n aprobada en la Sesi\u00f3n anterior. Ser\u00eda oportuno que se pueda concretar a la brevedad para poder ir discutiendo y tratando de que se resuelva el tema. Me parece que los tiempos se van corriendo como dec\u00eda la Concejal  Skolak en temas importantes y debemos tratar\u00a0 de optimizar\u00a0 al m\u00e1ximo los mismo, \u00bfno? Nada\u00a0 m\u00e1s Sr. Presidente\u201d.<br \/>\n&nbsp;<br \/>\nConcejal Mar\u00eda Ofelia Skolak:<br \/>\n\u201cSi, ya que menciona el Foro de Seguridad hubiese estado interesante\u00a0 la participaci\u00f3n de m\u00e1s Concejales, porque la verdad que fue una reuni\u00f3n muy interesante, porque uno de los temas que\u00a0 hablamos, que debatimos, fue\u00a0 el tema de las c\u00e1mara de seguridad, estuvo la presencia del Secretario de Seguridad, del Comisario Retamoso, del Sr. Jorge Mafioli, y bueno representantes de distintas Instituciones, el Presidente del Foro de Seguridad y, tuvimos la posibilidad realmente de poder debatir este tema, pero lo que se observa, y me hago cargo de lo que digo, de que falta la\u00a0 representatividad\u00a0 de los Concejales en\u00a0 el Foro de Seguridad, que realmente se tratan temas muy importantes, temas que todos sabemos que est\u00e1n relacionados a\u00a0 lo que es la seguridad y bueno, me parece que, \u00a0observo que no\u00a0 hay participaci\u00f3n del Concejo Deliberante en su totalidad, es decir,\u00a0 tendr\u00edamos que estar los doce Concejales participando. Es una apreciaci\u00f3n, vuelvo a reiterar me hago cargo de lo que digo, y bueno, hubi\u00e9semos tenido la oportunidad el d\u00eda jueves con la presencia del\u00a0 Secretario de Seguridad de poder haber avanzado en\u00a0 este tema. Nada m\u00e1s Sr. Presidente\u201d.<br \/>\n&nbsp;<br \/>\nSecretario Legislativo Ezequiel GAbella:<br \/>\n\u201c\u00bfFue una moci\u00f3n la que dio el Concejal Picado? C\u00f3mo se interpreta, porque puede\u00a0 ser que en \u00a0la reuni\u00f3n que est\u00e1 pendiente con el Secretario de Seguridad tambi\u00e9n forme parte\u00a0 el Foro de Seguridad o una reuni\u00f3n aparte\u201d.<br \/>\n&nbsp;<br \/>\nConcejal Manuel Mar\u00eda Picado:<br \/>\n\u201cNo, yo entendiendo que\u00a0 est\u00e1 claro que los tiempos del Secretario de Seguridad son bastante acotados dada la demora de la reuni\u00f3n, propongo que sean dos reuniones diferentes para no condicionar a ninguna\u00a0 de las partes y\u00a0 poder tener las dos reuniones lo antes posible\u201d.<br \/>\n&nbsp;<br \/>\nSe aprueba por unanimidad la moci\u00f3n del Concejal Picado.<br \/>\n&nbsp;<br \/>\nConcejal Horacio Buitrago:<br \/>\n\u201cTambi\u00e9n quiero dejar mi posici\u00f3n con respecto hoy a lo que hemos tratado y se ha aprobado en este Recinto. Sobre el sistema de extracci\u00f3n por fracking para hidrocarburos creo que es un tema serio y que uno ve que debe ser asumido con mucha responsabilidad, y cuando entran en juego factores tan importantes como el\u00a0 medio ambiente, tan importantes como el agua, tan importantes como la soberan\u00eda de nuestros recursos, tan importante como saber que nuestro territorio no es una isla, sino que est\u00e1 insertada en una regi\u00f3n y que con\u00a0 nuestros recursos les damos agua potable a Distritos vecinos que tienen mucha poblaci\u00f3n y que nos necesitan y que necesitan que nosotros cuidemos el recurso, entonces hay una responsabilidad mayor en la toma de decisiones\u00a0 de este Distrito. Por lo tanto acompa\u00f1\u00e9 esta Ordenanza, y creo que m\u00e1s all\u00e1 de lo t\u00e9cnico que me parece que siempre es importante digo que ac\u00e1 hay una decisi\u00f3n pol\u00edtica que la  Provincia de Buenos Aires debe conocer y que la\u00a0  Naci\u00f3n debe conocer, que hay un territorio que\u00a0 dice que nosotros tenemos un norte distinto a lo que es la miner\u00eda, que nuestra visi\u00f3n es hacer un territorio, nuestro Distrito, hacerlo grande y potenciarlo con otras actividades, y creo que eso es importante\u00a0 que se conozca, es decir, m\u00e1s all\u00e1 de lo que piense la  Provincia y la  Naci\u00f3n, digo, nosotros debemos presentar con mucha fuerza nuestra posici\u00f3n. Y que alguien despu\u00e9s,\u00a0 que est\u00e1 en todo su derecho porque tal vez\u00a0 los recursos naturales tienen injerencia a otros estamentos nos digan lo contrario, si es que\u00a0 quieren hacer otra cosa, pero si nosotros desde este Concejo Deliberante no podemos asumir con la fuerza, con la responsabilidad para proteger a nuestros ciudadanos y a los ciudadanos de la regi\u00f3n en un tema tan complicado como este porque hay pa\u00edses desarrollados que\u00a0 lo han\u00a0 prohibido, me parece\u00a0 que estar\u00edamos realmente en un\u00a0 problema. As\u00ed que valoro y festejo que hoy hayamos aprobado este Ordenanza, sinceramente lo digo, porque, primero porque marcamos rumbo, marcamos d\u00f3nde queremos\u00a0 ir y sobre todo el Distrito de Tornquist, donde tiene otras actividades que realmente potencian a nuestro suelo, a nuestro territorio y a nuestra sociedad. Sobre\u00a0 el tema del INTA y del proyecto del Convenio INTA-Municipio, tengo la misma visi\u00f3n, yo no estoy de acuerdo y no lo he dicho hoy, lo he dicho desde hace\u00a0 mucho tiempo, en estos Convenios enlatados que los Distritos\u00a0 tienen que\u00a0 aprobar s\u00ed o s\u00ed, porque alguien en alg\u00fan lugar y en alg\u00fan escritorio dijo mira esto lo vamos a hacer as\u00ed, la verdad que no concuerdo, porque creo que la democracia es otra cosa, porque creo y valoro las mesas de discusi\u00f3n, pero no para aceptar o no un Convenio ya enlatado, valoro para armar un Convenio, ah\u00ed me hubiera gustado estar sentado como Distrito, como Concejal y representante de los ciudadanos para hacer un Convenio, la verdad que lo hubiera armado totalmente distinto a lo enlatado, concentrado y de poca llegada que puede tener, o no poca llegada, sino, no clara llegada que puede tener este Convenio. Por eso uno busca con un dictamen encontrar esto, \u00bfno?, encontrar la posibilidad de abrirlo, la posibilidad de\u00a0 que nos sentemos a una mesa m\u00e1s all\u00e1 del Municipio y el INTA, que realmente necesitamos otros sectores tambi\u00e9n que nos acompa\u00f1en, porque vemos claramente\u00a0 que nosotros potenciamos mucho m\u00e1s\u00a0 las cosas cuando estamos trabajando con todos los\u00a0 sectores, as\u00ed que\u00a0 no creo que\u00a0 tenga nada que ver\u00a0 este Convenio\u00a0 con el INTA con el fracking, la verdad, no creo que tenga nada que ver, absolutamente nada que ver, porque me parece que lo otro es un sistema que realmente puede hacernos mucho da\u00f1o y sobre toda la sociedad y nosotros como representantes del pueblo, si tenemos alg\u00fan error debe ser por\u00a0 defender m\u00e1s a\u00fan a la gente, no por\u00a0 ser d\u00e9bil y dejar que, la verdad, que de otros estamentos nos puedan dirigir nuestras pol\u00edticas. Las pol\u00edticas del Distrito las debemos\u00a0 llevar adelante nosotros, y en el momento que debemos llevarla adelante. Me parece que este es un real buen momento, porque en la\u00a0 reuni\u00f3n de Ventana una de las cosas que se pidi\u00f3 era que a todos los Distritos, sin importar el color pol\u00edtico, era levantemos la bandera de la defensa de nuestros derechos contra este tipo de actividades mineras, as\u00ed que bueno eran esas dos cosas que quer\u00eda dejarlas claras, porque me parece que hacen hoy al momento que estamos\u00a0 viviendo, y lo del INTA, sinceramente espero que podamos llegar a un acuerdo con el Ejecutivo, esperamos podamos llegar a\u00a0 un Acta Anexo donde la gente que hemos invitado y que el INTA estuvo de acuerdo en una \u00a0reuni\u00f3n anterior y que realmente abri\u00f3 un poco el panorama\u00a0 de este Convenio tan enlatado, poder llevarlo adelante y bueno, y estar con todos los sectores, que es lo que ven\u00edamos haciendo desde siempre, digo, es muy importante que las pol\u00edticas p\u00fablicas tengan consenso y tengan consensos antes de ser promulgadas, que nosotros si tenemos ese Comit\u00e9, si tenemos un coordinador y, si tenemos un Convenio y podemos hacer pol\u00edticas p\u00fablicas o acciones p\u00fablicas, que bueno que antes estemos sentados en una mesa todos los actores. Nada m\u00e1s Sr. Presidente\u201d.<br \/>\n&nbsp;<br \/>\nConcejal Patricia V\u00e1zquez:<br \/>\n\u201cSimplemente, con respecto al Expediente del INTA, nosotros los concejales del oficialismo queremos aclarar que no estamos diciendo que no a la participaci\u00f3n del Concejo y de las instituciones, simplemente est\u00e1bamos pidiendo que hace un a\u00f1o que est\u00e1 para aprobar, que se apruebe la convalidaci\u00f3n de\u00a0 este convenio entre el INTA y el municipio, y despu\u00e9s tranquilamente se podr\u00edan haber hecho las reuniones con las instituciones. Nadie est\u00e1 diciendo que no, los concejales del oficialismo no estamos diciendo que no, simplemente quer\u00eda que quede bien claro en el acta esta posici\u00f3n. Nada m\u00e1s Sr. Presidente\u201d.<br \/>\n&nbsp;<br \/>\nConcejal Gustavo Moroncini:<br \/>\n\u201cCon respecto al Convenio con el INTA,\u00a0 nosotros advertimos que el proyecto despu\u00e9s de un a\u00f1o vuelve al Concejo Deliberante con una nota que a mi entender no fue de mi agrado, diciendo que nos responsabilizaban casi se podr\u00eda decir, de que Tornquist se pod\u00eda llegar a inundar, y que los trabajos no se pod\u00edan hacer, cuando lo \u00fanico que nosotros, es decir el motivo del rechazo del convenio fue que se modificara la cl\u00e1usula segunda y tercera, y esa fue casi una propuesta, se nos dec\u00eda que nosotros no pod\u00edamos desde el Concejo Deliberante cambiar el convenio. Y en realidad, con el tema de la nota que subi\u00f3 la \u00faltima vez al Concejo Deliberante habla del tema de las inundaciones cuando a la municipalidad le lleg\u00f3 dinero para esos trabajos, el ministerio trajo una topadora para que pudieran hacer eso, se la cedi\u00f3 al municipio, o sea que por ah\u00ed son cosas que tienen que\u00a0 quedar claras, que nosotros no estamos tampoco en contra sino que realmente queremos que este proyecto salga pero con la anuencia de agregarle a este convenio las instituciones que creemos que son las que corresponden que est\u00e9n. Y tambi\u00e9n quiero celebrar el tema de la aprobaci\u00f3n del fracking, de la ordenanza del fracking, por la que creo que la necesidad es obvia, es de proteger los recursos renovables y no renovables, ante la incertidumbre y la desconfianza que genera la t\u00e9cnica de fracking. Nada m\u00e1s Sr. Presidente\u201d.<br \/>\n&nbsp;<br \/>\nConcejal Dar\u00edo Cardoso:<br \/>\n\u201cCon respecto a la aprobaci\u00f3n de la ordenanza de fracking, o fractura hidr\u00e1ulica, quiz\u00e1s tenga raz\u00f3n que uno por ah\u00ed sobre la t\u00e9cnica no sepa mucho, pero bueno, en esos casos debe prevalecer el sentido com\u00fan, ac\u00e1 principalmente en el partido de Tornquist a mi el sentido com\u00fan me dicta que debemos defender la salud de la poblaci\u00f3n, que debemos tambi\u00e9n defender y cuidar el paisaje que tenemos porque uno de los principales motores de nuestro distrito es el turismo, que debemos defender todo lo que sea la ganader\u00eda y la agricultura, y principalmente que debemos defender un recurso que much\u00edsimas veces nosotros mismos lo hemos considerado escaso como es el agua, y que en este tipo de explotaci\u00f3n minera se usa en demas\u00eda. Quiz\u00e1s para aclarar este tema es necesario decir que para un solo pozo se necesita m\u00e1s o menos veinticinco millones de litros de agua, cuando el a\u00f1o pasado nosotros en este mismo recinto \u00a0hemos estado hablando de la escasez en verano de muchas localidades de nuestro partido, especialmente de ese recurso. Entonces me parece que la aprobaci\u00f3n precisamente de esta ordenanza es defender el medio ambiente y la salud de la poblaci\u00f3n de Tornquist. Gracias Sr. Presidente\u201d.<br \/>\n&nbsp;<br \/>\nConcejal Mar\u00eda Ofelia Skolak:<br \/>\n\u201cSr. Presidente, la verdad es que escuchar la opini\u00f3n del Concejal Cardoso, y creo que otro de los concejales lo nombr\u00f3, disc\u00falpenme, no recuerdo si fue el Concejal Buitrago, con respecto al uso del recurso que es el agua, y del cuidado de la salud. Todos recordaremos que hace un par de meses el ejecutivo present\u00f3 un proyecto de ordenanza que se caratulaba \u201cUso racional del agua\u201d, y\u00a0 justamente no lo acompa\u00f1aron concejales de la oposici\u00f3n que hoy por hoy\u00a0 defienden tanto el recurso, \u00bfno?, entonces ac\u00e1 empiezan a aparecer las contradicciones, y ac\u00e1 se confunde la gente porque eso fue un tema que tuvo relevancia, se escuch\u00f3 mucho, hemos debatido con respecto a eso, y la verdad es que, hoy me pongo a pensar y estamos hablando de que hay que cuidarlo, lo estamos reconociendo, y es as\u00ed, hay que cuidar el recurso, entonces estas cosas que se contradicen la verdad es que no las entiendo, y nadie est\u00e1 diciendo que no queremos acompa\u00f1ar el tema de fracking, en ning\u00fan momento, simplemente dec\u00edamos de poder haber pasado este proyecto de ordenanza a distintas \u00e1reas que puedan trabajar con el tema, de que nos podamos reunir, esa era la posici\u00f3n, porque parece como que no queremos acompa\u00f1arlo, y ma\u00f1ana vamos a salir \u2026\u201dlos concejales del oficialismo no acompa\u00f1aron\u201d\u2026, no se\u00f1ores, s\u00ed la idea era de reunirnos y de trabajar con las distintas \u00e1reas sobre este tema. Y con respecto a esa nota que lleg\u00f3 del Ejecutivo anexada al Expediente del INTA, a mi realmente me preocupa que al Concejal Picado le alarme una nota que viene del Ejecutivo, o a otros concejales, cuando es una simple nota donde puede haber dicho algo que est\u00e1 de m\u00e1s, o se podr\u00eda haber evitado o haber dicho de otra manera, todos nos podemos equivocar, \u00bfno?, pero a veces me pongo a pensar \u00bfcu\u00e1ntas cosas dicen los concejales de la oposici\u00f3n con respecto al Ejecutivo, y cosas bastantes delicadas, como falta de transparencia, como hablar de corrupci\u00f3n, de mal manejo de la gesti\u00f3n, y el ejecutivo sin embargo tiene que seguir para adelante y tiene que seguir trabajando como lo hace, con transparencia y con ganas, \u00bfno?, a pesas de todo esto. Y una simple nota que manda el Ejecutivo la repetimos veinte veces, para que la comunidad escuche, ya la escuch\u00f3 la comunidad y me parece que tenemos que pensar un poquito m\u00e1s, nada m\u00e1s Sr. Presidente\u201d.<br \/>\n&nbsp;<br \/>\nConcejal Manuel Mar\u00eda Picado:<br \/>\n\u201cPara no generar y que la gente no se quede con esta idea de que hay posiciones encontradas, cuando desde este Recinto\u00a0 no se\u00a0 acompa\u00f1\u00f3 el proyecto de ordenanza que restring\u00eda el uso del agua particular era justamente por eso, porque era el uso de agua normal que hacen todos los vecinos de nuestra localidad, y en realidad esto tambi\u00e9n ocurr\u00eda por la falta de responsabilidad respecto de una obra que se hab\u00eda prometido hac\u00eda mucho tiempo, que a\u00fan hoy est\u00e1 inconclusa que era la puesta de otra bomba y una red de agua ampliando la capacidad de la ya existente y de una inversi\u00f3n que en realidad vino creo que casi dos a\u00f1os despu\u00e9s y que ahora se est\u00e1 llevando adelante, entonces nosotros claramente entendimos que no era justo restringirle la provisi\u00f3n de agua a una localidad como Tornquist, o algunas otras donde no hab\u00eda problemas, y hab\u00eda que puntualizarlo en aquellas en que s\u00ed lo hab\u00eda, simplemente aclarar esto Sr. Presidente, nada m\u00e1s\u201d.<br \/>\n&nbsp;<br \/>\nConcejal Mar\u00eda Ofelia Skolak:<br \/>\n\u201cEl uso racional del agua es a nivel mundial Sr. Presidente, me parece que se est\u00e1n mezclando los temas, se present\u00f3 un proyecto de ordenanza para el uso racional del agua, y eso se relaciona al cuidado de la salud, y para finalizar quiero desearle a nuestra compa\u00f1era Patricia V\u00e1zquez mucha suerte, se que la va a tener, porque tiene toda la capacidad para estar en ese lugar. Nada m\u00e1s Sr. Presidente\u201d.<br \/>\n&nbsp;<br \/>\nEl Presidente del Concejo solicita al Vice Presidente Primero, Concejal Manuel Picado que se haga cargo de la Presidencia para poder hacer uso de la palabra.<br \/>\n&nbsp;<br \/>\nConcejal Sergio Bordoni:<br \/>\n\u201cSr. Presidente\u00a0 quisiera referirme a todos los dichos que esta noche he escuchado desde la presidencia. Se ha dicho reiteradas veces que confundimos a la gente. Es f\u00e1cil decir que confundimos a la gente, yo me quiero referir a la ordenanza que en su oportunidad se aprob\u00f3 por mayor\u00eda, despu\u00e9s de siete meses de trabajo, fue la de agroqu\u00edmicos. \u00daltimamente he escuchado en los medios period\u00edsticos al Director de la Secretar\u00eda de Producci\u00f3n y Medio Ambiente decir que estaban trabajando en una ordenanza porque nosotros no hab\u00edamos hecho absolutamente nada. La verdad, eso es confundir a la gente, vuelvo a decir, as\u00ed como se dice que la ordenanza de fracking habr\u00eda que haberla consensuado, estuvimos siete meses consensuando con distintas entidades la ordenanza de agroqu\u00edmicos, es m\u00e1s, y lo vuelvo a decir, porque parece que no recordaran, que hubo concejales del oficialismo que hasta cinco minutos antes de aprobarse la ordenanza por mayor\u00eda estaban totalmente de acuerdo con esa ordenanza, y yo lo quiero dejar bien en claro porque hubo gente del oficialismo que trabaj\u00f3 codo a codo con nosotros, y no es que nosotros confund\u00edamos a la gente, ni confund\u00edamos a los concejales del oficialismo, estaban trabajando codo a codo y se les tomaban las distintas consideraciones que ellos quer\u00edan hacer a la ordenanza que est\u00e1bamos elaborando. Pero bueno, parece que los que confundimos a la gente somos nosotros, igual que cuando dicen el tema de que no acompa\u00f1amos la ordenanza del uso racional del agua. En realidad en ese momento volv\u00edamos a tener problemas en una sola localidad y es Villa Ventana, esa era la localidad que ten\u00edamos problemas, donde se realizaban cortes en ese momento, en una obra que nos sali\u00f3 diecisiete millones de pesos, del cual funcionarios p\u00fablicos a nivel provincial y municipal se encargaban de decir por los medios que \u00edbamos a tener agua por muchos a\u00f1os, para treinta mil habitantes o una cosa as\u00ed, no recuerdo bien la frase, si embargo si no llueve, esa obra no funciona, porque pasa siempre lo mismo, llega la temporada estival, porque pasa lo mismo, cuando empieza el\u00a0 turismo a ir a la localidad de Villa Ventana tenemos el mismo problema, si no llueve, si no acompa\u00f1a la lluvia, la obra no funciona. Entonces no es un problema que la obra no funcione porque estamos gastando mal el agua, no, es el problema de la localidad de Villa Ventana, y despu\u00e9s quieren involucrar a todo el distrito cuando tenemos en el barrio sur sin medidores colocados en las distintas viviendas, y nadie puede controlar nada, entonces me parece que eso es injusto, tratar de que no acompa\u00f1amos el uso racional del agua, cuando ac\u00e1 en Tornquist no se controla ni siquiera las casas de familia porque, no es culpa de la gente que vive, sino porque no lo ha provisto de los medidores de agua, y cuando en la localidad de Tornquist est\u00e1bamos regando las calles de nuestro distrito con el agua que sac\u00e1bamos del corral\u00f3n municipal, de la cual la estamos inyectando a la red desde el a\u00f1o pasado, \u00a0porque se hizo una obra para inyectarla\u00a0 a la red despu\u00e9s de estar clorificada, esa era la diferencia, clorificar el agua no quiere decir que no sea potable el agua que estaba en el pozo, y reg\u00e1bamos las calles, as\u00ed que la verdad es que estoy cansado de escuchar que se confunde a la gente, que lo de fracking es algo apresurado, lo \u00fanico que estamos haciendo es tratar de que a futuro no venga a hacer lo que quisieron hacer en el 2010, que despu\u00e9s desmintieron todo, exploraciones mineras donde es un lugar tur\u00edstico como Sierra de la Ventana, y que por un proyecto de resoluci\u00f3n del 2010 se reforz\u00f3 eso, y fue aprobado por unanimidad. As\u00ed que cuando vamos a hablar tenemos que hablar con respeto hacia los dem\u00e1s, yo digo esto porque siempre se dice que confundimos a la gente, nosotros tratamos de decir lo que hacemos, pero no le mentimos a la gente, puede gustarle la forma de trabajar\u00a0 o no, pueden estar de acuerdo o no, pero estamos trabajando, no es que estuvimos sin hacer nada por el tema de agroqu\u00edmicos, y s\u00ed nos preocupa la salud de la gente, porque hicimos una ordenanza, hasta ahora ha pasado siete u ocho meses y todav\u00eda esa ordenanza superadora que estaba en uno de los vetos, estaba en uno de los considerandos del veto de la ordenanza, \u00a0todav\u00eda no ha salido a la luz, sin embargo, ahora empezamos a hacer reuniones de vuelta, y vamos a demorar otros siete u ocho meses y mientras tanto qu\u00e9, mientras tanto nada, no hay nada que resguarde a nadie, entonces cuando hablan de ordenanza superadora, de que queremos trabajar por el bien com\u00fan, hag\u00e1moslo r\u00e1pido, la verdad es que la gente necesita una ordenanza para el tema de agroqu\u00edmicos. Y el fracking est\u00e1 muy lejos que venga a pasar ac\u00e1 pero por lo menos abramos el paraguas, porque ac\u00e1 no sabemos cuando va a llover, pero cuando llueve nos pasa como nos pas\u00f3 la otra vez que nos inundamos, y ni siquiera ten\u00edamos el proyecto del INTA, todav\u00eda en veremos, pero los mantenimientos de desag\u00fces en esa oportunidad no estaban mantenidos como ten\u00edan que estar mantenidos, porque de hecho, ha llovido otras veces y no nos hemos inundado, quiere decir que el mantenimiento se podr\u00eda haber hecho igual que el que se hizo despu\u00e9s de las inundaciones y sin estar el proyecto del INTA. Era esto lo que quer\u00eda expresar Sr. Presidente porque la verdad es que estoy cansado de escuchar que se confunde a la gente. Nada m\u00e1s Sr. Presidente\u201d.<br \/>\n&nbsp;<br \/>\nConcejal Patricia V\u00e1zquez:<br \/>\n\u201cEn realidad yo quer\u00eda aclarar con respecto a la ordenanza de los agroqu\u00edmicos, que el Director de Producci\u00f3n y Medio Ambiente Sr. V\u00edctor Ant\u00f3n dice que no se ha hecho nada despu\u00e9s del veto del ejecutivo, \u00bfporqu\u00e9 digo esto?, y en ning\u00fan momento dice que el ejecutivo va a hacer una ordenanza superadora, es funci\u00f3n del legislativo trabajar en la ordenanza, a\u00fan hoy estamos esperando todav\u00eda la reuni\u00f3n, que de hecho ya se habl\u00f3 creo en la sesi\u00f3n pasada, con respecto a tener una reuni\u00f3n con la  Secretaria de Salud y la Subsecretaria de Salud. Yo solo quer\u00eda aclarar eso porque yo entiendo que lo que dijo el Sr. Ant\u00f3n fue eso, que, no era que est\u00e1n mintiendo o que est\u00e1n no mintiendo, ac\u00e1 no se trata de que mentimos o que no decimos la verdad, nos e trata de eso, se trata simplemente de decir que despu\u00e9s del veto no se hab\u00eda hecho nada, y es verdad, nosotros como concejales si bien seguimos trabajando no hemos presentado todav\u00eda un ordenanza en conjunto, porque esa es la idea, nos tenemos que poner de acuerdo con los metros, porque si no nos ponemos de acuerdo con los metros tampoco vamos a funcionar, tampoco vamos a lograr realizar una ordenanza, as\u00ed que bueno, son muchas cosas, pero yo quer\u00eda dejar aclarado esto. Nada m\u00e1s Sr. Presidente, muchas gracias\u201d.<br \/>\n&nbsp;<br \/>\n&nbsp;<br \/>\nHONORABLE CONCEJO DELIBERANTE<br \/>\n&nbsp;<\/p>\n","protected":false},"excerpt":{"rendered":"<p>httpv:\/\/www.youtube.com\/watch?v=xBgjHIzxc-c httpv:\/\/www.youtube.com\/watch?v=mXNy4RrOJbQ httpv:\/\/www.youtube.com\/watch?v=EFrmomgpJ4I httpv:\/\/www.youtube.com\/watch?v=uFaoGFrPBXo http:v\/\/www.youtube.com\/watch?v=-0uoFLZcL-8 httpv:\/\/www.youtube.com\/watch?v=v-8eZsAlFVk httpv:\/\/www.youtube.com\/watch?v=B90_8mAZhps httpv:\/\/www.youtube.com\/watch?v=LfiCE6kEY2M httpv:\/\/www.youtube.com\/watch?v=miHiSrxFhKI httpv:\/\/www.youtube.com\/watch?v=8cEpc8sU0I8 INFORME SESI\u00d3N ORDINARIA DE FECHA 03-09-13 &nbsp; Comunicaciones Oficiales y dict\u00e1menes de las Comisiones: &nbsp; Expte. N\u00ba 230\/13: &#8211; D.E. \u2013 Convalida la firma del Contrato de Locaci\u00f3n entre Mar\u00eda Dolores Molina de Nuccelli y el Municipio de Tornquist \u2013 galp\u00f3n planta tratamiento de reciclajes [&hellip;]<\/p>\n","protected":false},"author":1,"featured_media":0,"comment_status":"closed","ping_status":"open","sticky":false,"template":"","format":"standard","meta":{"footnotes":""},"categories":[51,52,53,64],"tags":[],"class_list":["post-13800","post","type-post","status-publish","format-standard","hentry","category-comunidad","category-destacadas","category-politica","category-videos-destacados"],"yoast_head":"<!-- This site is optimized with the Yoast SEO plugin v19.7.1 - https:\/\/yoast.com\/wordpress\/plugins\/seo\/ -->\n<title>HCD.: POR MAYORIA SE DECLARO AL DISTRITO LIBRE DE EXPLOTACION DE GAS MEDIANTE EL SISTEMA DE FRACTURACION HIDRAULICA (informe, notas, videos de la sesi\u00f3n) - CELTTV<\/title>\n<meta name=\"description\" content=\"Sitio web de noticias de la localidad de Tornquist, provincia de Buenos Aires, Rep\u00fablica Argentina. Contenido propio originado por periodistas de CELTTV, el canal de TV local de la Cooperativa El\u00e9ctrica de Tornquist. Turismo, Pol\u00edtica, Sociedad, Deporte, Cultura y todo el contenido de inter\u00e9s general que la gente del pueblo y la regi\u00f3n debe conocer.\" \/>\n<meta name=\"robots\" content=\"index, follow, max-snippet:-1, max-image-preview:large, max-video-preview:-1\" \/>\n<link rel=\"canonical\" href=\"https:\/\/www.celttv.com.ar\/index.php\/2013\/09\/06\/hcd-por-mayoria-se-declaro-al-distrito-libre-de-explotacion-de-gas-mediante-el-sistema-de-fracturacion-hidraulica-informe-notas-videos-de-la-sesion\/\" \/>\n<meta property=\"og:locale\" content=\"es_ES\" \/>\n<meta property=\"og:type\" content=\"article\" \/>\n<meta property=\"og:title\" content=\"HCD.: POR MAYORIA SE DECLARO AL DISTRITO LIBRE DE EXPLOTACION DE GAS MEDIANTE EL SISTEMA DE FRACTURACION HIDRAULICA (informe, notas, videos de la sesi\u00f3n) - CELTTV\" \/>\n<meta property=\"og:description\" content=\"Sitio web de noticias de la localidad de Tornquist, provincia de Buenos Aires, Rep\u00fablica Argentina. Contenido propio originado por periodistas de CELTTV, el canal de TV local de la Cooperativa El\u00e9ctrica de Tornquist. Turismo, Pol\u00edtica, Sociedad, Deporte, Cultura y todo el contenido de inter\u00e9s general que la gente del pueblo y la regi\u00f3n debe conocer.\" \/>\n<meta property=\"og:url\" content=\"https:\/\/www.celttv.com.ar\/index.php\/2013\/09\/06\/hcd-por-mayoria-se-declaro-al-distrito-libre-de-explotacion-de-gas-mediante-el-sistema-de-fracturacion-hidraulica-informe-notas-videos-de-la-sesion\/\" \/>\n<meta property=\"og:site_name\" content=\"CELTTV\" \/>\n<meta property=\"article:publisher\" content=\"https:\/\/www.facebook.com\/celtTV\/\" \/>\n<meta property=\"article:published_time\" content=\"2013-09-06T19:34:30+00:00\" \/>\n<meta name=\"author\" content=\"ulises\" \/>\n<meta name=\"twitter:card\" content=\"summary_large_image\" \/>\n<meta name=\"twitter:label1\" content=\"Escrito por\" \/>\n\t<meta name=\"twitter:data1\" content=\"ulises\" \/>\n\t<meta name=\"twitter:label2\" content=\"Tiempo de lectura\" \/>\n\t<meta name=\"twitter:data2\" content=\"48 minutos\" \/>\n<script type=\"application\/ld+json\" class=\"yoast-schema-graph\">{\"@context\":\"https:\/\/schema.org\",\"@graph\":[{\"@type\":\"NewsArticle\",\"@id\":\"https:\/\/www.celttv.com.ar\/index.php\/2013\/09\/06\/hcd-por-mayoria-se-declaro-al-distrito-libre-de-explotacion-de-gas-mediante-el-sistema-de-fracturacion-hidraulica-informe-notas-videos-de-la-sesion\/#article\",\"isPartOf\":{\"@id\":\"https:\/\/www.celttv.com.ar\/index.php\/2013\/09\/06\/hcd-por-mayoria-se-declaro-al-distrito-libre-de-explotacion-de-gas-mediante-el-sistema-de-fracturacion-hidraulica-informe-notas-videos-de-la-sesion\/\"},\"author\":{\"name\":\"ulises\",\"@id\":\"https:\/\/www.celttv.com.ar\/#\/schema\/person\/6d99c072dba59953809c81446e9d0ace\"},\"headline\":\"HCD.: POR MAYORIA SE DECLARO AL DISTRITO LIBRE DE EXPLOTACION DE GAS MEDIANTE EL SISTEMA DE FRACTURACION HIDRAULICA (informe, notas, videos de la sesi\u00f3n)\",\"datePublished\":\"2013-09-06T19:34:30+00:00\",\"dateModified\":\"2013-09-06T19:34:30+00:00\",\"mainEntityOfPage\":{\"@id\":\"https:\/\/www.celttv.com.ar\/index.php\/2013\/09\/06\/hcd-por-mayoria-se-declaro-al-distrito-libre-de-explotacion-de-gas-mediante-el-sistema-de-fracturacion-hidraulica-informe-notas-videos-de-la-sesion\/\"},\"wordCount\":9684,\"publisher\":{\"@id\":\"https:\/\/www.celttv.com.ar\/#organization\"},\"articleSection\":[\"Comunidad\",\"Destacadas\",\"Pol\u00edtica\",\"Videos Destacados\"],\"inLanguage\":\"es\"},{\"@type\":\"WebPage\",\"@id\":\"https:\/\/www.celttv.com.ar\/index.php\/2013\/09\/06\/hcd-por-mayoria-se-declaro-al-distrito-libre-de-explotacion-de-gas-mediante-el-sistema-de-fracturacion-hidraulica-informe-notas-videos-de-la-sesion\/\",\"url\":\"https:\/\/www.celttv.com.ar\/index.php\/2013\/09\/06\/hcd-por-mayoria-se-declaro-al-distrito-libre-de-explotacion-de-gas-mediante-el-sistema-de-fracturacion-hidraulica-informe-notas-videos-de-la-sesion\/\",\"name\":\"HCD.: POR MAYORIA SE DECLARO AL DISTRITO LIBRE DE EXPLOTACION DE GAS MEDIANTE EL SISTEMA DE FRACTURACION HIDRAULICA (informe, notas, videos de la sesi\u00f3n) - CELTTV\",\"isPartOf\":{\"@id\":\"https:\/\/www.celttv.com.ar\/#website\"},\"datePublished\":\"2013-09-06T19:34:30+00:00\",\"dateModified\":\"2013-09-06T19:34:30+00:00\",\"description\":\"Sitio web de noticias de la localidad de Tornquist, provincia de Buenos Aires, Rep\u00fablica Argentina. Contenido propio originado por periodistas de CELTTV, el canal de TV local de la Cooperativa El\u00e9ctrica de Tornquist. Turismo, Pol\u00edtica, Sociedad, Deporte, Cultura y todo el contenido de inter\u00e9s general que la gente del pueblo y la regi\u00f3n debe conocer.\",\"breadcrumb\":{\"@id\":\"https:\/\/www.celttv.com.ar\/index.php\/2013\/09\/06\/hcd-por-mayoria-se-declaro-al-distrito-libre-de-explotacion-de-gas-mediante-el-sistema-de-fracturacion-hidraulica-informe-notas-videos-de-la-sesion\/#breadcrumb\"},\"inLanguage\":\"es\",\"potentialAction\":[{\"@type\":\"ReadAction\",\"target\":[\"https:\/\/www.celttv.com.ar\/index.php\/2013\/09\/06\/hcd-por-mayoria-se-declaro-al-distrito-libre-de-explotacion-de-gas-mediante-el-sistema-de-fracturacion-hidraulica-informe-notas-videos-de-la-sesion\/\"]}]},{\"@type\":\"BreadcrumbList\",\"@id\":\"https:\/\/www.celttv.com.ar\/index.php\/2013\/09\/06\/hcd-por-mayoria-se-declaro-al-distrito-libre-de-explotacion-de-gas-mediante-el-sistema-de-fracturacion-hidraulica-informe-notas-videos-de-la-sesion\/#breadcrumb\",\"itemListElement\":[{\"@type\":\"ListItem\",\"position\":1,\"name\":\"Inicio\",\"item\":\"https:\/\/www.celttv.com.ar\/\"},{\"@type\":\"ListItem\",\"position\":2,\"name\":\"HCD.: POR MAYORIA SE DECLARO AL DISTRITO LIBRE DE EXPLOTACION DE GAS MEDIANTE EL SISTEMA DE FRACTURACION HIDRAULICA (informe, notas, videos de la sesi\u00f3n)\"}]},{\"@type\":\"WebSite\",\"@id\":\"https:\/\/www.celttv.com.ar\/#website\",\"url\":\"https:\/\/www.celttv.com.ar\/\",\"name\":\"CELTTV\",\"description\":\"Cooperativa El\u00e9ctrica de Tornquist\",\"publisher\":{\"@id\":\"https:\/\/www.celttv.com.ar\/#organization\"},\"potentialAction\":[{\"@type\":\"SearchAction\",\"target\":{\"@type\":\"EntryPoint\",\"urlTemplate\":\"https:\/\/www.celttv.com.ar\/?s={search_term_string}\"},\"query-input\":\"required name=search_term_string\"}],\"inLanguage\":\"es\"},{\"@type\":\"Organization\",\"@id\":\"https:\/\/www.celttv.com.ar\/#organization\",\"name\":\"CELTTV\",\"url\":\"https:\/\/www.celttv.com.ar\/\",\"sameAs\":[\"https:\/\/www.youtube.com\/channel\/UCz_oIt8Hig64Ub-EmcNPIhg\",\"https:\/\/www.facebook.com\/celtTV\/\"],\"logo\":{\"@type\":\"ImageObject\",\"inLanguage\":\"es\",\"@id\":\"https:\/\/www.celttv.com.ar\/#\/schema\/logo\/image\/\",\"url\":\"http:\/\/www.celttv.com.ar\/wp-content\/uploads\/2022\/08\/logo-1.png\",\"contentUrl\":\"http:\/\/www.celttv.com.ar\/wp-content\/uploads\/2022\/08\/logo-1.png\",\"width\":461,\"height\":159,\"caption\":\"CELTTV\"},\"image\":{\"@id\":\"https:\/\/www.celttv.com.ar\/#\/schema\/logo\/image\/\"}},{\"@type\":\"Person\",\"@id\":\"https:\/\/www.celttv.com.ar\/#\/schema\/person\/6d99c072dba59953809c81446e9d0ace\",\"name\":\"ulises\",\"image\":{\"@type\":\"ImageObject\",\"inLanguage\":\"es\",\"@id\":\"https:\/\/www.celttv.com.ar\/#\/schema\/person\/image\/\",\"url\":\"https:\/\/secure.gravatar.com\/avatar\/7f2c48bdc33b30088f941fb6082e555f2874c98e20cb159d7b92b50eadfce793?s=96&d=mm&r=g\",\"contentUrl\":\"https:\/\/secure.gravatar.com\/avatar\/7f2c48bdc33b30088f941fb6082e555f2874c98e20cb159d7b92b50eadfce793?s=96&d=mm&r=g\",\"caption\":\"ulises\"},\"sameAs\":[\"http:\/\/www.celttv.com.ar\"]}]}<\/script>\n<!-- \/ Yoast SEO plugin. -->","yoast_head_json":{"title":"HCD.: POR MAYORIA SE DECLARO AL DISTRITO LIBRE DE EXPLOTACION DE GAS MEDIANTE EL SISTEMA DE FRACTURACION HIDRAULICA (informe, notas, videos de la sesi\u00f3n) - CELTTV","description":"Sitio web de noticias de la localidad de Tornquist, provincia de Buenos Aires, Rep\u00fablica Argentina. Contenido propio originado por periodistas de CELTTV, el canal de TV local de la Cooperativa El\u00e9ctrica de Tornquist. Turismo, Pol\u00edtica, Sociedad, Deporte, Cultura y todo el contenido de inter\u00e9s general que la gente del pueblo y la regi\u00f3n debe conocer.","robots":{"index":"index","follow":"follow","max-snippet":"max-snippet:-1","max-image-preview":"max-image-preview:large","max-video-preview":"max-video-preview:-1"},"canonical":"https:\/\/www.celttv.com.ar\/index.php\/2013\/09\/06\/hcd-por-mayoria-se-declaro-al-distrito-libre-de-explotacion-de-gas-mediante-el-sistema-de-fracturacion-hidraulica-informe-notas-videos-de-la-sesion\/","og_locale":"es_ES","og_type":"article","og_title":"HCD.: POR MAYORIA SE DECLARO AL DISTRITO LIBRE DE EXPLOTACION DE GAS MEDIANTE EL SISTEMA DE FRACTURACION HIDRAULICA (informe, notas, videos de la sesi\u00f3n) - CELTTV","og_description":"Sitio web de noticias de la localidad de Tornquist, provincia de Buenos Aires, Rep\u00fablica Argentina. Contenido propio originado por periodistas de CELTTV, el canal de TV local de la Cooperativa El\u00e9ctrica de Tornquist. Turismo, Pol\u00edtica, Sociedad, Deporte, Cultura y todo el contenido de inter\u00e9s general que la gente del pueblo y la regi\u00f3n debe conocer.","og_url":"https:\/\/www.celttv.com.ar\/index.php\/2013\/09\/06\/hcd-por-mayoria-se-declaro-al-distrito-libre-de-explotacion-de-gas-mediante-el-sistema-de-fracturacion-hidraulica-informe-notas-videos-de-la-sesion\/","og_site_name":"CELTTV","article_publisher":"https:\/\/www.facebook.com\/celtTV\/","article_published_time":"2013-09-06T19:34:30+00:00","author":"ulises","twitter_card":"summary_large_image","twitter_misc":{"Escrito por":"ulises","Tiempo de lectura":"48 minutos"},"schema":{"@context":"https:\/\/schema.org","@graph":[{"@type":"NewsArticle","@id":"https:\/\/www.celttv.com.ar\/index.php\/2013\/09\/06\/hcd-por-mayoria-se-declaro-al-distrito-libre-de-explotacion-de-gas-mediante-el-sistema-de-fracturacion-hidraulica-informe-notas-videos-de-la-sesion\/#article","isPartOf":{"@id":"https:\/\/www.celttv.com.ar\/index.php\/2013\/09\/06\/hcd-por-mayoria-se-declaro-al-distrito-libre-de-explotacion-de-gas-mediante-el-sistema-de-fracturacion-hidraulica-informe-notas-videos-de-la-sesion\/"},"author":{"name":"ulises","@id":"https:\/\/www.celttv.com.ar\/#\/schema\/person\/6d99c072dba59953809c81446e9d0ace"},"headline":"HCD.: POR MAYORIA SE DECLARO AL DISTRITO LIBRE DE EXPLOTACION DE GAS MEDIANTE EL SISTEMA DE FRACTURACION HIDRAULICA (informe, notas, videos de la sesi\u00f3n)","datePublished":"2013-09-06T19:34:30+00:00","dateModified":"2013-09-06T19:34:30+00:00","mainEntityOfPage":{"@id":"https:\/\/www.celttv.com.ar\/index.php\/2013\/09\/06\/hcd-por-mayoria-se-declaro-al-distrito-libre-de-explotacion-de-gas-mediante-el-sistema-de-fracturacion-hidraulica-informe-notas-videos-de-la-sesion\/"},"wordCount":9684,"publisher":{"@id":"https:\/\/www.celttv.com.ar\/#organization"},"articleSection":["Comunidad","Destacadas","Pol\u00edtica","Videos Destacados"],"inLanguage":"es"},{"@type":"WebPage","@id":"https:\/\/www.celttv.com.ar\/index.php\/2013\/09\/06\/hcd-por-mayoria-se-declaro-al-distrito-libre-de-explotacion-de-gas-mediante-el-sistema-de-fracturacion-hidraulica-informe-notas-videos-de-la-sesion\/","url":"https:\/\/www.celttv.com.ar\/index.php\/2013\/09\/06\/hcd-por-mayoria-se-declaro-al-distrito-libre-de-explotacion-de-gas-mediante-el-sistema-de-fracturacion-hidraulica-informe-notas-videos-de-la-sesion\/","name":"HCD.: POR MAYORIA SE DECLARO AL DISTRITO LIBRE DE EXPLOTACION DE GAS MEDIANTE EL SISTEMA DE FRACTURACION HIDRAULICA (informe, notas, videos de la sesi\u00f3n) - CELTTV","isPartOf":{"@id":"https:\/\/www.celttv.com.ar\/#website"},"datePublished":"2013-09-06T19:34:30+00:00","dateModified":"2013-09-06T19:34:30+00:00","description":"Sitio web de noticias de la localidad de Tornquist, provincia de Buenos Aires, Rep\u00fablica Argentina. Contenido propio originado por periodistas de CELTTV, el canal de TV local de la Cooperativa El\u00e9ctrica de Tornquist. Turismo, Pol\u00edtica, Sociedad, Deporte, Cultura y todo el contenido de inter\u00e9s general que la gente del pueblo y la regi\u00f3n debe conocer.","breadcrumb":{"@id":"https:\/\/www.celttv.com.ar\/index.php\/2013\/09\/06\/hcd-por-mayoria-se-declaro-al-distrito-libre-de-explotacion-de-gas-mediante-el-sistema-de-fracturacion-hidraulica-informe-notas-videos-de-la-sesion\/#breadcrumb"},"inLanguage":"es","potentialAction":[{"@type":"ReadAction","target":["https:\/\/www.celttv.com.ar\/index.php\/2013\/09\/06\/hcd-por-mayoria-se-declaro-al-distrito-libre-de-explotacion-de-gas-mediante-el-sistema-de-fracturacion-hidraulica-informe-notas-videos-de-la-sesion\/"]}]},{"@type":"BreadcrumbList","@id":"https:\/\/www.celttv.com.ar\/index.php\/2013\/09\/06\/hcd-por-mayoria-se-declaro-al-distrito-libre-de-explotacion-de-gas-mediante-el-sistema-de-fracturacion-hidraulica-informe-notas-videos-de-la-sesion\/#breadcrumb","itemListElement":[{"@type":"ListItem","position":1,"name":"Inicio","item":"https:\/\/www.celttv.com.ar\/"},{"@type":"ListItem","position":2,"name":"HCD.: POR MAYORIA SE DECLARO AL DISTRITO LIBRE DE EXPLOTACION DE GAS MEDIANTE EL SISTEMA DE FRACTURACION HIDRAULICA (informe, notas, videos de la sesi\u00f3n)"}]},{"@type":"WebSite","@id":"https:\/\/www.celttv.com.ar\/#website","url":"https:\/\/www.celttv.com.ar\/","name":"CELTTV","description":"Cooperativa El\u00e9ctrica de Tornquist","publisher":{"@id":"https:\/\/www.celttv.com.ar\/#organization"},"potentialAction":[{"@type":"SearchAction","target":{"@type":"EntryPoint","urlTemplate":"https:\/\/www.celttv.com.ar\/?s={search_term_string}"},"query-input":"required name=search_term_string"}],"inLanguage":"es"},{"@type":"Organization","@id":"https:\/\/www.celttv.com.ar\/#organization","name":"CELTTV","url":"https:\/\/www.celttv.com.ar\/","sameAs":["https:\/\/www.youtube.com\/channel\/UCz_oIt8Hig64Ub-EmcNPIhg","https:\/\/www.facebook.com\/celtTV\/"],"logo":{"@type":"ImageObject","inLanguage":"es","@id":"https:\/\/www.celttv.com.ar\/#\/schema\/logo\/image\/","url":"http:\/\/www.celttv.com.ar\/wp-content\/uploads\/2022\/08\/logo-1.png","contentUrl":"http:\/\/www.celttv.com.ar\/wp-content\/uploads\/2022\/08\/logo-1.png","width":461,"height":159,"caption":"CELTTV"},"image":{"@id":"https:\/\/www.celttv.com.ar\/#\/schema\/logo\/image\/"}},{"@type":"Person","@id":"https:\/\/www.celttv.com.ar\/#\/schema\/person\/6d99c072dba59953809c81446e9d0ace","name":"ulises","image":{"@type":"ImageObject","inLanguage":"es","@id":"https:\/\/www.celttv.com.ar\/#\/schema\/person\/image\/","url":"https:\/\/secure.gravatar.com\/avatar\/7f2c48bdc33b30088f941fb6082e555f2874c98e20cb159d7b92b50eadfce793?s=96&d=mm&r=g","contentUrl":"https:\/\/secure.gravatar.com\/avatar\/7f2c48bdc33b30088f941fb6082e555f2874c98e20cb159d7b92b50eadfce793?s=96&d=mm&r=g","caption":"ulises"},"sameAs":["http:\/\/www.celttv.com.ar"]}]}},"_links":{"self":[{"href":"https:\/\/www.celttv.com.ar\/index.php\/wp-json\/wp\/v2\/posts\/13800","targetHints":{"allow":["GET"]}}],"collection":[{"href":"https:\/\/www.celttv.com.ar\/index.php\/wp-json\/wp\/v2\/posts"}],"about":[{"href":"https:\/\/www.celttv.com.ar\/index.php\/wp-json\/wp\/v2\/types\/post"}],"author":[{"embeddable":true,"href":"https:\/\/www.celttv.com.ar\/index.php\/wp-json\/wp\/v2\/users\/1"}],"replies":[{"embeddable":true,"href":"https:\/\/www.celttv.com.ar\/index.php\/wp-json\/wp\/v2\/comments?post=13800"}],"version-history":[{"count":0,"href":"https:\/\/www.celttv.com.ar\/index.php\/wp-json\/wp\/v2\/posts\/13800\/revisions"}],"wp:attachment":[{"href":"https:\/\/www.celttv.com.ar\/index.php\/wp-json\/wp\/v2\/media?parent=13800"}],"wp:term":[{"taxonomy":"category","embeddable":true,"href":"https:\/\/www.celttv.com.ar\/index.php\/wp-json\/wp\/v2\/categories?post=13800"},{"taxonomy":"post_tag","embeddable":true,"href":"https:\/\/www.celttv.com.ar\/index.php\/wp-json\/wp\/v2\/tags?post=13800"}],"curies":[{"name":"wp","href":"https:\/\/api.w.org\/{rel}","templated":true}]}}