{"id":13809,"date":"2013-09-06T20:05:45","date_gmt":"2013-09-06T20:05:45","guid":{"rendered":"http:\/\/www.tvcnoticias.com.ar\/?p=13809"},"modified":"2013-09-06T20:05:45","modified_gmt":"2013-09-06T20:05:45","slug":"villa-ventana-solicitan-la-presencia-de-un-medico-estable-en-la-localidad-y-estan-preocupados-por-los-hechos-de-inseguridad","status":"publish","type":"post","link":"https:\/\/www.celttv.com.ar\/index.php\/2013\/09\/06\/villa-ventana-solicitan-la-presencia-de-un-medico-estable-en-la-localidad-y-estan-preocupados-por-los-hechos-de-inseguridad\/","title":{"rendered":"VILLA VENTANA: SOLICITAN LA PRESENCIA DE UN MEDICO ESTABLE EN LA LOCALIDAD Y ESTAN PREOCUPADOS POR LOS HECHOS DE INSEGURIDAD"},"content":{"rendered":"<p><br \/>\nEn el d\u00eda de ayer Jueves 5 de Septiembre un grupo de Concejales se hizo presente en la Sala de Primeros Auxilios de la Localidad de Villa Ventana, conforme a la convocatoria que se hab\u00eda hecho desde el Concejo Deliberante, a los fines de escuchar el reclamo de los vecinos de dicha localidad, m\u00e1s espec\u00edficamente a la necesidad de contar con la presencia de un m\u00e9dico en la Localidad las 24 Hs., y la otra problem\u00e1tica planteada referente a los reiterados hechos de inseguridad que han sufrido recientemente varios vecinos de la Villa.<br \/>\n&nbsp;<br \/>\nEn la misma se hicieron presentes Concejales en representaci\u00f3n de los Bloques Uni\u00f3n Pro, U.C.R, UDESO y Coalici\u00f3n C\u00edvica y a pesar de haber sido invitados con la anticipaci\u00f3n debida, no se hicieron presentes el Sr. Intendente Municipal, Lic. Gustavo Trankels, la Secretaria de Salud del Municipio, Lic. Mirta Avila ni el Secretario de Seguridad, Dr. Carlos Carriquiry, como as\u00ed tampoco alg\u00fan representante por ellos designado. Cabe aclarar que los dos primeros cursaron nota a la Presidencia del Honorable Concejo Deliberante manifestando los motivos de su imposibilidad de asistir.<br \/>\n&nbsp;<br \/>\nSe hicieron presentes un grupo de 40 vecinos aproximadamente, quienes manifestaron su descontento por las ausencias nombradas, ya que expresaron que el reclamo es de larga data y a\u00fan no han tenido la oportunidad de tener una entrevista con el Sr. Intendente Municipal, principalmente en lo referido a la solicitud de la presencia de un m\u00e9dico en la localidad.<br \/>\n&nbsp;<br \/>\nLos Concejales se pusieron a disposici\u00f3n de la comunidad como as\u00ed tambi\u00e9n escucharon las distintas alternativas propuestas por los vecinos, llegando a la conclusi\u00f3n de esperar a que en el transcurso de la semana venidera, los vecinos puedan lograr tener la reuni\u00f3n esperada con el titular del Ejecutivo Municipal, ya que, seg\u00fan los dichos de algunos presentes, \u00e9ste ha manifestado su voluntad de mantener una entrevista con ellos a la brevedad. Concretada esa cita, y en base a las conclusiones logradas en la misma, los integrantes de esta Asamblea Vecinal decidir\u00e1n cu\u00e1les son los pr\u00f3ximos pasos a seguir.<br \/>\n&nbsp;<br \/>\n&nbsp;<br \/>\nPrensa H.C.D<br \/>\n&nbsp;<\/p>\n","protected":false},"excerpt":{"rendered":"<p>En el d\u00eda de ayer Jueves 5 de Septiembre un grupo de Concejales se hizo presente en la Sala de Primeros Auxilios de la Localidad de Villa Ventana, conforme a la convocatoria que se hab\u00eda hecho desde el Concejo Deliberante, a los fines de escuchar el reclamo de los vecinos de dicha localidad, m\u00e1s espec\u00edficamente [&hellip;]<\/p>\n","protected":false},"author":1,"featured_media":0,"comment_status":"closed","ping_status":"open","sticky":false,"template":"","format":"standard","meta":{"footnotes":""},"categories":[51,52,53],"tags":[],"class_list":["post-13809","post","type-post","status-publish","format-standard","hentry","category-comunidad","category-destacadas","category-politica"],"yoast_head":"<!-- This site is optimized with the Yoast SEO plugin v19.7.1 - https:\/\/yoast.com\/wordpress\/plugins\/seo\/ -->\n<title>VILLA VENTANA: SOLICITAN LA PRESENCIA DE UN MEDICO ESTABLE EN LA LOCALIDAD Y ESTAN PREOCUPADOS POR LOS HECHOS DE INSEGURIDAD - CELTTV<\/title>\n<meta name=\"description\" content=\"Sitio web de noticias de la localidad de Tornquist, provincia de Buenos Aires, Rep\u00fablica Argentina. Contenido propio originado por periodistas de CELTTV, el canal de TV local de la Cooperativa El\u00e9ctrica de Tornquist. Turismo, Pol\u00edtica, Sociedad, Deporte, Cultura y todo el contenido de inter\u00e9s general que la gente del pueblo y la regi\u00f3n debe conocer.\" \/>\n<meta name=\"robots\" content=\"index, follow, max-snippet:-1, max-image-preview:large, max-video-preview:-1\" \/>\n<link rel=\"canonical\" href=\"https:\/\/www.celttv.com.ar\/index.php\/2013\/09\/06\/villa-ventana-solicitan-la-presencia-de-un-medico-estable-en-la-localidad-y-estan-preocupados-por-los-hechos-de-inseguridad\/\" \/>\n<meta property=\"og:locale\" content=\"es_ES\" \/>\n<meta property=\"og:type\" content=\"article\" \/>\n<meta property=\"og:title\" content=\"VILLA VENTANA: SOLICITAN LA PRESENCIA DE UN MEDICO ESTABLE EN LA LOCALIDAD Y ESTAN PREOCUPADOS POR LOS HECHOS DE INSEGURIDAD - CELTTV\" \/>\n<meta property=\"og:description\" content=\"Sitio web de noticias de la localidad de Tornquist, provincia de Buenos Aires, Rep\u00fablica Argentina. Contenido propio originado por periodistas de CELTTV, el canal de TV local de la Cooperativa El\u00e9ctrica de Tornquist. Turismo, Pol\u00edtica, Sociedad, Deporte, Cultura y todo el contenido de inter\u00e9s general que la gente del pueblo y la regi\u00f3n debe conocer.\" \/>\n<meta property=\"og:url\" content=\"https:\/\/www.celttv.com.ar\/index.php\/2013\/09\/06\/villa-ventana-solicitan-la-presencia-de-un-medico-estable-en-la-localidad-y-estan-preocupados-por-los-hechos-de-inseguridad\/\" \/>\n<meta property=\"og:site_name\" content=\"CELTTV\" \/>\n<meta property=\"article:publisher\" content=\"https:\/\/www.facebook.com\/celtTV\/\" \/>\n<meta property=\"article:published_time\" content=\"2013-09-06T20:05:45+00:00\" \/>\n<meta name=\"author\" content=\"ulises\" \/>\n<meta name=\"twitter:card\" content=\"summary_large_image\" \/>\n<meta name=\"twitter:label1\" content=\"Escrito por\" \/>\n\t<meta name=\"twitter:data1\" content=\"ulises\" \/>\n\t<meta name=\"twitter:label2\" content=\"Tiempo de lectura\" \/>\n\t<meta name=\"twitter:data2\" content=\"2 minutos\" \/>\n<script type=\"application\/ld+json\" class=\"yoast-schema-graph\">{\"@context\":\"https:\/\/schema.org\",\"@graph\":[{\"@type\":\"NewsArticle\",\"@id\":\"https:\/\/www.celttv.com.ar\/index.php\/2013\/09\/06\/villa-ventana-solicitan-la-presencia-de-un-medico-estable-en-la-localidad-y-estan-preocupados-por-los-hechos-de-inseguridad\/#article\",\"isPartOf\":{\"@id\":\"https:\/\/www.celttv.com.ar\/index.php\/2013\/09\/06\/villa-ventana-solicitan-la-presencia-de-un-medico-estable-en-la-localidad-y-estan-preocupados-por-los-hechos-de-inseguridad\/\"},\"author\":{\"name\":\"ulises\",\"@id\":\"https:\/\/www.celttv.com.ar\/#\/schema\/person\/6d99c072dba59953809c81446e9d0ace\"},\"headline\":\"VILLA VENTANA: SOLICITAN LA PRESENCIA DE UN MEDICO ESTABLE EN LA LOCALIDAD Y ESTAN PREOCUPADOS POR LOS HECHOS DE INSEGURIDAD\",\"datePublished\":\"2013-09-06T20:05:45+00:00\",\"dateModified\":\"2013-09-06T20:05:45+00:00\",\"mainEntityOfPage\":{\"@id\":\"https:\/\/www.celttv.com.ar\/index.php\/2013\/09\/06\/villa-ventana-solicitan-la-presencia-de-un-medico-estable-en-la-localidad-y-estan-preocupados-por-los-hechos-de-inseguridad\/\"},\"wordCount\":394,\"publisher\":{\"@id\":\"https:\/\/www.celttv.com.ar\/#organization\"},\"articleSection\":[\"Comunidad\",\"Destacadas\",\"Pol\u00edtica\"],\"inLanguage\":\"es\"},{\"@type\":\"WebPage\",\"@id\":\"https:\/\/www.celttv.com.ar\/index.php\/2013\/09\/06\/villa-ventana-solicitan-la-presencia-de-un-medico-estable-en-la-localidad-y-estan-preocupados-por-los-hechos-de-inseguridad\/\",\"url\":\"https:\/\/www.celttv.com.ar\/index.php\/2013\/09\/06\/villa-ventana-solicitan-la-presencia-de-un-medico-estable-en-la-localidad-y-estan-preocupados-por-los-hechos-de-inseguridad\/\",\"name\":\"VILLA VENTANA: SOLICITAN LA PRESENCIA DE UN MEDICO ESTABLE EN LA LOCALIDAD Y ESTAN PREOCUPADOS POR LOS HECHOS DE INSEGURIDAD - CELTTV\",\"isPartOf\":{\"@id\":\"https:\/\/www.celttv.com.ar\/#website\"},\"datePublished\":\"2013-09-06T20:05:45+00:00\",\"dateModified\":\"2013-09-06T20:05:45+00:00\",\"description\":\"Sitio web de noticias de la localidad de Tornquist, provincia de Buenos Aires, Rep\u00fablica Argentina. Contenido propio originado por periodistas de CELTTV, el canal de TV local de la Cooperativa El\u00e9ctrica de Tornquist. Turismo, Pol\u00edtica, Sociedad, Deporte, Cultura y todo el contenido de inter\u00e9s general que la gente del pueblo y la regi\u00f3n debe conocer.\",\"breadcrumb\":{\"@id\":\"https:\/\/www.celttv.com.ar\/index.php\/2013\/09\/06\/villa-ventana-solicitan-la-presencia-de-un-medico-estable-en-la-localidad-y-estan-preocupados-por-los-hechos-de-inseguridad\/#breadcrumb\"},\"inLanguage\":\"es\",\"potentialAction\":[{\"@type\":\"ReadAction\",\"target\":[\"https:\/\/www.celttv.com.ar\/index.php\/2013\/09\/06\/villa-ventana-solicitan-la-presencia-de-un-medico-estable-en-la-localidad-y-estan-preocupados-por-los-hechos-de-inseguridad\/\"]}]},{\"@type\":\"BreadcrumbList\",\"@id\":\"https:\/\/www.celttv.com.ar\/index.php\/2013\/09\/06\/villa-ventana-solicitan-la-presencia-de-un-medico-estable-en-la-localidad-y-estan-preocupados-por-los-hechos-de-inseguridad\/#breadcrumb\",\"itemListElement\":[{\"@type\":\"ListItem\",\"position\":1,\"name\":\"Inicio\",\"item\":\"https:\/\/www.celttv.com.ar\/\"},{\"@type\":\"ListItem\",\"position\":2,\"name\":\"VILLA VENTANA: SOLICITAN LA PRESENCIA DE UN MEDICO ESTABLE EN LA LOCALIDAD Y ESTAN PREOCUPADOS POR LOS HECHOS DE INSEGURIDAD\"}]},{\"@type\":\"WebSite\",\"@id\":\"https:\/\/www.celttv.com.ar\/#website\",\"url\":\"https:\/\/www.celttv.com.ar\/\",\"name\":\"CELTTV\",\"description\":\"Cooperativa El\u00e9ctrica de Tornquist\",\"publisher\":{\"@id\":\"https:\/\/www.celttv.com.ar\/#organization\"},\"potentialAction\":[{\"@type\":\"SearchAction\",\"target\":{\"@type\":\"EntryPoint\",\"urlTemplate\":\"https:\/\/www.celttv.com.ar\/?s={search_term_string}\"},\"query-input\":\"required name=search_term_string\"}],\"inLanguage\":\"es\"},{\"@type\":\"Organization\",\"@id\":\"https:\/\/www.celttv.com.ar\/#organization\",\"name\":\"CELTTV\",\"url\":\"https:\/\/www.celttv.com.ar\/\",\"sameAs\":[\"https:\/\/www.youtube.com\/channel\/UCz_oIt8Hig64Ub-EmcNPIhg\",\"https:\/\/www.facebook.com\/celtTV\/\"],\"logo\":{\"@type\":\"ImageObject\",\"inLanguage\":\"es\",\"@id\":\"https:\/\/www.celttv.com.ar\/#\/schema\/logo\/image\/\",\"url\":\"http:\/\/www.celttv.com.ar\/wp-content\/uploads\/2022\/08\/logo-1.png\",\"contentUrl\":\"http:\/\/www.celttv.com.ar\/wp-content\/uploads\/2022\/08\/logo-1.png\",\"width\":461,\"height\":159,\"caption\":\"CELTTV\"},\"image\":{\"@id\":\"https:\/\/www.celttv.com.ar\/#\/schema\/logo\/image\/\"}},{\"@type\":\"Person\",\"@id\":\"https:\/\/www.celttv.com.ar\/#\/schema\/person\/6d99c072dba59953809c81446e9d0ace\",\"name\":\"ulises\",\"image\":{\"@type\":\"ImageObject\",\"inLanguage\":\"es\",\"@id\":\"https:\/\/www.celttv.com.ar\/#\/schema\/person\/image\/\",\"url\":\"https:\/\/secure.gravatar.com\/avatar\/7f2c48bdc33b30088f941fb6082e555f2874c98e20cb159d7b92b50eadfce793?s=96&d=mm&r=g\",\"contentUrl\":\"https:\/\/secure.gravatar.com\/avatar\/7f2c48bdc33b30088f941fb6082e555f2874c98e20cb159d7b92b50eadfce793?s=96&d=mm&r=g\",\"caption\":\"ulises\"},\"sameAs\":[\"http:\/\/www.celttv.com.ar\"]}]}<\/script>\n<!-- \/ Yoast SEO plugin. -->","yoast_head_json":{"title":"VILLA VENTANA: SOLICITAN LA PRESENCIA DE UN MEDICO ESTABLE EN LA LOCALIDAD Y ESTAN PREOCUPADOS POR LOS HECHOS DE INSEGURIDAD - CELTTV","description":"Sitio web de noticias de la localidad de Tornquist, provincia de Buenos Aires, Rep\u00fablica Argentina. Contenido propio originado por periodistas de CELTTV, el canal de TV local de la Cooperativa El\u00e9ctrica de Tornquist. Turismo, Pol\u00edtica, Sociedad, Deporte, Cultura y todo el contenido de inter\u00e9s general que la gente del pueblo y la regi\u00f3n debe conocer.","robots":{"index":"index","follow":"follow","max-snippet":"max-snippet:-1","max-image-preview":"max-image-preview:large","max-video-preview":"max-video-preview:-1"},"canonical":"https:\/\/www.celttv.com.ar\/index.php\/2013\/09\/06\/villa-ventana-solicitan-la-presencia-de-un-medico-estable-en-la-localidad-y-estan-preocupados-por-los-hechos-de-inseguridad\/","og_locale":"es_ES","og_type":"article","og_title":"VILLA VENTANA: SOLICITAN LA PRESENCIA DE UN MEDICO ESTABLE EN LA LOCALIDAD Y ESTAN PREOCUPADOS POR LOS HECHOS DE INSEGURIDAD - CELTTV","og_description":"Sitio web de noticias de la localidad de Tornquist, provincia de Buenos Aires, Rep\u00fablica Argentina. Contenido propio originado por periodistas de CELTTV, el canal de TV local de la Cooperativa El\u00e9ctrica de Tornquist. Turismo, Pol\u00edtica, Sociedad, Deporte, Cultura y todo el contenido de inter\u00e9s general que la gente del pueblo y la regi\u00f3n debe conocer.","og_url":"https:\/\/www.celttv.com.ar\/index.php\/2013\/09\/06\/villa-ventana-solicitan-la-presencia-de-un-medico-estable-en-la-localidad-y-estan-preocupados-por-los-hechos-de-inseguridad\/","og_site_name":"CELTTV","article_publisher":"https:\/\/www.facebook.com\/celtTV\/","article_published_time":"2013-09-06T20:05:45+00:00","author":"ulises","twitter_card":"summary_large_image","twitter_misc":{"Escrito por":"ulises","Tiempo de lectura":"2 minutos"},"schema":{"@context":"https:\/\/schema.org","@graph":[{"@type":"NewsArticle","@id":"https:\/\/www.celttv.com.ar\/index.php\/2013\/09\/06\/villa-ventana-solicitan-la-presencia-de-un-medico-estable-en-la-localidad-y-estan-preocupados-por-los-hechos-de-inseguridad\/#article","isPartOf":{"@id":"https:\/\/www.celttv.com.ar\/index.php\/2013\/09\/06\/villa-ventana-solicitan-la-presencia-de-un-medico-estable-en-la-localidad-y-estan-preocupados-por-los-hechos-de-inseguridad\/"},"author":{"name":"ulises","@id":"https:\/\/www.celttv.com.ar\/#\/schema\/person\/6d99c072dba59953809c81446e9d0ace"},"headline":"VILLA VENTANA: SOLICITAN LA PRESENCIA DE UN MEDICO ESTABLE EN LA LOCALIDAD Y ESTAN PREOCUPADOS POR LOS HECHOS DE INSEGURIDAD","datePublished":"2013-09-06T20:05:45+00:00","dateModified":"2013-09-06T20:05:45+00:00","mainEntityOfPage":{"@id":"https:\/\/www.celttv.com.ar\/index.php\/2013\/09\/06\/villa-ventana-solicitan-la-presencia-de-un-medico-estable-en-la-localidad-y-estan-preocupados-por-los-hechos-de-inseguridad\/"},"wordCount":394,"publisher":{"@id":"https:\/\/www.celttv.com.ar\/#organization"},"articleSection":["Comunidad","Destacadas","Pol\u00edtica"],"inLanguage":"es"},{"@type":"WebPage","@id":"https:\/\/www.celttv.com.ar\/index.php\/2013\/09\/06\/villa-ventana-solicitan-la-presencia-de-un-medico-estable-en-la-localidad-y-estan-preocupados-por-los-hechos-de-inseguridad\/","url":"https:\/\/www.celttv.com.ar\/index.php\/2013\/09\/06\/villa-ventana-solicitan-la-presencia-de-un-medico-estable-en-la-localidad-y-estan-preocupados-por-los-hechos-de-inseguridad\/","name":"VILLA VENTANA: SOLICITAN LA PRESENCIA DE UN MEDICO ESTABLE EN LA LOCALIDAD Y ESTAN PREOCUPADOS POR LOS HECHOS DE INSEGURIDAD - CELTTV","isPartOf":{"@id":"https:\/\/www.celttv.com.ar\/#website"},"datePublished":"2013-09-06T20:05:45+00:00","dateModified":"2013-09-06T20:05:45+00:00","description":"Sitio web de noticias de la localidad de Tornquist, provincia de Buenos Aires, Rep\u00fablica Argentina. Contenido propio originado por periodistas de CELTTV, el canal de TV local de la Cooperativa El\u00e9ctrica de Tornquist. Turismo, Pol\u00edtica, Sociedad, Deporte, Cultura y todo el contenido de inter\u00e9s general que la gente del pueblo y la regi\u00f3n debe conocer.","breadcrumb":{"@id":"https:\/\/www.celttv.com.ar\/index.php\/2013\/09\/06\/villa-ventana-solicitan-la-presencia-de-un-medico-estable-en-la-localidad-y-estan-preocupados-por-los-hechos-de-inseguridad\/#breadcrumb"},"inLanguage":"es","potentialAction":[{"@type":"ReadAction","target":["https:\/\/www.celttv.com.ar\/index.php\/2013\/09\/06\/villa-ventana-solicitan-la-presencia-de-un-medico-estable-en-la-localidad-y-estan-preocupados-por-los-hechos-de-inseguridad\/"]}]},{"@type":"BreadcrumbList","@id":"https:\/\/www.celttv.com.ar\/index.php\/2013\/09\/06\/villa-ventana-solicitan-la-presencia-de-un-medico-estable-en-la-localidad-y-estan-preocupados-por-los-hechos-de-inseguridad\/#breadcrumb","itemListElement":[{"@type":"ListItem","position":1,"name":"Inicio","item":"https:\/\/www.celttv.com.ar\/"},{"@type":"ListItem","position":2,"name":"VILLA VENTANA: SOLICITAN LA PRESENCIA DE UN MEDICO ESTABLE EN LA LOCALIDAD Y ESTAN PREOCUPADOS POR LOS HECHOS DE INSEGURIDAD"}]},{"@type":"WebSite","@id":"https:\/\/www.celttv.com.ar\/#website","url":"https:\/\/www.celttv.com.ar\/","name":"CELTTV","description":"Cooperativa El\u00e9ctrica de Tornquist","publisher":{"@id":"https:\/\/www.celttv.com.ar\/#organization"},"potentialAction":[{"@type":"SearchAction","target":{"@type":"EntryPoint","urlTemplate":"https:\/\/www.celttv.com.ar\/?s={search_term_string}"},"query-input":"required name=search_term_string"}],"inLanguage":"es"},{"@type":"Organization","@id":"https:\/\/www.celttv.com.ar\/#organization","name":"CELTTV","url":"https:\/\/www.celttv.com.ar\/","sameAs":["https:\/\/www.youtube.com\/channel\/UCz_oIt8Hig64Ub-EmcNPIhg","https:\/\/www.facebook.com\/celtTV\/"],"logo":{"@type":"ImageObject","inLanguage":"es","@id":"https:\/\/www.celttv.com.ar\/#\/schema\/logo\/image\/","url":"http:\/\/www.celttv.com.ar\/wp-content\/uploads\/2022\/08\/logo-1.png","contentUrl":"http:\/\/www.celttv.com.ar\/wp-content\/uploads\/2022\/08\/logo-1.png","width":461,"height":159,"caption":"CELTTV"},"image":{"@id":"https:\/\/www.celttv.com.ar\/#\/schema\/logo\/image\/"}},{"@type":"Person","@id":"https:\/\/www.celttv.com.ar\/#\/schema\/person\/6d99c072dba59953809c81446e9d0ace","name":"ulises","image":{"@type":"ImageObject","inLanguage":"es","@id":"https:\/\/www.celttv.com.ar\/#\/schema\/person\/image\/","url":"https:\/\/secure.gravatar.com\/avatar\/7f2c48bdc33b30088f941fb6082e555f2874c98e20cb159d7b92b50eadfce793?s=96&d=mm&r=g","contentUrl":"https:\/\/secure.gravatar.com\/avatar\/7f2c48bdc33b30088f941fb6082e555f2874c98e20cb159d7b92b50eadfce793?s=96&d=mm&r=g","caption":"ulises"},"sameAs":["http:\/\/www.celttv.com.ar"]}]}},"_links":{"self":[{"href":"https:\/\/www.celttv.com.ar\/index.php\/wp-json\/wp\/v2\/posts\/13809","targetHints":{"allow":["GET"]}}],"collection":[{"href":"https:\/\/www.celttv.com.ar\/index.php\/wp-json\/wp\/v2\/posts"}],"about":[{"href":"https:\/\/www.celttv.com.ar\/index.php\/wp-json\/wp\/v2\/types\/post"}],"author":[{"embeddable":true,"href":"https:\/\/www.celttv.com.ar\/index.php\/wp-json\/wp\/v2\/users\/1"}],"replies":[{"embeddable":true,"href":"https:\/\/www.celttv.com.ar\/index.php\/wp-json\/wp\/v2\/comments?post=13809"}],"version-history":[{"count":0,"href":"https:\/\/www.celttv.com.ar\/index.php\/wp-json\/wp\/v2\/posts\/13809\/revisions"}],"wp:attachment":[{"href":"https:\/\/www.celttv.com.ar\/index.php\/wp-json\/wp\/v2\/media?parent=13809"}],"wp:term":[{"taxonomy":"category","embeddable":true,"href":"https:\/\/www.celttv.com.ar\/index.php\/wp-json\/wp\/v2\/categories?post=13809"},{"taxonomy":"post_tag","embeddable":true,"href":"https:\/\/www.celttv.com.ar\/index.php\/wp-json\/wp\/v2\/tags?post=13809"}],"curies":[{"name":"wp","href":"https:\/\/api.w.org\/{rel}","templated":true}]}}