{"id":13817,"date":"2013-09-06T20:22:09","date_gmt":"2013-09-06T20:22:09","guid":{"rendered":"http:\/\/www.tvcnoticias.com.ar\/?p=13817"},"modified":"2013-09-06T20:22:09","modified_gmt":"2013-09-06T20:22:09","slug":"sierra-tornquist-y-villa-beneficiados-con-una-historica-obra-de-iluminacion","status":"publish","type":"post","link":"https:\/\/www.celttv.com.ar\/index.php\/2013\/09\/06\/sierra-tornquist-y-villa-beneficiados-con-una-historica-obra-de-iluminacion\/","title":{"rendered":"SIERRA, TORNQUIST Y VILLA BENEFICIADOS CON UNA HISTORICA OBRA DE ILUMINACION"},"content":{"rendered":"<p><br \/>\n[audio:http:\/\/www.tvcnoticias.com.ar\/wp-content\/uploads\/2013\/09\/INTENDENTE-TRANKELS-Y-DIRECTIVO-DE-CELTA..mp3|titles=INTENDENTE TRANKELS Y DIRECTIVO DE CELTA.]<br \/>\nLa inversi\u00f3n superar\u00e1 los $ 4.000.000<br \/>\nUn convenio que permitir\u00e1 ejecutar una hist\u00f3rica obra de iluminaci\u00f3n en los accesos a las localidades de Tornquist, Villa Ventana y Sierra de la Ventana firm\u00f3 en la ma\u00f1ana de hoy el intendente municipal, licenciado Gustavo Trankels, con directivos de la Cooperativa El\u00e9ctrica Limitada de Tres Arroyos.<br \/>\nEl gerente general Gustavo Rodera rubric\u00f3 los documentos en representaci\u00f3n de la entidad cooperativista, durante una reuni\u00f3n desarrollada en el despacho del jefe comunal, que tambi\u00e9n cont\u00f3 con la presencia de la diputada provincial Anal\u00eda Richmond.<br \/>\nLa obra demandar\u00e1 una inversi\u00f3n del orden de los cuatro millones de pesos y ser\u00e1 financiada por la Direcci\u00f3n Nacional de Vialidad. La intervenci\u00f3n comprender\u00e1 la colocaci\u00f3n de 201 nuevas columnas con sus respectivos artefactos lum\u00ednicos, el recambio de 96 artefactos en torres ya existentes y el acondicionamiento de 66 columnas.<br \/>\n\u201cEs un paso important\u00edsimo. Este es un proyecto que realizamos y por el cual oportunamente firmamos un convenio con Vialidad Nacional, que aportar\u00e1 los fondos para esta obra in\u00e9dita en el distrito. Es una tarea muy amplia y que cambiar\u00e1 la calidad de vida de muchos vecinos de nuestro distrito\u201d, se\u00f1al\u00f3 Trankels.<br \/>\n\u201cAhora estamos rubricando el convenio de obra con la Cooperativa El\u00e9ctrica de Tres Arroyos, que realizar\u00e1 la obra en conjunto con las cooperativas locales. Ser\u00e1 una inversi\u00f3n que rondar\u00e1 los cuatro millones de pesos, que ser\u00eda imposible afrontarla desde el municipio. En esta gesti\u00f3n con el gobierno nacional se pudo concretar\u201d, mencion\u00f3 y consider\u00f3 que la obra le otorgar\u00e1 otra imagen al ingreso a las localidades.<br \/>\n\u201cLe agradezco una vez m\u00e1s a nuestra presidenta Cristina Fern\u00e1ndez; al ministro de Planificaci\u00f3n Federal, Julio De Vido; y al administrador general de Vialidad Nacional, Nelson Periotti, por permitirnos concretar otra obra de extraordinarias dimensiones en nuestro distrito\u201d, manifest\u00f3.<br \/>\nLa obra arrancar\u00eda en aproximadamente 10 d\u00edas, aunque la Cooperativa de Tres Arroyos estar\u00e1 definiendo la pr\u00f3xima semana los aspectos log\u00edsticos. El plazo de ejecuci\u00f3n es de seis meses.<br \/>\n\u201cEsta es una obra muy importante, que no es casualidad, que cuenta con un trabajo de fondo para conseguirla. Vamos a trabajar en conjunto con gente de la comunidad. La semana que viene vendremos a coordinar con los subcontratistas de Sierra y Tornquist\u201d, confi\u00f3 Rodera.<br \/>\n\u201cEs una obra que debemos planificar muy bien. El objetivo es poder avanzar en dos o tres frentes. Obviamente lo iremos monitoreando en funci\u00f3n de la provisi\u00f3n de materiales y los lineamientos que armemos con el municipio\u201d, destac\u00f3.<br \/>\n&nbsp;<\/p>\n","protected":false},"excerpt":{"rendered":"<p>[audio:http:\/\/www.tvcnoticias.com.ar\/wp-content\/uploads\/2013\/09\/INTENDENTE-TRANKELS-Y-DIRECTIVO-DE-CELTA..mp3|titles=INTENDENTE TRANKELS Y DIRECTIVO DE CELTA.] La inversi\u00f3n superar\u00e1 los $ 4.000.000 Un convenio que permitir\u00e1 ejecutar una hist\u00f3rica obra de iluminaci\u00f3n en los accesos a las localidades de Tornquist, Villa Ventana y Sierra de la Ventana firm\u00f3 en la ma\u00f1ana de hoy el intendente municipal, licenciado Gustavo Trankels, con directivos de la Cooperativa El\u00e9ctrica [&hellip;]<\/p>\n","protected":false},"author":1,"featured_media":0,"comment_status":"closed","ping_status":"open","sticky":false,"template":"","format":"standard","meta":{"footnotes":""},"categories":[51,52,53],"tags":[],"class_list":["post-13817","post","type-post","status-publish","format-standard","hentry","category-comunidad","category-destacadas","category-politica"],"yoast_head":"<!-- This site is optimized with the Yoast SEO plugin v19.7.1 - https:\/\/yoast.com\/wordpress\/plugins\/seo\/ -->\n<title>SIERRA, TORNQUIST Y VILLA BENEFICIADOS CON UNA HISTORICA OBRA DE ILUMINACION - CELTTV<\/title>\n<meta name=\"description\" content=\"Sitio web de noticias de la localidad de Tornquist, provincia de Buenos Aires, Rep\u00fablica Argentina. Contenido propio originado por periodistas de CELTTV, el canal de TV local de la Cooperativa El\u00e9ctrica de Tornquist. Turismo, Pol\u00edtica, Sociedad, Deporte, Cultura y todo el contenido de inter\u00e9s general que la gente del pueblo y la regi\u00f3n debe conocer.\" \/>\n<meta name=\"robots\" content=\"index, follow, max-snippet:-1, max-image-preview:large, max-video-preview:-1\" \/>\n<link rel=\"canonical\" href=\"https:\/\/www.celttv.com.ar\/index.php\/2013\/09\/06\/sierra-tornquist-y-villa-beneficiados-con-una-historica-obra-de-iluminacion\/\" \/>\n<meta property=\"og:locale\" content=\"es_ES\" \/>\n<meta property=\"og:type\" content=\"article\" \/>\n<meta property=\"og:title\" content=\"SIERRA, TORNQUIST Y VILLA BENEFICIADOS CON UNA HISTORICA OBRA DE ILUMINACION - CELTTV\" \/>\n<meta property=\"og:description\" content=\"Sitio web de noticias de la localidad de Tornquist, provincia de Buenos Aires, Rep\u00fablica Argentina. Contenido propio originado por periodistas de CELTTV, el canal de TV local de la Cooperativa El\u00e9ctrica de Tornquist. Turismo, Pol\u00edtica, Sociedad, Deporte, Cultura y todo el contenido de inter\u00e9s general que la gente del pueblo y la regi\u00f3n debe conocer.\" \/>\n<meta property=\"og:url\" content=\"https:\/\/www.celttv.com.ar\/index.php\/2013\/09\/06\/sierra-tornquist-y-villa-beneficiados-con-una-historica-obra-de-iluminacion\/\" \/>\n<meta property=\"og:site_name\" content=\"CELTTV\" \/>\n<meta property=\"article:publisher\" content=\"https:\/\/www.facebook.com\/celtTV\/\" \/>\n<meta property=\"article:published_time\" content=\"2013-09-06T20:22:09+00:00\" \/>\n<meta name=\"author\" content=\"ulises\" \/>\n<meta name=\"twitter:card\" content=\"summary_large_image\" \/>\n<meta name=\"twitter:label1\" content=\"Escrito por\" \/>\n\t<meta name=\"twitter:data1\" content=\"ulises\" \/>\n\t<meta name=\"twitter:label2\" content=\"Tiempo de lectura\" \/>\n\t<meta name=\"twitter:data2\" content=\"2 minutos\" \/>\n<script type=\"application\/ld+json\" class=\"yoast-schema-graph\">{\"@context\":\"https:\/\/schema.org\",\"@graph\":[{\"@type\":\"NewsArticle\",\"@id\":\"https:\/\/www.celttv.com.ar\/index.php\/2013\/09\/06\/sierra-tornquist-y-villa-beneficiados-con-una-historica-obra-de-iluminacion\/#article\",\"isPartOf\":{\"@id\":\"https:\/\/www.celttv.com.ar\/index.php\/2013\/09\/06\/sierra-tornquist-y-villa-beneficiados-con-una-historica-obra-de-iluminacion\/\"},\"author\":{\"name\":\"ulises\",\"@id\":\"https:\/\/www.celttv.com.ar\/#\/schema\/person\/6d99c072dba59953809c81446e9d0ace\"},\"headline\":\"SIERRA, TORNQUIST Y VILLA BENEFICIADOS CON UNA HISTORICA OBRA DE ILUMINACION\",\"datePublished\":\"2013-09-06T20:22:09+00:00\",\"dateModified\":\"2013-09-06T20:22:09+00:00\",\"mainEntityOfPage\":{\"@id\":\"https:\/\/www.celttv.com.ar\/index.php\/2013\/09\/06\/sierra-tornquist-y-villa-beneficiados-con-una-historica-obra-de-iluminacion\/\"},\"wordCount\":467,\"publisher\":{\"@id\":\"https:\/\/www.celttv.com.ar\/#organization\"},\"articleSection\":[\"Comunidad\",\"Destacadas\",\"Pol\u00edtica\"],\"inLanguage\":\"es\"},{\"@type\":\"WebPage\",\"@id\":\"https:\/\/www.celttv.com.ar\/index.php\/2013\/09\/06\/sierra-tornquist-y-villa-beneficiados-con-una-historica-obra-de-iluminacion\/\",\"url\":\"https:\/\/www.celttv.com.ar\/index.php\/2013\/09\/06\/sierra-tornquist-y-villa-beneficiados-con-una-historica-obra-de-iluminacion\/\",\"name\":\"SIERRA, TORNQUIST Y VILLA BENEFICIADOS CON UNA HISTORICA OBRA DE ILUMINACION - CELTTV\",\"isPartOf\":{\"@id\":\"https:\/\/www.celttv.com.ar\/#website\"},\"datePublished\":\"2013-09-06T20:22:09+00:00\",\"dateModified\":\"2013-09-06T20:22:09+00:00\",\"description\":\"Sitio web de noticias de la localidad de Tornquist, provincia de Buenos Aires, Rep\u00fablica Argentina. Contenido propio originado por periodistas de CELTTV, el canal de TV local de la Cooperativa El\u00e9ctrica de Tornquist. Turismo, Pol\u00edtica, Sociedad, Deporte, Cultura y todo el contenido de inter\u00e9s general que la gente del pueblo y la regi\u00f3n debe conocer.\",\"breadcrumb\":{\"@id\":\"https:\/\/www.celttv.com.ar\/index.php\/2013\/09\/06\/sierra-tornquist-y-villa-beneficiados-con-una-historica-obra-de-iluminacion\/#breadcrumb\"},\"inLanguage\":\"es\",\"potentialAction\":[{\"@type\":\"ReadAction\",\"target\":[\"https:\/\/www.celttv.com.ar\/index.php\/2013\/09\/06\/sierra-tornquist-y-villa-beneficiados-con-una-historica-obra-de-iluminacion\/\"]}]},{\"@type\":\"BreadcrumbList\",\"@id\":\"https:\/\/www.celttv.com.ar\/index.php\/2013\/09\/06\/sierra-tornquist-y-villa-beneficiados-con-una-historica-obra-de-iluminacion\/#breadcrumb\",\"itemListElement\":[{\"@type\":\"ListItem\",\"position\":1,\"name\":\"Inicio\",\"item\":\"https:\/\/www.celttv.com.ar\/\"},{\"@type\":\"ListItem\",\"position\":2,\"name\":\"SIERRA, TORNQUIST Y VILLA BENEFICIADOS CON UNA HISTORICA OBRA DE ILUMINACION\"}]},{\"@type\":\"WebSite\",\"@id\":\"https:\/\/www.celttv.com.ar\/#website\",\"url\":\"https:\/\/www.celttv.com.ar\/\",\"name\":\"CELTTV\",\"description\":\"Cooperativa El\u00e9ctrica de Tornquist\",\"publisher\":{\"@id\":\"https:\/\/www.celttv.com.ar\/#organization\"},\"potentialAction\":[{\"@type\":\"SearchAction\",\"target\":{\"@type\":\"EntryPoint\",\"urlTemplate\":\"https:\/\/www.celttv.com.ar\/?s={search_term_string}\"},\"query-input\":\"required name=search_term_string\"}],\"inLanguage\":\"es\"},{\"@type\":\"Organization\",\"@id\":\"https:\/\/www.celttv.com.ar\/#organization\",\"name\":\"CELTTV\",\"url\":\"https:\/\/www.celttv.com.ar\/\",\"sameAs\":[\"https:\/\/www.youtube.com\/channel\/UCz_oIt8Hig64Ub-EmcNPIhg\",\"https:\/\/www.facebook.com\/celtTV\/\"],\"logo\":{\"@type\":\"ImageObject\",\"inLanguage\":\"es\",\"@id\":\"https:\/\/www.celttv.com.ar\/#\/schema\/logo\/image\/\",\"url\":\"http:\/\/www.celttv.com.ar\/wp-content\/uploads\/2022\/08\/logo-1.png\",\"contentUrl\":\"http:\/\/www.celttv.com.ar\/wp-content\/uploads\/2022\/08\/logo-1.png\",\"width\":461,\"height\":159,\"caption\":\"CELTTV\"},\"image\":{\"@id\":\"https:\/\/www.celttv.com.ar\/#\/schema\/logo\/image\/\"}},{\"@type\":\"Person\",\"@id\":\"https:\/\/www.celttv.com.ar\/#\/schema\/person\/6d99c072dba59953809c81446e9d0ace\",\"name\":\"ulises\",\"image\":{\"@type\":\"ImageObject\",\"inLanguage\":\"es\",\"@id\":\"https:\/\/www.celttv.com.ar\/#\/schema\/person\/image\/\",\"url\":\"https:\/\/secure.gravatar.com\/avatar\/7f2c48bdc33b30088f941fb6082e555f2874c98e20cb159d7b92b50eadfce793?s=96&d=mm&r=g\",\"contentUrl\":\"https:\/\/secure.gravatar.com\/avatar\/7f2c48bdc33b30088f941fb6082e555f2874c98e20cb159d7b92b50eadfce793?s=96&d=mm&r=g\",\"caption\":\"ulises\"},\"sameAs\":[\"http:\/\/www.celttv.com.ar\"]}]}<\/script>\n<!-- \/ Yoast SEO plugin. -->","yoast_head_json":{"title":"SIERRA, TORNQUIST Y VILLA BENEFICIADOS CON UNA HISTORICA OBRA DE ILUMINACION - CELTTV","description":"Sitio web de noticias de la localidad de Tornquist, provincia de Buenos Aires, Rep\u00fablica Argentina. Contenido propio originado por periodistas de CELTTV, el canal de TV local de la Cooperativa El\u00e9ctrica de Tornquist. Turismo, Pol\u00edtica, Sociedad, Deporte, Cultura y todo el contenido de inter\u00e9s general que la gente del pueblo y la regi\u00f3n debe conocer.","robots":{"index":"index","follow":"follow","max-snippet":"max-snippet:-1","max-image-preview":"max-image-preview:large","max-video-preview":"max-video-preview:-1"},"canonical":"https:\/\/www.celttv.com.ar\/index.php\/2013\/09\/06\/sierra-tornquist-y-villa-beneficiados-con-una-historica-obra-de-iluminacion\/","og_locale":"es_ES","og_type":"article","og_title":"SIERRA, TORNQUIST Y VILLA BENEFICIADOS CON UNA HISTORICA OBRA DE ILUMINACION - CELTTV","og_description":"Sitio web de noticias de la localidad de Tornquist, provincia de Buenos Aires, Rep\u00fablica Argentina. Contenido propio originado por periodistas de CELTTV, el canal de TV local de la Cooperativa El\u00e9ctrica de Tornquist. Turismo, Pol\u00edtica, Sociedad, Deporte, Cultura y todo el contenido de inter\u00e9s general que la gente del pueblo y la regi\u00f3n debe conocer.","og_url":"https:\/\/www.celttv.com.ar\/index.php\/2013\/09\/06\/sierra-tornquist-y-villa-beneficiados-con-una-historica-obra-de-iluminacion\/","og_site_name":"CELTTV","article_publisher":"https:\/\/www.facebook.com\/celtTV\/","article_published_time":"2013-09-06T20:22:09+00:00","author":"ulises","twitter_card":"summary_large_image","twitter_misc":{"Escrito por":"ulises","Tiempo de lectura":"2 minutos"},"schema":{"@context":"https:\/\/schema.org","@graph":[{"@type":"NewsArticle","@id":"https:\/\/www.celttv.com.ar\/index.php\/2013\/09\/06\/sierra-tornquist-y-villa-beneficiados-con-una-historica-obra-de-iluminacion\/#article","isPartOf":{"@id":"https:\/\/www.celttv.com.ar\/index.php\/2013\/09\/06\/sierra-tornquist-y-villa-beneficiados-con-una-historica-obra-de-iluminacion\/"},"author":{"name":"ulises","@id":"https:\/\/www.celttv.com.ar\/#\/schema\/person\/6d99c072dba59953809c81446e9d0ace"},"headline":"SIERRA, TORNQUIST Y VILLA BENEFICIADOS CON UNA HISTORICA OBRA DE ILUMINACION","datePublished":"2013-09-06T20:22:09+00:00","dateModified":"2013-09-06T20:22:09+00:00","mainEntityOfPage":{"@id":"https:\/\/www.celttv.com.ar\/index.php\/2013\/09\/06\/sierra-tornquist-y-villa-beneficiados-con-una-historica-obra-de-iluminacion\/"},"wordCount":467,"publisher":{"@id":"https:\/\/www.celttv.com.ar\/#organization"},"articleSection":["Comunidad","Destacadas","Pol\u00edtica"],"inLanguage":"es"},{"@type":"WebPage","@id":"https:\/\/www.celttv.com.ar\/index.php\/2013\/09\/06\/sierra-tornquist-y-villa-beneficiados-con-una-historica-obra-de-iluminacion\/","url":"https:\/\/www.celttv.com.ar\/index.php\/2013\/09\/06\/sierra-tornquist-y-villa-beneficiados-con-una-historica-obra-de-iluminacion\/","name":"SIERRA, TORNQUIST Y VILLA BENEFICIADOS CON UNA HISTORICA OBRA DE ILUMINACION - CELTTV","isPartOf":{"@id":"https:\/\/www.celttv.com.ar\/#website"},"datePublished":"2013-09-06T20:22:09+00:00","dateModified":"2013-09-06T20:22:09+00:00","description":"Sitio web de noticias de la localidad de Tornquist, provincia de Buenos Aires, Rep\u00fablica Argentina. Contenido propio originado por periodistas de CELTTV, el canal de TV local de la Cooperativa El\u00e9ctrica de Tornquist. Turismo, Pol\u00edtica, Sociedad, Deporte, Cultura y todo el contenido de inter\u00e9s general que la gente del pueblo y la regi\u00f3n debe conocer.","breadcrumb":{"@id":"https:\/\/www.celttv.com.ar\/index.php\/2013\/09\/06\/sierra-tornquist-y-villa-beneficiados-con-una-historica-obra-de-iluminacion\/#breadcrumb"},"inLanguage":"es","potentialAction":[{"@type":"ReadAction","target":["https:\/\/www.celttv.com.ar\/index.php\/2013\/09\/06\/sierra-tornquist-y-villa-beneficiados-con-una-historica-obra-de-iluminacion\/"]}]},{"@type":"BreadcrumbList","@id":"https:\/\/www.celttv.com.ar\/index.php\/2013\/09\/06\/sierra-tornquist-y-villa-beneficiados-con-una-historica-obra-de-iluminacion\/#breadcrumb","itemListElement":[{"@type":"ListItem","position":1,"name":"Inicio","item":"https:\/\/www.celttv.com.ar\/"},{"@type":"ListItem","position":2,"name":"SIERRA, TORNQUIST Y VILLA BENEFICIADOS CON UNA HISTORICA OBRA DE ILUMINACION"}]},{"@type":"WebSite","@id":"https:\/\/www.celttv.com.ar\/#website","url":"https:\/\/www.celttv.com.ar\/","name":"CELTTV","description":"Cooperativa El\u00e9ctrica de Tornquist","publisher":{"@id":"https:\/\/www.celttv.com.ar\/#organization"},"potentialAction":[{"@type":"SearchAction","target":{"@type":"EntryPoint","urlTemplate":"https:\/\/www.celttv.com.ar\/?s={search_term_string}"},"query-input":"required name=search_term_string"}],"inLanguage":"es"},{"@type":"Organization","@id":"https:\/\/www.celttv.com.ar\/#organization","name":"CELTTV","url":"https:\/\/www.celttv.com.ar\/","sameAs":["https:\/\/www.youtube.com\/channel\/UCz_oIt8Hig64Ub-EmcNPIhg","https:\/\/www.facebook.com\/celtTV\/"],"logo":{"@type":"ImageObject","inLanguage":"es","@id":"https:\/\/www.celttv.com.ar\/#\/schema\/logo\/image\/","url":"http:\/\/www.celttv.com.ar\/wp-content\/uploads\/2022\/08\/logo-1.png","contentUrl":"http:\/\/www.celttv.com.ar\/wp-content\/uploads\/2022\/08\/logo-1.png","width":461,"height":159,"caption":"CELTTV"},"image":{"@id":"https:\/\/www.celttv.com.ar\/#\/schema\/logo\/image\/"}},{"@type":"Person","@id":"https:\/\/www.celttv.com.ar\/#\/schema\/person\/6d99c072dba59953809c81446e9d0ace","name":"ulises","image":{"@type":"ImageObject","inLanguage":"es","@id":"https:\/\/www.celttv.com.ar\/#\/schema\/person\/image\/","url":"https:\/\/secure.gravatar.com\/avatar\/7f2c48bdc33b30088f941fb6082e555f2874c98e20cb159d7b92b50eadfce793?s=96&d=mm&r=g","contentUrl":"https:\/\/secure.gravatar.com\/avatar\/7f2c48bdc33b30088f941fb6082e555f2874c98e20cb159d7b92b50eadfce793?s=96&d=mm&r=g","caption":"ulises"},"sameAs":["http:\/\/www.celttv.com.ar"]}]}},"_links":{"self":[{"href":"https:\/\/www.celttv.com.ar\/index.php\/wp-json\/wp\/v2\/posts\/13817","targetHints":{"allow":["GET"]}}],"collection":[{"href":"https:\/\/www.celttv.com.ar\/index.php\/wp-json\/wp\/v2\/posts"}],"about":[{"href":"https:\/\/www.celttv.com.ar\/index.php\/wp-json\/wp\/v2\/types\/post"}],"author":[{"embeddable":true,"href":"https:\/\/www.celttv.com.ar\/index.php\/wp-json\/wp\/v2\/users\/1"}],"replies":[{"embeddable":true,"href":"https:\/\/www.celttv.com.ar\/index.php\/wp-json\/wp\/v2\/comments?post=13817"}],"version-history":[{"count":0,"href":"https:\/\/www.celttv.com.ar\/index.php\/wp-json\/wp\/v2\/posts\/13817\/revisions"}],"wp:attachment":[{"href":"https:\/\/www.celttv.com.ar\/index.php\/wp-json\/wp\/v2\/media?parent=13817"}],"wp:term":[{"taxonomy":"category","embeddable":true,"href":"https:\/\/www.celttv.com.ar\/index.php\/wp-json\/wp\/v2\/categories?post=13817"},{"taxonomy":"post_tag","embeddable":true,"href":"https:\/\/www.celttv.com.ar\/index.php\/wp-json\/wp\/v2\/tags?post=13817"}],"curies":[{"name":"wp","href":"https:\/\/api.w.org\/{rel}","templated":true}]}}