{"id":13823,"date":"2013-09-07T14:23:00","date_gmt":"2013-09-07T14:23:00","guid":{"rendered":"http:\/\/www.tvcnoticias.com.ar\/?p=13823"},"modified":"2013-09-07T14:23:00","modified_gmt":"2013-09-07T14:23:00","slug":"villa-ventana-condenan-a-maestro-acusado-de-haberle-tocado-un-seno-a-una-alumna","status":"publish","type":"post","link":"https:\/\/www.celttv.com.ar\/index.php\/2013\/09\/07\/villa-ventana-condenan-a-maestro-acusado-de-haberle-tocado-un-seno-a-una-alumna\/","title":{"rendered":"VILLA VENTANA: CONDENAN A MAESTRO ACUSADO DE HABERLE TOCADO UN SENO A UNA ALUMNA"},"content":{"rendered":"<div>Villa Ventana: condenan a maestro acusado de haberle tocado un seno a una alumna de 14 a\u00f1os<\/div>\n<div>\nLa justicia conden\u00f3 a un maestro de Villa Ventana a un a\u00f1o de prisi\u00f3n en suspenso por haberle tocado un seno a una alumna de 14 a\u00f1os.<br \/>\n&nbsp;<br \/>\nEl acusado, Jos\u00e9 Quintino Andrada de 50 a\u00f1os, adem\u00e1s\u00a0deber\u00e1 someterse por dos a\u00f1os al cuidado del Patronato de Liberados,\u00a0de acuerdo con el fallo del juez en lo Correccional N\u00ba 1 Jos\u00e9 Luis Ares.<br \/>\n&nbsp;<br \/>\nEl magistrado dio por acreditado que en la madrugada del 29 de octubre de 2009, en el interior de un auto, &#8220;abusando de su autoridad como docente&#8221;, Andrada manose\u00f3 a la chica luego de &#8220;hab\u00e9rsele propuesto con insistencia mantener relaciones sexuales&#8221;.<br \/>\n&nbsp;<br \/>\nEntre las declaraciones que destac\u00f3 Ares se encuentra la de una docente cuya hija es amiga de la v\u00edctima, quien cont\u00f3 la forma en que se enter\u00f3 de la situaci\u00f3n y mencion\u00f3 que el acusado &#8220;era una persona muy confianzuda&#8221;.<br \/>\n&nbsp;<br \/>\nUna compa\u00f1era de la v\u00edctima dijo que la adolescente le cont\u00f3 lo ocurrido y que le crey\u00f3, porque el maestro &#8220;les contaba cosas sexuales, pel\u00edculas pornogr\u00e1ficas, no ten\u00edan clase de cultura y est\u00e9tica&#8221;.<br \/>\n&nbsp;<br \/>\nEl imputado sostuvo que &#8220;durante 20\u00a0a\u00f1os tuvo una forma de trabajar no convencional, con buenos resultados y sin problemas&#8221;.<br \/>\n&nbsp;<br \/>\nTambi\u00e9n manifest\u00f3 que &#8220;ejerci\u00f3 muchos a\u00f1os la docencia con absoluto respeto por los dem\u00e1s&#8221; y &#8220;que los hechos que denunciara no existieron jam\u00e1s. Es inexplicable que haya dicho eso, quiz\u00e1 necesitaba atenci\u00f3n y contenci\u00f3n familiar&#8221;.<br \/>\n&nbsp;<br \/>\nEn el juicio declararon alumnos y docentes\u00a0que destacaron la labor del\u00a0profesor y negaron haber escuchado &#8220;frases o situaciones fuera de lugar&#8221;.<br \/>\n&nbsp;<br \/>\n&#8220;Debo decir que la joven me impresion\u00f3 como muy sincera y veraz, se mantuvo muy firme en la confrontaci\u00f3n a la que se vio sometida. Adem\u00e1s, debo destacar que no carg\u00f3 las tintas para nada contra el imputado, y relat\u00f3 el episodio en t\u00e9rminos similares a los que expusiera en la etapa preparatoria&#8221;, se\u00f1al\u00f3 el juez.<br \/>\n&nbsp;<br \/>\nY agreg\u00f3: &#8220;Ninguna raz\u00f3n se advierte de su parte para desear perjudicar a su profesor con quien hasta entonces ten\u00eda una buena relaci\u00f3n&#8221;.<br \/>\n&nbsp;<br \/>\nAhora la defensa del acusado tiene la posibilidad de apelar.\n<\/div>\n<p>Fuente: \u00a0La Nueva Provincia\/la brujula<\/p>\n","protected":false},"excerpt":{"rendered":"<p>Villa Ventana: condenan a maestro acusado de haberle tocado un seno a una alumna de 14 a\u00f1os La justicia conden\u00f3 a un maestro de Villa Ventana a un a\u00f1o de prisi\u00f3n en suspenso por haberle tocado un seno a una alumna de 14 a\u00f1os. &nbsp; El acusado, Jos\u00e9 Quintino Andrada de 50 a\u00f1os, adem\u00e1s\u00a0deber\u00e1 someterse [&hellip;]<\/p>\n","protected":false},"author":1,"featured_media":0,"comment_status":"closed","ping_status":"open","sticky":false,"template":"","format":"standard","meta":{"footnotes":""},"categories":[51,52,61],"tags":[],"class_list":["post-13823","post","type-post","status-publish","format-standard","hentry","category-comunidad","category-destacadas","category-policiales"],"yoast_head":"<!-- This site is optimized with the Yoast SEO plugin v19.7.1 - https:\/\/yoast.com\/wordpress\/plugins\/seo\/ -->\n<title>VILLA VENTANA: CONDENAN A MAESTRO ACUSADO DE HABERLE TOCADO UN SENO A UNA ALUMNA - CELTTV<\/title>\n<meta name=\"description\" content=\"Sitio web de noticias de la localidad de Tornquist, provincia de Buenos Aires, Rep\u00fablica Argentina. Contenido propio originado por periodistas de CELTTV, el canal de TV local de la Cooperativa El\u00e9ctrica de Tornquist. Turismo, Pol\u00edtica, Sociedad, Deporte, Cultura y todo el contenido de inter\u00e9s general que la gente del pueblo y la regi\u00f3n debe conocer.\" \/>\n<meta name=\"robots\" content=\"index, follow, max-snippet:-1, max-image-preview:large, max-video-preview:-1\" \/>\n<link rel=\"canonical\" href=\"https:\/\/www.celttv.com.ar\/index.php\/2013\/09\/07\/villa-ventana-condenan-a-maestro-acusado-de-haberle-tocado-un-seno-a-una-alumna\/\" \/>\n<meta property=\"og:locale\" content=\"es_ES\" \/>\n<meta property=\"og:type\" content=\"article\" \/>\n<meta property=\"og:title\" content=\"VILLA VENTANA: CONDENAN A MAESTRO ACUSADO DE HABERLE TOCADO UN SENO A UNA ALUMNA - CELTTV\" \/>\n<meta property=\"og:description\" content=\"Sitio web de noticias de la localidad de Tornquist, provincia de Buenos Aires, Rep\u00fablica Argentina. Contenido propio originado por periodistas de CELTTV, el canal de TV local de la Cooperativa El\u00e9ctrica de Tornquist. Turismo, Pol\u00edtica, Sociedad, Deporte, Cultura y todo el contenido de inter\u00e9s general que la gente del pueblo y la regi\u00f3n debe conocer.\" \/>\n<meta property=\"og:url\" content=\"https:\/\/www.celttv.com.ar\/index.php\/2013\/09\/07\/villa-ventana-condenan-a-maestro-acusado-de-haberle-tocado-un-seno-a-una-alumna\/\" \/>\n<meta property=\"og:site_name\" content=\"CELTTV\" \/>\n<meta property=\"article:publisher\" content=\"https:\/\/www.facebook.com\/celtTV\/\" \/>\n<meta property=\"article:published_time\" content=\"2013-09-07T14:23:00+00:00\" \/>\n<meta name=\"author\" content=\"ulises\" \/>\n<meta name=\"twitter:card\" content=\"summary_large_image\" \/>\n<meta name=\"twitter:label1\" content=\"Escrito por\" \/>\n\t<meta name=\"twitter:data1\" content=\"ulises\" \/>\n\t<meta name=\"twitter:label2\" content=\"Tiempo de lectura\" \/>\n\t<meta name=\"twitter:data2\" content=\"2 minutos\" \/>\n<script type=\"application\/ld+json\" class=\"yoast-schema-graph\">{\"@context\":\"https:\/\/schema.org\",\"@graph\":[{\"@type\":\"NewsArticle\",\"@id\":\"https:\/\/www.celttv.com.ar\/index.php\/2013\/09\/07\/villa-ventana-condenan-a-maestro-acusado-de-haberle-tocado-un-seno-a-una-alumna\/#article\",\"isPartOf\":{\"@id\":\"https:\/\/www.celttv.com.ar\/index.php\/2013\/09\/07\/villa-ventana-condenan-a-maestro-acusado-de-haberle-tocado-un-seno-a-una-alumna\/\"},\"author\":{\"name\":\"ulises\",\"@id\":\"https:\/\/www.celttv.com.ar\/#\/schema\/person\/6d99c072dba59953809c81446e9d0ace\"},\"headline\":\"VILLA VENTANA: CONDENAN A MAESTRO ACUSADO DE HABERLE TOCADO UN SENO A UNA ALUMNA\",\"datePublished\":\"2013-09-07T14:23:00+00:00\",\"dateModified\":\"2013-09-07T14:23:00+00:00\",\"mainEntityOfPage\":{\"@id\":\"https:\/\/www.celttv.com.ar\/index.php\/2013\/09\/07\/villa-ventana-condenan-a-maestro-acusado-de-haberle-tocado-un-seno-a-una-alumna\/\"},\"wordCount\":413,\"publisher\":{\"@id\":\"https:\/\/www.celttv.com.ar\/#organization\"},\"articleSection\":[\"Comunidad\",\"Destacadas\",\"Policiales\"],\"inLanguage\":\"es\"},{\"@type\":\"WebPage\",\"@id\":\"https:\/\/www.celttv.com.ar\/index.php\/2013\/09\/07\/villa-ventana-condenan-a-maestro-acusado-de-haberle-tocado-un-seno-a-una-alumna\/\",\"url\":\"https:\/\/www.celttv.com.ar\/index.php\/2013\/09\/07\/villa-ventana-condenan-a-maestro-acusado-de-haberle-tocado-un-seno-a-una-alumna\/\",\"name\":\"VILLA VENTANA: CONDENAN A MAESTRO ACUSADO DE HABERLE TOCADO UN SENO A UNA ALUMNA - CELTTV\",\"isPartOf\":{\"@id\":\"https:\/\/www.celttv.com.ar\/#website\"},\"datePublished\":\"2013-09-07T14:23:00+00:00\",\"dateModified\":\"2013-09-07T14:23:00+00:00\",\"description\":\"Sitio web de noticias de la localidad de Tornquist, provincia de Buenos Aires, Rep\u00fablica Argentina. Contenido propio originado por periodistas de CELTTV, el canal de TV local de la Cooperativa El\u00e9ctrica de Tornquist. Turismo, Pol\u00edtica, Sociedad, Deporte, Cultura y todo el contenido de inter\u00e9s general que la gente del pueblo y la regi\u00f3n debe conocer.\",\"breadcrumb\":{\"@id\":\"https:\/\/www.celttv.com.ar\/index.php\/2013\/09\/07\/villa-ventana-condenan-a-maestro-acusado-de-haberle-tocado-un-seno-a-una-alumna\/#breadcrumb\"},\"inLanguage\":\"es\",\"potentialAction\":[{\"@type\":\"ReadAction\",\"target\":[\"https:\/\/www.celttv.com.ar\/index.php\/2013\/09\/07\/villa-ventana-condenan-a-maestro-acusado-de-haberle-tocado-un-seno-a-una-alumna\/\"]}]},{\"@type\":\"BreadcrumbList\",\"@id\":\"https:\/\/www.celttv.com.ar\/index.php\/2013\/09\/07\/villa-ventana-condenan-a-maestro-acusado-de-haberle-tocado-un-seno-a-una-alumna\/#breadcrumb\",\"itemListElement\":[{\"@type\":\"ListItem\",\"position\":1,\"name\":\"Inicio\",\"item\":\"https:\/\/www.celttv.com.ar\/\"},{\"@type\":\"ListItem\",\"position\":2,\"name\":\"VILLA VENTANA: CONDENAN A MAESTRO ACUSADO DE HABERLE TOCADO UN SENO A UNA ALUMNA\"}]},{\"@type\":\"WebSite\",\"@id\":\"https:\/\/www.celttv.com.ar\/#website\",\"url\":\"https:\/\/www.celttv.com.ar\/\",\"name\":\"CELTTV\",\"description\":\"Cooperativa El\u00e9ctrica de Tornquist\",\"publisher\":{\"@id\":\"https:\/\/www.celttv.com.ar\/#organization\"},\"potentialAction\":[{\"@type\":\"SearchAction\",\"target\":{\"@type\":\"EntryPoint\",\"urlTemplate\":\"https:\/\/www.celttv.com.ar\/?s={search_term_string}\"},\"query-input\":\"required name=search_term_string\"}],\"inLanguage\":\"es\"},{\"@type\":\"Organization\",\"@id\":\"https:\/\/www.celttv.com.ar\/#organization\",\"name\":\"CELTTV\",\"url\":\"https:\/\/www.celttv.com.ar\/\",\"sameAs\":[\"https:\/\/www.youtube.com\/channel\/UCz_oIt8Hig64Ub-EmcNPIhg\",\"https:\/\/www.facebook.com\/celtTV\/\"],\"logo\":{\"@type\":\"ImageObject\",\"inLanguage\":\"es\",\"@id\":\"https:\/\/www.celttv.com.ar\/#\/schema\/logo\/image\/\",\"url\":\"http:\/\/www.celttv.com.ar\/wp-content\/uploads\/2022\/08\/logo-1.png\",\"contentUrl\":\"http:\/\/www.celttv.com.ar\/wp-content\/uploads\/2022\/08\/logo-1.png\",\"width\":461,\"height\":159,\"caption\":\"CELTTV\"},\"image\":{\"@id\":\"https:\/\/www.celttv.com.ar\/#\/schema\/logo\/image\/\"}},{\"@type\":\"Person\",\"@id\":\"https:\/\/www.celttv.com.ar\/#\/schema\/person\/6d99c072dba59953809c81446e9d0ace\",\"name\":\"ulises\",\"image\":{\"@type\":\"ImageObject\",\"inLanguage\":\"es\",\"@id\":\"https:\/\/www.celttv.com.ar\/#\/schema\/person\/image\/\",\"url\":\"https:\/\/secure.gravatar.com\/avatar\/7f2c48bdc33b30088f941fb6082e555f2874c98e20cb159d7b92b50eadfce793?s=96&d=mm&r=g\",\"contentUrl\":\"https:\/\/secure.gravatar.com\/avatar\/7f2c48bdc33b30088f941fb6082e555f2874c98e20cb159d7b92b50eadfce793?s=96&d=mm&r=g\",\"caption\":\"ulises\"},\"sameAs\":[\"http:\/\/www.celttv.com.ar\"]}]}<\/script>\n<!-- \/ Yoast SEO plugin. -->","yoast_head_json":{"title":"VILLA VENTANA: CONDENAN A MAESTRO ACUSADO DE HABERLE TOCADO UN SENO A UNA ALUMNA - CELTTV","description":"Sitio web de noticias de la localidad de Tornquist, provincia de Buenos Aires, Rep\u00fablica Argentina. Contenido propio originado por periodistas de CELTTV, el canal de TV local de la Cooperativa El\u00e9ctrica de Tornquist. Turismo, Pol\u00edtica, Sociedad, Deporte, Cultura y todo el contenido de inter\u00e9s general que la gente del pueblo y la regi\u00f3n debe conocer.","robots":{"index":"index","follow":"follow","max-snippet":"max-snippet:-1","max-image-preview":"max-image-preview:large","max-video-preview":"max-video-preview:-1"},"canonical":"https:\/\/www.celttv.com.ar\/index.php\/2013\/09\/07\/villa-ventana-condenan-a-maestro-acusado-de-haberle-tocado-un-seno-a-una-alumna\/","og_locale":"es_ES","og_type":"article","og_title":"VILLA VENTANA: CONDENAN A MAESTRO ACUSADO DE HABERLE TOCADO UN SENO A UNA ALUMNA - CELTTV","og_description":"Sitio web de noticias de la localidad de Tornquist, provincia de Buenos Aires, Rep\u00fablica Argentina. Contenido propio originado por periodistas de CELTTV, el canal de TV local de la Cooperativa El\u00e9ctrica de Tornquist. Turismo, Pol\u00edtica, Sociedad, Deporte, Cultura y todo el contenido de inter\u00e9s general que la gente del pueblo y la regi\u00f3n debe conocer.","og_url":"https:\/\/www.celttv.com.ar\/index.php\/2013\/09\/07\/villa-ventana-condenan-a-maestro-acusado-de-haberle-tocado-un-seno-a-una-alumna\/","og_site_name":"CELTTV","article_publisher":"https:\/\/www.facebook.com\/celtTV\/","article_published_time":"2013-09-07T14:23:00+00:00","author":"ulises","twitter_card":"summary_large_image","twitter_misc":{"Escrito por":"ulises","Tiempo de lectura":"2 minutos"},"schema":{"@context":"https:\/\/schema.org","@graph":[{"@type":"NewsArticle","@id":"https:\/\/www.celttv.com.ar\/index.php\/2013\/09\/07\/villa-ventana-condenan-a-maestro-acusado-de-haberle-tocado-un-seno-a-una-alumna\/#article","isPartOf":{"@id":"https:\/\/www.celttv.com.ar\/index.php\/2013\/09\/07\/villa-ventana-condenan-a-maestro-acusado-de-haberle-tocado-un-seno-a-una-alumna\/"},"author":{"name":"ulises","@id":"https:\/\/www.celttv.com.ar\/#\/schema\/person\/6d99c072dba59953809c81446e9d0ace"},"headline":"VILLA VENTANA: CONDENAN A MAESTRO ACUSADO DE HABERLE TOCADO UN SENO A UNA ALUMNA","datePublished":"2013-09-07T14:23:00+00:00","dateModified":"2013-09-07T14:23:00+00:00","mainEntityOfPage":{"@id":"https:\/\/www.celttv.com.ar\/index.php\/2013\/09\/07\/villa-ventana-condenan-a-maestro-acusado-de-haberle-tocado-un-seno-a-una-alumna\/"},"wordCount":413,"publisher":{"@id":"https:\/\/www.celttv.com.ar\/#organization"},"articleSection":["Comunidad","Destacadas","Policiales"],"inLanguage":"es"},{"@type":"WebPage","@id":"https:\/\/www.celttv.com.ar\/index.php\/2013\/09\/07\/villa-ventana-condenan-a-maestro-acusado-de-haberle-tocado-un-seno-a-una-alumna\/","url":"https:\/\/www.celttv.com.ar\/index.php\/2013\/09\/07\/villa-ventana-condenan-a-maestro-acusado-de-haberle-tocado-un-seno-a-una-alumna\/","name":"VILLA VENTANA: CONDENAN A MAESTRO ACUSADO DE HABERLE TOCADO UN SENO A UNA ALUMNA - CELTTV","isPartOf":{"@id":"https:\/\/www.celttv.com.ar\/#website"},"datePublished":"2013-09-07T14:23:00+00:00","dateModified":"2013-09-07T14:23:00+00:00","description":"Sitio web de noticias de la localidad de Tornquist, provincia de Buenos Aires, Rep\u00fablica Argentina. Contenido propio originado por periodistas de CELTTV, el canal de TV local de la Cooperativa El\u00e9ctrica de Tornquist. Turismo, Pol\u00edtica, Sociedad, Deporte, Cultura y todo el contenido de inter\u00e9s general que la gente del pueblo y la regi\u00f3n debe conocer.","breadcrumb":{"@id":"https:\/\/www.celttv.com.ar\/index.php\/2013\/09\/07\/villa-ventana-condenan-a-maestro-acusado-de-haberle-tocado-un-seno-a-una-alumna\/#breadcrumb"},"inLanguage":"es","potentialAction":[{"@type":"ReadAction","target":["https:\/\/www.celttv.com.ar\/index.php\/2013\/09\/07\/villa-ventana-condenan-a-maestro-acusado-de-haberle-tocado-un-seno-a-una-alumna\/"]}]},{"@type":"BreadcrumbList","@id":"https:\/\/www.celttv.com.ar\/index.php\/2013\/09\/07\/villa-ventana-condenan-a-maestro-acusado-de-haberle-tocado-un-seno-a-una-alumna\/#breadcrumb","itemListElement":[{"@type":"ListItem","position":1,"name":"Inicio","item":"https:\/\/www.celttv.com.ar\/"},{"@type":"ListItem","position":2,"name":"VILLA VENTANA: CONDENAN A MAESTRO ACUSADO DE HABERLE TOCADO UN SENO A UNA ALUMNA"}]},{"@type":"WebSite","@id":"https:\/\/www.celttv.com.ar\/#website","url":"https:\/\/www.celttv.com.ar\/","name":"CELTTV","description":"Cooperativa El\u00e9ctrica de Tornquist","publisher":{"@id":"https:\/\/www.celttv.com.ar\/#organization"},"potentialAction":[{"@type":"SearchAction","target":{"@type":"EntryPoint","urlTemplate":"https:\/\/www.celttv.com.ar\/?s={search_term_string}"},"query-input":"required name=search_term_string"}],"inLanguage":"es"},{"@type":"Organization","@id":"https:\/\/www.celttv.com.ar\/#organization","name":"CELTTV","url":"https:\/\/www.celttv.com.ar\/","sameAs":["https:\/\/www.youtube.com\/channel\/UCz_oIt8Hig64Ub-EmcNPIhg","https:\/\/www.facebook.com\/celtTV\/"],"logo":{"@type":"ImageObject","inLanguage":"es","@id":"https:\/\/www.celttv.com.ar\/#\/schema\/logo\/image\/","url":"http:\/\/www.celttv.com.ar\/wp-content\/uploads\/2022\/08\/logo-1.png","contentUrl":"http:\/\/www.celttv.com.ar\/wp-content\/uploads\/2022\/08\/logo-1.png","width":461,"height":159,"caption":"CELTTV"},"image":{"@id":"https:\/\/www.celttv.com.ar\/#\/schema\/logo\/image\/"}},{"@type":"Person","@id":"https:\/\/www.celttv.com.ar\/#\/schema\/person\/6d99c072dba59953809c81446e9d0ace","name":"ulises","image":{"@type":"ImageObject","inLanguage":"es","@id":"https:\/\/www.celttv.com.ar\/#\/schema\/person\/image\/","url":"https:\/\/secure.gravatar.com\/avatar\/7f2c48bdc33b30088f941fb6082e555f2874c98e20cb159d7b92b50eadfce793?s=96&d=mm&r=g","contentUrl":"https:\/\/secure.gravatar.com\/avatar\/7f2c48bdc33b30088f941fb6082e555f2874c98e20cb159d7b92b50eadfce793?s=96&d=mm&r=g","caption":"ulises"},"sameAs":["http:\/\/www.celttv.com.ar"]}]}},"_links":{"self":[{"href":"https:\/\/www.celttv.com.ar\/index.php\/wp-json\/wp\/v2\/posts\/13823","targetHints":{"allow":["GET"]}}],"collection":[{"href":"https:\/\/www.celttv.com.ar\/index.php\/wp-json\/wp\/v2\/posts"}],"about":[{"href":"https:\/\/www.celttv.com.ar\/index.php\/wp-json\/wp\/v2\/types\/post"}],"author":[{"embeddable":true,"href":"https:\/\/www.celttv.com.ar\/index.php\/wp-json\/wp\/v2\/users\/1"}],"replies":[{"embeddable":true,"href":"https:\/\/www.celttv.com.ar\/index.php\/wp-json\/wp\/v2\/comments?post=13823"}],"version-history":[{"count":0,"href":"https:\/\/www.celttv.com.ar\/index.php\/wp-json\/wp\/v2\/posts\/13823\/revisions"}],"wp:attachment":[{"href":"https:\/\/www.celttv.com.ar\/index.php\/wp-json\/wp\/v2\/media?parent=13823"}],"wp:term":[{"taxonomy":"category","embeddable":true,"href":"https:\/\/www.celttv.com.ar\/index.php\/wp-json\/wp\/v2\/categories?post=13823"},{"taxonomy":"post_tag","embeddable":true,"href":"https:\/\/www.celttv.com.ar\/index.php\/wp-json\/wp\/v2\/tags?post=13823"}],"curies":[{"name":"wp","href":"https:\/\/api.w.org\/{rel}","templated":true}]}}