{"id":1386,"date":"2011-09-05T15:19:42","date_gmt":"2011-09-05T15:19:42","guid":{"rendered":"http:\/\/www.tvcnoticias.com.ar\/?p=1386"},"modified":"2011-09-05T15:19:42","modified_gmt":"2011-09-05T15:19:42","slug":"uno-de-los-condenados-por-la-represion-del-puente-pueyrredon-integraba-banda-de-secuestradores-extorsivos","status":"publish","type":"post","link":"https:\/\/www.celttv.com.ar\/index.php\/2011\/09\/05\/uno-de-los-condenados-por-la-represion-del-puente-pueyrredon-integraba-banda-de-secuestradores-extorsivos\/","title":{"rendered":"UNO DE LOS CONDENADOS POR LA REPRESION DEL PUENTE PUEYRREDON INTEGRABA BANDA DE SECUESTRADORES EXTORSIVOS"},"content":{"rendered":"<p>Las \u00faltimas horas han dado nuevas muestras de lo que la poblaci\u00f3n sabe con total claridad y Prensa Obrera ha sostenido en extensi\u00f3n:\u00a0 el v\u00ednculo que une a las bandas delictivas con el Estado y sus aparatos de represi\u00f3n.\u00a0 No s\u00f3lo ha salido a la luz que los asesinos de Candela actuaron con los m\u00e9todos propios de quienes conocen desde adentro las\u00a0 investigaciones policiales, incluyendo a la que estaba en curso por Candela.<br \/>\nAhora, nos enteramos que en uno de los \u00faltimos allanamientos de estos d\u00edas cay\u00f3\u00a0 el ex-Sargento Carlos Leiva, condenado por participar en la represi\u00f3n donde fueron asesinados Kosteki y Santill\u00e1n y decenas fueron heridos gravemente con balas de plomo. Ahora, Leiva fue detenido junto a una banda que ten\u00eda &#8221; una prol\u00edfica actividad en secuestros extorsivos producidos en la Capital y en el conurbano bonaerense&#8221; seg\u00fan voceros del Ministerio de Seguridad,. En la misma redada, se detuvo a\u00a0 una polic\u00eda federal en actividad de la Comisar\u00eda 29. (Cable DyN)<br \/>\nLo de Leiva es una muestra de la impunidad extrema con la que operan los miembros actuales y pasados de las fuerzas represivas. Se destac\u00f3 en la represi\u00f3n en Avellaneda tirando, de civil, con una Itaka,\u00a0 contra los manifestantes. Pr\u00f3fugo en los a\u00f1os posteriores, fue condenado finalmente en primera instancia en el 2006, por tentativa de homicidio.\u00a0 S\u00f3lo un a\u00f1o despu\u00e9s logr\u00f3\u00a0\u00a0 la\u00a0 libertad condicional, para caer nuevamente en 2009, con un auto robado y con tenencia de armas de guerra. Por este crimen ,deb\u00eda estar cumpliendo prisi\u00f3n domiciliaria. Pero el allanamiento de esta semana demostr\u00f3 que contaba con \u201cv\u00eda libre\u201d por parte de quienes deb\u00edan hacer cumplir se detenci\u00f3n.<br \/>\nVanina Kosteki, hermana de Maximiliano Kosteki, pedir\u00e1 junto a sus abogados una audiencia al Ministro Casal, para reclamar explicaciones sobre la impunidad con que se desenvolv\u00eda Leiva.<\/p>\n","protected":false},"excerpt":{"rendered":"<p>Las \u00faltimas horas han dado nuevas muestras de lo que la poblaci\u00f3n sabe con total claridad y Prensa Obrera ha sostenido en extensi\u00f3n:\u00a0 el v\u00ednculo que une a las bandas delictivas con el Estado y sus aparatos de represi\u00f3n.\u00a0 No s\u00f3lo ha salido a la luz que los asesinos de Candela actuaron con los m\u00e9todos [&hellip;]<\/p>\n","protected":false},"author":1,"featured_media":0,"comment_status":"closed","ping_status":"open","sticky":false,"template":"","format":"standard","meta":{"footnotes":""},"categories":[95],"tags":[],"class_list":["post-1386","post","type-post","status-publish","format-standard","hentry","category-opiniones"],"yoast_head":"<!-- This site is optimized with the Yoast SEO plugin v19.7.1 - https:\/\/yoast.com\/wordpress\/plugins\/seo\/ -->\n<title>UNO DE LOS CONDENADOS POR LA REPRESION DEL PUENTE PUEYRREDON INTEGRABA BANDA DE SECUESTRADORES EXTORSIVOS - CELTTV<\/title>\n<meta name=\"description\" content=\"Sitio web de noticias de la localidad de Tornquist, provincia de Buenos Aires, Rep\u00fablica Argentina. Contenido propio originado por periodistas de CELTTV, el canal de TV local de la Cooperativa El\u00e9ctrica de Tornquist. Turismo, Pol\u00edtica, Sociedad, Deporte, Cultura y todo el contenido de inter\u00e9s general que la gente del pueblo y la regi\u00f3n debe conocer.\" \/>\n<meta name=\"robots\" content=\"index, follow, max-snippet:-1, max-image-preview:large, max-video-preview:-1\" \/>\n<link rel=\"canonical\" href=\"https:\/\/www.celttv.com.ar\/index.php\/2011\/09\/05\/uno-de-los-condenados-por-la-represion-del-puente-pueyrredon-integraba-banda-de-secuestradores-extorsivos\/\" \/>\n<meta property=\"og:locale\" content=\"es_ES\" \/>\n<meta property=\"og:type\" content=\"article\" \/>\n<meta property=\"og:title\" content=\"UNO DE LOS CONDENADOS POR LA REPRESION DEL PUENTE PUEYRREDON INTEGRABA BANDA DE SECUESTRADORES EXTORSIVOS - CELTTV\" \/>\n<meta property=\"og:description\" content=\"Sitio web de noticias de la localidad de Tornquist, provincia de Buenos Aires, Rep\u00fablica Argentina. Contenido propio originado por periodistas de CELTTV, el canal de TV local de la Cooperativa El\u00e9ctrica de Tornquist. Turismo, Pol\u00edtica, Sociedad, Deporte, Cultura y todo el contenido de inter\u00e9s general que la gente del pueblo y la regi\u00f3n debe conocer.\" \/>\n<meta property=\"og:url\" content=\"https:\/\/www.celttv.com.ar\/index.php\/2011\/09\/05\/uno-de-los-condenados-por-la-represion-del-puente-pueyrredon-integraba-banda-de-secuestradores-extorsivos\/\" \/>\n<meta property=\"og:site_name\" content=\"CELTTV\" \/>\n<meta property=\"article:publisher\" content=\"https:\/\/www.facebook.com\/celtTV\/\" \/>\n<meta property=\"article:published_time\" content=\"2011-09-05T15:19:42+00:00\" \/>\n<meta name=\"author\" content=\"ulises\" \/>\n<meta name=\"twitter:card\" content=\"summary_large_image\" \/>\n<meta name=\"twitter:label1\" content=\"Escrito por\" \/>\n\t<meta name=\"twitter:data1\" content=\"ulises\" \/>\n\t<meta name=\"twitter:label2\" content=\"Tiempo de lectura\" \/>\n\t<meta name=\"twitter:data2\" content=\"2 minutos\" \/>\n<script type=\"application\/ld+json\" class=\"yoast-schema-graph\">{\"@context\":\"https:\/\/schema.org\",\"@graph\":[{\"@type\":\"NewsArticle\",\"@id\":\"https:\/\/www.celttv.com.ar\/index.php\/2011\/09\/05\/uno-de-los-condenados-por-la-represion-del-puente-pueyrredon-integraba-banda-de-secuestradores-extorsivos\/#article\",\"isPartOf\":{\"@id\":\"https:\/\/www.celttv.com.ar\/index.php\/2011\/09\/05\/uno-de-los-condenados-por-la-represion-del-puente-pueyrredon-integraba-banda-de-secuestradores-extorsivos\/\"},\"author\":{\"name\":\"ulises\",\"@id\":\"https:\/\/www.celttv.com.ar\/#\/schema\/person\/6d99c072dba59953809c81446e9d0ace\"},\"headline\":\"UNO DE LOS CONDENADOS POR LA REPRESION DEL PUENTE PUEYRREDON INTEGRABA BANDA DE SECUESTRADORES EXTORSIVOS\",\"datePublished\":\"2011-09-05T15:19:42+00:00\",\"dateModified\":\"2011-09-05T15:19:42+00:00\",\"mainEntityOfPage\":{\"@id\":\"https:\/\/www.celttv.com.ar\/index.php\/2011\/09\/05\/uno-de-los-condenados-por-la-represion-del-puente-pueyrredon-integraba-banda-de-secuestradores-extorsivos\/\"},\"wordCount\":336,\"publisher\":{\"@id\":\"https:\/\/www.celttv.com.ar\/#organization\"},\"articleSection\":[\"Opiniones\"],\"inLanguage\":\"es\"},{\"@type\":\"WebPage\",\"@id\":\"https:\/\/www.celttv.com.ar\/index.php\/2011\/09\/05\/uno-de-los-condenados-por-la-represion-del-puente-pueyrredon-integraba-banda-de-secuestradores-extorsivos\/\",\"url\":\"https:\/\/www.celttv.com.ar\/index.php\/2011\/09\/05\/uno-de-los-condenados-por-la-represion-del-puente-pueyrredon-integraba-banda-de-secuestradores-extorsivos\/\",\"name\":\"UNO DE LOS CONDENADOS POR LA REPRESION DEL PUENTE PUEYRREDON INTEGRABA BANDA DE SECUESTRADORES EXTORSIVOS - CELTTV\",\"isPartOf\":{\"@id\":\"https:\/\/www.celttv.com.ar\/#website\"},\"datePublished\":\"2011-09-05T15:19:42+00:00\",\"dateModified\":\"2011-09-05T15:19:42+00:00\",\"description\":\"Sitio web de noticias de la localidad de Tornquist, provincia de Buenos Aires, Rep\u00fablica Argentina. Contenido propio originado por periodistas de CELTTV, el canal de TV local de la Cooperativa El\u00e9ctrica de Tornquist. Turismo, Pol\u00edtica, Sociedad, Deporte, Cultura y todo el contenido de inter\u00e9s general que la gente del pueblo y la regi\u00f3n debe conocer.\",\"breadcrumb\":{\"@id\":\"https:\/\/www.celttv.com.ar\/index.php\/2011\/09\/05\/uno-de-los-condenados-por-la-represion-del-puente-pueyrredon-integraba-banda-de-secuestradores-extorsivos\/#breadcrumb\"},\"inLanguage\":\"es\",\"potentialAction\":[{\"@type\":\"ReadAction\",\"target\":[\"https:\/\/www.celttv.com.ar\/index.php\/2011\/09\/05\/uno-de-los-condenados-por-la-represion-del-puente-pueyrredon-integraba-banda-de-secuestradores-extorsivos\/\"]}]},{\"@type\":\"BreadcrumbList\",\"@id\":\"https:\/\/www.celttv.com.ar\/index.php\/2011\/09\/05\/uno-de-los-condenados-por-la-represion-del-puente-pueyrredon-integraba-banda-de-secuestradores-extorsivos\/#breadcrumb\",\"itemListElement\":[{\"@type\":\"ListItem\",\"position\":1,\"name\":\"Inicio\",\"item\":\"https:\/\/www.celttv.com.ar\/\"},{\"@type\":\"ListItem\",\"position\":2,\"name\":\"UNO DE LOS CONDENADOS POR LA REPRESION DEL PUENTE PUEYRREDON INTEGRABA BANDA DE SECUESTRADORES EXTORSIVOS\"}]},{\"@type\":\"WebSite\",\"@id\":\"https:\/\/www.celttv.com.ar\/#website\",\"url\":\"https:\/\/www.celttv.com.ar\/\",\"name\":\"CELTTV\",\"description\":\"Cooperativa El\u00e9ctrica de Tornquist\",\"publisher\":{\"@id\":\"https:\/\/www.celttv.com.ar\/#organization\"},\"potentialAction\":[{\"@type\":\"SearchAction\",\"target\":{\"@type\":\"EntryPoint\",\"urlTemplate\":\"https:\/\/www.celttv.com.ar\/?s={search_term_string}\"},\"query-input\":\"required name=search_term_string\"}],\"inLanguage\":\"es\"},{\"@type\":\"Organization\",\"@id\":\"https:\/\/www.celttv.com.ar\/#organization\",\"name\":\"CELTTV\",\"url\":\"https:\/\/www.celttv.com.ar\/\",\"sameAs\":[\"https:\/\/www.youtube.com\/channel\/UCz_oIt8Hig64Ub-EmcNPIhg\",\"https:\/\/www.facebook.com\/celtTV\/\"],\"logo\":{\"@type\":\"ImageObject\",\"inLanguage\":\"es\",\"@id\":\"https:\/\/www.celttv.com.ar\/#\/schema\/logo\/image\/\",\"url\":\"http:\/\/www.celttv.com.ar\/wp-content\/uploads\/2022\/08\/logo-1.png\",\"contentUrl\":\"http:\/\/www.celttv.com.ar\/wp-content\/uploads\/2022\/08\/logo-1.png\",\"width\":461,\"height\":159,\"caption\":\"CELTTV\"},\"image\":{\"@id\":\"https:\/\/www.celttv.com.ar\/#\/schema\/logo\/image\/\"}},{\"@type\":\"Person\",\"@id\":\"https:\/\/www.celttv.com.ar\/#\/schema\/person\/6d99c072dba59953809c81446e9d0ace\",\"name\":\"ulises\",\"image\":{\"@type\":\"ImageObject\",\"inLanguage\":\"es\",\"@id\":\"https:\/\/www.celttv.com.ar\/#\/schema\/person\/image\/\",\"url\":\"https:\/\/secure.gravatar.com\/avatar\/7f2c48bdc33b30088f941fb6082e555f2874c98e20cb159d7b92b50eadfce793?s=96&d=mm&r=g\",\"contentUrl\":\"https:\/\/secure.gravatar.com\/avatar\/7f2c48bdc33b30088f941fb6082e555f2874c98e20cb159d7b92b50eadfce793?s=96&d=mm&r=g\",\"caption\":\"ulises\"},\"sameAs\":[\"http:\/\/www.celttv.com.ar\"]}]}<\/script>\n<!-- \/ Yoast SEO plugin. -->","yoast_head_json":{"title":"UNO DE LOS CONDENADOS POR LA REPRESION DEL PUENTE PUEYRREDON INTEGRABA BANDA DE SECUESTRADORES EXTORSIVOS - CELTTV","description":"Sitio web de noticias de la localidad de Tornquist, provincia de Buenos Aires, Rep\u00fablica Argentina. Contenido propio originado por periodistas de CELTTV, el canal de TV local de la Cooperativa El\u00e9ctrica de Tornquist. Turismo, Pol\u00edtica, Sociedad, Deporte, Cultura y todo el contenido de inter\u00e9s general que la gente del pueblo y la regi\u00f3n debe conocer.","robots":{"index":"index","follow":"follow","max-snippet":"max-snippet:-1","max-image-preview":"max-image-preview:large","max-video-preview":"max-video-preview:-1"},"canonical":"https:\/\/www.celttv.com.ar\/index.php\/2011\/09\/05\/uno-de-los-condenados-por-la-represion-del-puente-pueyrredon-integraba-banda-de-secuestradores-extorsivos\/","og_locale":"es_ES","og_type":"article","og_title":"UNO DE LOS CONDENADOS POR LA REPRESION DEL PUENTE PUEYRREDON INTEGRABA BANDA DE SECUESTRADORES EXTORSIVOS - CELTTV","og_description":"Sitio web de noticias de la localidad de Tornquist, provincia de Buenos Aires, Rep\u00fablica Argentina. Contenido propio originado por periodistas de CELTTV, el canal de TV local de la Cooperativa El\u00e9ctrica de Tornquist. Turismo, Pol\u00edtica, Sociedad, Deporte, Cultura y todo el contenido de inter\u00e9s general que la gente del pueblo y la regi\u00f3n debe conocer.","og_url":"https:\/\/www.celttv.com.ar\/index.php\/2011\/09\/05\/uno-de-los-condenados-por-la-represion-del-puente-pueyrredon-integraba-banda-de-secuestradores-extorsivos\/","og_site_name":"CELTTV","article_publisher":"https:\/\/www.facebook.com\/celtTV\/","article_published_time":"2011-09-05T15:19:42+00:00","author":"ulises","twitter_card":"summary_large_image","twitter_misc":{"Escrito por":"ulises","Tiempo de lectura":"2 minutos"},"schema":{"@context":"https:\/\/schema.org","@graph":[{"@type":"NewsArticle","@id":"https:\/\/www.celttv.com.ar\/index.php\/2011\/09\/05\/uno-de-los-condenados-por-la-represion-del-puente-pueyrredon-integraba-banda-de-secuestradores-extorsivos\/#article","isPartOf":{"@id":"https:\/\/www.celttv.com.ar\/index.php\/2011\/09\/05\/uno-de-los-condenados-por-la-represion-del-puente-pueyrredon-integraba-banda-de-secuestradores-extorsivos\/"},"author":{"name":"ulises","@id":"https:\/\/www.celttv.com.ar\/#\/schema\/person\/6d99c072dba59953809c81446e9d0ace"},"headline":"UNO DE LOS CONDENADOS POR LA REPRESION DEL PUENTE PUEYRREDON INTEGRABA BANDA DE SECUESTRADORES EXTORSIVOS","datePublished":"2011-09-05T15:19:42+00:00","dateModified":"2011-09-05T15:19:42+00:00","mainEntityOfPage":{"@id":"https:\/\/www.celttv.com.ar\/index.php\/2011\/09\/05\/uno-de-los-condenados-por-la-represion-del-puente-pueyrredon-integraba-banda-de-secuestradores-extorsivos\/"},"wordCount":336,"publisher":{"@id":"https:\/\/www.celttv.com.ar\/#organization"},"articleSection":["Opiniones"],"inLanguage":"es"},{"@type":"WebPage","@id":"https:\/\/www.celttv.com.ar\/index.php\/2011\/09\/05\/uno-de-los-condenados-por-la-represion-del-puente-pueyrredon-integraba-banda-de-secuestradores-extorsivos\/","url":"https:\/\/www.celttv.com.ar\/index.php\/2011\/09\/05\/uno-de-los-condenados-por-la-represion-del-puente-pueyrredon-integraba-banda-de-secuestradores-extorsivos\/","name":"UNO DE LOS CONDENADOS POR LA REPRESION DEL PUENTE PUEYRREDON INTEGRABA BANDA DE SECUESTRADORES EXTORSIVOS - CELTTV","isPartOf":{"@id":"https:\/\/www.celttv.com.ar\/#website"},"datePublished":"2011-09-05T15:19:42+00:00","dateModified":"2011-09-05T15:19:42+00:00","description":"Sitio web de noticias de la localidad de Tornquist, provincia de Buenos Aires, Rep\u00fablica Argentina. Contenido propio originado por periodistas de CELTTV, el canal de TV local de la Cooperativa El\u00e9ctrica de Tornquist. Turismo, Pol\u00edtica, Sociedad, Deporte, Cultura y todo el contenido de inter\u00e9s general que la gente del pueblo y la regi\u00f3n debe conocer.","breadcrumb":{"@id":"https:\/\/www.celttv.com.ar\/index.php\/2011\/09\/05\/uno-de-los-condenados-por-la-represion-del-puente-pueyrredon-integraba-banda-de-secuestradores-extorsivos\/#breadcrumb"},"inLanguage":"es","potentialAction":[{"@type":"ReadAction","target":["https:\/\/www.celttv.com.ar\/index.php\/2011\/09\/05\/uno-de-los-condenados-por-la-represion-del-puente-pueyrredon-integraba-banda-de-secuestradores-extorsivos\/"]}]},{"@type":"BreadcrumbList","@id":"https:\/\/www.celttv.com.ar\/index.php\/2011\/09\/05\/uno-de-los-condenados-por-la-represion-del-puente-pueyrredon-integraba-banda-de-secuestradores-extorsivos\/#breadcrumb","itemListElement":[{"@type":"ListItem","position":1,"name":"Inicio","item":"https:\/\/www.celttv.com.ar\/"},{"@type":"ListItem","position":2,"name":"UNO DE LOS CONDENADOS POR LA REPRESION DEL PUENTE PUEYRREDON INTEGRABA BANDA DE SECUESTRADORES EXTORSIVOS"}]},{"@type":"WebSite","@id":"https:\/\/www.celttv.com.ar\/#website","url":"https:\/\/www.celttv.com.ar\/","name":"CELTTV","description":"Cooperativa El\u00e9ctrica de Tornquist","publisher":{"@id":"https:\/\/www.celttv.com.ar\/#organization"},"potentialAction":[{"@type":"SearchAction","target":{"@type":"EntryPoint","urlTemplate":"https:\/\/www.celttv.com.ar\/?s={search_term_string}"},"query-input":"required name=search_term_string"}],"inLanguage":"es"},{"@type":"Organization","@id":"https:\/\/www.celttv.com.ar\/#organization","name":"CELTTV","url":"https:\/\/www.celttv.com.ar\/","sameAs":["https:\/\/www.youtube.com\/channel\/UCz_oIt8Hig64Ub-EmcNPIhg","https:\/\/www.facebook.com\/celtTV\/"],"logo":{"@type":"ImageObject","inLanguage":"es","@id":"https:\/\/www.celttv.com.ar\/#\/schema\/logo\/image\/","url":"http:\/\/www.celttv.com.ar\/wp-content\/uploads\/2022\/08\/logo-1.png","contentUrl":"http:\/\/www.celttv.com.ar\/wp-content\/uploads\/2022\/08\/logo-1.png","width":461,"height":159,"caption":"CELTTV"},"image":{"@id":"https:\/\/www.celttv.com.ar\/#\/schema\/logo\/image\/"}},{"@type":"Person","@id":"https:\/\/www.celttv.com.ar\/#\/schema\/person\/6d99c072dba59953809c81446e9d0ace","name":"ulises","image":{"@type":"ImageObject","inLanguage":"es","@id":"https:\/\/www.celttv.com.ar\/#\/schema\/person\/image\/","url":"https:\/\/secure.gravatar.com\/avatar\/7f2c48bdc33b30088f941fb6082e555f2874c98e20cb159d7b92b50eadfce793?s=96&d=mm&r=g","contentUrl":"https:\/\/secure.gravatar.com\/avatar\/7f2c48bdc33b30088f941fb6082e555f2874c98e20cb159d7b92b50eadfce793?s=96&d=mm&r=g","caption":"ulises"},"sameAs":["http:\/\/www.celttv.com.ar"]}]}},"_links":{"self":[{"href":"https:\/\/www.celttv.com.ar\/index.php\/wp-json\/wp\/v2\/posts\/1386","targetHints":{"allow":["GET"]}}],"collection":[{"href":"https:\/\/www.celttv.com.ar\/index.php\/wp-json\/wp\/v2\/posts"}],"about":[{"href":"https:\/\/www.celttv.com.ar\/index.php\/wp-json\/wp\/v2\/types\/post"}],"author":[{"embeddable":true,"href":"https:\/\/www.celttv.com.ar\/index.php\/wp-json\/wp\/v2\/users\/1"}],"replies":[{"embeddable":true,"href":"https:\/\/www.celttv.com.ar\/index.php\/wp-json\/wp\/v2\/comments?post=1386"}],"version-history":[{"count":0,"href":"https:\/\/www.celttv.com.ar\/index.php\/wp-json\/wp\/v2\/posts\/1386\/revisions"}],"wp:attachment":[{"href":"https:\/\/www.celttv.com.ar\/index.php\/wp-json\/wp\/v2\/media?parent=1386"}],"wp:term":[{"taxonomy":"category","embeddable":true,"href":"https:\/\/www.celttv.com.ar\/index.php\/wp-json\/wp\/v2\/categories?post=1386"},{"taxonomy":"post_tag","embeddable":true,"href":"https:\/\/www.celttv.com.ar\/index.php\/wp-json\/wp\/v2\/tags?post=1386"}],"curies":[{"name":"wp","href":"https:\/\/api.w.org\/{rel}","templated":true}]}}