{"id":1389,"date":"2011-09-05T20:05:48","date_gmt":"2011-09-05T20:05:48","guid":{"rendered":"http:\/\/www.tvcnoticias.com.ar\/?p=1389"},"modified":"2011-09-05T20:05:48","modified_gmt":"2011-09-05T20:05:48","slug":"se-inauguro-el-nuevo-centro-de-interconexion-regional-de-trafico-de-datos-nap-network-access-point","status":"publish","type":"post","link":"https:\/\/www.celttv.com.ar\/index.php\/2011\/09\/05\/se-inauguro-el-nuevo-centro-de-interconexion-regional-de-trafico-de-datos-nap-network-access-point\/","title":{"rendered":"SE INAUGURO EL NUEVO CENTRO DE INTERCONEXION REGIONAL DE TRAFICO DE DATOS NAP (Network Access Point)"},"content":{"rendered":"<p>El NAP Regional Bah\u00eda Blanca, en el cual se incluye Tornquist y una basta regi\u00f3n a traves de NODOCOOP., es el primero en instalarse en la provincia de Buenos Aires.<br \/>\nEn dependencias del CONICET Bah\u00eda Blanca se dej\u00f3 inaugurado \u00e9ste martes 30 de agosto el nuevo centro de interconexi\u00f3n regional de tr\u00e1fico de datos NAP (o Network Access Point por sus siglas en ingles)<br \/>\n\u00a0Los NAPs son componentes fundamentales de la Red Internet. A traves de un NAP. se produce el intercambio de tr\u00e1fico entre las redes de diversas entidades (operadores, proveedores de acceso, organismos de gobierno, entidades acad\u00e9micas, etc).<br \/>\n\u00a0Son puntos neur\u00e1lgicos de la Red y el NAP Regional Bah\u00eda Blanca es el primero en instalarse en la provincia de Buenos Aires.<br \/>\n\u00a0Dando comienzo a este acto se escucharon conceptos del Director del CONICET Bah\u00eda Blanca N\u00e9stor Curvetto y Guillermo Crapiste, Rector de la Universidad Nacional del Sur, quienes coincidieron en resaltar la importancia del hist\u00f3rico acto.<br \/>\n\u00a0Tambi\u00e9n estuvo presente en representaci\u00f3n del Municipio de Bah\u00eda Blanca el Lic. Silvio Rauschenberger.<br \/>\n\u00a0La segundo mesa estuvo constituida por el presidente de CABASE Ariel Graizer, el vicepresidente de la misma entidad Patricio Seoane, el Presidente de SILICA NETWORK Horacio Martinez, el Dr. Guillermo Garc\u00eda, presidente de NOCOOOP y el gerente de URBAN NETWORKS Fernando Alarc\u00f3n.<br \/>\n\u00a0En representaci\u00f3n de NODOCOOP viajaron, adem\u00e1s de su presidente, el gerente Lic. Javier Montes y el vice presidente Ignacio Bucchi (CELT), representantes de distintas cooperativas que lo componen. En representaci\u00f3n de la Cooperativa El\u00e9ctrica de Tornquist estuvieron presentes el Vice Presidente Alberto Rubio y el encargado general de comunicaciones Mario Galindo.<br \/>\n<br \/>\nhttpv:\/\/www.youtube.com\/watch?v=VD06wqdRykc<br \/>\n<a href=\"http:\/\/www.youtube.com\/watch?v=UAtuQDfpfio\">httpv:\/\/www.youtube.com\/watch?v=UAtuQDfpfio<\/a><br \/>\n<a href=\"http:\/\/www.youtube.com\/watch?v=u8c2LXNvrNY\">httpv:\/\/www.youtube.com\/watch?v=u8c2LXNvrNY<\/a><br \/>\n<a>httpv:\/\/www.youtube.com\/watch?v=JfCotPxUPqM<\/a><\/p>\n","protected":false},"excerpt":{"rendered":"<p>El NAP Regional Bah\u00eda Blanca, en el cual se incluye Tornquist y una basta regi\u00f3n a traves de NODOCOOP., es el primero en instalarse en la provincia de Buenos Aires. En dependencias del CONICET Bah\u00eda Blanca se dej\u00f3 inaugurado \u00e9ste martes 30 de agosto el nuevo centro de interconexi\u00f3n regional de tr\u00e1fico de datos NAP [&hellip;]<\/p>\n","protected":false},"author":1,"featured_media":0,"comment_status":"closed","ping_status":"open","sticky":false,"template":"","format":"standard","meta":{"footnotes":""},"categories":[52,64],"tags":[],"class_list":["post-1389","post","type-post","status-publish","format-standard","hentry","category-destacadas","category-videos-destacados"],"yoast_head":"<!-- This site is optimized with the Yoast SEO plugin v19.7.1 - https:\/\/yoast.com\/wordpress\/plugins\/seo\/ -->\n<title>SE INAUGURO EL NUEVO CENTRO DE INTERCONEXION REGIONAL DE TRAFICO DE DATOS NAP (Network Access Point) - CELTTV<\/title>\n<meta name=\"description\" content=\"Sitio web de noticias de la localidad de Tornquist, provincia de Buenos Aires, Rep\u00fablica Argentina. Contenido propio originado por periodistas de CELTTV, el canal de TV local de la Cooperativa El\u00e9ctrica de Tornquist. Turismo, Pol\u00edtica, Sociedad, Deporte, Cultura y todo el contenido de inter\u00e9s general que la gente del pueblo y la regi\u00f3n debe conocer.\" \/>\n<meta name=\"robots\" content=\"index, follow, max-snippet:-1, max-image-preview:large, max-video-preview:-1\" \/>\n<link rel=\"canonical\" href=\"https:\/\/www.celttv.com.ar\/index.php\/2011\/09\/05\/se-inauguro-el-nuevo-centro-de-interconexion-regional-de-trafico-de-datos-nap-network-access-point\/\" \/>\n<meta property=\"og:locale\" content=\"es_ES\" \/>\n<meta property=\"og:type\" content=\"article\" \/>\n<meta property=\"og:title\" content=\"SE INAUGURO EL NUEVO CENTRO DE INTERCONEXION REGIONAL DE TRAFICO DE DATOS NAP (Network Access Point) - CELTTV\" \/>\n<meta property=\"og:description\" content=\"Sitio web de noticias de la localidad de Tornquist, provincia de Buenos Aires, Rep\u00fablica Argentina. Contenido propio originado por periodistas de CELTTV, el canal de TV local de la Cooperativa El\u00e9ctrica de Tornquist. Turismo, Pol\u00edtica, Sociedad, Deporte, Cultura y todo el contenido de inter\u00e9s general que la gente del pueblo y la regi\u00f3n debe conocer.\" \/>\n<meta property=\"og:url\" content=\"https:\/\/www.celttv.com.ar\/index.php\/2011\/09\/05\/se-inauguro-el-nuevo-centro-de-interconexion-regional-de-trafico-de-datos-nap-network-access-point\/\" \/>\n<meta property=\"og:site_name\" content=\"CELTTV\" \/>\n<meta property=\"article:publisher\" content=\"https:\/\/www.facebook.com\/celtTV\/\" \/>\n<meta property=\"article:published_time\" content=\"2011-09-05T20:05:48+00:00\" \/>\n<meta name=\"author\" content=\"ulises\" \/>\n<meta name=\"twitter:card\" content=\"summary_large_image\" \/>\n<meta name=\"twitter:label1\" content=\"Escrito por\" \/>\n\t<meta name=\"twitter:data1\" content=\"ulises\" \/>\n\t<meta name=\"twitter:label2\" content=\"Tiempo de lectura\" \/>\n\t<meta name=\"twitter:data2\" content=\"2 minutos\" \/>\n<script type=\"application\/ld+json\" class=\"yoast-schema-graph\">{\"@context\":\"https:\/\/schema.org\",\"@graph\":[{\"@type\":\"NewsArticle\",\"@id\":\"https:\/\/www.celttv.com.ar\/index.php\/2011\/09\/05\/se-inauguro-el-nuevo-centro-de-interconexion-regional-de-trafico-de-datos-nap-network-access-point\/#article\",\"isPartOf\":{\"@id\":\"https:\/\/www.celttv.com.ar\/index.php\/2011\/09\/05\/se-inauguro-el-nuevo-centro-de-interconexion-regional-de-trafico-de-datos-nap-network-access-point\/\"},\"author\":{\"name\":\"ulises\",\"@id\":\"https:\/\/www.celttv.com.ar\/#\/schema\/person\/6d99c072dba59953809c81446e9d0ace\"},\"headline\":\"SE INAUGURO EL NUEVO CENTRO DE INTERCONEXION REGIONAL DE TRAFICO DE DATOS NAP (Network Access Point)\",\"datePublished\":\"2011-09-05T20:05:48+00:00\",\"dateModified\":\"2011-09-05T20:05:48+00:00\",\"mainEntityOfPage\":{\"@id\":\"https:\/\/www.celttv.com.ar\/index.php\/2011\/09\/05\/se-inauguro-el-nuevo-centro-de-interconexion-regional-de-trafico-de-datos-nap-network-access-point\/\"},\"wordCount\":336,\"publisher\":{\"@id\":\"https:\/\/www.celttv.com.ar\/#organization\"},\"articleSection\":[\"Destacadas\",\"Videos Destacados\"],\"inLanguage\":\"es\"},{\"@type\":\"WebPage\",\"@id\":\"https:\/\/www.celttv.com.ar\/index.php\/2011\/09\/05\/se-inauguro-el-nuevo-centro-de-interconexion-regional-de-trafico-de-datos-nap-network-access-point\/\",\"url\":\"https:\/\/www.celttv.com.ar\/index.php\/2011\/09\/05\/se-inauguro-el-nuevo-centro-de-interconexion-regional-de-trafico-de-datos-nap-network-access-point\/\",\"name\":\"SE INAUGURO EL NUEVO CENTRO DE INTERCONEXION REGIONAL DE TRAFICO DE DATOS NAP (Network Access Point) - CELTTV\",\"isPartOf\":{\"@id\":\"https:\/\/www.celttv.com.ar\/#website\"},\"datePublished\":\"2011-09-05T20:05:48+00:00\",\"dateModified\":\"2011-09-05T20:05:48+00:00\",\"description\":\"Sitio web de noticias de la localidad de Tornquist, provincia de Buenos Aires, Rep\u00fablica Argentina. Contenido propio originado por periodistas de CELTTV, el canal de TV local de la Cooperativa El\u00e9ctrica de Tornquist. Turismo, Pol\u00edtica, Sociedad, Deporte, Cultura y todo el contenido de inter\u00e9s general que la gente del pueblo y la regi\u00f3n debe conocer.\",\"breadcrumb\":{\"@id\":\"https:\/\/www.celttv.com.ar\/index.php\/2011\/09\/05\/se-inauguro-el-nuevo-centro-de-interconexion-regional-de-trafico-de-datos-nap-network-access-point\/#breadcrumb\"},\"inLanguage\":\"es\",\"potentialAction\":[{\"@type\":\"ReadAction\",\"target\":[\"https:\/\/www.celttv.com.ar\/index.php\/2011\/09\/05\/se-inauguro-el-nuevo-centro-de-interconexion-regional-de-trafico-de-datos-nap-network-access-point\/\"]}]},{\"@type\":\"BreadcrumbList\",\"@id\":\"https:\/\/www.celttv.com.ar\/index.php\/2011\/09\/05\/se-inauguro-el-nuevo-centro-de-interconexion-regional-de-trafico-de-datos-nap-network-access-point\/#breadcrumb\",\"itemListElement\":[{\"@type\":\"ListItem\",\"position\":1,\"name\":\"Inicio\",\"item\":\"https:\/\/www.celttv.com.ar\/\"},{\"@type\":\"ListItem\",\"position\":2,\"name\":\"SE INAUGURO EL NUEVO CENTRO DE INTERCONEXION REGIONAL DE TRAFICO DE DATOS NAP (Network Access Point)\"}]},{\"@type\":\"WebSite\",\"@id\":\"https:\/\/www.celttv.com.ar\/#website\",\"url\":\"https:\/\/www.celttv.com.ar\/\",\"name\":\"CELTTV\",\"description\":\"Cooperativa El\u00e9ctrica de Tornquist\",\"publisher\":{\"@id\":\"https:\/\/www.celttv.com.ar\/#organization\"},\"potentialAction\":[{\"@type\":\"SearchAction\",\"target\":{\"@type\":\"EntryPoint\",\"urlTemplate\":\"https:\/\/www.celttv.com.ar\/?s={search_term_string}\"},\"query-input\":\"required name=search_term_string\"}],\"inLanguage\":\"es\"},{\"@type\":\"Organization\",\"@id\":\"https:\/\/www.celttv.com.ar\/#organization\",\"name\":\"CELTTV\",\"url\":\"https:\/\/www.celttv.com.ar\/\",\"sameAs\":[\"https:\/\/www.youtube.com\/channel\/UCz_oIt8Hig64Ub-EmcNPIhg\",\"https:\/\/www.facebook.com\/celtTV\/\"],\"logo\":{\"@type\":\"ImageObject\",\"inLanguage\":\"es\",\"@id\":\"https:\/\/www.celttv.com.ar\/#\/schema\/logo\/image\/\",\"url\":\"http:\/\/www.celttv.com.ar\/wp-content\/uploads\/2022\/08\/logo-1.png\",\"contentUrl\":\"http:\/\/www.celttv.com.ar\/wp-content\/uploads\/2022\/08\/logo-1.png\",\"width\":461,\"height\":159,\"caption\":\"CELTTV\"},\"image\":{\"@id\":\"https:\/\/www.celttv.com.ar\/#\/schema\/logo\/image\/\"}},{\"@type\":\"Person\",\"@id\":\"https:\/\/www.celttv.com.ar\/#\/schema\/person\/6d99c072dba59953809c81446e9d0ace\",\"name\":\"ulises\",\"image\":{\"@type\":\"ImageObject\",\"inLanguage\":\"es\",\"@id\":\"https:\/\/www.celttv.com.ar\/#\/schema\/person\/image\/\",\"url\":\"https:\/\/secure.gravatar.com\/avatar\/7f2c48bdc33b30088f941fb6082e555f2874c98e20cb159d7b92b50eadfce793?s=96&d=mm&r=g\",\"contentUrl\":\"https:\/\/secure.gravatar.com\/avatar\/7f2c48bdc33b30088f941fb6082e555f2874c98e20cb159d7b92b50eadfce793?s=96&d=mm&r=g\",\"caption\":\"ulises\"},\"sameAs\":[\"http:\/\/www.celttv.com.ar\"]}]}<\/script>\n<!-- \/ Yoast SEO plugin. -->","yoast_head_json":{"title":"SE INAUGURO EL NUEVO CENTRO DE INTERCONEXION REGIONAL DE TRAFICO DE DATOS NAP (Network Access Point) - CELTTV","description":"Sitio web de noticias de la localidad de Tornquist, provincia de Buenos Aires, Rep\u00fablica Argentina. Contenido propio originado por periodistas de CELTTV, el canal de TV local de la Cooperativa El\u00e9ctrica de Tornquist. Turismo, Pol\u00edtica, Sociedad, Deporte, Cultura y todo el contenido de inter\u00e9s general que la gente del pueblo y la regi\u00f3n debe conocer.","robots":{"index":"index","follow":"follow","max-snippet":"max-snippet:-1","max-image-preview":"max-image-preview:large","max-video-preview":"max-video-preview:-1"},"canonical":"https:\/\/www.celttv.com.ar\/index.php\/2011\/09\/05\/se-inauguro-el-nuevo-centro-de-interconexion-regional-de-trafico-de-datos-nap-network-access-point\/","og_locale":"es_ES","og_type":"article","og_title":"SE INAUGURO EL NUEVO CENTRO DE INTERCONEXION REGIONAL DE TRAFICO DE DATOS NAP (Network Access Point) - CELTTV","og_description":"Sitio web de noticias de la localidad de Tornquist, provincia de Buenos Aires, Rep\u00fablica Argentina. Contenido propio originado por periodistas de CELTTV, el canal de TV local de la Cooperativa El\u00e9ctrica de Tornquist. Turismo, Pol\u00edtica, Sociedad, Deporte, Cultura y todo el contenido de inter\u00e9s general que la gente del pueblo y la regi\u00f3n debe conocer.","og_url":"https:\/\/www.celttv.com.ar\/index.php\/2011\/09\/05\/se-inauguro-el-nuevo-centro-de-interconexion-regional-de-trafico-de-datos-nap-network-access-point\/","og_site_name":"CELTTV","article_publisher":"https:\/\/www.facebook.com\/celtTV\/","article_published_time":"2011-09-05T20:05:48+00:00","author":"ulises","twitter_card":"summary_large_image","twitter_misc":{"Escrito por":"ulises","Tiempo de lectura":"2 minutos"},"schema":{"@context":"https:\/\/schema.org","@graph":[{"@type":"NewsArticle","@id":"https:\/\/www.celttv.com.ar\/index.php\/2011\/09\/05\/se-inauguro-el-nuevo-centro-de-interconexion-regional-de-trafico-de-datos-nap-network-access-point\/#article","isPartOf":{"@id":"https:\/\/www.celttv.com.ar\/index.php\/2011\/09\/05\/se-inauguro-el-nuevo-centro-de-interconexion-regional-de-trafico-de-datos-nap-network-access-point\/"},"author":{"name":"ulises","@id":"https:\/\/www.celttv.com.ar\/#\/schema\/person\/6d99c072dba59953809c81446e9d0ace"},"headline":"SE INAUGURO EL NUEVO CENTRO DE INTERCONEXION REGIONAL DE TRAFICO DE DATOS NAP (Network Access Point)","datePublished":"2011-09-05T20:05:48+00:00","dateModified":"2011-09-05T20:05:48+00:00","mainEntityOfPage":{"@id":"https:\/\/www.celttv.com.ar\/index.php\/2011\/09\/05\/se-inauguro-el-nuevo-centro-de-interconexion-regional-de-trafico-de-datos-nap-network-access-point\/"},"wordCount":336,"publisher":{"@id":"https:\/\/www.celttv.com.ar\/#organization"},"articleSection":["Destacadas","Videos Destacados"],"inLanguage":"es"},{"@type":"WebPage","@id":"https:\/\/www.celttv.com.ar\/index.php\/2011\/09\/05\/se-inauguro-el-nuevo-centro-de-interconexion-regional-de-trafico-de-datos-nap-network-access-point\/","url":"https:\/\/www.celttv.com.ar\/index.php\/2011\/09\/05\/se-inauguro-el-nuevo-centro-de-interconexion-regional-de-trafico-de-datos-nap-network-access-point\/","name":"SE INAUGURO EL NUEVO CENTRO DE INTERCONEXION REGIONAL DE TRAFICO DE DATOS NAP (Network Access Point) - CELTTV","isPartOf":{"@id":"https:\/\/www.celttv.com.ar\/#website"},"datePublished":"2011-09-05T20:05:48+00:00","dateModified":"2011-09-05T20:05:48+00:00","description":"Sitio web de noticias de la localidad de Tornquist, provincia de Buenos Aires, Rep\u00fablica Argentina. Contenido propio originado por periodistas de CELTTV, el canal de TV local de la Cooperativa El\u00e9ctrica de Tornquist. Turismo, Pol\u00edtica, Sociedad, Deporte, Cultura y todo el contenido de inter\u00e9s general que la gente del pueblo y la regi\u00f3n debe conocer.","breadcrumb":{"@id":"https:\/\/www.celttv.com.ar\/index.php\/2011\/09\/05\/se-inauguro-el-nuevo-centro-de-interconexion-regional-de-trafico-de-datos-nap-network-access-point\/#breadcrumb"},"inLanguage":"es","potentialAction":[{"@type":"ReadAction","target":["https:\/\/www.celttv.com.ar\/index.php\/2011\/09\/05\/se-inauguro-el-nuevo-centro-de-interconexion-regional-de-trafico-de-datos-nap-network-access-point\/"]}]},{"@type":"BreadcrumbList","@id":"https:\/\/www.celttv.com.ar\/index.php\/2011\/09\/05\/se-inauguro-el-nuevo-centro-de-interconexion-regional-de-trafico-de-datos-nap-network-access-point\/#breadcrumb","itemListElement":[{"@type":"ListItem","position":1,"name":"Inicio","item":"https:\/\/www.celttv.com.ar\/"},{"@type":"ListItem","position":2,"name":"SE INAUGURO EL NUEVO CENTRO DE INTERCONEXION REGIONAL DE TRAFICO DE DATOS NAP (Network Access Point)"}]},{"@type":"WebSite","@id":"https:\/\/www.celttv.com.ar\/#website","url":"https:\/\/www.celttv.com.ar\/","name":"CELTTV","description":"Cooperativa El\u00e9ctrica de Tornquist","publisher":{"@id":"https:\/\/www.celttv.com.ar\/#organization"},"potentialAction":[{"@type":"SearchAction","target":{"@type":"EntryPoint","urlTemplate":"https:\/\/www.celttv.com.ar\/?s={search_term_string}"},"query-input":"required name=search_term_string"}],"inLanguage":"es"},{"@type":"Organization","@id":"https:\/\/www.celttv.com.ar\/#organization","name":"CELTTV","url":"https:\/\/www.celttv.com.ar\/","sameAs":["https:\/\/www.youtube.com\/channel\/UCz_oIt8Hig64Ub-EmcNPIhg","https:\/\/www.facebook.com\/celtTV\/"],"logo":{"@type":"ImageObject","inLanguage":"es","@id":"https:\/\/www.celttv.com.ar\/#\/schema\/logo\/image\/","url":"http:\/\/www.celttv.com.ar\/wp-content\/uploads\/2022\/08\/logo-1.png","contentUrl":"http:\/\/www.celttv.com.ar\/wp-content\/uploads\/2022\/08\/logo-1.png","width":461,"height":159,"caption":"CELTTV"},"image":{"@id":"https:\/\/www.celttv.com.ar\/#\/schema\/logo\/image\/"}},{"@type":"Person","@id":"https:\/\/www.celttv.com.ar\/#\/schema\/person\/6d99c072dba59953809c81446e9d0ace","name":"ulises","image":{"@type":"ImageObject","inLanguage":"es","@id":"https:\/\/www.celttv.com.ar\/#\/schema\/person\/image\/","url":"https:\/\/secure.gravatar.com\/avatar\/7f2c48bdc33b30088f941fb6082e555f2874c98e20cb159d7b92b50eadfce793?s=96&d=mm&r=g","contentUrl":"https:\/\/secure.gravatar.com\/avatar\/7f2c48bdc33b30088f941fb6082e555f2874c98e20cb159d7b92b50eadfce793?s=96&d=mm&r=g","caption":"ulises"},"sameAs":["http:\/\/www.celttv.com.ar"]}]}},"_links":{"self":[{"href":"https:\/\/www.celttv.com.ar\/index.php\/wp-json\/wp\/v2\/posts\/1389","targetHints":{"allow":["GET"]}}],"collection":[{"href":"https:\/\/www.celttv.com.ar\/index.php\/wp-json\/wp\/v2\/posts"}],"about":[{"href":"https:\/\/www.celttv.com.ar\/index.php\/wp-json\/wp\/v2\/types\/post"}],"author":[{"embeddable":true,"href":"https:\/\/www.celttv.com.ar\/index.php\/wp-json\/wp\/v2\/users\/1"}],"replies":[{"embeddable":true,"href":"https:\/\/www.celttv.com.ar\/index.php\/wp-json\/wp\/v2\/comments?post=1389"}],"version-history":[{"count":0,"href":"https:\/\/www.celttv.com.ar\/index.php\/wp-json\/wp\/v2\/posts\/1389\/revisions"}],"wp:attachment":[{"href":"https:\/\/www.celttv.com.ar\/index.php\/wp-json\/wp\/v2\/media?parent=1389"}],"wp:term":[{"taxonomy":"category","embeddable":true,"href":"https:\/\/www.celttv.com.ar\/index.php\/wp-json\/wp\/v2\/categories?post=1389"},{"taxonomy":"post_tag","embeddable":true,"href":"https:\/\/www.celttv.com.ar\/index.php\/wp-json\/wp\/v2\/tags?post=1389"}],"curies":[{"name":"wp","href":"https:\/\/api.w.org\/{rel}","templated":true}]}}