{"id":13928,"date":"2013-09-11T00:26:44","date_gmt":"2013-09-11T00:26:44","guid":{"rendered":"http:\/\/www.tvcnoticias.com.ar\/?p=13928"},"modified":"2013-09-11T00:26:44","modified_gmt":"2013-09-11T00:26:44","slug":"festejos-por-el-dia-del-maestro-reconocimientos-y-emocion","status":"publish","type":"post","link":"https:\/\/www.celttv.com.ar\/index.php\/2013\/09\/11\/festejos-por-el-dia-del-maestro-reconocimientos-y-emocion\/","title":{"rendered":"FESTEJOS POR EL DIA DEL MAESTRO: &#8220;RECONOCIMIENTOS Y EMOCION&#8221;"},"content":{"rendered":"<p><br \/>\nCon los reconocimientos a los docentes que cumplieron 25 a\u00f1os de servicio como punto destacado, se desarroll\u00f3 en la ma\u00f1ana de hoy el acto oficial por el D\u00eda del Maestro.<br \/>\nLa celebraci\u00f3n, organizada por los establecimientos educativos de la ciudad cabecera del distrito, se llev\u00f3 a cabo frente al busto que recuerda a Domingo Faustino Sarmiento, en inmediaciones de la Escuela N\u00b0 1 de Tornquist (que lleva su nombre) y cont\u00f3 con la participaci\u00f3n del intendente municipal, licenciado Gustavo Trankels; los secretarios Guillermo L\u00f6ffler (Gobierno y Hacienda), Guillermo Beck (Recursos Humanos y Gabinete) y Rub\u00e9n Testa (Turismo, Cultura y Deportes); los directores Yanina Torres (Turismo), V\u00edctor Ant\u00f3n (Producci\u00f3n y Medio Ambiente) y Jorge Schmidt (Deportes); la concejal Mar\u00eda Ofelia Skolak, los consejeros escolares Carlos Abad, Laura Rosatelli, Mar\u00eda Graciela Musso y Sonia Lanaro; la Inspectora Jefe Distrital, Ana Skolak; la Inspectora de Educaci\u00f3n Primaria, Patricia Larrainzar; y el cura p\u00e1rroco Norberto L\u00f3pez.<br \/>\nLos docentes que cumplieron 25 a\u00f1os recibieron un recuerdo alusivo por parte de la Municipalidad de Tornquist y el Consejo Escolar. Los homenajeados fueron Silvia Abarz\u00faa, N\u00e9stor Buffatelli, Liliana Bentivoglia, Norma Davis, Mar\u00eda Bel\u00e9n Marcolini, Mariela Aramberri, Lucrecia Gambutti, Liana Girolandini, Mar\u00eda Jos\u00e9 Grancetti, Claudia Gross, Mart\u00edn Keller, Alicia Rinaldi, Andrea Ben\u00edtez, Viviana Verzella, Mar\u00eda Graciela Videla y Nilda Zamponi.<br \/>\n\u201cQuiero rendir homenaje y dejarles mi m\u00e1s profundo agradecimiento a todos aquellos mujeres y hombres que eligieron esta profesi\u00f3n, que es ni m\u00e1s ni menos que transmitirle la ense\u00f1anza a lo que uno m\u00e1s valora, nuestros hijos. Los que somos padres sabemos lo invalorable que es esa tarea. Tambi\u00e9n quiero felicitar, muy especialmente, a quienes homenajeamos por 25 a\u00f1os de servicio\u201d, se\u00f1al\u00f3 el intendente Trankels.<br \/>\n\u201cMa\u00f1ana se cumple un nuevo aniversario del pase a la inmortalidad de otro de los grandes de la historia argentina. Una de esas personas grandes que, como todos aquellos que incursionan en grandes obras, pueden ser criticados o venerados a lo largo de la historia. Cuando recordamos a Domingo Faustino Sarmiento, sus convicciones pol\u00edticas son criticables, pero su legado en la educaci\u00f3n es algo que seguimos disfrutando hasta el d\u00eda de hoy y nos otorga la posibilidades de igualdad a todos los argentinos\u201d, a\u00f1adi\u00f3.<br \/>\nDurante el transcurso del acto, la docente Elsa Marasca y el alumno Leonardo Oro\u00f1o, de la Escuela N\u00b0 501, colocaron una ofrenda floral frente al busto de Sarmiento, y la alumna Nazarena Torres Lambichi, de la Escuela N\u00b0 1, ley\u00f3 la poes\u00eda \u201cSiete letras que encierran tanto\u201d.<br \/>\nAdem\u00e1s, la inspectora Skolak mencion\u00f3 la adaptaci\u00f3n del sistema educativo a los cambios sociales, destac\u00f3 los logros alcanzados en los \u00faltimos a\u00f1os, resalt\u00f3 que todos tienen oportunidades y ley\u00f3 unas palabras muy sentidas.<br \/>\n\u201cGracias por hacer de la escuela el espacio m\u00e1s confiable colectivo y el que brinda el amparo m\u00e1s profundo; gracias por trabajar con orgullo en la escuela p\u00fablica, que no es la escuela de los pobres, sino la que garantiza la igualdad de oportunidades y se cumple el derecho de aprender; gracias por el compromiso que hace de los alumnos sujetos responsables y cr\u00edticos; gracias por los n\u00fameros y las letras, que hacen que nuestros ni\u00f1os se conviertan en seres sabios y libres; gracias por alimentar en nuestros ni\u00f1os la alegr\u00eda de compartir la esperanza de un ma\u00f1ana mejor y la magia de hacer los sue\u00f1os realidad; gracias por tocar sus mentes y tambi\u00e9n sus corazones. \u00a1Feliz D\u00eda del Maestro para todos!\u201d, se\u00f1al\u00f3.<br \/>\nTambi\u00e9n Laura Pedrero realiz\u00f3 una descripci\u00f3n de la trascendencia de Sarmiento en el \u00e1mbito educativo.<br \/>\n\u201cDomingo Faustino Sarmiento fue el responsable de la reestructuraci\u00f3n del sistema educativo e impulsor de la Ley de Ense\u00f1anza P\u00fablica y Gratuita. Sin dudas, no hay argentino que haya contribuido m\u00e1s al desarrollo de la educaci\u00f3n que \u00e9l. A pesar de que existen algunas controversias sobre su persona, es interesante insistir en su valoraci\u00f3n de la educaci\u00f3n como agente transformador de un pa\u00eds. La educaci\u00f3n se revela como su aspecto m\u00e1s luminoso, que contrasta con otros aspectos m\u00e1s pol\u00e9micos y antipopulares de su accionar pol\u00edtico. Trabajando d\u00eda a d\u00eda entre docentes y alumnos, podemos llegar a construir una nueva realidad\u201d, consider\u00f3.<br \/>\n&nbsp;<br \/>\n&nbsp;<\/p>\n","protected":false},"excerpt":{"rendered":"<p>Con los reconocimientos a los docentes que cumplieron 25 a\u00f1os de servicio como punto destacado, se desarroll\u00f3 en la ma\u00f1ana de hoy el acto oficial por el D\u00eda del Maestro. La celebraci\u00f3n, organizada por los establecimientos educativos de la ciudad cabecera del distrito, se llev\u00f3 a cabo frente al busto que recuerda a Domingo Faustino [&hellip;]<\/p>\n","protected":false},"author":1,"featured_media":0,"comment_status":"closed","ping_status":"open","sticky":false,"template":"","format":"standard","meta":{"footnotes":""},"categories":[51,52,53],"tags":[],"class_list":["post-13928","post","type-post","status-publish","format-standard","hentry","category-comunidad","category-destacadas","category-politica"],"yoast_head":"<!-- This site is optimized with the Yoast SEO plugin v19.7.1 - https:\/\/yoast.com\/wordpress\/plugins\/seo\/ -->\n<title>FESTEJOS POR EL DIA DEL MAESTRO: &quot;RECONOCIMIENTOS Y EMOCION&quot; - CELTTV<\/title>\n<meta name=\"description\" content=\"Sitio web de noticias de la localidad de Tornquist, provincia de Buenos Aires, Rep\u00fablica Argentina. Contenido propio originado por periodistas de CELTTV, el canal de TV local de la Cooperativa El\u00e9ctrica de Tornquist. Turismo, Pol\u00edtica, Sociedad, Deporte, Cultura y todo el contenido de inter\u00e9s general que la gente del pueblo y la regi\u00f3n debe conocer.\" \/>\n<meta name=\"robots\" content=\"index, follow, max-snippet:-1, max-image-preview:large, max-video-preview:-1\" \/>\n<link rel=\"canonical\" href=\"https:\/\/www.celttv.com.ar\/index.php\/2013\/09\/11\/festejos-por-el-dia-del-maestro-reconocimientos-y-emocion\/\" \/>\n<meta property=\"og:locale\" content=\"es_ES\" \/>\n<meta property=\"og:type\" content=\"article\" \/>\n<meta property=\"og:title\" content=\"FESTEJOS POR EL DIA DEL MAESTRO: &quot;RECONOCIMIENTOS Y EMOCION&quot; - CELTTV\" \/>\n<meta property=\"og:description\" content=\"Sitio web de noticias de la localidad de Tornquist, provincia de Buenos Aires, Rep\u00fablica Argentina. Contenido propio originado por periodistas de CELTTV, el canal de TV local de la Cooperativa El\u00e9ctrica de Tornquist. Turismo, Pol\u00edtica, Sociedad, Deporte, Cultura y todo el contenido de inter\u00e9s general que la gente del pueblo y la regi\u00f3n debe conocer.\" \/>\n<meta property=\"og:url\" content=\"https:\/\/www.celttv.com.ar\/index.php\/2013\/09\/11\/festejos-por-el-dia-del-maestro-reconocimientos-y-emocion\/\" \/>\n<meta property=\"og:site_name\" content=\"CELTTV\" \/>\n<meta property=\"article:publisher\" content=\"https:\/\/www.facebook.com\/celtTV\/\" \/>\n<meta property=\"article:published_time\" content=\"2013-09-11T00:26:44+00:00\" \/>\n<meta name=\"author\" content=\"ulises\" \/>\n<meta name=\"twitter:card\" content=\"summary_large_image\" \/>\n<meta name=\"twitter:label1\" content=\"Escrito por\" \/>\n\t<meta name=\"twitter:data1\" content=\"ulises\" \/>\n\t<meta name=\"twitter:label2\" content=\"Tiempo de lectura\" \/>\n\t<meta name=\"twitter:data2\" content=\"4 minutos\" \/>\n<script type=\"application\/ld+json\" class=\"yoast-schema-graph\">{\"@context\":\"https:\/\/schema.org\",\"@graph\":[{\"@type\":\"NewsArticle\",\"@id\":\"https:\/\/www.celttv.com.ar\/index.php\/2013\/09\/11\/festejos-por-el-dia-del-maestro-reconocimientos-y-emocion\/#article\",\"isPartOf\":{\"@id\":\"https:\/\/www.celttv.com.ar\/index.php\/2013\/09\/11\/festejos-por-el-dia-del-maestro-reconocimientos-y-emocion\/\"},\"author\":{\"name\":\"ulises\",\"@id\":\"https:\/\/www.celttv.com.ar\/#\/schema\/person\/6d99c072dba59953809c81446e9d0ace\"},\"headline\":\"FESTEJOS POR EL DIA DEL MAESTRO: &#8220;RECONOCIMIENTOS Y EMOCION&#8221;\",\"datePublished\":\"2013-09-11T00:26:44+00:00\",\"dateModified\":\"2013-09-11T00:26:44+00:00\",\"mainEntityOfPage\":{\"@id\":\"https:\/\/www.celttv.com.ar\/index.php\/2013\/09\/11\/festejos-por-el-dia-del-maestro-reconocimientos-y-emocion\/\"},\"wordCount\":761,\"publisher\":{\"@id\":\"https:\/\/www.celttv.com.ar\/#organization\"},\"articleSection\":[\"Comunidad\",\"Destacadas\",\"Pol\u00edtica\"],\"inLanguage\":\"es\"},{\"@type\":\"WebPage\",\"@id\":\"https:\/\/www.celttv.com.ar\/index.php\/2013\/09\/11\/festejos-por-el-dia-del-maestro-reconocimientos-y-emocion\/\",\"url\":\"https:\/\/www.celttv.com.ar\/index.php\/2013\/09\/11\/festejos-por-el-dia-del-maestro-reconocimientos-y-emocion\/\",\"name\":\"FESTEJOS POR EL DIA DEL MAESTRO: \\\"RECONOCIMIENTOS Y EMOCION\\\" - CELTTV\",\"isPartOf\":{\"@id\":\"https:\/\/www.celttv.com.ar\/#website\"},\"datePublished\":\"2013-09-11T00:26:44+00:00\",\"dateModified\":\"2013-09-11T00:26:44+00:00\",\"description\":\"Sitio web de noticias de la localidad de Tornquist, provincia de Buenos Aires, Rep\u00fablica Argentina. Contenido propio originado por periodistas de CELTTV, el canal de TV local de la Cooperativa El\u00e9ctrica de Tornquist. Turismo, Pol\u00edtica, Sociedad, Deporte, Cultura y todo el contenido de inter\u00e9s general que la gente del pueblo y la regi\u00f3n debe conocer.\",\"breadcrumb\":{\"@id\":\"https:\/\/www.celttv.com.ar\/index.php\/2013\/09\/11\/festejos-por-el-dia-del-maestro-reconocimientos-y-emocion\/#breadcrumb\"},\"inLanguage\":\"es\",\"potentialAction\":[{\"@type\":\"ReadAction\",\"target\":[\"https:\/\/www.celttv.com.ar\/index.php\/2013\/09\/11\/festejos-por-el-dia-del-maestro-reconocimientos-y-emocion\/\"]}]},{\"@type\":\"BreadcrumbList\",\"@id\":\"https:\/\/www.celttv.com.ar\/index.php\/2013\/09\/11\/festejos-por-el-dia-del-maestro-reconocimientos-y-emocion\/#breadcrumb\",\"itemListElement\":[{\"@type\":\"ListItem\",\"position\":1,\"name\":\"Inicio\",\"item\":\"https:\/\/www.celttv.com.ar\/\"},{\"@type\":\"ListItem\",\"position\":2,\"name\":\"FESTEJOS POR EL DIA DEL MAESTRO: &#8220;RECONOCIMIENTOS Y EMOCION&#8221;\"}]},{\"@type\":\"WebSite\",\"@id\":\"https:\/\/www.celttv.com.ar\/#website\",\"url\":\"https:\/\/www.celttv.com.ar\/\",\"name\":\"CELTTV\",\"description\":\"Cooperativa El\u00e9ctrica de Tornquist\",\"publisher\":{\"@id\":\"https:\/\/www.celttv.com.ar\/#organization\"},\"potentialAction\":[{\"@type\":\"SearchAction\",\"target\":{\"@type\":\"EntryPoint\",\"urlTemplate\":\"https:\/\/www.celttv.com.ar\/?s={search_term_string}\"},\"query-input\":\"required name=search_term_string\"}],\"inLanguage\":\"es\"},{\"@type\":\"Organization\",\"@id\":\"https:\/\/www.celttv.com.ar\/#organization\",\"name\":\"CELTTV\",\"url\":\"https:\/\/www.celttv.com.ar\/\",\"sameAs\":[\"https:\/\/www.youtube.com\/channel\/UCz_oIt8Hig64Ub-EmcNPIhg\",\"https:\/\/www.facebook.com\/celtTV\/\"],\"logo\":{\"@type\":\"ImageObject\",\"inLanguage\":\"es\",\"@id\":\"https:\/\/www.celttv.com.ar\/#\/schema\/logo\/image\/\",\"url\":\"http:\/\/www.celttv.com.ar\/wp-content\/uploads\/2022\/08\/logo-1.png\",\"contentUrl\":\"http:\/\/www.celttv.com.ar\/wp-content\/uploads\/2022\/08\/logo-1.png\",\"width\":461,\"height\":159,\"caption\":\"CELTTV\"},\"image\":{\"@id\":\"https:\/\/www.celttv.com.ar\/#\/schema\/logo\/image\/\"}},{\"@type\":\"Person\",\"@id\":\"https:\/\/www.celttv.com.ar\/#\/schema\/person\/6d99c072dba59953809c81446e9d0ace\",\"name\":\"ulises\",\"image\":{\"@type\":\"ImageObject\",\"inLanguage\":\"es\",\"@id\":\"https:\/\/www.celttv.com.ar\/#\/schema\/person\/image\/\",\"url\":\"https:\/\/secure.gravatar.com\/avatar\/7f2c48bdc33b30088f941fb6082e555f2874c98e20cb159d7b92b50eadfce793?s=96&d=mm&r=g\",\"contentUrl\":\"https:\/\/secure.gravatar.com\/avatar\/7f2c48bdc33b30088f941fb6082e555f2874c98e20cb159d7b92b50eadfce793?s=96&d=mm&r=g\",\"caption\":\"ulises\"},\"sameAs\":[\"http:\/\/www.celttv.com.ar\"]}]}<\/script>\n<!-- \/ Yoast SEO plugin. -->","yoast_head_json":{"title":"FESTEJOS POR EL DIA DEL MAESTRO: \"RECONOCIMIENTOS Y EMOCION\" - CELTTV","description":"Sitio web de noticias de la localidad de Tornquist, provincia de Buenos Aires, Rep\u00fablica Argentina. Contenido propio originado por periodistas de CELTTV, el canal de TV local de la Cooperativa El\u00e9ctrica de Tornquist. Turismo, Pol\u00edtica, Sociedad, Deporte, Cultura y todo el contenido de inter\u00e9s general que la gente del pueblo y la regi\u00f3n debe conocer.","robots":{"index":"index","follow":"follow","max-snippet":"max-snippet:-1","max-image-preview":"max-image-preview:large","max-video-preview":"max-video-preview:-1"},"canonical":"https:\/\/www.celttv.com.ar\/index.php\/2013\/09\/11\/festejos-por-el-dia-del-maestro-reconocimientos-y-emocion\/","og_locale":"es_ES","og_type":"article","og_title":"FESTEJOS POR EL DIA DEL MAESTRO: \"RECONOCIMIENTOS Y EMOCION\" - CELTTV","og_description":"Sitio web de noticias de la localidad de Tornquist, provincia de Buenos Aires, Rep\u00fablica Argentina. Contenido propio originado por periodistas de CELTTV, el canal de TV local de la Cooperativa El\u00e9ctrica de Tornquist. Turismo, Pol\u00edtica, Sociedad, Deporte, Cultura y todo el contenido de inter\u00e9s general que la gente del pueblo y la regi\u00f3n debe conocer.","og_url":"https:\/\/www.celttv.com.ar\/index.php\/2013\/09\/11\/festejos-por-el-dia-del-maestro-reconocimientos-y-emocion\/","og_site_name":"CELTTV","article_publisher":"https:\/\/www.facebook.com\/celtTV\/","article_published_time":"2013-09-11T00:26:44+00:00","author":"ulises","twitter_card":"summary_large_image","twitter_misc":{"Escrito por":"ulises","Tiempo de lectura":"4 minutos"},"schema":{"@context":"https:\/\/schema.org","@graph":[{"@type":"NewsArticle","@id":"https:\/\/www.celttv.com.ar\/index.php\/2013\/09\/11\/festejos-por-el-dia-del-maestro-reconocimientos-y-emocion\/#article","isPartOf":{"@id":"https:\/\/www.celttv.com.ar\/index.php\/2013\/09\/11\/festejos-por-el-dia-del-maestro-reconocimientos-y-emocion\/"},"author":{"name":"ulises","@id":"https:\/\/www.celttv.com.ar\/#\/schema\/person\/6d99c072dba59953809c81446e9d0ace"},"headline":"FESTEJOS POR EL DIA DEL MAESTRO: &#8220;RECONOCIMIENTOS Y EMOCION&#8221;","datePublished":"2013-09-11T00:26:44+00:00","dateModified":"2013-09-11T00:26:44+00:00","mainEntityOfPage":{"@id":"https:\/\/www.celttv.com.ar\/index.php\/2013\/09\/11\/festejos-por-el-dia-del-maestro-reconocimientos-y-emocion\/"},"wordCount":761,"publisher":{"@id":"https:\/\/www.celttv.com.ar\/#organization"},"articleSection":["Comunidad","Destacadas","Pol\u00edtica"],"inLanguage":"es"},{"@type":"WebPage","@id":"https:\/\/www.celttv.com.ar\/index.php\/2013\/09\/11\/festejos-por-el-dia-del-maestro-reconocimientos-y-emocion\/","url":"https:\/\/www.celttv.com.ar\/index.php\/2013\/09\/11\/festejos-por-el-dia-del-maestro-reconocimientos-y-emocion\/","name":"FESTEJOS POR EL DIA DEL MAESTRO: \"RECONOCIMIENTOS Y EMOCION\" - CELTTV","isPartOf":{"@id":"https:\/\/www.celttv.com.ar\/#website"},"datePublished":"2013-09-11T00:26:44+00:00","dateModified":"2013-09-11T00:26:44+00:00","description":"Sitio web de noticias de la localidad de Tornquist, provincia de Buenos Aires, Rep\u00fablica Argentina. Contenido propio originado por periodistas de CELTTV, el canal de TV local de la Cooperativa El\u00e9ctrica de Tornquist. Turismo, Pol\u00edtica, Sociedad, Deporte, Cultura y todo el contenido de inter\u00e9s general que la gente del pueblo y la regi\u00f3n debe conocer.","breadcrumb":{"@id":"https:\/\/www.celttv.com.ar\/index.php\/2013\/09\/11\/festejos-por-el-dia-del-maestro-reconocimientos-y-emocion\/#breadcrumb"},"inLanguage":"es","potentialAction":[{"@type":"ReadAction","target":["https:\/\/www.celttv.com.ar\/index.php\/2013\/09\/11\/festejos-por-el-dia-del-maestro-reconocimientos-y-emocion\/"]}]},{"@type":"BreadcrumbList","@id":"https:\/\/www.celttv.com.ar\/index.php\/2013\/09\/11\/festejos-por-el-dia-del-maestro-reconocimientos-y-emocion\/#breadcrumb","itemListElement":[{"@type":"ListItem","position":1,"name":"Inicio","item":"https:\/\/www.celttv.com.ar\/"},{"@type":"ListItem","position":2,"name":"FESTEJOS POR EL DIA DEL MAESTRO: &#8220;RECONOCIMIENTOS Y EMOCION&#8221;"}]},{"@type":"WebSite","@id":"https:\/\/www.celttv.com.ar\/#website","url":"https:\/\/www.celttv.com.ar\/","name":"CELTTV","description":"Cooperativa El\u00e9ctrica de Tornquist","publisher":{"@id":"https:\/\/www.celttv.com.ar\/#organization"},"potentialAction":[{"@type":"SearchAction","target":{"@type":"EntryPoint","urlTemplate":"https:\/\/www.celttv.com.ar\/?s={search_term_string}"},"query-input":"required name=search_term_string"}],"inLanguage":"es"},{"@type":"Organization","@id":"https:\/\/www.celttv.com.ar\/#organization","name":"CELTTV","url":"https:\/\/www.celttv.com.ar\/","sameAs":["https:\/\/www.youtube.com\/channel\/UCz_oIt8Hig64Ub-EmcNPIhg","https:\/\/www.facebook.com\/celtTV\/"],"logo":{"@type":"ImageObject","inLanguage":"es","@id":"https:\/\/www.celttv.com.ar\/#\/schema\/logo\/image\/","url":"http:\/\/www.celttv.com.ar\/wp-content\/uploads\/2022\/08\/logo-1.png","contentUrl":"http:\/\/www.celttv.com.ar\/wp-content\/uploads\/2022\/08\/logo-1.png","width":461,"height":159,"caption":"CELTTV"},"image":{"@id":"https:\/\/www.celttv.com.ar\/#\/schema\/logo\/image\/"}},{"@type":"Person","@id":"https:\/\/www.celttv.com.ar\/#\/schema\/person\/6d99c072dba59953809c81446e9d0ace","name":"ulises","image":{"@type":"ImageObject","inLanguage":"es","@id":"https:\/\/www.celttv.com.ar\/#\/schema\/person\/image\/","url":"https:\/\/secure.gravatar.com\/avatar\/7f2c48bdc33b30088f941fb6082e555f2874c98e20cb159d7b92b50eadfce793?s=96&d=mm&r=g","contentUrl":"https:\/\/secure.gravatar.com\/avatar\/7f2c48bdc33b30088f941fb6082e555f2874c98e20cb159d7b92b50eadfce793?s=96&d=mm&r=g","caption":"ulises"},"sameAs":["http:\/\/www.celttv.com.ar"]}]}},"_links":{"self":[{"href":"https:\/\/www.celttv.com.ar\/index.php\/wp-json\/wp\/v2\/posts\/13928","targetHints":{"allow":["GET"]}}],"collection":[{"href":"https:\/\/www.celttv.com.ar\/index.php\/wp-json\/wp\/v2\/posts"}],"about":[{"href":"https:\/\/www.celttv.com.ar\/index.php\/wp-json\/wp\/v2\/types\/post"}],"author":[{"embeddable":true,"href":"https:\/\/www.celttv.com.ar\/index.php\/wp-json\/wp\/v2\/users\/1"}],"replies":[{"embeddable":true,"href":"https:\/\/www.celttv.com.ar\/index.php\/wp-json\/wp\/v2\/comments?post=13928"}],"version-history":[{"count":0,"href":"https:\/\/www.celttv.com.ar\/index.php\/wp-json\/wp\/v2\/posts\/13928\/revisions"}],"wp:attachment":[{"href":"https:\/\/www.celttv.com.ar\/index.php\/wp-json\/wp\/v2\/media?parent=13928"}],"wp:term":[{"taxonomy":"category","embeddable":true,"href":"https:\/\/www.celttv.com.ar\/index.php\/wp-json\/wp\/v2\/categories?post=13928"},{"taxonomy":"post_tag","embeddable":true,"href":"https:\/\/www.celttv.com.ar\/index.php\/wp-json\/wp\/v2\/tags?post=13928"}],"curies":[{"name":"wp","href":"https:\/\/api.w.org\/{rel}","templated":true}]}}