{"id":14004,"date":"2013-09-12T15:46:29","date_gmt":"2013-09-12T15:46:29","guid":{"rendered":"http:\/\/www.tvcnoticias.com.ar\/?p=14004"},"modified":"2013-09-12T15:46:29","modified_gmt":"2013-09-12T15:46:29","slug":"todos-los-videos-del-acto-oficial-del-dia-del-maestro-2","status":"publish","type":"post","link":"https:\/\/www.celttv.com.ar\/index.php\/2013\/09\/12\/todos-los-videos-del-acto-oficial-del-dia-del-maestro-2\/","title":{"rendered":"TODOS LOS VIDEOS DEL ACTO OFICIAL DEL DIA DEL MAESTRO"},"content":{"rendered":"<p><a href=\"http:\/\/www.youtube.com\/watch?v=44RYtCfn9OM\"><a href=\"http:\/\/www.youtube.com\/watch?v=44RYtCfn9OM\">httpv:\/\/www.youtube.com\/watch?v=44RYtCfn9OM<\/a><\/a><br \/>\n<a href=\"http:\/\/www.youtube.com\/watch?v=uqi2y-VTBCA\"><a href=\"http:\/\/www.youtube.com\/watch?v=uqi2y-VTBCA\">httpv:\/\/www.youtube.com\/watch?v=uqi2y-VTBCA<\/a><\/a><br \/>\n<a href=\"http:\/\/www.youtube.com\/watch?v=XUdM7iVVphg\"><a href=\"http:\/\/www.youtube.com\/watch?v=XUdM7iVVphg\">httpv:\/\/www.youtube.com\/watch?v=XUdM7iVVphg<\/a><\/a><br \/>\n<a href=\"http:\/\/www.youtube.com\/watch?v=NeovhelyOWo\"><a href=\"http:\/\/www.youtube.com\/watch?v=NeovhelyOWo\">httpv:\/\/www.youtube.com\/watch?v=NeovhelyOWo<\/a><\/a><br \/>\n<a href=\"http:\/\/www.youtube.com\/watch?v=gbAJZFz1OtQ\"><a href=\"http:\/\/www.youtube.com\/watch?v=gbAJZFz1OtQ\">httpv:\/\/www.youtube.com\/watch?v=gbAJZFz1OtQ<\/a><\/a><br \/>\nCon los reconocimientos a los docentes que cumplieron 25 a\u00f1os de servicio como punto destacado, se desarroll\u00f3 el acto oficial por el D\u00eda del Maestro.<br \/>\nLa celebraci\u00f3n, organizada por los establecimientos educativos de la ciudad cabecera del distrito, se llev\u00f3 a cabo frente al busto que recuerda a Domingo Faustino Sarmiento, en inmediaciones de la Escuela N\u00b0 1 de Tornquist (que lleva su nombre) y cont\u00f3 con la participaci\u00f3n del intendente municipal, licenciado Gustavo Trankels; los secretarios Guillermo L\u00f6ffler (Gobierno y Hacienda), Guillermo Beck (Recursos Humanos y Gabinete) y Rub\u00e9n Testa (Turismo, Cultura y Deportes); los directores Yanina Torres (Turismo), V\u00edctor Ant\u00f3n (Producci\u00f3n y Medio Ambiente) y Jorge Schmidt (Deportes); la concejal Mar\u00eda Ofelia Skolak, los consejeros escolares Carlos Abad, Laura Rosatelli, Mar\u00eda Graciela Musso y Sonia Lanaro; la Inspectora Jefe Distrital, Ana Skolak; la Inspectora de Educaci\u00f3n Primaria, Patricia Larrainzar; y el cura p\u00e1rroco Norberto L\u00f3pez.<br \/>\nLos docentes que cumplieron 25 a\u00f1os recibieron un recuerdo alusivo por parte de la Municipalidad de Tornquist y el Consejo Escolar. Los homenajeados fueron Silvia Abarz\u00faa, N\u00e9stor Buffatelli, Liliana Bentivoglia, Norma Davis, Mar\u00eda Bel\u00e9n Marcolini, Mariela Aramberri, Lucrecia Gambutti, Liana Girolandini, Mar\u00eda Jos\u00e9 Grancetti, Claudia Gross, Mart\u00edn Keller, Alicia Rinaldi, Andrea Ben\u00edtez, Viviana Verzella, Mar\u00eda Graciela Videla y Nilda Zamponi.<br \/>\n&nbsp;<\/p>\n","protected":false},"excerpt":{"rendered":"<p>httpv:\/\/www.youtube.com\/watch?v=44RYtCfn9OM httpv:\/\/www.youtube.com\/watch?v=uqi2y-VTBCA httpv:\/\/www.youtube.com\/watch?v=XUdM7iVVphg httpv:\/\/www.youtube.com\/watch?v=NeovhelyOWo httpv:\/\/www.youtube.com\/watch?v=gbAJZFz1OtQ Con los reconocimientos a los docentes que cumplieron 25 a\u00f1os de servicio como punto destacado, se desarroll\u00f3 el acto oficial por el D\u00eda del Maestro. La celebraci\u00f3n, organizada por los establecimientos educativos de la ciudad cabecera del distrito, se llev\u00f3 a cabo frente al busto que recuerda a Domingo Faustino [&hellip;]<\/p>\n","protected":false},"author":1,"featured_media":0,"comment_status":"closed","ping_status":"open","sticky":false,"template":"","format":"standard","meta":{"footnotes":""},"categories":[51,52,64],"tags":[],"class_list":["post-14004","post","type-post","status-publish","format-standard","hentry","category-comunidad","category-destacadas","category-videos-destacados"],"yoast_head":"<!-- This site is optimized with the Yoast SEO plugin v19.7.1 - https:\/\/yoast.com\/wordpress\/plugins\/seo\/ -->\n<title>TODOS LOS VIDEOS DEL ACTO OFICIAL DEL DIA DEL MAESTRO - CELTTV<\/title>\n<meta name=\"description\" content=\"Sitio web de noticias de la localidad de Tornquist, provincia de Buenos Aires, Rep\u00fablica Argentina. Contenido propio originado por periodistas de CELTTV, el canal de TV local de la Cooperativa El\u00e9ctrica de Tornquist. Turismo, Pol\u00edtica, Sociedad, Deporte, Cultura y todo el contenido de inter\u00e9s general que la gente del pueblo y la regi\u00f3n debe conocer.\" \/>\n<meta name=\"robots\" content=\"index, follow, max-snippet:-1, max-image-preview:large, max-video-preview:-1\" \/>\n<link rel=\"canonical\" href=\"https:\/\/www.celttv.com.ar\/index.php\/2013\/09\/12\/todos-los-videos-del-acto-oficial-del-dia-del-maestro-2\/\" \/>\n<meta property=\"og:locale\" content=\"es_ES\" \/>\n<meta property=\"og:type\" content=\"article\" \/>\n<meta property=\"og:title\" content=\"TODOS LOS VIDEOS DEL ACTO OFICIAL DEL DIA DEL MAESTRO - CELTTV\" \/>\n<meta property=\"og:description\" content=\"Sitio web de noticias de la localidad de Tornquist, provincia de Buenos Aires, Rep\u00fablica Argentina. Contenido propio originado por periodistas de CELTTV, el canal de TV local de la Cooperativa El\u00e9ctrica de Tornquist. Turismo, Pol\u00edtica, Sociedad, Deporte, Cultura y todo el contenido de inter\u00e9s general que la gente del pueblo y la regi\u00f3n debe conocer.\" \/>\n<meta property=\"og:url\" content=\"https:\/\/www.celttv.com.ar\/index.php\/2013\/09\/12\/todos-los-videos-del-acto-oficial-del-dia-del-maestro-2\/\" \/>\n<meta property=\"og:site_name\" content=\"CELTTV\" \/>\n<meta property=\"article:publisher\" content=\"https:\/\/www.facebook.com\/celtTV\/\" \/>\n<meta property=\"article:published_time\" content=\"2013-09-12T15:46:29+00:00\" \/>\n<meta name=\"author\" content=\"ulises\" \/>\n<meta name=\"twitter:card\" content=\"summary_large_image\" \/>\n<meta name=\"twitter:label1\" content=\"Escrito por\" \/>\n\t<meta name=\"twitter:data1\" content=\"ulises\" \/>\n\t<meta name=\"twitter:label2\" content=\"Tiempo de lectura\" \/>\n\t<meta name=\"twitter:data2\" content=\"1 minuto\" \/>\n<script type=\"application\/ld+json\" class=\"yoast-schema-graph\">{\"@context\":\"https:\/\/schema.org\",\"@graph\":[{\"@type\":\"NewsArticle\",\"@id\":\"https:\/\/www.celttv.com.ar\/index.php\/2013\/09\/12\/todos-los-videos-del-acto-oficial-del-dia-del-maestro-2\/#article\",\"isPartOf\":{\"@id\":\"https:\/\/www.celttv.com.ar\/index.php\/2013\/09\/12\/todos-los-videos-del-acto-oficial-del-dia-del-maestro-2\/\"},\"author\":{\"name\":\"ulises\",\"@id\":\"https:\/\/www.celttv.com.ar\/#\/schema\/person\/6d99c072dba59953809c81446e9d0ace\"},\"headline\":\"TODOS LOS VIDEOS DEL ACTO OFICIAL DEL DIA DEL MAESTRO\",\"datePublished\":\"2013-09-12T15:46:29+00:00\",\"dateModified\":\"2013-09-12T15:46:29+00:00\",\"mainEntityOfPage\":{\"@id\":\"https:\/\/www.celttv.com.ar\/index.php\/2013\/09\/12\/todos-los-videos-del-acto-oficial-del-dia-del-maestro-2\/\"},\"wordCount\":277,\"publisher\":{\"@id\":\"https:\/\/www.celttv.com.ar\/#organization\"},\"articleSection\":[\"Comunidad\",\"Destacadas\",\"Videos Destacados\"],\"inLanguage\":\"es\"},{\"@type\":\"WebPage\",\"@id\":\"https:\/\/www.celttv.com.ar\/index.php\/2013\/09\/12\/todos-los-videos-del-acto-oficial-del-dia-del-maestro-2\/\",\"url\":\"https:\/\/www.celttv.com.ar\/index.php\/2013\/09\/12\/todos-los-videos-del-acto-oficial-del-dia-del-maestro-2\/\",\"name\":\"TODOS LOS VIDEOS DEL ACTO OFICIAL DEL DIA DEL MAESTRO - CELTTV\",\"isPartOf\":{\"@id\":\"https:\/\/www.celttv.com.ar\/#website\"},\"datePublished\":\"2013-09-12T15:46:29+00:00\",\"dateModified\":\"2013-09-12T15:46:29+00:00\",\"description\":\"Sitio web de noticias de la localidad de Tornquist, provincia de Buenos Aires, Rep\u00fablica Argentina. Contenido propio originado por periodistas de CELTTV, el canal de TV local de la Cooperativa El\u00e9ctrica de Tornquist. Turismo, Pol\u00edtica, Sociedad, Deporte, Cultura y todo el contenido de inter\u00e9s general que la gente del pueblo y la regi\u00f3n debe conocer.\",\"breadcrumb\":{\"@id\":\"https:\/\/www.celttv.com.ar\/index.php\/2013\/09\/12\/todos-los-videos-del-acto-oficial-del-dia-del-maestro-2\/#breadcrumb\"},\"inLanguage\":\"es\",\"potentialAction\":[{\"@type\":\"ReadAction\",\"target\":[\"https:\/\/www.celttv.com.ar\/index.php\/2013\/09\/12\/todos-los-videos-del-acto-oficial-del-dia-del-maestro-2\/\"]}]},{\"@type\":\"BreadcrumbList\",\"@id\":\"https:\/\/www.celttv.com.ar\/index.php\/2013\/09\/12\/todos-los-videos-del-acto-oficial-del-dia-del-maestro-2\/#breadcrumb\",\"itemListElement\":[{\"@type\":\"ListItem\",\"position\":1,\"name\":\"Inicio\",\"item\":\"https:\/\/www.celttv.com.ar\/\"},{\"@type\":\"ListItem\",\"position\":2,\"name\":\"TODOS LOS VIDEOS DEL ACTO OFICIAL DEL DIA DEL MAESTRO\"}]},{\"@type\":\"WebSite\",\"@id\":\"https:\/\/www.celttv.com.ar\/#website\",\"url\":\"https:\/\/www.celttv.com.ar\/\",\"name\":\"CELTTV\",\"description\":\"Cooperativa El\u00e9ctrica de Tornquist\",\"publisher\":{\"@id\":\"https:\/\/www.celttv.com.ar\/#organization\"},\"potentialAction\":[{\"@type\":\"SearchAction\",\"target\":{\"@type\":\"EntryPoint\",\"urlTemplate\":\"https:\/\/www.celttv.com.ar\/?s={search_term_string}\"},\"query-input\":\"required name=search_term_string\"}],\"inLanguage\":\"es\"},{\"@type\":\"Organization\",\"@id\":\"https:\/\/www.celttv.com.ar\/#organization\",\"name\":\"CELTTV\",\"url\":\"https:\/\/www.celttv.com.ar\/\",\"sameAs\":[\"https:\/\/www.youtube.com\/channel\/UCz_oIt8Hig64Ub-EmcNPIhg\",\"https:\/\/www.facebook.com\/celtTV\/\"],\"logo\":{\"@type\":\"ImageObject\",\"inLanguage\":\"es\",\"@id\":\"https:\/\/www.celttv.com.ar\/#\/schema\/logo\/image\/\",\"url\":\"http:\/\/www.celttv.com.ar\/wp-content\/uploads\/2022\/08\/logo-1.png\",\"contentUrl\":\"http:\/\/www.celttv.com.ar\/wp-content\/uploads\/2022\/08\/logo-1.png\",\"width\":461,\"height\":159,\"caption\":\"CELTTV\"},\"image\":{\"@id\":\"https:\/\/www.celttv.com.ar\/#\/schema\/logo\/image\/\"}},{\"@type\":\"Person\",\"@id\":\"https:\/\/www.celttv.com.ar\/#\/schema\/person\/6d99c072dba59953809c81446e9d0ace\",\"name\":\"ulises\",\"image\":{\"@type\":\"ImageObject\",\"inLanguage\":\"es\",\"@id\":\"https:\/\/www.celttv.com.ar\/#\/schema\/person\/image\/\",\"url\":\"https:\/\/secure.gravatar.com\/avatar\/7f2c48bdc33b30088f941fb6082e555f2874c98e20cb159d7b92b50eadfce793?s=96&d=mm&r=g\",\"contentUrl\":\"https:\/\/secure.gravatar.com\/avatar\/7f2c48bdc33b30088f941fb6082e555f2874c98e20cb159d7b92b50eadfce793?s=96&d=mm&r=g\",\"caption\":\"ulises\"},\"sameAs\":[\"http:\/\/www.celttv.com.ar\"]}]}<\/script>\n<!-- \/ Yoast SEO plugin. -->","yoast_head_json":{"title":"TODOS LOS VIDEOS DEL ACTO OFICIAL DEL DIA DEL MAESTRO - CELTTV","description":"Sitio web de noticias de la localidad de Tornquist, provincia de Buenos Aires, Rep\u00fablica Argentina. Contenido propio originado por periodistas de CELTTV, el canal de TV local de la Cooperativa El\u00e9ctrica de Tornquist. Turismo, Pol\u00edtica, Sociedad, Deporte, Cultura y todo el contenido de inter\u00e9s general que la gente del pueblo y la regi\u00f3n debe conocer.","robots":{"index":"index","follow":"follow","max-snippet":"max-snippet:-1","max-image-preview":"max-image-preview:large","max-video-preview":"max-video-preview:-1"},"canonical":"https:\/\/www.celttv.com.ar\/index.php\/2013\/09\/12\/todos-los-videos-del-acto-oficial-del-dia-del-maestro-2\/","og_locale":"es_ES","og_type":"article","og_title":"TODOS LOS VIDEOS DEL ACTO OFICIAL DEL DIA DEL MAESTRO - CELTTV","og_description":"Sitio web de noticias de la localidad de Tornquist, provincia de Buenos Aires, Rep\u00fablica Argentina. Contenido propio originado por periodistas de CELTTV, el canal de TV local de la Cooperativa El\u00e9ctrica de Tornquist. Turismo, Pol\u00edtica, Sociedad, Deporte, Cultura y todo el contenido de inter\u00e9s general que la gente del pueblo y la regi\u00f3n debe conocer.","og_url":"https:\/\/www.celttv.com.ar\/index.php\/2013\/09\/12\/todos-los-videos-del-acto-oficial-del-dia-del-maestro-2\/","og_site_name":"CELTTV","article_publisher":"https:\/\/www.facebook.com\/celtTV\/","article_published_time":"2013-09-12T15:46:29+00:00","author":"ulises","twitter_card":"summary_large_image","twitter_misc":{"Escrito por":"ulises","Tiempo de lectura":"1 minuto"},"schema":{"@context":"https:\/\/schema.org","@graph":[{"@type":"NewsArticle","@id":"https:\/\/www.celttv.com.ar\/index.php\/2013\/09\/12\/todos-los-videos-del-acto-oficial-del-dia-del-maestro-2\/#article","isPartOf":{"@id":"https:\/\/www.celttv.com.ar\/index.php\/2013\/09\/12\/todos-los-videos-del-acto-oficial-del-dia-del-maestro-2\/"},"author":{"name":"ulises","@id":"https:\/\/www.celttv.com.ar\/#\/schema\/person\/6d99c072dba59953809c81446e9d0ace"},"headline":"TODOS LOS VIDEOS DEL ACTO OFICIAL DEL DIA DEL MAESTRO","datePublished":"2013-09-12T15:46:29+00:00","dateModified":"2013-09-12T15:46:29+00:00","mainEntityOfPage":{"@id":"https:\/\/www.celttv.com.ar\/index.php\/2013\/09\/12\/todos-los-videos-del-acto-oficial-del-dia-del-maestro-2\/"},"wordCount":277,"publisher":{"@id":"https:\/\/www.celttv.com.ar\/#organization"},"articleSection":["Comunidad","Destacadas","Videos Destacados"],"inLanguage":"es"},{"@type":"WebPage","@id":"https:\/\/www.celttv.com.ar\/index.php\/2013\/09\/12\/todos-los-videos-del-acto-oficial-del-dia-del-maestro-2\/","url":"https:\/\/www.celttv.com.ar\/index.php\/2013\/09\/12\/todos-los-videos-del-acto-oficial-del-dia-del-maestro-2\/","name":"TODOS LOS VIDEOS DEL ACTO OFICIAL DEL DIA DEL MAESTRO - CELTTV","isPartOf":{"@id":"https:\/\/www.celttv.com.ar\/#website"},"datePublished":"2013-09-12T15:46:29+00:00","dateModified":"2013-09-12T15:46:29+00:00","description":"Sitio web de noticias de la localidad de Tornquist, provincia de Buenos Aires, Rep\u00fablica Argentina. Contenido propio originado por periodistas de CELTTV, el canal de TV local de la Cooperativa El\u00e9ctrica de Tornquist. Turismo, Pol\u00edtica, Sociedad, Deporte, Cultura y todo el contenido de inter\u00e9s general que la gente del pueblo y la regi\u00f3n debe conocer.","breadcrumb":{"@id":"https:\/\/www.celttv.com.ar\/index.php\/2013\/09\/12\/todos-los-videos-del-acto-oficial-del-dia-del-maestro-2\/#breadcrumb"},"inLanguage":"es","potentialAction":[{"@type":"ReadAction","target":["https:\/\/www.celttv.com.ar\/index.php\/2013\/09\/12\/todos-los-videos-del-acto-oficial-del-dia-del-maestro-2\/"]}]},{"@type":"BreadcrumbList","@id":"https:\/\/www.celttv.com.ar\/index.php\/2013\/09\/12\/todos-los-videos-del-acto-oficial-del-dia-del-maestro-2\/#breadcrumb","itemListElement":[{"@type":"ListItem","position":1,"name":"Inicio","item":"https:\/\/www.celttv.com.ar\/"},{"@type":"ListItem","position":2,"name":"TODOS LOS VIDEOS DEL ACTO OFICIAL DEL DIA DEL MAESTRO"}]},{"@type":"WebSite","@id":"https:\/\/www.celttv.com.ar\/#website","url":"https:\/\/www.celttv.com.ar\/","name":"CELTTV","description":"Cooperativa El\u00e9ctrica de Tornquist","publisher":{"@id":"https:\/\/www.celttv.com.ar\/#organization"},"potentialAction":[{"@type":"SearchAction","target":{"@type":"EntryPoint","urlTemplate":"https:\/\/www.celttv.com.ar\/?s={search_term_string}"},"query-input":"required name=search_term_string"}],"inLanguage":"es"},{"@type":"Organization","@id":"https:\/\/www.celttv.com.ar\/#organization","name":"CELTTV","url":"https:\/\/www.celttv.com.ar\/","sameAs":["https:\/\/www.youtube.com\/channel\/UCz_oIt8Hig64Ub-EmcNPIhg","https:\/\/www.facebook.com\/celtTV\/"],"logo":{"@type":"ImageObject","inLanguage":"es","@id":"https:\/\/www.celttv.com.ar\/#\/schema\/logo\/image\/","url":"http:\/\/www.celttv.com.ar\/wp-content\/uploads\/2022\/08\/logo-1.png","contentUrl":"http:\/\/www.celttv.com.ar\/wp-content\/uploads\/2022\/08\/logo-1.png","width":461,"height":159,"caption":"CELTTV"},"image":{"@id":"https:\/\/www.celttv.com.ar\/#\/schema\/logo\/image\/"}},{"@type":"Person","@id":"https:\/\/www.celttv.com.ar\/#\/schema\/person\/6d99c072dba59953809c81446e9d0ace","name":"ulises","image":{"@type":"ImageObject","inLanguage":"es","@id":"https:\/\/www.celttv.com.ar\/#\/schema\/person\/image\/","url":"https:\/\/secure.gravatar.com\/avatar\/7f2c48bdc33b30088f941fb6082e555f2874c98e20cb159d7b92b50eadfce793?s=96&d=mm&r=g","contentUrl":"https:\/\/secure.gravatar.com\/avatar\/7f2c48bdc33b30088f941fb6082e555f2874c98e20cb159d7b92b50eadfce793?s=96&d=mm&r=g","caption":"ulises"},"sameAs":["http:\/\/www.celttv.com.ar"]}]}},"_links":{"self":[{"href":"https:\/\/www.celttv.com.ar\/index.php\/wp-json\/wp\/v2\/posts\/14004","targetHints":{"allow":["GET"]}}],"collection":[{"href":"https:\/\/www.celttv.com.ar\/index.php\/wp-json\/wp\/v2\/posts"}],"about":[{"href":"https:\/\/www.celttv.com.ar\/index.php\/wp-json\/wp\/v2\/types\/post"}],"author":[{"embeddable":true,"href":"https:\/\/www.celttv.com.ar\/index.php\/wp-json\/wp\/v2\/users\/1"}],"replies":[{"embeddable":true,"href":"https:\/\/www.celttv.com.ar\/index.php\/wp-json\/wp\/v2\/comments?post=14004"}],"version-history":[{"count":0,"href":"https:\/\/www.celttv.com.ar\/index.php\/wp-json\/wp\/v2\/posts\/14004\/revisions"}],"wp:attachment":[{"href":"https:\/\/www.celttv.com.ar\/index.php\/wp-json\/wp\/v2\/media?parent=14004"}],"wp:term":[{"taxonomy":"category","embeddable":true,"href":"https:\/\/www.celttv.com.ar\/index.php\/wp-json\/wp\/v2\/categories?post=14004"},{"taxonomy":"post_tag","embeddable":true,"href":"https:\/\/www.celttv.com.ar\/index.php\/wp-json\/wp\/v2\/tags?post=14004"}],"curies":[{"name":"wp","href":"https:\/\/api.w.org\/{rel}","templated":true}]}}