{"id":14007,"date":"2013-09-12T15:54:06","date_gmt":"2013-09-12T15:54:06","guid":{"rendered":"http:\/\/www.tvcnoticias.com.ar\/?p=14007"},"modified":"2013-09-12T15:54:06","modified_gmt":"2013-09-12T15:54:06","slug":"a-un-ano-del-devastador-incendio-de-la-escuela-de-colonia-san-martin-nota-con-sergio-molina","status":"publish","type":"post","link":"https:\/\/www.celttv.com.ar\/index.php\/2013\/09\/12\/a-un-ano-del-devastador-incendio-de-la-escuela-de-colonia-san-martin-nota-con-sergio-molina\/","title":{"rendered":"A UN A\u00d1O DEL DEVASTADOR INCENDIO DE LA ESCUELA DE COLONIA SAN MARTIN (nota con Sergio Molina)"},"content":{"rendered":"<p><a href=\"http:\/\/www.youtube.com\/watch?v=dkE77_b-7VA\"><a href=\"http:\/\/www.youtube.com\/watch?v=dkE77_b-7VA\">httpv:\/\/www.youtube.com\/watch?v=dkE77_b-7VA<\/a><\/a><br \/>\n<a href=\"http:\/\/www.youtube.com\/watch?v=OF08_UcNmqc\"><a href=\"http:\/\/www.youtube.com\/watch?v=OF08_UcNmqc\">httpv:\/\/www.youtube.com\/watch?v=OF08_UcNmqc<\/a><\/a><br \/>\nSergio Molina presidente del Club Juventud Agraria de Colonia San Mart\u00edn, se refiri\u00f3 al a\u00f1o que se cumpli\u00f3 del incendio que destruy\u00f3 la Escuela Primaria de la localidad. Hasta la fecha los ni\u00f1os contin\u00faan concurriendo a las instalaciones del Club sin poder hacerlo en el propio edificio porque no se han concretado las obras necesarias para su puesta en funcionamiento, m\u00e1s all\u00e1 de que se ha adelantado con la colocaci\u00f3n\u00a0en parte de un techo que\u00a0no es suficiente.<\/p>\n","protected":false},"excerpt":{"rendered":"<p>httpv:\/\/www.youtube.com\/watch?v=dkE77_b-7VA httpv:\/\/www.youtube.com\/watch?v=OF08_UcNmqc Sergio Molina presidente del Club Juventud Agraria de Colonia San Mart\u00edn, se refiri\u00f3 al a\u00f1o que se cumpli\u00f3 del incendio que destruy\u00f3 la Escuela Primaria de la localidad. Hasta la fecha los ni\u00f1os contin\u00faan concurriendo a las instalaciones del Club sin poder hacerlo en el propio edificio porque no se han concretado las [&hellip;]<\/p>\n","protected":false},"author":1,"featured_media":0,"comment_status":"closed","ping_status":"open","sticky":false,"template":"","format":"standard","meta":{"footnotes":""},"categories":[51,52,64],"tags":[],"class_list":["post-14007","post","type-post","status-publish","format-standard","hentry","category-comunidad","category-destacadas","category-videos-destacados"],"yoast_head":"<!-- This site is optimized with the Yoast SEO plugin v19.7.1 - https:\/\/yoast.com\/wordpress\/plugins\/seo\/ -->\n<title>A UN A\u00d1O DEL DEVASTADOR INCENDIO DE LA ESCUELA DE COLONIA SAN MARTIN (nota con Sergio Molina) - CELTTV<\/title>\n<meta name=\"description\" content=\"Sitio web de noticias de la localidad de Tornquist, provincia de Buenos Aires, Rep\u00fablica Argentina. Contenido propio originado por periodistas de CELTTV, el canal de TV local de la Cooperativa El\u00e9ctrica de Tornquist. Turismo, Pol\u00edtica, Sociedad, Deporte, Cultura y todo el contenido de inter\u00e9s general que la gente del pueblo y la regi\u00f3n debe conocer.\" \/>\n<meta name=\"robots\" content=\"index, follow, max-snippet:-1, max-image-preview:large, max-video-preview:-1\" \/>\n<link rel=\"canonical\" href=\"https:\/\/www.celttv.com.ar\/index.php\/2013\/09\/12\/a-un-ano-del-devastador-incendio-de-la-escuela-de-colonia-san-martin-nota-con-sergio-molina\/\" \/>\n<meta property=\"og:locale\" content=\"es_ES\" \/>\n<meta property=\"og:type\" content=\"article\" \/>\n<meta property=\"og:title\" content=\"A UN A\u00d1O DEL DEVASTADOR INCENDIO DE LA ESCUELA DE COLONIA SAN MARTIN (nota con Sergio Molina) - CELTTV\" \/>\n<meta property=\"og:description\" content=\"Sitio web de noticias de la localidad de Tornquist, provincia de Buenos Aires, Rep\u00fablica Argentina. Contenido propio originado por periodistas de CELTTV, el canal de TV local de la Cooperativa El\u00e9ctrica de Tornquist. Turismo, Pol\u00edtica, Sociedad, Deporte, Cultura y todo el contenido de inter\u00e9s general que la gente del pueblo y la regi\u00f3n debe conocer.\" \/>\n<meta property=\"og:url\" content=\"https:\/\/www.celttv.com.ar\/index.php\/2013\/09\/12\/a-un-ano-del-devastador-incendio-de-la-escuela-de-colonia-san-martin-nota-con-sergio-molina\/\" \/>\n<meta property=\"og:site_name\" content=\"CELTTV\" \/>\n<meta property=\"article:publisher\" content=\"https:\/\/www.facebook.com\/celtTV\/\" \/>\n<meta property=\"article:published_time\" content=\"2013-09-12T15:54:06+00:00\" \/>\n<meta name=\"author\" content=\"ulises\" \/>\n<meta name=\"twitter:card\" content=\"summary_large_image\" \/>\n<meta name=\"twitter:label1\" content=\"Escrito por\" \/>\n\t<meta name=\"twitter:data1\" content=\"ulises\" \/>\n\t<meta name=\"twitter:label2\" content=\"Tiempo de lectura\" \/>\n\t<meta name=\"twitter:data2\" content=\"1 minuto\" \/>\n<script type=\"application\/ld+json\" class=\"yoast-schema-graph\">{\"@context\":\"https:\/\/schema.org\",\"@graph\":[{\"@type\":\"NewsArticle\",\"@id\":\"https:\/\/www.celttv.com.ar\/index.php\/2013\/09\/12\/a-un-ano-del-devastador-incendio-de-la-escuela-de-colonia-san-martin-nota-con-sergio-molina\/#article\",\"isPartOf\":{\"@id\":\"https:\/\/www.celttv.com.ar\/index.php\/2013\/09\/12\/a-un-ano-del-devastador-incendio-de-la-escuela-de-colonia-san-martin-nota-con-sergio-molina\/\"},\"author\":{\"name\":\"ulises\",\"@id\":\"https:\/\/www.celttv.com.ar\/#\/schema\/person\/6d99c072dba59953809c81446e9d0ace\"},\"headline\":\"A UN A\u00d1O DEL DEVASTADOR INCENDIO DE LA ESCUELA DE COLONIA SAN MARTIN (nota con Sergio Molina)\",\"datePublished\":\"2013-09-12T15:54:06+00:00\",\"dateModified\":\"2013-09-12T15:54:06+00:00\",\"mainEntityOfPage\":{\"@id\":\"https:\/\/www.celttv.com.ar\/index.php\/2013\/09\/12\/a-un-ano-del-devastador-incendio-de-la-escuela-de-colonia-san-martin-nota-con-sergio-molina\/\"},\"wordCount\":120,\"publisher\":{\"@id\":\"https:\/\/www.celttv.com.ar\/#organization\"},\"articleSection\":[\"Comunidad\",\"Destacadas\",\"Videos Destacados\"],\"inLanguage\":\"es\"},{\"@type\":\"WebPage\",\"@id\":\"https:\/\/www.celttv.com.ar\/index.php\/2013\/09\/12\/a-un-ano-del-devastador-incendio-de-la-escuela-de-colonia-san-martin-nota-con-sergio-molina\/\",\"url\":\"https:\/\/www.celttv.com.ar\/index.php\/2013\/09\/12\/a-un-ano-del-devastador-incendio-de-la-escuela-de-colonia-san-martin-nota-con-sergio-molina\/\",\"name\":\"A UN A\u00d1O DEL DEVASTADOR INCENDIO DE LA ESCUELA DE COLONIA SAN MARTIN (nota con Sergio Molina) - CELTTV\",\"isPartOf\":{\"@id\":\"https:\/\/www.celttv.com.ar\/#website\"},\"datePublished\":\"2013-09-12T15:54:06+00:00\",\"dateModified\":\"2013-09-12T15:54:06+00:00\",\"description\":\"Sitio web de noticias de la localidad de Tornquist, provincia de Buenos Aires, Rep\u00fablica Argentina. Contenido propio originado por periodistas de CELTTV, el canal de TV local de la Cooperativa El\u00e9ctrica de Tornquist. Turismo, Pol\u00edtica, Sociedad, Deporte, Cultura y todo el contenido de inter\u00e9s general que la gente del pueblo y la regi\u00f3n debe conocer.\",\"breadcrumb\":{\"@id\":\"https:\/\/www.celttv.com.ar\/index.php\/2013\/09\/12\/a-un-ano-del-devastador-incendio-de-la-escuela-de-colonia-san-martin-nota-con-sergio-molina\/#breadcrumb\"},\"inLanguage\":\"es\",\"potentialAction\":[{\"@type\":\"ReadAction\",\"target\":[\"https:\/\/www.celttv.com.ar\/index.php\/2013\/09\/12\/a-un-ano-del-devastador-incendio-de-la-escuela-de-colonia-san-martin-nota-con-sergio-molina\/\"]}]},{\"@type\":\"BreadcrumbList\",\"@id\":\"https:\/\/www.celttv.com.ar\/index.php\/2013\/09\/12\/a-un-ano-del-devastador-incendio-de-la-escuela-de-colonia-san-martin-nota-con-sergio-molina\/#breadcrumb\",\"itemListElement\":[{\"@type\":\"ListItem\",\"position\":1,\"name\":\"Inicio\",\"item\":\"https:\/\/www.celttv.com.ar\/\"},{\"@type\":\"ListItem\",\"position\":2,\"name\":\"A UN A\u00d1O DEL DEVASTADOR INCENDIO DE LA ESCUELA DE COLONIA SAN MARTIN (nota con Sergio Molina)\"}]},{\"@type\":\"WebSite\",\"@id\":\"https:\/\/www.celttv.com.ar\/#website\",\"url\":\"https:\/\/www.celttv.com.ar\/\",\"name\":\"CELTTV\",\"description\":\"Cooperativa El\u00e9ctrica de Tornquist\",\"publisher\":{\"@id\":\"https:\/\/www.celttv.com.ar\/#organization\"},\"potentialAction\":[{\"@type\":\"SearchAction\",\"target\":{\"@type\":\"EntryPoint\",\"urlTemplate\":\"https:\/\/www.celttv.com.ar\/?s={search_term_string}\"},\"query-input\":\"required name=search_term_string\"}],\"inLanguage\":\"es\"},{\"@type\":\"Organization\",\"@id\":\"https:\/\/www.celttv.com.ar\/#organization\",\"name\":\"CELTTV\",\"url\":\"https:\/\/www.celttv.com.ar\/\",\"sameAs\":[\"https:\/\/www.youtube.com\/channel\/UCz_oIt8Hig64Ub-EmcNPIhg\",\"https:\/\/www.facebook.com\/celtTV\/\"],\"logo\":{\"@type\":\"ImageObject\",\"inLanguage\":\"es\",\"@id\":\"https:\/\/www.celttv.com.ar\/#\/schema\/logo\/image\/\",\"url\":\"http:\/\/www.celttv.com.ar\/wp-content\/uploads\/2022\/08\/logo-1.png\",\"contentUrl\":\"http:\/\/www.celttv.com.ar\/wp-content\/uploads\/2022\/08\/logo-1.png\",\"width\":461,\"height\":159,\"caption\":\"CELTTV\"},\"image\":{\"@id\":\"https:\/\/www.celttv.com.ar\/#\/schema\/logo\/image\/\"}},{\"@type\":\"Person\",\"@id\":\"https:\/\/www.celttv.com.ar\/#\/schema\/person\/6d99c072dba59953809c81446e9d0ace\",\"name\":\"ulises\",\"image\":{\"@type\":\"ImageObject\",\"inLanguage\":\"es\",\"@id\":\"https:\/\/www.celttv.com.ar\/#\/schema\/person\/image\/\",\"url\":\"https:\/\/secure.gravatar.com\/avatar\/7f2c48bdc33b30088f941fb6082e555f2874c98e20cb159d7b92b50eadfce793?s=96&d=mm&r=g\",\"contentUrl\":\"https:\/\/secure.gravatar.com\/avatar\/7f2c48bdc33b30088f941fb6082e555f2874c98e20cb159d7b92b50eadfce793?s=96&d=mm&r=g\",\"caption\":\"ulises\"},\"sameAs\":[\"http:\/\/www.celttv.com.ar\"]}]}<\/script>\n<!-- \/ Yoast SEO plugin. -->","yoast_head_json":{"title":"A UN A\u00d1O DEL DEVASTADOR INCENDIO DE LA ESCUELA DE COLONIA SAN MARTIN (nota con Sergio Molina) - CELTTV","description":"Sitio web de noticias de la localidad de Tornquist, provincia de Buenos Aires, Rep\u00fablica Argentina. Contenido propio originado por periodistas de CELTTV, el canal de TV local de la Cooperativa El\u00e9ctrica de Tornquist. Turismo, Pol\u00edtica, Sociedad, Deporte, Cultura y todo el contenido de inter\u00e9s general que la gente del pueblo y la regi\u00f3n debe conocer.","robots":{"index":"index","follow":"follow","max-snippet":"max-snippet:-1","max-image-preview":"max-image-preview:large","max-video-preview":"max-video-preview:-1"},"canonical":"https:\/\/www.celttv.com.ar\/index.php\/2013\/09\/12\/a-un-ano-del-devastador-incendio-de-la-escuela-de-colonia-san-martin-nota-con-sergio-molina\/","og_locale":"es_ES","og_type":"article","og_title":"A UN A\u00d1O DEL DEVASTADOR INCENDIO DE LA ESCUELA DE COLONIA SAN MARTIN (nota con Sergio Molina) - CELTTV","og_description":"Sitio web de noticias de la localidad de Tornquist, provincia de Buenos Aires, Rep\u00fablica Argentina. Contenido propio originado por periodistas de CELTTV, el canal de TV local de la Cooperativa El\u00e9ctrica de Tornquist. Turismo, Pol\u00edtica, Sociedad, Deporte, Cultura y todo el contenido de inter\u00e9s general que la gente del pueblo y la regi\u00f3n debe conocer.","og_url":"https:\/\/www.celttv.com.ar\/index.php\/2013\/09\/12\/a-un-ano-del-devastador-incendio-de-la-escuela-de-colonia-san-martin-nota-con-sergio-molina\/","og_site_name":"CELTTV","article_publisher":"https:\/\/www.facebook.com\/celtTV\/","article_published_time":"2013-09-12T15:54:06+00:00","author":"ulises","twitter_card":"summary_large_image","twitter_misc":{"Escrito por":"ulises","Tiempo de lectura":"1 minuto"},"schema":{"@context":"https:\/\/schema.org","@graph":[{"@type":"NewsArticle","@id":"https:\/\/www.celttv.com.ar\/index.php\/2013\/09\/12\/a-un-ano-del-devastador-incendio-de-la-escuela-de-colonia-san-martin-nota-con-sergio-molina\/#article","isPartOf":{"@id":"https:\/\/www.celttv.com.ar\/index.php\/2013\/09\/12\/a-un-ano-del-devastador-incendio-de-la-escuela-de-colonia-san-martin-nota-con-sergio-molina\/"},"author":{"name":"ulises","@id":"https:\/\/www.celttv.com.ar\/#\/schema\/person\/6d99c072dba59953809c81446e9d0ace"},"headline":"A UN A\u00d1O DEL DEVASTADOR INCENDIO DE LA ESCUELA DE COLONIA SAN MARTIN (nota con Sergio Molina)","datePublished":"2013-09-12T15:54:06+00:00","dateModified":"2013-09-12T15:54:06+00:00","mainEntityOfPage":{"@id":"https:\/\/www.celttv.com.ar\/index.php\/2013\/09\/12\/a-un-ano-del-devastador-incendio-de-la-escuela-de-colonia-san-martin-nota-con-sergio-molina\/"},"wordCount":120,"publisher":{"@id":"https:\/\/www.celttv.com.ar\/#organization"},"articleSection":["Comunidad","Destacadas","Videos Destacados"],"inLanguage":"es"},{"@type":"WebPage","@id":"https:\/\/www.celttv.com.ar\/index.php\/2013\/09\/12\/a-un-ano-del-devastador-incendio-de-la-escuela-de-colonia-san-martin-nota-con-sergio-molina\/","url":"https:\/\/www.celttv.com.ar\/index.php\/2013\/09\/12\/a-un-ano-del-devastador-incendio-de-la-escuela-de-colonia-san-martin-nota-con-sergio-molina\/","name":"A UN A\u00d1O DEL DEVASTADOR INCENDIO DE LA ESCUELA DE COLONIA SAN MARTIN (nota con Sergio Molina) - CELTTV","isPartOf":{"@id":"https:\/\/www.celttv.com.ar\/#website"},"datePublished":"2013-09-12T15:54:06+00:00","dateModified":"2013-09-12T15:54:06+00:00","description":"Sitio web de noticias de la localidad de Tornquist, provincia de Buenos Aires, Rep\u00fablica Argentina. Contenido propio originado por periodistas de CELTTV, el canal de TV local de la Cooperativa El\u00e9ctrica de Tornquist. Turismo, Pol\u00edtica, Sociedad, Deporte, Cultura y todo el contenido de inter\u00e9s general que la gente del pueblo y la regi\u00f3n debe conocer.","breadcrumb":{"@id":"https:\/\/www.celttv.com.ar\/index.php\/2013\/09\/12\/a-un-ano-del-devastador-incendio-de-la-escuela-de-colonia-san-martin-nota-con-sergio-molina\/#breadcrumb"},"inLanguage":"es","potentialAction":[{"@type":"ReadAction","target":["https:\/\/www.celttv.com.ar\/index.php\/2013\/09\/12\/a-un-ano-del-devastador-incendio-de-la-escuela-de-colonia-san-martin-nota-con-sergio-molina\/"]}]},{"@type":"BreadcrumbList","@id":"https:\/\/www.celttv.com.ar\/index.php\/2013\/09\/12\/a-un-ano-del-devastador-incendio-de-la-escuela-de-colonia-san-martin-nota-con-sergio-molina\/#breadcrumb","itemListElement":[{"@type":"ListItem","position":1,"name":"Inicio","item":"https:\/\/www.celttv.com.ar\/"},{"@type":"ListItem","position":2,"name":"A UN A\u00d1O DEL DEVASTADOR INCENDIO DE LA ESCUELA DE COLONIA SAN MARTIN (nota con Sergio Molina)"}]},{"@type":"WebSite","@id":"https:\/\/www.celttv.com.ar\/#website","url":"https:\/\/www.celttv.com.ar\/","name":"CELTTV","description":"Cooperativa El\u00e9ctrica de Tornquist","publisher":{"@id":"https:\/\/www.celttv.com.ar\/#organization"},"potentialAction":[{"@type":"SearchAction","target":{"@type":"EntryPoint","urlTemplate":"https:\/\/www.celttv.com.ar\/?s={search_term_string}"},"query-input":"required name=search_term_string"}],"inLanguage":"es"},{"@type":"Organization","@id":"https:\/\/www.celttv.com.ar\/#organization","name":"CELTTV","url":"https:\/\/www.celttv.com.ar\/","sameAs":["https:\/\/www.youtube.com\/channel\/UCz_oIt8Hig64Ub-EmcNPIhg","https:\/\/www.facebook.com\/celtTV\/"],"logo":{"@type":"ImageObject","inLanguage":"es","@id":"https:\/\/www.celttv.com.ar\/#\/schema\/logo\/image\/","url":"http:\/\/www.celttv.com.ar\/wp-content\/uploads\/2022\/08\/logo-1.png","contentUrl":"http:\/\/www.celttv.com.ar\/wp-content\/uploads\/2022\/08\/logo-1.png","width":461,"height":159,"caption":"CELTTV"},"image":{"@id":"https:\/\/www.celttv.com.ar\/#\/schema\/logo\/image\/"}},{"@type":"Person","@id":"https:\/\/www.celttv.com.ar\/#\/schema\/person\/6d99c072dba59953809c81446e9d0ace","name":"ulises","image":{"@type":"ImageObject","inLanguage":"es","@id":"https:\/\/www.celttv.com.ar\/#\/schema\/person\/image\/","url":"https:\/\/secure.gravatar.com\/avatar\/7f2c48bdc33b30088f941fb6082e555f2874c98e20cb159d7b92b50eadfce793?s=96&d=mm&r=g","contentUrl":"https:\/\/secure.gravatar.com\/avatar\/7f2c48bdc33b30088f941fb6082e555f2874c98e20cb159d7b92b50eadfce793?s=96&d=mm&r=g","caption":"ulises"},"sameAs":["http:\/\/www.celttv.com.ar"]}]}},"_links":{"self":[{"href":"https:\/\/www.celttv.com.ar\/index.php\/wp-json\/wp\/v2\/posts\/14007","targetHints":{"allow":["GET"]}}],"collection":[{"href":"https:\/\/www.celttv.com.ar\/index.php\/wp-json\/wp\/v2\/posts"}],"about":[{"href":"https:\/\/www.celttv.com.ar\/index.php\/wp-json\/wp\/v2\/types\/post"}],"author":[{"embeddable":true,"href":"https:\/\/www.celttv.com.ar\/index.php\/wp-json\/wp\/v2\/users\/1"}],"replies":[{"embeddable":true,"href":"https:\/\/www.celttv.com.ar\/index.php\/wp-json\/wp\/v2\/comments?post=14007"}],"version-history":[{"count":0,"href":"https:\/\/www.celttv.com.ar\/index.php\/wp-json\/wp\/v2\/posts\/14007\/revisions"}],"wp:attachment":[{"href":"https:\/\/www.celttv.com.ar\/index.php\/wp-json\/wp\/v2\/media?parent=14007"}],"wp:term":[{"taxonomy":"category","embeddable":true,"href":"https:\/\/www.celttv.com.ar\/index.php\/wp-json\/wp\/v2\/categories?post=14007"},{"taxonomy":"post_tag","embeddable":true,"href":"https:\/\/www.celttv.com.ar\/index.php\/wp-json\/wp\/v2\/tags?post=14007"}],"curies":[{"name":"wp","href":"https:\/\/api.w.org\/{rel}","templated":true}]}}