{"id":1401,"date":"2011-09-06T01:46:01","date_gmt":"2011-09-06T01:46:01","guid":{"rendered":"http:\/\/www.tvcnoticias.com.ar\/?p=1401"},"modified":"2011-09-06T01:46:01","modified_gmt":"2011-09-06T01:46:01","slug":"boudou-en-tornquist-historica-visita-del-actual-ministro-de-economia-y-candidato-a-la-vice-presidencia-de-la-nacion-3-videos","status":"publish","type":"post","link":"https:\/\/www.celttv.com.ar\/index.php\/2011\/09\/06\/boudou-en-tornquist-historica-visita-del-actual-ministro-de-economia-y-candidato-a-la-vice-presidencia-de-la-nacion-3-videos\/","title":{"rendered":"BOUDOU EN TORNQUIST: HISTORICA VISITA DEL ACTUAL MINISTRO DE ECONOMIA Y CANDIDATO A LA VICE PRESIDENCIA DE LA NACION (3 videos)"},"content":{"rendered":"<p>El intendente municipal, Lic. Gustavo Trankels, recibi\u00f3 al Ministro de Econom\u00eda de la Naci\u00f3n y candidato a Vicepresidente, Amado Boudou, \u00a0en una jornada calificada como \u201chist\u00f3rica\u201d, ya que es la primera vez que un ministro de econom\u00eda de la Naci\u00f3n, visita nuestro distrito. \u00a0<br \/>\nBoudou arrib\u00f3 a Tornquist alrededor de las 20.15 hs., y su actividad comenz\u00f3\u00a0 en la sede del Partido Justicialista, en donde comparti\u00f3 un momento con militantes; posteriormente brindo una rueda de Prensa. El titular de la cartera econ\u00f3mica estuvo acompa\u00f1ado por el Director Ejecutivo \u00a0de la ANSES, Diego Bossio, el Secretario del Sindicato de Canillitas, Omar Plaini y los m\u00fasicos Charly Alberti -Ex Soda Stereo- y \u00a0Manuel Quieto, \u00a0de La Mancha de Rolando.<br \/>\nLuego, el intendente \u00a0junto al ministro se trasladaron, \u00a0acompa\u00f1ados por <strong>dirigentes pol\u00edticos y candidatos de la sexta secci\u00f3n, al Centro de Jubilados y Pensionados de Tornquist.\u00a0 All\u00ed, el mandatario nacional recorri\u00f3 las obras que se vienen desarrollando en el Centro; a su vez recibi\u00f3, por parte de las \u00a0autoridades del Club Uni\u00f3n, <\/strong>\u00a0un proyecto para realizar mejoras edilicias.<br \/>\nFinalmente, y ante un sal\u00f3n colmado de personas que <strong>esperaban la presencia del candidato a vicepresidente de la Naci\u00f3n por el Frente para la Victoria, el intendente Trankels brind\u00f3 unas palabras de bienvenida al ministro y a las autoridades presentes. <\/strong><br \/>\n<strong>Por su parte Boudou manifest\u00f3: <\/strong>\u201cNosotros somos el n\u00facleo de un espacio que tiene claro que hay un pensamiento en el pa\u00eds y que hay una persona que lo conduce, que es una mujer, y eso es un hecho in\u00e9dito en la Argentina\u201d. Tambi\u00e9n expres\u00f3: \u201cnos pone orgullosos poder estar ac\u00e1, \u00a0mirarlos a los ojos y decirles que todo lo que hicimos fue pensando en la Argentina, que en el gobierno de N\u00e9stor Kirchner y en el gobierno de Cristina Fern\u00e1ndez de Kirchner, no hubo una sola medida en contra del pueblo, ac\u00e1 no hubo una sola medida en contra de los jubilados, ni en contra de los ni\u00f1os, ni en contra de los trabajadores, estamos con la Argentina, con los aciertos y \u00a0los errores, estamos con la Argentina y con lo que viene\u201d.<br \/>\nEstuvieron presentes, acompa\u00f1ando al jefe comunal y al titular de la cartera de Naci\u00f3n, \u00a0el Vicepresidente Ejecutivo del Grupo Banco Provincia, \u00a0D\u00e1maso Larraburu; el Presidente del S.P.A.R, Juan Vi\u00f1ales; \u00a0los intendentes de Bah\u00eda Blanca, Cristian Breitenstein y de General Lamadrid, Juan Carlos Pellita, adem\u00e1s de otros referentes de la sexta secci\u00f3n electoral.<br \/>\nEl evento culmin\u00f3 con Boudou y Manuel Quieto (La Mancha de Rolando) \u00a0acompa\u00f1ando en guitarra y voz, a los m\u00fasicos locales de la banda \u201cLa Morocha\u201d quienes interpretaron \u201cTu Ciudad\u201d, as\u00ed como tambi\u00e9n la canci\u00f3n \u201cArde la ciudad\u201d, de la banda que lidera Quieto.<br \/>\n\u00a0<a href=\"http:\/\/www.youtube.com\/watch?v=sGPXEWGk4x4\">httpv:\/\/www.youtube.com\/watch?v=sGPXEWGk4x4<\/a><br \/>\n<a href=\"http:\/\/www.youtube.com\/watch?v=Vph631a3naI\">httpv:\/\/www.youtube.com\/watch?v=Vph631a3naI<\/a><br \/>\n<a>httpv:\/\/www.youtube.com\/watch?v=jvFv_9WT884<\/a><\/p>\n","protected":false},"excerpt":{"rendered":"<p>El intendente municipal, Lic. Gustavo Trankels, recibi\u00f3 al Ministro de Econom\u00eda de la Naci\u00f3n y candidato a Vicepresidente, Amado Boudou, \u00a0en una jornada calificada como \u201chist\u00f3rica\u201d, ya que es la primera vez que un ministro de econom\u00eda de la Naci\u00f3n, visita nuestro distrito. \u00a0 Boudou arrib\u00f3 a Tornquist alrededor de las 20.15 hs., y su [&hellip;]<\/p>\n","protected":false},"author":1,"featured_media":0,"comment_status":"closed","ping_status":"open","sticky":false,"template":"","format":"standard","meta":{"footnotes":""},"categories":[52,53,64],"tags":[],"class_list":["post-1401","post","type-post","status-publish","format-standard","hentry","category-destacadas","category-politica","category-videos-destacados"],"yoast_head":"<!-- This site is optimized with the Yoast SEO plugin v19.7.1 - https:\/\/yoast.com\/wordpress\/plugins\/seo\/ -->\n<title>BOUDOU EN TORNQUIST: HISTORICA VISITA DEL ACTUAL MINISTRO DE ECONOMIA Y CANDIDATO A LA VICE PRESIDENCIA DE LA NACION (3 videos) - CELTTV<\/title>\n<meta name=\"description\" content=\"Sitio web de noticias de la localidad de Tornquist, provincia de Buenos Aires, Rep\u00fablica Argentina. Contenido propio originado por periodistas de CELTTV, el canal de TV local de la Cooperativa El\u00e9ctrica de Tornquist. Turismo, Pol\u00edtica, Sociedad, Deporte, Cultura y todo el contenido de inter\u00e9s general que la gente del pueblo y la regi\u00f3n debe conocer.\" \/>\n<meta name=\"robots\" content=\"index, follow, max-snippet:-1, max-image-preview:large, max-video-preview:-1\" \/>\n<link rel=\"canonical\" href=\"https:\/\/www.celttv.com.ar\/index.php\/2011\/09\/06\/boudou-en-tornquist-historica-visita-del-actual-ministro-de-economia-y-candidato-a-la-vice-presidencia-de-la-nacion-3-videos\/\" \/>\n<meta property=\"og:locale\" content=\"es_ES\" \/>\n<meta property=\"og:type\" content=\"article\" \/>\n<meta property=\"og:title\" content=\"BOUDOU EN TORNQUIST: HISTORICA VISITA DEL ACTUAL MINISTRO DE ECONOMIA Y CANDIDATO A LA VICE PRESIDENCIA DE LA NACION (3 videos) - CELTTV\" \/>\n<meta property=\"og:description\" content=\"Sitio web de noticias de la localidad de Tornquist, provincia de Buenos Aires, Rep\u00fablica Argentina. Contenido propio originado por periodistas de CELTTV, el canal de TV local de la Cooperativa El\u00e9ctrica de Tornquist. Turismo, Pol\u00edtica, Sociedad, Deporte, Cultura y todo el contenido de inter\u00e9s general que la gente del pueblo y la regi\u00f3n debe conocer.\" \/>\n<meta property=\"og:url\" content=\"https:\/\/www.celttv.com.ar\/index.php\/2011\/09\/06\/boudou-en-tornquist-historica-visita-del-actual-ministro-de-economia-y-candidato-a-la-vice-presidencia-de-la-nacion-3-videos\/\" \/>\n<meta property=\"og:site_name\" content=\"CELTTV\" \/>\n<meta property=\"article:publisher\" content=\"https:\/\/www.facebook.com\/celtTV\/\" \/>\n<meta property=\"article:published_time\" content=\"2011-09-06T01:46:01+00:00\" \/>\n<meta name=\"author\" content=\"ulises\" \/>\n<meta name=\"twitter:card\" content=\"summary_large_image\" \/>\n<meta name=\"twitter:label1\" content=\"Escrito por\" \/>\n\t<meta name=\"twitter:data1\" content=\"ulises\" \/>\n\t<meta name=\"twitter:label2\" content=\"Tiempo de lectura\" \/>\n\t<meta name=\"twitter:data2\" content=\"3 minutos\" \/>\n<script type=\"application\/ld+json\" class=\"yoast-schema-graph\">{\"@context\":\"https:\/\/schema.org\",\"@graph\":[{\"@type\":\"NewsArticle\",\"@id\":\"https:\/\/www.celttv.com.ar\/index.php\/2011\/09\/06\/boudou-en-tornquist-historica-visita-del-actual-ministro-de-economia-y-candidato-a-la-vice-presidencia-de-la-nacion-3-videos\/#article\",\"isPartOf\":{\"@id\":\"https:\/\/www.celttv.com.ar\/index.php\/2011\/09\/06\/boudou-en-tornquist-historica-visita-del-actual-ministro-de-economia-y-candidato-a-la-vice-presidencia-de-la-nacion-3-videos\/\"},\"author\":{\"name\":\"ulises\",\"@id\":\"https:\/\/www.celttv.com.ar\/#\/schema\/person\/6d99c072dba59953809c81446e9d0ace\"},\"headline\":\"BOUDOU EN TORNQUIST: HISTORICA VISITA DEL ACTUAL MINISTRO DE ECONOMIA Y CANDIDATO A LA VICE PRESIDENCIA DE LA NACION (3 videos)\",\"datePublished\":\"2011-09-06T01:46:01+00:00\",\"dateModified\":\"2011-09-06T01:46:01+00:00\",\"mainEntityOfPage\":{\"@id\":\"https:\/\/www.celttv.com.ar\/index.php\/2011\/09\/06\/boudou-en-tornquist-historica-visita-del-actual-ministro-de-economia-y-candidato-a-la-vice-presidencia-de-la-nacion-3-videos\/\"},\"wordCount\":523,\"publisher\":{\"@id\":\"https:\/\/www.celttv.com.ar\/#organization\"},\"articleSection\":[\"Destacadas\",\"Pol\u00edtica\",\"Videos Destacados\"],\"inLanguage\":\"es\"},{\"@type\":\"WebPage\",\"@id\":\"https:\/\/www.celttv.com.ar\/index.php\/2011\/09\/06\/boudou-en-tornquist-historica-visita-del-actual-ministro-de-economia-y-candidato-a-la-vice-presidencia-de-la-nacion-3-videos\/\",\"url\":\"https:\/\/www.celttv.com.ar\/index.php\/2011\/09\/06\/boudou-en-tornquist-historica-visita-del-actual-ministro-de-economia-y-candidato-a-la-vice-presidencia-de-la-nacion-3-videos\/\",\"name\":\"BOUDOU EN TORNQUIST: HISTORICA VISITA DEL ACTUAL MINISTRO DE ECONOMIA Y CANDIDATO A LA VICE PRESIDENCIA DE LA NACION (3 videos) - CELTTV\",\"isPartOf\":{\"@id\":\"https:\/\/www.celttv.com.ar\/#website\"},\"datePublished\":\"2011-09-06T01:46:01+00:00\",\"dateModified\":\"2011-09-06T01:46:01+00:00\",\"description\":\"Sitio web de noticias de la localidad de Tornquist, provincia de Buenos Aires, Rep\u00fablica Argentina. Contenido propio originado por periodistas de CELTTV, el canal de TV local de la Cooperativa El\u00e9ctrica de Tornquist. Turismo, Pol\u00edtica, Sociedad, Deporte, Cultura y todo el contenido de inter\u00e9s general que la gente del pueblo y la regi\u00f3n debe conocer.\",\"breadcrumb\":{\"@id\":\"https:\/\/www.celttv.com.ar\/index.php\/2011\/09\/06\/boudou-en-tornquist-historica-visita-del-actual-ministro-de-economia-y-candidato-a-la-vice-presidencia-de-la-nacion-3-videos\/#breadcrumb\"},\"inLanguage\":\"es\",\"potentialAction\":[{\"@type\":\"ReadAction\",\"target\":[\"https:\/\/www.celttv.com.ar\/index.php\/2011\/09\/06\/boudou-en-tornquist-historica-visita-del-actual-ministro-de-economia-y-candidato-a-la-vice-presidencia-de-la-nacion-3-videos\/\"]}]},{\"@type\":\"BreadcrumbList\",\"@id\":\"https:\/\/www.celttv.com.ar\/index.php\/2011\/09\/06\/boudou-en-tornquist-historica-visita-del-actual-ministro-de-economia-y-candidato-a-la-vice-presidencia-de-la-nacion-3-videos\/#breadcrumb\",\"itemListElement\":[{\"@type\":\"ListItem\",\"position\":1,\"name\":\"Inicio\",\"item\":\"https:\/\/www.celttv.com.ar\/\"},{\"@type\":\"ListItem\",\"position\":2,\"name\":\"BOUDOU EN TORNQUIST: HISTORICA VISITA DEL ACTUAL MINISTRO DE ECONOMIA Y CANDIDATO A LA VICE PRESIDENCIA DE LA NACION (3 videos)\"}]},{\"@type\":\"WebSite\",\"@id\":\"https:\/\/www.celttv.com.ar\/#website\",\"url\":\"https:\/\/www.celttv.com.ar\/\",\"name\":\"CELTTV\",\"description\":\"Cooperativa El\u00e9ctrica de Tornquist\",\"publisher\":{\"@id\":\"https:\/\/www.celttv.com.ar\/#organization\"},\"potentialAction\":[{\"@type\":\"SearchAction\",\"target\":{\"@type\":\"EntryPoint\",\"urlTemplate\":\"https:\/\/www.celttv.com.ar\/?s={search_term_string}\"},\"query-input\":\"required name=search_term_string\"}],\"inLanguage\":\"es\"},{\"@type\":\"Organization\",\"@id\":\"https:\/\/www.celttv.com.ar\/#organization\",\"name\":\"CELTTV\",\"url\":\"https:\/\/www.celttv.com.ar\/\",\"sameAs\":[\"https:\/\/www.youtube.com\/channel\/UCz_oIt8Hig64Ub-EmcNPIhg\",\"https:\/\/www.facebook.com\/celtTV\/\"],\"logo\":{\"@type\":\"ImageObject\",\"inLanguage\":\"es\",\"@id\":\"https:\/\/www.celttv.com.ar\/#\/schema\/logo\/image\/\",\"url\":\"http:\/\/www.celttv.com.ar\/wp-content\/uploads\/2022\/08\/logo-1.png\",\"contentUrl\":\"http:\/\/www.celttv.com.ar\/wp-content\/uploads\/2022\/08\/logo-1.png\",\"width\":461,\"height\":159,\"caption\":\"CELTTV\"},\"image\":{\"@id\":\"https:\/\/www.celttv.com.ar\/#\/schema\/logo\/image\/\"}},{\"@type\":\"Person\",\"@id\":\"https:\/\/www.celttv.com.ar\/#\/schema\/person\/6d99c072dba59953809c81446e9d0ace\",\"name\":\"ulises\",\"image\":{\"@type\":\"ImageObject\",\"inLanguage\":\"es\",\"@id\":\"https:\/\/www.celttv.com.ar\/#\/schema\/person\/image\/\",\"url\":\"https:\/\/secure.gravatar.com\/avatar\/7f2c48bdc33b30088f941fb6082e555f2874c98e20cb159d7b92b50eadfce793?s=96&d=mm&r=g\",\"contentUrl\":\"https:\/\/secure.gravatar.com\/avatar\/7f2c48bdc33b30088f941fb6082e555f2874c98e20cb159d7b92b50eadfce793?s=96&d=mm&r=g\",\"caption\":\"ulises\"},\"sameAs\":[\"http:\/\/www.celttv.com.ar\"]}]}<\/script>\n<!-- \/ Yoast SEO plugin. -->","yoast_head_json":{"title":"BOUDOU EN TORNQUIST: HISTORICA VISITA DEL ACTUAL MINISTRO DE ECONOMIA Y CANDIDATO A LA VICE PRESIDENCIA DE LA NACION (3 videos) - CELTTV","description":"Sitio web de noticias de la localidad de Tornquist, provincia de Buenos Aires, Rep\u00fablica Argentina. Contenido propio originado por periodistas de CELTTV, el canal de TV local de la Cooperativa El\u00e9ctrica de Tornquist. Turismo, Pol\u00edtica, Sociedad, Deporte, Cultura y todo el contenido de inter\u00e9s general que la gente del pueblo y la regi\u00f3n debe conocer.","robots":{"index":"index","follow":"follow","max-snippet":"max-snippet:-1","max-image-preview":"max-image-preview:large","max-video-preview":"max-video-preview:-1"},"canonical":"https:\/\/www.celttv.com.ar\/index.php\/2011\/09\/06\/boudou-en-tornquist-historica-visita-del-actual-ministro-de-economia-y-candidato-a-la-vice-presidencia-de-la-nacion-3-videos\/","og_locale":"es_ES","og_type":"article","og_title":"BOUDOU EN TORNQUIST: HISTORICA VISITA DEL ACTUAL MINISTRO DE ECONOMIA Y CANDIDATO A LA VICE PRESIDENCIA DE LA NACION (3 videos) - CELTTV","og_description":"Sitio web de noticias de la localidad de Tornquist, provincia de Buenos Aires, Rep\u00fablica Argentina. Contenido propio originado por periodistas de CELTTV, el canal de TV local de la Cooperativa El\u00e9ctrica de Tornquist. Turismo, Pol\u00edtica, Sociedad, Deporte, Cultura y todo el contenido de inter\u00e9s general que la gente del pueblo y la regi\u00f3n debe conocer.","og_url":"https:\/\/www.celttv.com.ar\/index.php\/2011\/09\/06\/boudou-en-tornquist-historica-visita-del-actual-ministro-de-economia-y-candidato-a-la-vice-presidencia-de-la-nacion-3-videos\/","og_site_name":"CELTTV","article_publisher":"https:\/\/www.facebook.com\/celtTV\/","article_published_time":"2011-09-06T01:46:01+00:00","author":"ulises","twitter_card":"summary_large_image","twitter_misc":{"Escrito por":"ulises","Tiempo de lectura":"3 minutos"},"schema":{"@context":"https:\/\/schema.org","@graph":[{"@type":"NewsArticle","@id":"https:\/\/www.celttv.com.ar\/index.php\/2011\/09\/06\/boudou-en-tornquist-historica-visita-del-actual-ministro-de-economia-y-candidato-a-la-vice-presidencia-de-la-nacion-3-videos\/#article","isPartOf":{"@id":"https:\/\/www.celttv.com.ar\/index.php\/2011\/09\/06\/boudou-en-tornquist-historica-visita-del-actual-ministro-de-economia-y-candidato-a-la-vice-presidencia-de-la-nacion-3-videos\/"},"author":{"name":"ulises","@id":"https:\/\/www.celttv.com.ar\/#\/schema\/person\/6d99c072dba59953809c81446e9d0ace"},"headline":"BOUDOU EN TORNQUIST: HISTORICA VISITA DEL ACTUAL MINISTRO DE ECONOMIA Y CANDIDATO A LA VICE PRESIDENCIA DE LA NACION (3 videos)","datePublished":"2011-09-06T01:46:01+00:00","dateModified":"2011-09-06T01:46:01+00:00","mainEntityOfPage":{"@id":"https:\/\/www.celttv.com.ar\/index.php\/2011\/09\/06\/boudou-en-tornquist-historica-visita-del-actual-ministro-de-economia-y-candidato-a-la-vice-presidencia-de-la-nacion-3-videos\/"},"wordCount":523,"publisher":{"@id":"https:\/\/www.celttv.com.ar\/#organization"},"articleSection":["Destacadas","Pol\u00edtica","Videos Destacados"],"inLanguage":"es"},{"@type":"WebPage","@id":"https:\/\/www.celttv.com.ar\/index.php\/2011\/09\/06\/boudou-en-tornquist-historica-visita-del-actual-ministro-de-economia-y-candidato-a-la-vice-presidencia-de-la-nacion-3-videos\/","url":"https:\/\/www.celttv.com.ar\/index.php\/2011\/09\/06\/boudou-en-tornquist-historica-visita-del-actual-ministro-de-economia-y-candidato-a-la-vice-presidencia-de-la-nacion-3-videos\/","name":"BOUDOU EN TORNQUIST: HISTORICA VISITA DEL ACTUAL MINISTRO DE ECONOMIA Y CANDIDATO A LA VICE PRESIDENCIA DE LA NACION (3 videos) - CELTTV","isPartOf":{"@id":"https:\/\/www.celttv.com.ar\/#website"},"datePublished":"2011-09-06T01:46:01+00:00","dateModified":"2011-09-06T01:46:01+00:00","description":"Sitio web de noticias de la localidad de Tornquist, provincia de Buenos Aires, Rep\u00fablica Argentina. Contenido propio originado por periodistas de CELTTV, el canal de TV local de la Cooperativa El\u00e9ctrica de Tornquist. Turismo, Pol\u00edtica, Sociedad, Deporte, Cultura y todo el contenido de inter\u00e9s general que la gente del pueblo y la regi\u00f3n debe conocer.","breadcrumb":{"@id":"https:\/\/www.celttv.com.ar\/index.php\/2011\/09\/06\/boudou-en-tornquist-historica-visita-del-actual-ministro-de-economia-y-candidato-a-la-vice-presidencia-de-la-nacion-3-videos\/#breadcrumb"},"inLanguage":"es","potentialAction":[{"@type":"ReadAction","target":["https:\/\/www.celttv.com.ar\/index.php\/2011\/09\/06\/boudou-en-tornquist-historica-visita-del-actual-ministro-de-economia-y-candidato-a-la-vice-presidencia-de-la-nacion-3-videos\/"]}]},{"@type":"BreadcrumbList","@id":"https:\/\/www.celttv.com.ar\/index.php\/2011\/09\/06\/boudou-en-tornquist-historica-visita-del-actual-ministro-de-economia-y-candidato-a-la-vice-presidencia-de-la-nacion-3-videos\/#breadcrumb","itemListElement":[{"@type":"ListItem","position":1,"name":"Inicio","item":"https:\/\/www.celttv.com.ar\/"},{"@type":"ListItem","position":2,"name":"BOUDOU EN TORNQUIST: HISTORICA VISITA DEL ACTUAL MINISTRO DE ECONOMIA Y CANDIDATO A LA VICE PRESIDENCIA DE LA NACION (3 videos)"}]},{"@type":"WebSite","@id":"https:\/\/www.celttv.com.ar\/#website","url":"https:\/\/www.celttv.com.ar\/","name":"CELTTV","description":"Cooperativa El\u00e9ctrica de Tornquist","publisher":{"@id":"https:\/\/www.celttv.com.ar\/#organization"},"potentialAction":[{"@type":"SearchAction","target":{"@type":"EntryPoint","urlTemplate":"https:\/\/www.celttv.com.ar\/?s={search_term_string}"},"query-input":"required name=search_term_string"}],"inLanguage":"es"},{"@type":"Organization","@id":"https:\/\/www.celttv.com.ar\/#organization","name":"CELTTV","url":"https:\/\/www.celttv.com.ar\/","sameAs":["https:\/\/www.youtube.com\/channel\/UCz_oIt8Hig64Ub-EmcNPIhg","https:\/\/www.facebook.com\/celtTV\/"],"logo":{"@type":"ImageObject","inLanguage":"es","@id":"https:\/\/www.celttv.com.ar\/#\/schema\/logo\/image\/","url":"http:\/\/www.celttv.com.ar\/wp-content\/uploads\/2022\/08\/logo-1.png","contentUrl":"http:\/\/www.celttv.com.ar\/wp-content\/uploads\/2022\/08\/logo-1.png","width":461,"height":159,"caption":"CELTTV"},"image":{"@id":"https:\/\/www.celttv.com.ar\/#\/schema\/logo\/image\/"}},{"@type":"Person","@id":"https:\/\/www.celttv.com.ar\/#\/schema\/person\/6d99c072dba59953809c81446e9d0ace","name":"ulises","image":{"@type":"ImageObject","inLanguage":"es","@id":"https:\/\/www.celttv.com.ar\/#\/schema\/person\/image\/","url":"https:\/\/secure.gravatar.com\/avatar\/7f2c48bdc33b30088f941fb6082e555f2874c98e20cb159d7b92b50eadfce793?s=96&d=mm&r=g","contentUrl":"https:\/\/secure.gravatar.com\/avatar\/7f2c48bdc33b30088f941fb6082e555f2874c98e20cb159d7b92b50eadfce793?s=96&d=mm&r=g","caption":"ulises"},"sameAs":["http:\/\/www.celttv.com.ar"]}]}},"_links":{"self":[{"href":"https:\/\/www.celttv.com.ar\/index.php\/wp-json\/wp\/v2\/posts\/1401","targetHints":{"allow":["GET"]}}],"collection":[{"href":"https:\/\/www.celttv.com.ar\/index.php\/wp-json\/wp\/v2\/posts"}],"about":[{"href":"https:\/\/www.celttv.com.ar\/index.php\/wp-json\/wp\/v2\/types\/post"}],"author":[{"embeddable":true,"href":"https:\/\/www.celttv.com.ar\/index.php\/wp-json\/wp\/v2\/users\/1"}],"replies":[{"embeddable":true,"href":"https:\/\/www.celttv.com.ar\/index.php\/wp-json\/wp\/v2\/comments?post=1401"}],"version-history":[{"count":0,"href":"https:\/\/www.celttv.com.ar\/index.php\/wp-json\/wp\/v2\/posts\/1401\/revisions"}],"wp:attachment":[{"href":"https:\/\/www.celttv.com.ar\/index.php\/wp-json\/wp\/v2\/media?parent=1401"}],"wp:term":[{"taxonomy":"category","embeddable":true,"href":"https:\/\/www.celttv.com.ar\/index.php\/wp-json\/wp\/v2\/categories?post=1401"},{"taxonomy":"post_tag","embeddable":true,"href":"https:\/\/www.celttv.com.ar\/index.php\/wp-json\/wp\/v2\/tags?post=1401"}],"curies":[{"name":"wp","href":"https:\/\/api.w.org\/{rel}","templated":true}]}}