{"id":14010,"date":"2013-09-12T16:37:05","date_gmt":"2013-09-12T16:37:05","guid":{"rendered":"http:\/\/www.tvcnoticias.com.ar\/?p=14010"},"modified":"2013-09-12T16:37:05","modified_gmt":"2013-09-12T16:37:05","slug":"gobierno-de-scioli-anuncia-aumento-para-jubilados-y-pensionados","status":"publish","type":"post","link":"https:\/\/www.celttv.com.ar\/index.php\/2013\/09\/12\/gobierno-de-scioli-anuncia-aumento-para-jubilados-y-pensionados\/","title":{"rendered":"GOBIERNO DE SCIOLI ANUNCIA AUMENTO PARA JUBILADOS Y PENSIONADOS"},"content":{"rendered":"<p>El gobierno provincial anunci\u00f3 un aumento del 112 por ciento en el haber m\u00ednimo de los jubilados y del 43 por ciento para las pensiones sociales de la Provincia, que permitir\u00e1 desde este mes, actualizar los ingresos de 47 mil personas.<br \/>\nEl gobernador Daniel Scioli precis\u00f3 que la medida alcanza a casi 13 mil jubilados y 34 mil beneficiarios de pensiones sociales del Instituto de Previsi\u00f3n Social (IPS), rige desde el 1\u00ba de septiembre, y se pagar\u00e1 por etapas hasta marzo de 2014.<br \/>\nIndic\u00f3 adem\u00e1s que a fines de septiembre todos los jubilados del Instituto percibir\u00e1n la segunda etapa del aumento salarial dispuesto por la Provincia en marzo pasado, que totaliza alrededor de un 22 por ciento anual\u201d.<br \/>\nEl presidente del IPS, Mariano Cascallares, destac\u00f3 la decisi\u00f3n del Gobernador de \u201cdisponer una mejora sustancial en las jubilaciones m\u00ednimas\u201d, y precis\u00f3 que a partir de marzo \u201c34 mil pensiones no contributivas tendr\u00e1n un aumento del 40 por ciento\u201d.<br \/>\nRemarc\u00f3 que el gobierno provincial \u201ctrabaja fuertemente para brindar un mejor servicio\u201d, y en este sentido, ponder\u00f3 el \u201ctrabajo articulado\u201d con la cartera de Econom\u00eda y las diversas \u00e1reas de gobierno provincial.<br \/>\nLa suba en la m\u00ednima se dar\u00e1 por etapas: con retroactividad al 1\u00b0 de setiembre de 2013, aumentar\u00e1 de $886 a $1.217,22; a partir del 1\u00b0 de diciembre de 2013 pasar\u00e1 a ser de $1.548,45 y desde el 1\u00b0 de marzo de 2014 ser\u00e1 de $ 1.879,67, llegando a un incremento total del 112,15%.<br \/>\nParticiparon del anuncio en dependencias de la Gobernaci\u00f3n los ministros Silvina Batakis (Econom\u00eda); Cristina \u00c1lvarez Rodr\u00edguez (Gobierno); Oscar Cuartango (Trabajo); Mart\u00edn Ferr\u00e9 (Desarrollo Social); Gustavo Arrieta (Asuntos Agrarios); los secretarios Eduardo Cama\u00f1o (General de la Gobernaci\u00f3n); Juan Courel (Comunicaci\u00f3n P\u00fablica); el titular del OPDS, Hugo Bilbao; el intendente de Ensenada, Mario Secco y el diputado provincial, Iv\u00e1n Budassi.<br \/>\nLa Plata, 11 de septiembre de 2013<br \/>\n&nbsp;<br \/>\n&nbsp;<\/p>\n","protected":false},"excerpt":{"rendered":"<p>El gobierno provincial anunci\u00f3 un aumento del 112 por ciento en el haber m\u00ednimo de los jubilados y del 43 por ciento para las pensiones sociales de la Provincia, que permitir\u00e1 desde este mes, actualizar los ingresos de 47 mil personas. El gobernador Daniel Scioli precis\u00f3 que la medida alcanza a casi 13 mil jubilados [&hellip;]<\/p>\n","protected":false},"author":1,"featured_media":0,"comment_status":"closed","ping_status":"open","sticky":false,"template":"","format":"standard","meta":{"footnotes":""},"categories":[51,52,53],"tags":[],"class_list":["post-14010","post","type-post","status-publish","format-standard","hentry","category-comunidad","category-destacadas","category-politica"],"yoast_head":"<!-- This site is optimized with the Yoast SEO plugin v19.7.1 - https:\/\/yoast.com\/wordpress\/plugins\/seo\/ -->\n<title>GOBIERNO DE SCIOLI ANUNCIA AUMENTO PARA JUBILADOS Y PENSIONADOS - CELTTV<\/title>\n<meta name=\"description\" content=\"Sitio web de noticias de la localidad de Tornquist, provincia de Buenos Aires, Rep\u00fablica Argentina. Contenido propio originado por periodistas de CELTTV, el canal de TV local de la Cooperativa El\u00e9ctrica de Tornquist. Turismo, Pol\u00edtica, Sociedad, Deporte, Cultura y todo el contenido de inter\u00e9s general que la gente del pueblo y la regi\u00f3n debe conocer.\" \/>\n<meta name=\"robots\" content=\"index, follow, max-snippet:-1, max-image-preview:large, max-video-preview:-1\" \/>\n<link rel=\"canonical\" href=\"https:\/\/www.celttv.com.ar\/index.php\/2013\/09\/12\/gobierno-de-scioli-anuncia-aumento-para-jubilados-y-pensionados\/\" \/>\n<meta property=\"og:locale\" content=\"es_ES\" \/>\n<meta property=\"og:type\" content=\"article\" \/>\n<meta property=\"og:title\" content=\"GOBIERNO DE SCIOLI ANUNCIA AUMENTO PARA JUBILADOS Y PENSIONADOS - CELTTV\" \/>\n<meta property=\"og:description\" content=\"Sitio web de noticias de la localidad de Tornquist, provincia de Buenos Aires, Rep\u00fablica Argentina. Contenido propio originado por periodistas de CELTTV, el canal de TV local de la Cooperativa El\u00e9ctrica de Tornquist. Turismo, Pol\u00edtica, Sociedad, Deporte, Cultura y todo el contenido de inter\u00e9s general que la gente del pueblo y la regi\u00f3n debe conocer.\" \/>\n<meta property=\"og:url\" content=\"https:\/\/www.celttv.com.ar\/index.php\/2013\/09\/12\/gobierno-de-scioli-anuncia-aumento-para-jubilados-y-pensionados\/\" \/>\n<meta property=\"og:site_name\" content=\"CELTTV\" \/>\n<meta property=\"article:publisher\" content=\"https:\/\/www.facebook.com\/celtTV\/\" \/>\n<meta property=\"article:published_time\" content=\"2013-09-12T16:37:05+00:00\" \/>\n<meta name=\"author\" content=\"ulises\" \/>\n<meta name=\"twitter:card\" content=\"summary_large_image\" \/>\n<meta name=\"twitter:label1\" content=\"Escrito por\" \/>\n\t<meta name=\"twitter:data1\" content=\"ulises\" \/>\n\t<meta name=\"twitter:label2\" content=\"Tiempo de lectura\" \/>\n\t<meta name=\"twitter:data2\" content=\"2 minutos\" \/>\n<script type=\"application\/ld+json\" class=\"yoast-schema-graph\">{\"@context\":\"https:\/\/schema.org\",\"@graph\":[{\"@type\":\"NewsArticle\",\"@id\":\"https:\/\/www.celttv.com.ar\/index.php\/2013\/09\/12\/gobierno-de-scioli-anuncia-aumento-para-jubilados-y-pensionados\/#article\",\"isPartOf\":{\"@id\":\"https:\/\/www.celttv.com.ar\/index.php\/2013\/09\/12\/gobierno-de-scioli-anuncia-aumento-para-jubilados-y-pensionados\/\"},\"author\":{\"name\":\"ulises\",\"@id\":\"https:\/\/www.celttv.com.ar\/#\/schema\/person\/6d99c072dba59953809c81446e9d0ace\"},\"headline\":\"GOBIERNO DE SCIOLI ANUNCIA AUMENTO PARA JUBILADOS Y PENSIONADOS\",\"datePublished\":\"2013-09-12T16:37:05+00:00\",\"dateModified\":\"2013-09-12T16:37:05+00:00\",\"mainEntityOfPage\":{\"@id\":\"https:\/\/www.celttv.com.ar\/index.php\/2013\/09\/12\/gobierno-de-scioli-anuncia-aumento-para-jubilados-y-pensionados\/\"},\"wordCount\":313,\"publisher\":{\"@id\":\"https:\/\/www.celttv.com.ar\/#organization\"},\"articleSection\":[\"Comunidad\",\"Destacadas\",\"Pol\u00edtica\"],\"inLanguage\":\"es\"},{\"@type\":\"WebPage\",\"@id\":\"https:\/\/www.celttv.com.ar\/index.php\/2013\/09\/12\/gobierno-de-scioli-anuncia-aumento-para-jubilados-y-pensionados\/\",\"url\":\"https:\/\/www.celttv.com.ar\/index.php\/2013\/09\/12\/gobierno-de-scioli-anuncia-aumento-para-jubilados-y-pensionados\/\",\"name\":\"GOBIERNO DE SCIOLI ANUNCIA AUMENTO PARA JUBILADOS Y PENSIONADOS - CELTTV\",\"isPartOf\":{\"@id\":\"https:\/\/www.celttv.com.ar\/#website\"},\"datePublished\":\"2013-09-12T16:37:05+00:00\",\"dateModified\":\"2013-09-12T16:37:05+00:00\",\"description\":\"Sitio web de noticias de la localidad de Tornquist, provincia de Buenos Aires, Rep\u00fablica Argentina. Contenido propio originado por periodistas de CELTTV, el canal de TV local de la Cooperativa El\u00e9ctrica de Tornquist. Turismo, Pol\u00edtica, Sociedad, Deporte, Cultura y todo el contenido de inter\u00e9s general que la gente del pueblo y la regi\u00f3n debe conocer.\",\"breadcrumb\":{\"@id\":\"https:\/\/www.celttv.com.ar\/index.php\/2013\/09\/12\/gobierno-de-scioli-anuncia-aumento-para-jubilados-y-pensionados\/#breadcrumb\"},\"inLanguage\":\"es\",\"potentialAction\":[{\"@type\":\"ReadAction\",\"target\":[\"https:\/\/www.celttv.com.ar\/index.php\/2013\/09\/12\/gobierno-de-scioli-anuncia-aumento-para-jubilados-y-pensionados\/\"]}]},{\"@type\":\"BreadcrumbList\",\"@id\":\"https:\/\/www.celttv.com.ar\/index.php\/2013\/09\/12\/gobierno-de-scioli-anuncia-aumento-para-jubilados-y-pensionados\/#breadcrumb\",\"itemListElement\":[{\"@type\":\"ListItem\",\"position\":1,\"name\":\"Inicio\",\"item\":\"https:\/\/www.celttv.com.ar\/\"},{\"@type\":\"ListItem\",\"position\":2,\"name\":\"GOBIERNO DE SCIOLI ANUNCIA AUMENTO PARA JUBILADOS Y PENSIONADOS\"}]},{\"@type\":\"WebSite\",\"@id\":\"https:\/\/www.celttv.com.ar\/#website\",\"url\":\"https:\/\/www.celttv.com.ar\/\",\"name\":\"CELTTV\",\"description\":\"Cooperativa El\u00e9ctrica de Tornquist\",\"publisher\":{\"@id\":\"https:\/\/www.celttv.com.ar\/#organization\"},\"potentialAction\":[{\"@type\":\"SearchAction\",\"target\":{\"@type\":\"EntryPoint\",\"urlTemplate\":\"https:\/\/www.celttv.com.ar\/?s={search_term_string}\"},\"query-input\":\"required name=search_term_string\"}],\"inLanguage\":\"es\"},{\"@type\":\"Organization\",\"@id\":\"https:\/\/www.celttv.com.ar\/#organization\",\"name\":\"CELTTV\",\"url\":\"https:\/\/www.celttv.com.ar\/\",\"sameAs\":[\"https:\/\/www.youtube.com\/channel\/UCz_oIt8Hig64Ub-EmcNPIhg\",\"https:\/\/www.facebook.com\/celtTV\/\"],\"logo\":{\"@type\":\"ImageObject\",\"inLanguage\":\"es\",\"@id\":\"https:\/\/www.celttv.com.ar\/#\/schema\/logo\/image\/\",\"url\":\"http:\/\/www.celttv.com.ar\/wp-content\/uploads\/2022\/08\/logo-1.png\",\"contentUrl\":\"http:\/\/www.celttv.com.ar\/wp-content\/uploads\/2022\/08\/logo-1.png\",\"width\":461,\"height\":159,\"caption\":\"CELTTV\"},\"image\":{\"@id\":\"https:\/\/www.celttv.com.ar\/#\/schema\/logo\/image\/\"}},{\"@type\":\"Person\",\"@id\":\"https:\/\/www.celttv.com.ar\/#\/schema\/person\/6d99c072dba59953809c81446e9d0ace\",\"name\":\"ulises\",\"image\":{\"@type\":\"ImageObject\",\"inLanguage\":\"es\",\"@id\":\"https:\/\/www.celttv.com.ar\/#\/schema\/person\/image\/\",\"url\":\"https:\/\/secure.gravatar.com\/avatar\/7f2c48bdc33b30088f941fb6082e555f2874c98e20cb159d7b92b50eadfce793?s=96&d=mm&r=g\",\"contentUrl\":\"https:\/\/secure.gravatar.com\/avatar\/7f2c48bdc33b30088f941fb6082e555f2874c98e20cb159d7b92b50eadfce793?s=96&d=mm&r=g\",\"caption\":\"ulises\"},\"sameAs\":[\"http:\/\/www.celttv.com.ar\"]}]}<\/script>\n<!-- \/ Yoast SEO plugin. -->","yoast_head_json":{"title":"GOBIERNO DE SCIOLI ANUNCIA AUMENTO PARA JUBILADOS Y PENSIONADOS - CELTTV","description":"Sitio web de noticias de la localidad de Tornquist, provincia de Buenos Aires, Rep\u00fablica Argentina. Contenido propio originado por periodistas de CELTTV, el canal de TV local de la Cooperativa El\u00e9ctrica de Tornquist. Turismo, Pol\u00edtica, Sociedad, Deporte, Cultura y todo el contenido de inter\u00e9s general que la gente del pueblo y la regi\u00f3n debe conocer.","robots":{"index":"index","follow":"follow","max-snippet":"max-snippet:-1","max-image-preview":"max-image-preview:large","max-video-preview":"max-video-preview:-1"},"canonical":"https:\/\/www.celttv.com.ar\/index.php\/2013\/09\/12\/gobierno-de-scioli-anuncia-aumento-para-jubilados-y-pensionados\/","og_locale":"es_ES","og_type":"article","og_title":"GOBIERNO DE SCIOLI ANUNCIA AUMENTO PARA JUBILADOS Y PENSIONADOS - CELTTV","og_description":"Sitio web de noticias de la localidad de Tornquist, provincia de Buenos Aires, Rep\u00fablica Argentina. Contenido propio originado por periodistas de CELTTV, el canal de TV local de la Cooperativa El\u00e9ctrica de Tornquist. Turismo, Pol\u00edtica, Sociedad, Deporte, Cultura y todo el contenido de inter\u00e9s general que la gente del pueblo y la regi\u00f3n debe conocer.","og_url":"https:\/\/www.celttv.com.ar\/index.php\/2013\/09\/12\/gobierno-de-scioli-anuncia-aumento-para-jubilados-y-pensionados\/","og_site_name":"CELTTV","article_publisher":"https:\/\/www.facebook.com\/celtTV\/","article_published_time":"2013-09-12T16:37:05+00:00","author":"ulises","twitter_card":"summary_large_image","twitter_misc":{"Escrito por":"ulises","Tiempo de lectura":"2 minutos"},"schema":{"@context":"https:\/\/schema.org","@graph":[{"@type":"NewsArticle","@id":"https:\/\/www.celttv.com.ar\/index.php\/2013\/09\/12\/gobierno-de-scioli-anuncia-aumento-para-jubilados-y-pensionados\/#article","isPartOf":{"@id":"https:\/\/www.celttv.com.ar\/index.php\/2013\/09\/12\/gobierno-de-scioli-anuncia-aumento-para-jubilados-y-pensionados\/"},"author":{"name":"ulises","@id":"https:\/\/www.celttv.com.ar\/#\/schema\/person\/6d99c072dba59953809c81446e9d0ace"},"headline":"GOBIERNO DE SCIOLI ANUNCIA AUMENTO PARA JUBILADOS Y PENSIONADOS","datePublished":"2013-09-12T16:37:05+00:00","dateModified":"2013-09-12T16:37:05+00:00","mainEntityOfPage":{"@id":"https:\/\/www.celttv.com.ar\/index.php\/2013\/09\/12\/gobierno-de-scioli-anuncia-aumento-para-jubilados-y-pensionados\/"},"wordCount":313,"publisher":{"@id":"https:\/\/www.celttv.com.ar\/#organization"},"articleSection":["Comunidad","Destacadas","Pol\u00edtica"],"inLanguage":"es"},{"@type":"WebPage","@id":"https:\/\/www.celttv.com.ar\/index.php\/2013\/09\/12\/gobierno-de-scioli-anuncia-aumento-para-jubilados-y-pensionados\/","url":"https:\/\/www.celttv.com.ar\/index.php\/2013\/09\/12\/gobierno-de-scioli-anuncia-aumento-para-jubilados-y-pensionados\/","name":"GOBIERNO DE SCIOLI ANUNCIA AUMENTO PARA JUBILADOS Y PENSIONADOS - CELTTV","isPartOf":{"@id":"https:\/\/www.celttv.com.ar\/#website"},"datePublished":"2013-09-12T16:37:05+00:00","dateModified":"2013-09-12T16:37:05+00:00","description":"Sitio web de noticias de la localidad de Tornquist, provincia de Buenos Aires, Rep\u00fablica Argentina. Contenido propio originado por periodistas de CELTTV, el canal de TV local de la Cooperativa El\u00e9ctrica de Tornquist. Turismo, Pol\u00edtica, Sociedad, Deporte, Cultura y todo el contenido de inter\u00e9s general que la gente del pueblo y la regi\u00f3n debe conocer.","breadcrumb":{"@id":"https:\/\/www.celttv.com.ar\/index.php\/2013\/09\/12\/gobierno-de-scioli-anuncia-aumento-para-jubilados-y-pensionados\/#breadcrumb"},"inLanguage":"es","potentialAction":[{"@type":"ReadAction","target":["https:\/\/www.celttv.com.ar\/index.php\/2013\/09\/12\/gobierno-de-scioli-anuncia-aumento-para-jubilados-y-pensionados\/"]}]},{"@type":"BreadcrumbList","@id":"https:\/\/www.celttv.com.ar\/index.php\/2013\/09\/12\/gobierno-de-scioli-anuncia-aumento-para-jubilados-y-pensionados\/#breadcrumb","itemListElement":[{"@type":"ListItem","position":1,"name":"Inicio","item":"https:\/\/www.celttv.com.ar\/"},{"@type":"ListItem","position":2,"name":"GOBIERNO DE SCIOLI ANUNCIA AUMENTO PARA JUBILADOS Y PENSIONADOS"}]},{"@type":"WebSite","@id":"https:\/\/www.celttv.com.ar\/#website","url":"https:\/\/www.celttv.com.ar\/","name":"CELTTV","description":"Cooperativa El\u00e9ctrica de Tornquist","publisher":{"@id":"https:\/\/www.celttv.com.ar\/#organization"},"potentialAction":[{"@type":"SearchAction","target":{"@type":"EntryPoint","urlTemplate":"https:\/\/www.celttv.com.ar\/?s={search_term_string}"},"query-input":"required name=search_term_string"}],"inLanguage":"es"},{"@type":"Organization","@id":"https:\/\/www.celttv.com.ar\/#organization","name":"CELTTV","url":"https:\/\/www.celttv.com.ar\/","sameAs":["https:\/\/www.youtube.com\/channel\/UCz_oIt8Hig64Ub-EmcNPIhg","https:\/\/www.facebook.com\/celtTV\/"],"logo":{"@type":"ImageObject","inLanguage":"es","@id":"https:\/\/www.celttv.com.ar\/#\/schema\/logo\/image\/","url":"http:\/\/www.celttv.com.ar\/wp-content\/uploads\/2022\/08\/logo-1.png","contentUrl":"http:\/\/www.celttv.com.ar\/wp-content\/uploads\/2022\/08\/logo-1.png","width":461,"height":159,"caption":"CELTTV"},"image":{"@id":"https:\/\/www.celttv.com.ar\/#\/schema\/logo\/image\/"}},{"@type":"Person","@id":"https:\/\/www.celttv.com.ar\/#\/schema\/person\/6d99c072dba59953809c81446e9d0ace","name":"ulises","image":{"@type":"ImageObject","inLanguage":"es","@id":"https:\/\/www.celttv.com.ar\/#\/schema\/person\/image\/","url":"https:\/\/secure.gravatar.com\/avatar\/7f2c48bdc33b30088f941fb6082e555f2874c98e20cb159d7b92b50eadfce793?s=96&d=mm&r=g","contentUrl":"https:\/\/secure.gravatar.com\/avatar\/7f2c48bdc33b30088f941fb6082e555f2874c98e20cb159d7b92b50eadfce793?s=96&d=mm&r=g","caption":"ulises"},"sameAs":["http:\/\/www.celttv.com.ar"]}]}},"_links":{"self":[{"href":"https:\/\/www.celttv.com.ar\/index.php\/wp-json\/wp\/v2\/posts\/14010","targetHints":{"allow":["GET"]}}],"collection":[{"href":"https:\/\/www.celttv.com.ar\/index.php\/wp-json\/wp\/v2\/posts"}],"about":[{"href":"https:\/\/www.celttv.com.ar\/index.php\/wp-json\/wp\/v2\/types\/post"}],"author":[{"embeddable":true,"href":"https:\/\/www.celttv.com.ar\/index.php\/wp-json\/wp\/v2\/users\/1"}],"replies":[{"embeddable":true,"href":"https:\/\/www.celttv.com.ar\/index.php\/wp-json\/wp\/v2\/comments?post=14010"}],"version-history":[{"count":0,"href":"https:\/\/www.celttv.com.ar\/index.php\/wp-json\/wp\/v2\/posts\/14010\/revisions"}],"wp:attachment":[{"href":"https:\/\/www.celttv.com.ar\/index.php\/wp-json\/wp\/v2\/media?parent=14010"}],"wp:term":[{"taxonomy":"category","embeddable":true,"href":"https:\/\/www.celttv.com.ar\/index.php\/wp-json\/wp\/v2\/categories?post=14010"},{"taxonomy":"post_tag","embeddable":true,"href":"https:\/\/www.celttv.com.ar\/index.php\/wp-json\/wp\/v2\/tags?post=14010"}],"curies":[{"name":"wp","href":"https:\/\/api.w.org\/{rel}","templated":true}]}}