{"id":14045,"date":"2013-09-12T22:59:10","date_gmt":"2013-09-12T22:59:10","guid":{"rendered":"http:\/\/www.tvcnoticias.com.ar\/?p=14045"},"modified":"2013-09-12T22:59:10","modified_gmt":"2013-09-12T22:59:10","slug":"atletas-locales-opinan-sobre-la-carrera-aventura-de-sierra-de-la-ventana","status":"publish","type":"post","link":"https:\/\/www.celttv.com.ar\/index.php\/2013\/09\/12\/atletas-locales-opinan-sobre-la-carrera-aventura-de-sierra-de-la-ventana\/","title":{"rendered":"ATLETAS LOCALES OPINAN SOBRE LA CARRERA AVENTURA DE SIERRA DE LA VENTANA"},"content":{"rendered":"<p><a href=\"http:\/\/www.youtube.com\/watch?v=gyeMprAGDco\"><a href=\"http:\/\/www.youtube.com\/watch?v=gyeMprAGDco\">httpv:\/\/www.youtube.com\/watch?v=gyeMprAGDco<\/a><\/a><br \/>\n<a href=\"http:\/\/www.youtube.com\/my_videos?o=U\"><a href=\"http:\/\/www.youtube.com\/my_videos?o=U\">httpv:\/\/www.youtube.com\/my_videos?o=U<\/a><\/a><br \/>\nLa victoria lleg\u00f3 desde Bol\u00edvar. Jorge Arancibia supo entender a la perfecci\u00f3n las dificultades que present\u00f3 el terreno, afront\u00f3 con entereza cada metro del recorrido y se termin\u00f3 adjudicando la 5\u00b0 Carrera Aventura de Sierra de la Ventana, que se desarroll\u00f3 en la ma\u00f1ana de hoy, bajo la organizaci\u00f3n de la agrupaci\u00f3n Bah\u00eda Corre y el auspicio de la Municipalidad de Tornquist.<br \/>\nEl atleta bonaerense complet\u00f3 la prueba, que finalmente se redujo a 13 kil\u00f3metros de extensi\u00f3n, en 49m 09s y estableci\u00f3 una buena diferencia sobre sus perseguidores, merced a la performance que evidenci\u00f3 en el segmento final. En s\u00edntesis, termin\u00f3 50 segundos por delante de Ariel Curapil (Patagones) y 1m 02s antes que Juan Mart\u00edn Brai (Huanguel\u00e9n), quienes tambi\u00e9n se subieron al podio.<br \/>\nEntre las damas, la vencedora result\u00f3 la bahiense M\u00f3nica Millaman, quien arrib\u00f3 a la meta despu\u00e9s de 57m 45s de competencia. El triunfo en este segmento fue mucho m\u00e1s c\u00f3modo que en el masculino, dado que en segundo lugar termin\u00f3 Paola Griffa (Trenque Lauquen) a casi dos minutos de distancia (59m 40s) y Daiana Espierrez (Santa Rosa) fue tercera (59m 53s).<br \/>\nEntre las buenas noticias, el interminable Omar Mold\u00fa gan\u00f3 la categor\u00eda de 50 a 54 a\u00f1os, despu\u00e9s de cruzar la meta en 53m 51s. Walter Prieto termin\u00f3 tercero en esta divisional, con 58m 36s.<br \/>\nEntre los caballeros de 17 a 29 a\u00f1os, Lucas Larralde se ubic\u00f3 en el 14\u00b0 puesto y se convirti\u00f3 en el mejor ubicado entre los habitantes del distrito, con un tiempo de 59m 33s. Ezequ\u00edas Sonzini (1h 00m 55s) y Dar\u00edo Romero (1h 04m 47s), oriundos de Sierra de la Ventana, fueron 16\u00b0 y 26\u00b0, respectivamente, completando el mejor tr\u00edo de tornquistenses.<br \/>\nLa prueba, que ya es un cl\u00e1sico dentro del calendario de la Comarca Serrana, congreg\u00f3 en esta ocasi\u00f3n a cerca de 850 atletas, que no s\u00f3lo arribaron desde la regi\u00f3n y la provincia de Buenos Aires, sino que lo hicieron desde R\u00edo Negro, Neuqu\u00e9n, Puerto Madryn, Esquel y R\u00edo Grande, por s\u00f3lo citar algunos lugares.<br \/>\nEst\u00e1 claro que esta carrera aventura no s\u00f3lo significa un importante aporte deportivo, sino que colabora con la afluencia tur\u00edstica, teniendo en cuenta, principalmente, que se desarrolla dentro de la denominada temporada baja.<br \/>\n<strong>Ganadores por categor\u00eda y posiciones de los locales<\/strong><br \/>\nHombres<br \/>\n&#8211;\u00a0\u00a0\u00a0\u00a0\u00a0\u00a0\u00a0\u00a0\u00a0 De 17 a 29 a\u00f1os: 1) Jorge Arancibia (Bol\u00edvar), 49m 09s; 14) Lucas Larralde (Tornquist), 59m 33s; 16) Ezequ\u00edas Sonzini (Sierra de la Ventana), 1h 00m 55s; 26) Dar\u00edo Romero (Sierra de la Ventana), 1h 04m 47s; 40) Nicol\u00e1s Santanelli (Sierra de la Ventana), 1h 12m 13s; 42) Maximiliano Lugones (Tornquist), 1h 12m 29s; 52) Andr\u00e9s Rodr\u00edguez (Tornquist), 1h 21m 36s.<br \/>\n&#8211;\u00a0\u00a0\u00a0\u00a0\u00a0\u00a0\u00a0\u00a0\u00a0 De 30 a 34 a\u00f1os: 1) Marcelo Penske (B. Blanca), 50m 20s; 9) Sergio Funk (Sierra de la Ventana), 59m 56s;<br \/>\n&#8211;\u00a0\u00a0\u00a0\u00a0\u00a0\u00a0\u00a0\u00a0\u00a0 De 35 a 39 a\u00f1os: 1) Mart\u00edn Santos Go\u00f1i (Anguil, La Pampa), 50m 29s.<br \/>\n&#8211;\u00a0\u00a0\u00a0\u00a0\u00a0\u00a0\u00a0\u00a0\u00a0 De 40 a 44 a\u00f1os: 1) Rub\u00e9n Sommer (C. Su\u00e1rez), 50m 55s; 6) Pablo Mayer (Sierra de la Ventana), 55m 17s; 11) Miguel Castro (Tornquist), 59m 52s; 36) Sergio Rossini (Tornquist), 1h 13m 03s; 40) Diego Catani (Tornquist), 1h 14m 09s; 47) Cristian Belachur (Tornquist), 1h 17m 27s; 56) Leandro Miguel (Tornquist), 1h 20s 14s; 60) Walter Wallace (Tornquist), 1h 23m 09s.<br \/>\n&#8211;\u00a0\u00a0\u00a0\u00a0\u00a0\u00a0\u00a0\u00a0\u00a0 De 45 a 49 a\u00f1os: 1) Eladio Helguera (Trenque Lauquen), 52m 12s; 12) Jos\u00e9 Paniagua (Villa Ventana), 1h 03m 11s; 26) Christian Trankels (Tornquist), 1h 10m 21s.<br \/>\n&#8211;\u00a0\u00a0\u00a0\u00a0\u00a0\u00a0\u00a0\u00a0\u00a0 De 50 a 54 a\u00f1os: 1) Omar Mold\u00fa (Tornquist), 53m 51s; 3) Walter Prieto (Tornquist), 58m 36s.<br \/>\n&#8211;\u00a0\u00a0\u00a0\u00a0\u00a0\u00a0\u00a0\u00a0\u00a0 De 55 a 59 a\u00f1os: 1) Omar Busani (Patagones), 1h 05m 56s.<br \/>\n&#8211;\u00a0\u00a0\u00a0\u00a0\u00a0\u00a0\u00a0\u00a0\u00a0 De 60 a 64 a\u00f1os: Ricardo Carpinetti (Las Flores), 1h 02m 41s.<br \/>\n&#8211;\u00a0\u00a0\u00a0\u00a0\u00a0\u00a0\u00a0\u00a0\u00a0 M\u00e1s de 65 a\u00f1os: 1) Jorge Zingoni (La Plata), 1h 12m 20s.<br \/>\nEquipo masculino<br \/>\n&#8211;\u00a0\u00a0\u00a0\u00a0\u00a0\u00a0\u00a0\u00a0\u00a0 Menos de 79 a\u00f1os: 1) Dotta-Di Nardo (B. Blanca), 57m 51s.<br \/>\n&#8211;\u00a0\u00a0\u00a0\u00a0\u00a0\u00a0\u00a0\u00a0\u00a0 M\u00e1s de 80 a\u00f1os: 1) De Marco-G\u00f3mez (B. Blanca), 1h 11m 01s.<br \/>\nEquipo mixto<br \/>\n&#8211;\u00a0\u00a0\u00a0\u00a0\u00a0\u00a0\u00a0\u00a0\u00a0 M\u00e1s de 80 a\u00f1os: 1) Bosotto-Torres (Tandil), 58m 06s.<br \/>\n&#8211;\u00a0\u00a0\u00a0\u00a0\u00a0\u00a0\u00a0\u00a0\u00a0 Menos de 79 a\u00f1os: 1) Domingo-Casariego (Punta Alta), 57m 54s.<br \/>\nMujeres<br \/>\n&#8211;\u00a0\u00a0\u00a0\u00a0\u00a0\u00a0\u00a0\u00a0\u00a0 17 a 29 a\u00f1os: 1) M\u00f3nica Millaman (B. Blanca), 57m 45s; 15) Andrea Acevedo (Sierra de la Ventana), 1h 15m 09s; 23) Camila Soazo (Tornquist), 1h 20m 53s.<br \/>\n&#8211;\u00a0\u00a0\u00a0\u00a0\u00a0\u00a0\u00a0\u00a0\u00a0 30 a 34 a\u00f1os: 1) Agustina Polla Severini (B. Blanca), 1h 06m 11s.<br \/>\n&#8211;\u00a0\u00a0\u00a0\u00a0\u00a0\u00a0\u00a0\u00a0\u00a0 35 a 39 a\u00f1os: 1) Patricia Ram\u00edrez (Santa Rosa), 1h 06m 42s; 4) Micaela Costas (Sierra de la Ventana), 1h 09m 19s.<br \/>\n&#8211;\u00a0\u00a0\u00a0\u00a0\u00a0\u00a0\u00a0\u00a0\u00a0 40 a 44 a\u00f1os: 1) Claudia Sant\u00f3n (Bah\u00eda Blanca), 1h 03m 50s; 11) Fabiana Soazo (Tornquist), 1h 17m 23s; 13) Claudia Marcos (Tornquist), 1h 18m 11s; 16) Claudia Corvo (Villa Ventana), 1h 19m 28s.<br \/>\n&#8211;\u00a0\u00a0\u00a0\u00a0\u00a0\u00a0\u00a0\u00a0\u00a0 45 a 49 a\u00f1os: 1) Nora S\u00e1nchez (Viedma), 1h 12m 59s.<br \/>\n&#8211;\u00a0\u00a0\u00a0\u00a0\u00a0\u00a0\u00a0\u00a0\u00a0 50 a 54 a\u00f1os: 1) Cecilia P\u00e9rez (B. Blanca), 1h 10m 02s.<br \/>\n&#8211;\u00a0\u00a0\u00a0\u00a0\u00a0\u00a0\u00a0\u00a0\u00a0 55 a 59 a\u00f1os: 1) Stella Maris L\u00f3pez (B. Blanca), 1h 15m 07s.<br \/>\n&#8211;\u00a0\u00a0\u00a0\u00a0\u00a0\u00a0\u00a0\u00a0\u00a0 M\u00e1s de 60 a\u00f1os: 1) Mirta S\u00e1nchez (B. Blanca), 1h 18m 26s.<br \/>\nEquipo femenino<br \/>\n&#8211;\u00a0\u00a0\u00a0\u00a0\u00a0\u00a0\u00a0\u00a0\u00a0 M\u00e1s de 80 a\u00f1os: 1) Ausili-Ceballos (Punta Alta), 1h 15m 24s.<br \/>\n&#8211;\u00a0\u00a0\u00a0\u00a0\u00a0\u00a0\u00a0\u00a0\u00a0 \u00a0Menos de 79 a\u00f1os: 1) G\u00f3mez-P\u00e9rez Lafferrayrie (B. Blanca), 1h 24m 18s.<br \/>\n&nbsp;<br \/>\n&nbsp;<br \/>\n&nbsp;<\/p>\n","protected":false},"excerpt":{"rendered":"<p>httpv:\/\/www.youtube.com\/watch?v=gyeMprAGDco httpv:\/\/www.youtube.com\/my_videos?o=U La victoria lleg\u00f3 desde Bol\u00edvar. Jorge Arancibia supo entender a la perfecci\u00f3n las dificultades que present\u00f3 el terreno, afront\u00f3 con entereza cada metro del recorrido y se termin\u00f3 adjudicando la 5\u00b0 Carrera Aventura de Sierra de la Ventana, que se desarroll\u00f3 en la ma\u00f1ana de hoy, bajo la organizaci\u00f3n de la agrupaci\u00f3n Bah\u00eda [&hellip;]<\/p>\n","protected":false},"author":1,"featured_media":0,"comment_status":"closed","ping_status":"open","sticky":false,"template":"","format":"standard","meta":{"footnotes":""},"categories":[60,52,64],"tags":[],"class_list":["post-14045","post","type-post","status-publish","format-standard","hentry","category-deporte","category-destacadas","category-videos-destacados"],"yoast_head":"<!-- This site is optimized with the Yoast SEO plugin v19.7.1 - https:\/\/yoast.com\/wordpress\/plugins\/seo\/ -->\n<title>ATLETAS LOCALES OPINAN SOBRE LA CARRERA AVENTURA DE SIERRA DE LA VENTANA - CELTTV<\/title>\n<meta name=\"description\" content=\"Sitio web de noticias de la localidad de Tornquist, provincia de Buenos Aires, Rep\u00fablica Argentina. Contenido propio originado por periodistas de CELTTV, el canal de TV local de la Cooperativa El\u00e9ctrica de Tornquist. Turismo, Pol\u00edtica, Sociedad, Deporte, Cultura y todo el contenido de inter\u00e9s general que la gente del pueblo y la regi\u00f3n debe conocer.\" \/>\n<meta name=\"robots\" content=\"index, follow, max-snippet:-1, max-image-preview:large, max-video-preview:-1\" \/>\n<link rel=\"canonical\" href=\"https:\/\/www.celttv.com.ar\/index.php\/2013\/09\/12\/atletas-locales-opinan-sobre-la-carrera-aventura-de-sierra-de-la-ventana\/\" \/>\n<meta property=\"og:locale\" content=\"es_ES\" \/>\n<meta property=\"og:type\" content=\"article\" \/>\n<meta property=\"og:title\" content=\"ATLETAS LOCALES OPINAN SOBRE LA CARRERA AVENTURA DE SIERRA DE LA VENTANA - CELTTV\" \/>\n<meta property=\"og:description\" content=\"Sitio web de noticias de la localidad de Tornquist, provincia de Buenos Aires, Rep\u00fablica Argentina. Contenido propio originado por periodistas de CELTTV, el canal de TV local de la Cooperativa El\u00e9ctrica de Tornquist. Turismo, Pol\u00edtica, Sociedad, Deporte, Cultura y todo el contenido de inter\u00e9s general que la gente del pueblo y la regi\u00f3n debe conocer.\" \/>\n<meta property=\"og:url\" content=\"https:\/\/www.celttv.com.ar\/index.php\/2013\/09\/12\/atletas-locales-opinan-sobre-la-carrera-aventura-de-sierra-de-la-ventana\/\" \/>\n<meta property=\"og:site_name\" content=\"CELTTV\" \/>\n<meta property=\"article:publisher\" content=\"https:\/\/www.facebook.com\/celtTV\/\" \/>\n<meta property=\"article:published_time\" content=\"2013-09-12T22:59:10+00:00\" \/>\n<meta name=\"author\" content=\"ulises\" \/>\n<meta name=\"twitter:card\" content=\"summary_large_image\" \/>\n<meta name=\"twitter:label1\" content=\"Escrito por\" \/>\n\t<meta name=\"twitter:data1\" content=\"ulises\" \/>\n\t<meta name=\"twitter:label2\" content=\"Tiempo de lectura\" \/>\n\t<meta name=\"twitter:data2\" content=\"4 minutos\" \/>\n<script type=\"application\/ld+json\" class=\"yoast-schema-graph\">{\"@context\":\"https:\/\/schema.org\",\"@graph\":[{\"@type\":\"NewsArticle\",\"@id\":\"https:\/\/www.celttv.com.ar\/index.php\/2013\/09\/12\/atletas-locales-opinan-sobre-la-carrera-aventura-de-sierra-de-la-ventana\/#article\",\"isPartOf\":{\"@id\":\"https:\/\/www.celttv.com.ar\/index.php\/2013\/09\/12\/atletas-locales-opinan-sobre-la-carrera-aventura-de-sierra-de-la-ventana\/\"},\"author\":{\"name\":\"ulises\",\"@id\":\"https:\/\/www.celttv.com.ar\/#\/schema\/person\/6d99c072dba59953809c81446e9d0ace\"},\"headline\":\"ATLETAS LOCALES OPINAN SOBRE LA CARRERA AVENTURA DE SIERRA DE LA VENTANA\",\"datePublished\":\"2013-09-12T22:59:10+00:00\",\"dateModified\":\"2013-09-12T22:59:10+00:00\",\"mainEntityOfPage\":{\"@id\":\"https:\/\/www.celttv.com.ar\/index.php\/2013\/09\/12\/atletas-locales-opinan-sobre-la-carrera-aventura-de-sierra-de-la-ventana\/\"},\"wordCount\":875,\"publisher\":{\"@id\":\"https:\/\/www.celttv.com.ar\/#organization\"},\"articleSection\":[\"Deporte\",\"Destacadas\",\"Videos Destacados\"],\"inLanguage\":\"es\"},{\"@type\":\"WebPage\",\"@id\":\"https:\/\/www.celttv.com.ar\/index.php\/2013\/09\/12\/atletas-locales-opinan-sobre-la-carrera-aventura-de-sierra-de-la-ventana\/\",\"url\":\"https:\/\/www.celttv.com.ar\/index.php\/2013\/09\/12\/atletas-locales-opinan-sobre-la-carrera-aventura-de-sierra-de-la-ventana\/\",\"name\":\"ATLETAS LOCALES OPINAN SOBRE LA CARRERA AVENTURA DE SIERRA DE LA VENTANA - CELTTV\",\"isPartOf\":{\"@id\":\"https:\/\/www.celttv.com.ar\/#website\"},\"datePublished\":\"2013-09-12T22:59:10+00:00\",\"dateModified\":\"2013-09-12T22:59:10+00:00\",\"description\":\"Sitio web de noticias de la localidad de Tornquist, provincia de Buenos Aires, Rep\u00fablica Argentina. Contenido propio originado por periodistas de CELTTV, el canal de TV local de la Cooperativa El\u00e9ctrica de Tornquist. Turismo, Pol\u00edtica, Sociedad, Deporte, Cultura y todo el contenido de inter\u00e9s general que la gente del pueblo y la regi\u00f3n debe conocer.\",\"breadcrumb\":{\"@id\":\"https:\/\/www.celttv.com.ar\/index.php\/2013\/09\/12\/atletas-locales-opinan-sobre-la-carrera-aventura-de-sierra-de-la-ventana\/#breadcrumb\"},\"inLanguage\":\"es\",\"potentialAction\":[{\"@type\":\"ReadAction\",\"target\":[\"https:\/\/www.celttv.com.ar\/index.php\/2013\/09\/12\/atletas-locales-opinan-sobre-la-carrera-aventura-de-sierra-de-la-ventana\/\"]}]},{\"@type\":\"BreadcrumbList\",\"@id\":\"https:\/\/www.celttv.com.ar\/index.php\/2013\/09\/12\/atletas-locales-opinan-sobre-la-carrera-aventura-de-sierra-de-la-ventana\/#breadcrumb\",\"itemListElement\":[{\"@type\":\"ListItem\",\"position\":1,\"name\":\"Inicio\",\"item\":\"https:\/\/www.celttv.com.ar\/\"},{\"@type\":\"ListItem\",\"position\":2,\"name\":\"ATLETAS LOCALES OPINAN SOBRE LA CARRERA AVENTURA DE SIERRA DE LA VENTANA\"}]},{\"@type\":\"WebSite\",\"@id\":\"https:\/\/www.celttv.com.ar\/#website\",\"url\":\"https:\/\/www.celttv.com.ar\/\",\"name\":\"CELTTV\",\"description\":\"Cooperativa El\u00e9ctrica de Tornquist\",\"publisher\":{\"@id\":\"https:\/\/www.celttv.com.ar\/#organization\"},\"potentialAction\":[{\"@type\":\"SearchAction\",\"target\":{\"@type\":\"EntryPoint\",\"urlTemplate\":\"https:\/\/www.celttv.com.ar\/?s={search_term_string}\"},\"query-input\":\"required name=search_term_string\"}],\"inLanguage\":\"es\"},{\"@type\":\"Organization\",\"@id\":\"https:\/\/www.celttv.com.ar\/#organization\",\"name\":\"CELTTV\",\"url\":\"https:\/\/www.celttv.com.ar\/\",\"sameAs\":[\"https:\/\/www.youtube.com\/channel\/UCz_oIt8Hig64Ub-EmcNPIhg\",\"https:\/\/www.facebook.com\/celtTV\/\"],\"logo\":{\"@type\":\"ImageObject\",\"inLanguage\":\"es\",\"@id\":\"https:\/\/www.celttv.com.ar\/#\/schema\/logo\/image\/\",\"url\":\"http:\/\/www.celttv.com.ar\/wp-content\/uploads\/2022\/08\/logo-1.png\",\"contentUrl\":\"http:\/\/www.celttv.com.ar\/wp-content\/uploads\/2022\/08\/logo-1.png\",\"width\":461,\"height\":159,\"caption\":\"CELTTV\"},\"image\":{\"@id\":\"https:\/\/www.celttv.com.ar\/#\/schema\/logo\/image\/\"}},{\"@type\":\"Person\",\"@id\":\"https:\/\/www.celttv.com.ar\/#\/schema\/person\/6d99c072dba59953809c81446e9d0ace\",\"name\":\"ulises\",\"image\":{\"@type\":\"ImageObject\",\"inLanguage\":\"es\",\"@id\":\"https:\/\/www.celttv.com.ar\/#\/schema\/person\/image\/\",\"url\":\"https:\/\/secure.gravatar.com\/avatar\/7f2c48bdc33b30088f941fb6082e555f2874c98e20cb159d7b92b50eadfce793?s=96&d=mm&r=g\",\"contentUrl\":\"https:\/\/secure.gravatar.com\/avatar\/7f2c48bdc33b30088f941fb6082e555f2874c98e20cb159d7b92b50eadfce793?s=96&d=mm&r=g\",\"caption\":\"ulises\"},\"sameAs\":[\"http:\/\/www.celttv.com.ar\"]}]}<\/script>\n<!-- \/ Yoast SEO plugin. -->","yoast_head_json":{"title":"ATLETAS LOCALES OPINAN SOBRE LA CARRERA AVENTURA DE SIERRA DE LA VENTANA - CELTTV","description":"Sitio web de noticias de la localidad de Tornquist, provincia de Buenos Aires, Rep\u00fablica Argentina. Contenido propio originado por periodistas de CELTTV, el canal de TV local de la Cooperativa El\u00e9ctrica de Tornquist. Turismo, Pol\u00edtica, Sociedad, Deporte, Cultura y todo el contenido de inter\u00e9s general que la gente del pueblo y la regi\u00f3n debe conocer.","robots":{"index":"index","follow":"follow","max-snippet":"max-snippet:-1","max-image-preview":"max-image-preview:large","max-video-preview":"max-video-preview:-1"},"canonical":"https:\/\/www.celttv.com.ar\/index.php\/2013\/09\/12\/atletas-locales-opinan-sobre-la-carrera-aventura-de-sierra-de-la-ventana\/","og_locale":"es_ES","og_type":"article","og_title":"ATLETAS LOCALES OPINAN SOBRE LA CARRERA AVENTURA DE SIERRA DE LA VENTANA - CELTTV","og_description":"Sitio web de noticias de la localidad de Tornquist, provincia de Buenos Aires, Rep\u00fablica Argentina. Contenido propio originado por periodistas de CELTTV, el canal de TV local de la Cooperativa El\u00e9ctrica de Tornquist. Turismo, Pol\u00edtica, Sociedad, Deporte, Cultura y todo el contenido de inter\u00e9s general que la gente del pueblo y la regi\u00f3n debe conocer.","og_url":"https:\/\/www.celttv.com.ar\/index.php\/2013\/09\/12\/atletas-locales-opinan-sobre-la-carrera-aventura-de-sierra-de-la-ventana\/","og_site_name":"CELTTV","article_publisher":"https:\/\/www.facebook.com\/celtTV\/","article_published_time":"2013-09-12T22:59:10+00:00","author":"ulises","twitter_card":"summary_large_image","twitter_misc":{"Escrito por":"ulises","Tiempo de lectura":"4 minutos"},"schema":{"@context":"https:\/\/schema.org","@graph":[{"@type":"NewsArticle","@id":"https:\/\/www.celttv.com.ar\/index.php\/2013\/09\/12\/atletas-locales-opinan-sobre-la-carrera-aventura-de-sierra-de-la-ventana\/#article","isPartOf":{"@id":"https:\/\/www.celttv.com.ar\/index.php\/2013\/09\/12\/atletas-locales-opinan-sobre-la-carrera-aventura-de-sierra-de-la-ventana\/"},"author":{"name":"ulises","@id":"https:\/\/www.celttv.com.ar\/#\/schema\/person\/6d99c072dba59953809c81446e9d0ace"},"headline":"ATLETAS LOCALES OPINAN SOBRE LA CARRERA AVENTURA DE SIERRA DE LA VENTANA","datePublished":"2013-09-12T22:59:10+00:00","dateModified":"2013-09-12T22:59:10+00:00","mainEntityOfPage":{"@id":"https:\/\/www.celttv.com.ar\/index.php\/2013\/09\/12\/atletas-locales-opinan-sobre-la-carrera-aventura-de-sierra-de-la-ventana\/"},"wordCount":875,"publisher":{"@id":"https:\/\/www.celttv.com.ar\/#organization"},"articleSection":["Deporte","Destacadas","Videos Destacados"],"inLanguage":"es"},{"@type":"WebPage","@id":"https:\/\/www.celttv.com.ar\/index.php\/2013\/09\/12\/atletas-locales-opinan-sobre-la-carrera-aventura-de-sierra-de-la-ventana\/","url":"https:\/\/www.celttv.com.ar\/index.php\/2013\/09\/12\/atletas-locales-opinan-sobre-la-carrera-aventura-de-sierra-de-la-ventana\/","name":"ATLETAS LOCALES OPINAN SOBRE LA CARRERA AVENTURA DE SIERRA DE LA VENTANA - CELTTV","isPartOf":{"@id":"https:\/\/www.celttv.com.ar\/#website"},"datePublished":"2013-09-12T22:59:10+00:00","dateModified":"2013-09-12T22:59:10+00:00","description":"Sitio web de noticias de la localidad de Tornquist, provincia de Buenos Aires, Rep\u00fablica Argentina. Contenido propio originado por periodistas de CELTTV, el canal de TV local de la Cooperativa El\u00e9ctrica de Tornquist. Turismo, Pol\u00edtica, Sociedad, Deporte, Cultura y todo el contenido de inter\u00e9s general que la gente del pueblo y la regi\u00f3n debe conocer.","breadcrumb":{"@id":"https:\/\/www.celttv.com.ar\/index.php\/2013\/09\/12\/atletas-locales-opinan-sobre-la-carrera-aventura-de-sierra-de-la-ventana\/#breadcrumb"},"inLanguage":"es","potentialAction":[{"@type":"ReadAction","target":["https:\/\/www.celttv.com.ar\/index.php\/2013\/09\/12\/atletas-locales-opinan-sobre-la-carrera-aventura-de-sierra-de-la-ventana\/"]}]},{"@type":"BreadcrumbList","@id":"https:\/\/www.celttv.com.ar\/index.php\/2013\/09\/12\/atletas-locales-opinan-sobre-la-carrera-aventura-de-sierra-de-la-ventana\/#breadcrumb","itemListElement":[{"@type":"ListItem","position":1,"name":"Inicio","item":"https:\/\/www.celttv.com.ar\/"},{"@type":"ListItem","position":2,"name":"ATLETAS LOCALES OPINAN SOBRE LA CARRERA AVENTURA DE SIERRA DE LA VENTANA"}]},{"@type":"WebSite","@id":"https:\/\/www.celttv.com.ar\/#website","url":"https:\/\/www.celttv.com.ar\/","name":"CELTTV","description":"Cooperativa El\u00e9ctrica de Tornquist","publisher":{"@id":"https:\/\/www.celttv.com.ar\/#organization"},"potentialAction":[{"@type":"SearchAction","target":{"@type":"EntryPoint","urlTemplate":"https:\/\/www.celttv.com.ar\/?s={search_term_string}"},"query-input":"required name=search_term_string"}],"inLanguage":"es"},{"@type":"Organization","@id":"https:\/\/www.celttv.com.ar\/#organization","name":"CELTTV","url":"https:\/\/www.celttv.com.ar\/","sameAs":["https:\/\/www.youtube.com\/channel\/UCz_oIt8Hig64Ub-EmcNPIhg","https:\/\/www.facebook.com\/celtTV\/"],"logo":{"@type":"ImageObject","inLanguage":"es","@id":"https:\/\/www.celttv.com.ar\/#\/schema\/logo\/image\/","url":"http:\/\/www.celttv.com.ar\/wp-content\/uploads\/2022\/08\/logo-1.png","contentUrl":"http:\/\/www.celttv.com.ar\/wp-content\/uploads\/2022\/08\/logo-1.png","width":461,"height":159,"caption":"CELTTV"},"image":{"@id":"https:\/\/www.celttv.com.ar\/#\/schema\/logo\/image\/"}},{"@type":"Person","@id":"https:\/\/www.celttv.com.ar\/#\/schema\/person\/6d99c072dba59953809c81446e9d0ace","name":"ulises","image":{"@type":"ImageObject","inLanguage":"es","@id":"https:\/\/www.celttv.com.ar\/#\/schema\/person\/image\/","url":"https:\/\/secure.gravatar.com\/avatar\/7f2c48bdc33b30088f941fb6082e555f2874c98e20cb159d7b92b50eadfce793?s=96&d=mm&r=g","contentUrl":"https:\/\/secure.gravatar.com\/avatar\/7f2c48bdc33b30088f941fb6082e555f2874c98e20cb159d7b92b50eadfce793?s=96&d=mm&r=g","caption":"ulises"},"sameAs":["http:\/\/www.celttv.com.ar"]}]}},"_links":{"self":[{"href":"https:\/\/www.celttv.com.ar\/index.php\/wp-json\/wp\/v2\/posts\/14045","targetHints":{"allow":["GET"]}}],"collection":[{"href":"https:\/\/www.celttv.com.ar\/index.php\/wp-json\/wp\/v2\/posts"}],"about":[{"href":"https:\/\/www.celttv.com.ar\/index.php\/wp-json\/wp\/v2\/types\/post"}],"author":[{"embeddable":true,"href":"https:\/\/www.celttv.com.ar\/index.php\/wp-json\/wp\/v2\/users\/1"}],"replies":[{"embeddable":true,"href":"https:\/\/www.celttv.com.ar\/index.php\/wp-json\/wp\/v2\/comments?post=14045"}],"version-history":[{"count":0,"href":"https:\/\/www.celttv.com.ar\/index.php\/wp-json\/wp\/v2\/posts\/14045\/revisions"}],"wp:attachment":[{"href":"https:\/\/www.celttv.com.ar\/index.php\/wp-json\/wp\/v2\/media?parent=14045"}],"wp:term":[{"taxonomy":"category","embeddable":true,"href":"https:\/\/www.celttv.com.ar\/index.php\/wp-json\/wp\/v2\/categories?post=14045"},{"taxonomy":"post_tag","embeddable":true,"href":"https:\/\/www.celttv.com.ar\/index.php\/wp-json\/wp\/v2\/tags?post=14045"}],"curies":[{"name":"wp","href":"https:\/\/api.w.org\/{rel}","templated":true}]}}