{"id":14048,"date":"2013-09-12T23:48:09","date_gmt":"2013-09-12T23:48:09","guid":{"rendered":"http:\/\/www.tvcnoticias.com.ar\/?p=14048"},"modified":"2013-09-12T23:48:09","modified_gmt":"2013-09-12T23:48:09","slug":"especies-nativas-y-endemicas-fueron-plantadas-frente-al-colegio-nacional-notas-y-video-explicativo","status":"publish","type":"post","link":"https:\/\/www.celttv.com.ar\/index.php\/2013\/09\/12\/especies-nativas-y-endemicas-fueron-plantadas-frente-al-colegio-nacional-notas-y-video-explicativo\/","title":{"rendered":"ESPECIES NATIVAS Y ENDEMICAS FUERON PLANTADAS FRENTE AL COLEGIO NACIONAL (notas y video explicativo)"},"content":{"rendered":"<p><a href=\"http:\/\/www.youtube.com\/watch?v=zOo9Lb9jtsk\">httpv:\/\/www.youtube.com\/watch?v=zOo9Lb9jtsk<\/a><br \/>\n<a href=\"http:\/\/www.youtube.com\/watch?v=OA53rPJgMN4\"><a href=\"http:\/\/www.youtube.com\/watch?v=OA53rPJgMN4\">httpv:\/\/www.youtube.com\/watch?v=OA53rPJgMN4<\/a><\/a><br \/>\n<a href=\"http:\/\/www.youtube.com\/watch?v=Wa4Vxg7SMrI\"><a href=\"http:\/\/www.youtube.com\/watch?v=Wa4Vxg7SMrI\">httpv:\/\/www.youtube.com\/watch?v=Wa4Vxg7SMrI<\/a><\/a><br \/>\n<a href=\"http:\/\/www.youtube.com\/watch?v=GKHx0HdhnDU\">httpv:\/\/www.youtube.com\/watch?v=GKHx0HdhnDU<\/a><br \/>\n<span style=\"font-family: Verdana, Arial, Helvetica, sans-serif; font-size: x-small;\">La plantaci\u00f3n de especies nativas y hasta end\u00e9micas(Crecen solamente en nuestra Comarca) y la construcci\u00f3n de un cantero con piedras de las sierras, se concret\u00f3 este martes por la tarde en el bulevar ubicado frente a la Unidad Acad\u00e9mica \u201cErnesto Tornquist\u201d.<\/span><br \/>\n<span style=\"font-family: Verdana, Arial, Helvetica, sans-serif; font-size: x-small;\">Participaron de esta tarea integrantes del Jard\u00edn Bot\u00e1nico Pillahuinc\u00f3 que funciona en el Parque Provincial, alumnos y docentes de 5to. A\u00f1o de la Escuela 28 y se cont\u00f3 con la colaboraci\u00f3n de la Secretar\u00eda de Producci\u00f3n y Medio Ambiente de la Municipalidad de Tornquist.<\/span><br \/>\n<span style=\"font-family: Verdana, Arial, Helvetica, sans-serif; font-size: x-small;\">Es un proyecto que se realiza con distintos grados de escuelas primarias del distrito. Los propios chicos realizaron la plantaci\u00f3n de las especies de las sierras que tienen una ventaja especial, se adaptan con poca agua y son muy bellas adem\u00e1s por sus flores.<\/span><br \/>\n&nbsp;<br \/>\n&nbsp;<\/p>\n","protected":false},"excerpt":{"rendered":"<p>httpv:\/\/www.youtube.com\/watch?v=zOo9Lb9jtsk httpv:\/\/www.youtube.com\/watch?v=OA53rPJgMN4 httpv:\/\/www.youtube.com\/watch?v=Wa4Vxg7SMrI httpv:\/\/www.youtube.com\/watch?v=GKHx0HdhnDU La plantaci\u00f3n de especies nativas y hasta end\u00e9micas(Crecen solamente en nuestra Comarca) y la construcci\u00f3n de un cantero con piedras de las sierras, se concret\u00f3 este martes por la tarde en el bulevar ubicado frente a la Unidad Acad\u00e9mica \u201cErnesto Tornquist\u201d. Participaron de esta tarea integrantes del Jard\u00edn Bot\u00e1nico Pillahuinc\u00f3 que [&hellip;]<\/p>\n","protected":false},"author":1,"featured_media":0,"comment_status":"closed","ping_status":"open","sticky":false,"template":"","format":"standard","meta":{"footnotes":""},"categories":[51,52,64],"tags":[],"class_list":["post-14048","post","type-post","status-publish","format-standard","hentry","category-comunidad","category-destacadas","category-videos-destacados"],"yoast_head":"<!-- This site is optimized with the Yoast SEO plugin v19.7.1 - https:\/\/yoast.com\/wordpress\/plugins\/seo\/ -->\n<title>ESPECIES NATIVAS Y ENDEMICAS FUERON PLANTADAS FRENTE AL COLEGIO NACIONAL (notas y video explicativo) - CELTTV<\/title>\n<meta name=\"description\" content=\"Sitio web de noticias de la localidad de Tornquist, provincia de Buenos Aires, Rep\u00fablica Argentina. Contenido propio originado por periodistas de CELTTV, el canal de TV local de la Cooperativa El\u00e9ctrica de Tornquist. Turismo, Pol\u00edtica, Sociedad, Deporte, Cultura y todo el contenido de inter\u00e9s general que la gente del pueblo y la regi\u00f3n debe conocer.\" \/>\n<meta name=\"robots\" content=\"index, follow, max-snippet:-1, max-image-preview:large, max-video-preview:-1\" \/>\n<link rel=\"canonical\" href=\"https:\/\/www.celttv.com.ar\/index.php\/2013\/09\/12\/especies-nativas-y-endemicas-fueron-plantadas-frente-al-colegio-nacional-notas-y-video-explicativo\/\" \/>\n<meta property=\"og:locale\" content=\"es_ES\" \/>\n<meta property=\"og:type\" content=\"article\" \/>\n<meta property=\"og:title\" content=\"ESPECIES NATIVAS Y ENDEMICAS FUERON PLANTADAS FRENTE AL COLEGIO NACIONAL (notas y video explicativo) - CELTTV\" \/>\n<meta property=\"og:description\" content=\"Sitio web de noticias de la localidad de Tornquist, provincia de Buenos Aires, Rep\u00fablica Argentina. Contenido propio originado por periodistas de CELTTV, el canal de TV local de la Cooperativa El\u00e9ctrica de Tornquist. Turismo, Pol\u00edtica, Sociedad, Deporte, Cultura y todo el contenido de inter\u00e9s general que la gente del pueblo y la regi\u00f3n debe conocer.\" \/>\n<meta property=\"og:url\" content=\"https:\/\/www.celttv.com.ar\/index.php\/2013\/09\/12\/especies-nativas-y-endemicas-fueron-plantadas-frente-al-colegio-nacional-notas-y-video-explicativo\/\" \/>\n<meta property=\"og:site_name\" content=\"CELTTV\" \/>\n<meta property=\"article:publisher\" content=\"https:\/\/www.facebook.com\/celtTV\/\" \/>\n<meta property=\"article:published_time\" content=\"2013-09-12T23:48:09+00:00\" \/>\n<meta name=\"author\" content=\"ulises\" \/>\n<meta name=\"twitter:card\" content=\"summary_large_image\" \/>\n<meta name=\"twitter:label1\" content=\"Escrito por\" \/>\n\t<meta name=\"twitter:data1\" content=\"ulises\" \/>\n\t<meta name=\"twitter:label2\" content=\"Tiempo de lectura\" \/>\n\t<meta name=\"twitter:data2\" content=\"1 minuto\" \/>\n<script type=\"application\/ld+json\" class=\"yoast-schema-graph\">{\"@context\":\"https:\/\/schema.org\",\"@graph\":[{\"@type\":\"NewsArticle\",\"@id\":\"https:\/\/www.celttv.com.ar\/index.php\/2013\/09\/12\/especies-nativas-y-endemicas-fueron-plantadas-frente-al-colegio-nacional-notas-y-video-explicativo\/#article\",\"isPartOf\":{\"@id\":\"https:\/\/www.celttv.com.ar\/index.php\/2013\/09\/12\/especies-nativas-y-endemicas-fueron-plantadas-frente-al-colegio-nacional-notas-y-video-explicativo\/\"},\"author\":{\"name\":\"ulises\",\"@id\":\"https:\/\/www.celttv.com.ar\/#\/schema\/person\/6d99c072dba59953809c81446e9d0ace\"},\"headline\":\"ESPECIES NATIVAS Y ENDEMICAS FUERON PLANTADAS FRENTE AL COLEGIO NACIONAL (notas y video explicativo)\",\"datePublished\":\"2013-09-12T23:48:09+00:00\",\"dateModified\":\"2013-09-12T23:48:09+00:00\",\"mainEntityOfPage\":{\"@id\":\"https:\/\/www.celttv.com.ar\/index.php\/2013\/09\/12\/especies-nativas-y-endemicas-fueron-plantadas-frente-al-colegio-nacional-notas-y-video-explicativo\/\"},\"wordCount\":191,\"publisher\":{\"@id\":\"https:\/\/www.celttv.com.ar\/#organization\"},\"articleSection\":[\"Comunidad\",\"Destacadas\",\"Videos Destacados\"],\"inLanguage\":\"es\"},{\"@type\":\"WebPage\",\"@id\":\"https:\/\/www.celttv.com.ar\/index.php\/2013\/09\/12\/especies-nativas-y-endemicas-fueron-plantadas-frente-al-colegio-nacional-notas-y-video-explicativo\/\",\"url\":\"https:\/\/www.celttv.com.ar\/index.php\/2013\/09\/12\/especies-nativas-y-endemicas-fueron-plantadas-frente-al-colegio-nacional-notas-y-video-explicativo\/\",\"name\":\"ESPECIES NATIVAS Y ENDEMICAS FUERON PLANTADAS FRENTE AL COLEGIO NACIONAL (notas y video explicativo) - CELTTV\",\"isPartOf\":{\"@id\":\"https:\/\/www.celttv.com.ar\/#website\"},\"datePublished\":\"2013-09-12T23:48:09+00:00\",\"dateModified\":\"2013-09-12T23:48:09+00:00\",\"description\":\"Sitio web de noticias de la localidad de Tornquist, provincia de Buenos Aires, Rep\u00fablica Argentina. Contenido propio originado por periodistas de CELTTV, el canal de TV local de la Cooperativa El\u00e9ctrica de Tornquist. Turismo, Pol\u00edtica, Sociedad, Deporte, Cultura y todo el contenido de inter\u00e9s general que la gente del pueblo y la regi\u00f3n debe conocer.\",\"breadcrumb\":{\"@id\":\"https:\/\/www.celttv.com.ar\/index.php\/2013\/09\/12\/especies-nativas-y-endemicas-fueron-plantadas-frente-al-colegio-nacional-notas-y-video-explicativo\/#breadcrumb\"},\"inLanguage\":\"es\",\"potentialAction\":[{\"@type\":\"ReadAction\",\"target\":[\"https:\/\/www.celttv.com.ar\/index.php\/2013\/09\/12\/especies-nativas-y-endemicas-fueron-plantadas-frente-al-colegio-nacional-notas-y-video-explicativo\/\"]}]},{\"@type\":\"BreadcrumbList\",\"@id\":\"https:\/\/www.celttv.com.ar\/index.php\/2013\/09\/12\/especies-nativas-y-endemicas-fueron-plantadas-frente-al-colegio-nacional-notas-y-video-explicativo\/#breadcrumb\",\"itemListElement\":[{\"@type\":\"ListItem\",\"position\":1,\"name\":\"Inicio\",\"item\":\"https:\/\/www.celttv.com.ar\/\"},{\"@type\":\"ListItem\",\"position\":2,\"name\":\"ESPECIES NATIVAS Y ENDEMICAS FUERON PLANTADAS FRENTE AL COLEGIO NACIONAL (notas y video explicativo)\"}]},{\"@type\":\"WebSite\",\"@id\":\"https:\/\/www.celttv.com.ar\/#website\",\"url\":\"https:\/\/www.celttv.com.ar\/\",\"name\":\"CELTTV\",\"description\":\"Cooperativa El\u00e9ctrica de Tornquist\",\"publisher\":{\"@id\":\"https:\/\/www.celttv.com.ar\/#organization\"},\"potentialAction\":[{\"@type\":\"SearchAction\",\"target\":{\"@type\":\"EntryPoint\",\"urlTemplate\":\"https:\/\/www.celttv.com.ar\/?s={search_term_string}\"},\"query-input\":\"required name=search_term_string\"}],\"inLanguage\":\"es\"},{\"@type\":\"Organization\",\"@id\":\"https:\/\/www.celttv.com.ar\/#organization\",\"name\":\"CELTTV\",\"url\":\"https:\/\/www.celttv.com.ar\/\",\"sameAs\":[\"https:\/\/www.youtube.com\/channel\/UCz_oIt8Hig64Ub-EmcNPIhg\",\"https:\/\/www.facebook.com\/celtTV\/\"],\"logo\":{\"@type\":\"ImageObject\",\"inLanguage\":\"es\",\"@id\":\"https:\/\/www.celttv.com.ar\/#\/schema\/logo\/image\/\",\"url\":\"http:\/\/www.celttv.com.ar\/wp-content\/uploads\/2022\/08\/logo-1.png\",\"contentUrl\":\"http:\/\/www.celttv.com.ar\/wp-content\/uploads\/2022\/08\/logo-1.png\",\"width\":461,\"height\":159,\"caption\":\"CELTTV\"},\"image\":{\"@id\":\"https:\/\/www.celttv.com.ar\/#\/schema\/logo\/image\/\"}},{\"@type\":\"Person\",\"@id\":\"https:\/\/www.celttv.com.ar\/#\/schema\/person\/6d99c072dba59953809c81446e9d0ace\",\"name\":\"ulises\",\"image\":{\"@type\":\"ImageObject\",\"inLanguage\":\"es\",\"@id\":\"https:\/\/www.celttv.com.ar\/#\/schema\/person\/image\/\",\"url\":\"https:\/\/secure.gravatar.com\/avatar\/7f2c48bdc33b30088f941fb6082e555f2874c98e20cb159d7b92b50eadfce793?s=96&d=mm&r=g\",\"contentUrl\":\"https:\/\/secure.gravatar.com\/avatar\/7f2c48bdc33b30088f941fb6082e555f2874c98e20cb159d7b92b50eadfce793?s=96&d=mm&r=g\",\"caption\":\"ulises\"},\"sameAs\":[\"http:\/\/www.celttv.com.ar\"]}]}<\/script>\n<!-- \/ Yoast SEO plugin. -->","yoast_head_json":{"title":"ESPECIES NATIVAS Y ENDEMICAS FUERON PLANTADAS FRENTE AL COLEGIO NACIONAL (notas y video explicativo) - CELTTV","description":"Sitio web de noticias de la localidad de Tornquist, provincia de Buenos Aires, Rep\u00fablica Argentina. Contenido propio originado por periodistas de CELTTV, el canal de TV local de la Cooperativa El\u00e9ctrica de Tornquist. Turismo, Pol\u00edtica, Sociedad, Deporte, Cultura y todo el contenido de inter\u00e9s general que la gente del pueblo y la regi\u00f3n debe conocer.","robots":{"index":"index","follow":"follow","max-snippet":"max-snippet:-1","max-image-preview":"max-image-preview:large","max-video-preview":"max-video-preview:-1"},"canonical":"https:\/\/www.celttv.com.ar\/index.php\/2013\/09\/12\/especies-nativas-y-endemicas-fueron-plantadas-frente-al-colegio-nacional-notas-y-video-explicativo\/","og_locale":"es_ES","og_type":"article","og_title":"ESPECIES NATIVAS Y ENDEMICAS FUERON PLANTADAS FRENTE AL COLEGIO NACIONAL (notas y video explicativo) - CELTTV","og_description":"Sitio web de noticias de la localidad de Tornquist, provincia de Buenos Aires, Rep\u00fablica Argentina. Contenido propio originado por periodistas de CELTTV, el canal de TV local de la Cooperativa El\u00e9ctrica de Tornquist. Turismo, Pol\u00edtica, Sociedad, Deporte, Cultura y todo el contenido de inter\u00e9s general que la gente del pueblo y la regi\u00f3n debe conocer.","og_url":"https:\/\/www.celttv.com.ar\/index.php\/2013\/09\/12\/especies-nativas-y-endemicas-fueron-plantadas-frente-al-colegio-nacional-notas-y-video-explicativo\/","og_site_name":"CELTTV","article_publisher":"https:\/\/www.facebook.com\/celtTV\/","article_published_time":"2013-09-12T23:48:09+00:00","author":"ulises","twitter_card":"summary_large_image","twitter_misc":{"Escrito por":"ulises","Tiempo de lectura":"1 minuto"},"schema":{"@context":"https:\/\/schema.org","@graph":[{"@type":"NewsArticle","@id":"https:\/\/www.celttv.com.ar\/index.php\/2013\/09\/12\/especies-nativas-y-endemicas-fueron-plantadas-frente-al-colegio-nacional-notas-y-video-explicativo\/#article","isPartOf":{"@id":"https:\/\/www.celttv.com.ar\/index.php\/2013\/09\/12\/especies-nativas-y-endemicas-fueron-plantadas-frente-al-colegio-nacional-notas-y-video-explicativo\/"},"author":{"name":"ulises","@id":"https:\/\/www.celttv.com.ar\/#\/schema\/person\/6d99c072dba59953809c81446e9d0ace"},"headline":"ESPECIES NATIVAS Y ENDEMICAS FUERON PLANTADAS FRENTE AL COLEGIO NACIONAL (notas y video explicativo)","datePublished":"2013-09-12T23:48:09+00:00","dateModified":"2013-09-12T23:48:09+00:00","mainEntityOfPage":{"@id":"https:\/\/www.celttv.com.ar\/index.php\/2013\/09\/12\/especies-nativas-y-endemicas-fueron-plantadas-frente-al-colegio-nacional-notas-y-video-explicativo\/"},"wordCount":191,"publisher":{"@id":"https:\/\/www.celttv.com.ar\/#organization"},"articleSection":["Comunidad","Destacadas","Videos Destacados"],"inLanguage":"es"},{"@type":"WebPage","@id":"https:\/\/www.celttv.com.ar\/index.php\/2013\/09\/12\/especies-nativas-y-endemicas-fueron-plantadas-frente-al-colegio-nacional-notas-y-video-explicativo\/","url":"https:\/\/www.celttv.com.ar\/index.php\/2013\/09\/12\/especies-nativas-y-endemicas-fueron-plantadas-frente-al-colegio-nacional-notas-y-video-explicativo\/","name":"ESPECIES NATIVAS Y ENDEMICAS FUERON PLANTADAS FRENTE AL COLEGIO NACIONAL (notas y video explicativo) - CELTTV","isPartOf":{"@id":"https:\/\/www.celttv.com.ar\/#website"},"datePublished":"2013-09-12T23:48:09+00:00","dateModified":"2013-09-12T23:48:09+00:00","description":"Sitio web de noticias de la localidad de Tornquist, provincia de Buenos Aires, Rep\u00fablica Argentina. Contenido propio originado por periodistas de CELTTV, el canal de TV local de la Cooperativa El\u00e9ctrica de Tornquist. Turismo, Pol\u00edtica, Sociedad, Deporte, Cultura y todo el contenido de inter\u00e9s general que la gente del pueblo y la regi\u00f3n debe conocer.","breadcrumb":{"@id":"https:\/\/www.celttv.com.ar\/index.php\/2013\/09\/12\/especies-nativas-y-endemicas-fueron-plantadas-frente-al-colegio-nacional-notas-y-video-explicativo\/#breadcrumb"},"inLanguage":"es","potentialAction":[{"@type":"ReadAction","target":["https:\/\/www.celttv.com.ar\/index.php\/2013\/09\/12\/especies-nativas-y-endemicas-fueron-plantadas-frente-al-colegio-nacional-notas-y-video-explicativo\/"]}]},{"@type":"BreadcrumbList","@id":"https:\/\/www.celttv.com.ar\/index.php\/2013\/09\/12\/especies-nativas-y-endemicas-fueron-plantadas-frente-al-colegio-nacional-notas-y-video-explicativo\/#breadcrumb","itemListElement":[{"@type":"ListItem","position":1,"name":"Inicio","item":"https:\/\/www.celttv.com.ar\/"},{"@type":"ListItem","position":2,"name":"ESPECIES NATIVAS Y ENDEMICAS FUERON PLANTADAS FRENTE AL COLEGIO NACIONAL (notas y video explicativo)"}]},{"@type":"WebSite","@id":"https:\/\/www.celttv.com.ar\/#website","url":"https:\/\/www.celttv.com.ar\/","name":"CELTTV","description":"Cooperativa El\u00e9ctrica de Tornquist","publisher":{"@id":"https:\/\/www.celttv.com.ar\/#organization"},"potentialAction":[{"@type":"SearchAction","target":{"@type":"EntryPoint","urlTemplate":"https:\/\/www.celttv.com.ar\/?s={search_term_string}"},"query-input":"required name=search_term_string"}],"inLanguage":"es"},{"@type":"Organization","@id":"https:\/\/www.celttv.com.ar\/#organization","name":"CELTTV","url":"https:\/\/www.celttv.com.ar\/","sameAs":["https:\/\/www.youtube.com\/channel\/UCz_oIt8Hig64Ub-EmcNPIhg","https:\/\/www.facebook.com\/celtTV\/"],"logo":{"@type":"ImageObject","inLanguage":"es","@id":"https:\/\/www.celttv.com.ar\/#\/schema\/logo\/image\/","url":"http:\/\/www.celttv.com.ar\/wp-content\/uploads\/2022\/08\/logo-1.png","contentUrl":"http:\/\/www.celttv.com.ar\/wp-content\/uploads\/2022\/08\/logo-1.png","width":461,"height":159,"caption":"CELTTV"},"image":{"@id":"https:\/\/www.celttv.com.ar\/#\/schema\/logo\/image\/"}},{"@type":"Person","@id":"https:\/\/www.celttv.com.ar\/#\/schema\/person\/6d99c072dba59953809c81446e9d0ace","name":"ulises","image":{"@type":"ImageObject","inLanguage":"es","@id":"https:\/\/www.celttv.com.ar\/#\/schema\/person\/image\/","url":"https:\/\/secure.gravatar.com\/avatar\/7f2c48bdc33b30088f941fb6082e555f2874c98e20cb159d7b92b50eadfce793?s=96&d=mm&r=g","contentUrl":"https:\/\/secure.gravatar.com\/avatar\/7f2c48bdc33b30088f941fb6082e555f2874c98e20cb159d7b92b50eadfce793?s=96&d=mm&r=g","caption":"ulises"},"sameAs":["http:\/\/www.celttv.com.ar"]}]}},"_links":{"self":[{"href":"https:\/\/www.celttv.com.ar\/index.php\/wp-json\/wp\/v2\/posts\/14048","targetHints":{"allow":["GET"]}}],"collection":[{"href":"https:\/\/www.celttv.com.ar\/index.php\/wp-json\/wp\/v2\/posts"}],"about":[{"href":"https:\/\/www.celttv.com.ar\/index.php\/wp-json\/wp\/v2\/types\/post"}],"author":[{"embeddable":true,"href":"https:\/\/www.celttv.com.ar\/index.php\/wp-json\/wp\/v2\/users\/1"}],"replies":[{"embeddable":true,"href":"https:\/\/www.celttv.com.ar\/index.php\/wp-json\/wp\/v2\/comments?post=14048"}],"version-history":[{"count":0,"href":"https:\/\/www.celttv.com.ar\/index.php\/wp-json\/wp\/v2\/posts\/14048\/revisions"}],"wp:attachment":[{"href":"https:\/\/www.celttv.com.ar\/index.php\/wp-json\/wp\/v2\/media?parent=14048"}],"wp:term":[{"taxonomy":"category","embeddable":true,"href":"https:\/\/www.celttv.com.ar\/index.php\/wp-json\/wp\/v2\/categories?post=14048"},{"taxonomy":"post_tag","embeddable":true,"href":"https:\/\/www.celttv.com.ar\/index.php\/wp-json\/wp\/v2\/tags?post=14048"}],"curies":[{"name":"wp","href":"https:\/\/api.w.org\/{rel}","templated":true}]}}