{"id":14213,"date":"2013-09-17T19:22:57","date_gmt":"2013-09-17T19:22:57","guid":{"rendered":"http:\/\/www.tvcnoticias.com.ar\/?p=14213"},"modified":"2013-09-17T19:22:57","modified_gmt":"2013-09-17T19:22:57","slug":"videos-y-notas-de-la-cena-de-camaraderia-del-sum-del-barrio-sur","status":"publish","type":"post","link":"https:\/\/www.celttv.com.ar\/index.php\/2013\/09\/17\/videos-y-notas-de-la-cena-de-camaraderia-del-sum-del-barrio-sur\/","title":{"rendered":"VIDEOS Y NOTAS DE LA CENA DE CAMARADERIA DEL SUM DEL BARRIO SUR"},"content":{"rendered":"<h1><span style=\"font-size: 13px; font-weight: normal;\">Durante una cena de camarader\u00eda a la que estuvieron invitados el intendente Municipal Lic. Gustavo Trankels y miembros de su gabinete; el presidente del HCD. Sergio Bordoni, el concejal Horacio Buitrago, medios de prensa e integrantes de la mencionada comisi\u00f3n, se dej\u00f3 habilitadas las reformas edilicias realizadas con la incorporaci\u00f3n de un amplio fog\u00f3n-asador ubicado en el exterior del predio y una edificaci\u00f3n que servir\u00e1 de dep\u00f3sito, algo que estaba haciendo mucha falta dada la cantidad de actividades que se desarrollan en esta instituci\u00f3n.<\/span><\/h1>\n<p><span style=\"font-size: 13px; font-weight: normal;\"><a href=\"http:\/\/www.youtube.com\/watch?v=-ZPmFQlszyM\"><a href=\"http:\/\/www.youtube.com\/watch?v=-ZPmFQlszyM\">httpv:\/\/www.youtube.com\/watch?v=-ZPmFQlszyM<\/a><\/a><br \/>\n<\/span><br \/>\n<a href=\"http:\/\/www.youtube.com\/watch?v=aFUIKwON42c\"><a href=\"http:\/\/www.youtube.com\/watch?v=aFUIKwON42c\">httpv:\/\/www.youtube.com\/watch?v=aFUIKwON42c<\/a><\/a><br \/>\n<a href=\"http:\/\/www.youtube.com\/watch?v=VfgvHuMdig0\"><a href=\"http:\/\/www.youtube.com\/watch?v=VfgvHuMdig0\">httpv:\/\/www.youtube.com\/watch?v=VfgvHuMdig0<\/a><\/a><br \/>\n<a href=\"http:\/\/www.youtube.com\/watch?v=dOVfclcvGTE\"><a href=\"http:\/\/www.youtube.com\/watch?v=dOVfclcvGTE\">httpv:\/\/www.youtube.com\/watch?v=dOVfclcvGTE<\/a><\/a><br \/>\n<a href=\"http:\/\/www.youtube.com\/watch?v=u4tuBOU34GM\"><a href=\"http:\/\/www.youtube.com\/watch?v=u4tuBOU34GM\">httpv:\/\/www.youtube.com\/watch?v=u4tuBOU34GM<\/a><\/a><br \/>\n<a href=\"http:\/\/www.youtube.com\/watch?v=QbaAKWwPvic\"><a href=\"http:\/\/www.youtube.com\/watch?v=QbaAKWwPvic\">httpv:\/\/www.youtube.com\/watch?v=QbaAKWwPvic<\/a><\/a><br \/>\n<a href=\"http:\/\/www.youtube.com\/watch?v=zfnzaAZqayk\"><a href=\"http:\/\/www.youtube.com\/watch?v=zfnzaAZqayk\">httpv:\/\/www.youtube.com\/watch?v=zfnzaAZqayk<\/a><\/a><\/p>\n","protected":false},"excerpt":{"rendered":"<p>Durante una cena de camarader\u00eda a la que estuvieron invitados el intendente Municipal Lic. Gustavo Trankels y miembros de su gabinete; el presidente del HCD. Sergio Bordoni, el concejal Horacio Buitrago, medios de prensa e integrantes de la mencionada comisi\u00f3n, se dej\u00f3 habilitadas las reformas edilicias realizadas con la incorporaci\u00f3n de un amplio fog\u00f3n-asador ubicado [&hellip;]<\/p>\n","protected":false},"author":1,"featured_media":0,"comment_status":"closed","ping_status":"open","sticky":false,"template":"","format":"standard","meta":{"footnotes":""},"categories":[51,52,64],"tags":[],"class_list":["post-14213","post","type-post","status-publish","format-standard","hentry","category-comunidad","category-destacadas","category-videos-destacados"],"yoast_head":"<!-- This site is optimized with the Yoast SEO plugin v19.7.1 - https:\/\/yoast.com\/wordpress\/plugins\/seo\/ -->\n<title>VIDEOS Y NOTAS DE LA CENA DE CAMARADERIA DEL SUM DEL BARRIO SUR - CELTTV<\/title>\n<meta name=\"description\" content=\"Sitio web de noticias de la localidad de Tornquist, provincia de Buenos Aires, Rep\u00fablica Argentina. Contenido propio originado por periodistas de CELTTV, el canal de TV local de la Cooperativa El\u00e9ctrica de Tornquist. Turismo, Pol\u00edtica, Sociedad, Deporte, Cultura y todo el contenido de inter\u00e9s general que la gente del pueblo y la regi\u00f3n debe conocer.\" \/>\n<meta name=\"robots\" content=\"index, follow, max-snippet:-1, max-image-preview:large, max-video-preview:-1\" \/>\n<link rel=\"canonical\" href=\"https:\/\/www.celttv.com.ar\/index.php\/2013\/09\/17\/videos-y-notas-de-la-cena-de-camaraderia-del-sum-del-barrio-sur\/\" \/>\n<meta property=\"og:locale\" content=\"es_ES\" \/>\n<meta property=\"og:type\" content=\"article\" \/>\n<meta property=\"og:title\" content=\"VIDEOS Y NOTAS DE LA CENA DE CAMARADERIA DEL SUM DEL BARRIO SUR - CELTTV\" \/>\n<meta property=\"og:description\" content=\"Sitio web de noticias de la localidad de Tornquist, provincia de Buenos Aires, Rep\u00fablica Argentina. Contenido propio originado por periodistas de CELTTV, el canal de TV local de la Cooperativa El\u00e9ctrica de Tornquist. Turismo, Pol\u00edtica, Sociedad, Deporte, Cultura y todo el contenido de inter\u00e9s general que la gente del pueblo y la regi\u00f3n debe conocer.\" \/>\n<meta property=\"og:url\" content=\"https:\/\/www.celttv.com.ar\/index.php\/2013\/09\/17\/videos-y-notas-de-la-cena-de-camaraderia-del-sum-del-barrio-sur\/\" \/>\n<meta property=\"og:site_name\" content=\"CELTTV\" \/>\n<meta property=\"article:publisher\" content=\"https:\/\/www.facebook.com\/celtTV\/\" \/>\n<meta property=\"article:published_time\" content=\"2013-09-17T19:22:57+00:00\" \/>\n<meta name=\"author\" content=\"ulises\" \/>\n<meta name=\"twitter:card\" content=\"summary_large_image\" \/>\n<meta name=\"twitter:label1\" content=\"Escrito por\" \/>\n\t<meta name=\"twitter:data1\" content=\"ulises\" \/>\n\t<meta name=\"twitter:label2\" content=\"Tiempo de lectura\" \/>\n\t<meta name=\"twitter:data2\" content=\"1 minuto\" \/>\n<script type=\"application\/ld+json\" class=\"yoast-schema-graph\">{\"@context\":\"https:\/\/schema.org\",\"@graph\":[{\"@type\":\"NewsArticle\",\"@id\":\"https:\/\/www.celttv.com.ar\/index.php\/2013\/09\/17\/videos-y-notas-de-la-cena-de-camaraderia-del-sum-del-barrio-sur\/#article\",\"isPartOf\":{\"@id\":\"https:\/\/www.celttv.com.ar\/index.php\/2013\/09\/17\/videos-y-notas-de-la-cena-de-camaraderia-del-sum-del-barrio-sur\/\"},\"author\":{\"name\":\"ulises\",\"@id\":\"https:\/\/www.celttv.com.ar\/#\/schema\/person\/6d99c072dba59953809c81446e9d0ace\"},\"headline\":\"VIDEOS Y NOTAS DE LA CENA DE CAMARADERIA DEL SUM DEL BARRIO SUR\",\"datePublished\":\"2013-09-17T19:22:57+00:00\",\"dateModified\":\"2013-09-17T19:22:57+00:00\",\"mainEntityOfPage\":{\"@id\":\"https:\/\/www.celttv.com.ar\/index.php\/2013\/09\/17\/videos-y-notas-de-la-cena-de-camaraderia-del-sum-del-barrio-sur\/\"},\"wordCount\":156,\"publisher\":{\"@id\":\"https:\/\/www.celttv.com.ar\/#organization\"},\"articleSection\":[\"Comunidad\",\"Destacadas\",\"Videos Destacados\"],\"inLanguage\":\"es\"},{\"@type\":\"WebPage\",\"@id\":\"https:\/\/www.celttv.com.ar\/index.php\/2013\/09\/17\/videos-y-notas-de-la-cena-de-camaraderia-del-sum-del-barrio-sur\/\",\"url\":\"https:\/\/www.celttv.com.ar\/index.php\/2013\/09\/17\/videos-y-notas-de-la-cena-de-camaraderia-del-sum-del-barrio-sur\/\",\"name\":\"VIDEOS Y NOTAS DE LA CENA DE CAMARADERIA DEL SUM DEL BARRIO SUR - CELTTV\",\"isPartOf\":{\"@id\":\"https:\/\/www.celttv.com.ar\/#website\"},\"datePublished\":\"2013-09-17T19:22:57+00:00\",\"dateModified\":\"2013-09-17T19:22:57+00:00\",\"description\":\"Sitio web de noticias de la localidad de Tornquist, provincia de Buenos Aires, Rep\u00fablica Argentina. Contenido propio originado por periodistas de CELTTV, el canal de TV local de la Cooperativa El\u00e9ctrica de Tornquist. Turismo, Pol\u00edtica, Sociedad, Deporte, Cultura y todo el contenido de inter\u00e9s general que la gente del pueblo y la regi\u00f3n debe conocer.\",\"breadcrumb\":{\"@id\":\"https:\/\/www.celttv.com.ar\/index.php\/2013\/09\/17\/videos-y-notas-de-la-cena-de-camaraderia-del-sum-del-barrio-sur\/#breadcrumb\"},\"inLanguage\":\"es\",\"potentialAction\":[{\"@type\":\"ReadAction\",\"target\":[\"https:\/\/www.celttv.com.ar\/index.php\/2013\/09\/17\/videos-y-notas-de-la-cena-de-camaraderia-del-sum-del-barrio-sur\/\"]}]},{\"@type\":\"BreadcrumbList\",\"@id\":\"https:\/\/www.celttv.com.ar\/index.php\/2013\/09\/17\/videos-y-notas-de-la-cena-de-camaraderia-del-sum-del-barrio-sur\/#breadcrumb\",\"itemListElement\":[{\"@type\":\"ListItem\",\"position\":1,\"name\":\"Inicio\",\"item\":\"https:\/\/www.celttv.com.ar\/\"},{\"@type\":\"ListItem\",\"position\":2,\"name\":\"VIDEOS Y NOTAS DE LA CENA DE CAMARADERIA DEL SUM DEL BARRIO SUR\"}]},{\"@type\":\"WebSite\",\"@id\":\"https:\/\/www.celttv.com.ar\/#website\",\"url\":\"https:\/\/www.celttv.com.ar\/\",\"name\":\"CELTTV\",\"description\":\"Cooperativa El\u00e9ctrica de Tornquist\",\"publisher\":{\"@id\":\"https:\/\/www.celttv.com.ar\/#organization\"},\"potentialAction\":[{\"@type\":\"SearchAction\",\"target\":{\"@type\":\"EntryPoint\",\"urlTemplate\":\"https:\/\/www.celttv.com.ar\/?s={search_term_string}\"},\"query-input\":\"required name=search_term_string\"}],\"inLanguage\":\"es\"},{\"@type\":\"Organization\",\"@id\":\"https:\/\/www.celttv.com.ar\/#organization\",\"name\":\"CELTTV\",\"url\":\"https:\/\/www.celttv.com.ar\/\",\"sameAs\":[\"https:\/\/www.youtube.com\/channel\/UCz_oIt8Hig64Ub-EmcNPIhg\",\"https:\/\/www.facebook.com\/celtTV\/\"],\"logo\":{\"@type\":\"ImageObject\",\"inLanguage\":\"es\",\"@id\":\"https:\/\/www.celttv.com.ar\/#\/schema\/logo\/image\/\",\"url\":\"http:\/\/www.celttv.com.ar\/wp-content\/uploads\/2022\/08\/logo-1.png\",\"contentUrl\":\"http:\/\/www.celttv.com.ar\/wp-content\/uploads\/2022\/08\/logo-1.png\",\"width\":461,\"height\":159,\"caption\":\"CELTTV\"},\"image\":{\"@id\":\"https:\/\/www.celttv.com.ar\/#\/schema\/logo\/image\/\"}},{\"@type\":\"Person\",\"@id\":\"https:\/\/www.celttv.com.ar\/#\/schema\/person\/6d99c072dba59953809c81446e9d0ace\",\"name\":\"ulises\",\"image\":{\"@type\":\"ImageObject\",\"inLanguage\":\"es\",\"@id\":\"https:\/\/www.celttv.com.ar\/#\/schema\/person\/image\/\",\"url\":\"https:\/\/secure.gravatar.com\/avatar\/7f2c48bdc33b30088f941fb6082e555f2874c98e20cb159d7b92b50eadfce793?s=96&d=mm&r=g\",\"contentUrl\":\"https:\/\/secure.gravatar.com\/avatar\/7f2c48bdc33b30088f941fb6082e555f2874c98e20cb159d7b92b50eadfce793?s=96&d=mm&r=g\",\"caption\":\"ulises\"},\"sameAs\":[\"http:\/\/www.celttv.com.ar\"]}]}<\/script>\n<!-- \/ Yoast SEO plugin. -->","yoast_head_json":{"title":"VIDEOS Y NOTAS DE LA CENA DE CAMARADERIA DEL SUM DEL BARRIO SUR - CELTTV","description":"Sitio web de noticias de la localidad de Tornquist, provincia de Buenos Aires, Rep\u00fablica Argentina. Contenido propio originado por periodistas de CELTTV, el canal de TV local de la Cooperativa El\u00e9ctrica de Tornquist. Turismo, Pol\u00edtica, Sociedad, Deporte, Cultura y todo el contenido de inter\u00e9s general que la gente del pueblo y la regi\u00f3n debe conocer.","robots":{"index":"index","follow":"follow","max-snippet":"max-snippet:-1","max-image-preview":"max-image-preview:large","max-video-preview":"max-video-preview:-1"},"canonical":"https:\/\/www.celttv.com.ar\/index.php\/2013\/09\/17\/videos-y-notas-de-la-cena-de-camaraderia-del-sum-del-barrio-sur\/","og_locale":"es_ES","og_type":"article","og_title":"VIDEOS Y NOTAS DE LA CENA DE CAMARADERIA DEL SUM DEL BARRIO SUR - CELTTV","og_description":"Sitio web de noticias de la localidad de Tornquist, provincia de Buenos Aires, Rep\u00fablica Argentina. Contenido propio originado por periodistas de CELTTV, el canal de TV local de la Cooperativa El\u00e9ctrica de Tornquist. Turismo, Pol\u00edtica, Sociedad, Deporte, Cultura y todo el contenido de inter\u00e9s general que la gente del pueblo y la regi\u00f3n debe conocer.","og_url":"https:\/\/www.celttv.com.ar\/index.php\/2013\/09\/17\/videos-y-notas-de-la-cena-de-camaraderia-del-sum-del-barrio-sur\/","og_site_name":"CELTTV","article_publisher":"https:\/\/www.facebook.com\/celtTV\/","article_published_time":"2013-09-17T19:22:57+00:00","author":"ulises","twitter_card":"summary_large_image","twitter_misc":{"Escrito por":"ulises","Tiempo de lectura":"1 minuto"},"schema":{"@context":"https:\/\/schema.org","@graph":[{"@type":"NewsArticle","@id":"https:\/\/www.celttv.com.ar\/index.php\/2013\/09\/17\/videos-y-notas-de-la-cena-de-camaraderia-del-sum-del-barrio-sur\/#article","isPartOf":{"@id":"https:\/\/www.celttv.com.ar\/index.php\/2013\/09\/17\/videos-y-notas-de-la-cena-de-camaraderia-del-sum-del-barrio-sur\/"},"author":{"name":"ulises","@id":"https:\/\/www.celttv.com.ar\/#\/schema\/person\/6d99c072dba59953809c81446e9d0ace"},"headline":"VIDEOS Y NOTAS DE LA CENA DE CAMARADERIA DEL SUM DEL BARRIO SUR","datePublished":"2013-09-17T19:22:57+00:00","dateModified":"2013-09-17T19:22:57+00:00","mainEntityOfPage":{"@id":"https:\/\/www.celttv.com.ar\/index.php\/2013\/09\/17\/videos-y-notas-de-la-cena-de-camaraderia-del-sum-del-barrio-sur\/"},"wordCount":156,"publisher":{"@id":"https:\/\/www.celttv.com.ar\/#organization"},"articleSection":["Comunidad","Destacadas","Videos Destacados"],"inLanguage":"es"},{"@type":"WebPage","@id":"https:\/\/www.celttv.com.ar\/index.php\/2013\/09\/17\/videos-y-notas-de-la-cena-de-camaraderia-del-sum-del-barrio-sur\/","url":"https:\/\/www.celttv.com.ar\/index.php\/2013\/09\/17\/videos-y-notas-de-la-cena-de-camaraderia-del-sum-del-barrio-sur\/","name":"VIDEOS Y NOTAS DE LA CENA DE CAMARADERIA DEL SUM DEL BARRIO SUR - CELTTV","isPartOf":{"@id":"https:\/\/www.celttv.com.ar\/#website"},"datePublished":"2013-09-17T19:22:57+00:00","dateModified":"2013-09-17T19:22:57+00:00","description":"Sitio web de noticias de la localidad de Tornquist, provincia de Buenos Aires, Rep\u00fablica Argentina. Contenido propio originado por periodistas de CELTTV, el canal de TV local de la Cooperativa El\u00e9ctrica de Tornquist. Turismo, Pol\u00edtica, Sociedad, Deporte, Cultura y todo el contenido de inter\u00e9s general que la gente del pueblo y la regi\u00f3n debe conocer.","breadcrumb":{"@id":"https:\/\/www.celttv.com.ar\/index.php\/2013\/09\/17\/videos-y-notas-de-la-cena-de-camaraderia-del-sum-del-barrio-sur\/#breadcrumb"},"inLanguage":"es","potentialAction":[{"@type":"ReadAction","target":["https:\/\/www.celttv.com.ar\/index.php\/2013\/09\/17\/videos-y-notas-de-la-cena-de-camaraderia-del-sum-del-barrio-sur\/"]}]},{"@type":"BreadcrumbList","@id":"https:\/\/www.celttv.com.ar\/index.php\/2013\/09\/17\/videos-y-notas-de-la-cena-de-camaraderia-del-sum-del-barrio-sur\/#breadcrumb","itemListElement":[{"@type":"ListItem","position":1,"name":"Inicio","item":"https:\/\/www.celttv.com.ar\/"},{"@type":"ListItem","position":2,"name":"VIDEOS Y NOTAS DE LA CENA DE CAMARADERIA DEL SUM DEL BARRIO SUR"}]},{"@type":"WebSite","@id":"https:\/\/www.celttv.com.ar\/#website","url":"https:\/\/www.celttv.com.ar\/","name":"CELTTV","description":"Cooperativa El\u00e9ctrica de Tornquist","publisher":{"@id":"https:\/\/www.celttv.com.ar\/#organization"},"potentialAction":[{"@type":"SearchAction","target":{"@type":"EntryPoint","urlTemplate":"https:\/\/www.celttv.com.ar\/?s={search_term_string}"},"query-input":"required name=search_term_string"}],"inLanguage":"es"},{"@type":"Organization","@id":"https:\/\/www.celttv.com.ar\/#organization","name":"CELTTV","url":"https:\/\/www.celttv.com.ar\/","sameAs":["https:\/\/www.youtube.com\/channel\/UCz_oIt8Hig64Ub-EmcNPIhg","https:\/\/www.facebook.com\/celtTV\/"],"logo":{"@type":"ImageObject","inLanguage":"es","@id":"https:\/\/www.celttv.com.ar\/#\/schema\/logo\/image\/","url":"http:\/\/www.celttv.com.ar\/wp-content\/uploads\/2022\/08\/logo-1.png","contentUrl":"http:\/\/www.celttv.com.ar\/wp-content\/uploads\/2022\/08\/logo-1.png","width":461,"height":159,"caption":"CELTTV"},"image":{"@id":"https:\/\/www.celttv.com.ar\/#\/schema\/logo\/image\/"}},{"@type":"Person","@id":"https:\/\/www.celttv.com.ar\/#\/schema\/person\/6d99c072dba59953809c81446e9d0ace","name":"ulises","image":{"@type":"ImageObject","inLanguage":"es","@id":"https:\/\/www.celttv.com.ar\/#\/schema\/person\/image\/","url":"https:\/\/secure.gravatar.com\/avatar\/7f2c48bdc33b30088f941fb6082e555f2874c98e20cb159d7b92b50eadfce793?s=96&d=mm&r=g","contentUrl":"https:\/\/secure.gravatar.com\/avatar\/7f2c48bdc33b30088f941fb6082e555f2874c98e20cb159d7b92b50eadfce793?s=96&d=mm&r=g","caption":"ulises"},"sameAs":["http:\/\/www.celttv.com.ar"]}]}},"_links":{"self":[{"href":"https:\/\/www.celttv.com.ar\/index.php\/wp-json\/wp\/v2\/posts\/14213","targetHints":{"allow":["GET"]}}],"collection":[{"href":"https:\/\/www.celttv.com.ar\/index.php\/wp-json\/wp\/v2\/posts"}],"about":[{"href":"https:\/\/www.celttv.com.ar\/index.php\/wp-json\/wp\/v2\/types\/post"}],"author":[{"embeddable":true,"href":"https:\/\/www.celttv.com.ar\/index.php\/wp-json\/wp\/v2\/users\/1"}],"replies":[{"embeddable":true,"href":"https:\/\/www.celttv.com.ar\/index.php\/wp-json\/wp\/v2\/comments?post=14213"}],"version-history":[{"count":0,"href":"https:\/\/www.celttv.com.ar\/index.php\/wp-json\/wp\/v2\/posts\/14213\/revisions"}],"wp:attachment":[{"href":"https:\/\/www.celttv.com.ar\/index.php\/wp-json\/wp\/v2\/media?parent=14213"}],"wp:term":[{"taxonomy":"category","embeddable":true,"href":"https:\/\/www.celttv.com.ar\/index.php\/wp-json\/wp\/v2\/categories?post=14213"},{"taxonomy":"post_tag","embeddable":true,"href":"https:\/\/www.celttv.com.ar\/index.php\/wp-json\/wp\/v2\/tags?post=14213"}],"curies":[{"name":"wp","href":"https:\/\/api.w.org\/{rel}","templated":true}]}}