{"id":14218,"date":"2013-09-17T21:41:30","date_gmt":"2013-09-17T21:41:30","guid":{"rendered":"http:\/\/www.tvcnoticias.com.ar\/?p=14218"},"modified":"2013-09-17T21:41:30","modified_gmt":"2013-09-17T21:41:30","slug":"balance-del-gran-prix-de-ajedrez-realizado-en-tornquist-hablamos-con-los-ajedrecistas-locales","status":"publish","type":"post","link":"https:\/\/www.celttv.com.ar\/index.php\/2013\/09\/17\/balance-del-gran-prix-de-ajedrez-realizado-en-tornquist-hablamos-con-los-ajedrecistas-locales\/","title":{"rendered":"BALANCE DEL GRAN PRIX DE AJEDREZ REALIZADO EN TORNQUIST (hablamos con los ajedrecistas locales)"},"content":{"rendered":"<h2><a href=\"http:\/\/www.youtube.com\/watch?v=NN7DpwaWX60\"><a href=\"http:\/\/www.youtube.com\/watch?v=NN7DpwaWX60\">httpv:\/\/www.youtube.com\/watch?v=NN7DpwaWX60<\/a><\/a><\/h2>\n<h2><span style=\"font-size: 13px; font-weight: normal;\">La sexta fecha del Gran Prix del Sur Bonaerense de ajedrez se llev\u00f3 a cabo ayer en la ciudad cabecera del distrito, organizada por la Biblioteca Popular \u201cErnesto Tornquist\u201d, y la colaboraci\u00f3n y el auspicio de la Municipalidad de Tornquist, a trav\u00e9s de la Direcci\u00f3n de Deportes.<\/span><\/h2>\n<div>\nDe la jornada participaron 90 jugadores procedentes de Coronel Pringles, Coronel Su\u00e1rez, Pig\u00fc\u00e9, Puan, Bah\u00eda Blanca, Monte hermoso y Tornquist.<br \/>\nEstuvieron presentes la presidente de la Biblioteca Popular, Estela Rodr\u00edguez, e integrantes de la comisi\u00f3n directiva y personal administrativo de la misma; padres de los alumnos de la Escuela de Ajedrez local; y el director de Producci\u00f3n y Medio Ambiente comunal, V\u00edctor Ant\u00f3n.<br \/>\nLos resultados de los jugadores locales fueron:<br \/>\n&#8211;\u00a0\u00a0\u00a0\u00a0\u00a0\u00a0\u00a0\u00a0\u00a0\u00a0Sub 12: 3\u00ba) Ignacio Painenahuel y 15\u00ba) Aldana Urriaga.<br \/>\n&#8211;\u00a0\u00a0\u00a0\u00a0\u00a0\u00a0\u00a0\u00a0\u00a0\u00a0Sub 14: 1\u00ba) Bruno Buschi; 4\u00ba) Bruno Alvarez; y 5\u00ba) Mariani Emiliano.<br \/>\n&#8211;\u00a0\u00a0\u00a0\u00a0\u00a0\u00a0\u00a0\u00a0\u00a0\u00a0Sub 16: 8\u00ba) Juli\u00e1n Schwab y 10\u00ba) Nahuel Urriaga.<br \/>\n&#8211;\u00a0\u00a0\u00a0\u00a0\u00a0\u00a0\u00a0\u00a0\u00a0\u00a0Sub 18: 2\u00ba) Albano Croceri y 3\u00ba) Horacio Berardo.<br \/>\n&#8211;\u00a0\u00a0\u00a0\u00a0\u00a0\u00a0\u00a0\u00a0\u00a0\u00a0Mayores: 18\u00ba) Carlos Grassi y 21\u00ba) Adolfo Conti.\n<\/div>\n<p>&nbsp;<\/p>\n","protected":false},"excerpt":{"rendered":"<p>httpv:\/\/www.youtube.com\/watch?v=NN7DpwaWX60 La sexta fecha del Gran Prix del Sur Bonaerense de ajedrez se llev\u00f3 a cabo ayer en la ciudad cabecera del distrito, organizada por la Biblioteca Popular \u201cErnesto Tornquist\u201d, y la colaboraci\u00f3n y el auspicio de la Municipalidad de Tornquist, a trav\u00e9s de la Direcci\u00f3n de Deportes. De la jornada participaron 90 jugadores procedentes [&hellip;]<\/p>\n","protected":false},"author":1,"featured_media":0,"comment_status":"closed","ping_status":"open","sticky":false,"template":"","format":"standard","meta":{"footnotes":""},"categories":[60,52,64],"tags":[],"class_list":["post-14218","post","type-post","status-publish","format-standard","hentry","category-deporte","category-destacadas","category-videos-destacados"],"yoast_head":"<!-- This site is optimized with the Yoast SEO plugin v19.7.1 - https:\/\/yoast.com\/wordpress\/plugins\/seo\/ -->\n<title>BALANCE DEL GRAN PRIX DE AJEDREZ REALIZADO EN TORNQUIST (hablamos con los ajedrecistas locales) - CELTTV<\/title>\n<meta name=\"description\" content=\"Sitio web de noticias de la localidad de Tornquist, provincia de Buenos Aires, Rep\u00fablica Argentina. Contenido propio originado por periodistas de CELTTV, el canal de TV local de la Cooperativa El\u00e9ctrica de Tornquist. Turismo, Pol\u00edtica, Sociedad, Deporte, Cultura y todo el contenido de inter\u00e9s general que la gente del pueblo y la regi\u00f3n debe conocer.\" \/>\n<meta name=\"robots\" content=\"index, follow, max-snippet:-1, max-image-preview:large, max-video-preview:-1\" \/>\n<link rel=\"canonical\" href=\"https:\/\/www.celttv.com.ar\/index.php\/2013\/09\/17\/balance-del-gran-prix-de-ajedrez-realizado-en-tornquist-hablamos-con-los-ajedrecistas-locales\/\" \/>\n<meta property=\"og:locale\" content=\"es_ES\" \/>\n<meta property=\"og:type\" content=\"article\" \/>\n<meta property=\"og:title\" content=\"BALANCE DEL GRAN PRIX DE AJEDREZ REALIZADO EN TORNQUIST (hablamos con los ajedrecistas locales) - CELTTV\" \/>\n<meta property=\"og:description\" content=\"Sitio web de noticias de la localidad de Tornquist, provincia de Buenos Aires, Rep\u00fablica Argentina. Contenido propio originado por periodistas de CELTTV, el canal de TV local de la Cooperativa El\u00e9ctrica de Tornquist. Turismo, Pol\u00edtica, Sociedad, Deporte, Cultura y todo el contenido de inter\u00e9s general que la gente del pueblo y la regi\u00f3n debe conocer.\" \/>\n<meta property=\"og:url\" content=\"https:\/\/www.celttv.com.ar\/index.php\/2013\/09\/17\/balance-del-gran-prix-de-ajedrez-realizado-en-tornquist-hablamos-con-los-ajedrecistas-locales\/\" \/>\n<meta property=\"og:site_name\" content=\"CELTTV\" \/>\n<meta property=\"article:publisher\" content=\"https:\/\/www.facebook.com\/celtTV\/\" \/>\n<meta property=\"article:published_time\" content=\"2013-09-17T21:41:30+00:00\" \/>\n<meta name=\"author\" content=\"ulises\" \/>\n<meta name=\"twitter:card\" content=\"summary_large_image\" \/>\n<meta name=\"twitter:label1\" content=\"Escrito por\" \/>\n\t<meta name=\"twitter:data1\" content=\"ulises\" \/>\n\t<meta name=\"twitter:label2\" content=\"Tiempo de lectura\" \/>\n\t<meta name=\"twitter:data2\" content=\"1 minuto\" \/>\n<script type=\"application\/ld+json\" class=\"yoast-schema-graph\">{\"@context\":\"https:\/\/schema.org\",\"@graph\":[{\"@type\":\"NewsArticle\",\"@id\":\"https:\/\/www.celttv.com.ar\/index.php\/2013\/09\/17\/balance-del-gran-prix-de-ajedrez-realizado-en-tornquist-hablamos-con-los-ajedrecistas-locales\/#article\",\"isPartOf\":{\"@id\":\"https:\/\/www.celttv.com.ar\/index.php\/2013\/09\/17\/balance-del-gran-prix-de-ajedrez-realizado-en-tornquist-hablamos-con-los-ajedrecistas-locales\/\"},\"author\":{\"name\":\"ulises\",\"@id\":\"https:\/\/www.celttv.com.ar\/#\/schema\/person\/6d99c072dba59953809c81446e9d0ace\"},\"headline\":\"BALANCE DEL GRAN PRIX DE AJEDREZ REALIZADO EN TORNQUIST (hablamos con los ajedrecistas locales)\",\"datePublished\":\"2013-09-17T21:41:30+00:00\",\"dateModified\":\"2013-09-17T21:41:30+00:00\",\"mainEntityOfPage\":{\"@id\":\"https:\/\/www.celttv.com.ar\/index.php\/2013\/09\/17\/balance-del-gran-prix-de-ajedrez-realizado-en-tornquist-hablamos-con-los-ajedrecistas-locales\/\"},\"wordCount\":187,\"publisher\":{\"@id\":\"https:\/\/www.celttv.com.ar\/#organization\"},\"articleSection\":[\"Deporte\",\"Destacadas\",\"Videos Destacados\"],\"inLanguage\":\"es\"},{\"@type\":\"WebPage\",\"@id\":\"https:\/\/www.celttv.com.ar\/index.php\/2013\/09\/17\/balance-del-gran-prix-de-ajedrez-realizado-en-tornquist-hablamos-con-los-ajedrecistas-locales\/\",\"url\":\"https:\/\/www.celttv.com.ar\/index.php\/2013\/09\/17\/balance-del-gran-prix-de-ajedrez-realizado-en-tornquist-hablamos-con-los-ajedrecistas-locales\/\",\"name\":\"BALANCE DEL GRAN PRIX DE AJEDREZ REALIZADO EN TORNQUIST (hablamos con los ajedrecistas locales) - CELTTV\",\"isPartOf\":{\"@id\":\"https:\/\/www.celttv.com.ar\/#website\"},\"datePublished\":\"2013-09-17T21:41:30+00:00\",\"dateModified\":\"2013-09-17T21:41:30+00:00\",\"description\":\"Sitio web de noticias de la localidad de Tornquist, provincia de Buenos Aires, Rep\u00fablica Argentina. Contenido propio originado por periodistas de CELTTV, el canal de TV local de la Cooperativa El\u00e9ctrica de Tornquist. Turismo, Pol\u00edtica, Sociedad, Deporte, Cultura y todo el contenido de inter\u00e9s general que la gente del pueblo y la regi\u00f3n debe conocer.\",\"breadcrumb\":{\"@id\":\"https:\/\/www.celttv.com.ar\/index.php\/2013\/09\/17\/balance-del-gran-prix-de-ajedrez-realizado-en-tornquist-hablamos-con-los-ajedrecistas-locales\/#breadcrumb\"},\"inLanguage\":\"es\",\"potentialAction\":[{\"@type\":\"ReadAction\",\"target\":[\"https:\/\/www.celttv.com.ar\/index.php\/2013\/09\/17\/balance-del-gran-prix-de-ajedrez-realizado-en-tornquist-hablamos-con-los-ajedrecistas-locales\/\"]}]},{\"@type\":\"BreadcrumbList\",\"@id\":\"https:\/\/www.celttv.com.ar\/index.php\/2013\/09\/17\/balance-del-gran-prix-de-ajedrez-realizado-en-tornquist-hablamos-con-los-ajedrecistas-locales\/#breadcrumb\",\"itemListElement\":[{\"@type\":\"ListItem\",\"position\":1,\"name\":\"Inicio\",\"item\":\"https:\/\/www.celttv.com.ar\/\"},{\"@type\":\"ListItem\",\"position\":2,\"name\":\"BALANCE DEL GRAN PRIX DE AJEDREZ REALIZADO EN TORNQUIST (hablamos con los ajedrecistas locales)\"}]},{\"@type\":\"WebSite\",\"@id\":\"https:\/\/www.celttv.com.ar\/#website\",\"url\":\"https:\/\/www.celttv.com.ar\/\",\"name\":\"CELTTV\",\"description\":\"Cooperativa El\u00e9ctrica de Tornquist\",\"publisher\":{\"@id\":\"https:\/\/www.celttv.com.ar\/#organization\"},\"potentialAction\":[{\"@type\":\"SearchAction\",\"target\":{\"@type\":\"EntryPoint\",\"urlTemplate\":\"https:\/\/www.celttv.com.ar\/?s={search_term_string}\"},\"query-input\":\"required name=search_term_string\"}],\"inLanguage\":\"es\"},{\"@type\":\"Organization\",\"@id\":\"https:\/\/www.celttv.com.ar\/#organization\",\"name\":\"CELTTV\",\"url\":\"https:\/\/www.celttv.com.ar\/\",\"sameAs\":[\"https:\/\/www.youtube.com\/channel\/UCz_oIt8Hig64Ub-EmcNPIhg\",\"https:\/\/www.facebook.com\/celtTV\/\"],\"logo\":{\"@type\":\"ImageObject\",\"inLanguage\":\"es\",\"@id\":\"https:\/\/www.celttv.com.ar\/#\/schema\/logo\/image\/\",\"url\":\"http:\/\/www.celttv.com.ar\/wp-content\/uploads\/2022\/08\/logo-1.png\",\"contentUrl\":\"http:\/\/www.celttv.com.ar\/wp-content\/uploads\/2022\/08\/logo-1.png\",\"width\":461,\"height\":159,\"caption\":\"CELTTV\"},\"image\":{\"@id\":\"https:\/\/www.celttv.com.ar\/#\/schema\/logo\/image\/\"}},{\"@type\":\"Person\",\"@id\":\"https:\/\/www.celttv.com.ar\/#\/schema\/person\/6d99c072dba59953809c81446e9d0ace\",\"name\":\"ulises\",\"image\":{\"@type\":\"ImageObject\",\"inLanguage\":\"es\",\"@id\":\"https:\/\/www.celttv.com.ar\/#\/schema\/person\/image\/\",\"url\":\"https:\/\/secure.gravatar.com\/avatar\/7f2c48bdc33b30088f941fb6082e555f2874c98e20cb159d7b92b50eadfce793?s=96&d=mm&r=g\",\"contentUrl\":\"https:\/\/secure.gravatar.com\/avatar\/7f2c48bdc33b30088f941fb6082e555f2874c98e20cb159d7b92b50eadfce793?s=96&d=mm&r=g\",\"caption\":\"ulises\"},\"sameAs\":[\"http:\/\/www.celttv.com.ar\"]}]}<\/script>\n<!-- \/ Yoast SEO plugin. -->","yoast_head_json":{"title":"BALANCE DEL GRAN PRIX DE AJEDREZ REALIZADO EN TORNQUIST (hablamos con los ajedrecistas locales) - CELTTV","description":"Sitio web de noticias de la localidad de Tornquist, provincia de Buenos Aires, Rep\u00fablica Argentina. Contenido propio originado por periodistas de CELTTV, el canal de TV local de la Cooperativa El\u00e9ctrica de Tornquist. Turismo, Pol\u00edtica, Sociedad, Deporte, Cultura y todo el contenido de inter\u00e9s general que la gente del pueblo y la regi\u00f3n debe conocer.","robots":{"index":"index","follow":"follow","max-snippet":"max-snippet:-1","max-image-preview":"max-image-preview:large","max-video-preview":"max-video-preview:-1"},"canonical":"https:\/\/www.celttv.com.ar\/index.php\/2013\/09\/17\/balance-del-gran-prix-de-ajedrez-realizado-en-tornquist-hablamos-con-los-ajedrecistas-locales\/","og_locale":"es_ES","og_type":"article","og_title":"BALANCE DEL GRAN PRIX DE AJEDREZ REALIZADO EN TORNQUIST (hablamos con los ajedrecistas locales) - CELTTV","og_description":"Sitio web de noticias de la localidad de Tornquist, provincia de Buenos Aires, Rep\u00fablica Argentina. Contenido propio originado por periodistas de CELTTV, el canal de TV local de la Cooperativa El\u00e9ctrica de Tornquist. Turismo, Pol\u00edtica, Sociedad, Deporte, Cultura y todo el contenido de inter\u00e9s general que la gente del pueblo y la regi\u00f3n debe conocer.","og_url":"https:\/\/www.celttv.com.ar\/index.php\/2013\/09\/17\/balance-del-gran-prix-de-ajedrez-realizado-en-tornquist-hablamos-con-los-ajedrecistas-locales\/","og_site_name":"CELTTV","article_publisher":"https:\/\/www.facebook.com\/celtTV\/","article_published_time":"2013-09-17T21:41:30+00:00","author":"ulises","twitter_card":"summary_large_image","twitter_misc":{"Escrito por":"ulises","Tiempo de lectura":"1 minuto"},"schema":{"@context":"https:\/\/schema.org","@graph":[{"@type":"NewsArticle","@id":"https:\/\/www.celttv.com.ar\/index.php\/2013\/09\/17\/balance-del-gran-prix-de-ajedrez-realizado-en-tornquist-hablamos-con-los-ajedrecistas-locales\/#article","isPartOf":{"@id":"https:\/\/www.celttv.com.ar\/index.php\/2013\/09\/17\/balance-del-gran-prix-de-ajedrez-realizado-en-tornquist-hablamos-con-los-ajedrecistas-locales\/"},"author":{"name":"ulises","@id":"https:\/\/www.celttv.com.ar\/#\/schema\/person\/6d99c072dba59953809c81446e9d0ace"},"headline":"BALANCE DEL GRAN PRIX DE AJEDREZ REALIZADO EN TORNQUIST (hablamos con los ajedrecistas locales)","datePublished":"2013-09-17T21:41:30+00:00","dateModified":"2013-09-17T21:41:30+00:00","mainEntityOfPage":{"@id":"https:\/\/www.celttv.com.ar\/index.php\/2013\/09\/17\/balance-del-gran-prix-de-ajedrez-realizado-en-tornquist-hablamos-con-los-ajedrecistas-locales\/"},"wordCount":187,"publisher":{"@id":"https:\/\/www.celttv.com.ar\/#organization"},"articleSection":["Deporte","Destacadas","Videos Destacados"],"inLanguage":"es"},{"@type":"WebPage","@id":"https:\/\/www.celttv.com.ar\/index.php\/2013\/09\/17\/balance-del-gran-prix-de-ajedrez-realizado-en-tornquist-hablamos-con-los-ajedrecistas-locales\/","url":"https:\/\/www.celttv.com.ar\/index.php\/2013\/09\/17\/balance-del-gran-prix-de-ajedrez-realizado-en-tornquist-hablamos-con-los-ajedrecistas-locales\/","name":"BALANCE DEL GRAN PRIX DE AJEDREZ REALIZADO EN TORNQUIST (hablamos con los ajedrecistas locales) - CELTTV","isPartOf":{"@id":"https:\/\/www.celttv.com.ar\/#website"},"datePublished":"2013-09-17T21:41:30+00:00","dateModified":"2013-09-17T21:41:30+00:00","description":"Sitio web de noticias de la localidad de Tornquist, provincia de Buenos Aires, Rep\u00fablica Argentina. Contenido propio originado por periodistas de CELTTV, el canal de TV local de la Cooperativa El\u00e9ctrica de Tornquist. Turismo, Pol\u00edtica, Sociedad, Deporte, Cultura y todo el contenido de inter\u00e9s general que la gente del pueblo y la regi\u00f3n debe conocer.","breadcrumb":{"@id":"https:\/\/www.celttv.com.ar\/index.php\/2013\/09\/17\/balance-del-gran-prix-de-ajedrez-realizado-en-tornquist-hablamos-con-los-ajedrecistas-locales\/#breadcrumb"},"inLanguage":"es","potentialAction":[{"@type":"ReadAction","target":["https:\/\/www.celttv.com.ar\/index.php\/2013\/09\/17\/balance-del-gran-prix-de-ajedrez-realizado-en-tornquist-hablamos-con-los-ajedrecistas-locales\/"]}]},{"@type":"BreadcrumbList","@id":"https:\/\/www.celttv.com.ar\/index.php\/2013\/09\/17\/balance-del-gran-prix-de-ajedrez-realizado-en-tornquist-hablamos-con-los-ajedrecistas-locales\/#breadcrumb","itemListElement":[{"@type":"ListItem","position":1,"name":"Inicio","item":"https:\/\/www.celttv.com.ar\/"},{"@type":"ListItem","position":2,"name":"BALANCE DEL GRAN PRIX DE AJEDREZ REALIZADO EN TORNQUIST (hablamos con los ajedrecistas locales)"}]},{"@type":"WebSite","@id":"https:\/\/www.celttv.com.ar\/#website","url":"https:\/\/www.celttv.com.ar\/","name":"CELTTV","description":"Cooperativa El\u00e9ctrica de Tornquist","publisher":{"@id":"https:\/\/www.celttv.com.ar\/#organization"},"potentialAction":[{"@type":"SearchAction","target":{"@type":"EntryPoint","urlTemplate":"https:\/\/www.celttv.com.ar\/?s={search_term_string}"},"query-input":"required name=search_term_string"}],"inLanguage":"es"},{"@type":"Organization","@id":"https:\/\/www.celttv.com.ar\/#organization","name":"CELTTV","url":"https:\/\/www.celttv.com.ar\/","sameAs":["https:\/\/www.youtube.com\/channel\/UCz_oIt8Hig64Ub-EmcNPIhg","https:\/\/www.facebook.com\/celtTV\/"],"logo":{"@type":"ImageObject","inLanguage":"es","@id":"https:\/\/www.celttv.com.ar\/#\/schema\/logo\/image\/","url":"http:\/\/www.celttv.com.ar\/wp-content\/uploads\/2022\/08\/logo-1.png","contentUrl":"http:\/\/www.celttv.com.ar\/wp-content\/uploads\/2022\/08\/logo-1.png","width":461,"height":159,"caption":"CELTTV"},"image":{"@id":"https:\/\/www.celttv.com.ar\/#\/schema\/logo\/image\/"}},{"@type":"Person","@id":"https:\/\/www.celttv.com.ar\/#\/schema\/person\/6d99c072dba59953809c81446e9d0ace","name":"ulises","image":{"@type":"ImageObject","inLanguage":"es","@id":"https:\/\/www.celttv.com.ar\/#\/schema\/person\/image\/","url":"https:\/\/secure.gravatar.com\/avatar\/7f2c48bdc33b30088f941fb6082e555f2874c98e20cb159d7b92b50eadfce793?s=96&d=mm&r=g","contentUrl":"https:\/\/secure.gravatar.com\/avatar\/7f2c48bdc33b30088f941fb6082e555f2874c98e20cb159d7b92b50eadfce793?s=96&d=mm&r=g","caption":"ulises"},"sameAs":["http:\/\/www.celttv.com.ar"]}]}},"_links":{"self":[{"href":"https:\/\/www.celttv.com.ar\/index.php\/wp-json\/wp\/v2\/posts\/14218","targetHints":{"allow":["GET"]}}],"collection":[{"href":"https:\/\/www.celttv.com.ar\/index.php\/wp-json\/wp\/v2\/posts"}],"about":[{"href":"https:\/\/www.celttv.com.ar\/index.php\/wp-json\/wp\/v2\/types\/post"}],"author":[{"embeddable":true,"href":"https:\/\/www.celttv.com.ar\/index.php\/wp-json\/wp\/v2\/users\/1"}],"replies":[{"embeddable":true,"href":"https:\/\/www.celttv.com.ar\/index.php\/wp-json\/wp\/v2\/comments?post=14218"}],"version-history":[{"count":0,"href":"https:\/\/www.celttv.com.ar\/index.php\/wp-json\/wp\/v2\/posts\/14218\/revisions"}],"wp:attachment":[{"href":"https:\/\/www.celttv.com.ar\/index.php\/wp-json\/wp\/v2\/media?parent=14218"}],"wp:term":[{"taxonomy":"category","embeddable":true,"href":"https:\/\/www.celttv.com.ar\/index.php\/wp-json\/wp\/v2\/categories?post=14218"},{"taxonomy":"post_tag","embeddable":true,"href":"https:\/\/www.celttv.com.ar\/index.php\/wp-json\/wp\/v2\/tags?post=14218"}],"curies":[{"name":"wp","href":"https:\/\/api.w.org\/{rel}","templated":true}]}}