{"id":14299,"date":"2013-09-19T22:49:24","date_gmt":"2013-09-19T22:49:24","guid":{"rendered":"http:\/\/www.tvcnoticias.com.ar\/?p=14299"},"modified":"2013-09-19T22:49:24","modified_gmt":"2013-09-19T22:49:24","slug":"comenzo-una-historica-obra-de-asfalto-en-la-ciudad-cabecera-fotos-videos-y-notas","status":"publish","type":"post","link":"https:\/\/www.celttv.com.ar\/index.php\/2013\/09\/19\/comenzo-una-historica-obra-de-asfalto-en-la-ciudad-cabecera-fotos-videos-y-notas\/","title":{"rendered":"COMENZO UNA HISTORICA OBRA DE ASFALTO EN LA CIUDAD CABECERA (Fotos, videos y notas)"},"content":{"rendered":"<p>Una obra de caracter\u00edsticas hist\u00f3ricas para la ciudad cabecera del distrito comenz\u00f3 a ejecutarse en la ma\u00f1ana de hoy: se trata de la pavimentaci\u00f3n de 58 cuadras, que contribuir\u00e1n a mejorar la calidad de vida de los habitantes.<br \/>\nEl intendente municipal, licenciado Gustavo Trankels, particip\u00f3 del inicio de los trabajos, que cuentan con la financiaci\u00f3n y supervisi\u00f3n t\u00e9cnica de la Direcci\u00f3n de Vialidad\u00a0 de la Provincia de Buenos Aires, se encuentran a cargo de Carreteras 2000 SA y tienen un plazo m\u00e1ximo de seis meses de ejecuci\u00f3n.<br \/>\nEl jefe comunal estuvo acompa\u00f1ado por la jefa de Departamento Zona XI de Vialidad, ingeniera Claudia Rossi; la jefa de Divisi\u00f3n T\u00e9cnica del mismo organismo, ingeniera Zulema Schuler; la secretaria de Obras y Servicios P\u00fablicos de la comuna, arquitecta Anabella Madue\u00f1a; el subsecretario de la misma dependencia, Christian Trankels; y el director de Servicios Urbanos, Alberto Ullmann.<br \/>\n\u201cEste es un gran adelanto para el pueblo, una mejora en la calidad de vida de todos los vecinos, fundamentalmente de los frentistas, pero tambi\u00e9n el resto de la comunidad, que transita por estos lugares. Estamos muy felices. Es una tarea en la cual venimos trabajando hace mucho tiempo y hoy encontramos los resultados\u201d, se\u00f1al\u00f3 el intendente Trankels.<br \/>\n\u201cEste d\u00eda quedar\u00e1 grabado para toda la vida en los frentistas. Incluso, esta obra significar\u00e1, en alg\u00fan sentido, una mejora para quienes siguen viviendo en calle de tierra, debido a que podremos ser m\u00e1s espec\u00edficos y optimizar el riego con los camiones\u201d, destac\u00f3.<br \/>\nTrankels destac\u00f3 la financiaci\u00f3n, que posibilitar\u00e1 la conformaci\u00f3n de un fondo de obra p\u00fablica comunal. Esta herramienta ser\u00e1 muy importante para el futuro, dado que permitir\u00e1 realizar otros trabajos con el recupero del aporte que efectuar\u00e1n los vecinos.<br \/>\n\u201cEsta acci\u00f3n le dar\u00e1 autonom\u00eda al municipio, porque surge a partir de una gesti\u00f3n que realizamos con los gobiernos nacional y provincial, y los fondos los aporta Vialidad de la Provincia. Por eso, nos posibilitar\u00e1 acordar planes de pago f\u00e1ciles de poder afrontar por los vecinos y conformar un fondo solidario, ya que el recupero nos permitir\u00e1 continuar haciendo cuadras de asfalto\u201d, resalt\u00f3 el jefe comunal, quien tambi\u00e9n record\u00f3 las 27 cuadras efectuadas oportunamente.<br \/>\nEl plan se ir\u00e1 extendiendo en las calles que forman parte del programa, que es auditada por t\u00e9cnicos de Vialidad bonaerense.<br \/>\n\u201cPara llegar a esta instancia se realiz\u00f3 mucho trabajo de construcci\u00f3n de badenes y cord\u00f3n cuneta. En este caso, surgieron a partir de otros programas nacionales, como el M\u00e1s Cerca y el Promhib, ya que con el presupuesto municipal hubiese sido imposible afrontarlo\u201d, asegur\u00f3 Trankels.<br \/>\n\u201cQuiero destacar la tarea de la arquitecta Anabella Madue\u00f1a, del personal perteneciente a la Secretar\u00eda de Obras P\u00fablicas municipal, de la Secretar\u00eda de Gobierno y de todas las \u00e1reas que estuvieron coordinando esfuerzos para que los vecinos puedan tener hoy el asfalto\u201d, manifest\u00f3.<br \/>\nAdem\u00e1s, Trankels agradeci\u00f3 a la presidenta Cristina Fern\u00e1ndez, al ministro Julio De Vido, al gobernador Daniel Scioli, al ministro Alejandro Arl\u00eda y a Ricardo Curetti, director provincial de Vialidad, que a trav\u00e9s de diferentes programas permiten cristalizar este sue\u00f1o de los tornquistenses.<br \/>\nEn el d\u00eda de ayer, los t\u00e9cnicos de la Direcci\u00f3n de Vialidad de la Provincia de Buenos Aires tomaron muestras de la base, con el objetivo de analizar que cumplan con las normas necesarias para la ejecuci\u00f3n de la obra.<br \/>\n&nbsp;<br \/>\n<strong>Las cuadras que ser\u00e1n asfaltadas en esta etapa<\/strong><br \/>\n&#8211;\u00a0\u00a0\u00a0\u00a0\u00a0\u00a0\u00a0\u00a0\u00a0 Avenida Independencia, entre calle Italia y avenida Irigoyen.<br \/>\n&#8211;\u00a0\u00a0\u00a0\u00a0\u00a0\u00a0\u00a0\u00a0\u00a0 Avenida General Paz, entre calle Brown y avenida Independencia.<br \/>\n&#8211;\u00a0\u00a0\u00a0\u00a0\u00a0\u00a0\u00a0\u00a0\u00a0 Avenida Ameghino, entre avenida Independencia y avenida Combatientes de Malvinas.<br \/>\n&#8211;\u00a0\u00a0\u00a0\u00a0\u00a0\u00a0\u00a0\u00a0\u00a0 Avenida Alem, entre avenida Libertad y calle Lamela.<br \/>\n&#8211;\u00a0\u00a0\u00a0\u00a0\u00a0\u00a0\u00a0\u00a0\u00a0 Avenida Libertad, entre calle Mitre y calle Valent\u00edn Vergara.<br \/>\n&#8211;\u00a0\u00a0\u00a0\u00a0\u00a0\u00a0\u00a0\u00a0\u00a0 Avenida Sarmiento, entre calle Carbone y calle De los Inmigrantes.<br \/>\n&#8211;\u00a0\u00a0\u00a0\u00a0\u00a0\u00a0\u00a0\u00a0\u00a0 Calle Santiago Amarante, entre calle Brown y avenida Independencia.<br \/>\n&#8211;\u00a0\u00a0\u00a0\u00a0\u00a0\u00a0\u00a0\u00a0\u00a0 Calle Rosa de Tornquist, entre calle Brown y avenida Independencia.<br \/>\n&#8211;\u00a0\u00a0\u00a0\u00a0\u00a0\u00a0\u00a0\u00a0\u00a0 Calle Fidani, entre avenida Belgrano y calle Uriburu.<br \/>\n&#8211;\u00a0\u00a0\u00a0\u00a0\u00a0\u00a0\u00a0\u00a0\u00a0 Calle Uriburu, entre Santiago Amarante y avenida Ameghino.<br \/>\n&#8211;\u00a0\u00a0\u00a0\u00a0\u00a0\u00a0\u00a0\u00a0\u00a0 Calle Carbone, entre avenida Moreno y calle Espa\u00f1a.<br \/>\n&#8211;\u00a0\u00a0\u00a0\u00a0\u00a0\u00a0\u00a0\u00a0\u00a0 Calle Carbone, entre Valent\u00edn Vergara y avenida Sarmiento.<br \/>\n&#8211;\u00a0\u00a0\u00a0\u00a0\u00a0\u00a0\u00a0\u00a0\u00a0 Calle Carbone, entre calle G\u00fcemes y avenida Rivadavia.<br \/>\n&#8211;\u00a0\u00a0\u00a0\u00a0\u00a0\u00a0\u00a0\u00a0\u00a0 Calle De los Inmigrantes, entre Valent\u00edn Vergara y avenida Sarmiento.<br \/>\n&#8211;\u00a0\u00a0\u00a0\u00a0\u00a0\u00a0\u00a0\u00a0\u00a0 Calle Valent\u00edn Vergara, entre calle De los Inmigrantes y calle Safont\u00e1s.<br \/>\n&#8211;\u00a0\u00a0\u00a0\u00a0\u00a0\u00a0\u00a0\u00a0\u00a0 Avenida Independencia, entre avenida Lavalle y avenida Ameghino.<br \/>\n<a href=\"http:\/\/www.youtube.com\/watch?v=IXE08p_8uCE\">httpv:\/\/www.youtube.com\/watch?v=IXE08p_8uCE<\/a><br \/>\n<a href=\"http:\/\/www.youtube.com\/watch?v=BF1yPlqC2Vo\"><a href=\"http:\/\/www.youtube.com\/watch?v=BF1yPlqC2Vo\">httpv:\/\/www.youtube.com\/watch?v=BF1yPlqC2Vo<\/a><\/a><br \/>\n<br \/>\n&nbsp;<\/p>\n","protected":false},"excerpt":{"rendered":"<p>Una obra de caracter\u00edsticas hist\u00f3ricas para la ciudad cabecera del distrito comenz\u00f3 a ejecutarse en la ma\u00f1ana de hoy: se trata de la pavimentaci\u00f3n de 58 cuadras, que contribuir\u00e1n a mejorar la calidad de vida de los habitantes. El intendente municipal, licenciado Gustavo Trankels, particip\u00f3 del inicio de los trabajos, que cuentan con la financiaci\u00f3n [&hellip;]<\/p>\n","protected":false},"author":1,"featured_media":0,"comment_status":"closed","ping_status":"open","sticky":false,"template":"","format":"standard","meta":{"footnotes":""},"categories":[51,52,53,64],"tags":[],"class_list":["post-14299","post","type-post","status-publish","format-standard","hentry","category-comunidad","category-destacadas","category-politica","category-videos-destacados"],"yoast_head":"<!-- This site is optimized with the Yoast SEO plugin v19.7.1 - https:\/\/yoast.com\/wordpress\/plugins\/seo\/ -->\n<title>COMENZO UNA HISTORICA OBRA DE ASFALTO EN LA CIUDAD CABECERA (Fotos, videos y notas) - CELTTV<\/title>\n<meta name=\"description\" content=\"Sitio web de noticias de la localidad de Tornquist, provincia de Buenos Aires, Rep\u00fablica Argentina. Contenido propio originado por periodistas de CELTTV, el canal de TV local de la Cooperativa El\u00e9ctrica de Tornquist. Turismo, Pol\u00edtica, Sociedad, Deporte, Cultura y todo el contenido de inter\u00e9s general que la gente del pueblo y la regi\u00f3n debe conocer.\" \/>\n<meta name=\"robots\" content=\"index, follow, max-snippet:-1, max-image-preview:large, max-video-preview:-1\" \/>\n<link rel=\"canonical\" href=\"https:\/\/www.celttv.com.ar\/index.php\/2013\/09\/19\/comenzo-una-historica-obra-de-asfalto-en-la-ciudad-cabecera-fotos-videos-y-notas\/\" \/>\n<meta property=\"og:locale\" content=\"es_ES\" \/>\n<meta property=\"og:type\" content=\"article\" \/>\n<meta property=\"og:title\" content=\"COMENZO UNA HISTORICA OBRA DE ASFALTO EN LA CIUDAD CABECERA (Fotos, videos y notas) - CELTTV\" \/>\n<meta property=\"og:description\" content=\"Sitio web de noticias de la localidad de Tornquist, provincia de Buenos Aires, Rep\u00fablica Argentina. Contenido propio originado por periodistas de CELTTV, el canal de TV local de la Cooperativa El\u00e9ctrica de Tornquist. Turismo, Pol\u00edtica, Sociedad, Deporte, Cultura y todo el contenido de inter\u00e9s general que la gente del pueblo y la regi\u00f3n debe conocer.\" \/>\n<meta property=\"og:url\" content=\"https:\/\/www.celttv.com.ar\/index.php\/2013\/09\/19\/comenzo-una-historica-obra-de-asfalto-en-la-ciudad-cabecera-fotos-videos-y-notas\/\" \/>\n<meta property=\"og:site_name\" content=\"CELTTV\" \/>\n<meta property=\"article:publisher\" content=\"https:\/\/www.facebook.com\/celtTV\/\" \/>\n<meta property=\"article:published_time\" content=\"2013-09-19T22:49:24+00:00\" \/>\n<meta name=\"author\" content=\"ulises\" \/>\n<meta name=\"twitter:card\" content=\"summary_large_image\" \/>\n<meta name=\"twitter:label1\" content=\"Escrito por\" \/>\n\t<meta name=\"twitter:data1\" content=\"ulises\" \/>\n\t<meta name=\"twitter:label2\" content=\"Tiempo de lectura\" \/>\n\t<meta name=\"twitter:data2\" content=\"4 minutos\" \/>\n<script type=\"application\/ld+json\" class=\"yoast-schema-graph\">{\"@context\":\"https:\/\/schema.org\",\"@graph\":[{\"@type\":\"NewsArticle\",\"@id\":\"https:\/\/www.celttv.com.ar\/index.php\/2013\/09\/19\/comenzo-una-historica-obra-de-asfalto-en-la-ciudad-cabecera-fotos-videos-y-notas\/#article\",\"isPartOf\":{\"@id\":\"https:\/\/www.celttv.com.ar\/index.php\/2013\/09\/19\/comenzo-una-historica-obra-de-asfalto-en-la-ciudad-cabecera-fotos-videos-y-notas\/\"},\"author\":{\"name\":\"ulises\",\"@id\":\"https:\/\/www.celttv.com.ar\/#\/schema\/person\/6d99c072dba59953809c81446e9d0ace\"},\"headline\":\"COMENZO UNA HISTORICA OBRA DE ASFALTO EN LA CIUDAD CABECERA (Fotos, videos y notas)\",\"datePublished\":\"2013-09-19T22:49:24+00:00\",\"dateModified\":\"2013-09-19T22:49:24+00:00\",\"mainEntityOfPage\":{\"@id\":\"https:\/\/www.celttv.com.ar\/index.php\/2013\/09\/19\/comenzo-una-historica-obra-de-asfalto-en-la-ciudad-cabecera-fotos-videos-y-notas\/\"},\"wordCount\":805,\"publisher\":{\"@id\":\"https:\/\/www.celttv.com.ar\/#organization\"},\"articleSection\":[\"Comunidad\",\"Destacadas\",\"Pol\u00edtica\",\"Videos Destacados\"],\"inLanguage\":\"es\"},{\"@type\":\"WebPage\",\"@id\":\"https:\/\/www.celttv.com.ar\/index.php\/2013\/09\/19\/comenzo-una-historica-obra-de-asfalto-en-la-ciudad-cabecera-fotos-videos-y-notas\/\",\"url\":\"https:\/\/www.celttv.com.ar\/index.php\/2013\/09\/19\/comenzo-una-historica-obra-de-asfalto-en-la-ciudad-cabecera-fotos-videos-y-notas\/\",\"name\":\"COMENZO UNA HISTORICA OBRA DE ASFALTO EN LA CIUDAD CABECERA (Fotos, videos y notas) - CELTTV\",\"isPartOf\":{\"@id\":\"https:\/\/www.celttv.com.ar\/#website\"},\"datePublished\":\"2013-09-19T22:49:24+00:00\",\"dateModified\":\"2013-09-19T22:49:24+00:00\",\"description\":\"Sitio web de noticias de la localidad de Tornquist, provincia de Buenos Aires, Rep\u00fablica Argentina. Contenido propio originado por periodistas de CELTTV, el canal de TV local de la Cooperativa El\u00e9ctrica de Tornquist. Turismo, Pol\u00edtica, Sociedad, Deporte, Cultura y todo el contenido de inter\u00e9s general que la gente del pueblo y la regi\u00f3n debe conocer.\",\"breadcrumb\":{\"@id\":\"https:\/\/www.celttv.com.ar\/index.php\/2013\/09\/19\/comenzo-una-historica-obra-de-asfalto-en-la-ciudad-cabecera-fotos-videos-y-notas\/#breadcrumb\"},\"inLanguage\":\"es\",\"potentialAction\":[{\"@type\":\"ReadAction\",\"target\":[\"https:\/\/www.celttv.com.ar\/index.php\/2013\/09\/19\/comenzo-una-historica-obra-de-asfalto-en-la-ciudad-cabecera-fotos-videos-y-notas\/\"]}]},{\"@type\":\"BreadcrumbList\",\"@id\":\"https:\/\/www.celttv.com.ar\/index.php\/2013\/09\/19\/comenzo-una-historica-obra-de-asfalto-en-la-ciudad-cabecera-fotos-videos-y-notas\/#breadcrumb\",\"itemListElement\":[{\"@type\":\"ListItem\",\"position\":1,\"name\":\"Inicio\",\"item\":\"https:\/\/www.celttv.com.ar\/\"},{\"@type\":\"ListItem\",\"position\":2,\"name\":\"COMENZO UNA HISTORICA OBRA DE ASFALTO EN LA CIUDAD CABECERA (Fotos, videos y notas)\"}]},{\"@type\":\"WebSite\",\"@id\":\"https:\/\/www.celttv.com.ar\/#website\",\"url\":\"https:\/\/www.celttv.com.ar\/\",\"name\":\"CELTTV\",\"description\":\"Cooperativa El\u00e9ctrica de Tornquist\",\"publisher\":{\"@id\":\"https:\/\/www.celttv.com.ar\/#organization\"},\"potentialAction\":[{\"@type\":\"SearchAction\",\"target\":{\"@type\":\"EntryPoint\",\"urlTemplate\":\"https:\/\/www.celttv.com.ar\/?s={search_term_string}\"},\"query-input\":\"required name=search_term_string\"}],\"inLanguage\":\"es\"},{\"@type\":\"Organization\",\"@id\":\"https:\/\/www.celttv.com.ar\/#organization\",\"name\":\"CELTTV\",\"url\":\"https:\/\/www.celttv.com.ar\/\",\"sameAs\":[\"https:\/\/www.youtube.com\/channel\/UCz_oIt8Hig64Ub-EmcNPIhg\",\"https:\/\/www.facebook.com\/celtTV\/\"],\"logo\":{\"@type\":\"ImageObject\",\"inLanguage\":\"es\",\"@id\":\"https:\/\/www.celttv.com.ar\/#\/schema\/logo\/image\/\",\"url\":\"http:\/\/www.celttv.com.ar\/wp-content\/uploads\/2022\/08\/logo-1.png\",\"contentUrl\":\"http:\/\/www.celttv.com.ar\/wp-content\/uploads\/2022\/08\/logo-1.png\",\"width\":461,\"height\":159,\"caption\":\"CELTTV\"},\"image\":{\"@id\":\"https:\/\/www.celttv.com.ar\/#\/schema\/logo\/image\/\"}},{\"@type\":\"Person\",\"@id\":\"https:\/\/www.celttv.com.ar\/#\/schema\/person\/6d99c072dba59953809c81446e9d0ace\",\"name\":\"ulises\",\"image\":{\"@type\":\"ImageObject\",\"inLanguage\":\"es\",\"@id\":\"https:\/\/www.celttv.com.ar\/#\/schema\/person\/image\/\",\"url\":\"https:\/\/secure.gravatar.com\/avatar\/7f2c48bdc33b30088f941fb6082e555f2874c98e20cb159d7b92b50eadfce793?s=96&d=mm&r=g\",\"contentUrl\":\"https:\/\/secure.gravatar.com\/avatar\/7f2c48bdc33b30088f941fb6082e555f2874c98e20cb159d7b92b50eadfce793?s=96&d=mm&r=g\",\"caption\":\"ulises\"},\"sameAs\":[\"http:\/\/www.celttv.com.ar\"]}]}<\/script>\n<!-- \/ Yoast SEO plugin. -->","yoast_head_json":{"title":"COMENZO UNA HISTORICA OBRA DE ASFALTO EN LA CIUDAD CABECERA (Fotos, videos y notas) - CELTTV","description":"Sitio web de noticias de la localidad de Tornquist, provincia de Buenos Aires, Rep\u00fablica Argentina. Contenido propio originado por periodistas de CELTTV, el canal de TV local de la Cooperativa El\u00e9ctrica de Tornquist. Turismo, Pol\u00edtica, Sociedad, Deporte, Cultura y todo el contenido de inter\u00e9s general que la gente del pueblo y la regi\u00f3n debe conocer.","robots":{"index":"index","follow":"follow","max-snippet":"max-snippet:-1","max-image-preview":"max-image-preview:large","max-video-preview":"max-video-preview:-1"},"canonical":"https:\/\/www.celttv.com.ar\/index.php\/2013\/09\/19\/comenzo-una-historica-obra-de-asfalto-en-la-ciudad-cabecera-fotos-videos-y-notas\/","og_locale":"es_ES","og_type":"article","og_title":"COMENZO UNA HISTORICA OBRA DE ASFALTO EN LA CIUDAD CABECERA (Fotos, videos y notas) - CELTTV","og_description":"Sitio web de noticias de la localidad de Tornquist, provincia de Buenos Aires, Rep\u00fablica Argentina. Contenido propio originado por periodistas de CELTTV, el canal de TV local de la Cooperativa El\u00e9ctrica de Tornquist. Turismo, Pol\u00edtica, Sociedad, Deporte, Cultura y todo el contenido de inter\u00e9s general que la gente del pueblo y la regi\u00f3n debe conocer.","og_url":"https:\/\/www.celttv.com.ar\/index.php\/2013\/09\/19\/comenzo-una-historica-obra-de-asfalto-en-la-ciudad-cabecera-fotos-videos-y-notas\/","og_site_name":"CELTTV","article_publisher":"https:\/\/www.facebook.com\/celtTV\/","article_published_time":"2013-09-19T22:49:24+00:00","author":"ulises","twitter_card":"summary_large_image","twitter_misc":{"Escrito por":"ulises","Tiempo de lectura":"4 minutos"},"schema":{"@context":"https:\/\/schema.org","@graph":[{"@type":"NewsArticle","@id":"https:\/\/www.celttv.com.ar\/index.php\/2013\/09\/19\/comenzo-una-historica-obra-de-asfalto-en-la-ciudad-cabecera-fotos-videos-y-notas\/#article","isPartOf":{"@id":"https:\/\/www.celttv.com.ar\/index.php\/2013\/09\/19\/comenzo-una-historica-obra-de-asfalto-en-la-ciudad-cabecera-fotos-videos-y-notas\/"},"author":{"name":"ulises","@id":"https:\/\/www.celttv.com.ar\/#\/schema\/person\/6d99c072dba59953809c81446e9d0ace"},"headline":"COMENZO UNA HISTORICA OBRA DE ASFALTO EN LA CIUDAD CABECERA (Fotos, videos y notas)","datePublished":"2013-09-19T22:49:24+00:00","dateModified":"2013-09-19T22:49:24+00:00","mainEntityOfPage":{"@id":"https:\/\/www.celttv.com.ar\/index.php\/2013\/09\/19\/comenzo-una-historica-obra-de-asfalto-en-la-ciudad-cabecera-fotos-videos-y-notas\/"},"wordCount":805,"publisher":{"@id":"https:\/\/www.celttv.com.ar\/#organization"},"articleSection":["Comunidad","Destacadas","Pol\u00edtica","Videos Destacados"],"inLanguage":"es"},{"@type":"WebPage","@id":"https:\/\/www.celttv.com.ar\/index.php\/2013\/09\/19\/comenzo-una-historica-obra-de-asfalto-en-la-ciudad-cabecera-fotos-videos-y-notas\/","url":"https:\/\/www.celttv.com.ar\/index.php\/2013\/09\/19\/comenzo-una-historica-obra-de-asfalto-en-la-ciudad-cabecera-fotos-videos-y-notas\/","name":"COMENZO UNA HISTORICA OBRA DE ASFALTO EN LA CIUDAD CABECERA (Fotos, videos y notas) - CELTTV","isPartOf":{"@id":"https:\/\/www.celttv.com.ar\/#website"},"datePublished":"2013-09-19T22:49:24+00:00","dateModified":"2013-09-19T22:49:24+00:00","description":"Sitio web de noticias de la localidad de Tornquist, provincia de Buenos Aires, Rep\u00fablica Argentina. Contenido propio originado por periodistas de CELTTV, el canal de TV local de la Cooperativa El\u00e9ctrica de Tornquist. Turismo, Pol\u00edtica, Sociedad, Deporte, Cultura y todo el contenido de inter\u00e9s general que la gente del pueblo y la regi\u00f3n debe conocer.","breadcrumb":{"@id":"https:\/\/www.celttv.com.ar\/index.php\/2013\/09\/19\/comenzo-una-historica-obra-de-asfalto-en-la-ciudad-cabecera-fotos-videos-y-notas\/#breadcrumb"},"inLanguage":"es","potentialAction":[{"@type":"ReadAction","target":["https:\/\/www.celttv.com.ar\/index.php\/2013\/09\/19\/comenzo-una-historica-obra-de-asfalto-en-la-ciudad-cabecera-fotos-videos-y-notas\/"]}]},{"@type":"BreadcrumbList","@id":"https:\/\/www.celttv.com.ar\/index.php\/2013\/09\/19\/comenzo-una-historica-obra-de-asfalto-en-la-ciudad-cabecera-fotos-videos-y-notas\/#breadcrumb","itemListElement":[{"@type":"ListItem","position":1,"name":"Inicio","item":"https:\/\/www.celttv.com.ar\/"},{"@type":"ListItem","position":2,"name":"COMENZO UNA HISTORICA OBRA DE ASFALTO EN LA CIUDAD CABECERA (Fotos, videos y notas)"}]},{"@type":"WebSite","@id":"https:\/\/www.celttv.com.ar\/#website","url":"https:\/\/www.celttv.com.ar\/","name":"CELTTV","description":"Cooperativa El\u00e9ctrica de Tornquist","publisher":{"@id":"https:\/\/www.celttv.com.ar\/#organization"},"potentialAction":[{"@type":"SearchAction","target":{"@type":"EntryPoint","urlTemplate":"https:\/\/www.celttv.com.ar\/?s={search_term_string}"},"query-input":"required name=search_term_string"}],"inLanguage":"es"},{"@type":"Organization","@id":"https:\/\/www.celttv.com.ar\/#organization","name":"CELTTV","url":"https:\/\/www.celttv.com.ar\/","sameAs":["https:\/\/www.youtube.com\/channel\/UCz_oIt8Hig64Ub-EmcNPIhg","https:\/\/www.facebook.com\/celtTV\/"],"logo":{"@type":"ImageObject","inLanguage":"es","@id":"https:\/\/www.celttv.com.ar\/#\/schema\/logo\/image\/","url":"http:\/\/www.celttv.com.ar\/wp-content\/uploads\/2022\/08\/logo-1.png","contentUrl":"http:\/\/www.celttv.com.ar\/wp-content\/uploads\/2022\/08\/logo-1.png","width":461,"height":159,"caption":"CELTTV"},"image":{"@id":"https:\/\/www.celttv.com.ar\/#\/schema\/logo\/image\/"}},{"@type":"Person","@id":"https:\/\/www.celttv.com.ar\/#\/schema\/person\/6d99c072dba59953809c81446e9d0ace","name":"ulises","image":{"@type":"ImageObject","inLanguage":"es","@id":"https:\/\/www.celttv.com.ar\/#\/schema\/person\/image\/","url":"https:\/\/secure.gravatar.com\/avatar\/7f2c48bdc33b30088f941fb6082e555f2874c98e20cb159d7b92b50eadfce793?s=96&d=mm&r=g","contentUrl":"https:\/\/secure.gravatar.com\/avatar\/7f2c48bdc33b30088f941fb6082e555f2874c98e20cb159d7b92b50eadfce793?s=96&d=mm&r=g","caption":"ulises"},"sameAs":["http:\/\/www.celttv.com.ar"]}]}},"_links":{"self":[{"href":"https:\/\/www.celttv.com.ar\/index.php\/wp-json\/wp\/v2\/posts\/14299","targetHints":{"allow":["GET"]}}],"collection":[{"href":"https:\/\/www.celttv.com.ar\/index.php\/wp-json\/wp\/v2\/posts"}],"about":[{"href":"https:\/\/www.celttv.com.ar\/index.php\/wp-json\/wp\/v2\/types\/post"}],"author":[{"embeddable":true,"href":"https:\/\/www.celttv.com.ar\/index.php\/wp-json\/wp\/v2\/users\/1"}],"replies":[{"embeddable":true,"href":"https:\/\/www.celttv.com.ar\/index.php\/wp-json\/wp\/v2\/comments?post=14299"}],"version-history":[{"count":0,"href":"https:\/\/www.celttv.com.ar\/index.php\/wp-json\/wp\/v2\/posts\/14299\/revisions"}],"wp:attachment":[{"href":"https:\/\/www.celttv.com.ar\/index.php\/wp-json\/wp\/v2\/media?parent=14299"}],"wp:term":[{"taxonomy":"category","embeddable":true,"href":"https:\/\/www.celttv.com.ar\/index.php\/wp-json\/wp\/v2\/categories?post=14299"},{"taxonomy":"post_tag","embeddable":true,"href":"https:\/\/www.celttv.com.ar\/index.php\/wp-json\/wp\/v2\/tags?post=14299"}],"curies":[{"name":"wp","href":"https:\/\/api.w.org\/{rel}","templated":true}]}}