{"id":14363,"date":"2013-09-23T12:31:07","date_gmt":"2013-09-23T12:31:07","guid":{"rendered":"http:\/\/www.tvcnoticias.com.ar\/?p=14363"},"modified":"2013-09-23T12:31:07","modified_gmt":"2013-09-23T12:31:07","slug":"educacion-la-escuela-tecnica-tendra-su-especialidad-a-partir-de-2014-video-y-notas","status":"publish","type":"post","link":"https:\/\/www.celttv.com.ar\/index.php\/2013\/09\/23\/educacion-la-escuela-tecnica-tendra-su-especialidad-a-partir-de-2014-video-y-notas\/","title":{"rendered":"EDUCACION: LA ESCUELA TECNICA TENDRA SU ESPECIALIDAD A PARTIR DE 2014 (video y notas)"},"content":{"rendered":"<h1><span style=\"font-size: 13px; font-weight: normal;\">Luego de mantener una reuni\u00f3n de trabajo con el intendente municipal, licenciado Gustavo Trankels, autoridades educativas a nivel provincial y regional anunciaron la decisi\u00f3n de implementar, a partir del ciclo lectivo 2014, la primera especialidad en la Escuela de Educaci\u00f3n Secundaria T\u00e9cnica N\u00b0 1.<\/span><\/h1>\n<p>La excelente noticia para el \u00e1mbito educativo del distrito fue brindada despu\u00e9s del encuentro, que cont\u00f3 con la participaci\u00f3n del director provincial de Educaci\u00f3n T\u00e9cnica, profesor Gerardo Marchesini; la Inspectora Jefe Regional, profesora Dina Balma; la Inspectora Jefe Distrital, profesora Ana Skolak; y el Inspector de Escuelas T\u00e9cnicas de la zona, profesor Horacio Killing. Por parte del municipio, tambi\u00e9n estuvieron el secretario de Gobierno y Hacienda, Guillermo L\u00f6ffler, y el director de Producci\u00f3n y Medio Ambiente, V\u00edctor Ant\u00f3n.<br \/>\n<a href=\"http:\/\/www.youtube.com\/watch?v=DsPn2ZYXOgk\"><a href=\"http:\/\/www.youtube.com\/watch?v=DsPn2ZYXOgk\">httpv:\/\/www.youtube.com\/watch?v=DsPn2ZYXOgk<\/a><\/a><br \/>\n<a href=\"http:\/\/www.youtube.com\/watch?v=XdBxPlkvYTM\"><a href=\"http:\/\/www.youtube.com\/watch?v=XdBxPlkvYTM\">httpv:\/\/www.youtube.com\/watch?v=XdBxPlkvYTM<\/a><\/a><br \/>\n<a href=\"http:\/\/www.youtube.com\/watch?v=sQt_eq5x1n0\"><a href=\"http:\/\/www.youtube.com\/watch?v=sQt_eq5x1n0\">httpv:\/\/www.youtube.com\/watch?v=sQt_eq5x1n0<\/a><\/a><br \/>\n<a href=\"http:\/\/www.youtube.com\/watch?v=jmtjkfOlzks\"><a href=\"http:\/\/www.youtube.com\/watch?v=jmtjkfOlzks\">httpv:\/\/www.youtube.com\/watch?v=jmtjkfOlzks<\/a><\/a><br \/>\n&nbsp;<br \/>\n&nbsp;<\/p>\n","protected":false},"excerpt":{"rendered":"<p>Luego de mantener una reuni\u00f3n de trabajo con el intendente municipal, licenciado Gustavo Trankels, autoridades educativas a nivel provincial y regional anunciaron la decisi\u00f3n de implementar, a partir del ciclo lectivo 2014, la primera especialidad en la Escuela de Educaci\u00f3n Secundaria T\u00e9cnica N\u00b0 1. La excelente noticia para el \u00e1mbito educativo del distrito fue brindada [&hellip;]<\/p>\n","protected":false},"author":1,"featured_media":0,"comment_status":"closed","ping_status":"open","sticky":false,"template":"","format":"standard","meta":{"footnotes":""},"categories":[51,52,53,64],"tags":[],"class_list":["post-14363","post","type-post","status-publish","format-standard","hentry","category-comunidad","category-destacadas","category-politica","category-videos-destacados"],"yoast_head":"<!-- This site is optimized with the Yoast SEO plugin v19.7.1 - https:\/\/yoast.com\/wordpress\/plugins\/seo\/ -->\n<title>EDUCACION: LA ESCUELA TECNICA TENDRA SU ESPECIALIDAD A PARTIR DE 2014 (video y notas) - CELTTV<\/title>\n<meta name=\"description\" content=\"Sitio web de noticias de la localidad de Tornquist, provincia de Buenos Aires, Rep\u00fablica Argentina. Contenido propio originado por periodistas de CELTTV, el canal de TV local de la Cooperativa El\u00e9ctrica de Tornquist. Turismo, Pol\u00edtica, Sociedad, Deporte, Cultura y todo el contenido de inter\u00e9s general que la gente del pueblo y la regi\u00f3n debe conocer.\" \/>\n<meta name=\"robots\" content=\"index, follow, max-snippet:-1, max-image-preview:large, max-video-preview:-1\" \/>\n<link rel=\"canonical\" href=\"https:\/\/www.celttv.com.ar\/index.php\/2013\/09\/23\/educacion-la-escuela-tecnica-tendra-su-especialidad-a-partir-de-2014-video-y-notas\/\" \/>\n<meta property=\"og:locale\" content=\"es_ES\" \/>\n<meta property=\"og:type\" content=\"article\" \/>\n<meta property=\"og:title\" content=\"EDUCACION: LA ESCUELA TECNICA TENDRA SU ESPECIALIDAD A PARTIR DE 2014 (video y notas) - CELTTV\" \/>\n<meta property=\"og:description\" content=\"Sitio web de noticias de la localidad de Tornquist, provincia de Buenos Aires, Rep\u00fablica Argentina. Contenido propio originado por periodistas de CELTTV, el canal de TV local de la Cooperativa El\u00e9ctrica de Tornquist. Turismo, Pol\u00edtica, Sociedad, Deporte, Cultura y todo el contenido de inter\u00e9s general que la gente del pueblo y la regi\u00f3n debe conocer.\" \/>\n<meta property=\"og:url\" content=\"https:\/\/www.celttv.com.ar\/index.php\/2013\/09\/23\/educacion-la-escuela-tecnica-tendra-su-especialidad-a-partir-de-2014-video-y-notas\/\" \/>\n<meta property=\"og:site_name\" content=\"CELTTV\" \/>\n<meta property=\"article:publisher\" content=\"https:\/\/www.facebook.com\/celtTV\/\" \/>\n<meta property=\"article:published_time\" content=\"2013-09-23T12:31:07+00:00\" \/>\n<meta name=\"author\" content=\"ulises\" \/>\n<meta name=\"twitter:card\" content=\"summary_large_image\" \/>\n<meta name=\"twitter:label1\" content=\"Escrito por\" \/>\n\t<meta name=\"twitter:data1\" content=\"ulises\" \/>\n\t<meta name=\"twitter:label2\" content=\"Tiempo de lectura\" \/>\n\t<meta name=\"twitter:data2\" content=\"1 minuto\" \/>\n<script type=\"application\/ld+json\" class=\"yoast-schema-graph\">{\"@context\":\"https:\/\/schema.org\",\"@graph\":[{\"@type\":\"NewsArticle\",\"@id\":\"https:\/\/www.celttv.com.ar\/index.php\/2013\/09\/23\/educacion-la-escuela-tecnica-tendra-su-especialidad-a-partir-de-2014-video-y-notas\/#article\",\"isPartOf\":{\"@id\":\"https:\/\/www.celttv.com.ar\/index.php\/2013\/09\/23\/educacion-la-escuela-tecnica-tendra-su-especialidad-a-partir-de-2014-video-y-notas\/\"},\"author\":{\"name\":\"ulises\",\"@id\":\"https:\/\/www.celttv.com.ar\/#\/schema\/person\/6d99c072dba59953809c81446e9d0ace\"},\"headline\":\"EDUCACION: LA ESCUELA TECNICA TENDRA SU ESPECIALIDAD A PARTIR DE 2014 (video y notas)\",\"datePublished\":\"2013-09-23T12:31:07+00:00\",\"dateModified\":\"2013-09-23T12:31:07+00:00\",\"mainEntityOfPage\":{\"@id\":\"https:\/\/www.celttv.com.ar\/index.php\/2013\/09\/23\/educacion-la-escuela-tecnica-tendra-su-especialidad-a-partir-de-2014-video-y-notas\/\"},\"wordCount\":181,\"publisher\":{\"@id\":\"https:\/\/www.celttv.com.ar\/#organization\"},\"articleSection\":[\"Comunidad\",\"Destacadas\",\"Pol\u00edtica\",\"Videos Destacados\"],\"inLanguage\":\"es\"},{\"@type\":\"WebPage\",\"@id\":\"https:\/\/www.celttv.com.ar\/index.php\/2013\/09\/23\/educacion-la-escuela-tecnica-tendra-su-especialidad-a-partir-de-2014-video-y-notas\/\",\"url\":\"https:\/\/www.celttv.com.ar\/index.php\/2013\/09\/23\/educacion-la-escuela-tecnica-tendra-su-especialidad-a-partir-de-2014-video-y-notas\/\",\"name\":\"EDUCACION: LA ESCUELA TECNICA TENDRA SU ESPECIALIDAD A PARTIR DE 2014 (video y notas) - CELTTV\",\"isPartOf\":{\"@id\":\"https:\/\/www.celttv.com.ar\/#website\"},\"datePublished\":\"2013-09-23T12:31:07+00:00\",\"dateModified\":\"2013-09-23T12:31:07+00:00\",\"description\":\"Sitio web de noticias de la localidad de Tornquist, provincia de Buenos Aires, Rep\u00fablica Argentina. Contenido propio originado por periodistas de CELTTV, el canal de TV local de la Cooperativa El\u00e9ctrica de Tornquist. Turismo, Pol\u00edtica, Sociedad, Deporte, Cultura y todo el contenido de inter\u00e9s general que la gente del pueblo y la regi\u00f3n debe conocer.\",\"breadcrumb\":{\"@id\":\"https:\/\/www.celttv.com.ar\/index.php\/2013\/09\/23\/educacion-la-escuela-tecnica-tendra-su-especialidad-a-partir-de-2014-video-y-notas\/#breadcrumb\"},\"inLanguage\":\"es\",\"potentialAction\":[{\"@type\":\"ReadAction\",\"target\":[\"https:\/\/www.celttv.com.ar\/index.php\/2013\/09\/23\/educacion-la-escuela-tecnica-tendra-su-especialidad-a-partir-de-2014-video-y-notas\/\"]}]},{\"@type\":\"BreadcrumbList\",\"@id\":\"https:\/\/www.celttv.com.ar\/index.php\/2013\/09\/23\/educacion-la-escuela-tecnica-tendra-su-especialidad-a-partir-de-2014-video-y-notas\/#breadcrumb\",\"itemListElement\":[{\"@type\":\"ListItem\",\"position\":1,\"name\":\"Inicio\",\"item\":\"https:\/\/www.celttv.com.ar\/\"},{\"@type\":\"ListItem\",\"position\":2,\"name\":\"EDUCACION: LA ESCUELA TECNICA TENDRA SU ESPECIALIDAD A PARTIR DE 2014 (video y notas)\"}]},{\"@type\":\"WebSite\",\"@id\":\"https:\/\/www.celttv.com.ar\/#website\",\"url\":\"https:\/\/www.celttv.com.ar\/\",\"name\":\"CELTTV\",\"description\":\"Cooperativa El\u00e9ctrica de Tornquist\",\"publisher\":{\"@id\":\"https:\/\/www.celttv.com.ar\/#organization\"},\"potentialAction\":[{\"@type\":\"SearchAction\",\"target\":{\"@type\":\"EntryPoint\",\"urlTemplate\":\"https:\/\/www.celttv.com.ar\/?s={search_term_string}\"},\"query-input\":\"required name=search_term_string\"}],\"inLanguage\":\"es\"},{\"@type\":\"Organization\",\"@id\":\"https:\/\/www.celttv.com.ar\/#organization\",\"name\":\"CELTTV\",\"url\":\"https:\/\/www.celttv.com.ar\/\",\"sameAs\":[\"https:\/\/www.youtube.com\/channel\/UCz_oIt8Hig64Ub-EmcNPIhg\",\"https:\/\/www.facebook.com\/celtTV\/\"],\"logo\":{\"@type\":\"ImageObject\",\"inLanguage\":\"es\",\"@id\":\"https:\/\/www.celttv.com.ar\/#\/schema\/logo\/image\/\",\"url\":\"http:\/\/www.celttv.com.ar\/wp-content\/uploads\/2022\/08\/logo-1.png\",\"contentUrl\":\"http:\/\/www.celttv.com.ar\/wp-content\/uploads\/2022\/08\/logo-1.png\",\"width\":461,\"height\":159,\"caption\":\"CELTTV\"},\"image\":{\"@id\":\"https:\/\/www.celttv.com.ar\/#\/schema\/logo\/image\/\"}},{\"@type\":\"Person\",\"@id\":\"https:\/\/www.celttv.com.ar\/#\/schema\/person\/6d99c072dba59953809c81446e9d0ace\",\"name\":\"ulises\",\"image\":{\"@type\":\"ImageObject\",\"inLanguage\":\"es\",\"@id\":\"https:\/\/www.celttv.com.ar\/#\/schema\/person\/image\/\",\"url\":\"https:\/\/secure.gravatar.com\/avatar\/7f2c48bdc33b30088f941fb6082e555f2874c98e20cb159d7b92b50eadfce793?s=96&d=mm&r=g\",\"contentUrl\":\"https:\/\/secure.gravatar.com\/avatar\/7f2c48bdc33b30088f941fb6082e555f2874c98e20cb159d7b92b50eadfce793?s=96&d=mm&r=g\",\"caption\":\"ulises\"},\"sameAs\":[\"http:\/\/www.celttv.com.ar\"]}]}<\/script>\n<!-- \/ Yoast SEO plugin. -->","yoast_head_json":{"title":"EDUCACION: LA ESCUELA TECNICA TENDRA SU ESPECIALIDAD A PARTIR DE 2014 (video y notas) - CELTTV","description":"Sitio web de noticias de la localidad de Tornquist, provincia de Buenos Aires, Rep\u00fablica Argentina. Contenido propio originado por periodistas de CELTTV, el canal de TV local de la Cooperativa El\u00e9ctrica de Tornquist. Turismo, Pol\u00edtica, Sociedad, Deporte, Cultura y todo el contenido de inter\u00e9s general que la gente del pueblo y la regi\u00f3n debe conocer.","robots":{"index":"index","follow":"follow","max-snippet":"max-snippet:-1","max-image-preview":"max-image-preview:large","max-video-preview":"max-video-preview:-1"},"canonical":"https:\/\/www.celttv.com.ar\/index.php\/2013\/09\/23\/educacion-la-escuela-tecnica-tendra-su-especialidad-a-partir-de-2014-video-y-notas\/","og_locale":"es_ES","og_type":"article","og_title":"EDUCACION: LA ESCUELA TECNICA TENDRA SU ESPECIALIDAD A PARTIR DE 2014 (video y notas) - CELTTV","og_description":"Sitio web de noticias de la localidad de Tornquist, provincia de Buenos Aires, Rep\u00fablica Argentina. Contenido propio originado por periodistas de CELTTV, el canal de TV local de la Cooperativa El\u00e9ctrica de Tornquist. Turismo, Pol\u00edtica, Sociedad, Deporte, Cultura y todo el contenido de inter\u00e9s general que la gente del pueblo y la regi\u00f3n debe conocer.","og_url":"https:\/\/www.celttv.com.ar\/index.php\/2013\/09\/23\/educacion-la-escuela-tecnica-tendra-su-especialidad-a-partir-de-2014-video-y-notas\/","og_site_name":"CELTTV","article_publisher":"https:\/\/www.facebook.com\/celtTV\/","article_published_time":"2013-09-23T12:31:07+00:00","author":"ulises","twitter_card":"summary_large_image","twitter_misc":{"Escrito por":"ulises","Tiempo de lectura":"1 minuto"},"schema":{"@context":"https:\/\/schema.org","@graph":[{"@type":"NewsArticle","@id":"https:\/\/www.celttv.com.ar\/index.php\/2013\/09\/23\/educacion-la-escuela-tecnica-tendra-su-especialidad-a-partir-de-2014-video-y-notas\/#article","isPartOf":{"@id":"https:\/\/www.celttv.com.ar\/index.php\/2013\/09\/23\/educacion-la-escuela-tecnica-tendra-su-especialidad-a-partir-de-2014-video-y-notas\/"},"author":{"name":"ulises","@id":"https:\/\/www.celttv.com.ar\/#\/schema\/person\/6d99c072dba59953809c81446e9d0ace"},"headline":"EDUCACION: LA ESCUELA TECNICA TENDRA SU ESPECIALIDAD A PARTIR DE 2014 (video y notas)","datePublished":"2013-09-23T12:31:07+00:00","dateModified":"2013-09-23T12:31:07+00:00","mainEntityOfPage":{"@id":"https:\/\/www.celttv.com.ar\/index.php\/2013\/09\/23\/educacion-la-escuela-tecnica-tendra-su-especialidad-a-partir-de-2014-video-y-notas\/"},"wordCount":181,"publisher":{"@id":"https:\/\/www.celttv.com.ar\/#organization"},"articleSection":["Comunidad","Destacadas","Pol\u00edtica","Videos Destacados"],"inLanguage":"es"},{"@type":"WebPage","@id":"https:\/\/www.celttv.com.ar\/index.php\/2013\/09\/23\/educacion-la-escuela-tecnica-tendra-su-especialidad-a-partir-de-2014-video-y-notas\/","url":"https:\/\/www.celttv.com.ar\/index.php\/2013\/09\/23\/educacion-la-escuela-tecnica-tendra-su-especialidad-a-partir-de-2014-video-y-notas\/","name":"EDUCACION: LA ESCUELA TECNICA TENDRA SU ESPECIALIDAD A PARTIR DE 2014 (video y notas) - CELTTV","isPartOf":{"@id":"https:\/\/www.celttv.com.ar\/#website"},"datePublished":"2013-09-23T12:31:07+00:00","dateModified":"2013-09-23T12:31:07+00:00","description":"Sitio web de noticias de la localidad de Tornquist, provincia de Buenos Aires, Rep\u00fablica Argentina. Contenido propio originado por periodistas de CELTTV, el canal de TV local de la Cooperativa El\u00e9ctrica de Tornquist. Turismo, Pol\u00edtica, Sociedad, Deporte, Cultura y todo el contenido de inter\u00e9s general que la gente del pueblo y la regi\u00f3n debe conocer.","breadcrumb":{"@id":"https:\/\/www.celttv.com.ar\/index.php\/2013\/09\/23\/educacion-la-escuela-tecnica-tendra-su-especialidad-a-partir-de-2014-video-y-notas\/#breadcrumb"},"inLanguage":"es","potentialAction":[{"@type":"ReadAction","target":["https:\/\/www.celttv.com.ar\/index.php\/2013\/09\/23\/educacion-la-escuela-tecnica-tendra-su-especialidad-a-partir-de-2014-video-y-notas\/"]}]},{"@type":"BreadcrumbList","@id":"https:\/\/www.celttv.com.ar\/index.php\/2013\/09\/23\/educacion-la-escuela-tecnica-tendra-su-especialidad-a-partir-de-2014-video-y-notas\/#breadcrumb","itemListElement":[{"@type":"ListItem","position":1,"name":"Inicio","item":"https:\/\/www.celttv.com.ar\/"},{"@type":"ListItem","position":2,"name":"EDUCACION: LA ESCUELA TECNICA TENDRA SU ESPECIALIDAD A PARTIR DE 2014 (video y notas)"}]},{"@type":"WebSite","@id":"https:\/\/www.celttv.com.ar\/#website","url":"https:\/\/www.celttv.com.ar\/","name":"CELTTV","description":"Cooperativa El\u00e9ctrica de Tornquist","publisher":{"@id":"https:\/\/www.celttv.com.ar\/#organization"},"potentialAction":[{"@type":"SearchAction","target":{"@type":"EntryPoint","urlTemplate":"https:\/\/www.celttv.com.ar\/?s={search_term_string}"},"query-input":"required name=search_term_string"}],"inLanguage":"es"},{"@type":"Organization","@id":"https:\/\/www.celttv.com.ar\/#organization","name":"CELTTV","url":"https:\/\/www.celttv.com.ar\/","sameAs":["https:\/\/www.youtube.com\/channel\/UCz_oIt8Hig64Ub-EmcNPIhg","https:\/\/www.facebook.com\/celtTV\/"],"logo":{"@type":"ImageObject","inLanguage":"es","@id":"https:\/\/www.celttv.com.ar\/#\/schema\/logo\/image\/","url":"http:\/\/www.celttv.com.ar\/wp-content\/uploads\/2022\/08\/logo-1.png","contentUrl":"http:\/\/www.celttv.com.ar\/wp-content\/uploads\/2022\/08\/logo-1.png","width":461,"height":159,"caption":"CELTTV"},"image":{"@id":"https:\/\/www.celttv.com.ar\/#\/schema\/logo\/image\/"}},{"@type":"Person","@id":"https:\/\/www.celttv.com.ar\/#\/schema\/person\/6d99c072dba59953809c81446e9d0ace","name":"ulises","image":{"@type":"ImageObject","inLanguage":"es","@id":"https:\/\/www.celttv.com.ar\/#\/schema\/person\/image\/","url":"https:\/\/secure.gravatar.com\/avatar\/7f2c48bdc33b30088f941fb6082e555f2874c98e20cb159d7b92b50eadfce793?s=96&d=mm&r=g","contentUrl":"https:\/\/secure.gravatar.com\/avatar\/7f2c48bdc33b30088f941fb6082e555f2874c98e20cb159d7b92b50eadfce793?s=96&d=mm&r=g","caption":"ulises"},"sameAs":["http:\/\/www.celttv.com.ar"]}]}},"_links":{"self":[{"href":"https:\/\/www.celttv.com.ar\/index.php\/wp-json\/wp\/v2\/posts\/14363","targetHints":{"allow":["GET"]}}],"collection":[{"href":"https:\/\/www.celttv.com.ar\/index.php\/wp-json\/wp\/v2\/posts"}],"about":[{"href":"https:\/\/www.celttv.com.ar\/index.php\/wp-json\/wp\/v2\/types\/post"}],"author":[{"embeddable":true,"href":"https:\/\/www.celttv.com.ar\/index.php\/wp-json\/wp\/v2\/users\/1"}],"replies":[{"embeddable":true,"href":"https:\/\/www.celttv.com.ar\/index.php\/wp-json\/wp\/v2\/comments?post=14363"}],"version-history":[{"count":0,"href":"https:\/\/www.celttv.com.ar\/index.php\/wp-json\/wp\/v2\/posts\/14363\/revisions"}],"wp:attachment":[{"href":"https:\/\/www.celttv.com.ar\/index.php\/wp-json\/wp\/v2\/media?parent=14363"}],"wp:term":[{"taxonomy":"category","embeddable":true,"href":"https:\/\/www.celttv.com.ar\/index.php\/wp-json\/wp\/v2\/categories?post=14363"},{"taxonomy":"post_tag","embeddable":true,"href":"https:\/\/www.celttv.com.ar\/index.php\/wp-json\/wp\/v2\/tags?post=14363"}],"curies":[{"name":"wp","href":"https:\/\/api.w.org\/{rel}","templated":true}]}}