{"id":14368,"date":"2013-09-23T12:50:26","date_gmt":"2013-09-23T12:50:26","guid":{"rendered":"http:\/\/www.tvcnoticias.com.ar\/?p=14368"},"modified":"2013-09-23T12:50:26","modified_gmt":"2013-09-23T12:50:26","slug":"la-nueva-bicisenda-de-tornquist-comienza-a-ser-una-realidad","status":"publish","type":"post","link":"https:\/\/www.celttv.com.ar\/index.php\/2013\/09\/23\/la-nueva-bicisenda-de-tornquist-comienza-a-ser-una-realidad\/","title":{"rendered":"LA NUEVA BICISENDA DE TORNQUIST COMIENZA A SER UNA REALIDAD"},"content":{"rendered":"<p><br \/>\nCon la ejecuci\u00f3n de los 100 primeros metros de hormig\u00f3n armado, se inici\u00f3 la construcci\u00f3n de una bicisenda en uno de los accesos a la ciudad cabecera del distrito, obra que embellecer\u00e1 el ingreso y mejorar\u00e1 un sector que muchos vecinos eligen para realizar sus actividades f\u00edsicas o recreativas.<br \/>\nEl intendente municipal, licenciado Gustavo Trankels, recorri\u00f3 la obra, que tendr\u00e1 una extensi\u00f3n de m\u00e1s dos kil\u00f3metros y unir\u00e1 el Parque Lineal con la ruta provincial 76, a escasos metros del ex Hogar Ceferino Namuncur\u00e1. De este modo, el paseo totalizar\u00e1 m\u00e1s de tres kil\u00f3metros, debido a que se unir\u00e1 con la existente en la actualidad.<br \/>\nEl jefe comunal estuvo acompa\u00f1ado por la secretaria de Obras y Servicios P\u00fablicos de la comuna, arquitecta Anabella Madue\u00f1a; el secretario de Gobierno y Hacienda, Guillermo L\u00f6ffler; y el director de Servicios Urbanos, Alberto Ullmann.<br \/>\n\u201cEl trayecto cambiar\u00e1 notoriamente la fisonom\u00eda del lugar, mejorar\u00e1 el acceso al pueblo y ser\u00e1 un lugar de esparcimiento para el vecino, porque tiene una vista muy bonita. Existiendo una cinta de hormig\u00f3n como la que se est\u00e1 construyendo, que tambi\u00e9n tendr\u00e1 alumbrado p\u00fablico, ser\u00e1 un lugar para disfrutar en plenitud\u201d, consider\u00f3 Trankels.<br \/>\n\u201cAdem\u00e1s, cumplir\u00e1 una funci\u00f3n muy importante: vincular\u00e1 la ciudad con dos centros de estudios, como son la Escuela T\u00e9cnica y el Centro de Formaci\u00f3n Profesional. Muchos chicos y docentes que hacen este trayecto en bicicleta o caminando, lo podr\u00e1n hacer por un lugar seguro y resguardado de la ruta\u201d, se\u00f1al\u00f3.<br \/>\nPara la cristalizaci\u00f3n del proyecto, la Municipalidad de Tornquist cont\u00f3 con el asesoramiento t\u00e9cnico de la Direcci\u00f3n de Vialidad de la Provincia de Buenos Aires.<br \/>\n\u201cEn cuanto a la cinta de hormig\u00f3n y las columnas de alumbrado bajo, el proyecto ser\u00e1 de similares caracter\u00edsticas al de Sierra de la Ventana, con cableado subterr\u00e1neo. En este caso, sobre la mano de enfrente contaremos con otra obra de iluminaci\u00f3n, con columnas altas de alumbrado, que se repartir\u00e1n en el trayecto entre los establecimientos educativos y el sector del Hospital Municipal\u201d, explic\u00f3.<br \/>\nTrankels destac\u00f3 el acompa\u00f1amiento y la colaboraci\u00f3n de diferentes organismos nacionales y provinciales en el desarrollo y ejecuci\u00f3n de la obra. En este sentido, agradeci\u00f3 a la presidenta Cristina Fern\u00e1ndez, al gobernador Daniel Scioli y a los integrantes de sus respectivos equipos, por brindar las herramientas necesarias para continuar desarrollando y mejorando nuestro distrito.<br \/>\n&nbsp;<\/p>\n","protected":false},"excerpt":{"rendered":"<p>Con la ejecuci\u00f3n de los 100 primeros metros de hormig\u00f3n armado, se inici\u00f3 la construcci\u00f3n de una bicisenda en uno de los accesos a la ciudad cabecera del distrito, obra que embellecer\u00e1 el ingreso y mejorar\u00e1 un sector que muchos vecinos eligen para realizar sus actividades f\u00edsicas o recreativas. El intendente municipal, licenciado Gustavo Trankels, [&hellip;]<\/p>\n","protected":false},"author":1,"featured_media":0,"comment_status":"closed","ping_status":"open","sticky":false,"template":"","format":"standard","meta":{"footnotes":""},"categories":[51,52,53],"tags":[],"class_list":["post-14368","post","type-post","status-publish","format-standard","hentry","category-comunidad","category-destacadas","category-politica"],"yoast_head":"<!-- This site is optimized with the Yoast SEO plugin v19.7.1 - https:\/\/yoast.com\/wordpress\/plugins\/seo\/ -->\n<title>LA NUEVA BICISENDA DE TORNQUIST COMIENZA A SER UNA REALIDAD - CELTTV<\/title>\n<meta name=\"description\" content=\"Sitio web de noticias de la localidad de Tornquist, provincia de Buenos Aires, Rep\u00fablica Argentina. Contenido propio originado por periodistas de CELTTV, el canal de TV local de la Cooperativa El\u00e9ctrica de Tornquist. Turismo, Pol\u00edtica, Sociedad, Deporte, Cultura y todo el contenido de inter\u00e9s general que la gente del pueblo y la regi\u00f3n debe conocer.\" \/>\n<meta name=\"robots\" content=\"index, follow, max-snippet:-1, max-image-preview:large, max-video-preview:-1\" \/>\n<link rel=\"canonical\" href=\"https:\/\/www.celttv.com.ar\/index.php\/2013\/09\/23\/la-nueva-bicisenda-de-tornquist-comienza-a-ser-una-realidad\/\" \/>\n<meta property=\"og:locale\" content=\"es_ES\" \/>\n<meta property=\"og:type\" content=\"article\" \/>\n<meta property=\"og:title\" content=\"LA NUEVA BICISENDA DE TORNQUIST COMIENZA A SER UNA REALIDAD - CELTTV\" \/>\n<meta property=\"og:description\" content=\"Sitio web de noticias de la localidad de Tornquist, provincia de Buenos Aires, Rep\u00fablica Argentina. Contenido propio originado por periodistas de CELTTV, el canal de TV local de la Cooperativa El\u00e9ctrica de Tornquist. Turismo, Pol\u00edtica, Sociedad, Deporte, Cultura y todo el contenido de inter\u00e9s general que la gente del pueblo y la regi\u00f3n debe conocer.\" \/>\n<meta property=\"og:url\" content=\"https:\/\/www.celttv.com.ar\/index.php\/2013\/09\/23\/la-nueva-bicisenda-de-tornquist-comienza-a-ser-una-realidad\/\" \/>\n<meta property=\"og:site_name\" content=\"CELTTV\" \/>\n<meta property=\"article:publisher\" content=\"https:\/\/www.facebook.com\/celtTV\/\" \/>\n<meta property=\"article:published_time\" content=\"2013-09-23T12:50:26+00:00\" \/>\n<meta name=\"author\" content=\"ulises\" \/>\n<meta name=\"twitter:card\" content=\"summary_large_image\" \/>\n<meta name=\"twitter:label1\" content=\"Escrito por\" \/>\n\t<meta name=\"twitter:data1\" content=\"ulises\" \/>\n\t<meta name=\"twitter:label2\" content=\"Tiempo de lectura\" \/>\n\t<meta name=\"twitter:data2\" content=\"2 minutos\" \/>\n<script type=\"application\/ld+json\" class=\"yoast-schema-graph\">{\"@context\":\"https:\/\/schema.org\",\"@graph\":[{\"@type\":\"NewsArticle\",\"@id\":\"https:\/\/www.celttv.com.ar\/index.php\/2013\/09\/23\/la-nueva-bicisenda-de-tornquist-comienza-a-ser-una-realidad\/#article\",\"isPartOf\":{\"@id\":\"https:\/\/www.celttv.com.ar\/index.php\/2013\/09\/23\/la-nueva-bicisenda-de-tornquist-comienza-a-ser-una-realidad\/\"},\"author\":{\"name\":\"ulises\",\"@id\":\"https:\/\/www.celttv.com.ar\/#\/schema\/person\/6d99c072dba59953809c81446e9d0ace\"},\"headline\":\"LA NUEVA BICISENDA DE TORNQUIST COMIENZA A SER UNA REALIDAD\",\"datePublished\":\"2013-09-23T12:50:26+00:00\",\"dateModified\":\"2013-09-23T12:50:26+00:00\",\"mainEntityOfPage\":{\"@id\":\"https:\/\/www.celttv.com.ar\/index.php\/2013\/09\/23\/la-nueva-bicisenda-de-tornquist-comienza-a-ser-una-realidad\/\"},\"wordCount\":434,\"publisher\":{\"@id\":\"https:\/\/www.celttv.com.ar\/#organization\"},\"articleSection\":[\"Comunidad\",\"Destacadas\",\"Pol\u00edtica\"],\"inLanguage\":\"es\"},{\"@type\":\"WebPage\",\"@id\":\"https:\/\/www.celttv.com.ar\/index.php\/2013\/09\/23\/la-nueva-bicisenda-de-tornquist-comienza-a-ser-una-realidad\/\",\"url\":\"https:\/\/www.celttv.com.ar\/index.php\/2013\/09\/23\/la-nueva-bicisenda-de-tornquist-comienza-a-ser-una-realidad\/\",\"name\":\"LA NUEVA BICISENDA DE TORNQUIST COMIENZA A SER UNA REALIDAD - CELTTV\",\"isPartOf\":{\"@id\":\"https:\/\/www.celttv.com.ar\/#website\"},\"datePublished\":\"2013-09-23T12:50:26+00:00\",\"dateModified\":\"2013-09-23T12:50:26+00:00\",\"description\":\"Sitio web de noticias de la localidad de Tornquist, provincia de Buenos Aires, Rep\u00fablica Argentina. Contenido propio originado por periodistas de CELTTV, el canal de TV local de la Cooperativa El\u00e9ctrica de Tornquist. Turismo, Pol\u00edtica, Sociedad, Deporte, Cultura y todo el contenido de inter\u00e9s general que la gente del pueblo y la regi\u00f3n debe conocer.\",\"breadcrumb\":{\"@id\":\"https:\/\/www.celttv.com.ar\/index.php\/2013\/09\/23\/la-nueva-bicisenda-de-tornquist-comienza-a-ser-una-realidad\/#breadcrumb\"},\"inLanguage\":\"es\",\"potentialAction\":[{\"@type\":\"ReadAction\",\"target\":[\"https:\/\/www.celttv.com.ar\/index.php\/2013\/09\/23\/la-nueva-bicisenda-de-tornquist-comienza-a-ser-una-realidad\/\"]}]},{\"@type\":\"BreadcrumbList\",\"@id\":\"https:\/\/www.celttv.com.ar\/index.php\/2013\/09\/23\/la-nueva-bicisenda-de-tornquist-comienza-a-ser-una-realidad\/#breadcrumb\",\"itemListElement\":[{\"@type\":\"ListItem\",\"position\":1,\"name\":\"Inicio\",\"item\":\"https:\/\/www.celttv.com.ar\/\"},{\"@type\":\"ListItem\",\"position\":2,\"name\":\"LA NUEVA BICISENDA DE TORNQUIST COMIENZA A SER UNA REALIDAD\"}]},{\"@type\":\"WebSite\",\"@id\":\"https:\/\/www.celttv.com.ar\/#website\",\"url\":\"https:\/\/www.celttv.com.ar\/\",\"name\":\"CELTTV\",\"description\":\"Cooperativa El\u00e9ctrica de Tornquist\",\"publisher\":{\"@id\":\"https:\/\/www.celttv.com.ar\/#organization\"},\"potentialAction\":[{\"@type\":\"SearchAction\",\"target\":{\"@type\":\"EntryPoint\",\"urlTemplate\":\"https:\/\/www.celttv.com.ar\/?s={search_term_string}\"},\"query-input\":\"required name=search_term_string\"}],\"inLanguage\":\"es\"},{\"@type\":\"Organization\",\"@id\":\"https:\/\/www.celttv.com.ar\/#organization\",\"name\":\"CELTTV\",\"url\":\"https:\/\/www.celttv.com.ar\/\",\"sameAs\":[\"https:\/\/www.youtube.com\/channel\/UCz_oIt8Hig64Ub-EmcNPIhg\",\"https:\/\/www.facebook.com\/celtTV\/\"],\"logo\":{\"@type\":\"ImageObject\",\"inLanguage\":\"es\",\"@id\":\"https:\/\/www.celttv.com.ar\/#\/schema\/logo\/image\/\",\"url\":\"http:\/\/www.celttv.com.ar\/wp-content\/uploads\/2022\/08\/logo-1.png\",\"contentUrl\":\"http:\/\/www.celttv.com.ar\/wp-content\/uploads\/2022\/08\/logo-1.png\",\"width\":461,\"height\":159,\"caption\":\"CELTTV\"},\"image\":{\"@id\":\"https:\/\/www.celttv.com.ar\/#\/schema\/logo\/image\/\"}},{\"@type\":\"Person\",\"@id\":\"https:\/\/www.celttv.com.ar\/#\/schema\/person\/6d99c072dba59953809c81446e9d0ace\",\"name\":\"ulises\",\"image\":{\"@type\":\"ImageObject\",\"inLanguage\":\"es\",\"@id\":\"https:\/\/www.celttv.com.ar\/#\/schema\/person\/image\/\",\"url\":\"https:\/\/secure.gravatar.com\/avatar\/7f2c48bdc33b30088f941fb6082e555f2874c98e20cb159d7b92b50eadfce793?s=96&d=mm&r=g\",\"contentUrl\":\"https:\/\/secure.gravatar.com\/avatar\/7f2c48bdc33b30088f941fb6082e555f2874c98e20cb159d7b92b50eadfce793?s=96&d=mm&r=g\",\"caption\":\"ulises\"},\"sameAs\":[\"http:\/\/www.celttv.com.ar\"]}]}<\/script>\n<!-- \/ Yoast SEO plugin. -->","yoast_head_json":{"title":"LA NUEVA BICISENDA DE TORNQUIST COMIENZA A SER UNA REALIDAD - CELTTV","description":"Sitio web de noticias de la localidad de Tornquist, provincia de Buenos Aires, Rep\u00fablica Argentina. Contenido propio originado por periodistas de CELTTV, el canal de TV local de la Cooperativa El\u00e9ctrica de Tornquist. Turismo, Pol\u00edtica, Sociedad, Deporte, Cultura y todo el contenido de inter\u00e9s general que la gente del pueblo y la regi\u00f3n debe conocer.","robots":{"index":"index","follow":"follow","max-snippet":"max-snippet:-1","max-image-preview":"max-image-preview:large","max-video-preview":"max-video-preview:-1"},"canonical":"https:\/\/www.celttv.com.ar\/index.php\/2013\/09\/23\/la-nueva-bicisenda-de-tornquist-comienza-a-ser-una-realidad\/","og_locale":"es_ES","og_type":"article","og_title":"LA NUEVA BICISENDA DE TORNQUIST COMIENZA A SER UNA REALIDAD - CELTTV","og_description":"Sitio web de noticias de la localidad de Tornquist, provincia de Buenos Aires, Rep\u00fablica Argentina. Contenido propio originado por periodistas de CELTTV, el canal de TV local de la Cooperativa El\u00e9ctrica de Tornquist. Turismo, Pol\u00edtica, Sociedad, Deporte, Cultura y todo el contenido de inter\u00e9s general que la gente del pueblo y la regi\u00f3n debe conocer.","og_url":"https:\/\/www.celttv.com.ar\/index.php\/2013\/09\/23\/la-nueva-bicisenda-de-tornquist-comienza-a-ser-una-realidad\/","og_site_name":"CELTTV","article_publisher":"https:\/\/www.facebook.com\/celtTV\/","article_published_time":"2013-09-23T12:50:26+00:00","author":"ulises","twitter_card":"summary_large_image","twitter_misc":{"Escrito por":"ulises","Tiempo de lectura":"2 minutos"},"schema":{"@context":"https:\/\/schema.org","@graph":[{"@type":"NewsArticle","@id":"https:\/\/www.celttv.com.ar\/index.php\/2013\/09\/23\/la-nueva-bicisenda-de-tornquist-comienza-a-ser-una-realidad\/#article","isPartOf":{"@id":"https:\/\/www.celttv.com.ar\/index.php\/2013\/09\/23\/la-nueva-bicisenda-de-tornquist-comienza-a-ser-una-realidad\/"},"author":{"name":"ulises","@id":"https:\/\/www.celttv.com.ar\/#\/schema\/person\/6d99c072dba59953809c81446e9d0ace"},"headline":"LA NUEVA BICISENDA DE TORNQUIST COMIENZA A SER UNA REALIDAD","datePublished":"2013-09-23T12:50:26+00:00","dateModified":"2013-09-23T12:50:26+00:00","mainEntityOfPage":{"@id":"https:\/\/www.celttv.com.ar\/index.php\/2013\/09\/23\/la-nueva-bicisenda-de-tornquist-comienza-a-ser-una-realidad\/"},"wordCount":434,"publisher":{"@id":"https:\/\/www.celttv.com.ar\/#organization"},"articleSection":["Comunidad","Destacadas","Pol\u00edtica"],"inLanguage":"es"},{"@type":"WebPage","@id":"https:\/\/www.celttv.com.ar\/index.php\/2013\/09\/23\/la-nueva-bicisenda-de-tornquist-comienza-a-ser-una-realidad\/","url":"https:\/\/www.celttv.com.ar\/index.php\/2013\/09\/23\/la-nueva-bicisenda-de-tornquist-comienza-a-ser-una-realidad\/","name":"LA NUEVA BICISENDA DE TORNQUIST COMIENZA A SER UNA REALIDAD - CELTTV","isPartOf":{"@id":"https:\/\/www.celttv.com.ar\/#website"},"datePublished":"2013-09-23T12:50:26+00:00","dateModified":"2013-09-23T12:50:26+00:00","description":"Sitio web de noticias de la localidad de Tornquist, provincia de Buenos Aires, Rep\u00fablica Argentina. Contenido propio originado por periodistas de CELTTV, el canal de TV local de la Cooperativa El\u00e9ctrica de Tornquist. Turismo, Pol\u00edtica, Sociedad, Deporte, Cultura y todo el contenido de inter\u00e9s general que la gente del pueblo y la regi\u00f3n debe conocer.","breadcrumb":{"@id":"https:\/\/www.celttv.com.ar\/index.php\/2013\/09\/23\/la-nueva-bicisenda-de-tornquist-comienza-a-ser-una-realidad\/#breadcrumb"},"inLanguage":"es","potentialAction":[{"@type":"ReadAction","target":["https:\/\/www.celttv.com.ar\/index.php\/2013\/09\/23\/la-nueva-bicisenda-de-tornquist-comienza-a-ser-una-realidad\/"]}]},{"@type":"BreadcrumbList","@id":"https:\/\/www.celttv.com.ar\/index.php\/2013\/09\/23\/la-nueva-bicisenda-de-tornquist-comienza-a-ser-una-realidad\/#breadcrumb","itemListElement":[{"@type":"ListItem","position":1,"name":"Inicio","item":"https:\/\/www.celttv.com.ar\/"},{"@type":"ListItem","position":2,"name":"LA NUEVA BICISENDA DE TORNQUIST COMIENZA A SER UNA REALIDAD"}]},{"@type":"WebSite","@id":"https:\/\/www.celttv.com.ar\/#website","url":"https:\/\/www.celttv.com.ar\/","name":"CELTTV","description":"Cooperativa El\u00e9ctrica de Tornquist","publisher":{"@id":"https:\/\/www.celttv.com.ar\/#organization"},"potentialAction":[{"@type":"SearchAction","target":{"@type":"EntryPoint","urlTemplate":"https:\/\/www.celttv.com.ar\/?s={search_term_string}"},"query-input":"required name=search_term_string"}],"inLanguage":"es"},{"@type":"Organization","@id":"https:\/\/www.celttv.com.ar\/#organization","name":"CELTTV","url":"https:\/\/www.celttv.com.ar\/","sameAs":["https:\/\/www.youtube.com\/channel\/UCz_oIt8Hig64Ub-EmcNPIhg","https:\/\/www.facebook.com\/celtTV\/"],"logo":{"@type":"ImageObject","inLanguage":"es","@id":"https:\/\/www.celttv.com.ar\/#\/schema\/logo\/image\/","url":"http:\/\/www.celttv.com.ar\/wp-content\/uploads\/2022\/08\/logo-1.png","contentUrl":"http:\/\/www.celttv.com.ar\/wp-content\/uploads\/2022\/08\/logo-1.png","width":461,"height":159,"caption":"CELTTV"},"image":{"@id":"https:\/\/www.celttv.com.ar\/#\/schema\/logo\/image\/"}},{"@type":"Person","@id":"https:\/\/www.celttv.com.ar\/#\/schema\/person\/6d99c072dba59953809c81446e9d0ace","name":"ulises","image":{"@type":"ImageObject","inLanguage":"es","@id":"https:\/\/www.celttv.com.ar\/#\/schema\/person\/image\/","url":"https:\/\/secure.gravatar.com\/avatar\/7f2c48bdc33b30088f941fb6082e555f2874c98e20cb159d7b92b50eadfce793?s=96&d=mm&r=g","contentUrl":"https:\/\/secure.gravatar.com\/avatar\/7f2c48bdc33b30088f941fb6082e555f2874c98e20cb159d7b92b50eadfce793?s=96&d=mm&r=g","caption":"ulises"},"sameAs":["http:\/\/www.celttv.com.ar"]}]}},"_links":{"self":[{"href":"https:\/\/www.celttv.com.ar\/index.php\/wp-json\/wp\/v2\/posts\/14368","targetHints":{"allow":["GET"]}}],"collection":[{"href":"https:\/\/www.celttv.com.ar\/index.php\/wp-json\/wp\/v2\/posts"}],"about":[{"href":"https:\/\/www.celttv.com.ar\/index.php\/wp-json\/wp\/v2\/types\/post"}],"author":[{"embeddable":true,"href":"https:\/\/www.celttv.com.ar\/index.php\/wp-json\/wp\/v2\/users\/1"}],"replies":[{"embeddable":true,"href":"https:\/\/www.celttv.com.ar\/index.php\/wp-json\/wp\/v2\/comments?post=14368"}],"version-history":[{"count":0,"href":"https:\/\/www.celttv.com.ar\/index.php\/wp-json\/wp\/v2\/posts\/14368\/revisions"}],"wp:attachment":[{"href":"https:\/\/www.celttv.com.ar\/index.php\/wp-json\/wp\/v2\/media?parent=14368"}],"wp:term":[{"taxonomy":"category","embeddable":true,"href":"https:\/\/www.celttv.com.ar\/index.php\/wp-json\/wp\/v2\/categories?post=14368"},{"taxonomy":"post_tag","embeddable":true,"href":"https:\/\/www.celttv.com.ar\/index.php\/wp-json\/wp\/v2\/tags?post=14368"}],"curies":[{"name":"wp","href":"https:\/\/api.w.org\/{rel}","templated":true}]}}