{"id":14384,"date":"2013-09-23T16:10:17","date_gmt":"2013-09-23T16:10:17","guid":{"rendered":"http:\/\/www.tvcnoticias.com.ar\/?p=14384"},"modified":"2013-09-23T16:10:17","modified_gmt":"2013-09-23T16:10:17","slug":"el-cooperativismo-garantiza-la-libertad-de-expresion-escribe-el-prof-miguel-rodriguez-villafane","status":"publish","type":"post","link":"https:\/\/www.celttv.com.ar\/index.php\/2013\/09\/23\/el-cooperativismo-garantiza-la-libertad-de-expresion-escribe-el-prof-miguel-rodriguez-villafane\/","title":{"rendered":"EL COOPERATIVISMO GARANTIZA LA LIBERTAD DE EXPRESION (escribe el prof. Miguel Rodriguez Villafane)"},"content":{"rendered":"<table border=\"0\" width=\"540\" align=\"center\">\n<tbody>\n<tr>\n<td><strong>&#8220;El cooperativismo garantiza la libertad de expresi\u00f3n&#8221;<\/strong><\/td>\n<\/tr>\n<tr>\n<td>El abogado constitucionalista y presidente de la Asociaci\u00f3n Iberoamericana de Derecho a la Informaci\u00f3n y Comunicaci\u00f3n dialog\u00f3 con Ansol luego de su aplaudida intervenci\u00f3n en la audiencia informativa propuesta por la Corte Suprema para destrabar la Ley de Medios.<br \/>\n<strong>(Ansol).- <\/strong>El letrado Miguel Rodr\u00edguez Villafa\u00f1e, quien represent\u00f3 a la Confederaci\u00f3n Cooperativa de la Rep\u00fablica Argentina (Cooperar) como\u00a0<em>amicus curiae<\/em> por la parte del Estado en el Palacio de Tribunales, analiz\u00f3 el rol de los medios de la econom\u00eda solidaria que esperan la declaraci\u00f3n de la constitucionalidad de la Ley de Servicios de Comunicaci\u00f3n Audiovisual (26.522).<br \/>\n<strong>-\u00bfPor qu\u00e9 es importante que la econom\u00eda solidaria pueda acceder al mapa comunicacional en igualdad de condiciones que el resto de las empresas?<\/strong><br \/>\n-El cooperativismo en s\u00ed mismo implica una l\u00f3gica que garantiza la libertad de expresi\u00f3n en el mismo sentido de la palabra, porque es una din\u00e1mica hacia adentro, en cada cooperativa, cada persona es un voto y tiene el mismo derecho de usar la palabra, de participar. Adem\u00e1s, tiene una l\u00f3gica solidaria que se aproxima a la aspiraci\u00f3n de lo que pensamos que es una sociedad plural, participativa y democr\u00e1tica. Por todo eso es central que cooperativas y mutuales accedan a medios aunque tengamos que demostrar primero que no hacemos competencia desleal y despu\u00e9s, poner la infraestructura al servicio, y aun as\u00ed estar dentro de las reglas de juego.<br \/>\n<strong>-El 28 de agosto, en Palacio de Tribunales hubo diversas exposiciones a favor y en contra de la constitucionalidad de ciertos art\u00edculos de la Ley de Medios. Puntualmente, \u00bfcu\u00e1l es la discusi\u00f3n de los actores que participaron?<\/strong><br \/>\n-Lo que est\u00e1 en juego es la palabra para todos. Lo que se discuti\u00f3 en la Corte es que hay algunos que quieren tener la palabra pero tambi\u00e9n tener el potenci\u00f3metro y el altoparlante. Por lo tanto, por m\u00e1s que la tengan los otros, queda totalmente anulada. Porque la participaci\u00f3n y el pluralismo en la informaci\u00f3n es una necesidad de la democracia, no es una necesidad del mercado. El mercado tiende a la concentraci\u00f3n y al monopolio.<br \/>\n<strong>-Mientras tanto Clar\u00edn dice que pueden desaparecer sus se\u00f1ales \u00bfc\u00f3mo cree que perciben los ciudadanos esta disputa?<\/strong><br \/>\n-En cierta forma Clar\u00edn est\u00e1 diciendo la verdad porque va a tener que optar en dar Canal 13 o tener TN ya que de acuerdo a la Ley puede tener una sola se\u00f1al en el paquete de canales que brinde a trav\u00e9s de Cablevisi\u00f3n. Pero eso no va a cambiar la situaci\u00f3n de los ciudadanos, porque los canales pueden entrar y salir dentro de una l\u00f3gica legal. El tema ac\u00e1 no es que se saque del medio a nadie, si no que se integre a todos.<br \/>\n<strong>-Durante su exposici\u00f3n en la Corte usted ejemplific\u00f3 casos en los que el monopolio traba el desarrollo de las cooperativas, entre ellos Zapala, Punta Alta y Tres Arroyos \u00bfqu\u00e9 implicancias tuvo esto para las comunidades donde est\u00e1n insertas?<\/strong><br \/>\n-Todo este tiempo en que el cooperativismo no pudo estar en la televisi\u00f3n por cable en cada una de sus localidades, ocurri\u00f3 un desapoderamiento de dinero local que fue a parar a otro lado, que de haberse permitido que sea la cooperativa la que lo preste hubiera sido una importante cantidad de dinero que quede en la sociedad para mejorar el servicio, para abrir fuentes de trabajo y para dinamizar la econom\u00eda de cada uno de esos lugares. Se calcula que unos 40 mil millones de pesos en los 29 a\u00f1os fueron sacados de las peque\u00f1as comunidades a trav\u00e9s de estas organizaciones de empresas, que en algunos casos son multinacionales, porque detr\u00e1s de Clar\u00edn el 18 por ciento de acciones es de un banco norteamericano, ni siquiera es capital argentino.<br \/>\n<strong>-\u00bfLas cooperativas est\u00e1n preparadas para responder a la demanda?<\/strong><br \/>\n-He recorrido el pa\u00eds y s\u00e9 que, de hecho, est\u00e1n dando muy buenos servicios. En Santa Rosa, La Pampa, en este momento la cooperativa est\u00e1 compitiendo directamente con Cablevisi\u00f3n e incluso ofrece muchos canales de alta definici\u00f3n a un precio de 85 pesos, lo cual oblig\u00f3 a que la otra firma tuviera que adecuar el valor, que estaba por encima de los 160 pesos. Desde ese punto de vista, el cooperativismo est\u00e1 dando una muestra importante de compromiso por la necesidad de democratizar la palabra.<\/td>\n<\/tr>\n<\/tbody>\n<\/table>\n<p>&nbsp;<\/p>\n","protected":false},"excerpt":{"rendered":"<p>&#8220;El cooperativismo garantiza la libertad de expresi\u00f3n&#8221; El abogado constitucionalista y presidente de la Asociaci\u00f3n Iberoamericana de Derecho a la Informaci\u00f3n y Comunicaci\u00f3n dialog\u00f3 con Ansol luego de su aplaudida intervenci\u00f3n en la audiencia informativa propuesta por la Corte Suprema para destrabar la Ley de Medios. (Ansol).- El letrado Miguel Rodr\u00edguez Villafa\u00f1e, quien represent\u00f3 a [&hellip;]<\/p>\n","protected":false},"author":1,"featured_media":0,"comment_status":"closed","ping_status":"open","sticky":false,"template":"","format":"standard","meta":{"footnotes":""},"categories":[51,95],"tags":[],"class_list":["post-14384","post","type-post","status-publish","format-standard","hentry","category-comunidad","category-opiniones"],"yoast_head":"<!-- This site is optimized with the Yoast SEO plugin v19.7.1 - https:\/\/yoast.com\/wordpress\/plugins\/seo\/ -->\n<title>EL COOPERATIVISMO GARANTIZA LA LIBERTAD DE EXPRESION (escribe el prof. Miguel Rodriguez Villafane) - CELTTV<\/title>\n<meta name=\"description\" content=\"Sitio web de noticias de la localidad de Tornquist, provincia de Buenos Aires, Rep\u00fablica Argentina. Contenido propio originado por periodistas de CELTTV, el canal de TV local de la Cooperativa El\u00e9ctrica de Tornquist. Turismo, Pol\u00edtica, Sociedad, Deporte, Cultura y todo el contenido de inter\u00e9s general que la gente del pueblo y la regi\u00f3n debe conocer.\" \/>\n<meta name=\"robots\" content=\"index, follow, max-snippet:-1, max-image-preview:large, max-video-preview:-1\" \/>\n<link rel=\"canonical\" href=\"https:\/\/www.celttv.com.ar\/index.php\/2013\/09\/23\/el-cooperativismo-garantiza-la-libertad-de-expresion-escribe-el-prof-miguel-rodriguez-villafane\/\" \/>\n<meta property=\"og:locale\" content=\"es_ES\" \/>\n<meta property=\"og:type\" content=\"article\" \/>\n<meta property=\"og:title\" content=\"EL COOPERATIVISMO GARANTIZA LA LIBERTAD DE EXPRESION (escribe el prof. Miguel Rodriguez Villafane) - CELTTV\" \/>\n<meta property=\"og:description\" content=\"Sitio web de noticias de la localidad de Tornquist, provincia de Buenos Aires, Rep\u00fablica Argentina. Contenido propio originado por periodistas de CELTTV, el canal de TV local de la Cooperativa El\u00e9ctrica de Tornquist. Turismo, Pol\u00edtica, Sociedad, Deporte, Cultura y todo el contenido de inter\u00e9s general que la gente del pueblo y la regi\u00f3n debe conocer.\" \/>\n<meta property=\"og:url\" content=\"https:\/\/www.celttv.com.ar\/index.php\/2013\/09\/23\/el-cooperativismo-garantiza-la-libertad-de-expresion-escribe-el-prof-miguel-rodriguez-villafane\/\" \/>\n<meta property=\"og:site_name\" content=\"CELTTV\" \/>\n<meta property=\"article:publisher\" content=\"https:\/\/www.facebook.com\/celtTV\/\" \/>\n<meta property=\"article:published_time\" content=\"2013-09-23T16:10:17+00:00\" \/>\n<meta name=\"author\" content=\"ulises\" \/>\n<meta name=\"twitter:card\" content=\"summary_large_image\" \/>\n<meta name=\"twitter:label1\" content=\"Escrito por\" \/>\n\t<meta name=\"twitter:data1\" content=\"ulises\" \/>\n\t<meta name=\"twitter:label2\" content=\"Tiempo de lectura\" \/>\n\t<meta name=\"twitter:data2\" content=\"4 minutos\" \/>\n<script type=\"application\/ld+json\" class=\"yoast-schema-graph\">{\"@context\":\"https:\/\/schema.org\",\"@graph\":[{\"@type\":\"NewsArticle\",\"@id\":\"https:\/\/www.celttv.com.ar\/index.php\/2013\/09\/23\/el-cooperativismo-garantiza-la-libertad-de-expresion-escribe-el-prof-miguel-rodriguez-villafane\/#article\",\"isPartOf\":{\"@id\":\"https:\/\/www.celttv.com.ar\/index.php\/2013\/09\/23\/el-cooperativismo-garantiza-la-libertad-de-expresion-escribe-el-prof-miguel-rodriguez-villafane\/\"},\"author\":{\"name\":\"ulises\",\"@id\":\"https:\/\/www.celttv.com.ar\/#\/schema\/person\/6d99c072dba59953809c81446e9d0ace\"},\"headline\":\"EL COOPERATIVISMO GARANTIZA LA LIBERTAD DE EXPRESION (escribe el prof. Miguel Rodriguez Villafane)\",\"datePublished\":\"2013-09-23T16:10:17+00:00\",\"dateModified\":\"2013-09-23T16:10:17+00:00\",\"mainEntityOfPage\":{\"@id\":\"https:\/\/www.celttv.com.ar\/index.php\/2013\/09\/23\/el-cooperativismo-garantiza-la-libertad-de-expresion-escribe-el-prof-miguel-rodriguez-villafane\/\"},\"wordCount\":774,\"publisher\":{\"@id\":\"https:\/\/www.celttv.com.ar\/#organization\"},\"articleSection\":[\"Comunidad\",\"Opiniones\"],\"inLanguage\":\"es\"},{\"@type\":\"WebPage\",\"@id\":\"https:\/\/www.celttv.com.ar\/index.php\/2013\/09\/23\/el-cooperativismo-garantiza-la-libertad-de-expresion-escribe-el-prof-miguel-rodriguez-villafane\/\",\"url\":\"https:\/\/www.celttv.com.ar\/index.php\/2013\/09\/23\/el-cooperativismo-garantiza-la-libertad-de-expresion-escribe-el-prof-miguel-rodriguez-villafane\/\",\"name\":\"EL COOPERATIVISMO GARANTIZA LA LIBERTAD DE EXPRESION (escribe el prof. Miguel Rodriguez Villafane) - CELTTV\",\"isPartOf\":{\"@id\":\"https:\/\/www.celttv.com.ar\/#website\"},\"datePublished\":\"2013-09-23T16:10:17+00:00\",\"dateModified\":\"2013-09-23T16:10:17+00:00\",\"description\":\"Sitio web de noticias de la localidad de Tornquist, provincia de Buenos Aires, Rep\u00fablica Argentina. Contenido propio originado por periodistas de CELTTV, el canal de TV local de la Cooperativa El\u00e9ctrica de Tornquist. Turismo, Pol\u00edtica, Sociedad, Deporte, Cultura y todo el contenido de inter\u00e9s general que la gente del pueblo y la regi\u00f3n debe conocer.\",\"breadcrumb\":{\"@id\":\"https:\/\/www.celttv.com.ar\/index.php\/2013\/09\/23\/el-cooperativismo-garantiza-la-libertad-de-expresion-escribe-el-prof-miguel-rodriguez-villafane\/#breadcrumb\"},\"inLanguage\":\"es\",\"potentialAction\":[{\"@type\":\"ReadAction\",\"target\":[\"https:\/\/www.celttv.com.ar\/index.php\/2013\/09\/23\/el-cooperativismo-garantiza-la-libertad-de-expresion-escribe-el-prof-miguel-rodriguez-villafane\/\"]}]},{\"@type\":\"BreadcrumbList\",\"@id\":\"https:\/\/www.celttv.com.ar\/index.php\/2013\/09\/23\/el-cooperativismo-garantiza-la-libertad-de-expresion-escribe-el-prof-miguel-rodriguez-villafane\/#breadcrumb\",\"itemListElement\":[{\"@type\":\"ListItem\",\"position\":1,\"name\":\"Inicio\",\"item\":\"https:\/\/www.celttv.com.ar\/\"},{\"@type\":\"ListItem\",\"position\":2,\"name\":\"EL COOPERATIVISMO GARANTIZA LA LIBERTAD DE EXPRESION (escribe el prof. Miguel Rodriguez Villafane)\"}]},{\"@type\":\"WebSite\",\"@id\":\"https:\/\/www.celttv.com.ar\/#website\",\"url\":\"https:\/\/www.celttv.com.ar\/\",\"name\":\"CELTTV\",\"description\":\"Cooperativa El\u00e9ctrica de Tornquist\",\"publisher\":{\"@id\":\"https:\/\/www.celttv.com.ar\/#organization\"},\"potentialAction\":[{\"@type\":\"SearchAction\",\"target\":{\"@type\":\"EntryPoint\",\"urlTemplate\":\"https:\/\/www.celttv.com.ar\/?s={search_term_string}\"},\"query-input\":\"required name=search_term_string\"}],\"inLanguage\":\"es\"},{\"@type\":\"Organization\",\"@id\":\"https:\/\/www.celttv.com.ar\/#organization\",\"name\":\"CELTTV\",\"url\":\"https:\/\/www.celttv.com.ar\/\",\"sameAs\":[\"https:\/\/www.youtube.com\/channel\/UCz_oIt8Hig64Ub-EmcNPIhg\",\"https:\/\/www.facebook.com\/celtTV\/\"],\"logo\":{\"@type\":\"ImageObject\",\"inLanguage\":\"es\",\"@id\":\"https:\/\/www.celttv.com.ar\/#\/schema\/logo\/image\/\",\"url\":\"http:\/\/www.celttv.com.ar\/wp-content\/uploads\/2022\/08\/logo-1.png\",\"contentUrl\":\"http:\/\/www.celttv.com.ar\/wp-content\/uploads\/2022\/08\/logo-1.png\",\"width\":461,\"height\":159,\"caption\":\"CELTTV\"},\"image\":{\"@id\":\"https:\/\/www.celttv.com.ar\/#\/schema\/logo\/image\/\"}},{\"@type\":\"Person\",\"@id\":\"https:\/\/www.celttv.com.ar\/#\/schema\/person\/6d99c072dba59953809c81446e9d0ace\",\"name\":\"ulises\",\"image\":{\"@type\":\"ImageObject\",\"inLanguage\":\"es\",\"@id\":\"https:\/\/www.celttv.com.ar\/#\/schema\/person\/image\/\",\"url\":\"https:\/\/secure.gravatar.com\/avatar\/7f2c48bdc33b30088f941fb6082e555f2874c98e20cb159d7b92b50eadfce793?s=96&d=mm&r=g\",\"contentUrl\":\"https:\/\/secure.gravatar.com\/avatar\/7f2c48bdc33b30088f941fb6082e555f2874c98e20cb159d7b92b50eadfce793?s=96&d=mm&r=g\",\"caption\":\"ulises\"},\"sameAs\":[\"http:\/\/www.celttv.com.ar\"]}]}<\/script>\n<!-- \/ Yoast SEO plugin. -->","yoast_head_json":{"title":"EL COOPERATIVISMO GARANTIZA LA LIBERTAD DE EXPRESION (escribe el prof. Miguel Rodriguez Villafane) - CELTTV","description":"Sitio web de noticias de la localidad de Tornquist, provincia de Buenos Aires, Rep\u00fablica Argentina. Contenido propio originado por periodistas de CELTTV, el canal de TV local de la Cooperativa El\u00e9ctrica de Tornquist. Turismo, Pol\u00edtica, Sociedad, Deporte, Cultura y todo el contenido de inter\u00e9s general que la gente del pueblo y la regi\u00f3n debe conocer.","robots":{"index":"index","follow":"follow","max-snippet":"max-snippet:-1","max-image-preview":"max-image-preview:large","max-video-preview":"max-video-preview:-1"},"canonical":"https:\/\/www.celttv.com.ar\/index.php\/2013\/09\/23\/el-cooperativismo-garantiza-la-libertad-de-expresion-escribe-el-prof-miguel-rodriguez-villafane\/","og_locale":"es_ES","og_type":"article","og_title":"EL COOPERATIVISMO GARANTIZA LA LIBERTAD DE EXPRESION (escribe el prof. Miguel Rodriguez Villafane) - CELTTV","og_description":"Sitio web de noticias de la localidad de Tornquist, provincia de Buenos Aires, Rep\u00fablica Argentina. Contenido propio originado por periodistas de CELTTV, el canal de TV local de la Cooperativa El\u00e9ctrica de Tornquist. Turismo, Pol\u00edtica, Sociedad, Deporte, Cultura y todo el contenido de inter\u00e9s general que la gente del pueblo y la regi\u00f3n debe conocer.","og_url":"https:\/\/www.celttv.com.ar\/index.php\/2013\/09\/23\/el-cooperativismo-garantiza-la-libertad-de-expresion-escribe-el-prof-miguel-rodriguez-villafane\/","og_site_name":"CELTTV","article_publisher":"https:\/\/www.facebook.com\/celtTV\/","article_published_time":"2013-09-23T16:10:17+00:00","author":"ulises","twitter_card":"summary_large_image","twitter_misc":{"Escrito por":"ulises","Tiempo de lectura":"4 minutos"},"schema":{"@context":"https:\/\/schema.org","@graph":[{"@type":"NewsArticle","@id":"https:\/\/www.celttv.com.ar\/index.php\/2013\/09\/23\/el-cooperativismo-garantiza-la-libertad-de-expresion-escribe-el-prof-miguel-rodriguez-villafane\/#article","isPartOf":{"@id":"https:\/\/www.celttv.com.ar\/index.php\/2013\/09\/23\/el-cooperativismo-garantiza-la-libertad-de-expresion-escribe-el-prof-miguel-rodriguez-villafane\/"},"author":{"name":"ulises","@id":"https:\/\/www.celttv.com.ar\/#\/schema\/person\/6d99c072dba59953809c81446e9d0ace"},"headline":"EL COOPERATIVISMO GARANTIZA LA LIBERTAD DE EXPRESION (escribe el prof. Miguel Rodriguez Villafane)","datePublished":"2013-09-23T16:10:17+00:00","dateModified":"2013-09-23T16:10:17+00:00","mainEntityOfPage":{"@id":"https:\/\/www.celttv.com.ar\/index.php\/2013\/09\/23\/el-cooperativismo-garantiza-la-libertad-de-expresion-escribe-el-prof-miguel-rodriguez-villafane\/"},"wordCount":774,"publisher":{"@id":"https:\/\/www.celttv.com.ar\/#organization"},"articleSection":["Comunidad","Opiniones"],"inLanguage":"es"},{"@type":"WebPage","@id":"https:\/\/www.celttv.com.ar\/index.php\/2013\/09\/23\/el-cooperativismo-garantiza-la-libertad-de-expresion-escribe-el-prof-miguel-rodriguez-villafane\/","url":"https:\/\/www.celttv.com.ar\/index.php\/2013\/09\/23\/el-cooperativismo-garantiza-la-libertad-de-expresion-escribe-el-prof-miguel-rodriguez-villafane\/","name":"EL COOPERATIVISMO GARANTIZA LA LIBERTAD DE EXPRESION (escribe el prof. Miguel Rodriguez Villafane) - CELTTV","isPartOf":{"@id":"https:\/\/www.celttv.com.ar\/#website"},"datePublished":"2013-09-23T16:10:17+00:00","dateModified":"2013-09-23T16:10:17+00:00","description":"Sitio web de noticias de la localidad de Tornquist, provincia de Buenos Aires, Rep\u00fablica Argentina. Contenido propio originado por periodistas de CELTTV, el canal de TV local de la Cooperativa El\u00e9ctrica de Tornquist. Turismo, Pol\u00edtica, Sociedad, Deporte, Cultura y todo el contenido de inter\u00e9s general que la gente del pueblo y la regi\u00f3n debe conocer.","breadcrumb":{"@id":"https:\/\/www.celttv.com.ar\/index.php\/2013\/09\/23\/el-cooperativismo-garantiza-la-libertad-de-expresion-escribe-el-prof-miguel-rodriguez-villafane\/#breadcrumb"},"inLanguage":"es","potentialAction":[{"@type":"ReadAction","target":["https:\/\/www.celttv.com.ar\/index.php\/2013\/09\/23\/el-cooperativismo-garantiza-la-libertad-de-expresion-escribe-el-prof-miguel-rodriguez-villafane\/"]}]},{"@type":"BreadcrumbList","@id":"https:\/\/www.celttv.com.ar\/index.php\/2013\/09\/23\/el-cooperativismo-garantiza-la-libertad-de-expresion-escribe-el-prof-miguel-rodriguez-villafane\/#breadcrumb","itemListElement":[{"@type":"ListItem","position":1,"name":"Inicio","item":"https:\/\/www.celttv.com.ar\/"},{"@type":"ListItem","position":2,"name":"EL COOPERATIVISMO GARANTIZA LA LIBERTAD DE EXPRESION (escribe el prof. Miguel Rodriguez Villafane)"}]},{"@type":"WebSite","@id":"https:\/\/www.celttv.com.ar\/#website","url":"https:\/\/www.celttv.com.ar\/","name":"CELTTV","description":"Cooperativa El\u00e9ctrica de Tornquist","publisher":{"@id":"https:\/\/www.celttv.com.ar\/#organization"},"potentialAction":[{"@type":"SearchAction","target":{"@type":"EntryPoint","urlTemplate":"https:\/\/www.celttv.com.ar\/?s={search_term_string}"},"query-input":"required name=search_term_string"}],"inLanguage":"es"},{"@type":"Organization","@id":"https:\/\/www.celttv.com.ar\/#organization","name":"CELTTV","url":"https:\/\/www.celttv.com.ar\/","sameAs":["https:\/\/www.youtube.com\/channel\/UCz_oIt8Hig64Ub-EmcNPIhg","https:\/\/www.facebook.com\/celtTV\/"],"logo":{"@type":"ImageObject","inLanguage":"es","@id":"https:\/\/www.celttv.com.ar\/#\/schema\/logo\/image\/","url":"http:\/\/www.celttv.com.ar\/wp-content\/uploads\/2022\/08\/logo-1.png","contentUrl":"http:\/\/www.celttv.com.ar\/wp-content\/uploads\/2022\/08\/logo-1.png","width":461,"height":159,"caption":"CELTTV"},"image":{"@id":"https:\/\/www.celttv.com.ar\/#\/schema\/logo\/image\/"}},{"@type":"Person","@id":"https:\/\/www.celttv.com.ar\/#\/schema\/person\/6d99c072dba59953809c81446e9d0ace","name":"ulises","image":{"@type":"ImageObject","inLanguage":"es","@id":"https:\/\/www.celttv.com.ar\/#\/schema\/person\/image\/","url":"https:\/\/secure.gravatar.com\/avatar\/7f2c48bdc33b30088f941fb6082e555f2874c98e20cb159d7b92b50eadfce793?s=96&d=mm&r=g","contentUrl":"https:\/\/secure.gravatar.com\/avatar\/7f2c48bdc33b30088f941fb6082e555f2874c98e20cb159d7b92b50eadfce793?s=96&d=mm&r=g","caption":"ulises"},"sameAs":["http:\/\/www.celttv.com.ar"]}]}},"_links":{"self":[{"href":"https:\/\/www.celttv.com.ar\/index.php\/wp-json\/wp\/v2\/posts\/14384","targetHints":{"allow":["GET"]}}],"collection":[{"href":"https:\/\/www.celttv.com.ar\/index.php\/wp-json\/wp\/v2\/posts"}],"about":[{"href":"https:\/\/www.celttv.com.ar\/index.php\/wp-json\/wp\/v2\/types\/post"}],"author":[{"embeddable":true,"href":"https:\/\/www.celttv.com.ar\/index.php\/wp-json\/wp\/v2\/users\/1"}],"replies":[{"embeddable":true,"href":"https:\/\/www.celttv.com.ar\/index.php\/wp-json\/wp\/v2\/comments?post=14384"}],"version-history":[{"count":0,"href":"https:\/\/www.celttv.com.ar\/index.php\/wp-json\/wp\/v2\/posts\/14384\/revisions"}],"wp:attachment":[{"href":"https:\/\/www.celttv.com.ar\/index.php\/wp-json\/wp\/v2\/media?parent=14384"}],"wp:term":[{"taxonomy":"category","embeddable":true,"href":"https:\/\/www.celttv.com.ar\/index.php\/wp-json\/wp\/v2\/categories?post=14384"},{"taxonomy":"post_tag","embeddable":true,"href":"https:\/\/www.celttv.com.ar\/index.php\/wp-json\/wp\/v2\/tags?post=14384"}],"curies":[{"name":"wp","href":"https:\/\/api.w.org\/{rel}","templated":true}]}}