{"id":14537,"date":"2013-09-28T16:32:18","date_gmt":"2013-09-28T16:32:18","guid":{"rendered":"http:\/\/www.tvcnoticias.com.ar\/?p=14537"},"modified":"2013-09-28T16:32:18","modified_gmt":"2013-09-28T16:32:18","slug":"se-realizo-la-charla-sobre-violencia-en-el-noviazgo-un-abordaje-integral-para-la-prevencion","status":"publish","type":"post","link":"https:\/\/www.celttv.com.ar\/index.php\/2013\/09\/28\/se-realizo-la-charla-sobre-violencia-en-el-noviazgo-un-abordaje-integral-para-la-prevencion\/","title":{"rendered":"SE REALIZO LA CHARLA SOBRE &#8220;VIOLENCIA EN EL NOVIAZGO: UN ABORDAJE INTEGRAL PARA LA PREVENCION"},"content":{"rendered":"<h1><span style=\"font-size: 13px; font-weight: normal;\">El d\u00eda 25\/9 se realizoo una charla debate sobre violencia de g\u00e9nero en el Teatro Rodolfo Funke, la misma se \u00a0refiri\u00f3 a la violencia en el noviazgo, estar\u00e1 a cargo de Mariana \u00c1lvarez\u00a0 coordinadora de la filial Bah\u00eda blanca Instituto Mois\u00e9s Lebensohn (IML).<\/span><\/h1>\n<div>\nEl encuentro cont\u00f3 con la presencia de la\u00a0<strong>Dra. Miriam Larrea<\/strong>, Defensor\u00eda General Departamental;\u00a0<strong>Comisaria Inspectora Liliana Pineda<\/strong>, coordinadora zonal de la Direcci\u00f3n de Pol\u00edticas de G\u00e9nero; y el\u00a0<strong>Lic. Jorge Pontet<\/strong>.<br \/>\nLa charla eestaba \u00a0destinada al p\u00fablico en general y principalmente a los alumnos de los colegios secundarios dado que\u00a0m\u00e1s del 70 % de los\u00a0casos de violencia de g\u00e9nero ocurre en la franja etaria entre los 15 y 35 a\u00f1os.<br \/>\nOrganiza\u00a0<strong>Juventud Radical de Tornquist.<\/strong><br \/>\n<strong><a href=\"http:\/\/www.youtube.com\/watch?v=YyIucOx5XGs\">httpv:\/\/www.youtube.com\/watch?v=YyIucOx5XGs<\/a><\/strong><br \/>\n<strong><a href=\"http:\/\/www.youtube.com\/watch?v=qKqTbp0tCUs\">httpv:\/\/www.youtube.com\/watch?v=qKqTbp0tCUs<\/a><br \/>\n<\/strong><br \/>\n&nbsp;<br \/>\n&nbsp;\n<\/div>\n<p>&nbsp;<\/p>\n","protected":false},"excerpt":{"rendered":"<p>El d\u00eda 25\/9 se realizoo una charla debate sobre violencia de g\u00e9nero en el Teatro Rodolfo Funke, la misma se \u00a0refiri\u00f3 a la violencia en el noviazgo, estar\u00e1 a cargo de Mariana \u00c1lvarez\u00a0 coordinadora de la filial Bah\u00eda blanca Instituto Mois\u00e9s Lebensohn (IML). El encuentro cont\u00f3 con la presencia de la\u00a0Dra. Miriam Larrea, Defensor\u00eda General [&hellip;]<\/p>\n","protected":false},"author":1,"featured_media":0,"comment_status":"closed","ping_status":"open","sticky":false,"template":"","format":"standard","meta":{"footnotes":""},"categories":[51,52,64],"tags":[],"class_list":["post-14537","post","type-post","status-publish","format-standard","hentry","category-comunidad","category-destacadas","category-videos-destacados"],"yoast_head":"<!-- This site is optimized with the Yoast SEO plugin v19.7.1 - https:\/\/yoast.com\/wordpress\/plugins\/seo\/ -->\n<title>SE REALIZO LA CHARLA SOBRE &quot;VIOLENCIA EN EL NOVIAZGO: UN ABORDAJE INTEGRAL PARA LA PREVENCION - CELTTV<\/title>\n<meta name=\"description\" content=\"Sitio web de noticias de la localidad de Tornquist, provincia de Buenos Aires, Rep\u00fablica Argentina. Contenido propio originado por periodistas de CELTTV, el canal de TV local de la Cooperativa El\u00e9ctrica de Tornquist. Turismo, Pol\u00edtica, Sociedad, Deporte, Cultura y todo el contenido de inter\u00e9s general que la gente del pueblo y la regi\u00f3n debe conocer.\" \/>\n<meta name=\"robots\" content=\"index, follow, max-snippet:-1, max-image-preview:large, max-video-preview:-1\" \/>\n<link rel=\"canonical\" href=\"https:\/\/www.celttv.com.ar\/index.php\/2013\/09\/28\/se-realizo-la-charla-sobre-violencia-en-el-noviazgo-un-abordaje-integral-para-la-prevencion\/\" \/>\n<meta property=\"og:locale\" content=\"es_ES\" \/>\n<meta property=\"og:type\" content=\"article\" \/>\n<meta property=\"og:title\" content=\"SE REALIZO LA CHARLA SOBRE &quot;VIOLENCIA EN EL NOVIAZGO: UN ABORDAJE INTEGRAL PARA LA PREVENCION - CELTTV\" \/>\n<meta property=\"og:description\" content=\"Sitio web de noticias de la localidad de Tornquist, provincia de Buenos Aires, Rep\u00fablica Argentina. Contenido propio originado por periodistas de CELTTV, el canal de TV local de la Cooperativa El\u00e9ctrica de Tornquist. Turismo, Pol\u00edtica, Sociedad, Deporte, Cultura y todo el contenido de inter\u00e9s general que la gente del pueblo y la regi\u00f3n debe conocer.\" \/>\n<meta property=\"og:url\" content=\"https:\/\/www.celttv.com.ar\/index.php\/2013\/09\/28\/se-realizo-la-charla-sobre-violencia-en-el-noviazgo-un-abordaje-integral-para-la-prevencion\/\" \/>\n<meta property=\"og:site_name\" content=\"CELTTV\" \/>\n<meta property=\"article:publisher\" content=\"https:\/\/www.facebook.com\/celtTV\/\" \/>\n<meta property=\"article:published_time\" content=\"2013-09-28T16:32:18+00:00\" \/>\n<meta name=\"author\" content=\"ulises\" \/>\n<meta name=\"twitter:card\" content=\"summary_large_image\" \/>\n<meta name=\"twitter:label1\" content=\"Escrito por\" \/>\n\t<meta name=\"twitter:data1\" content=\"ulises\" \/>\n\t<meta name=\"twitter:label2\" content=\"Tiempo de lectura\" \/>\n\t<meta name=\"twitter:data2\" content=\"1 minuto\" \/>\n<script type=\"application\/ld+json\" class=\"yoast-schema-graph\">{\"@context\":\"https:\/\/schema.org\",\"@graph\":[{\"@type\":\"NewsArticle\",\"@id\":\"https:\/\/www.celttv.com.ar\/index.php\/2013\/09\/28\/se-realizo-la-charla-sobre-violencia-en-el-noviazgo-un-abordaje-integral-para-la-prevencion\/#article\",\"isPartOf\":{\"@id\":\"https:\/\/www.celttv.com.ar\/index.php\/2013\/09\/28\/se-realizo-la-charla-sobre-violencia-en-el-noviazgo-un-abordaje-integral-para-la-prevencion\/\"},\"author\":{\"name\":\"ulises\",\"@id\":\"https:\/\/www.celttv.com.ar\/#\/schema\/person\/6d99c072dba59953809c81446e9d0ace\"},\"headline\":\"SE REALIZO LA CHARLA SOBRE &#8220;VIOLENCIA EN EL NOVIAZGO: UN ABORDAJE INTEGRAL PARA LA PREVENCION\",\"datePublished\":\"2013-09-28T16:32:18+00:00\",\"dateModified\":\"2013-09-28T16:32:18+00:00\",\"mainEntityOfPage\":{\"@id\":\"https:\/\/www.celttv.com.ar\/index.php\/2013\/09\/28\/se-realizo-la-charla-sobre-violencia-en-el-noviazgo-un-abordaje-integral-para-la-prevencion\/\"},\"wordCount\":162,\"publisher\":{\"@id\":\"https:\/\/www.celttv.com.ar\/#organization\"},\"articleSection\":[\"Comunidad\",\"Destacadas\",\"Videos Destacados\"],\"inLanguage\":\"es\"},{\"@type\":\"WebPage\",\"@id\":\"https:\/\/www.celttv.com.ar\/index.php\/2013\/09\/28\/se-realizo-la-charla-sobre-violencia-en-el-noviazgo-un-abordaje-integral-para-la-prevencion\/\",\"url\":\"https:\/\/www.celttv.com.ar\/index.php\/2013\/09\/28\/se-realizo-la-charla-sobre-violencia-en-el-noviazgo-un-abordaje-integral-para-la-prevencion\/\",\"name\":\"SE REALIZO LA CHARLA SOBRE \\\"VIOLENCIA EN EL NOVIAZGO: UN ABORDAJE INTEGRAL PARA LA PREVENCION - CELTTV\",\"isPartOf\":{\"@id\":\"https:\/\/www.celttv.com.ar\/#website\"},\"datePublished\":\"2013-09-28T16:32:18+00:00\",\"dateModified\":\"2013-09-28T16:32:18+00:00\",\"description\":\"Sitio web de noticias de la localidad de Tornquist, provincia de Buenos Aires, Rep\u00fablica Argentina. Contenido propio originado por periodistas de CELTTV, el canal de TV local de la Cooperativa El\u00e9ctrica de Tornquist. Turismo, Pol\u00edtica, Sociedad, Deporte, Cultura y todo el contenido de inter\u00e9s general que la gente del pueblo y la regi\u00f3n debe conocer.\",\"breadcrumb\":{\"@id\":\"https:\/\/www.celttv.com.ar\/index.php\/2013\/09\/28\/se-realizo-la-charla-sobre-violencia-en-el-noviazgo-un-abordaje-integral-para-la-prevencion\/#breadcrumb\"},\"inLanguage\":\"es\",\"potentialAction\":[{\"@type\":\"ReadAction\",\"target\":[\"https:\/\/www.celttv.com.ar\/index.php\/2013\/09\/28\/se-realizo-la-charla-sobre-violencia-en-el-noviazgo-un-abordaje-integral-para-la-prevencion\/\"]}]},{\"@type\":\"BreadcrumbList\",\"@id\":\"https:\/\/www.celttv.com.ar\/index.php\/2013\/09\/28\/se-realizo-la-charla-sobre-violencia-en-el-noviazgo-un-abordaje-integral-para-la-prevencion\/#breadcrumb\",\"itemListElement\":[{\"@type\":\"ListItem\",\"position\":1,\"name\":\"Inicio\",\"item\":\"https:\/\/www.celttv.com.ar\/\"},{\"@type\":\"ListItem\",\"position\":2,\"name\":\"SE REALIZO LA CHARLA SOBRE &#8220;VIOLENCIA EN EL NOVIAZGO: UN ABORDAJE INTEGRAL PARA LA PREVENCION\"}]},{\"@type\":\"WebSite\",\"@id\":\"https:\/\/www.celttv.com.ar\/#website\",\"url\":\"https:\/\/www.celttv.com.ar\/\",\"name\":\"CELTTV\",\"description\":\"Cooperativa El\u00e9ctrica de Tornquist\",\"publisher\":{\"@id\":\"https:\/\/www.celttv.com.ar\/#organization\"},\"potentialAction\":[{\"@type\":\"SearchAction\",\"target\":{\"@type\":\"EntryPoint\",\"urlTemplate\":\"https:\/\/www.celttv.com.ar\/?s={search_term_string}\"},\"query-input\":\"required name=search_term_string\"}],\"inLanguage\":\"es\"},{\"@type\":\"Organization\",\"@id\":\"https:\/\/www.celttv.com.ar\/#organization\",\"name\":\"CELTTV\",\"url\":\"https:\/\/www.celttv.com.ar\/\",\"sameAs\":[\"https:\/\/www.youtube.com\/channel\/UCz_oIt8Hig64Ub-EmcNPIhg\",\"https:\/\/www.facebook.com\/celtTV\/\"],\"logo\":{\"@type\":\"ImageObject\",\"inLanguage\":\"es\",\"@id\":\"https:\/\/www.celttv.com.ar\/#\/schema\/logo\/image\/\",\"url\":\"http:\/\/www.celttv.com.ar\/wp-content\/uploads\/2022\/08\/logo-1.png\",\"contentUrl\":\"http:\/\/www.celttv.com.ar\/wp-content\/uploads\/2022\/08\/logo-1.png\",\"width\":461,\"height\":159,\"caption\":\"CELTTV\"},\"image\":{\"@id\":\"https:\/\/www.celttv.com.ar\/#\/schema\/logo\/image\/\"}},{\"@type\":\"Person\",\"@id\":\"https:\/\/www.celttv.com.ar\/#\/schema\/person\/6d99c072dba59953809c81446e9d0ace\",\"name\":\"ulises\",\"image\":{\"@type\":\"ImageObject\",\"inLanguage\":\"es\",\"@id\":\"https:\/\/www.celttv.com.ar\/#\/schema\/person\/image\/\",\"url\":\"https:\/\/secure.gravatar.com\/avatar\/7f2c48bdc33b30088f941fb6082e555f2874c98e20cb159d7b92b50eadfce793?s=96&d=mm&r=g\",\"contentUrl\":\"https:\/\/secure.gravatar.com\/avatar\/7f2c48bdc33b30088f941fb6082e555f2874c98e20cb159d7b92b50eadfce793?s=96&d=mm&r=g\",\"caption\":\"ulises\"},\"sameAs\":[\"http:\/\/www.celttv.com.ar\"]}]}<\/script>\n<!-- \/ Yoast SEO plugin. -->","yoast_head_json":{"title":"SE REALIZO LA CHARLA SOBRE \"VIOLENCIA EN EL NOVIAZGO: UN ABORDAJE INTEGRAL PARA LA PREVENCION - CELTTV","description":"Sitio web de noticias de la localidad de Tornquist, provincia de Buenos Aires, Rep\u00fablica Argentina. Contenido propio originado por periodistas de CELTTV, el canal de TV local de la Cooperativa El\u00e9ctrica de Tornquist. Turismo, Pol\u00edtica, Sociedad, Deporte, Cultura y todo el contenido de inter\u00e9s general que la gente del pueblo y la regi\u00f3n debe conocer.","robots":{"index":"index","follow":"follow","max-snippet":"max-snippet:-1","max-image-preview":"max-image-preview:large","max-video-preview":"max-video-preview:-1"},"canonical":"https:\/\/www.celttv.com.ar\/index.php\/2013\/09\/28\/se-realizo-la-charla-sobre-violencia-en-el-noviazgo-un-abordaje-integral-para-la-prevencion\/","og_locale":"es_ES","og_type":"article","og_title":"SE REALIZO LA CHARLA SOBRE \"VIOLENCIA EN EL NOVIAZGO: UN ABORDAJE INTEGRAL PARA LA PREVENCION - CELTTV","og_description":"Sitio web de noticias de la localidad de Tornquist, provincia de Buenos Aires, Rep\u00fablica Argentina. Contenido propio originado por periodistas de CELTTV, el canal de TV local de la Cooperativa El\u00e9ctrica de Tornquist. Turismo, Pol\u00edtica, Sociedad, Deporte, Cultura y todo el contenido de inter\u00e9s general que la gente del pueblo y la regi\u00f3n debe conocer.","og_url":"https:\/\/www.celttv.com.ar\/index.php\/2013\/09\/28\/se-realizo-la-charla-sobre-violencia-en-el-noviazgo-un-abordaje-integral-para-la-prevencion\/","og_site_name":"CELTTV","article_publisher":"https:\/\/www.facebook.com\/celtTV\/","article_published_time":"2013-09-28T16:32:18+00:00","author":"ulises","twitter_card":"summary_large_image","twitter_misc":{"Escrito por":"ulises","Tiempo de lectura":"1 minuto"},"schema":{"@context":"https:\/\/schema.org","@graph":[{"@type":"NewsArticle","@id":"https:\/\/www.celttv.com.ar\/index.php\/2013\/09\/28\/se-realizo-la-charla-sobre-violencia-en-el-noviazgo-un-abordaje-integral-para-la-prevencion\/#article","isPartOf":{"@id":"https:\/\/www.celttv.com.ar\/index.php\/2013\/09\/28\/se-realizo-la-charla-sobre-violencia-en-el-noviazgo-un-abordaje-integral-para-la-prevencion\/"},"author":{"name":"ulises","@id":"https:\/\/www.celttv.com.ar\/#\/schema\/person\/6d99c072dba59953809c81446e9d0ace"},"headline":"SE REALIZO LA CHARLA SOBRE &#8220;VIOLENCIA EN EL NOVIAZGO: UN ABORDAJE INTEGRAL PARA LA PREVENCION","datePublished":"2013-09-28T16:32:18+00:00","dateModified":"2013-09-28T16:32:18+00:00","mainEntityOfPage":{"@id":"https:\/\/www.celttv.com.ar\/index.php\/2013\/09\/28\/se-realizo-la-charla-sobre-violencia-en-el-noviazgo-un-abordaje-integral-para-la-prevencion\/"},"wordCount":162,"publisher":{"@id":"https:\/\/www.celttv.com.ar\/#organization"},"articleSection":["Comunidad","Destacadas","Videos Destacados"],"inLanguage":"es"},{"@type":"WebPage","@id":"https:\/\/www.celttv.com.ar\/index.php\/2013\/09\/28\/se-realizo-la-charla-sobre-violencia-en-el-noviazgo-un-abordaje-integral-para-la-prevencion\/","url":"https:\/\/www.celttv.com.ar\/index.php\/2013\/09\/28\/se-realizo-la-charla-sobre-violencia-en-el-noviazgo-un-abordaje-integral-para-la-prevencion\/","name":"SE REALIZO LA CHARLA SOBRE \"VIOLENCIA EN EL NOVIAZGO: UN ABORDAJE INTEGRAL PARA LA PREVENCION - CELTTV","isPartOf":{"@id":"https:\/\/www.celttv.com.ar\/#website"},"datePublished":"2013-09-28T16:32:18+00:00","dateModified":"2013-09-28T16:32:18+00:00","description":"Sitio web de noticias de la localidad de Tornquist, provincia de Buenos Aires, Rep\u00fablica Argentina. Contenido propio originado por periodistas de CELTTV, el canal de TV local de la Cooperativa El\u00e9ctrica de Tornquist. Turismo, Pol\u00edtica, Sociedad, Deporte, Cultura y todo el contenido de inter\u00e9s general que la gente del pueblo y la regi\u00f3n debe conocer.","breadcrumb":{"@id":"https:\/\/www.celttv.com.ar\/index.php\/2013\/09\/28\/se-realizo-la-charla-sobre-violencia-en-el-noviazgo-un-abordaje-integral-para-la-prevencion\/#breadcrumb"},"inLanguage":"es","potentialAction":[{"@type":"ReadAction","target":["https:\/\/www.celttv.com.ar\/index.php\/2013\/09\/28\/se-realizo-la-charla-sobre-violencia-en-el-noviazgo-un-abordaje-integral-para-la-prevencion\/"]}]},{"@type":"BreadcrumbList","@id":"https:\/\/www.celttv.com.ar\/index.php\/2013\/09\/28\/se-realizo-la-charla-sobre-violencia-en-el-noviazgo-un-abordaje-integral-para-la-prevencion\/#breadcrumb","itemListElement":[{"@type":"ListItem","position":1,"name":"Inicio","item":"https:\/\/www.celttv.com.ar\/"},{"@type":"ListItem","position":2,"name":"SE REALIZO LA CHARLA SOBRE &#8220;VIOLENCIA EN EL NOVIAZGO: UN ABORDAJE INTEGRAL PARA LA PREVENCION"}]},{"@type":"WebSite","@id":"https:\/\/www.celttv.com.ar\/#website","url":"https:\/\/www.celttv.com.ar\/","name":"CELTTV","description":"Cooperativa El\u00e9ctrica de Tornquist","publisher":{"@id":"https:\/\/www.celttv.com.ar\/#organization"},"potentialAction":[{"@type":"SearchAction","target":{"@type":"EntryPoint","urlTemplate":"https:\/\/www.celttv.com.ar\/?s={search_term_string}"},"query-input":"required name=search_term_string"}],"inLanguage":"es"},{"@type":"Organization","@id":"https:\/\/www.celttv.com.ar\/#organization","name":"CELTTV","url":"https:\/\/www.celttv.com.ar\/","sameAs":["https:\/\/www.youtube.com\/channel\/UCz_oIt8Hig64Ub-EmcNPIhg","https:\/\/www.facebook.com\/celtTV\/"],"logo":{"@type":"ImageObject","inLanguage":"es","@id":"https:\/\/www.celttv.com.ar\/#\/schema\/logo\/image\/","url":"http:\/\/www.celttv.com.ar\/wp-content\/uploads\/2022\/08\/logo-1.png","contentUrl":"http:\/\/www.celttv.com.ar\/wp-content\/uploads\/2022\/08\/logo-1.png","width":461,"height":159,"caption":"CELTTV"},"image":{"@id":"https:\/\/www.celttv.com.ar\/#\/schema\/logo\/image\/"}},{"@type":"Person","@id":"https:\/\/www.celttv.com.ar\/#\/schema\/person\/6d99c072dba59953809c81446e9d0ace","name":"ulises","image":{"@type":"ImageObject","inLanguage":"es","@id":"https:\/\/www.celttv.com.ar\/#\/schema\/person\/image\/","url":"https:\/\/secure.gravatar.com\/avatar\/7f2c48bdc33b30088f941fb6082e555f2874c98e20cb159d7b92b50eadfce793?s=96&d=mm&r=g","contentUrl":"https:\/\/secure.gravatar.com\/avatar\/7f2c48bdc33b30088f941fb6082e555f2874c98e20cb159d7b92b50eadfce793?s=96&d=mm&r=g","caption":"ulises"},"sameAs":["http:\/\/www.celttv.com.ar"]}]}},"_links":{"self":[{"href":"https:\/\/www.celttv.com.ar\/index.php\/wp-json\/wp\/v2\/posts\/14537","targetHints":{"allow":["GET"]}}],"collection":[{"href":"https:\/\/www.celttv.com.ar\/index.php\/wp-json\/wp\/v2\/posts"}],"about":[{"href":"https:\/\/www.celttv.com.ar\/index.php\/wp-json\/wp\/v2\/types\/post"}],"author":[{"embeddable":true,"href":"https:\/\/www.celttv.com.ar\/index.php\/wp-json\/wp\/v2\/users\/1"}],"replies":[{"embeddable":true,"href":"https:\/\/www.celttv.com.ar\/index.php\/wp-json\/wp\/v2\/comments?post=14537"}],"version-history":[{"count":0,"href":"https:\/\/www.celttv.com.ar\/index.php\/wp-json\/wp\/v2\/posts\/14537\/revisions"}],"wp:attachment":[{"href":"https:\/\/www.celttv.com.ar\/index.php\/wp-json\/wp\/v2\/media?parent=14537"}],"wp:term":[{"taxonomy":"category","embeddable":true,"href":"https:\/\/www.celttv.com.ar\/index.php\/wp-json\/wp\/v2\/categories?post=14537"},{"taxonomy":"post_tag","embeddable":true,"href":"https:\/\/www.celttv.com.ar\/index.php\/wp-json\/wp\/v2\/tags?post=14537"}],"curies":[{"name":"wp","href":"https:\/\/api.w.org\/{rel}","templated":true}]}}