{"id":14543,"date":"2013-10-01T19:00:06","date_gmt":"2013-10-01T19:00:06","guid":{"rendered":"http:\/\/www.tvcnoticias.com.ar\/?p=14543"},"modified":"2013-10-01T19:00:06","modified_gmt":"2013-10-01T19:00:06","slug":"ley-de-medios-insultan-a-millones-de-argentinos-que-eligieron-ser-cooperativistas","status":"publish","type":"post","link":"https:\/\/www.celttv.com.ar\/index.php\/2013\/10\/01\/ley-de-medios-insultan-a-millones-de-argentinos-que-eligieron-ser-cooperativistas\/","title":{"rendered":"LEY DE MEDIOS\t &#8221;Insultan a millones de argentinos que eligieron ser cooperativistas&#8221;"},"content":{"rendered":"<table border=\"0\" width=\"540\" align=\"center\">\n<tbody>\n<tr>\n<td width=\"540\">LEY DE MEDIOS<\/td>\n<td rowspan=\"4\" width=\"-2\"><\/td>\n<\/tr>\n<tr>\n<td><strong>&#8221;Insultan a millones de argentinos que eligieron ser cooperativistas&#8221;<\/strong><\/td>\n<\/tr>\n<tr>\n<td>La Cooperativa de Provisi\u00f3n y Comercializaci\u00f3n de Servicios Comunitarios de Radiodifusi\u00f3n rechaz\u00f3 las acusaciones de empresarios lucrativos que calificaron de monopolios a las entidades formadas por los propios usuarios. Ratificaron &#8220;la seguridad jur\u00eddica&#8221; que provee la Ley de Servicios de Comunicaci\u00f3n Audiovisual.<br \/>\n<strong>(Ansol).- <\/strong>La Cooperativa de Provisi\u00f3n y Comercializaci\u00f3n de Servicios Comunitarios de Radiodifusi\u00f3n (Colsecor) repudi\u00f3 las declaraciones vertidas durante las Jornadas Internacionales 2013 organizadas por la Asociaci\u00f3n Argentina de Televisi\u00f3n por Cable (ATVC) que las conceptuaban como &#8220;monopolios&#8221; que cobran a &#8220;precio vil&#8221;.<br \/>\n<em>&#8220;Acusan a las cooperativas ser monopolios. \u00bfQui\u00e9nes? Los de siempre. Algunos empresarios pymes dedicados a la prestaci\u00f3n de servicios de televisi\u00f3n por cable. Para que no queden dudas, decimos: no todos.<\/em><br \/>\n<em>Lo hicieron desde que las cooperativas fueron silenciadas por la dictadura c\u00edvico- militar para desarrollar la comunicaci\u00f3n audiovisual en nuestro pa\u00eds. \u00bfPor qu\u00e9? Porque ellos, como representantes del lucro, y s\u00f3lo ellos junto al Estado eran los que ten\u00edan el privilegio de poder tener ese derecho al ejercicio de la comunicaci\u00f3n televisiva.<\/em><br \/>\n<em>Insultan con malicia la inteligencia de millones de argentinos que eligieron ser cooperativistas para organizarse en la auto prestaci\u00f3n de los servicios esenciales, p\u00fablicos y comunitarios en miles de pueblos tierra adentro de nuestra Argentina.<\/em><br \/>\n<em>Desconocen y menosprecian el valor de la solidaridad que nos moviliza desde nuestros or\u00edgenes con m\u00e1s de 100 a\u00f1os de experiencia comprobada en diversos escenarios hist\u00f3ricos donde ante la ausencia del Estado fue la comunidad la que form\u00f3 las cooperativas como empresas sustentables para el desarrollo local.<\/em><br \/>\n<em>Son conservadores que resisten aun la democratizaci\u00f3n del pa\u00eds para mantener sus negocios de individualidad mezquina. La Ley de Servicios de Comunicaci\u00f3n Audiovisual, seg\u00fan su visi\u00f3n sesgada, vino a crear privilegios a las cooperativas en desmedro de sus posiciones empresarias.<\/em><br \/>\n<em>Claro, durante d\u00e9cadas no tuvieron riesgo empresario porque ten\u00edan las garant\u00edas de una norma viciada desde el a\u00f1o 80. Y nuestra democracia tard\u00f3 26 a\u00f1os en hacer la reparaci\u00f3n de este fatalismo que cre\u00f3 poderosos altaneros que a\u00fan se afincan en las arbitrariedades que los beneficiaron en el pasado.<\/em><br \/>\n<em>Cobraban un abono sin competencia. \u00bfMonopolios? Dicen ser pymes desde una ornamentaci\u00f3n amable para la puesta en escena de sus discursos que sulfuran inequidades y desigualdades. Tampoco invert\u00edan lo suficiente para brindar un buen servicio a un costo razonable. Por algo es que donde hay una cooperativa, la comunidad siempre pide que lo desarrolle la econom\u00eda social organizada.<\/em><br \/>\n<em>Es verdad que hay empresas locales que han hecho bien las cosas y los usuarios sin ser asociados se han mostrados conformes. En las localidades todos se conocen y nadie puede escapar al sentido com\u00fan que se devela con la contundencia de la imagen que muestra c\u00f3mo vive cada uno.<\/em><br \/>\n<em>Hoy tenemos seguridad jur\u00eddica con una ley promulgada por el Congreso de la Naci\u00f3n. Hay lugar para todos. La competencia y las reglas claras tan valoradas por el mundo empresario para desarrollarse est\u00e1n consolidadas para que nadie se sienta excluido. Las pymes pueden y las cooperativas de servicios p\u00fablicos, tambi\u00e9n.&#8221;<\/em><\/td>\n<\/tr>\n<\/tbody>\n<\/table>\n<p>&nbsp;<\/p>\n","protected":false},"excerpt":{"rendered":"<p>LEY DE MEDIOS &#8221;Insultan a millones de argentinos que eligieron ser cooperativistas&#8221; La Cooperativa de Provisi\u00f3n y Comercializaci\u00f3n de Servicios Comunitarios de Radiodifusi\u00f3n rechaz\u00f3 las acusaciones de empresarios lucrativos que calificaron de monopolios a las entidades formadas por los propios usuarios. Ratificaron &#8220;la seguridad jur\u00eddica&#8221; que provee la Ley de Servicios de Comunicaci\u00f3n Audiovisual. (Ansol).- [&hellip;]<\/p>\n","protected":false},"author":1,"featured_media":0,"comment_status":"closed","ping_status":"open","sticky":false,"template":"","format":"standard","meta":{"footnotes":""},"categories":[51,52,53],"tags":[],"class_list":["post-14543","post","type-post","status-publish","format-standard","hentry","category-comunidad","category-destacadas","category-politica"],"yoast_head":"<!-- This site is optimized with the Yoast SEO plugin v19.7.1 - https:\/\/yoast.com\/wordpress\/plugins\/seo\/ -->\n<title>LEY DE MEDIOS &#039;&#039;Insultan a millones de argentinos que eligieron ser cooperativistas&#039;&#039; - CELTTV<\/title>\n<meta name=\"description\" content=\"Sitio web de noticias de la localidad de Tornquist, provincia de Buenos Aires, Rep\u00fablica Argentina. Contenido propio originado por periodistas de CELTTV, el canal de TV local de la Cooperativa El\u00e9ctrica de Tornquist. Turismo, Pol\u00edtica, Sociedad, Deporte, Cultura y todo el contenido de inter\u00e9s general que la gente del pueblo y la regi\u00f3n debe conocer.\" \/>\n<meta name=\"robots\" content=\"index, follow, max-snippet:-1, max-image-preview:large, max-video-preview:-1\" \/>\n<link rel=\"canonical\" href=\"https:\/\/www.celttv.com.ar\/index.php\/2013\/10\/01\/ley-de-medios-insultan-a-millones-de-argentinos-que-eligieron-ser-cooperativistas\/\" \/>\n<meta property=\"og:locale\" content=\"es_ES\" \/>\n<meta property=\"og:type\" content=\"article\" \/>\n<meta property=\"og:title\" content=\"LEY DE MEDIOS &#039;&#039;Insultan a millones de argentinos que eligieron ser cooperativistas&#039;&#039; - CELTTV\" \/>\n<meta property=\"og:description\" content=\"Sitio web de noticias de la localidad de Tornquist, provincia de Buenos Aires, Rep\u00fablica Argentina. Contenido propio originado por periodistas de CELTTV, el canal de TV local de la Cooperativa El\u00e9ctrica de Tornquist. Turismo, Pol\u00edtica, Sociedad, Deporte, Cultura y todo el contenido de inter\u00e9s general que la gente del pueblo y la regi\u00f3n debe conocer.\" \/>\n<meta property=\"og:url\" content=\"https:\/\/www.celttv.com.ar\/index.php\/2013\/10\/01\/ley-de-medios-insultan-a-millones-de-argentinos-que-eligieron-ser-cooperativistas\/\" \/>\n<meta property=\"og:site_name\" content=\"CELTTV\" \/>\n<meta property=\"article:publisher\" content=\"https:\/\/www.facebook.com\/celtTV\/\" \/>\n<meta property=\"article:published_time\" content=\"2013-10-01T19:00:06+00:00\" \/>\n<meta name=\"author\" content=\"ulises\" \/>\n<meta name=\"twitter:card\" content=\"summary_large_image\" \/>\n<meta name=\"twitter:label1\" content=\"Escrito por\" \/>\n\t<meta name=\"twitter:data1\" content=\"ulises\" \/>\n\t<meta name=\"twitter:label2\" content=\"Tiempo de lectura\" \/>\n\t<meta name=\"twitter:data2\" content=\"3 minutos\" \/>\n<script type=\"application\/ld+json\" class=\"yoast-schema-graph\">{\"@context\":\"https:\/\/schema.org\",\"@graph\":[{\"@type\":\"NewsArticle\",\"@id\":\"https:\/\/www.celttv.com.ar\/index.php\/2013\/10\/01\/ley-de-medios-insultan-a-millones-de-argentinos-que-eligieron-ser-cooperativistas\/#article\",\"isPartOf\":{\"@id\":\"https:\/\/www.celttv.com.ar\/index.php\/2013\/10\/01\/ley-de-medios-insultan-a-millones-de-argentinos-que-eligieron-ser-cooperativistas\/\"},\"author\":{\"name\":\"ulises\",\"@id\":\"https:\/\/www.celttv.com.ar\/#\/schema\/person\/6d99c072dba59953809c81446e9d0ace\"},\"headline\":\"LEY DE MEDIOS &#8221;Insultan a millones de argentinos que eligieron ser cooperativistas&#8221;\",\"datePublished\":\"2013-10-01T19:00:06+00:00\",\"dateModified\":\"2013-10-01T19:00:06+00:00\",\"mainEntityOfPage\":{\"@id\":\"https:\/\/www.celttv.com.ar\/index.php\/2013\/10\/01\/ley-de-medios-insultan-a-millones-de-argentinos-que-eligieron-ser-cooperativistas\/\"},\"wordCount\":565,\"publisher\":{\"@id\":\"https:\/\/www.celttv.com.ar\/#organization\"},\"articleSection\":[\"Comunidad\",\"Destacadas\",\"Pol\u00edtica\"],\"inLanguage\":\"es\"},{\"@type\":\"WebPage\",\"@id\":\"https:\/\/www.celttv.com.ar\/index.php\/2013\/10\/01\/ley-de-medios-insultan-a-millones-de-argentinos-que-eligieron-ser-cooperativistas\/\",\"url\":\"https:\/\/www.celttv.com.ar\/index.php\/2013\/10\/01\/ley-de-medios-insultan-a-millones-de-argentinos-que-eligieron-ser-cooperativistas\/\",\"name\":\"LEY DE MEDIOS ''Insultan a millones de argentinos que eligieron ser cooperativistas'' - CELTTV\",\"isPartOf\":{\"@id\":\"https:\/\/www.celttv.com.ar\/#website\"},\"datePublished\":\"2013-10-01T19:00:06+00:00\",\"dateModified\":\"2013-10-01T19:00:06+00:00\",\"description\":\"Sitio web de noticias de la localidad de Tornquist, provincia de Buenos Aires, Rep\u00fablica Argentina. Contenido propio originado por periodistas de CELTTV, el canal de TV local de la Cooperativa El\u00e9ctrica de Tornquist. Turismo, Pol\u00edtica, Sociedad, Deporte, Cultura y todo el contenido de inter\u00e9s general que la gente del pueblo y la regi\u00f3n debe conocer.\",\"breadcrumb\":{\"@id\":\"https:\/\/www.celttv.com.ar\/index.php\/2013\/10\/01\/ley-de-medios-insultan-a-millones-de-argentinos-que-eligieron-ser-cooperativistas\/#breadcrumb\"},\"inLanguage\":\"es\",\"potentialAction\":[{\"@type\":\"ReadAction\",\"target\":[\"https:\/\/www.celttv.com.ar\/index.php\/2013\/10\/01\/ley-de-medios-insultan-a-millones-de-argentinos-que-eligieron-ser-cooperativistas\/\"]}]},{\"@type\":\"BreadcrumbList\",\"@id\":\"https:\/\/www.celttv.com.ar\/index.php\/2013\/10\/01\/ley-de-medios-insultan-a-millones-de-argentinos-que-eligieron-ser-cooperativistas\/#breadcrumb\",\"itemListElement\":[{\"@type\":\"ListItem\",\"position\":1,\"name\":\"Inicio\",\"item\":\"https:\/\/www.celttv.com.ar\/\"},{\"@type\":\"ListItem\",\"position\":2,\"name\":\"LEY DE MEDIOS &#8221;Insultan a millones de argentinos que eligieron ser cooperativistas&#8221;\"}]},{\"@type\":\"WebSite\",\"@id\":\"https:\/\/www.celttv.com.ar\/#website\",\"url\":\"https:\/\/www.celttv.com.ar\/\",\"name\":\"CELTTV\",\"description\":\"Cooperativa El\u00e9ctrica de Tornquist\",\"publisher\":{\"@id\":\"https:\/\/www.celttv.com.ar\/#organization\"},\"potentialAction\":[{\"@type\":\"SearchAction\",\"target\":{\"@type\":\"EntryPoint\",\"urlTemplate\":\"https:\/\/www.celttv.com.ar\/?s={search_term_string}\"},\"query-input\":\"required name=search_term_string\"}],\"inLanguage\":\"es\"},{\"@type\":\"Organization\",\"@id\":\"https:\/\/www.celttv.com.ar\/#organization\",\"name\":\"CELTTV\",\"url\":\"https:\/\/www.celttv.com.ar\/\",\"sameAs\":[\"https:\/\/www.youtube.com\/channel\/UCz_oIt8Hig64Ub-EmcNPIhg\",\"https:\/\/www.facebook.com\/celtTV\/\"],\"logo\":{\"@type\":\"ImageObject\",\"inLanguage\":\"es\",\"@id\":\"https:\/\/www.celttv.com.ar\/#\/schema\/logo\/image\/\",\"url\":\"http:\/\/www.celttv.com.ar\/wp-content\/uploads\/2022\/08\/logo-1.png\",\"contentUrl\":\"http:\/\/www.celttv.com.ar\/wp-content\/uploads\/2022\/08\/logo-1.png\",\"width\":461,\"height\":159,\"caption\":\"CELTTV\"},\"image\":{\"@id\":\"https:\/\/www.celttv.com.ar\/#\/schema\/logo\/image\/\"}},{\"@type\":\"Person\",\"@id\":\"https:\/\/www.celttv.com.ar\/#\/schema\/person\/6d99c072dba59953809c81446e9d0ace\",\"name\":\"ulises\",\"image\":{\"@type\":\"ImageObject\",\"inLanguage\":\"es\",\"@id\":\"https:\/\/www.celttv.com.ar\/#\/schema\/person\/image\/\",\"url\":\"https:\/\/secure.gravatar.com\/avatar\/7f2c48bdc33b30088f941fb6082e555f2874c98e20cb159d7b92b50eadfce793?s=96&d=mm&r=g\",\"contentUrl\":\"https:\/\/secure.gravatar.com\/avatar\/7f2c48bdc33b30088f941fb6082e555f2874c98e20cb159d7b92b50eadfce793?s=96&d=mm&r=g\",\"caption\":\"ulises\"},\"sameAs\":[\"http:\/\/www.celttv.com.ar\"]}]}<\/script>\n<!-- \/ Yoast SEO plugin. -->","yoast_head_json":{"title":"LEY DE MEDIOS ''Insultan a millones de argentinos que eligieron ser cooperativistas'' - CELTTV","description":"Sitio web de noticias de la localidad de Tornquist, provincia de Buenos Aires, Rep\u00fablica Argentina. Contenido propio originado por periodistas de CELTTV, el canal de TV local de la Cooperativa El\u00e9ctrica de Tornquist. Turismo, Pol\u00edtica, Sociedad, Deporte, Cultura y todo el contenido de inter\u00e9s general que la gente del pueblo y la regi\u00f3n debe conocer.","robots":{"index":"index","follow":"follow","max-snippet":"max-snippet:-1","max-image-preview":"max-image-preview:large","max-video-preview":"max-video-preview:-1"},"canonical":"https:\/\/www.celttv.com.ar\/index.php\/2013\/10\/01\/ley-de-medios-insultan-a-millones-de-argentinos-que-eligieron-ser-cooperativistas\/","og_locale":"es_ES","og_type":"article","og_title":"LEY DE MEDIOS ''Insultan a millones de argentinos que eligieron ser cooperativistas'' - CELTTV","og_description":"Sitio web de noticias de la localidad de Tornquist, provincia de Buenos Aires, Rep\u00fablica Argentina. Contenido propio originado por periodistas de CELTTV, el canal de TV local de la Cooperativa El\u00e9ctrica de Tornquist. Turismo, Pol\u00edtica, Sociedad, Deporte, Cultura y todo el contenido de inter\u00e9s general que la gente del pueblo y la regi\u00f3n debe conocer.","og_url":"https:\/\/www.celttv.com.ar\/index.php\/2013\/10\/01\/ley-de-medios-insultan-a-millones-de-argentinos-que-eligieron-ser-cooperativistas\/","og_site_name":"CELTTV","article_publisher":"https:\/\/www.facebook.com\/celtTV\/","article_published_time":"2013-10-01T19:00:06+00:00","author":"ulises","twitter_card":"summary_large_image","twitter_misc":{"Escrito por":"ulises","Tiempo de lectura":"3 minutos"},"schema":{"@context":"https:\/\/schema.org","@graph":[{"@type":"NewsArticle","@id":"https:\/\/www.celttv.com.ar\/index.php\/2013\/10\/01\/ley-de-medios-insultan-a-millones-de-argentinos-que-eligieron-ser-cooperativistas\/#article","isPartOf":{"@id":"https:\/\/www.celttv.com.ar\/index.php\/2013\/10\/01\/ley-de-medios-insultan-a-millones-de-argentinos-que-eligieron-ser-cooperativistas\/"},"author":{"name":"ulises","@id":"https:\/\/www.celttv.com.ar\/#\/schema\/person\/6d99c072dba59953809c81446e9d0ace"},"headline":"LEY DE MEDIOS &#8221;Insultan a millones de argentinos que eligieron ser cooperativistas&#8221;","datePublished":"2013-10-01T19:00:06+00:00","dateModified":"2013-10-01T19:00:06+00:00","mainEntityOfPage":{"@id":"https:\/\/www.celttv.com.ar\/index.php\/2013\/10\/01\/ley-de-medios-insultan-a-millones-de-argentinos-que-eligieron-ser-cooperativistas\/"},"wordCount":565,"publisher":{"@id":"https:\/\/www.celttv.com.ar\/#organization"},"articleSection":["Comunidad","Destacadas","Pol\u00edtica"],"inLanguage":"es"},{"@type":"WebPage","@id":"https:\/\/www.celttv.com.ar\/index.php\/2013\/10\/01\/ley-de-medios-insultan-a-millones-de-argentinos-que-eligieron-ser-cooperativistas\/","url":"https:\/\/www.celttv.com.ar\/index.php\/2013\/10\/01\/ley-de-medios-insultan-a-millones-de-argentinos-que-eligieron-ser-cooperativistas\/","name":"LEY DE MEDIOS ''Insultan a millones de argentinos que eligieron ser cooperativistas'' - CELTTV","isPartOf":{"@id":"https:\/\/www.celttv.com.ar\/#website"},"datePublished":"2013-10-01T19:00:06+00:00","dateModified":"2013-10-01T19:00:06+00:00","description":"Sitio web de noticias de la localidad de Tornquist, provincia de Buenos Aires, Rep\u00fablica Argentina. Contenido propio originado por periodistas de CELTTV, el canal de TV local de la Cooperativa El\u00e9ctrica de Tornquist. Turismo, Pol\u00edtica, Sociedad, Deporte, Cultura y todo el contenido de inter\u00e9s general que la gente del pueblo y la regi\u00f3n debe conocer.","breadcrumb":{"@id":"https:\/\/www.celttv.com.ar\/index.php\/2013\/10\/01\/ley-de-medios-insultan-a-millones-de-argentinos-que-eligieron-ser-cooperativistas\/#breadcrumb"},"inLanguage":"es","potentialAction":[{"@type":"ReadAction","target":["https:\/\/www.celttv.com.ar\/index.php\/2013\/10\/01\/ley-de-medios-insultan-a-millones-de-argentinos-que-eligieron-ser-cooperativistas\/"]}]},{"@type":"BreadcrumbList","@id":"https:\/\/www.celttv.com.ar\/index.php\/2013\/10\/01\/ley-de-medios-insultan-a-millones-de-argentinos-que-eligieron-ser-cooperativistas\/#breadcrumb","itemListElement":[{"@type":"ListItem","position":1,"name":"Inicio","item":"https:\/\/www.celttv.com.ar\/"},{"@type":"ListItem","position":2,"name":"LEY DE MEDIOS &#8221;Insultan a millones de argentinos que eligieron ser cooperativistas&#8221;"}]},{"@type":"WebSite","@id":"https:\/\/www.celttv.com.ar\/#website","url":"https:\/\/www.celttv.com.ar\/","name":"CELTTV","description":"Cooperativa El\u00e9ctrica de Tornquist","publisher":{"@id":"https:\/\/www.celttv.com.ar\/#organization"},"potentialAction":[{"@type":"SearchAction","target":{"@type":"EntryPoint","urlTemplate":"https:\/\/www.celttv.com.ar\/?s={search_term_string}"},"query-input":"required name=search_term_string"}],"inLanguage":"es"},{"@type":"Organization","@id":"https:\/\/www.celttv.com.ar\/#organization","name":"CELTTV","url":"https:\/\/www.celttv.com.ar\/","sameAs":["https:\/\/www.youtube.com\/channel\/UCz_oIt8Hig64Ub-EmcNPIhg","https:\/\/www.facebook.com\/celtTV\/"],"logo":{"@type":"ImageObject","inLanguage":"es","@id":"https:\/\/www.celttv.com.ar\/#\/schema\/logo\/image\/","url":"http:\/\/www.celttv.com.ar\/wp-content\/uploads\/2022\/08\/logo-1.png","contentUrl":"http:\/\/www.celttv.com.ar\/wp-content\/uploads\/2022\/08\/logo-1.png","width":461,"height":159,"caption":"CELTTV"},"image":{"@id":"https:\/\/www.celttv.com.ar\/#\/schema\/logo\/image\/"}},{"@type":"Person","@id":"https:\/\/www.celttv.com.ar\/#\/schema\/person\/6d99c072dba59953809c81446e9d0ace","name":"ulises","image":{"@type":"ImageObject","inLanguage":"es","@id":"https:\/\/www.celttv.com.ar\/#\/schema\/person\/image\/","url":"https:\/\/secure.gravatar.com\/avatar\/7f2c48bdc33b30088f941fb6082e555f2874c98e20cb159d7b92b50eadfce793?s=96&d=mm&r=g","contentUrl":"https:\/\/secure.gravatar.com\/avatar\/7f2c48bdc33b30088f941fb6082e555f2874c98e20cb159d7b92b50eadfce793?s=96&d=mm&r=g","caption":"ulises"},"sameAs":["http:\/\/www.celttv.com.ar"]}]}},"_links":{"self":[{"href":"https:\/\/www.celttv.com.ar\/index.php\/wp-json\/wp\/v2\/posts\/14543","targetHints":{"allow":["GET"]}}],"collection":[{"href":"https:\/\/www.celttv.com.ar\/index.php\/wp-json\/wp\/v2\/posts"}],"about":[{"href":"https:\/\/www.celttv.com.ar\/index.php\/wp-json\/wp\/v2\/types\/post"}],"author":[{"embeddable":true,"href":"https:\/\/www.celttv.com.ar\/index.php\/wp-json\/wp\/v2\/users\/1"}],"replies":[{"embeddable":true,"href":"https:\/\/www.celttv.com.ar\/index.php\/wp-json\/wp\/v2\/comments?post=14543"}],"version-history":[{"count":0,"href":"https:\/\/www.celttv.com.ar\/index.php\/wp-json\/wp\/v2\/posts\/14543\/revisions"}],"wp:attachment":[{"href":"https:\/\/www.celttv.com.ar\/index.php\/wp-json\/wp\/v2\/media?parent=14543"}],"wp:term":[{"taxonomy":"category","embeddable":true,"href":"https:\/\/www.celttv.com.ar\/index.php\/wp-json\/wp\/v2\/categories?post=14543"},{"taxonomy":"post_tag","embeddable":true,"href":"https:\/\/www.celttv.com.ar\/index.php\/wp-json\/wp\/v2\/tags?post=14543"}],"curies":[{"name":"wp","href":"https:\/\/api.w.org\/{rel}","templated":true}]}}