{"id":14547,"date":"2013-10-01T19:16:50","date_gmt":"2013-10-01T19:16:50","guid":{"rendered":"http:\/\/www.tvcnoticias.com.ar\/?p=14547"},"modified":"2013-10-01T19:16:50","modified_gmt":"2013-10-01T19:16:50","slug":"en-el-dia-del-turismo-valentina-breti-fue-electa-reina-de-la-comarca-turistica","status":"publish","type":"post","link":"https:\/\/www.celttv.com.ar\/index.php\/2013\/10\/01\/en-el-dia-del-turismo-valentina-breti-fue-electa-reina-de-la-comarca-turistica\/","title":{"rendered":"EN EL DIA DEL TURISMO, VALENTINA BRETI FUE ELECTA REINA DE LA COMARCA TURISTICA"},"content":{"rendered":"<p><br \/>\nEl pasado s\u00e1bado, con motivo de celebrase el D\u00eda Internacional del Turismo, se realiz\u00f3 una cena show en las instalaciones del Cuartel de Bomberos Voluntarios de Sierra de la Ventana, con el objetivo de recaudar fondos para los festejos de la edici\u00f3n N\u00ba 50 de la Fiesta Provincial de Reyes Magos, prevista para el 5 de enero 2014.\u00a0 \u00a0El sal\u00f3n se visti\u00f3 de gala para recibir a m\u00e1s de 100 personas, quienes en la recepci\u00f3n degustaron fiambres y delicatesses acompa\u00f1ados con vinos Ventania de Bodega Saldungaray. Luego, se disfrut\u00f3 de una entrada de vitel tone y plato principal bife de chorizo relleno con salsa malbec y papas r\u00fasticas y el postre marquisse de chocolate blanco y coulis de frutos rojos.<br \/>\nEl servicio estuvo a cargo de La Comarca eventos. La conducci\u00f3n del evento a cargo de Oscar Kaltembach y Gisela Ramos reconocidos locutores de la zona y la region.<br \/>\nLa moda de la mano de HOME MODA \u2013 MARA GUTIERREZ PRODUCCIONES.\u00a0 \u00a0En el transcurso de la noche las postulantes a reina de la Comarca Tur\u00edstica de Sierra de la Ventana comenzaban a recorrer la pasarela ante la mirada expectante de sus padres, que las acompa\u00f1aban ubicados en un lugar estrat\u00e9gico del sal\u00f3n.\u00a0 El D\u00fao Bahiense In- Canto Pop L\u00edrico, integrado por Valeria Mangano y Pablo Balestri, le dio el toque de distinci\u00f3n a la noche con la voz y el talento. La magia, el ritmo, la elegancia y el movimiento junto a la pareja de salsa integrada por Mariela Cardoso y Daniel Gonzalez .<br \/>\nComo Reina del Turismo de la Comarca Tur\u00edstica de Sierra de la Ventana fue electa Valentina Breti, de Saldungaray; como primera princesa qued\u00f3 Mar\u00eda Jos\u00e9 Fern\u00e1ndez, de Sierra de la Ventana, mientras que segunda princesa result\u00f3 Sol Victoria Dilernia, de Bah\u00eda Blanca.\u00a0 \u00a0El Jurado estuvo integrado por Mar\u00eda Rosa Romero (presidente de la comisi\u00f3n de Bomberos Voluntarios), Miriam Ichazo (socia de la Asociaci\u00f3n de Turismo), Silvia Michetti (Home Moda), Rub\u00e9n Testa (secretario de Turismo, Cultura y Deportes) y Leandro Pascale (vicepresidente de la Asociaci\u00f3n para el Desarrollo de la Comarca Tur\u00edstica de Sierra de la Ventana).\u00a0 \u00a0La coronaci\u00f3n de la reina estuvo a cargo del intendente municipal, licenciado Gustavo Trankels; la banda fue entregada por Mar\u00eda Romero, la capa por Joana Schumacher (reina del Ventana Fest. 2013), el cetro Rosana Cardoso (presidenta de la Asociaci\u00f3n de Turismo) y la estad\u00eda en Spa Epecu\u00e9n y las flores Leandro Pascale.\u00a0 \u00a0El cierre \u00a0de la noche lleg\u00f3 con el brindis y el baile esperado por todos al ritmo de salsa.<br \/>\nAgradecemos material y fotos a Rosana Cardozo<\/p>\n","protected":false},"excerpt":{"rendered":"<p>El pasado s\u00e1bado, con motivo de celebrase el D\u00eda Internacional del Turismo, se realiz\u00f3 una cena show en las instalaciones del Cuartel de Bomberos Voluntarios de Sierra de la Ventana, con el objetivo de recaudar fondos para los festejos de la edici\u00f3n N\u00ba 50 de la Fiesta Provincial de Reyes Magos, prevista para el 5 [&hellip;]<\/p>\n","protected":false},"author":1,"featured_media":0,"comment_status":"closed","ping_status":"open","sticky":false,"template":"","format":"standard","meta":{"footnotes":""},"categories":[51,52,56],"tags":[],"class_list":["post-14547","post","type-post","status-publish","format-standard","hentry","category-comunidad","category-destacadas","category-espectaculos"],"yoast_head":"<!-- This site is optimized with the Yoast SEO plugin v19.7.1 - https:\/\/yoast.com\/wordpress\/plugins\/seo\/ -->\n<title>EN EL DIA DEL TURISMO, VALENTINA BRETI FUE ELECTA REINA DE LA COMARCA TURISTICA - CELTTV<\/title>\n<meta name=\"description\" content=\"Sitio web de noticias de la localidad de Tornquist, provincia de Buenos Aires, Rep\u00fablica Argentina. Contenido propio originado por periodistas de CELTTV, el canal de TV local de la Cooperativa El\u00e9ctrica de Tornquist. Turismo, Pol\u00edtica, Sociedad, Deporte, Cultura y todo el contenido de inter\u00e9s general que la gente del pueblo y la regi\u00f3n debe conocer.\" \/>\n<meta name=\"robots\" content=\"index, follow, max-snippet:-1, max-image-preview:large, max-video-preview:-1\" \/>\n<link rel=\"canonical\" href=\"https:\/\/www.celttv.com.ar\/index.php\/2013\/10\/01\/en-el-dia-del-turismo-valentina-breti-fue-electa-reina-de-la-comarca-turistica\/\" \/>\n<meta property=\"og:locale\" content=\"es_ES\" \/>\n<meta property=\"og:type\" content=\"article\" \/>\n<meta property=\"og:title\" content=\"EN EL DIA DEL TURISMO, VALENTINA BRETI FUE ELECTA REINA DE LA COMARCA TURISTICA - CELTTV\" \/>\n<meta property=\"og:description\" content=\"Sitio web de noticias de la localidad de Tornquist, provincia de Buenos Aires, Rep\u00fablica Argentina. Contenido propio originado por periodistas de CELTTV, el canal de TV local de la Cooperativa El\u00e9ctrica de Tornquist. Turismo, Pol\u00edtica, Sociedad, Deporte, Cultura y todo el contenido de inter\u00e9s general que la gente del pueblo y la regi\u00f3n debe conocer.\" \/>\n<meta property=\"og:url\" content=\"https:\/\/www.celttv.com.ar\/index.php\/2013\/10\/01\/en-el-dia-del-turismo-valentina-breti-fue-electa-reina-de-la-comarca-turistica\/\" \/>\n<meta property=\"og:site_name\" content=\"CELTTV\" \/>\n<meta property=\"article:publisher\" content=\"https:\/\/www.facebook.com\/celtTV\/\" \/>\n<meta property=\"article:published_time\" content=\"2013-10-01T19:16:50+00:00\" \/>\n<meta name=\"author\" content=\"ulises\" \/>\n<meta name=\"twitter:card\" content=\"summary_large_image\" \/>\n<meta name=\"twitter:label1\" content=\"Escrito por\" \/>\n\t<meta name=\"twitter:data1\" content=\"ulises\" \/>\n\t<meta name=\"twitter:label2\" content=\"Tiempo de lectura\" \/>\n\t<meta name=\"twitter:data2\" content=\"2 minutos\" \/>\n<script type=\"application\/ld+json\" class=\"yoast-schema-graph\">{\"@context\":\"https:\/\/schema.org\",\"@graph\":[{\"@type\":\"NewsArticle\",\"@id\":\"https:\/\/www.celttv.com.ar\/index.php\/2013\/10\/01\/en-el-dia-del-turismo-valentina-breti-fue-electa-reina-de-la-comarca-turistica\/#article\",\"isPartOf\":{\"@id\":\"https:\/\/www.celttv.com.ar\/index.php\/2013\/10\/01\/en-el-dia-del-turismo-valentina-breti-fue-electa-reina-de-la-comarca-turistica\/\"},\"author\":{\"name\":\"ulises\",\"@id\":\"https:\/\/www.celttv.com.ar\/#\/schema\/person\/6d99c072dba59953809c81446e9d0ace\"},\"headline\":\"EN EL DIA DEL TURISMO, VALENTINA BRETI FUE ELECTA REINA DE LA COMARCA TURISTICA\",\"datePublished\":\"2013-10-01T19:16:50+00:00\",\"dateModified\":\"2013-10-01T19:16:50+00:00\",\"mainEntityOfPage\":{\"@id\":\"https:\/\/www.celttv.com.ar\/index.php\/2013\/10\/01\/en-el-dia-del-turismo-valentina-breti-fue-electa-reina-de-la-comarca-turistica\/\"},\"wordCount\":470,\"publisher\":{\"@id\":\"https:\/\/www.celttv.com.ar\/#organization\"},\"articleSection\":[\"Comunidad\",\"Destacadas\",\"Espect\u00e1culos\"],\"inLanguage\":\"es\"},{\"@type\":\"WebPage\",\"@id\":\"https:\/\/www.celttv.com.ar\/index.php\/2013\/10\/01\/en-el-dia-del-turismo-valentina-breti-fue-electa-reina-de-la-comarca-turistica\/\",\"url\":\"https:\/\/www.celttv.com.ar\/index.php\/2013\/10\/01\/en-el-dia-del-turismo-valentina-breti-fue-electa-reina-de-la-comarca-turistica\/\",\"name\":\"EN EL DIA DEL TURISMO, VALENTINA BRETI FUE ELECTA REINA DE LA COMARCA TURISTICA - CELTTV\",\"isPartOf\":{\"@id\":\"https:\/\/www.celttv.com.ar\/#website\"},\"datePublished\":\"2013-10-01T19:16:50+00:00\",\"dateModified\":\"2013-10-01T19:16:50+00:00\",\"description\":\"Sitio web de noticias de la localidad de Tornquist, provincia de Buenos Aires, Rep\u00fablica Argentina. Contenido propio originado por periodistas de CELTTV, el canal de TV local de la Cooperativa El\u00e9ctrica de Tornquist. Turismo, Pol\u00edtica, Sociedad, Deporte, Cultura y todo el contenido de inter\u00e9s general que la gente del pueblo y la regi\u00f3n debe conocer.\",\"breadcrumb\":{\"@id\":\"https:\/\/www.celttv.com.ar\/index.php\/2013\/10\/01\/en-el-dia-del-turismo-valentina-breti-fue-electa-reina-de-la-comarca-turistica\/#breadcrumb\"},\"inLanguage\":\"es\",\"potentialAction\":[{\"@type\":\"ReadAction\",\"target\":[\"https:\/\/www.celttv.com.ar\/index.php\/2013\/10\/01\/en-el-dia-del-turismo-valentina-breti-fue-electa-reina-de-la-comarca-turistica\/\"]}]},{\"@type\":\"BreadcrumbList\",\"@id\":\"https:\/\/www.celttv.com.ar\/index.php\/2013\/10\/01\/en-el-dia-del-turismo-valentina-breti-fue-electa-reina-de-la-comarca-turistica\/#breadcrumb\",\"itemListElement\":[{\"@type\":\"ListItem\",\"position\":1,\"name\":\"Inicio\",\"item\":\"https:\/\/www.celttv.com.ar\/\"},{\"@type\":\"ListItem\",\"position\":2,\"name\":\"EN EL DIA DEL TURISMO, VALENTINA BRETI FUE ELECTA REINA DE LA COMARCA TURISTICA\"}]},{\"@type\":\"WebSite\",\"@id\":\"https:\/\/www.celttv.com.ar\/#website\",\"url\":\"https:\/\/www.celttv.com.ar\/\",\"name\":\"CELTTV\",\"description\":\"Cooperativa El\u00e9ctrica de Tornquist\",\"publisher\":{\"@id\":\"https:\/\/www.celttv.com.ar\/#organization\"},\"potentialAction\":[{\"@type\":\"SearchAction\",\"target\":{\"@type\":\"EntryPoint\",\"urlTemplate\":\"https:\/\/www.celttv.com.ar\/?s={search_term_string}\"},\"query-input\":\"required name=search_term_string\"}],\"inLanguage\":\"es\"},{\"@type\":\"Organization\",\"@id\":\"https:\/\/www.celttv.com.ar\/#organization\",\"name\":\"CELTTV\",\"url\":\"https:\/\/www.celttv.com.ar\/\",\"sameAs\":[\"https:\/\/www.youtube.com\/channel\/UCz_oIt8Hig64Ub-EmcNPIhg\",\"https:\/\/www.facebook.com\/celtTV\/\"],\"logo\":{\"@type\":\"ImageObject\",\"inLanguage\":\"es\",\"@id\":\"https:\/\/www.celttv.com.ar\/#\/schema\/logo\/image\/\",\"url\":\"http:\/\/www.celttv.com.ar\/wp-content\/uploads\/2022\/08\/logo-1.png\",\"contentUrl\":\"http:\/\/www.celttv.com.ar\/wp-content\/uploads\/2022\/08\/logo-1.png\",\"width\":461,\"height\":159,\"caption\":\"CELTTV\"},\"image\":{\"@id\":\"https:\/\/www.celttv.com.ar\/#\/schema\/logo\/image\/\"}},{\"@type\":\"Person\",\"@id\":\"https:\/\/www.celttv.com.ar\/#\/schema\/person\/6d99c072dba59953809c81446e9d0ace\",\"name\":\"ulises\",\"image\":{\"@type\":\"ImageObject\",\"inLanguage\":\"es\",\"@id\":\"https:\/\/www.celttv.com.ar\/#\/schema\/person\/image\/\",\"url\":\"https:\/\/secure.gravatar.com\/avatar\/7f2c48bdc33b30088f941fb6082e555f2874c98e20cb159d7b92b50eadfce793?s=96&d=mm&r=g\",\"contentUrl\":\"https:\/\/secure.gravatar.com\/avatar\/7f2c48bdc33b30088f941fb6082e555f2874c98e20cb159d7b92b50eadfce793?s=96&d=mm&r=g\",\"caption\":\"ulises\"},\"sameAs\":[\"http:\/\/www.celttv.com.ar\"]}]}<\/script>\n<!-- \/ Yoast SEO plugin. -->","yoast_head_json":{"title":"EN EL DIA DEL TURISMO, VALENTINA BRETI FUE ELECTA REINA DE LA COMARCA TURISTICA - CELTTV","description":"Sitio web de noticias de la localidad de Tornquist, provincia de Buenos Aires, Rep\u00fablica Argentina. Contenido propio originado por periodistas de CELTTV, el canal de TV local de la Cooperativa El\u00e9ctrica de Tornquist. Turismo, Pol\u00edtica, Sociedad, Deporte, Cultura y todo el contenido de inter\u00e9s general que la gente del pueblo y la regi\u00f3n debe conocer.","robots":{"index":"index","follow":"follow","max-snippet":"max-snippet:-1","max-image-preview":"max-image-preview:large","max-video-preview":"max-video-preview:-1"},"canonical":"https:\/\/www.celttv.com.ar\/index.php\/2013\/10\/01\/en-el-dia-del-turismo-valentina-breti-fue-electa-reina-de-la-comarca-turistica\/","og_locale":"es_ES","og_type":"article","og_title":"EN EL DIA DEL TURISMO, VALENTINA BRETI FUE ELECTA REINA DE LA COMARCA TURISTICA - CELTTV","og_description":"Sitio web de noticias de la localidad de Tornquist, provincia de Buenos Aires, Rep\u00fablica Argentina. Contenido propio originado por periodistas de CELTTV, el canal de TV local de la Cooperativa El\u00e9ctrica de Tornquist. Turismo, Pol\u00edtica, Sociedad, Deporte, Cultura y todo el contenido de inter\u00e9s general que la gente del pueblo y la regi\u00f3n debe conocer.","og_url":"https:\/\/www.celttv.com.ar\/index.php\/2013\/10\/01\/en-el-dia-del-turismo-valentina-breti-fue-electa-reina-de-la-comarca-turistica\/","og_site_name":"CELTTV","article_publisher":"https:\/\/www.facebook.com\/celtTV\/","article_published_time":"2013-10-01T19:16:50+00:00","author":"ulises","twitter_card":"summary_large_image","twitter_misc":{"Escrito por":"ulises","Tiempo de lectura":"2 minutos"},"schema":{"@context":"https:\/\/schema.org","@graph":[{"@type":"NewsArticle","@id":"https:\/\/www.celttv.com.ar\/index.php\/2013\/10\/01\/en-el-dia-del-turismo-valentina-breti-fue-electa-reina-de-la-comarca-turistica\/#article","isPartOf":{"@id":"https:\/\/www.celttv.com.ar\/index.php\/2013\/10\/01\/en-el-dia-del-turismo-valentina-breti-fue-electa-reina-de-la-comarca-turistica\/"},"author":{"name":"ulises","@id":"https:\/\/www.celttv.com.ar\/#\/schema\/person\/6d99c072dba59953809c81446e9d0ace"},"headline":"EN EL DIA DEL TURISMO, VALENTINA BRETI FUE ELECTA REINA DE LA COMARCA TURISTICA","datePublished":"2013-10-01T19:16:50+00:00","dateModified":"2013-10-01T19:16:50+00:00","mainEntityOfPage":{"@id":"https:\/\/www.celttv.com.ar\/index.php\/2013\/10\/01\/en-el-dia-del-turismo-valentina-breti-fue-electa-reina-de-la-comarca-turistica\/"},"wordCount":470,"publisher":{"@id":"https:\/\/www.celttv.com.ar\/#organization"},"articleSection":["Comunidad","Destacadas","Espect\u00e1culos"],"inLanguage":"es"},{"@type":"WebPage","@id":"https:\/\/www.celttv.com.ar\/index.php\/2013\/10\/01\/en-el-dia-del-turismo-valentina-breti-fue-electa-reina-de-la-comarca-turistica\/","url":"https:\/\/www.celttv.com.ar\/index.php\/2013\/10\/01\/en-el-dia-del-turismo-valentina-breti-fue-electa-reina-de-la-comarca-turistica\/","name":"EN EL DIA DEL TURISMO, VALENTINA BRETI FUE ELECTA REINA DE LA COMARCA TURISTICA - CELTTV","isPartOf":{"@id":"https:\/\/www.celttv.com.ar\/#website"},"datePublished":"2013-10-01T19:16:50+00:00","dateModified":"2013-10-01T19:16:50+00:00","description":"Sitio web de noticias de la localidad de Tornquist, provincia de Buenos Aires, Rep\u00fablica Argentina. Contenido propio originado por periodistas de CELTTV, el canal de TV local de la Cooperativa El\u00e9ctrica de Tornquist. Turismo, Pol\u00edtica, Sociedad, Deporte, Cultura y todo el contenido de inter\u00e9s general que la gente del pueblo y la regi\u00f3n debe conocer.","breadcrumb":{"@id":"https:\/\/www.celttv.com.ar\/index.php\/2013\/10\/01\/en-el-dia-del-turismo-valentina-breti-fue-electa-reina-de-la-comarca-turistica\/#breadcrumb"},"inLanguage":"es","potentialAction":[{"@type":"ReadAction","target":["https:\/\/www.celttv.com.ar\/index.php\/2013\/10\/01\/en-el-dia-del-turismo-valentina-breti-fue-electa-reina-de-la-comarca-turistica\/"]}]},{"@type":"BreadcrumbList","@id":"https:\/\/www.celttv.com.ar\/index.php\/2013\/10\/01\/en-el-dia-del-turismo-valentina-breti-fue-electa-reina-de-la-comarca-turistica\/#breadcrumb","itemListElement":[{"@type":"ListItem","position":1,"name":"Inicio","item":"https:\/\/www.celttv.com.ar\/"},{"@type":"ListItem","position":2,"name":"EN EL DIA DEL TURISMO, VALENTINA BRETI FUE ELECTA REINA DE LA COMARCA TURISTICA"}]},{"@type":"WebSite","@id":"https:\/\/www.celttv.com.ar\/#website","url":"https:\/\/www.celttv.com.ar\/","name":"CELTTV","description":"Cooperativa El\u00e9ctrica de Tornquist","publisher":{"@id":"https:\/\/www.celttv.com.ar\/#organization"},"potentialAction":[{"@type":"SearchAction","target":{"@type":"EntryPoint","urlTemplate":"https:\/\/www.celttv.com.ar\/?s={search_term_string}"},"query-input":"required name=search_term_string"}],"inLanguage":"es"},{"@type":"Organization","@id":"https:\/\/www.celttv.com.ar\/#organization","name":"CELTTV","url":"https:\/\/www.celttv.com.ar\/","sameAs":["https:\/\/www.youtube.com\/channel\/UCz_oIt8Hig64Ub-EmcNPIhg","https:\/\/www.facebook.com\/celtTV\/"],"logo":{"@type":"ImageObject","inLanguage":"es","@id":"https:\/\/www.celttv.com.ar\/#\/schema\/logo\/image\/","url":"http:\/\/www.celttv.com.ar\/wp-content\/uploads\/2022\/08\/logo-1.png","contentUrl":"http:\/\/www.celttv.com.ar\/wp-content\/uploads\/2022\/08\/logo-1.png","width":461,"height":159,"caption":"CELTTV"},"image":{"@id":"https:\/\/www.celttv.com.ar\/#\/schema\/logo\/image\/"}},{"@type":"Person","@id":"https:\/\/www.celttv.com.ar\/#\/schema\/person\/6d99c072dba59953809c81446e9d0ace","name":"ulises","image":{"@type":"ImageObject","inLanguage":"es","@id":"https:\/\/www.celttv.com.ar\/#\/schema\/person\/image\/","url":"https:\/\/secure.gravatar.com\/avatar\/7f2c48bdc33b30088f941fb6082e555f2874c98e20cb159d7b92b50eadfce793?s=96&d=mm&r=g","contentUrl":"https:\/\/secure.gravatar.com\/avatar\/7f2c48bdc33b30088f941fb6082e555f2874c98e20cb159d7b92b50eadfce793?s=96&d=mm&r=g","caption":"ulises"},"sameAs":["http:\/\/www.celttv.com.ar"]}]}},"_links":{"self":[{"href":"https:\/\/www.celttv.com.ar\/index.php\/wp-json\/wp\/v2\/posts\/14547","targetHints":{"allow":["GET"]}}],"collection":[{"href":"https:\/\/www.celttv.com.ar\/index.php\/wp-json\/wp\/v2\/posts"}],"about":[{"href":"https:\/\/www.celttv.com.ar\/index.php\/wp-json\/wp\/v2\/types\/post"}],"author":[{"embeddable":true,"href":"https:\/\/www.celttv.com.ar\/index.php\/wp-json\/wp\/v2\/users\/1"}],"replies":[{"embeddable":true,"href":"https:\/\/www.celttv.com.ar\/index.php\/wp-json\/wp\/v2\/comments?post=14547"}],"version-history":[{"count":0,"href":"https:\/\/www.celttv.com.ar\/index.php\/wp-json\/wp\/v2\/posts\/14547\/revisions"}],"wp:attachment":[{"href":"https:\/\/www.celttv.com.ar\/index.php\/wp-json\/wp\/v2\/media?parent=14547"}],"wp:term":[{"taxonomy":"category","embeddable":true,"href":"https:\/\/www.celttv.com.ar\/index.php\/wp-json\/wp\/v2\/categories?post=14547"},{"taxonomy":"post_tag","embeddable":true,"href":"https:\/\/www.celttv.com.ar\/index.php\/wp-json\/wp\/v2\/tags?post=14547"}],"curies":[{"name":"wp","href":"https:\/\/api.w.org\/{rel}","templated":true}]}}