{"id":14598,"date":"2013-10-02T13:52:04","date_gmt":"2013-10-02T13:52:04","guid":{"rendered":"http:\/\/www.tvcnoticias.com.ar\/?p=14598"},"modified":"2013-10-02T13:52:04","modified_gmt":"2013-10-02T13:52:04","slug":"carlos-quiroz-fue-electo-presidente-de-la-camara-regional-de-comercio-industria-y-turismo-de-tornquist","status":"publish","type":"post","link":"https:\/\/www.celttv.com.ar\/index.php\/2013\/10\/02\/carlos-quiroz-fue-electo-presidente-de-la-camara-regional-de-comercio-industria-y-turismo-de-tornquist\/","title":{"rendered":"CARLOS QUIROZ FUE ELECTO PRESIDENTE DE LA CAMARA REGIONAL DE COMERCIO, INDUSTRIA Y TURISMO DE TORNQUIST"},"content":{"rendered":"<div><a href=\"http:\/\/www.youtube.com\/watch?v=qfaxB2GqMKA\">httpv:\/\/www.youtube.com\/watch?v=qfaxB2GqMKA<\/a><\/div>\n<div><a href=\"http:\/\/www.youtube.com\/watch?v=VWp2rpKW3Pk\"><a href=\"http:\/\/www.youtube.com\/watch?v=VWp2rpKW3Pk\">httpv:\/\/www.youtube.com\/watch?v=VWp2rpKW3Pk<\/a><\/a><\/div>\n<div><a href=\"http:\/\/www.youtube.com\/watch?v=CD8xlDwg2UE\"><a href=\"http:\/\/www.youtube.com\/watch?v=CD8xlDwg2UE\">httpv:\/\/www.youtube.com\/watch?v=CD8xlDwg2UE<\/a><\/a><\/div>\n<div>Se realiz\u00f3 la asamblea anual ordinaria de la C\u00e1mara Regional de Comercio, Industria y Turismo Ernesto Tornquist, la que ser\u00e1 presidida durante el nuevo periodo por el se\u00f1or \u00a0Carlos QUIROZ.<\/div>\n<div>Acompa\u00f1ar\u00e1n a Quiroz:<\/div>\n<div>Vice Presidente: Sr. Walter Bacci<\/div>\n<div>Secretario: \u00a0 \u00a0 \u00a0 \u00a0 Alejandro Tujay<\/div>\n<div>Pro Secretario: Ana Donini<\/div>\n<div>Tesorero: \u00a0 \u00a0 \u00a0 \u00a0 \u00a0Adolfo Conti<\/div>\n<div>Pro Tesorero: \u00a0 Alejandro Fagundez<\/div>\n<div>Vocal 1\u00ba: \u00a0 \u00a0 \u00a0 \u00a0 \u00a0Herman Von Wernich<\/div>\n<div>Vocal 2\u00ba: \u00a0 \u00a0 \u00a0 \u00a0 Marta Bermudez<\/div>\n<div>Vocal suplente 1\u00ba: Diego Vallejos<\/div>\n<div>Vocal suplente 2\u00ba: Yanina Gandini<\/div>\n<div>Revisor Cuentas Titular 1\u00ba: Marcelo Mu\u00f1oz<\/div>\n<div>Revisor Cuentas Titular 2\u00ba: Mario Rodriguez<\/div>\n","protected":false},"excerpt":{"rendered":"<p>httpv:\/\/www.youtube.com\/watch?v=qfaxB2GqMKA httpv:\/\/www.youtube.com\/watch?v=VWp2rpKW3Pk httpv:\/\/www.youtube.com\/watch?v=CD8xlDwg2UE Se realiz\u00f3 la asamblea anual ordinaria de la C\u00e1mara Regional de Comercio, Industria y Turismo Ernesto Tornquist, la que ser\u00e1 presidida durante el nuevo periodo por el se\u00f1or \u00a0Carlos QUIROZ. Acompa\u00f1ar\u00e1n a Quiroz: Vice Presidente: Sr. Walter Bacci Secretario: \u00a0 \u00a0 \u00a0 \u00a0 Alejandro Tujay Pro Secretario: Ana Donini Tesorero: \u00a0 \u00a0 [&hellip;]<\/p>\n","protected":false},"author":1,"featured_media":0,"comment_status":"closed","ping_status":"open","sticky":false,"template":"","format":"standard","meta":{"footnotes":""},"categories":[51,52,64],"tags":[],"class_list":["post-14598","post","type-post","status-publish","format-standard","hentry","category-comunidad","category-destacadas","category-videos-destacados"],"yoast_head":"<!-- This site is optimized with the Yoast SEO plugin v19.7.1 - https:\/\/yoast.com\/wordpress\/plugins\/seo\/ -->\n<title>CARLOS QUIROZ FUE ELECTO PRESIDENTE DE LA CAMARA REGIONAL DE COMERCIO, INDUSTRIA Y TURISMO DE TORNQUIST - CELTTV<\/title>\n<meta name=\"description\" content=\"Sitio web de noticias de la localidad de Tornquist, provincia de Buenos Aires, Rep\u00fablica Argentina. Contenido propio originado por periodistas de CELTTV, el canal de TV local de la Cooperativa El\u00e9ctrica de Tornquist. Turismo, Pol\u00edtica, Sociedad, Deporte, Cultura y todo el contenido de inter\u00e9s general que la gente del pueblo y la regi\u00f3n debe conocer.\" \/>\n<meta name=\"robots\" content=\"index, follow, max-snippet:-1, max-image-preview:large, max-video-preview:-1\" \/>\n<link rel=\"canonical\" href=\"https:\/\/www.celttv.com.ar\/index.php\/2013\/10\/02\/carlos-quiroz-fue-electo-presidente-de-la-camara-regional-de-comercio-industria-y-turismo-de-tornquist\/\" \/>\n<meta property=\"og:locale\" content=\"es_ES\" \/>\n<meta property=\"og:type\" content=\"article\" \/>\n<meta property=\"og:title\" content=\"CARLOS QUIROZ FUE ELECTO PRESIDENTE DE LA CAMARA REGIONAL DE COMERCIO, INDUSTRIA Y TURISMO DE TORNQUIST - CELTTV\" \/>\n<meta property=\"og:description\" content=\"Sitio web de noticias de la localidad de Tornquist, provincia de Buenos Aires, Rep\u00fablica Argentina. Contenido propio originado por periodistas de CELTTV, el canal de TV local de la Cooperativa El\u00e9ctrica de Tornquist. Turismo, Pol\u00edtica, Sociedad, Deporte, Cultura y todo el contenido de inter\u00e9s general que la gente del pueblo y la regi\u00f3n debe conocer.\" \/>\n<meta property=\"og:url\" content=\"https:\/\/www.celttv.com.ar\/index.php\/2013\/10\/02\/carlos-quiroz-fue-electo-presidente-de-la-camara-regional-de-comercio-industria-y-turismo-de-tornquist\/\" \/>\n<meta property=\"og:site_name\" content=\"CELTTV\" \/>\n<meta property=\"article:publisher\" content=\"https:\/\/www.facebook.com\/celtTV\/\" \/>\n<meta property=\"article:published_time\" content=\"2013-10-02T13:52:04+00:00\" \/>\n<meta name=\"author\" content=\"ulises\" \/>\n<meta name=\"twitter:card\" content=\"summary_large_image\" \/>\n<meta name=\"twitter:label1\" content=\"Escrito por\" \/>\n\t<meta name=\"twitter:data1\" content=\"ulises\" \/>\n\t<meta name=\"twitter:label2\" content=\"Tiempo de lectura\" \/>\n\t<meta name=\"twitter:data2\" content=\"1 minuto\" \/>\n<script type=\"application\/ld+json\" class=\"yoast-schema-graph\">{\"@context\":\"https:\/\/schema.org\",\"@graph\":[{\"@type\":\"NewsArticle\",\"@id\":\"https:\/\/www.celttv.com.ar\/index.php\/2013\/10\/02\/carlos-quiroz-fue-electo-presidente-de-la-camara-regional-de-comercio-industria-y-turismo-de-tornquist\/#article\",\"isPartOf\":{\"@id\":\"https:\/\/www.celttv.com.ar\/index.php\/2013\/10\/02\/carlos-quiroz-fue-electo-presidente-de-la-camara-regional-de-comercio-industria-y-turismo-de-tornquist\/\"},\"author\":{\"name\":\"ulises\",\"@id\":\"https:\/\/www.celttv.com.ar\/#\/schema\/person\/6d99c072dba59953809c81446e9d0ace\"},\"headline\":\"CARLOS QUIROZ FUE ELECTO PRESIDENTE DE LA CAMARA REGIONAL DE COMERCIO, INDUSTRIA Y TURISMO DE TORNQUIST\",\"datePublished\":\"2013-10-02T13:52:04+00:00\",\"dateModified\":\"2013-10-02T13:52:04+00:00\",\"mainEntityOfPage\":{\"@id\":\"https:\/\/www.celttv.com.ar\/index.php\/2013\/10\/02\/carlos-quiroz-fue-electo-presidente-de-la-camara-regional-de-comercio-industria-y-turismo-de-tornquist\/\"},\"wordCount\":124,\"publisher\":{\"@id\":\"https:\/\/www.celttv.com.ar\/#organization\"},\"articleSection\":[\"Comunidad\",\"Destacadas\",\"Videos Destacados\"],\"inLanguage\":\"es\"},{\"@type\":\"WebPage\",\"@id\":\"https:\/\/www.celttv.com.ar\/index.php\/2013\/10\/02\/carlos-quiroz-fue-electo-presidente-de-la-camara-regional-de-comercio-industria-y-turismo-de-tornquist\/\",\"url\":\"https:\/\/www.celttv.com.ar\/index.php\/2013\/10\/02\/carlos-quiroz-fue-electo-presidente-de-la-camara-regional-de-comercio-industria-y-turismo-de-tornquist\/\",\"name\":\"CARLOS QUIROZ FUE ELECTO PRESIDENTE DE LA CAMARA REGIONAL DE COMERCIO, INDUSTRIA Y TURISMO DE TORNQUIST - CELTTV\",\"isPartOf\":{\"@id\":\"https:\/\/www.celttv.com.ar\/#website\"},\"datePublished\":\"2013-10-02T13:52:04+00:00\",\"dateModified\":\"2013-10-02T13:52:04+00:00\",\"description\":\"Sitio web de noticias de la localidad de Tornquist, provincia de Buenos Aires, Rep\u00fablica Argentina. Contenido propio originado por periodistas de CELTTV, el canal de TV local de la Cooperativa El\u00e9ctrica de Tornquist. Turismo, Pol\u00edtica, Sociedad, Deporte, Cultura y todo el contenido de inter\u00e9s general que la gente del pueblo y la regi\u00f3n debe conocer.\",\"breadcrumb\":{\"@id\":\"https:\/\/www.celttv.com.ar\/index.php\/2013\/10\/02\/carlos-quiroz-fue-electo-presidente-de-la-camara-regional-de-comercio-industria-y-turismo-de-tornquist\/#breadcrumb\"},\"inLanguage\":\"es\",\"potentialAction\":[{\"@type\":\"ReadAction\",\"target\":[\"https:\/\/www.celttv.com.ar\/index.php\/2013\/10\/02\/carlos-quiroz-fue-electo-presidente-de-la-camara-regional-de-comercio-industria-y-turismo-de-tornquist\/\"]}]},{\"@type\":\"BreadcrumbList\",\"@id\":\"https:\/\/www.celttv.com.ar\/index.php\/2013\/10\/02\/carlos-quiroz-fue-electo-presidente-de-la-camara-regional-de-comercio-industria-y-turismo-de-tornquist\/#breadcrumb\",\"itemListElement\":[{\"@type\":\"ListItem\",\"position\":1,\"name\":\"Inicio\",\"item\":\"https:\/\/www.celttv.com.ar\/\"},{\"@type\":\"ListItem\",\"position\":2,\"name\":\"CARLOS QUIROZ FUE ELECTO PRESIDENTE DE LA CAMARA REGIONAL DE COMERCIO, INDUSTRIA Y TURISMO DE TORNQUIST\"}]},{\"@type\":\"WebSite\",\"@id\":\"https:\/\/www.celttv.com.ar\/#website\",\"url\":\"https:\/\/www.celttv.com.ar\/\",\"name\":\"CELTTV\",\"description\":\"Cooperativa El\u00e9ctrica de Tornquist\",\"publisher\":{\"@id\":\"https:\/\/www.celttv.com.ar\/#organization\"},\"potentialAction\":[{\"@type\":\"SearchAction\",\"target\":{\"@type\":\"EntryPoint\",\"urlTemplate\":\"https:\/\/www.celttv.com.ar\/?s={search_term_string}\"},\"query-input\":\"required name=search_term_string\"}],\"inLanguage\":\"es\"},{\"@type\":\"Organization\",\"@id\":\"https:\/\/www.celttv.com.ar\/#organization\",\"name\":\"CELTTV\",\"url\":\"https:\/\/www.celttv.com.ar\/\",\"sameAs\":[\"https:\/\/www.youtube.com\/channel\/UCz_oIt8Hig64Ub-EmcNPIhg\",\"https:\/\/www.facebook.com\/celtTV\/\"],\"logo\":{\"@type\":\"ImageObject\",\"inLanguage\":\"es\",\"@id\":\"https:\/\/www.celttv.com.ar\/#\/schema\/logo\/image\/\",\"url\":\"http:\/\/www.celttv.com.ar\/wp-content\/uploads\/2022\/08\/logo-1.png\",\"contentUrl\":\"http:\/\/www.celttv.com.ar\/wp-content\/uploads\/2022\/08\/logo-1.png\",\"width\":461,\"height\":159,\"caption\":\"CELTTV\"},\"image\":{\"@id\":\"https:\/\/www.celttv.com.ar\/#\/schema\/logo\/image\/\"}},{\"@type\":\"Person\",\"@id\":\"https:\/\/www.celttv.com.ar\/#\/schema\/person\/6d99c072dba59953809c81446e9d0ace\",\"name\":\"ulises\",\"image\":{\"@type\":\"ImageObject\",\"inLanguage\":\"es\",\"@id\":\"https:\/\/www.celttv.com.ar\/#\/schema\/person\/image\/\",\"url\":\"https:\/\/secure.gravatar.com\/avatar\/7f2c48bdc33b30088f941fb6082e555f2874c98e20cb159d7b92b50eadfce793?s=96&d=mm&r=g\",\"contentUrl\":\"https:\/\/secure.gravatar.com\/avatar\/7f2c48bdc33b30088f941fb6082e555f2874c98e20cb159d7b92b50eadfce793?s=96&d=mm&r=g\",\"caption\":\"ulises\"},\"sameAs\":[\"http:\/\/www.celttv.com.ar\"]}]}<\/script>\n<!-- \/ Yoast SEO plugin. -->","yoast_head_json":{"title":"CARLOS QUIROZ FUE ELECTO PRESIDENTE DE LA CAMARA REGIONAL DE COMERCIO, INDUSTRIA Y TURISMO DE TORNQUIST - CELTTV","description":"Sitio web de noticias de la localidad de Tornquist, provincia de Buenos Aires, Rep\u00fablica Argentina. Contenido propio originado por periodistas de CELTTV, el canal de TV local de la Cooperativa El\u00e9ctrica de Tornquist. Turismo, Pol\u00edtica, Sociedad, Deporte, Cultura y todo el contenido de inter\u00e9s general que la gente del pueblo y la regi\u00f3n debe conocer.","robots":{"index":"index","follow":"follow","max-snippet":"max-snippet:-1","max-image-preview":"max-image-preview:large","max-video-preview":"max-video-preview:-1"},"canonical":"https:\/\/www.celttv.com.ar\/index.php\/2013\/10\/02\/carlos-quiroz-fue-electo-presidente-de-la-camara-regional-de-comercio-industria-y-turismo-de-tornquist\/","og_locale":"es_ES","og_type":"article","og_title":"CARLOS QUIROZ FUE ELECTO PRESIDENTE DE LA CAMARA REGIONAL DE COMERCIO, INDUSTRIA Y TURISMO DE TORNQUIST - CELTTV","og_description":"Sitio web de noticias de la localidad de Tornquist, provincia de Buenos Aires, Rep\u00fablica Argentina. Contenido propio originado por periodistas de CELTTV, el canal de TV local de la Cooperativa El\u00e9ctrica de Tornquist. Turismo, Pol\u00edtica, Sociedad, Deporte, Cultura y todo el contenido de inter\u00e9s general que la gente del pueblo y la regi\u00f3n debe conocer.","og_url":"https:\/\/www.celttv.com.ar\/index.php\/2013\/10\/02\/carlos-quiroz-fue-electo-presidente-de-la-camara-regional-de-comercio-industria-y-turismo-de-tornquist\/","og_site_name":"CELTTV","article_publisher":"https:\/\/www.facebook.com\/celtTV\/","article_published_time":"2013-10-02T13:52:04+00:00","author":"ulises","twitter_card":"summary_large_image","twitter_misc":{"Escrito por":"ulises","Tiempo de lectura":"1 minuto"},"schema":{"@context":"https:\/\/schema.org","@graph":[{"@type":"NewsArticle","@id":"https:\/\/www.celttv.com.ar\/index.php\/2013\/10\/02\/carlos-quiroz-fue-electo-presidente-de-la-camara-regional-de-comercio-industria-y-turismo-de-tornquist\/#article","isPartOf":{"@id":"https:\/\/www.celttv.com.ar\/index.php\/2013\/10\/02\/carlos-quiroz-fue-electo-presidente-de-la-camara-regional-de-comercio-industria-y-turismo-de-tornquist\/"},"author":{"name":"ulises","@id":"https:\/\/www.celttv.com.ar\/#\/schema\/person\/6d99c072dba59953809c81446e9d0ace"},"headline":"CARLOS QUIROZ FUE ELECTO PRESIDENTE DE LA CAMARA REGIONAL DE COMERCIO, INDUSTRIA Y TURISMO DE TORNQUIST","datePublished":"2013-10-02T13:52:04+00:00","dateModified":"2013-10-02T13:52:04+00:00","mainEntityOfPage":{"@id":"https:\/\/www.celttv.com.ar\/index.php\/2013\/10\/02\/carlos-quiroz-fue-electo-presidente-de-la-camara-regional-de-comercio-industria-y-turismo-de-tornquist\/"},"wordCount":124,"publisher":{"@id":"https:\/\/www.celttv.com.ar\/#organization"},"articleSection":["Comunidad","Destacadas","Videos Destacados"],"inLanguage":"es"},{"@type":"WebPage","@id":"https:\/\/www.celttv.com.ar\/index.php\/2013\/10\/02\/carlos-quiroz-fue-electo-presidente-de-la-camara-regional-de-comercio-industria-y-turismo-de-tornquist\/","url":"https:\/\/www.celttv.com.ar\/index.php\/2013\/10\/02\/carlos-quiroz-fue-electo-presidente-de-la-camara-regional-de-comercio-industria-y-turismo-de-tornquist\/","name":"CARLOS QUIROZ FUE ELECTO PRESIDENTE DE LA CAMARA REGIONAL DE COMERCIO, INDUSTRIA Y TURISMO DE TORNQUIST - CELTTV","isPartOf":{"@id":"https:\/\/www.celttv.com.ar\/#website"},"datePublished":"2013-10-02T13:52:04+00:00","dateModified":"2013-10-02T13:52:04+00:00","description":"Sitio web de noticias de la localidad de Tornquist, provincia de Buenos Aires, Rep\u00fablica Argentina. Contenido propio originado por periodistas de CELTTV, el canal de TV local de la Cooperativa El\u00e9ctrica de Tornquist. Turismo, Pol\u00edtica, Sociedad, Deporte, Cultura y todo el contenido de inter\u00e9s general que la gente del pueblo y la regi\u00f3n debe conocer.","breadcrumb":{"@id":"https:\/\/www.celttv.com.ar\/index.php\/2013\/10\/02\/carlos-quiroz-fue-electo-presidente-de-la-camara-regional-de-comercio-industria-y-turismo-de-tornquist\/#breadcrumb"},"inLanguage":"es","potentialAction":[{"@type":"ReadAction","target":["https:\/\/www.celttv.com.ar\/index.php\/2013\/10\/02\/carlos-quiroz-fue-electo-presidente-de-la-camara-regional-de-comercio-industria-y-turismo-de-tornquist\/"]}]},{"@type":"BreadcrumbList","@id":"https:\/\/www.celttv.com.ar\/index.php\/2013\/10\/02\/carlos-quiroz-fue-electo-presidente-de-la-camara-regional-de-comercio-industria-y-turismo-de-tornquist\/#breadcrumb","itemListElement":[{"@type":"ListItem","position":1,"name":"Inicio","item":"https:\/\/www.celttv.com.ar\/"},{"@type":"ListItem","position":2,"name":"CARLOS QUIROZ FUE ELECTO PRESIDENTE DE LA CAMARA REGIONAL DE COMERCIO, INDUSTRIA Y TURISMO DE TORNQUIST"}]},{"@type":"WebSite","@id":"https:\/\/www.celttv.com.ar\/#website","url":"https:\/\/www.celttv.com.ar\/","name":"CELTTV","description":"Cooperativa El\u00e9ctrica de Tornquist","publisher":{"@id":"https:\/\/www.celttv.com.ar\/#organization"},"potentialAction":[{"@type":"SearchAction","target":{"@type":"EntryPoint","urlTemplate":"https:\/\/www.celttv.com.ar\/?s={search_term_string}"},"query-input":"required name=search_term_string"}],"inLanguage":"es"},{"@type":"Organization","@id":"https:\/\/www.celttv.com.ar\/#organization","name":"CELTTV","url":"https:\/\/www.celttv.com.ar\/","sameAs":["https:\/\/www.youtube.com\/channel\/UCz_oIt8Hig64Ub-EmcNPIhg","https:\/\/www.facebook.com\/celtTV\/"],"logo":{"@type":"ImageObject","inLanguage":"es","@id":"https:\/\/www.celttv.com.ar\/#\/schema\/logo\/image\/","url":"http:\/\/www.celttv.com.ar\/wp-content\/uploads\/2022\/08\/logo-1.png","contentUrl":"http:\/\/www.celttv.com.ar\/wp-content\/uploads\/2022\/08\/logo-1.png","width":461,"height":159,"caption":"CELTTV"},"image":{"@id":"https:\/\/www.celttv.com.ar\/#\/schema\/logo\/image\/"}},{"@type":"Person","@id":"https:\/\/www.celttv.com.ar\/#\/schema\/person\/6d99c072dba59953809c81446e9d0ace","name":"ulises","image":{"@type":"ImageObject","inLanguage":"es","@id":"https:\/\/www.celttv.com.ar\/#\/schema\/person\/image\/","url":"https:\/\/secure.gravatar.com\/avatar\/7f2c48bdc33b30088f941fb6082e555f2874c98e20cb159d7b92b50eadfce793?s=96&d=mm&r=g","contentUrl":"https:\/\/secure.gravatar.com\/avatar\/7f2c48bdc33b30088f941fb6082e555f2874c98e20cb159d7b92b50eadfce793?s=96&d=mm&r=g","caption":"ulises"},"sameAs":["http:\/\/www.celttv.com.ar"]}]}},"_links":{"self":[{"href":"https:\/\/www.celttv.com.ar\/index.php\/wp-json\/wp\/v2\/posts\/14598","targetHints":{"allow":["GET"]}}],"collection":[{"href":"https:\/\/www.celttv.com.ar\/index.php\/wp-json\/wp\/v2\/posts"}],"about":[{"href":"https:\/\/www.celttv.com.ar\/index.php\/wp-json\/wp\/v2\/types\/post"}],"author":[{"embeddable":true,"href":"https:\/\/www.celttv.com.ar\/index.php\/wp-json\/wp\/v2\/users\/1"}],"replies":[{"embeddable":true,"href":"https:\/\/www.celttv.com.ar\/index.php\/wp-json\/wp\/v2\/comments?post=14598"}],"version-history":[{"count":0,"href":"https:\/\/www.celttv.com.ar\/index.php\/wp-json\/wp\/v2\/posts\/14598\/revisions"}],"wp:attachment":[{"href":"https:\/\/www.celttv.com.ar\/index.php\/wp-json\/wp\/v2\/media?parent=14598"}],"wp:term":[{"taxonomy":"category","embeddable":true,"href":"https:\/\/www.celttv.com.ar\/index.php\/wp-json\/wp\/v2\/categories?post=14598"},{"taxonomy":"post_tag","embeddable":true,"href":"https:\/\/www.celttv.com.ar\/index.php\/wp-json\/wp\/v2\/tags?post=14598"}],"curies":[{"name":"wp","href":"https:\/\/api.w.org\/{rel}","templated":true}]}}