{"id":14601,"date":"2013-10-02T15:14:26","date_gmt":"2013-10-02T15:14:26","guid":{"rendered":"http:\/\/www.tvcnoticias.com.ar\/?p=14601"},"modified":"2013-10-02T15:14:26","modified_gmt":"2013-10-02T15:14:26","slug":"salud-programa-de-deteccion-precoz-de-canceres-prevenibles","status":"publish","type":"post","link":"https:\/\/www.celttv.com.ar\/index.php\/2013\/10\/02\/salud-programa-de-deteccion-precoz-de-canceres-prevenibles\/","title":{"rendered":"SALUD: PROGRAMA DE DETECCION PRECOZ DE CANCERES PREVENIBLES"},"content":{"rendered":"<p>Las estad\u00edsticas de salud, principalmente en los pa\u00edses desarrollados, muestran como \u00a0las principales causas de muerte :\u00a01. Enfermedades cardiovasculares.\/ 2. C\u00e1ncer (en todas sus formas).\/ 3. Accidentes.\u00a0En nuestro pa\u00eds , los indicadores de salud demuestran una situaci\u00f3n heterog\u00e9nea, donde conviven enfermedades infecciosas y parasitarias.La epidemiolog\u00eda actual, centra los esfuerzos y acciones de salud en el terreno de la Prevenci\u00f3n a fin de completar Diagn\u00f3stico Precoz.DETECCION PRECOZ DEL CANCER GENITO MAMARIO (PROGEMA- ,MINISTERIO DE SALUD DE LA PROVINCIA DE BS. AS)El c\u00e1ncer ginecol\u00f3gico constituye en Am\u00e9rica Latina una de las causas m\u00e1s importantes de morbilidad. Su incidencia llega al 48% de los tumores malignos de la mujer. El 65% de estos carcinomas son de origen mamario.\u00a0Los programas de screening se basan en utilizar sobre sujetos sanos, medidas diagn\u00f3sticas para la pesquisa de lesiones at\u00edpicas en estudios tempranos, lo que disminuir\u00eda la consulta de enfermas en estad\u00edos irreversibles.<br \/>\nImplementaci\u00f3n del screening mamario para el Municipio de TornquistObjetivos:\u2022\tDiagnosticar nuevos carcinomas mamarios en estad\u00edos subcl\u00ednicos.\u2022\tInformaci\u00f3n y educaci\u00f3n a la poblaci\u00f3n femenina.\u2022\tAutoexamen mamario y sus ventajas.\u2022\tEvaluaci\u00f3n de los m\u00e9todos diagn\u00f3sticos. Radiol\u00f3gicos y ecogr\u00e1fico.\u2022\tValorar el riesgo epidemiol\u00f3gico.\u2022\tEvaluar los factores de riesgo.\u2022\tEvaluar costo-beneficio.\u2022\tRecolecci\u00f3n de datos. Centralizaci\u00f3n de los mismos.\u2022\tEvaluaci\u00f3n del proceso de implementaci\u00f3n y del programa.<br \/>\nPOBLACION OBJETIVO DEL PROGRAMASe invita a toda mujer de 35 a\u00f1os en adelante \u00a0, o desde 30 a\u00f1os con antecedentes de c\u00e1ncer mamario en familiar directo (madre o hermanas) a concurrir a la consulta los lunes del mes de octubre a las 8 hs CONSULTORIO DE ONCOLOGIA CLINICA \u00a0para registro , entrevista , solicitud de estudios y charla informativa.<br \/>\nLos controles ginecol\u00f3gicos y resultados mamogr\u00e1ficos ser\u00e1n evaluados en la sala sur , en CONSULTORIO DE TOCOGINECOLOGIA \u00a0en horarios habituales.Las localidades de Sierra de la Ventana , Villa Ventana , Saldungaray, Tres Picos y Chasico , podr\u00e1n concurrir en \u00e9stos d\u00edas o realizar la consulta los d\u00edas de atenci\u00f3n de la Dra Ana Zyla y\/o la Licenciada Cristina Schamberger en las respctivos centros de salud.\u00a0Para informes consultar de lunes a viernes a los tel\u00e9fonos 4941020\/4940667\/4940647 o por email :hospital.tornquist@yahoo.com.ar<\/p>\n","protected":false},"excerpt":{"rendered":"<p>Las estad\u00edsticas de salud, principalmente en los pa\u00edses desarrollados, muestran como \u00a0las principales causas de muerte :\u00a01. Enfermedades cardiovasculares.\/ 2. C\u00e1ncer (en todas sus formas).\/ 3. Accidentes.\u00a0En nuestro pa\u00eds , los indicadores de salud demuestran una situaci\u00f3n heterog\u00e9nea, donde conviven enfermedades infecciosas y parasitarias.La epidemiolog\u00eda actual, centra los esfuerzos y acciones de salud en el [&hellip;]<\/p>\n","protected":false},"author":1,"featured_media":0,"comment_status":"closed","ping_status":"open","sticky":false,"template":"","format":"standard","meta":{"footnotes":""},"categories":[51,52,53],"tags":[],"class_list":["post-14601","post","type-post","status-publish","format-standard","hentry","category-comunidad","category-destacadas","category-politica"],"yoast_head":"<!-- This site is optimized with the Yoast SEO plugin v19.7.1 - https:\/\/yoast.com\/wordpress\/plugins\/seo\/ -->\n<title>SALUD: PROGRAMA DE DETECCION PRECOZ DE CANCERES PREVENIBLES - CELTTV<\/title>\n<meta name=\"description\" content=\"Sitio web de noticias de la localidad de Tornquist, provincia de Buenos Aires, Rep\u00fablica Argentina. Contenido propio originado por periodistas de CELTTV, el canal de TV local de la Cooperativa El\u00e9ctrica de Tornquist. Turismo, Pol\u00edtica, Sociedad, Deporte, Cultura y todo el contenido de inter\u00e9s general que la gente del pueblo y la regi\u00f3n debe conocer.\" \/>\n<meta name=\"robots\" content=\"index, follow, max-snippet:-1, max-image-preview:large, max-video-preview:-1\" \/>\n<link rel=\"canonical\" href=\"https:\/\/www.celttv.com.ar\/index.php\/2013\/10\/02\/salud-programa-de-deteccion-precoz-de-canceres-prevenibles\/\" \/>\n<meta property=\"og:locale\" content=\"es_ES\" \/>\n<meta property=\"og:type\" content=\"article\" \/>\n<meta property=\"og:title\" content=\"SALUD: PROGRAMA DE DETECCION PRECOZ DE CANCERES PREVENIBLES - CELTTV\" \/>\n<meta property=\"og:description\" content=\"Sitio web de noticias de la localidad de Tornquist, provincia de Buenos Aires, Rep\u00fablica Argentina. Contenido propio originado por periodistas de CELTTV, el canal de TV local de la Cooperativa El\u00e9ctrica de Tornquist. Turismo, Pol\u00edtica, Sociedad, Deporte, Cultura y todo el contenido de inter\u00e9s general que la gente del pueblo y la regi\u00f3n debe conocer.\" \/>\n<meta property=\"og:url\" content=\"https:\/\/www.celttv.com.ar\/index.php\/2013\/10\/02\/salud-programa-de-deteccion-precoz-de-canceres-prevenibles\/\" \/>\n<meta property=\"og:site_name\" content=\"CELTTV\" \/>\n<meta property=\"article:publisher\" content=\"https:\/\/www.facebook.com\/celtTV\/\" \/>\n<meta property=\"article:published_time\" content=\"2013-10-02T15:14:26+00:00\" \/>\n<meta name=\"author\" content=\"ulises\" \/>\n<meta name=\"twitter:card\" content=\"summary_large_image\" \/>\n<meta name=\"twitter:label1\" content=\"Escrito por\" \/>\n\t<meta name=\"twitter:data1\" content=\"ulises\" \/>\n\t<meta name=\"twitter:label2\" content=\"Tiempo de lectura\" \/>\n\t<meta name=\"twitter:data2\" content=\"2 minutos\" \/>\n<script type=\"application\/ld+json\" class=\"yoast-schema-graph\">{\"@context\":\"https:\/\/schema.org\",\"@graph\":[{\"@type\":\"NewsArticle\",\"@id\":\"https:\/\/www.celttv.com.ar\/index.php\/2013\/10\/02\/salud-programa-de-deteccion-precoz-de-canceres-prevenibles\/#article\",\"isPartOf\":{\"@id\":\"https:\/\/www.celttv.com.ar\/index.php\/2013\/10\/02\/salud-programa-de-deteccion-precoz-de-canceres-prevenibles\/\"},\"author\":{\"name\":\"ulises\",\"@id\":\"https:\/\/www.celttv.com.ar\/#\/schema\/person\/6d99c072dba59953809c81446e9d0ace\"},\"headline\":\"SALUD: PROGRAMA DE DETECCION PRECOZ DE CANCERES PREVENIBLES\",\"datePublished\":\"2013-10-02T15:14:26+00:00\",\"dateModified\":\"2013-10-02T15:14:26+00:00\",\"mainEntityOfPage\":{\"@id\":\"https:\/\/www.celttv.com.ar\/index.php\/2013\/10\/02\/salud-programa-de-deteccion-precoz-de-canceres-prevenibles\/\"},\"wordCount\":393,\"publisher\":{\"@id\":\"https:\/\/www.celttv.com.ar\/#organization\"},\"articleSection\":[\"Comunidad\",\"Destacadas\",\"Pol\u00edtica\"],\"inLanguage\":\"es\"},{\"@type\":\"WebPage\",\"@id\":\"https:\/\/www.celttv.com.ar\/index.php\/2013\/10\/02\/salud-programa-de-deteccion-precoz-de-canceres-prevenibles\/\",\"url\":\"https:\/\/www.celttv.com.ar\/index.php\/2013\/10\/02\/salud-programa-de-deteccion-precoz-de-canceres-prevenibles\/\",\"name\":\"SALUD: PROGRAMA DE DETECCION PRECOZ DE CANCERES PREVENIBLES - CELTTV\",\"isPartOf\":{\"@id\":\"https:\/\/www.celttv.com.ar\/#website\"},\"datePublished\":\"2013-10-02T15:14:26+00:00\",\"dateModified\":\"2013-10-02T15:14:26+00:00\",\"description\":\"Sitio web de noticias de la localidad de Tornquist, provincia de Buenos Aires, Rep\u00fablica Argentina. Contenido propio originado por periodistas de CELTTV, el canal de TV local de la Cooperativa El\u00e9ctrica de Tornquist. Turismo, Pol\u00edtica, Sociedad, Deporte, Cultura y todo el contenido de inter\u00e9s general que la gente del pueblo y la regi\u00f3n debe conocer.\",\"breadcrumb\":{\"@id\":\"https:\/\/www.celttv.com.ar\/index.php\/2013\/10\/02\/salud-programa-de-deteccion-precoz-de-canceres-prevenibles\/#breadcrumb\"},\"inLanguage\":\"es\",\"potentialAction\":[{\"@type\":\"ReadAction\",\"target\":[\"https:\/\/www.celttv.com.ar\/index.php\/2013\/10\/02\/salud-programa-de-deteccion-precoz-de-canceres-prevenibles\/\"]}]},{\"@type\":\"BreadcrumbList\",\"@id\":\"https:\/\/www.celttv.com.ar\/index.php\/2013\/10\/02\/salud-programa-de-deteccion-precoz-de-canceres-prevenibles\/#breadcrumb\",\"itemListElement\":[{\"@type\":\"ListItem\",\"position\":1,\"name\":\"Inicio\",\"item\":\"https:\/\/www.celttv.com.ar\/\"},{\"@type\":\"ListItem\",\"position\":2,\"name\":\"SALUD: PROGRAMA DE DETECCION PRECOZ DE CANCERES PREVENIBLES\"}]},{\"@type\":\"WebSite\",\"@id\":\"https:\/\/www.celttv.com.ar\/#website\",\"url\":\"https:\/\/www.celttv.com.ar\/\",\"name\":\"CELTTV\",\"description\":\"Cooperativa El\u00e9ctrica de Tornquist\",\"publisher\":{\"@id\":\"https:\/\/www.celttv.com.ar\/#organization\"},\"potentialAction\":[{\"@type\":\"SearchAction\",\"target\":{\"@type\":\"EntryPoint\",\"urlTemplate\":\"https:\/\/www.celttv.com.ar\/?s={search_term_string}\"},\"query-input\":\"required name=search_term_string\"}],\"inLanguage\":\"es\"},{\"@type\":\"Organization\",\"@id\":\"https:\/\/www.celttv.com.ar\/#organization\",\"name\":\"CELTTV\",\"url\":\"https:\/\/www.celttv.com.ar\/\",\"sameAs\":[\"https:\/\/www.youtube.com\/channel\/UCz_oIt8Hig64Ub-EmcNPIhg\",\"https:\/\/www.facebook.com\/celtTV\/\"],\"logo\":{\"@type\":\"ImageObject\",\"inLanguage\":\"es\",\"@id\":\"https:\/\/www.celttv.com.ar\/#\/schema\/logo\/image\/\",\"url\":\"http:\/\/www.celttv.com.ar\/wp-content\/uploads\/2022\/08\/logo-1.png\",\"contentUrl\":\"http:\/\/www.celttv.com.ar\/wp-content\/uploads\/2022\/08\/logo-1.png\",\"width\":461,\"height\":159,\"caption\":\"CELTTV\"},\"image\":{\"@id\":\"https:\/\/www.celttv.com.ar\/#\/schema\/logo\/image\/\"}},{\"@type\":\"Person\",\"@id\":\"https:\/\/www.celttv.com.ar\/#\/schema\/person\/6d99c072dba59953809c81446e9d0ace\",\"name\":\"ulises\",\"image\":{\"@type\":\"ImageObject\",\"inLanguage\":\"es\",\"@id\":\"https:\/\/www.celttv.com.ar\/#\/schema\/person\/image\/\",\"url\":\"https:\/\/secure.gravatar.com\/avatar\/7f2c48bdc33b30088f941fb6082e555f2874c98e20cb159d7b92b50eadfce793?s=96&d=mm&r=g\",\"contentUrl\":\"https:\/\/secure.gravatar.com\/avatar\/7f2c48bdc33b30088f941fb6082e555f2874c98e20cb159d7b92b50eadfce793?s=96&d=mm&r=g\",\"caption\":\"ulises\"},\"sameAs\":[\"http:\/\/www.celttv.com.ar\"]}]}<\/script>\n<!-- \/ Yoast SEO plugin. -->","yoast_head_json":{"title":"SALUD: PROGRAMA DE DETECCION PRECOZ DE CANCERES PREVENIBLES - CELTTV","description":"Sitio web de noticias de la localidad de Tornquist, provincia de Buenos Aires, Rep\u00fablica Argentina. Contenido propio originado por periodistas de CELTTV, el canal de TV local de la Cooperativa El\u00e9ctrica de Tornquist. Turismo, Pol\u00edtica, Sociedad, Deporte, Cultura y todo el contenido de inter\u00e9s general que la gente del pueblo y la regi\u00f3n debe conocer.","robots":{"index":"index","follow":"follow","max-snippet":"max-snippet:-1","max-image-preview":"max-image-preview:large","max-video-preview":"max-video-preview:-1"},"canonical":"https:\/\/www.celttv.com.ar\/index.php\/2013\/10\/02\/salud-programa-de-deteccion-precoz-de-canceres-prevenibles\/","og_locale":"es_ES","og_type":"article","og_title":"SALUD: PROGRAMA DE DETECCION PRECOZ DE CANCERES PREVENIBLES - CELTTV","og_description":"Sitio web de noticias de la localidad de Tornquist, provincia de Buenos Aires, Rep\u00fablica Argentina. Contenido propio originado por periodistas de CELTTV, el canal de TV local de la Cooperativa El\u00e9ctrica de Tornquist. Turismo, Pol\u00edtica, Sociedad, Deporte, Cultura y todo el contenido de inter\u00e9s general que la gente del pueblo y la regi\u00f3n debe conocer.","og_url":"https:\/\/www.celttv.com.ar\/index.php\/2013\/10\/02\/salud-programa-de-deteccion-precoz-de-canceres-prevenibles\/","og_site_name":"CELTTV","article_publisher":"https:\/\/www.facebook.com\/celtTV\/","article_published_time":"2013-10-02T15:14:26+00:00","author":"ulises","twitter_card":"summary_large_image","twitter_misc":{"Escrito por":"ulises","Tiempo de lectura":"2 minutos"},"schema":{"@context":"https:\/\/schema.org","@graph":[{"@type":"NewsArticle","@id":"https:\/\/www.celttv.com.ar\/index.php\/2013\/10\/02\/salud-programa-de-deteccion-precoz-de-canceres-prevenibles\/#article","isPartOf":{"@id":"https:\/\/www.celttv.com.ar\/index.php\/2013\/10\/02\/salud-programa-de-deteccion-precoz-de-canceres-prevenibles\/"},"author":{"name":"ulises","@id":"https:\/\/www.celttv.com.ar\/#\/schema\/person\/6d99c072dba59953809c81446e9d0ace"},"headline":"SALUD: PROGRAMA DE DETECCION PRECOZ DE CANCERES PREVENIBLES","datePublished":"2013-10-02T15:14:26+00:00","dateModified":"2013-10-02T15:14:26+00:00","mainEntityOfPage":{"@id":"https:\/\/www.celttv.com.ar\/index.php\/2013\/10\/02\/salud-programa-de-deteccion-precoz-de-canceres-prevenibles\/"},"wordCount":393,"publisher":{"@id":"https:\/\/www.celttv.com.ar\/#organization"},"articleSection":["Comunidad","Destacadas","Pol\u00edtica"],"inLanguage":"es"},{"@type":"WebPage","@id":"https:\/\/www.celttv.com.ar\/index.php\/2013\/10\/02\/salud-programa-de-deteccion-precoz-de-canceres-prevenibles\/","url":"https:\/\/www.celttv.com.ar\/index.php\/2013\/10\/02\/salud-programa-de-deteccion-precoz-de-canceres-prevenibles\/","name":"SALUD: PROGRAMA DE DETECCION PRECOZ DE CANCERES PREVENIBLES - CELTTV","isPartOf":{"@id":"https:\/\/www.celttv.com.ar\/#website"},"datePublished":"2013-10-02T15:14:26+00:00","dateModified":"2013-10-02T15:14:26+00:00","description":"Sitio web de noticias de la localidad de Tornquist, provincia de Buenos Aires, Rep\u00fablica Argentina. Contenido propio originado por periodistas de CELTTV, el canal de TV local de la Cooperativa El\u00e9ctrica de Tornquist. Turismo, Pol\u00edtica, Sociedad, Deporte, Cultura y todo el contenido de inter\u00e9s general que la gente del pueblo y la regi\u00f3n debe conocer.","breadcrumb":{"@id":"https:\/\/www.celttv.com.ar\/index.php\/2013\/10\/02\/salud-programa-de-deteccion-precoz-de-canceres-prevenibles\/#breadcrumb"},"inLanguage":"es","potentialAction":[{"@type":"ReadAction","target":["https:\/\/www.celttv.com.ar\/index.php\/2013\/10\/02\/salud-programa-de-deteccion-precoz-de-canceres-prevenibles\/"]}]},{"@type":"BreadcrumbList","@id":"https:\/\/www.celttv.com.ar\/index.php\/2013\/10\/02\/salud-programa-de-deteccion-precoz-de-canceres-prevenibles\/#breadcrumb","itemListElement":[{"@type":"ListItem","position":1,"name":"Inicio","item":"https:\/\/www.celttv.com.ar\/"},{"@type":"ListItem","position":2,"name":"SALUD: PROGRAMA DE DETECCION PRECOZ DE CANCERES PREVENIBLES"}]},{"@type":"WebSite","@id":"https:\/\/www.celttv.com.ar\/#website","url":"https:\/\/www.celttv.com.ar\/","name":"CELTTV","description":"Cooperativa El\u00e9ctrica de Tornquist","publisher":{"@id":"https:\/\/www.celttv.com.ar\/#organization"},"potentialAction":[{"@type":"SearchAction","target":{"@type":"EntryPoint","urlTemplate":"https:\/\/www.celttv.com.ar\/?s={search_term_string}"},"query-input":"required name=search_term_string"}],"inLanguage":"es"},{"@type":"Organization","@id":"https:\/\/www.celttv.com.ar\/#organization","name":"CELTTV","url":"https:\/\/www.celttv.com.ar\/","sameAs":["https:\/\/www.youtube.com\/channel\/UCz_oIt8Hig64Ub-EmcNPIhg","https:\/\/www.facebook.com\/celtTV\/"],"logo":{"@type":"ImageObject","inLanguage":"es","@id":"https:\/\/www.celttv.com.ar\/#\/schema\/logo\/image\/","url":"http:\/\/www.celttv.com.ar\/wp-content\/uploads\/2022\/08\/logo-1.png","contentUrl":"http:\/\/www.celttv.com.ar\/wp-content\/uploads\/2022\/08\/logo-1.png","width":461,"height":159,"caption":"CELTTV"},"image":{"@id":"https:\/\/www.celttv.com.ar\/#\/schema\/logo\/image\/"}},{"@type":"Person","@id":"https:\/\/www.celttv.com.ar\/#\/schema\/person\/6d99c072dba59953809c81446e9d0ace","name":"ulises","image":{"@type":"ImageObject","inLanguage":"es","@id":"https:\/\/www.celttv.com.ar\/#\/schema\/person\/image\/","url":"https:\/\/secure.gravatar.com\/avatar\/7f2c48bdc33b30088f941fb6082e555f2874c98e20cb159d7b92b50eadfce793?s=96&d=mm&r=g","contentUrl":"https:\/\/secure.gravatar.com\/avatar\/7f2c48bdc33b30088f941fb6082e555f2874c98e20cb159d7b92b50eadfce793?s=96&d=mm&r=g","caption":"ulises"},"sameAs":["http:\/\/www.celttv.com.ar"]}]}},"_links":{"self":[{"href":"https:\/\/www.celttv.com.ar\/index.php\/wp-json\/wp\/v2\/posts\/14601","targetHints":{"allow":["GET"]}}],"collection":[{"href":"https:\/\/www.celttv.com.ar\/index.php\/wp-json\/wp\/v2\/posts"}],"about":[{"href":"https:\/\/www.celttv.com.ar\/index.php\/wp-json\/wp\/v2\/types\/post"}],"author":[{"embeddable":true,"href":"https:\/\/www.celttv.com.ar\/index.php\/wp-json\/wp\/v2\/users\/1"}],"replies":[{"embeddable":true,"href":"https:\/\/www.celttv.com.ar\/index.php\/wp-json\/wp\/v2\/comments?post=14601"}],"version-history":[{"count":0,"href":"https:\/\/www.celttv.com.ar\/index.php\/wp-json\/wp\/v2\/posts\/14601\/revisions"}],"wp:attachment":[{"href":"https:\/\/www.celttv.com.ar\/index.php\/wp-json\/wp\/v2\/media?parent=14601"}],"wp:term":[{"taxonomy":"category","embeddable":true,"href":"https:\/\/www.celttv.com.ar\/index.php\/wp-json\/wp\/v2\/categories?post=14601"},{"taxonomy":"post_tag","embeddable":true,"href":"https:\/\/www.celttv.com.ar\/index.php\/wp-json\/wp\/v2\/tags?post=14601"}],"curies":[{"name":"wp","href":"https:\/\/api.w.org\/{rel}","templated":true}]}}