{"id":14640,"date":"2013-10-04T16:51:28","date_gmt":"2013-10-04T16:51:28","guid":{"rendered":"http:\/\/www.tvcnoticias.com.ar\/?p=14640"},"modified":"2013-10-04T16:51:28","modified_gmt":"2013-10-04T16:51:28","slug":"imagenes-de-un-nuevo-cafe-literario-musical-en-la-biblioteca-e-tornquist","status":"publish","type":"post","link":"https:\/\/www.celttv.com.ar\/index.php\/2013\/10\/04\/imagenes-de-un-nuevo-cafe-literario-musical-en-la-biblioteca-e-tornquist\/","title":{"rendered":"IMAGENES DE UN NUEVO CAFE LITERARIO MUSICAL EN LA BIBLIOTECA E. TORNQUIST"},"content":{"rendered":"<p><a href=\"http:\/\/www.youtube.com\/watch?v=pYjm9vjtzt4\"><a href=\"http:\/\/www.youtube.com\/watch?v=pYjm9vjtzt4\">httpv:\/\/www.youtube.com\/watch?v=pYjm9vjtzt4<\/a><\/a><br \/>\n<a href=\"http:\/\/www.youtube.com\/watch?v=UiyfyXpebqI\"><a href=\"http:\/\/www.youtube.com\/watch?v=UiyfyXpebqI\">httpv:\/\/www.youtube.com\/watch?v=UiyfyXpebqI<\/a><\/a><br \/>\n<a href=\"http:\/\/www.youtube.com\/watch?v=WuIj0-xg4v8\"><a href=\"http:\/\/www.youtube.com\/watch?v=WuIj0-xg4v8\">httpv:\/\/www.youtube.com\/watch?v=WuIj0-xg4v8<\/a><\/a><br \/>\n<a href=\"http:\/\/www.youtube.com\/watch?v=fnRbiVwEOdQ\"><a href=\"http:\/\/www.youtube.com\/watch?v=fnRbiVwEOdQ\">httpv:\/\/www.youtube.com\/watch?v=fnRbiVwEOdQ<\/a><\/a><br \/>\nUn nuevo y exitoso cafe literario se realiz\u00f3 el pasado viernes en la Biblioteca Popular Ernesto Tornquist que cont\u00f3 con la conducci\u00f3n de Elisabet Nori y la coordinaci\u00f3n de Roberto Mutti, en esta oportunidad homenajeando a los maestros en el mes de la celebraci\u00f3n de su d\u00eda.<br \/>\nParticiparon la docente Mar\u00eda Rosa Gonzalez, pronunciando palabras alusivas de su autor\u00eda, la ex docente Esther Lacasta con sus recuerdos y poes\u00eda propia del D\u00eda del Maestro; la joven alumna Antonella Mutti ley\u00f3 el poema \u201cEducar\u201d de Gabriel Celaya, la docente Patricia Muniagurria deleit\u00f3 a los presentes con su guitarra y voz interpretando \u201cAprender a volar\u201d y \u201cA m\u00ed Maestra\u201d.\u00a0 \u00a0Laura Giambernardino represent\u00f3 a las docentes rurales y proyect\u00f3 un video muy emotivo con el trabajo que realizan los docentes y los alumnos y el locutor y escritor Marcelo Alga\u00f1araz recit\u00f3 un poema de H\u00e9ctor Gagliardi titulado &#8220;La Maestra&#8221;<br \/>\nAdem\u00e1s las docentes Alejandra Conte y Valeria Aguilera fueron distinguidas por ser la de mayor y menor antig\u00fcedad en el presente. Tambi\u00e9n se reconoci\u00f3 a Esther Lacasta y se entregaron certificados a los participantes.<\/p>\n","protected":false},"excerpt":{"rendered":"<p>httpv:\/\/www.youtube.com\/watch?v=pYjm9vjtzt4 httpv:\/\/www.youtube.com\/watch?v=UiyfyXpebqI httpv:\/\/www.youtube.com\/watch?v=WuIj0-xg4v8 httpv:\/\/www.youtube.com\/watch?v=fnRbiVwEOdQ Un nuevo y exitoso cafe literario se realiz\u00f3 el pasado viernes en la Biblioteca Popular Ernesto Tornquist que cont\u00f3 con la conducci\u00f3n de Elisabet Nori y la coordinaci\u00f3n de Roberto Mutti, en esta oportunidad homenajeando a los maestros en el mes de la celebraci\u00f3n de su d\u00eda. Participaron la docente Mar\u00eda [&hellip;]<\/p>\n","protected":false},"author":1,"featured_media":0,"comment_status":"closed","ping_status":"open","sticky":false,"template":"","format":"standard","meta":{"footnotes":""},"categories":[51,52,64],"tags":[],"class_list":["post-14640","post","type-post","status-publish","format-standard","hentry","category-comunidad","category-destacadas","category-videos-destacados"],"yoast_head":"<!-- This site is optimized with the Yoast SEO plugin v19.7.1 - https:\/\/yoast.com\/wordpress\/plugins\/seo\/ -->\n<title>IMAGENES DE UN NUEVO CAFE LITERARIO MUSICAL EN LA BIBLIOTECA E. TORNQUIST - CELTTV<\/title>\n<meta name=\"description\" content=\"Sitio web de noticias de la localidad de Tornquist, provincia de Buenos Aires, Rep\u00fablica Argentina. Contenido propio originado por periodistas de CELTTV, el canal de TV local de la Cooperativa El\u00e9ctrica de Tornquist. Turismo, Pol\u00edtica, Sociedad, Deporte, Cultura y todo el contenido de inter\u00e9s general que la gente del pueblo y la regi\u00f3n debe conocer.\" \/>\n<meta name=\"robots\" content=\"index, follow, max-snippet:-1, max-image-preview:large, max-video-preview:-1\" \/>\n<link rel=\"canonical\" href=\"https:\/\/www.celttv.com.ar\/index.php\/2013\/10\/04\/imagenes-de-un-nuevo-cafe-literario-musical-en-la-biblioteca-e-tornquist\/\" \/>\n<meta property=\"og:locale\" content=\"es_ES\" \/>\n<meta property=\"og:type\" content=\"article\" \/>\n<meta property=\"og:title\" content=\"IMAGENES DE UN NUEVO CAFE LITERARIO MUSICAL EN LA BIBLIOTECA E. TORNQUIST - CELTTV\" \/>\n<meta property=\"og:description\" content=\"Sitio web de noticias de la localidad de Tornquist, provincia de Buenos Aires, Rep\u00fablica Argentina. Contenido propio originado por periodistas de CELTTV, el canal de TV local de la Cooperativa El\u00e9ctrica de Tornquist. Turismo, Pol\u00edtica, Sociedad, Deporte, Cultura y todo el contenido de inter\u00e9s general que la gente del pueblo y la regi\u00f3n debe conocer.\" \/>\n<meta property=\"og:url\" content=\"https:\/\/www.celttv.com.ar\/index.php\/2013\/10\/04\/imagenes-de-un-nuevo-cafe-literario-musical-en-la-biblioteca-e-tornquist\/\" \/>\n<meta property=\"og:site_name\" content=\"CELTTV\" \/>\n<meta property=\"article:publisher\" content=\"https:\/\/www.facebook.com\/celtTV\/\" \/>\n<meta property=\"article:published_time\" content=\"2013-10-04T16:51:28+00:00\" \/>\n<meta name=\"author\" content=\"ulises\" \/>\n<meta name=\"twitter:card\" content=\"summary_large_image\" \/>\n<meta name=\"twitter:label1\" content=\"Escrito por\" \/>\n\t<meta name=\"twitter:data1\" content=\"ulises\" \/>\n\t<meta name=\"twitter:label2\" content=\"Tiempo de lectura\" \/>\n\t<meta name=\"twitter:data2\" content=\"1 minuto\" \/>\n<script type=\"application\/ld+json\" class=\"yoast-schema-graph\">{\"@context\":\"https:\/\/schema.org\",\"@graph\":[{\"@type\":\"NewsArticle\",\"@id\":\"https:\/\/www.celttv.com.ar\/index.php\/2013\/10\/04\/imagenes-de-un-nuevo-cafe-literario-musical-en-la-biblioteca-e-tornquist\/#article\",\"isPartOf\":{\"@id\":\"https:\/\/www.celttv.com.ar\/index.php\/2013\/10\/04\/imagenes-de-un-nuevo-cafe-literario-musical-en-la-biblioteca-e-tornquist\/\"},\"author\":{\"name\":\"ulises\",\"@id\":\"https:\/\/www.celttv.com.ar\/#\/schema\/person\/6d99c072dba59953809c81446e9d0ace\"},\"headline\":\"IMAGENES DE UN NUEVO CAFE LITERARIO MUSICAL EN LA BIBLIOTECA E. TORNQUIST\",\"datePublished\":\"2013-10-04T16:51:28+00:00\",\"dateModified\":\"2013-10-04T16:51:28+00:00\",\"mainEntityOfPage\":{\"@id\":\"https:\/\/www.celttv.com.ar\/index.php\/2013\/10\/04\/imagenes-de-un-nuevo-cafe-literario-musical-en-la-biblioteca-e-tornquist\/\"},\"wordCount\":236,\"publisher\":{\"@id\":\"https:\/\/www.celttv.com.ar\/#organization\"},\"articleSection\":[\"Comunidad\",\"Destacadas\",\"Videos Destacados\"],\"inLanguage\":\"es\"},{\"@type\":\"WebPage\",\"@id\":\"https:\/\/www.celttv.com.ar\/index.php\/2013\/10\/04\/imagenes-de-un-nuevo-cafe-literario-musical-en-la-biblioteca-e-tornquist\/\",\"url\":\"https:\/\/www.celttv.com.ar\/index.php\/2013\/10\/04\/imagenes-de-un-nuevo-cafe-literario-musical-en-la-biblioteca-e-tornquist\/\",\"name\":\"IMAGENES DE UN NUEVO CAFE LITERARIO MUSICAL EN LA BIBLIOTECA E. TORNQUIST - CELTTV\",\"isPartOf\":{\"@id\":\"https:\/\/www.celttv.com.ar\/#website\"},\"datePublished\":\"2013-10-04T16:51:28+00:00\",\"dateModified\":\"2013-10-04T16:51:28+00:00\",\"description\":\"Sitio web de noticias de la localidad de Tornquist, provincia de Buenos Aires, Rep\u00fablica Argentina. Contenido propio originado por periodistas de CELTTV, el canal de TV local de la Cooperativa El\u00e9ctrica de Tornquist. Turismo, Pol\u00edtica, Sociedad, Deporte, Cultura y todo el contenido de inter\u00e9s general que la gente del pueblo y la regi\u00f3n debe conocer.\",\"breadcrumb\":{\"@id\":\"https:\/\/www.celttv.com.ar\/index.php\/2013\/10\/04\/imagenes-de-un-nuevo-cafe-literario-musical-en-la-biblioteca-e-tornquist\/#breadcrumb\"},\"inLanguage\":\"es\",\"potentialAction\":[{\"@type\":\"ReadAction\",\"target\":[\"https:\/\/www.celttv.com.ar\/index.php\/2013\/10\/04\/imagenes-de-un-nuevo-cafe-literario-musical-en-la-biblioteca-e-tornquist\/\"]}]},{\"@type\":\"BreadcrumbList\",\"@id\":\"https:\/\/www.celttv.com.ar\/index.php\/2013\/10\/04\/imagenes-de-un-nuevo-cafe-literario-musical-en-la-biblioteca-e-tornquist\/#breadcrumb\",\"itemListElement\":[{\"@type\":\"ListItem\",\"position\":1,\"name\":\"Inicio\",\"item\":\"https:\/\/www.celttv.com.ar\/\"},{\"@type\":\"ListItem\",\"position\":2,\"name\":\"IMAGENES DE UN NUEVO CAFE LITERARIO MUSICAL EN LA BIBLIOTECA E. TORNQUIST\"}]},{\"@type\":\"WebSite\",\"@id\":\"https:\/\/www.celttv.com.ar\/#website\",\"url\":\"https:\/\/www.celttv.com.ar\/\",\"name\":\"CELTTV\",\"description\":\"Cooperativa El\u00e9ctrica de Tornquist\",\"publisher\":{\"@id\":\"https:\/\/www.celttv.com.ar\/#organization\"},\"potentialAction\":[{\"@type\":\"SearchAction\",\"target\":{\"@type\":\"EntryPoint\",\"urlTemplate\":\"https:\/\/www.celttv.com.ar\/?s={search_term_string}\"},\"query-input\":\"required name=search_term_string\"}],\"inLanguage\":\"es\"},{\"@type\":\"Organization\",\"@id\":\"https:\/\/www.celttv.com.ar\/#organization\",\"name\":\"CELTTV\",\"url\":\"https:\/\/www.celttv.com.ar\/\",\"sameAs\":[\"https:\/\/www.youtube.com\/channel\/UCz_oIt8Hig64Ub-EmcNPIhg\",\"https:\/\/www.facebook.com\/celtTV\/\"],\"logo\":{\"@type\":\"ImageObject\",\"inLanguage\":\"es\",\"@id\":\"https:\/\/www.celttv.com.ar\/#\/schema\/logo\/image\/\",\"url\":\"http:\/\/www.celttv.com.ar\/wp-content\/uploads\/2022\/08\/logo-1.png\",\"contentUrl\":\"http:\/\/www.celttv.com.ar\/wp-content\/uploads\/2022\/08\/logo-1.png\",\"width\":461,\"height\":159,\"caption\":\"CELTTV\"},\"image\":{\"@id\":\"https:\/\/www.celttv.com.ar\/#\/schema\/logo\/image\/\"}},{\"@type\":\"Person\",\"@id\":\"https:\/\/www.celttv.com.ar\/#\/schema\/person\/6d99c072dba59953809c81446e9d0ace\",\"name\":\"ulises\",\"image\":{\"@type\":\"ImageObject\",\"inLanguage\":\"es\",\"@id\":\"https:\/\/www.celttv.com.ar\/#\/schema\/person\/image\/\",\"url\":\"https:\/\/secure.gravatar.com\/avatar\/7f2c48bdc33b30088f941fb6082e555f2874c98e20cb159d7b92b50eadfce793?s=96&d=mm&r=g\",\"contentUrl\":\"https:\/\/secure.gravatar.com\/avatar\/7f2c48bdc33b30088f941fb6082e555f2874c98e20cb159d7b92b50eadfce793?s=96&d=mm&r=g\",\"caption\":\"ulises\"},\"sameAs\":[\"http:\/\/www.celttv.com.ar\"]}]}<\/script>\n<!-- \/ Yoast SEO plugin. -->","yoast_head_json":{"title":"IMAGENES DE UN NUEVO CAFE LITERARIO MUSICAL EN LA BIBLIOTECA E. TORNQUIST - CELTTV","description":"Sitio web de noticias de la localidad de Tornquist, provincia de Buenos Aires, Rep\u00fablica Argentina. Contenido propio originado por periodistas de CELTTV, el canal de TV local de la Cooperativa El\u00e9ctrica de Tornquist. Turismo, Pol\u00edtica, Sociedad, Deporte, Cultura y todo el contenido de inter\u00e9s general que la gente del pueblo y la regi\u00f3n debe conocer.","robots":{"index":"index","follow":"follow","max-snippet":"max-snippet:-1","max-image-preview":"max-image-preview:large","max-video-preview":"max-video-preview:-1"},"canonical":"https:\/\/www.celttv.com.ar\/index.php\/2013\/10\/04\/imagenes-de-un-nuevo-cafe-literario-musical-en-la-biblioteca-e-tornquist\/","og_locale":"es_ES","og_type":"article","og_title":"IMAGENES DE UN NUEVO CAFE LITERARIO MUSICAL EN LA BIBLIOTECA E. TORNQUIST - CELTTV","og_description":"Sitio web de noticias de la localidad de Tornquist, provincia de Buenos Aires, Rep\u00fablica Argentina. Contenido propio originado por periodistas de CELTTV, el canal de TV local de la Cooperativa El\u00e9ctrica de Tornquist. Turismo, Pol\u00edtica, Sociedad, Deporte, Cultura y todo el contenido de inter\u00e9s general que la gente del pueblo y la regi\u00f3n debe conocer.","og_url":"https:\/\/www.celttv.com.ar\/index.php\/2013\/10\/04\/imagenes-de-un-nuevo-cafe-literario-musical-en-la-biblioteca-e-tornquist\/","og_site_name":"CELTTV","article_publisher":"https:\/\/www.facebook.com\/celtTV\/","article_published_time":"2013-10-04T16:51:28+00:00","author":"ulises","twitter_card":"summary_large_image","twitter_misc":{"Escrito por":"ulises","Tiempo de lectura":"1 minuto"},"schema":{"@context":"https:\/\/schema.org","@graph":[{"@type":"NewsArticle","@id":"https:\/\/www.celttv.com.ar\/index.php\/2013\/10\/04\/imagenes-de-un-nuevo-cafe-literario-musical-en-la-biblioteca-e-tornquist\/#article","isPartOf":{"@id":"https:\/\/www.celttv.com.ar\/index.php\/2013\/10\/04\/imagenes-de-un-nuevo-cafe-literario-musical-en-la-biblioteca-e-tornquist\/"},"author":{"name":"ulises","@id":"https:\/\/www.celttv.com.ar\/#\/schema\/person\/6d99c072dba59953809c81446e9d0ace"},"headline":"IMAGENES DE UN NUEVO CAFE LITERARIO MUSICAL EN LA BIBLIOTECA E. TORNQUIST","datePublished":"2013-10-04T16:51:28+00:00","dateModified":"2013-10-04T16:51:28+00:00","mainEntityOfPage":{"@id":"https:\/\/www.celttv.com.ar\/index.php\/2013\/10\/04\/imagenes-de-un-nuevo-cafe-literario-musical-en-la-biblioteca-e-tornquist\/"},"wordCount":236,"publisher":{"@id":"https:\/\/www.celttv.com.ar\/#organization"},"articleSection":["Comunidad","Destacadas","Videos Destacados"],"inLanguage":"es"},{"@type":"WebPage","@id":"https:\/\/www.celttv.com.ar\/index.php\/2013\/10\/04\/imagenes-de-un-nuevo-cafe-literario-musical-en-la-biblioteca-e-tornquist\/","url":"https:\/\/www.celttv.com.ar\/index.php\/2013\/10\/04\/imagenes-de-un-nuevo-cafe-literario-musical-en-la-biblioteca-e-tornquist\/","name":"IMAGENES DE UN NUEVO CAFE LITERARIO MUSICAL EN LA BIBLIOTECA E. TORNQUIST - CELTTV","isPartOf":{"@id":"https:\/\/www.celttv.com.ar\/#website"},"datePublished":"2013-10-04T16:51:28+00:00","dateModified":"2013-10-04T16:51:28+00:00","description":"Sitio web de noticias de la localidad de Tornquist, provincia de Buenos Aires, Rep\u00fablica Argentina. Contenido propio originado por periodistas de CELTTV, el canal de TV local de la Cooperativa El\u00e9ctrica de Tornquist. Turismo, Pol\u00edtica, Sociedad, Deporte, Cultura y todo el contenido de inter\u00e9s general que la gente del pueblo y la regi\u00f3n debe conocer.","breadcrumb":{"@id":"https:\/\/www.celttv.com.ar\/index.php\/2013\/10\/04\/imagenes-de-un-nuevo-cafe-literario-musical-en-la-biblioteca-e-tornquist\/#breadcrumb"},"inLanguage":"es","potentialAction":[{"@type":"ReadAction","target":["https:\/\/www.celttv.com.ar\/index.php\/2013\/10\/04\/imagenes-de-un-nuevo-cafe-literario-musical-en-la-biblioteca-e-tornquist\/"]}]},{"@type":"BreadcrumbList","@id":"https:\/\/www.celttv.com.ar\/index.php\/2013\/10\/04\/imagenes-de-un-nuevo-cafe-literario-musical-en-la-biblioteca-e-tornquist\/#breadcrumb","itemListElement":[{"@type":"ListItem","position":1,"name":"Inicio","item":"https:\/\/www.celttv.com.ar\/"},{"@type":"ListItem","position":2,"name":"IMAGENES DE UN NUEVO CAFE LITERARIO MUSICAL EN LA BIBLIOTECA E. TORNQUIST"}]},{"@type":"WebSite","@id":"https:\/\/www.celttv.com.ar\/#website","url":"https:\/\/www.celttv.com.ar\/","name":"CELTTV","description":"Cooperativa El\u00e9ctrica de Tornquist","publisher":{"@id":"https:\/\/www.celttv.com.ar\/#organization"},"potentialAction":[{"@type":"SearchAction","target":{"@type":"EntryPoint","urlTemplate":"https:\/\/www.celttv.com.ar\/?s={search_term_string}"},"query-input":"required name=search_term_string"}],"inLanguage":"es"},{"@type":"Organization","@id":"https:\/\/www.celttv.com.ar\/#organization","name":"CELTTV","url":"https:\/\/www.celttv.com.ar\/","sameAs":["https:\/\/www.youtube.com\/channel\/UCz_oIt8Hig64Ub-EmcNPIhg","https:\/\/www.facebook.com\/celtTV\/"],"logo":{"@type":"ImageObject","inLanguage":"es","@id":"https:\/\/www.celttv.com.ar\/#\/schema\/logo\/image\/","url":"http:\/\/www.celttv.com.ar\/wp-content\/uploads\/2022\/08\/logo-1.png","contentUrl":"http:\/\/www.celttv.com.ar\/wp-content\/uploads\/2022\/08\/logo-1.png","width":461,"height":159,"caption":"CELTTV"},"image":{"@id":"https:\/\/www.celttv.com.ar\/#\/schema\/logo\/image\/"}},{"@type":"Person","@id":"https:\/\/www.celttv.com.ar\/#\/schema\/person\/6d99c072dba59953809c81446e9d0ace","name":"ulises","image":{"@type":"ImageObject","inLanguage":"es","@id":"https:\/\/www.celttv.com.ar\/#\/schema\/person\/image\/","url":"https:\/\/secure.gravatar.com\/avatar\/7f2c48bdc33b30088f941fb6082e555f2874c98e20cb159d7b92b50eadfce793?s=96&d=mm&r=g","contentUrl":"https:\/\/secure.gravatar.com\/avatar\/7f2c48bdc33b30088f941fb6082e555f2874c98e20cb159d7b92b50eadfce793?s=96&d=mm&r=g","caption":"ulises"},"sameAs":["http:\/\/www.celttv.com.ar"]}]}},"_links":{"self":[{"href":"https:\/\/www.celttv.com.ar\/index.php\/wp-json\/wp\/v2\/posts\/14640","targetHints":{"allow":["GET"]}}],"collection":[{"href":"https:\/\/www.celttv.com.ar\/index.php\/wp-json\/wp\/v2\/posts"}],"about":[{"href":"https:\/\/www.celttv.com.ar\/index.php\/wp-json\/wp\/v2\/types\/post"}],"author":[{"embeddable":true,"href":"https:\/\/www.celttv.com.ar\/index.php\/wp-json\/wp\/v2\/users\/1"}],"replies":[{"embeddable":true,"href":"https:\/\/www.celttv.com.ar\/index.php\/wp-json\/wp\/v2\/comments?post=14640"}],"version-history":[{"count":0,"href":"https:\/\/www.celttv.com.ar\/index.php\/wp-json\/wp\/v2\/posts\/14640\/revisions"}],"wp:attachment":[{"href":"https:\/\/www.celttv.com.ar\/index.php\/wp-json\/wp\/v2\/media?parent=14640"}],"wp:term":[{"taxonomy":"category","embeddable":true,"href":"https:\/\/www.celttv.com.ar\/index.php\/wp-json\/wp\/v2\/categories?post=14640"},{"taxonomy":"post_tag","embeddable":true,"href":"https:\/\/www.celttv.com.ar\/index.php\/wp-json\/wp\/v2\/tags?post=14640"}],"curies":[{"name":"wp","href":"https:\/\/api.w.org\/{rel}","templated":true}]}}