{"id":14645,"date":"2013-10-04T18:51:49","date_gmt":"2013-10-04T18:51:49","guid":{"rendered":"http:\/\/www.tvcnoticias.com.ar\/?p=14645"},"modified":"2013-10-04T18:51:49","modified_gmt":"2013-10-04T18:51:49","slug":"fedecoba-ratifico-su-conduccion","status":"publish","type":"post","link":"https:\/\/www.celttv.com.ar\/index.php\/2013\/10\/04\/fedecoba-ratifico-su-conduccion\/","title":{"rendered":"FEDECOBA RATIFICO SU CONDUCCION"},"content":{"rendered":"<p>Se realiz\u00f3 la XXXV Asamblea General Ordinaria y la reuni\u00f3n de distribuci\u00f3n de cargos. Fue este jueves 3 de octubre en la ciudad de Azul. Ariel Guarco continuar\u00e1 como presidente, junto a Angel Echarren (vicepresidente), Guillermo Ostornol (secretario) y Horacio Checchia (tesorero). En la sindicatura titular seguir\u00e1 Daniel Bonadeo.<br \/>\nLa conducci\u00f3n de FEDECOBA fue ratificada un\u00e1nimemente luego de la reuni\u00f3n de distribuci\u00f3n de cargos que se realiz\u00f3 con posterioridad a la Asamblea General Ordinaria, este jueves 3 de octubre en la ciudad de Azul. De este modo, Ariel Guarco (Cnel. Pringles) asumi\u00f3 su sexto mandato consecutivo en la presidencia de la federaci\u00f3n y continuar\u00e1n acompa\u00f1\u00e1ndolo en la Mesa Directiva: Angel Echarren (Castelli), vicepresidente; Guillermo Ostornol (Tornquist), secretario; y Horacio Checchia (De la Garma), tesorero.<br \/>\nEn horas previas, tuvo lugar la XXXV\u00b0 Asamblea General Ordinaria de FEDECOBA con la participaci\u00f3n de delegados de 49 cooperativas asociadas y en la que se trataron y aprobaron todos los temas previstos en el orden del d\u00eda. El acto asambleario fue presidido por Ariel Guarco junto a los integrantes de la Mesa Directiva, quienes explicaron los temas relacionados con la intensa actividad institucional desplegada en el \u00faltimo per\u00edodo, al tiempo que pusieron a consideraci\u00f3n de los asamble\u00edstas las propuestas para el nuevo ejercicio.<br \/>\nPor otra parte, el gerente Mario Vitale present\u00f3 el s\u00e9ptimo Balance Social Cooperativo y los contadores Valeria Gonz\u00e1lez Harrison (asesor contable) y Juan Pablo Wibaux (auditor externo) brindaron precisiones acerca de los Estados Contables al 30 de junio de 2013.<br \/>\nFinalmente, se realiz\u00f3 la renovaci\u00f3n parcial de consejeros a trav\u00e9s de la presentaci\u00f3n de una \u00fanica lista de candidatos, que fue aprobada por aclamaci\u00f3n un\u00e1nime de los asamble\u00edstas.<br \/>\n\u201cHa sido una magn\u00edfica asamblea en la que expusimos todo el trabajo y el compromiso federativo con las asociadas, por eso nos reconforta el nivel de asistencia y el hecho de que sea ratificado nuevamente el rumbo de federaci\u00f3n\u201d, sostuvo Ariel Guarco, al tiempo que agradeci\u00f3 a sus pares la nueva reelecci\u00f3n como presidente de FEDECOBA record\u00e1ndoles que se trata de construcci\u00f3n conjunta que requiere de la participaci\u00f3n, entrega y trabajo en equipo de todos.<br \/>\n<strong>Consejo de Administraci\u00f3n para el per\u00edodo 2013-2014<\/strong><\/p>\n<ul>\n<li>Presidente: Ariel Guarco (Coronel Pringles)<\/li>\n<li>Vicepresidente: Angel Echarren (Castelli)<\/li>\n<li>Secretario: Guillermo Ostornol (Tornquist)<\/li>\n<li>Prosecretario: Julio Rivas (Carmen de Areco)<\/li>\n<li>Tesorero: Horacio Checchia (De la Garma)<\/li>\n<li>Protesorero: Francisco Pelazas (Trenque Lauquen)<\/li>\n<li>Vocales titulares: Dami\u00e1n Roig\u00e9 (Charlone), Adolfo Porris (Bol\u00edvar), Luis Rateriy (Mar del Plata), Jos\u00e9 Balbuena (Punta Alta), Daniel Garc\u00eda (Rivadavia) y Gerardo Garc\u00eda (Tres Algarrobos).<\/li>\n<li>Vocales suplentes: \u00c1ngel C\u00e1ceres (Benito Ju\u00e1rez), Ricardo Bracco (Norberto de la Riestra) y Julio Cant\u00f3n (San Manuel)<\/li>\n<li>S\u00edndico titular: Daniel Bonadeo (General Viamonte)<\/li>\n<li>S\u00edndico suplente: Miguel Angel Albamonte (Ramallo).<\/li>\n<\/ul>\n<blockquote><p><strong>Cooperativas asistentes a la Asamblea<\/strong><br \/>\nNorberto de la Riestra (e), La Regional, Trenque Lauquen, Moquehu\u00e1, Benito Ju\u00e1rez, Bol\u00edvar, Bragado, General Viamonte, Tornquist, Villa Iris, Carmen de Areco, Coronel Pringles, Tres Algarrobos, Adolfo Alsina, General Pir\u00e1n, Indio Rico, Laguna de los Padres, Tandil-Azul, Banderal\u00f3, Gahan, Punta Alta, Ramallo, Piedritas, Stroeder, San Manuel, Mar del Plata, San Francisco de Bellocq, Saldungaray, Huanguel\u00e9n, Copetonas, Espartillar, Chasic\u00f3, Castelli, Charlone, Lezama, Sierra de la Ventana, Pig\u00fc\u00e9, Rivadavia, Emilio V. Bunge, Colonia Los Alfalfares, Ega\u00f1a, Santa Regina, Zaval\u00eda, Arenaza, Oriente, Ca\u00f1ada Seca, Suipacha-Almeyra, De la Garma y Dionisia.<\/p><\/blockquote>\n<p>&nbsp;<\/p>\n","protected":false},"excerpt":{"rendered":"<p>Se realiz\u00f3 la XXXV Asamblea General Ordinaria y la reuni\u00f3n de distribuci\u00f3n de cargos. Fue este jueves 3 de octubre en la ciudad de Azul. Ariel Guarco continuar\u00e1 como presidente, junto a Angel Echarren (vicepresidente), Guillermo Ostornol (secretario) y Horacio Checchia (tesorero). En la sindicatura titular seguir\u00e1 Daniel Bonadeo. La conducci\u00f3n de FEDECOBA fue ratificada [&hellip;]<\/p>\n","protected":false},"author":1,"featured_media":0,"comment_status":"closed","ping_status":"open","sticky":false,"template":"","format":"standard","meta":{"footnotes":""},"categories":[51,52,53],"tags":[],"class_list":["post-14645","post","type-post","status-publish","format-standard","hentry","category-comunidad","category-destacadas","category-politica"],"yoast_head":"<!-- This site is optimized with the Yoast SEO plugin v19.7.1 - https:\/\/yoast.com\/wordpress\/plugins\/seo\/ -->\n<title>FEDECOBA RATIFICO SU CONDUCCION - CELTTV<\/title>\n<meta name=\"description\" content=\"Sitio web de noticias de la localidad de Tornquist, provincia de Buenos Aires, Rep\u00fablica Argentina. Contenido propio originado por periodistas de CELTTV, el canal de TV local de la Cooperativa El\u00e9ctrica de Tornquist. Turismo, Pol\u00edtica, Sociedad, Deporte, Cultura y todo el contenido de inter\u00e9s general que la gente del pueblo y la regi\u00f3n debe conocer.\" \/>\n<meta name=\"robots\" content=\"index, follow, max-snippet:-1, max-image-preview:large, max-video-preview:-1\" \/>\n<link rel=\"canonical\" href=\"https:\/\/www.celttv.com.ar\/index.php\/2013\/10\/04\/fedecoba-ratifico-su-conduccion\/\" \/>\n<meta property=\"og:locale\" content=\"es_ES\" \/>\n<meta property=\"og:type\" content=\"article\" \/>\n<meta property=\"og:title\" content=\"FEDECOBA RATIFICO SU CONDUCCION - CELTTV\" \/>\n<meta property=\"og:description\" content=\"Sitio web de noticias de la localidad de Tornquist, provincia de Buenos Aires, Rep\u00fablica Argentina. Contenido propio originado por periodistas de CELTTV, el canal de TV local de la Cooperativa El\u00e9ctrica de Tornquist. Turismo, Pol\u00edtica, Sociedad, Deporte, Cultura y todo el contenido de inter\u00e9s general que la gente del pueblo y la regi\u00f3n debe conocer.\" \/>\n<meta property=\"og:url\" content=\"https:\/\/www.celttv.com.ar\/index.php\/2013\/10\/04\/fedecoba-ratifico-su-conduccion\/\" \/>\n<meta property=\"og:site_name\" content=\"CELTTV\" \/>\n<meta property=\"article:publisher\" content=\"https:\/\/www.facebook.com\/celtTV\/\" \/>\n<meta property=\"article:published_time\" content=\"2013-10-04T18:51:49+00:00\" \/>\n<meta name=\"author\" content=\"ulises\" \/>\n<meta name=\"twitter:card\" content=\"summary_large_image\" \/>\n<meta name=\"twitter:label1\" content=\"Escrito por\" \/>\n\t<meta name=\"twitter:data1\" content=\"ulises\" \/>\n\t<meta name=\"twitter:label2\" content=\"Tiempo de lectura\" \/>\n\t<meta name=\"twitter:data2\" content=\"3 minutos\" \/>\n<script type=\"application\/ld+json\" class=\"yoast-schema-graph\">{\"@context\":\"https:\/\/schema.org\",\"@graph\":[{\"@type\":\"NewsArticle\",\"@id\":\"https:\/\/www.celttv.com.ar\/index.php\/2013\/10\/04\/fedecoba-ratifico-su-conduccion\/#article\",\"isPartOf\":{\"@id\":\"https:\/\/www.celttv.com.ar\/index.php\/2013\/10\/04\/fedecoba-ratifico-su-conduccion\/\"},\"author\":{\"name\":\"ulises\",\"@id\":\"https:\/\/www.celttv.com.ar\/#\/schema\/person\/6d99c072dba59953809c81446e9d0ace\"},\"headline\":\"FEDECOBA RATIFICO SU CONDUCCION\",\"datePublished\":\"2013-10-04T18:51:49+00:00\",\"dateModified\":\"2013-10-04T18:51:49+00:00\",\"mainEntityOfPage\":{\"@id\":\"https:\/\/www.celttv.com.ar\/index.php\/2013\/10\/04\/fedecoba-ratifico-su-conduccion\/\"},\"wordCount\":580,\"publisher\":{\"@id\":\"https:\/\/www.celttv.com.ar\/#organization\"},\"articleSection\":[\"Comunidad\",\"Destacadas\",\"Pol\u00edtica\"],\"inLanguage\":\"es\"},{\"@type\":\"WebPage\",\"@id\":\"https:\/\/www.celttv.com.ar\/index.php\/2013\/10\/04\/fedecoba-ratifico-su-conduccion\/\",\"url\":\"https:\/\/www.celttv.com.ar\/index.php\/2013\/10\/04\/fedecoba-ratifico-su-conduccion\/\",\"name\":\"FEDECOBA RATIFICO SU CONDUCCION - CELTTV\",\"isPartOf\":{\"@id\":\"https:\/\/www.celttv.com.ar\/#website\"},\"datePublished\":\"2013-10-04T18:51:49+00:00\",\"dateModified\":\"2013-10-04T18:51:49+00:00\",\"description\":\"Sitio web de noticias de la localidad de Tornquist, provincia de Buenos Aires, Rep\u00fablica Argentina. Contenido propio originado por periodistas de CELTTV, el canal de TV local de la Cooperativa El\u00e9ctrica de Tornquist. Turismo, Pol\u00edtica, Sociedad, Deporte, Cultura y todo el contenido de inter\u00e9s general que la gente del pueblo y la regi\u00f3n debe conocer.\",\"breadcrumb\":{\"@id\":\"https:\/\/www.celttv.com.ar\/index.php\/2013\/10\/04\/fedecoba-ratifico-su-conduccion\/#breadcrumb\"},\"inLanguage\":\"es\",\"potentialAction\":[{\"@type\":\"ReadAction\",\"target\":[\"https:\/\/www.celttv.com.ar\/index.php\/2013\/10\/04\/fedecoba-ratifico-su-conduccion\/\"]}]},{\"@type\":\"BreadcrumbList\",\"@id\":\"https:\/\/www.celttv.com.ar\/index.php\/2013\/10\/04\/fedecoba-ratifico-su-conduccion\/#breadcrumb\",\"itemListElement\":[{\"@type\":\"ListItem\",\"position\":1,\"name\":\"Inicio\",\"item\":\"https:\/\/www.celttv.com.ar\/\"},{\"@type\":\"ListItem\",\"position\":2,\"name\":\"FEDECOBA RATIFICO SU CONDUCCION\"}]},{\"@type\":\"WebSite\",\"@id\":\"https:\/\/www.celttv.com.ar\/#website\",\"url\":\"https:\/\/www.celttv.com.ar\/\",\"name\":\"CELTTV\",\"description\":\"Cooperativa El\u00e9ctrica de Tornquist\",\"publisher\":{\"@id\":\"https:\/\/www.celttv.com.ar\/#organization\"},\"potentialAction\":[{\"@type\":\"SearchAction\",\"target\":{\"@type\":\"EntryPoint\",\"urlTemplate\":\"https:\/\/www.celttv.com.ar\/?s={search_term_string}\"},\"query-input\":\"required name=search_term_string\"}],\"inLanguage\":\"es\"},{\"@type\":\"Organization\",\"@id\":\"https:\/\/www.celttv.com.ar\/#organization\",\"name\":\"CELTTV\",\"url\":\"https:\/\/www.celttv.com.ar\/\",\"sameAs\":[\"https:\/\/www.youtube.com\/channel\/UCz_oIt8Hig64Ub-EmcNPIhg\",\"https:\/\/www.facebook.com\/celtTV\/\"],\"logo\":{\"@type\":\"ImageObject\",\"inLanguage\":\"es\",\"@id\":\"https:\/\/www.celttv.com.ar\/#\/schema\/logo\/image\/\",\"url\":\"http:\/\/www.celttv.com.ar\/wp-content\/uploads\/2022\/08\/logo-1.png\",\"contentUrl\":\"http:\/\/www.celttv.com.ar\/wp-content\/uploads\/2022\/08\/logo-1.png\",\"width\":461,\"height\":159,\"caption\":\"CELTTV\"},\"image\":{\"@id\":\"https:\/\/www.celttv.com.ar\/#\/schema\/logo\/image\/\"}},{\"@type\":\"Person\",\"@id\":\"https:\/\/www.celttv.com.ar\/#\/schema\/person\/6d99c072dba59953809c81446e9d0ace\",\"name\":\"ulises\",\"image\":{\"@type\":\"ImageObject\",\"inLanguage\":\"es\",\"@id\":\"https:\/\/www.celttv.com.ar\/#\/schema\/person\/image\/\",\"url\":\"https:\/\/secure.gravatar.com\/avatar\/7f2c48bdc33b30088f941fb6082e555f2874c98e20cb159d7b92b50eadfce793?s=96&d=mm&r=g\",\"contentUrl\":\"https:\/\/secure.gravatar.com\/avatar\/7f2c48bdc33b30088f941fb6082e555f2874c98e20cb159d7b92b50eadfce793?s=96&d=mm&r=g\",\"caption\":\"ulises\"},\"sameAs\":[\"http:\/\/www.celttv.com.ar\"]}]}<\/script>\n<!-- \/ Yoast SEO plugin. -->","yoast_head_json":{"title":"FEDECOBA RATIFICO SU CONDUCCION - CELTTV","description":"Sitio web de noticias de la localidad de Tornquist, provincia de Buenos Aires, Rep\u00fablica Argentina. Contenido propio originado por periodistas de CELTTV, el canal de TV local de la Cooperativa El\u00e9ctrica de Tornquist. Turismo, Pol\u00edtica, Sociedad, Deporte, Cultura y todo el contenido de inter\u00e9s general que la gente del pueblo y la regi\u00f3n debe conocer.","robots":{"index":"index","follow":"follow","max-snippet":"max-snippet:-1","max-image-preview":"max-image-preview:large","max-video-preview":"max-video-preview:-1"},"canonical":"https:\/\/www.celttv.com.ar\/index.php\/2013\/10\/04\/fedecoba-ratifico-su-conduccion\/","og_locale":"es_ES","og_type":"article","og_title":"FEDECOBA RATIFICO SU CONDUCCION - CELTTV","og_description":"Sitio web de noticias de la localidad de Tornquist, provincia de Buenos Aires, Rep\u00fablica Argentina. Contenido propio originado por periodistas de CELTTV, el canal de TV local de la Cooperativa El\u00e9ctrica de Tornquist. Turismo, Pol\u00edtica, Sociedad, Deporte, Cultura y todo el contenido de inter\u00e9s general que la gente del pueblo y la regi\u00f3n debe conocer.","og_url":"https:\/\/www.celttv.com.ar\/index.php\/2013\/10\/04\/fedecoba-ratifico-su-conduccion\/","og_site_name":"CELTTV","article_publisher":"https:\/\/www.facebook.com\/celtTV\/","article_published_time":"2013-10-04T18:51:49+00:00","author":"ulises","twitter_card":"summary_large_image","twitter_misc":{"Escrito por":"ulises","Tiempo de lectura":"3 minutos"},"schema":{"@context":"https:\/\/schema.org","@graph":[{"@type":"NewsArticle","@id":"https:\/\/www.celttv.com.ar\/index.php\/2013\/10\/04\/fedecoba-ratifico-su-conduccion\/#article","isPartOf":{"@id":"https:\/\/www.celttv.com.ar\/index.php\/2013\/10\/04\/fedecoba-ratifico-su-conduccion\/"},"author":{"name":"ulises","@id":"https:\/\/www.celttv.com.ar\/#\/schema\/person\/6d99c072dba59953809c81446e9d0ace"},"headline":"FEDECOBA RATIFICO SU CONDUCCION","datePublished":"2013-10-04T18:51:49+00:00","dateModified":"2013-10-04T18:51:49+00:00","mainEntityOfPage":{"@id":"https:\/\/www.celttv.com.ar\/index.php\/2013\/10\/04\/fedecoba-ratifico-su-conduccion\/"},"wordCount":580,"publisher":{"@id":"https:\/\/www.celttv.com.ar\/#organization"},"articleSection":["Comunidad","Destacadas","Pol\u00edtica"],"inLanguage":"es"},{"@type":"WebPage","@id":"https:\/\/www.celttv.com.ar\/index.php\/2013\/10\/04\/fedecoba-ratifico-su-conduccion\/","url":"https:\/\/www.celttv.com.ar\/index.php\/2013\/10\/04\/fedecoba-ratifico-su-conduccion\/","name":"FEDECOBA RATIFICO SU CONDUCCION - CELTTV","isPartOf":{"@id":"https:\/\/www.celttv.com.ar\/#website"},"datePublished":"2013-10-04T18:51:49+00:00","dateModified":"2013-10-04T18:51:49+00:00","description":"Sitio web de noticias de la localidad de Tornquist, provincia de Buenos Aires, Rep\u00fablica Argentina. Contenido propio originado por periodistas de CELTTV, el canal de TV local de la Cooperativa El\u00e9ctrica de Tornquist. Turismo, Pol\u00edtica, Sociedad, Deporte, Cultura y todo el contenido de inter\u00e9s general que la gente del pueblo y la regi\u00f3n debe conocer.","breadcrumb":{"@id":"https:\/\/www.celttv.com.ar\/index.php\/2013\/10\/04\/fedecoba-ratifico-su-conduccion\/#breadcrumb"},"inLanguage":"es","potentialAction":[{"@type":"ReadAction","target":["https:\/\/www.celttv.com.ar\/index.php\/2013\/10\/04\/fedecoba-ratifico-su-conduccion\/"]}]},{"@type":"BreadcrumbList","@id":"https:\/\/www.celttv.com.ar\/index.php\/2013\/10\/04\/fedecoba-ratifico-su-conduccion\/#breadcrumb","itemListElement":[{"@type":"ListItem","position":1,"name":"Inicio","item":"https:\/\/www.celttv.com.ar\/"},{"@type":"ListItem","position":2,"name":"FEDECOBA RATIFICO SU CONDUCCION"}]},{"@type":"WebSite","@id":"https:\/\/www.celttv.com.ar\/#website","url":"https:\/\/www.celttv.com.ar\/","name":"CELTTV","description":"Cooperativa El\u00e9ctrica de Tornquist","publisher":{"@id":"https:\/\/www.celttv.com.ar\/#organization"},"potentialAction":[{"@type":"SearchAction","target":{"@type":"EntryPoint","urlTemplate":"https:\/\/www.celttv.com.ar\/?s={search_term_string}"},"query-input":"required name=search_term_string"}],"inLanguage":"es"},{"@type":"Organization","@id":"https:\/\/www.celttv.com.ar\/#organization","name":"CELTTV","url":"https:\/\/www.celttv.com.ar\/","sameAs":["https:\/\/www.youtube.com\/channel\/UCz_oIt8Hig64Ub-EmcNPIhg","https:\/\/www.facebook.com\/celtTV\/"],"logo":{"@type":"ImageObject","inLanguage":"es","@id":"https:\/\/www.celttv.com.ar\/#\/schema\/logo\/image\/","url":"http:\/\/www.celttv.com.ar\/wp-content\/uploads\/2022\/08\/logo-1.png","contentUrl":"http:\/\/www.celttv.com.ar\/wp-content\/uploads\/2022\/08\/logo-1.png","width":461,"height":159,"caption":"CELTTV"},"image":{"@id":"https:\/\/www.celttv.com.ar\/#\/schema\/logo\/image\/"}},{"@type":"Person","@id":"https:\/\/www.celttv.com.ar\/#\/schema\/person\/6d99c072dba59953809c81446e9d0ace","name":"ulises","image":{"@type":"ImageObject","inLanguage":"es","@id":"https:\/\/www.celttv.com.ar\/#\/schema\/person\/image\/","url":"https:\/\/secure.gravatar.com\/avatar\/7f2c48bdc33b30088f941fb6082e555f2874c98e20cb159d7b92b50eadfce793?s=96&d=mm&r=g","contentUrl":"https:\/\/secure.gravatar.com\/avatar\/7f2c48bdc33b30088f941fb6082e555f2874c98e20cb159d7b92b50eadfce793?s=96&d=mm&r=g","caption":"ulises"},"sameAs":["http:\/\/www.celttv.com.ar"]}]}},"_links":{"self":[{"href":"https:\/\/www.celttv.com.ar\/index.php\/wp-json\/wp\/v2\/posts\/14645","targetHints":{"allow":["GET"]}}],"collection":[{"href":"https:\/\/www.celttv.com.ar\/index.php\/wp-json\/wp\/v2\/posts"}],"about":[{"href":"https:\/\/www.celttv.com.ar\/index.php\/wp-json\/wp\/v2\/types\/post"}],"author":[{"embeddable":true,"href":"https:\/\/www.celttv.com.ar\/index.php\/wp-json\/wp\/v2\/users\/1"}],"replies":[{"embeddable":true,"href":"https:\/\/www.celttv.com.ar\/index.php\/wp-json\/wp\/v2\/comments?post=14645"}],"version-history":[{"count":0,"href":"https:\/\/www.celttv.com.ar\/index.php\/wp-json\/wp\/v2\/posts\/14645\/revisions"}],"wp:attachment":[{"href":"https:\/\/www.celttv.com.ar\/index.php\/wp-json\/wp\/v2\/media?parent=14645"}],"wp:term":[{"taxonomy":"category","embeddable":true,"href":"https:\/\/www.celttv.com.ar\/index.php\/wp-json\/wp\/v2\/categories?post=14645"},{"taxonomy":"post_tag","embeddable":true,"href":"https:\/\/www.celttv.com.ar\/index.php\/wp-json\/wp\/v2\/tags?post=14645"}],"curies":[{"name":"wp","href":"https:\/\/api.w.org\/{rel}","templated":true}]}}