{"id":14653,"date":"2013-10-04T19:30:12","date_gmt":"2013-10-04T19:30:12","guid":{"rendered":"http:\/\/www.tvcnoticias.com.ar\/?p=14653"},"modified":"2013-10-04T19:30:12","modified_gmt":"2013-10-04T19:30:12","slug":"sesiono-el-hcd-sesion-de-terrenos-y-barrios-de-viviendas-fueron-temas-de-analisis","status":"publish","type":"post","link":"https:\/\/www.celttv.com.ar\/index.php\/2013\/10\/04\/sesiono-el-hcd-sesion-de-terrenos-y-barrios-de-viviendas-fueron-temas-de-analisis\/","title":{"rendered":"SESIONO EL HCD.: SESION DE TERRENOS Y BARRIOS DE VIVIENDAS FUERON TEMAS DE ANALISIS"},"content":{"rendered":"<p><strong><span style=\"text-decoration: underline;\"> <\/span><\/strong><br \/>\n<strong><span style=\"text-decoration: underline;\">INFORME DE LA SESI\u00d3N ORDINARIA DEL DIA 1\u00ba DE OCTU<br \/>\n<\/span><\/strong><br \/>\n<strong> <\/strong><br \/>\n<strong>BRE<\/strong><br \/>\n<strong><span style=\"text-decoration: underline;\">Comunicaciones Oficiales y Dict\u00e1menes de las Comisiones:<\/span><\/strong><br \/>\n<strong> <\/strong><br \/>\n<strong><span style=\"text-decoration: underline;\">Expte. <\/span><\/strong><strong><span style=\"text-decoration: underline;\">N\u00ba 234\/13:<\/span><\/strong> \u201cD.E. \u2013 Agente municipal Sandobal, Roberto solicita \u201cAdicional por trabajo nocturno\u201d\u201d.<br \/>\nSe solicita tratamiento sobre Tablas.<br \/>\nSe aprueba por unanimidad la Ordenanza bajo el N\u00ba 2609\/13 por la que se autoriza al Departamento Ejecutivo a liquidar al Sr. Sandoval Roberto, el adicional por trabajo nocturno de acuerdo a lo establecido en los art\u00edculos 3\u00ba y 4\u00ba del Decreto N\u00ba 480\/12, respetando los valores de la escala salarial vigente en ese momento.<br \/>\n&nbsp;<br \/>\n<strong><span style=\"text-decoration: underline;\">Expte. <\/span><\/strong><strong><span style=\"text-decoration: underline;\">N\u00ba 235\/13:<\/span><\/strong> \u201cD.E. \u2013 Agente municipal Sandobal, Juan Jos\u00e9 solicita \u201cAdicional por trabajo nocturno\u201d\u201d.<br \/>\nSe solicita tratamiento sobre Tablas.<br \/>\nSe aprueba por unanimidad la Ordenanza bajo el N\u00ba 2610\/13 por la que se autoriza al Departamento Ejecutivo a liquidar al Sr. Sandoval Juan Jos\u00e9, el adicional por trabajo nocturno de acuerdo a lo establecido en los art\u00edculos 3\u00ba y 4\u00ba del Decreto N\u00ba 480\/12, respetando los valores de la escala salarial vigente en ese momento.<br \/>\n&nbsp;<br \/>\n<strong><span style=\"text-decoration: underline;\">Expte. <\/span><\/strong><strong><span style=\"text-decoration: underline;\">N\u00ba 6535\/13:<\/span><\/strong> \u201cBloque U.C.R. y UDESO \u2013 Minuta de Comunicaci\u00f3n: Solicita al D.E. que se coloquen \u00e1rboles en las veredas sobre las calles Santiago Amarante y Brown, correspondientes a las inmediaciones del Geri\u00e1trico y al Hospital Municipal\u201d.<br \/>\nPasa a las Comisiones de Producci\u00f3n, Comercio e Industria, y Obras P\u00fablicas.<br \/>\n&nbsp;<br \/>\n<strong><span style=\"text-decoration: underline;\">Expte. <\/span><\/strong><strong><span style=\"text-decoration: underline;\">N\u00ba 6541\/13:<\/span><\/strong> \u201cBloque U.C.R y UDESO \u2013 Proyecto de Ordenanza: Solicita que se designe a partir del 10 de Diciembre de 2013, la \u201cRotonda\u201d ubicada en la entrada a la localidad de Villa Ventana: \u201cRotonda Presidente Ra\u00fal Ricardo Alfons\u00edn\u201d.<br \/>\nPasa a las Comisiones de Asuntos Municipales y Obras P\u00fablicas.<br \/>\n&nbsp;<br \/>\n<strong><span style=\"text-decoration: underline;\">Expte. <\/span><\/strong><strong><span style=\"text-decoration: underline;\">N\u00ba 256\/13:<\/span><\/strong> \u201cD.E. \u2013 Adhesi\u00f3n e implementaci\u00f3n del Plan de Escrituraci\u00f3n del Instituto de la Vivienda de la Provincia de Buenos Aires\u201d.<br \/>\nSeg\u00fan el dictamen de las \u00a0Comisiones de<strong> <\/strong>Asuntos Municipales, e Interpretaci\u00f3n y Reglamento<strong> <\/strong> se aprueba por unanimidad la Ordenanza bajo el N\u00ba 2607\/13 por la cual el Municipio de Tornquist se adhiere a la Ley Provincial N\u00ba 13.342, su modificatoria Ley N\u00ba 13.847 y su Decreto Reglamentario N\u00ba 699\/10 prorrogado por Resoluci\u00f3n N\u00ba 1.809\/12. Adem\u00e1s se Convalida la firma del Convenio para la \u00a0implementaci\u00f3n del \u201cPlan de Escrituraci\u00f3n del IVBA\u201d Decreto 699\/10, suscripto entre el Instituto de la Vivienda de la Provincia de Buenos Aires representado pro el Sr. Administrador Esc. Pablo Sarlo y la Municipalidad de Tornquist representada por el Sr. Intendente Municipal Lic. Gustavo Trankels. Esto permite regularizar la situaci\u00f3n de los vecinos que est\u00e1n ocupando viviendas adjudicadas oportunamente y no cuentan con su t\u00edtulo de propiedad.<br \/>\n&nbsp;<br \/>\n<strong><span style=\"text-decoration: underline;\">Expte. <\/span><\/strong><strong><span style=\"text-decoration: underline;\">N\u00ba 6533\/13:<\/span><\/strong> \u201cBloque U.C.R. y UDESO &#8211; Pedido de informe: Ref. obra denominada \u201cred de agua potable y pozo de abastecimiento\u201d, programa \u201cMejor calidad de vida, m\u00e1s salud\u201d. Expte. N\u00ba 04\/2013. (ENOHSA)\u201d.<br \/>\nSe aprueba por unanimidad el dictamen de las Comisiones de Obras P\u00fablicas, y Presupuesto y Hacienda, que aconseja enviar el mismo al Departamento Ejecutivo para que de respuesta a lo solicitado.-<br \/>\n&nbsp;<br \/>\n<strong><span style=\"text-decoration: underline;\">Expte. <\/span><\/strong><strong><span style=\"text-decoration: underline;\">N\u00ba 6536\/13:<\/span><\/strong> \u201cBloque\u00a0 Coalici\u00f3n C\u00edvica, UDESO, Uni\u00f3n Pro y U.C.R. \u2013 Proyecto de Ordenanza: Declara al Municipio de Tornquist, dentro de los l\u00edmites de su territorio, libre de la exploraci\u00f3n y\/o explotaci\u00f3n de gas no convencional mediante t\u00e9cnica de fracturaci\u00f3n hidr\u00e1ulica o fracking\u201d.<br \/>\nSe aprueba por mayor\u00eda el dictamen de las Comisiones de<strong> <\/strong>Ecolog\u00eda y Medio Ambiente (en mayor\u00eda) y Producci\u00f3n, Comercio e Industria (en mayor\u00eda)<strong> <\/strong>que habiendo analizado el Expte. N\u00ba 6536\/13, y siendo integrantes de los Bloques autores del Proyecto, en virtud de lo solicitado a fs. 18, manifestamos:<br \/>\nRespecto al cuestionario anexado a Fs. 15\/16 elaborado por la Secretaria de Producci\u00f3n y Medio Ambiente del Municipio, consideramos el mismo irreverente, desubicado, en otro orden, en vez de examinar a quienes responsablemente adoptamos posiciones direccionadas a trabajar en el resguardo de la salud y del medio ambiente desde la \u00f3ptica de las mayor\u00edas, las respuestas deber\u00edan ser proporcionadas por los agentes o funcionarios que avalan este tipo de pr\u00e1cticas sin contar con las certezas necesarias con respecto a las posibles consecuencias de su desarrollo.<br \/>\nLa sanci\u00f3n de la Mencionada Ordenanza responde lisa y llanamente a la aplicaci\u00f3n del Principio Precautorio, el cual surge de la <em>Declaraci\u00f3n<\/em><em> de R\u00edo sobre el Medio Ambiente y el Desarrollo<\/em> celebrada en la ciudad de R\u00edo de Janeiro en el a\u00f1o 1992, y la cual fue suscripta por nuestro pa\u00eds, mas precisamente en el llamado \u201cprincipio 15\u201d que textualmente dice: \u201cCon el fin de proteger el medio ambiente, los Estados deber\u00e1n aplicar ampliamente el criterio de precauci\u00f3n conforme a sus capacidades. Cuando haya peligro de da\u00f1o grave o irreversible, la falta de certeza cient\u00edfica absoluta no deber\u00e1 utilizarse como raz\u00f3n para postergar la adopci\u00f3n de medidas eficaces en funci\u00f3n de los costos para impedir la degradaci\u00f3n del medio ambiente\u201d.<br \/>\nNo debemos perder de vista, y forma parte de los Considerandos del Proyecto de Ordenanza, que el claro perfil tur\u00edstico-agropecuario que posee nuestro Distrito hace aun mas incompatible las aplicaci\u00f3n de estas t\u00e9cnicas explorativas y extractivas de hidrocarburos no convencionales.<br \/>\nA modo de conclusi\u00f3n, y a nuestro entender, reconocemos que faltan respuestas, pero consideramos que las mismas deben ser dadas por quienes impulsan o apoyan el desarrollo de las mencionadas t\u00e9cnicas en nuestro medio, sin responder a alineamientos autom\u00e1ticos y ausentes de reflexi\u00f3n.<br \/>\nD\u00e9se por contestada la nota enviada por usted y conforme a las atribuciones y deberes conferidos al Departamento Ejecutivo por el Art. 108 de la Ley  Org\u00e1nica de la Municipalidades y tomando en cuenta que la facultad del Sr. Intendente Municipal ante una disposici\u00f3n del Honorable Concejo Deliberante, de acuerdo al inciso 2\u00ba del mencionado art\u00edculo es la de promulgar o vetar dichas disposiciones y tomando en cuenta que dicho plazo se encuentra vencido y no ha existido acto administrativo al respecto emitido por el Sr. Intendente Municipal ; la  Ordenanza N\u00ba 2599\/13 posee plena vigencia.<br \/>\nRem\u00edtase el expediente al Departamento Ejecutivo para su toma de conocimiento, cumplido con esto se solicita que lo remitan al Honorable Concejo Deliberante para su correspondiente archivo.<br \/>\n&nbsp;<br \/>\nConcejal Adriana Nielsen:<br \/>\n\u201cQuer\u00eda hacer una salvedad, en el Considerando donde se expresa la ley,\u00a0 se dice ley 10.097, deber\u00eda decir ley 10.907. Habr\u00eda que hacer esa modificaci\u00f3n en el considerando para que quede bien expresado. (Se escucha una voz que dice: \u201clo propone como moci\u00f3n\u201d). Si, est\u00e1 en la ordenanza. Nada m\u00e1s que eso\u201d.<br \/>\n&nbsp;<br \/>\nPresidente, Concejal Sergio Bordoni:<br \/>\n\u201c\u00bfLo propone como moci\u00f3n Concejal?\u201d.<br \/>\n&nbsp;<br \/>\nConcejal Adriana Nielsen:<br \/>\n\u201cSi, porque en realidad estaba mal expresado, es un error de tipeo, por ah\u00ed para que quede bien expresado en la normativa\u201d.<br \/>\n&nbsp;<br \/>\nSe aprueba por unanimidad la moci\u00f3n de la Concejal Nielsen.<br \/>\n&nbsp;<br \/>\n<strong><span style=\"text-decoration: underline;\">Expte N\u00ba 6539\/13:<\/span><\/strong> \u201cBloques Coalici\u00f3n C\u00edvica, UDESO, Uni\u00f3n Pro y U.C.R. \u2013 Proyecto de Ordenanza: Creaci\u00f3n en el \u00e1mbito de la Municipalidad de Tornquist de un Centro de Monitoreo y Control Permanente de las C\u00e1maras de Seguridad\u201d.<br \/>\nEste Expedientes se incorpora fuera del Orden del D\u00eda.<br \/>\nSe aprueba por unanimidad la Ordenanza bajo el N\u00ba 2608\/13 por la que se crea en el \u00e1mbito de la Municipalidad de Tornquist, un Centro de Monitoreo y Control Permanente, que deber\u00e1 funcionar fuera del \u00e1mbito de la Polic\u00eda Comunal. Este centro coordinar\u00e1 sus labores con las distintas fuerzas provinciales (Sistema 911- Polic\u00eda de seguridad, de Seguridad Vial, Seguridad Rural, de Investigaciones, y Bomberos), y el \u00c1rea Municipal de Defensa Civil.<br \/>\n&nbsp;<br \/>\n<strong><span style=\"text-decoration: underline;\">Expte. <\/span><\/strong><strong><span style=\"text-decoration: underline;\">N\u00ba 6542\/13:<\/span><\/strong> \u201cBloque Coalici\u00f3n C\u00edvica \u2013 Proyecto de Ordenanza: Ref. Creaci\u00f3n de un registro municipal de prestadores del servicio de cabalgatas y alquiler de caballos en el Distrito de Tornquist\u201d.<br \/>\nSeg\u00fan el dictamen de las Comisiones de Interpretaci\u00f3n y Reglamento, y Ecolog\u00eda y Medio Ambiente se aprueba por unanimidad \u00a0la \u00a0Ordenanza que llevar\u00e1 el N\u00ba 2611\/13 por la que se\u00a0 crea un Registro Municipal de Prestadores del Servicio\u00a0 de Cabalgatas y Alquiler de Caballos en el Distrito de Tornquist. Los prestadores del servicio deber\u00e1n cumplir ciertos requisitos para la habilitaci\u00f3n de la actividad.<br \/>\n&nbsp;<br \/>\n<strong><span style=\"text-decoration: underline;\">Expte. <\/span><\/strong><strong><span style=\"text-decoration: underline;\">N\u00ba 6544\/13:<\/span><\/strong> \u201cN.P. \u2013 Asociaci\u00f3n Cooperadora Unidad Sanitaria de Villa Ventana \u2013 Dr. Julio H. Pugliese: Solicita que se declare de Inter\u00e9s Municipal la \u201cV Carrera Aventura, Caminata Aer\u00f3bica de Salud y Solidaria\u201d\u201d.<br \/>\nDe acuerdo al dictamen de la  Comisi\u00f3n de Asuntos Municipales se aprueba por unanimidad la Resoluci\u00f3n bajo el N\u00ba 13\/13 por la que se declara de Inter\u00e9s Municipal la \u201cV Carrera Aventura, Caminata Aer\u00f3bica de Salud y Solidaria\u201d, organizada por la Asociaci\u00f3n Cooperadora de la Unidad  Sanitaria de Villa Ventana Dr. \u201cJulio H. Pugliese\u201d, para el d\u00eda 10 de Noviembre de 1013.-<br \/>\n&nbsp;<br \/>\n<strong><span style=\"text-decoration: underline;\">Expte. <\/span><\/strong><strong><span style=\"text-decoration: underline;\">N\u00ba 6545\/13:<\/span><\/strong> \u201cN.P. \u2013 Vecinos de Sierra de la  Ventana: Ref. Casa\u00a0 de la Cultura en Sierra de la Ventana (Copia nota enviada al Sr. Intendente Municipal)\u201d.<br \/>\nSe aprueba por unanimidad el dictamen de las Comisiones de Presupuesto y Hacienda, y Asuntos Municipales que aconseja convocar a la Secretar\u00eda de Gobierno y Hacienda y Turismo, Cultura y Deporte para an\u00e1lisis del pedido de los vecinos de la localidad de Sierra de la Ventana. Solicita que se env\u00ede \u00a0copia de la nota junto con la convocatoria a las respectivas Secretar\u00edas.<br \/>\n&nbsp;<br \/>\n<strong><span style=\"text-decoration: underline;\">Expte. <\/span><\/strong><strong><span style=\"text-decoration: underline;\">N\u00ba 6550\/13:<\/span><\/strong> \u201cBloque F.P.V. \u2013 F.J.P.V. \u2013 Proyecto de Ordenanza: Creaci\u00f3n Feria Municipal Distrital\u201d.<br \/>\nSe aprueba por unanimidad el dictamen de las Comisiones de Producci\u00f3n, Comercio e Industria, y Asuntos Municipales que aconseja convocar a las C\u00e1maras de Comercio del Distrito y enviarles copia del Proyecto de Ordenanza para su informaci\u00f3n y an\u00e1lisis. Convocar tambi\u00e9n a la agente en el Distrito de Tornquist de Desarrollo de la Subsecretar\u00eda de Agricultura de la Naci\u00f3n.<br \/>\n&nbsp;<br \/>\n<strong><span style=\"text-decoration: underline;\">Expte. <\/span><\/strong><strong><span style=\"text-decoration: underline;\">N\u00ba 6554\/13:<\/span><\/strong> \u201cN.P. \u2013 Orquesta Escuela Tornquist: Solicita se declare de Inter\u00e9s Municipal el 3\u00ba Encuentro Regional Orquestas Escuelas que se llevar\u00e1 a cabo en nuestra ciudad el 19 de octubre de 2013\u201d.<br \/>\nSeg\u00fan el\u00a0 dictamen de la Comisi\u00f3n de Asuntos Municipales se aprueba por unanimidad la Resoluci\u00f3n N\u00ba 14\/13 por la que Declara de Inter\u00e9s Municipal, el \u201c3\u00ba Encuentro Regional de Orquestas Escuelas\u201d a realizarse el d\u00eda 19 de Octubre del corriente a\u00f1o en nuestra localidad. Al mismo asistir\u00e1n autoridades \u00a0centrales del Programa Provincial Orquestas Escuelas.<br \/>\n&nbsp;<br \/>\n<strong><span style=\"text-decoration: underline;\">Proyectos Presentados<\/span><\/strong><br \/>\n<strong><span style=\"text-decoration: underline;\"> <\/span><\/strong><br \/>\n<strong><span style=\"text-decoration: underline;\">Bloques U.C.R, UDESO, Coalici\u00f3n C\u00edvica y Uni\u00f3n Pro \u2013 Minuta de Comunicaci\u00f3n:<\/span><\/strong> Solicita al D.E. que arbitre los medios para contar con la presencia de un medico que cumpla las guardias activas las 24 hs. en la  Sala de Primeros Auxilios de Villa Ventana.<br \/>\nSe \u00a0solicita formaci\u00f3n de expediente y pase a comisi\u00f3n.<br \/>\n<strong><span style=\"text-decoration: underline;\"> <\/span><\/strong><br \/>\n<strong><span style=\"text-decoration: underline;\">Asuntos Particulares<\/span><\/strong><br \/>\n<strong><span style=\"text-decoration: underline;\"> <\/span><\/strong><br \/>\n<strong><span style=\"text-decoration: underline;\">N.P. \u2013 Centro Recreativo Co-Hue- tu lugar<\/span><\/strong>: Solicita aprobaci\u00f3n de tarifas piletas municipales.<br \/>\nSe solicita formaci\u00f3n de expediente y pase a comisi\u00f3n.<br \/>\n&nbsp;<br \/>\n<strong><span style=\"text-decoration: underline;\">N.P. \u2013 Alumnos de Sexto A\u00f1o Escuela de Ense\u00f1anza Media N\u00ba 2 Sierra de la Ventana:<\/span><\/strong> Solicita se declare de Inter\u00e9s Municipal \u00a0la investigaci\u00f3n denominada \u201cArrastrando Odios\u201d, la que rescata acontecimientos sucedidos en septiembre de 1955 con el busto de Eva Per\u00f3n que estaba colocado en la plaza del mismo nombre en la localidad de Sierra de la Ventana.\u00a0 Esta rese\u00f1a hist\u00f3rica se present\u00f3 en la convocatoria de la Comisi\u00f3n Provincial de la Memoria de la Provincia de Buenos Aires, y fue seleccionada para ser presentada en el mes de noviembre del corriente a\u00f1o en el encuentro provincial que organiza la citada comisi\u00f3n.<br \/>\nSe solicita formaci\u00f3n de expediente y pase a comisi\u00f3n.<br \/>\n&nbsp;<br \/>\n<strong><span style=\"text-decoration: underline;\">N.P. \u2013 Club Porte\u00f1o Saldungaray:<\/span><\/strong> solicita la eximici\u00f3n del pago de los impuestos municipales y del cord\u00f3n cuneta.<br \/>\nSe solicita formaci\u00f3n de expediente y pase a comisi\u00f3n.<br \/>\n<strong> <\/strong><br \/>\nHacen uso de la palabra lo Sres. Concejales:<br \/>\n&nbsp;<br \/>\nConcejal Daniel Etchever:<br \/>\n\u201cMe quiero referir al barrio rural de Saldungaray. Se est\u00e1n llevando a cabo reuniones con los propietarios, y se va a hacer el plan \u201cM\u00e1s Cerca\u201d, se llama, del Ministerio de Planificaci\u00f3n Federal, refacciones de diez viviendas. \u00bfCu\u00e1les son las refacciones?, ca\u00f1er\u00edas en mal estado, tienen mucha humedad, hay que volver a tirar el revoque, y eso se va a hacer con mano de obra local, que ya est\u00e1 conversado la gente que lo va a hacer, as\u00ed que bien venido sea. Por un lado es lindo anunciar esto, por otro lado es lamentable que alguien a quien le entregan las casas despu\u00e9s las tenga que volver a romper porque estaban en mal estado. Eso s\u00ed es por falta de control, pero yo no se si es un mal general o qu\u00e9, pero eso no fue en un gobierno justicialista, por eso lo llevo a cabo tambi\u00e9n, es decir que la falta de control se ve que es un mal de otros tiempos tambi\u00e9n. Tambi\u00e9n me quiero referir Sr. Presidente, a las reuniones de trabajo. Los martes, que una vuelta se habl\u00f3 tambi\u00e9n, el tema de que se lleve a cabo realmente como corresponde las reuniones de trabajo, yo siento, lo expres\u00e9 anteriormente, no se trabaja como se deber\u00eda trabajar, en comisi\u00f3n, sino que se trabaja en bloques, distintos bloques, y ser\u00eda lindo analizar un expediente con las personas que corresponden a esa comisi\u00f3n, dictaminar, porque hay veces que veo yo, no se dictaminan, de ambos lados por su puesto, no se dictaminan y no es ese el fin, por eso me gustar\u00eda que se lleve a cabo, que se cambie las formas de trabajar los martes en la reuni\u00f3n de trabajo. Nada m\u00e1s. Gracias\u00a0 Sr. Presidente\u201d.<br \/>\n&nbsp;<br \/>\nConcejal Manuel Mar\u00eda Picado:<br \/>\n\u201cLa verdad que es m\u00e1s que grato escuchar que el gobierno ha entendido la necesidad y la urgencia de dar respuesta a los vecinos que habitan el barrio rural de 16 viviendas de la localidad de Saldungaray. Digo esto porque creo que nosotros hace m\u00e1s de tres a\u00f1os estuvimos haciendo un relevamiento, interactuando con el Departamento Ejecutivo, con la Secretar\u00eda de Obras P\u00fablicas, y Acci\u00f3n Social, y se nos dijo que ya estaba resuelto el tema, hace tres a\u00f1os.\u00a0 Y es muy probable que el gobierno que estaba gobernando cuando se comenz\u00f3 el barrio no era oficialista, pero s\u00ed era justicialista el gobierno provincial, quien tiene a cargo el Ministerio de Infraestructura de la Provincia, que es quien en realidad debe \u00a0controlar todas estas obras y sigue pasando exactamente lo mismo, la verdad es que es sorprendente que despu\u00e9s de m\u00e1s de diez a\u00f1os de este color pol\u00edtico que gobierna la provincia siga teniendo la misma ineficiencia para el control de la obra p\u00fablica. Se supone que con el paso de los a\u00f1os deber\u00edamos ir evolucionando y alcanzando la\u00a0 excelencia, sin embargo hoy nos est\u00e1 pasando lo mismo con los barrios que se est\u00e1n construyendo ac\u00e1. De todos modos celebro que tengamos la posibilidad de que esta gente pueda pensar en mejorar su calidad de vida, porque la verdad, los que hemos visitado esas viviendas es vergonzoso, gente que hasta se le hab\u00eda ca\u00eddo el calef\u00f3n cuando estaban cocinando, realmente tremendo. Nada m\u00e1s Sr. Presidente, muchas gracias\u201d.<br \/>\n&nbsp;<br \/>\nEl Presidente del Concejo, Concejal Sergio Bordoni, le solicita al Vice Presidente primero, Concejal Manuel Mar\u00eda Picado,\u00a0 que se haga cargo de la Presidencia para poder hacer uso de la palabra.<br \/>\n&nbsp;<br \/>\nConcejal Sergio Bordoni:<br \/>\n\u201cVoy a comenzar leyendo lo que tengo en mi poder, si despu\u00e9s alguien lo quiere pedir, est\u00e1 a disposici\u00f3n de los Concejales. Voy a obviar decir algunos datos, por cuestiones que no se puede hacer p\u00fablico, pero s\u00ed para que tengan idea de lo que voy a hablar: \u201cpor medio de la presente se autoriza a la  Sra.\u2026 para que proceda a la instalaci\u00f3n de los medidores de energ\u00eda el\u00e9ctrica y agua corriente en el inmueble denominado catastralmente como\u2026.de la localidad de Tornquist. Se extiende el presente al solo efecto de ser presentado ante los organismos que correspondan\u201d. Esta es una nota de la Municipalidad de Tornquist firmada por el Secretario de Gobierno y Hacienda Guillermo L\u00f6ffler. \u00bfPorqu\u00e9 leo esta nota?, sencillamente para decir que ratifico lo que dije la \u00faltima sesi\u00f3n, que no era Bordoni el que estaba entregando los terrenos, sino que a trav\u00e9s de la  Municipalidad se le est\u00e1 otorgando a gente que, autorizando a colocar el medidor de luz y agua corriente, obviamente, a tomar posesi\u00f3n de ese terreno. Nada m\u00e1s que eso, simplemente decir, porque se que por la radio hoy volvieron a decir que estaba mintiendo, y es cierto lo que dijeron hoy, que \u00e9l lo \u00fanico que autorizaba es que tomara posesi\u00f3n a trav\u00e9s del medidor de energ\u00eda y de agua corriente, pero obviamente, que seguramente para poder entregar un terreno primero tiene que haber un estudio socioecon\u00f3mico que no se si lo hubo, y segundo que la decisi\u00f3n despu\u00e9s pasa por el Concejo Deliberante, nada m\u00e1s que eso. Sencillamente explicar que la nota est\u00e1 en mi poder, obviamente que borre del original los datos catastrales, y a quien se lo entregaron, de todas maneras, seguramente el ejecutivo consta de esta documentaci\u00f3n, si alg\u00fan Concejal quiere pedirla est\u00e1 disposici\u00f3n del ejecutivo y lo puede hacer. Era simplemente eso, que por m\u00e1s que se quieran otorgar terrenos, o dar la autorizaci\u00f3n para que se coloquen medidores de energ\u00eda y medidores de agua, primeramente tendr\u00eda que haber un estudio socioecon\u00f3mico, y segundo tiene que pasar por el Concejo Deliberante, cosa que este terreno es particular, no pas\u00f3 por el Concejo Deliberante. Nada m\u00e1s Sr. Presidente\u201d.<br \/>\n&nbsp;<br \/>\nConcejal Horacio Buitrago:<br \/>\n\u201cYo quisiera referirme al programa que ten\u00edamos de la construcci\u00f3n de las cincuenta viviendas, llamado \u201cPrograma Plurianual reconvertido\u00a0 construcci\u00f3n de 50 viviendas en el Distrito de Tornquist\u201d. Nosotros ya hemos mantenido varias reuniones con la Secretar\u00eda de Obra P\u00fablica, y tambi\u00e9n con el departamento de Legales sobre este tema, y vuelvo al tema porque nosotros desde el municipio hab\u00edamos hecho una presentaci\u00f3n judicial ya que quer\u00edamos que se nos reconozca un cr\u00e9dito por una multa que se le estaba pidiendo al que hab\u00eda presentado la quiebra, a la gente de Marrafini Construcciones S.A. porque derivaba de un atraso del final de obra por haber alg\u00fan incumplimiento en la presentaci\u00f3n del responsable t\u00e9cnico. Esta multa que era de dos mil pesos diarios, y por el monto del contrato, daba aproximadamente trescientos sesenta y cuatro mil pesos. Nosotros ahora hemos recibido una informaci\u00f3n, y lamentablemente la presentaci\u00f3n del municipio ha sido denegada, y por ese motivo Sr. Presidente, ac\u00e1 da las razones pero, por ese motivo quisiera mocionar para reunirnos con la urgencia debida con los responsables de la  Secretar\u00eda de Obras P\u00fablicas y el departamento de Legales, ya que para lo que ven\u00edamos charlando de los recursos que podr\u00edamos obtener para la terminaci\u00f3n de obra de esas viviendas, creo que esto viene a realmente a darle un freno\u00a0 porque el municipio no va a contar con estos recursos que nosotros preve\u00edamos que pod\u00edan llegar, por lo tanto mociono esta reuni\u00f3n con estas dos secretar\u00edas Sr. Presidente. Gracias Sr. Presidente\u201d.<br \/>\nSe aprueba por unanimidad la moci\u00f3n del Concejal Buitrago.<br \/>\n&nbsp;<br \/>\nHONORABLE CONCEJO DELIBERANTE<br \/>\n&nbsp;<\/p>\n","protected":false},"excerpt":{"rendered":"<p>INFORME DE LA SESI\u00d3N ORDINARIA DEL DIA 1\u00ba DE OCTU BRE Comunicaciones Oficiales y Dict\u00e1menes de las Comisiones: Expte. N\u00ba 234\/13: \u201cD.E. \u2013 Agente municipal Sandobal, Roberto solicita \u201cAdicional por trabajo nocturno\u201d\u201d. Se solicita tratamiento sobre Tablas. Se aprueba por unanimidad la Ordenanza bajo el N\u00ba 2609\/13 por la que se autoriza al Departamento Ejecutivo [&hellip;]<\/p>\n","protected":false},"author":1,"featured_media":0,"comment_status":"closed","ping_status":"open","sticky":false,"template":"","format":"standard","meta":{"footnotes":""},"categories":[51,52,53],"tags":[],"class_list":["post-14653","post","type-post","status-publish","format-standard","hentry","category-comunidad","category-destacadas","category-politica"],"yoast_head":"<!-- This site is optimized with the Yoast SEO plugin v19.7.1 - https:\/\/yoast.com\/wordpress\/plugins\/seo\/ -->\n<title>SESIONO EL HCD.: SESION DE TERRENOS Y BARRIOS DE VIVIENDAS FUERON TEMAS DE ANALISIS - CELTTV<\/title>\n<meta name=\"description\" content=\"Sitio web de noticias de la localidad de Tornquist, provincia de Buenos Aires, Rep\u00fablica Argentina. Contenido propio originado por periodistas de CELTTV, el canal de TV local de la Cooperativa El\u00e9ctrica de Tornquist. Turismo, Pol\u00edtica, Sociedad, Deporte, Cultura y todo el contenido de inter\u00e9s general que la gente del pueblo y la regi\u00f3n debe conocer.\" \/>\n<meta name=\"robots\" content=\"index, follow, max-snippet:-1, max-image-preview:large, max-video-preview:-1\" \/>\n<link rel=\"canonical\" href=\"https:\/\/www.celttv.com.ar\/index.php\/2013\/10\/04\/sesiono-el-hcd-sesion-de-terrenos-y-barrios-de-viviendas-fueron-temas-de-analisis\/\" \/>\n<meta property=\"og:locale\" content=\"es_ES\" \/>\n<meta property=\"og:type\" content=\"article\" \/>\n<meta property=\"og:title\" content=\"SESIONO EL HCD.: SESION DE TERRENOS Y BARRIOS DE VIVIENDAS FUERON TEMAS DE ANALISIS - CELTTV\" \/>\n<meta property=\"og:description\" content=\"Sitio web de noticias de la localidad de Tornquist, provincia de Buenos Aires, Rep\u00fablica Argentina. Contenido propio originado por periodistas de CELTTV, el canal de TV local de la Cooperativa El\u00e9ctrica de Tornquist. Turismo, Pol\u00edtica, Sociedad, Deporte, Cultura y todo el contenido de inter\u00e9s general que la gente del pueblo y la regi\u00f3n debe conocer.\" \/>\n<meta property=\"og:url\" content=\"https:\/\/www.celttv.com.ar\/index.php\/2013\/10\/04\/sesiono-el-hcd-sesion-de-terrenos-y-barrios-de-viviendas-fueron-temas-de-analisis\/\" \/>\n<meta property=\"og:site_name\" content=\"CELTTV\" \/>\n<meta property=\"article:publisher\" content=\"https:\/\/www.facebook.com\/celtTV\/\" \/>\n<meta property=\"article:published_time\" content=\"2013-10-04T19:30:12+00:00\" \/>\n<meta name=\"author\" content=\"ulises\" \/>\n<meta name=\"twitter:card\" content=\"summary_large_image\" \/>\n<meta name=\"twitter:label1\" content=\"Escrito por\" \/>\n\t<meta name=\"twitter:data1\" content=\"ulises\" \/>\n\t<meta name=\"twitter:label2\" content=\"Tiempo de lectura\" \/>\n\t<meta name=\"twitter:data2\" content=\"16 minutos\" \/>\n<script type=\"application\/ld+json\" class=\"yoast-schema-graph\">{\"@context\":\"https:\/\/schema.org\",\"@graph\":[{\"@type\":\"NewsArticle\",\"@id\":\"https:\/\/www.celttv.com.ar\/index.php\/2013\/10\/04\/sesiono-el-hcd-sesion-de-terrenos-y-barrios-de-viviendas-fueron-temas-de-analisis\/#article\",\"isPartOf\":{\"@id\":\"https:\/\/www.celttv.com.ar\/index.php\/2013\/10\/04\/sesiono-el-hcd-sesion-de-terrenos-y-barrios-de-viviendas-fueron-temas-de-analisis\/\"},\"author\":{\"name\":\"ulises\",\"@id\":\"https:\/\/www.celttv.com.ar\/#\/schema\/person\/6d99c072dba59953809c81446e9d0ace\"},\"headline\":\"SESIONO EL HCD.: SESION DE TERRENOS Y BARRIOS DE VIVIENDAS FUERON TEMAS DE ANALISIS\",\"datePublished\":\"2013-10-04T19:30:12+00:00\",\"dateModified\":\"2013-10-04T19:30:12+00:00\",\"mainEntityOfPage\":{\"@id\":\"https:\/\/www.celttv.com.ar\/index.php\/2013\/10\/04\/sesiono-el-hcd-sesion-de-terrenos-y-barrios-de-viviendas-fueron-temas-de-analisis\/\"},\"wordCount\":3311,\"publisher\":{\"@id\":\"https:\/\/www.celttv.com.ar\/#organization\"},\"articleSection\":[\"Comunidad\",\"Destacadas\",\"Pol\u00edtica\"],\"inLanguage\":\"es\"},{\"@type\":\"WebPage\",\"@id\":\"https:\/\/www.celttv.com.ar\/index.php\/2013\/10\/04\/sesiono-el-hcd-sesion-de-terrenos-y-barrios-de-viviendas-fueron-temas-de-analisis\/\",\"url\":\"https:\/\/www.celttv.com.ar\/index.php\/2013\/10\/04\/sesiono-el-hcd-sesion-de-terrenos-y-barrios-de-viviendas-fueron-temas-de-analisis\/\",\"name\":\"SESIONO EL HCD.: SESION DE TERRENOS Y BARRIOS DE VIVIENDAS FUERON TEMAS DE ANALISIS - CELTTV\",\"isPartOf\":{\"@id\":\"https:\/\/www.celttv.com.ar\/#website\"},\"datePublished\":\"2013-10-04T19:30:12+00:00\",\"dateModified\":\"2013-10-04T19:30:12+00:00\",\"description\":\"Sitio web de noticias de la localidad de Tornquist, provincia de Buenos Aires, Rep\u00fablica Argentina. Contenido propio originado por periodistas de CELTTV, el canal de TV local de la Cooperativa El\u00e9ctrica de Tornquist. Turismo, Pol\u00edtica, Sociedad, Deporte, Cultura y todo el contenido de inter\u00e9s general que la gente del pueblo y la regi\u00f3n debe conocer.\",\"breadcrumb\":{\"@id\":\"https:\/\/www.celttv.com.ar\/index.php\/2013\/10\/04\/sesiono-el-hcd-sesion-de-terrenos-y-barrios-de-viviendas-fueron-temas-de-analisis\/#breadcrumb\"},\"inLanguage\":\"es\",\"potentialAction\":[{\"@type\":\"ReadAction\",\"target\":[\"https:\/\/www.celttv.com.ar\/index.php\/2013\/10\/04\/sesiono-el-hcd-sesion-de-terrenos-y-barrios-de-viviendas-fueron-temas-de-analisis\/\"]}]},{\"@type\":\"BreadcrumbList\",\"@id\":\"https:\/\/www.celttv.com.ar\/index.php\/2013\/10\/04\/sesiono-el-hcd-sesion-de-terrenos-y-barrios-de-viviendas-fueron-temas-de-analisis\/#breadcrumb\",\"itemListElement\":[{\"@type\":\"ListItem\",\"position\":1,\"name\":\"Inicio\",\"item\":\"https:\/\/www.celttv.com.ar\/\"},{\"@type\":\"ListItem\",\"position\":2,\"name\":\"SESIONO EL HCD.: SESION DE TERRENOS Y BARRIOS DE VIVIENDAS FUERON TEMAS DE ANALISIS\"}]},{\"@type\":\"WebSite\",\"@id\":\"https:\/\/www.celttv.com.ar\/#website\",\"url\":\"https:\/\/www.celttv.com.ar\/\",\"name\":\"CELTTV\",\"description\":\"Cooperativa El\u00e9ctrica de Tornquist\",\"publisher\":{\"@id\":\"https:\/\/www.celttv.com.ar\/#organization\"},\"potentialAction\":[{\"@type\":\"SearchAction\",\"target\":{\"@type\":\"EntryPoint\",\"urlTemplate\":\"https:\/\/www.celttv.com.ar\/?s={search_term_string}\"},\"query-input\":\"required name=search_term_string\"}],\"inLanguage\":\"es\"},{\"@type\":\"Organization\",\"@id\":\"https:\/\/www.celttv.com.ar\/#organization\",\"name\":\"CELTTV\",\"url\":\"https:\/\/www.celttv.com.ar\/\",\"sameAs\":[\"https:\/\/www.youtube.com\/channel\/UCz_oIt8Hig64Ub-EmcNPIhg\",\"https:\/\/www.facebook.com\/celtTV\/\"],\"logo\":{\"@type\":\"ImageObject\",\"inLanguage\":\"es\",\"@id\":\"https:\/\/www.celttv.com.ar\/#\/schema\/logo\/image\/\",\"url\":\"http:\/\/www.celttv.com.ar\/wp-content\/uploads\/2022\/08\/logo-1.png\",\"contentUrl\":\"http:\/\/www.celttv.com.ar\/wp-content\/uploads\/2022\/08\/logo-1.png\",\"width\":461,\"height\":159,\"caption\":\"CELTTV\"},\"image\":{\"@id\":\"https:\/\/www.celttv.com.ar\/#\/schema\/logo\/image\/\"}},{\"@type\":\"Person\",\"@id\":\"https:\/\/www.celttv.com.ar\/#\/schema\/person\/6d99c072dba59953809c81446e9d0ace\",\"name\":\"ulises\",\"image\":{\"@type\":\"ImageObject\",\"inLanguage\":\"es\",\"@id\":\"https:\/\/www.celttv.com.ar\/#\/schema\/person\/image\/\",\"url\":\"https:\/\/secure.gravatar.com\/avatar\/7f2c48bdc33b30088f941fb6082e555f2874c98e20cb159d7b92b50eadfce793?s=96&d=mm&r=g\",\"contentUrl\":\"https:\/\/secure.gravatar.com\/avatar\/7f2c48bdc33b30088f941fb6082e555f2874c98e20cb159d7b92b50eadfce793?s=96&d=mm&r=g\",\"caption\":\"ulises\"},\"sameAs\":[\"http:\/\/www.celttv.com.ar\"]}]}<\/script>\n<!-- \/ Yoast SEO plugin. -->","yoast_head_json":{"title":"SESIONO EL HCD.: SESION DE TERRENOS Y BARRIOS DE VIVIENDAS FUERON TEMAS DE ANALISIS - CELTTV","description":"Sitio web de noticias de la localidad de Tornquist, provincia de Buenos Aires, Rep\u00fablica Argentina. Contenido propio originado por periodistas de CELTTV, el canal de TV local de la Cooperativa El\u00e9ctrica de Tornquist. Turismo, Pol\u00edtica, Sociedad, Deporte, Cultura y todo el contenido de inter\u00e9s general que la gente del pueblo y la regi\u00f3n debe conocer.","robots":{"index":"index","follow":"follow","max-snippet":"max-snippet:-1","max-image-preview":"max-image-preview:large","max-video-preview":"max-video-preview:-1"},"canonical":"https:\/\/www.celttv.com.ar\/index.php\/2013\/10\/04\/sesiono-el-hcd-sesion-de-terrenos-y-barrios-de-viviendas-fueron-temas-de-analisis\/","og_locale":"es_ES","og_type":"article","og_title":"SESIONO EL HCD.: SESION DE TERRENOS Y BARRIOS DE VIVIENDAS FUERON TEMAS DE ANALISIS - CELTTV","og_description":"Sitio web de noticias de la localidad de Tornquist, provincia de Buenos Aires, Rep\u00fablica Argentina. Contenido propio originado por periodistas de CELTTV, el canal de TV local de la Cooperativa El\u00e9ctrica de Tornquist. Turismo, Pol\u00edtica, Sociedad, Deporte, Cultura y todo el contenido de inter\u00e9s general que la gente del pueblo y la regi\u00f3n debe conocer.","og_url":"https:\/\/www.celttv.com.ar\/index.php\/2013\/10\/04\/sesiono-el-hcd-sesion-de-terrenos-y-barrios-de-viviendas-fueron-temas-de-analisis\/","og_site_name":"CELTTV","article_publisher":"https:\/\/www.facebook.com\/celtTV\/","article_published_time":"2013-10-04T19:30:12+00:00","author":"ulises","twitter_card":"summary_large_image","twitter_misc":{"Escrito por":"ulises","Tiempo de lectura":"16 minutos"},"schema":{"@context":"https:\/\/schema.org","@graph":[{"@type":"NewsArticle","@id":"https:\/\/www.celttv.com.ar\/index.php\/2013\/10\/04\/sesiono-el-hcd-sesion-de-terrenos-y-barrios-de-viviendas-fueron-temas-de-analisis\/#article","isPartOf":{"@id":"https:\/\/www.celttv.com.ar\/index.php\/2013\/10\/04\/sesiono-el-hcd-sesion-de-terrenos-y-barrios-de-viviendas-fueron-temas-de-analisis\/"},"author":{"name":"ulises","@id":"https:\/\/www.celttv.com.ar\/#\/schema\/person\/6d99c072dba59953809c81446e9d0ace"},"headline":"SESIONO EL HCD.: SESION DE TERRENOS Y BARRIOS DE VIVIENDAS FUERON TEMAS DE ANALISIS","datePublished":"2013-10-04T19:30:12+00:00","dateModified":"2013-10-04T19:30:12+00:00","mainEntityOfPage":{"@id":"https:\/\/www.celttv.com.ar\/index.php\/2013\/10\/04\/sesiono-el-hcd-sesion-de-terrenos-y-barrios-de-viviendas-fueron-temas-de-analisis\/"},"wordCount":3311,"publisher":{"@id":"https:\/\/www.celttv.com.ar\/#organization"},"articleSection":["Comunidad","Destacadas","Pol\u00edtica"],"inLanguage":"es"},{"@type":"WebPage","@id":"https:\/\/www.celttv.com.ar\/index.php\/2013\/10\/04\/sesiono-el-hcd-sesion-de-terrenos-y-barrios-de-viviendas-fueron-temas-de-analisis\/","url":"https:\/\/www.celttv.com.ar\/index.php\/2013\/10\/04\/sesiono-el-hcd-sesion-de-terrenos-y-barrios-de-viviendas-fueron-temas-de-analisis\/","name":"SESIONO EL HCD.: SESION DE TERRENOS Y BARRIOS DE VIVIENDAS FUERON TEMAS DE ANALISIS - CELTTV","isPartOf":{"@id":"https:\/\/www.celttv.com.ar\/#website"},"datePublished":"2013-10-04T19:30:12+00:00","dateModified":"2013-10-04T19:30:12+00:00","description":"Sitio web de noticias de la localidad de Tornquist, provincia de Buenos Aires, Rep\u00fablica Argentina. Contenido propio originado por periodistas de CELTTV, el canal de TV local de la Cooperativa El\u00e9ctrica de Tornquist. Turismo, Pol\u00edtica, Sociedad, Deporte, Cultura y todo el contenido de inter\u00e9s general que la gente del pueblo y la regi\u00f3n debe conocer.","breadcrumb":{"@id":"https:\/\/www.celttv.com.ar\/index.php\/2013\/10\/04\/sesiono-el-hcd-sesion-de-terrenos-y-barrios-de-viviendas-fueron-temas-de-analisis\/#breadcrumb"},"inLanguage":"es","potentialAction":[{"@type":"ReadAction","target":["https:\/\/www.celttv.com.ar\/index.php\/2013\/10\/04\/sesiono-el-hcd-sesion-de-terrenos-y-barrios-de-viviendas-fueron-temas-de-analisis\/"]}]},{"@type":"BreadcrumbList","@id":"https:\/\/www.celttv.com.ar\/index.php\/2013\/10\/04\/sesiono-el-hcd-sesion-de-terrenos-y-barrios-de-viviendas-fueron-temas-de-analisis\/#breadcrumb","itemListElement":[{"@type":"ListItem","position":1,"name":"Inicio","item":"https:\/\/www.celttv.com.ar\/"},{"@type":"ListItem","position":2,"name":"SESIONO EL HCD.: SESION DE TERRENOS Y BARRIOS DE VIVIENDAS FUERON TEMAS DE ANALISIS"}]},{"@type":"WebSite","@id":"https:\/\/www.celttv.com.ar\/#website","url":"https:\/\/www.celttv.com.ar\/","name":"CELTTV","description":"Cooperativa El\u00e9ctrica de Tornquist","publisher":{"@id":"https:\/\/www.celttv.com.ar\/#organization"},"potentialAction":[{"@type":"SearchAction","target":{"@type":"EntryPoint","urlTemplate":"https:\/\/www.celttv.com.ar\/?s={search_term_string}"},"query-input":"required name=search_term_string"}],"inLanguage":"es"},{"@type":"Organization","@id":"https:\/\/www.celttv.com.ar\/#organization","name":"CELTTV","url":"https:\/\/www.celttv.com.ar\/","sameAs":["https:\/\/www.youtube.com\/channel\/UCz_oIt8Hig64Ub-EmcNPIhg","https:\/\/www.facebook.com\/celtTV\/"],"logo":{"@type":"ImageObject","inLanguage":"es","@id":"https:\/\/www.celttv.com.ar\/#\/schema\/logo\/image\/","url":"http:\/\/www.celttv.com.ar\/wp-content\/uploads\/2022\/08\/logo-1.png","contentUrl":"http:\/\/www.celttv.com.ar\/wp-content\/uploads\/2022\/08\/logo-1.png","width":461,"height":159,"caption":"CELTTV"},"image":{"@id":"https:\/\/www.celttv.com.ar\/#\/schema\/logo\/image\/"}},{"@type":"Person","@id":"https:\/\/www.celttv.com.ar\/#\/schema\/person\/6d99c072dba59953809c81446e9d0ace","name":"ulises","image":{"@type":"ImageObject","inLanguage":"es","@id":"https:\/\/www.celttv.com.ar\/#\/schema\/person\/image\/","url":"https:\/\/secure.gravatar.com\/avatar\/7f2c48bdc33b30088f941fb6082e555f2874c98e20cb159d7b92b50eadfce793?s=96&d=mm&r=g","contentUrl":"https:\/\/secure.gravatar.com\/avatar\/7f2c48bdc33b30088f941fb6082e555f2874c98e20cb159d7b92b50eadfce793?s=96&d=mm&r=g","caption":"ulises"},"sameAs":["http:\/\/www.celttv.com.ar"]}]}},"_links":{"self":[{"href":"https:\/\/www.celttv.com.ar\/index.php\/wp-json\/wp\/v2\/posts\/14653","targetHints":{"allow":["GET"]}}],"collection":[{"href":"https:\/\/www.celttv.com.ar\/index.php\/wp-json\/wp\/v2\/posts"}],"about":[{"href":"https:\/\/www.celttv.com.ar\/index.php\/wp-json\/wp\/v2\/types\/post"}],"author":[{"embeddable":true,"href":"https:\/\/www.celttv.com.ar\/index.php\/wp-json\/wp\/v2\/users\/1"}],"replies":[{"embeddable":true,"href":"https:\/\/www.celttv.com.ar\/index.php\/wp-json\/wp\/v2\/comments?post=14653"}],"version-history":[{"count":0,"href":"https:\/\/www.celttv.com.ar\/index.php\/wp-json\/wp\/v2\/posts\/14653\/revisions"}],"wp:attachment":[{"href":"https:\/\/www.celttv.com.ar\/index.php\/wp-json\/wp\/v2\/media?parent=14653"}],"wp:term":[{"taxonomy":"category","embeddable":true,"href":"https:\/\/www.celttv.com.ar\/index.php\/wp-json\/wp\/v2\/categories?post=14653"},{"taxonomy":"post_tag","embeddable":true,"href":"https:\/\/www.celttv.com.ar\/index.php\/wp-json\/wp\/v2\/tags?post=14653"}],"curies":[{"name":"wp","href":"https:\/\/api.w.org\/{rel}","templated":true}]}}