{"id":14683,"date":"2013-10-06T00:20:43","date_gmt":"2013-10-06T00:20:43","guid":{"rendered":"http:\/\/www.tvcnoticias.com.ar\/?p=14683"},"modified":"2013-10-06T00:20:43","modified_gmt":"2013-10-06T00:20:43","slug":"buitrago-preocupado-por-los-fondos-para-continuar-con-el-barrio-de-viviendas","status":"publish","type":"post","link":"https:\/\/www.celttv.com.ar\/index.php\/2013\/10\/06\/buitrago-preocupado-por-los-fondos-para-continuar-con-el-barrio-de-viviendas\/","title":{"rendered":"BUITRAGO PREOCUPADO POR LOS FONDOS PARA CONTINUAR CON EL BARRIO DE VIVIENDAS"},"content":{"rendered":"<p><a href=\"http:\/\/www.youtube.com\/watch?v=xF9HiF9yDd0\"><a href=\"http:\/\/www.youtube.com\/watch?v=xF9HiF9yDd0\">httpv:\/\/www.youtube.com\/watch?v=xF9HiF9yDd0<\/a><\/a><br \/>\n<a href=\"http:\/\/www.youtube.com\/watch?v=4ENpzRf3JSY\"><a href=\"http:\/\/www.youtube.com\/watch?v=4ENpzRf3JSY\">httpv:\/\/www.youtube.com\/watch?v=4ENpzRf3JSY<\/a><\/a><br \/>\nEl concejal del PRO Horacio Buitrago exterioriz\u00f3 su preocupaci\u00f3n por no poder contar con los fondos, seg\u00fan explic\u00f3, que en principio la justicia autorizar\u00eda al Municipio a utilizar para continuar con la construcci\u00f3n del barrio de 30 viviendas en Tornquist y 20 en la localidad de Saldungaray.<br \/>\nEl concejal del PRO primero habl\u00f3 desde su banca y luego, en dialogo con este medio, reiter\u00f3 sus conceptos pidiendo por una pronta reuni\u00f3n con el \u00e1rea de obras p\u00fablicas y la asesor\u00eda letrada del Municipio a fin de clarificar el panorama sobre el particular.<\/p>\n","protected":false},"excerpt":{"rendered":"<p>httpv:\/\/www.youtube.com\/watch?v=xF9HiF9yDd0 httpv:\/\/www.youtube.com\/watch?v=4ENpzRf3JSY El concejal del PRO Horacio Buitrago exterioriz\u00f3 su preocupaci\u00f3n por no poder contar con los fondos, seg\u00fan explic\u00f3, que en principio la justicia autorizar\u00eda al Municipio a utilizar para continuar con la construcci\u00f3n del barrio de 30 viviendas en Tornquist y 20 en la localidad de Saldungaray. El concejal del PRO primero habl\u00f3 [&hellip;]<\/p>\n","protected":false},"author":1,"featured_media":0,"comment_status":"closed","ping_status":"open","sticky":false,"template":"","format":"standard","meta":{"footnotes":""},"categories":[51,52,53,64],"tags":[],"class_list":["post-14683","post","type-post","status-publish","format-standard","hentry","category-comunidad","category-destacadas","category-politica","category-videos-destacados"],"yoast_head":"<!-- This site is optimized with the Yoast SEO plugin v19.7.1 - https:\/\/yoast.com\/wordpress\/plugins\/seo\/ -->\n<title>BUITRAGO PREOCUPADO POR LOS FONDOS PARA CONTINUAR CON EL BARRIO DE VIVIENDAS - CELTTV<\/title>\n<meta name=\"description\" content=\"Sitio web de noticias de la localidad de Tornquist, provincia de Buenos Aires, Rep\u00fablica Argentina. Contenido propio originado por periodistas de CELTTV, el canal de TV local de la Cooperativa El\u00e9ctrica de Tornquist. Turismo, Pol\u00edtica, Sociedad, Deporte, Cultura y todo el contenido de inter\u00e9s general que la gente del pueblo y la regi\u00f3n debe conocer.\" \/>\n<meta name=\"robots\" content=\"index, follow, max-snippet:-1, max-image-preview:large, max-video-preview:-1\" \/>\n<link rel=\"canonical\" href=\"https:\/\/www.celttv.com.ar\/index.php\/2013\/10\/06\/buitrago-preocupado-por-los-fondos-para-continuar-con-el-barrio-de-viviendas\/\" \/>\n<meta property=\"og:locale\" content=\"es_ES\" \/>\n<meta property=\"og:type\" content=\"article\" \/>\n<meta property=\"og:title\" content=\"BUITRAGO PREOCUPADO POR LOS FONDOS PARA CONTINUAR CON EL BARRIO DE VIVIENDAS - CELTTV\" \/>\n<meta property=\"og:description\" content=\"Sitio web de noticias de la localidad de Tornquist, provincia de Buenos Aires, Rep\u00fablica Argentina. Contenido propio originado por periodistas de CELTTV, el canal de TV local de la Cooperativa El\u00e9ctrica de Tornquist. Turismo, Pol\u00edtica, Sociedad, Deporte, Cultura y todo el contenido de inter\u00e9s general que la gente del pueblo y la regi\u00f3n debe conocer.\" \/>\n<meta property=\"og:url\" content=\"https:\/\/www.celttv.com.ar\/index.php\/2013\/10\/06\/buitrago-preocupado-por-los-fondos-para-continuar-con-el-barrio-de-viviendas\/\" \/>\n<meta property=\"og:site_name\" content=\"CELTTV\" \/>\n<meta property=\"article:publisher\" content=\"https:\/\/www.facebook.com\/celtTV\/\" \/>\n<meta property=\"article:published_time\" content=\"2013-10-06T00:20:43+00:00\" \/>\n<meta name=\"author\" content=\"ulises\" \/>\n<meta name=\"twitter:card\" content=\"summary_large_image\" \/>\n<meta name=\"twitter:label1\" content=\"Escrito por\" \/>\n\t<meta name=\"twitter:data1\" content=\"ulises\" \/>\n\t<meta name=\"twitter:label2\" content=\"Tiempo de lectura\" \/>\n\t<meta name=\"twitter:data2\" content=\"1 minuto\" \/>\n<script type=\"application\/ld+json\" class=\"yoast-schema-graph\">{\"@context\":\"https:\/\/schema.org\",\"@graph\":[{\"@type\":\"NewsArticle\",\"@id\":\"https:\/\/www.celttv.com.ar\/index.php\/2013\/10\/06\/buitrago-preocupado-por-los-fondos-para-continuar-con-el-barrio-de-viviendas\/#article\",\"isPartOf\":{\"@id\":\"https:\/\/www.celttv.com.ar\/index.php\/2013\/10\/06\/buitrago-preocupado-por-los-fondos-para-continuar-con-el-barrio-de-viviendas\/\"},\"author\":{\"name\":\"ulises\",\"@id\":\"https:\/\/www.celttv.com.ar\/#\/schema\/person\/6d99c072dba59953809c81446e9d0ace\"},\"headline\":\"BUITRAGO PREOCUPADO POR LOS FONDOS PARA CONTINUAR CON EL BARRIO DE VIVIENDAS\",\"datePublished\":\"2013-10-06T00:20:43+00:00\",\"dateModified\":\"2013-10-06T00:20:43+00:00\",\"mainEntityOfPage\":{\"@id\":\"https:\/\/www.celttv.com.ar\/index.php\/2013\/10\/06\/buitrago-preocupado-por-los-fondos-para-continuar-con-el-barrio-de-viviendas\/\"},\"wordCount\":126,\"publisher\":{\"@id\":\"https:\/\/www.celttv.com.ar\/#organization\"},\"articleSection\":[\"Comunidad\",\"Destacadas\",\"Pol\u00edtica\",\"Videos Destacados\"],\"inLanguage\":\"es\"},{\"@type\":\"WebPage\",\"@id\":\"https:\/\/www.celttv.com.ar\/index.php\/2013\/10\/06\/buitrago-preocupado-por-los-fondos-para-continuar-con-el-barrio-de-viviendas\/\",\"url\":\"https:\/\/www.celttv.com.ar\/index.php\/2013\/10\/06\/buitrago-preocupado-por-los-fondos-para-continuar-con-el-barrio-de-viviendas\/\",\"name\":\"BUITRAGO PREOCUPADO POR LOS FONDOS PARA CONTINUAR CON EL BARRIO DE VIVIENDAS - CELTTV\",\"isPartOf\":{\"@id\":\"https:\/\/www.celttv.com.ar\/#website\"},\"datePublished\":\"2013-10-06T00:20:43+00:00\",\"dateModified\":\"2013-10-06T00:20:43+00:00\",\"description\":\"Sitio web de noticias de la localidad de Tornquist, provincia de Buenos Aires, Rep\u00fablica Argentina. Contenido propio originado por periodistas de CELTTV, el canal de TV local de la Cooperativa El\u00e9ctrica de Tornquist. Turismo, Pol\u00edtica, Sociedad, Deporte, Cultura y todo el contenido de inter\u00e9s general que la gente del pueblo y la regi\u00f3n debe conocer.\",\"breadcrumb\":{\"@id\":\"https:\/\/www.celttv.com.ar\/index.php\/2013\/10\/06\/buitrago-preocupado-por-los-fondos-para-continuar-con-el-barrio-de-viviendas\/#breadcrumb\"},\"inLanguage\":\"es\",\"potentialAction\":[{\"@type\":\"ReadAction\",\"target\":[\"https:\/\/www.celttv.com.ar\/index.php\/2013\/10\/06\/buitrago-preocupado-por-los-fondos-para-continuar-con-el-barrio-de-viviendas\/\"]}]},{\"@type\":\"BreadcrumbList\",\"@id\":\"https:\/\/www.celttv.com.ar\/index.php\/2013\/10\/06\/buitrago-preocupado-por-los-fondos-para-continuar-con-el-barrio-de-viviendas\/#breadcrumb\",\"itemListElement\":[{\"@type\":\"ListItem\",\"position\":1,\"name\":\"Inicio\",\"item\":\"https:\/\/www.celttv.com.ar\/\"},{\"@type\":\"ListItem\",\"position\":2,\"name\":\"BUITRAGO PREOCUPADO POR LOS FONDOS PARA CONTINUAR CON EL BARRIO DE VIVIENDAS\"}]},{\"@type\":\"WebSite\",\"@id\":\"https:\/\/www.celttv.com.ar\/#website\",\"url\":\"https:\/\/www.celttv.com.ar\/\",\"name\":\"CELTTV\",\"description\":\"Cooperativa El\u00e9ctrica de Tornquist\",\"publisher\":{\"@id\":\"https:\/\/www.celttv.com.ar\/#organization\"},\"potentialAction\":[{\"@type\":\"SearchAction\",\"target\":{\"@type\":\"EntryPoint\",\"urlTemplate\":\"https:\/\/www.celttv.com.ar\/?s={search_term_string}\"},\"query-input\":\"required name=search_term_string\"}],\"inLanguage\":\"es\"},{\"@type\":\"Organization\",\"@id\":\"https:\/\/www.celttv.com.ar\/#organization\",\"name\":\"CELTTV\",\"url\":\"https:\/\/www.celttv.com.ar\/\",\"sameAs\":[\"https:\/\/www.youtube.com\/channel\/UCz_oIt8Hig64Ub-EmcNPIhg\",\"https:\/\/www.facebook.com\/celtTV\/\"],\"logo\":{\"@type\":\"ImageObject\",\"inLanguage\":\"es\",\"@id\":\"https:\/\/www.celttv.com.ar\/#\/schema\/logo\/image\/\",\"url\":\"http:\/\/www.celttv.com.ar\/wp-content\/uploads\/2022\/08\/logo-1.png\",\"contentUrl\":\"http:\/\/www.celttv.com.ar\/wp-content\/uploads\/2022\/08\/logo-1.png\",\"width\":461,\"height\":159,\"caption\":\"CELTTV\"},\"image\":{\"@id\":\"https:\/\/www.celttv.com.ar\/#\/schema\/logo\/image\/\"}},{\"@type\":\"Person\",\"@id\":\"https:\/\/www.celttv.com.ar\/#\/schema\/person\/6d99c072dba59953809c81446e9d0ace\",\"name\":\"ulises\",\"image\":{\"@type\":\"ImageObject\",\"inLanguage\":\"es\",\"@id\":\"https:\/\/www.celttv.com.ar\/#\/schema\/person\/image\/\",\"url\":\"https:\/\/secure.gravatar.com\/avatar\/7f2c48bdc33b30088f941fb6082e555f2874c98e20cb159d7b92b50eadfce793?s=96&d=mm&r=g\",\"contentUrl\":\"https:\/\/secure.gravatar.com\/avatar\/7f2c48bdc33b30088f941fb6082e555f2874c98e20cb159d7b92b50eadfce793?s=96&d=mm&r=g\",\"caption\":\"ulises\"},\"sameAs\":[\"http:\/\/www.celttv.com.ar\"]}]}<\/script>\n<!-- \/ Yoast SEO plugin. -->","yoast_head_json":{"title":"BUITRAGO PREOCUPADO POR LOS FONDOS PARA CONTINUAR CON EL BARRIO DE VIVIENDAS - CELTTV","description":"Sitio web de noticias de la localidad de Tornquist, provincia de Buenos Aires, Rep\u00fablica Argentina. Contenido propio originado por periodistas de CELTTV, el canal de TV local de la Cooperativa El\u00e9ctrica de Tornquist. Turismo, Pol\u00edtica, Sociedad, Deporte, Cultura y todo el contenido de inter\u00e9s general que la gente del pueblo y la regi\u00f3n debe conocer.","robots":{"index":"index","follow":"follow","max-snippet":"max-snippet:-1","max-image-preview":"max-image-preview:large","max-video-preview":"max-video-preview:-1"},"canonical":"https:\/\/www.celttv.com.ar\/index.php\/2013\/10\/06\/buitrago-preocupado-por-los-fondos-para-continuar-con-el-barrio-de-viviendas\/","og_locale":"es_ES","og_type":"article","og_title":"BUITRAGO PREOCUPADO POR LOS FONDOS PARA CONTINUAR CON EL BARRIO DE VIVIENDAS - CELTTV","og_description":"Sitio web de noticias de la localidad de Tornquist, provincia de Buenos Aires, Rep\u00fablica Argentina. Contenido propio originado por periodistas de CELTTV, el canal de TV local de la Cooperativa El\u00e9ctrica de Tornquist. Turismo, Pol\u00edtica, Sociedad, Deporte, Cultura y todo el contenido de inter\u00e9s general que la gente del pueblo y la regi\u00f3n debe conocer.","og_url":"https:\/\/www.celttv.com.ar\/index.php\/2013\/10\/06\/buitrago-preocupado-por-los-fondos-para-continuar-con-el-barrio-de-viviendas\/","og_site_name":"CELTTV","article_publisher":"https:\/\/www.facebook.com\/celtTV\/","article_published_time":"2013-10-06T00:20:43+00:00","author":"ulises","twitter_card":"summary_large_image","twitter_misc":{"Escrito por":"ulises","Tiempo de lectura":"1 minuto"},"schema":{"@context":"https:\/\/schema.org","@graph":[{"@type":"NewsArticle","@id":"https:\/\/www.celttv.com.ar\/index.php\/2013\/10\/06\/buitrago-preocupado-por-los-fondos-para-continuar-con-el-barrio-de-viviendas\/#article","isPartOf":{"@id":"https:\/\/www.celttv.com.ar\/index.php\/2013\/10\/06\/buitrago-preocupado-por-los-fondos-para-continuar-con-el-barrio-de-viviendas\/"},"author":{"name":"ulises","@id":"https:\/\/www.celttv.com.ar\/#\/schema\/person\/6d99c072dba59953809c81446e9d0ace"},"headline":"BUITRAGO PREOCUPADO POR LOS FONDOS PARA CONTINUAR CON EL BARRIO DE VIVIENDAS","datePublished":"2013-10-06T00:20:43+00:00","dateModified":"2013-10-06T00:20:43+00:00","mainEntityOfPage":{"@id":"https:\/\/www.celttv.com.ar\/index.php\/2013\/10\/06\/buitrago-preocupado-por-los-fondos-para-continuar-con-el-barrio-de-viviendas\/"},"wordCount":126,"publisher":{"@id":"https:\/\/www.celttv.com.ar\/#organization"},"articleSection":["Comunidad","Destacadas","Pol\u00edtica","Videos Destacados"],"inLanguage":"es"},{"@type":"WebPage","@id":"https:\/\/www.celttv.com.ar\/index.php\/2013\/10\/06\/buitrago-preocupado-por-los-fondos-para-continuar-con-el-barrio-de-viviendas\/","url":"https:\/\/www.celttv.com.ar\/index.php\/2013\/10\/06\/buitrago-preocupado-por-los-fondos-para-continuar-con-el-barrio-de-viviendas\/","name":"BUITRAGO PREOCUPADO POR LOS FONDOS PARA CONTINUAR CON EL BARRIO DE VIVIENDAS - CELTTV","isPartOf":{"@id":"https:\/\/www.celttv.com.ar\/#website"},"datePublished":"2013-10-06T00:20:43+00:00","dateModified":"2013-10-06T00:20:43+00:00","description":"Sitio web de noticias de la localidad de Tornquist, provincia de Buenos Aires, Rep\u00fablica Argentina. Contenido propio originado por periodistas de CELTTV, el canal de TV local de la Cooperativa El\u00e9ctrica de Tornquist. Turismo, Pol\u00edtica, Sociedad, Deporte, Cultura y todo el contenido de inter\u00e9s general que la gente del pueblo y la regi\u00f3n debe conocer.","breadcrumb":{"@id":"https:\/\/www.celttv.com.ar\/index.php\/2013\/10\/06\/buitrago-preocupado-por-los-fondos-para-continuar-con-el-barrio-de-viviendas\/#breadcrumb"},"inLanguage":"es","potentialAction":[{"@type":"ReadAction","target":["https:\/\/www.celttv.com.ar\/index.php\/2013\/10\/06\/buitrago-preocupado-por-los-fondos-para-continuar-con-el-barrio-de-viviendas\/"]}]},{"@type":"BreadcrumbList","@id":"https:\/\/www.celttv.com.ar\/index.php\/2013\/10\/06\/buitrago-preocupado-por-los-fondos-para-continuar-con-el-barrio-de-viviendas\/#breadcrumb","itemListElement":[{"@type":"ListItem","position":1,"name":"Inicio","item":"https:\/\/www.celttv.com.ar\/"},{"@type":"ListItem","position":2,"name":"BUITRAGO PREOCUPADO POR LOS FONDOS PARA CONTINUAR CON EL BARRIO DE VIVIENDAS"}]},{"@type":"WebSite","@id":"https:\/\/www.celttv.com.ar\/#website","url":"https:\/\/www.celttv.com.ar\/","name":"CELTTV","description":"Cooperativa El\u00e9ctrica de Tornquist","publisher":{"@id":"https:\/\/www.celttv.com.ar\/#organization"},"potentialAction":[{"@type":"SearchAction","target":{"@type":"EntryPoint","urlTemplate":"https:\/\/www.celttv.com.ar\/?s={search_term_string}"},"query-input":"required name=search_term_string"}],"inLanguage":"es"},{"@type":"Organization","@id":"https:\/\/www.celttv.com.ar\/#organization","name":"CELTTV","url":"https:\/\/www.celttv.com.ar\/","sameAs":["https:\/\/www.youtube.com\/channel\/UCz_oIt8Hig64Ub-EmcNPIhg","https:\/\/www.facebook.com\/celtTV\/"],"logo":{"@type":"ImageObject","inLanguage":"es","@id":"https:\/\/www.celttv.com.ar\/#\/schema\/logo\/image\/","url":"http:\/\/www.celttv.com.ar\/wp-content\/uploads\/2022\/08\/logo-1.png","contentUrl":"http:\/\/www.celttv.com.ar\/wp-content\/uploads\/2022\/08\/logo-1.png","width":461,"height":159,"caption":"CELTTV"},"image":{"@id":"https:\/\/www.celttv.com.ar\/#\/schema\/logo\/image\/"}},{"@type":"Person","@id":"https:\/\/www.celttv.com.ar\/#\/schema\/person\/6d99c072dba59953809c81446e9d0ace","name":"ulises","image":{"@type":"ImageObject","inLanguage":"es","@id":"https:\/\/www.celttv.com.ar\/#\/schema\/person\/image\/","url":"https:\/\/secure.gravatar.com\/avatar\/7f2c48bdc33b30088f941fb6082e555f2874c98e20cb159d7b92b50eadfce793?s=96&d=mm&r=g","contentUrl":"https:\/\/secure.gravatar.com\/avatar\/7f2c48bdc33b30088f941fb6082e555f2874c98e20cb159d7b92b50eadfce793?s=96&d=mm&r=g","caption":"ulises"},"sameAs":["http:\/\/www.celttv.com.ar"]}]}},"_links":{"self":[{"href":"https:\/\/www.celttv.com.ar\/index.php\/wp-json\/wp\/v2\/posts\/14683","targetHints":{"allow":["GET"]}}],"collection":[{"href":"https:\/\/www.celttv.com.ar\/index.php\/wp-json\/wp\/v2\/posts"}],"about":[{"href":"https:\/\/www.celttv.com.ar\/index.php\/wp-json\/wp\/v2\/types\/post"}],"author":[{"embeddable":true,"href":"https:\/\/www.celttv.com.ar\/index.php\/wp-json\/wp\/v2\/users\/1"}],"replies":[{"embeddable":true,"href":"https:\/\/www.celttv.com.ar\/index.php\/wp-json\/wp\/v2\/comments?post=14683"}],"version-history":[{"count":0,"href":"https:\/\/www.celttv.com.ar\/index.php\/wp-json\/wp\/v2\/posts\/14683\/revisions"}],"wp:attachment":[{"href":"https:\/\/www.celttv.com.ar\/index.php\/wp-json\/wp\/v2\/media?parent=14683"}],"wp:term":[{"taxonomy":"category","embeddable":true,"href":"https:\/\/www.celttv.com.ar\/index.php\/wp-json\/wp\/v2\/categories?post=14683"},{"taxonomy":"post_tag","embeddable":true,"href":"https:\/\/www.celttv.com.ar\/index.php\/wp-json\/wp\/v2\/tags?post=14683"}],"curies":[{"name":"wp","href":"https:\/\/api.w.org\/{rel}","templated":true}]}}