{"id":1474,"date":"2011-09-08T20:15:03","date_gmt":"2011-09-08T20:15:03","guid":{"rendered":"http:\/\/www.tvcnoticias.com.ar\/?p=1474"},"modified":"2011-09-08T20:15:03","modified_gmt":"2011-09-08T20:15:03","slug":"se-realizo-un-nuevo-encuentro-del-curso-para-guias-e-informantes-turisticos-de-la-comarca","status":"publish","type":"post","link":"https:\/\/www.celttv.com.ar\/index.php\/2011\/09\/08\/se-realizo-un-nuevo-encuentro-del-curso-para-guias-e-informantes-turisticos-de-la-comarca\/","title":{"rendered":"SE REALIZO UN NUEVO ENCUENTRO DEL CURSO PARA GUIAS E INFORMANTES TURISTICOS DE LA COMARCA"},"content":{"rendered":"<p>El pasado mi\u00e9rcoles 7 de Septiembre en instalaciones del Cuartel de Bomberos de Sierra de la Ventana, se llev\u00f3 a cabo un nuevo encuentro del Curso para Gu\u00edas e Informantes Tur\u00edsticos de la Comarca.<br \/>\nEn esta ocasi\u00f3n, el Guardaparque Maximiliano D\u2019onofrio y el Guardaparque a cargo del Parque Provincial Ernesto Tornquist ;An\u00edbal Areco, expusieron sobre el Plan de Manejo del mismo, sus funciones, objetivos y mitos,posteriormente M\u00f3nica Silva,encargada de Funke Turismo, y V\u00edctor Leal disertaron sobre los atractivos y senderos de la Estancia Funke, su reglamento y consideraciones de su funcionamiento. Para concluir, los m\u00e1s de 90 participantes realizaron un taller de intercambio de roles debatiendo sobre diferentes proyectos que podr\u00edan llevarse a cabo en la Comarca.<br \/>\nPor la tarde, el Dr. Gustavo D\u00edaz brind\u00f3 un curso de Primeros Auxilios, explicando sobre t\u00e9cnicas de reanimaci\u00f3n cardiopulmonar en caso de paros card\u00edacos o asfixia, para luego exponer sobre los mitos, realidades y precauciones de las picaduras de yarar\u00e1s, escorpiones\u00a0 y ara\u00f1as de nuestra regi\u00f3n.<br \/>\nLa Direcci\u00f3n de Turismo agradece a todos los participantes y recuerda que el pr\u00f3ximo m\u00f3dulo ser\u00e1 dictado el martes 13 de Septiembre en instalaciones del Parque Provincial, con asistencia obligatoria solo para quienes aspiren a ser gu\u00edas locales. La misma ser\u00e1 sobre pr\u00e1ctica y t\u00e9cnicas de guiado y estar\u00e1 a cargo del personal del PPET.<br \/>\n<\/p>\n","protected":false},"excerpt":{"rendered":"<p>El pasado mi\u00e9rcoles 7 de Septiembre en instalaciones del Cuartel de Bomberos de Sierra de la Ventana, se llev\u00f3 a cabo un nuevo encuentro del Curso para Gu\u00edas e Informantes Tur\u00edsticos de la Comarca. En esta ocasi\u00f3n, el Guardaparque Maximiliano D\u2019onofrio y el Guardaparque a cargo del Parque Provincial Ernesto Tornquist ;An\u00edbal Areco, expusieron sobre [&hellip;]<\/p>\n","protected":false},"author":1,"featured_media":0,"comment_status":"closed","ping_status":"open","sticky":false,"template":"","format":"standard","meta":{"footnotes":""},"categories":[51,52,53],"tags":[],"class_list":["post-1474","post","type-post","status-publish","format-standard","hentry","category-comunidad","category-destacadas","category-politica"],"yoast_head":"<!-- This site is optimized with the Yoast SEO plugin v19.7.1 - https:\/\/yoast.com\/wordpress\/plugins\/seo\/ -->\n<title>SE REALIZO UN NUEVO ENCUENTRO DEL CURSO PARA GUIAS E INFORMANTES TURISTICOS DE LA COMARCA - CELTTV<\/title>\n<meta name=\"description\" content=\"Sitio web de noticias de la localidad de Tornquist, provincia de Buenos Aires, Rep\u00fablica Argentina. Contenido propio originado por periodistas de CELTTV, el canal de TV local de la Cooperativa El\u00e9ctrica de Tornquist. Turismo, Pol\u00edtica, Sociedad, Deporte, Cultura y todo el contenido de inter\u00e9s general que la gente del pueblo y la regi\u00f3n debe conocer.\" \/>\n<meta name=\"robots\" content=\"index, follow, max-snippet:-1, max-image-preview:large, max-video-preview:-1\" \/>\n<link rel=\"canonical\" href=\"https:\/\/www.celttv.com.ar\/index.php\/2011\/09\/08\/se-realizo-un-nuevo-encuentro-del-curso-para-guias-e-informantes-turisticos-de-la-comarca\/\" \/>\n<meta property=\"og:locale\" content=\"es_ES\" \/>\n<meta property=\"og:type\" content=\"article\" \/>\n<meta property=\"og:title\" content=\"SE REALIZO UN NUEVO ENCUENTRO DEL CURSO PARA GUIAS E INFORMANTES TURISTICOS DE LA COMARCA - CELTTV\" \/>\n<meta property=\"og:description\" content=\"Sitio web de noticias de la localidad de Tornquist, provincia de Buenos Aires, Rep\u00fablica Argentina. Contenido propio originado por periodistas de CELTTV, el canal de TV local de la Cooperativa El\u00e9ctrica de Tornquist. Turismo, Pol\u00edtica, Sociedad, Deporte, Cultura y todo el contenido de inter\u00e9s general que la gente del pueblo y la regi\u00f3n debe conocer.\" \/>\n<meta property=\"og:url\" content=\"https:\/\/www.celttv.com.ar\/index.php\/2011\/09\/08\/se-realizo-un-nuevo-encuentro-del-curso-para-guias-e-informantes-turisticos-de-la-comarca\/\" \/>\n<meta property=\"og:site_name\" content=\"CELTTV\" \/>\n<meta property=\"article:publisher\" content=\"https:\/\/www.facebook.com\/celtTV\/\" \/>\n<meta property=\"article:published_time\" content=\"2011-09-08T20:15:03+00:00\" \/>\n<meta name=\"author\" content=\"ulises\" \/>\n<meta name=\"twitter:card\" content=\"summary_large_image\" \/>\n<meta name=\"twitter:label1\" content=\"Escrito por\" \/>\n\t<meta name=\"twitter:data1\" content=\"ulises\" \/>\n\t<meta name=\"twitter:label2\" content=\"Tiempo de lectura\" \/>\n\t<meta name=\"twitter:data2\" content=\"1 minuto\" \/>\n<script type=\"application\/ld+json\" class=\"yoast-schema-graph\">{\"@context\":\"https:\/\/schema.org\",\"@graph\":[{\"@type\":\"NewsArticle\",\"@id\":\"https:\/\/www.celttv.com.ar\/index.php\/2011\/09\/08\/se-realizo-un-nuevo-encuentro-del-curso-para-guias-e-informantes-turisticos-de-la-comarca\/#article\",\"isPartOf\":{\"@id\":\"https:\/\/www.celttv.com.ar\/index.php\/2011\/09\/08\/se-realizo-un-nuevo-encuentro-del-curso-para-guias-e-informantes-turisticos-de-la-comarca\/\"},\"author\":{\"name\":\"ulises\",\"@id\":\"https:\/\/www.celttv.com.ar\/#\/schema\/person\/6d99c072dba59953809c81446e9d0ace\"},\"headline\":\"SE REALIZO UN NUEVO ENCUENTRO DEL CURSO PARA GUIAS E INFORMANTES TURISTICOS DE LA COMARCA\",\"datePublished\":\"2011-09-08T20:15:03+00:00\",\"dateModified\":\"2011-09-08T20:15:03+00:00\",\"mainEntityOfPage\":{\"@id\":\"https:\/\/www.celttv.com.ar\/index.php\/2011\/09\/08\/se-realizo-un-nuevo-encuentro-del-curso-para-guias-e-informantes-turisticos-de-la-comarca\/\"},\"wordCount\":259,\"publisher\":{\"@id\":\"https:\/\/www.celttv.com.ar\/#organization\"},\"articleSection\":[\"Comunidad\",\"Destacadas\",\"Pol\u00edtica\"],\"inLanguage\":\"es\"},{\"@type\":\"WebPage\",\"@id\":\"https:\/\/www.celttv.com.ar\/index.php\/2011\/09\/08\/se-realizo-un-nuevo-encuentro-del-curso-para-guias-e-informantes-turisticos-de-la-comarca\/\",\"url\":\"https:\/\/www.celttv.com.ar\/index.php\/2011\/09\/08\/se-realizo-un-nuevo-encuentro-del-curso-para-guias-e-informantes-turisticos-de-la-comarca\/\",\"name\":\"SE REALIZO UN NUEVO ENCUENTRO DEL CURSO PARA GUIAS E INFORMANTES TURISTICOS DE LA COMARCA - CELTTV\",\"isPartOf\":{\"@id\":\"https:\/\/www.celttv.com.ar\/#website\"},\"datePublished\":\"2011-09-08T20:15:03+00:00\",\"dateModified\":\"2011-09-08T20:15:03+00:00\",\"description\":\"Sitio web de noticias de la localidad de Tornquist, provincia de Buenos Aires, Rep\u00fablica Argentina. Contenido propio originado por periodistas de CELTTV, el canal de TV local de la Cooperativa El\u00e9ctrica de Tornquist. Turismo, Pol\u00edtica, Sociedad, Deporte, Cultura y todo el contenido de inter\u00e9s general que la gente del pueblo y la regi\u00f3n debe conocer.\",\"breadcrumb\":{\"@id\":\"https:\/\/www.celttv.com.ar\/index.php\/2011\/09\/08\/se-realizo-un-nuevo-encuentro-del-curso-para-guias-e-informantes-turisticos-de-la-comarca\/#breadcrumb\"},\"inLanguage\":\"es\",\"potentialAction\":[{\"@type\":\"ReadAction\",\"target\":[\"https:\/\/www.celttv.com.ar\/index.php\/2011\/09\/08\/se-realizo-un-nuevo-encuentro-del-curso-para-guias-e-informantes-turisticos-de-la-comarca\/\"]}]},{\"@type\":\"BreadcrumbList\",\"@id\":\"https:\/\/www.celttv.com.ar\/index.php\/2011\/09\/08\/se-realizo-un-nuevo-encuentro-del-curso-para-guias-e-informantes-turisticos-de-la-comarca\/#breadcrumb\",\"itemListElement\":[{\"@type\":\"ListItem\",\"position\":1,\"name\":\"Inicio\",\"item\":\"https:\/\/www.celttv.com.ar\/\"},{\"@type\":\"ListItem\",\"position\":2,\"name\":\"SE REALIZO UN NUEVO ENCUENTRO DEL CURSO PARA GUIAS E INFORMANTES TURISTICOS DE LA COMARCA\"}]},{\"@type\":\"WebSite\",\"@id\":\"https:\/\/www.celttv.com.ar\/#website\",\"url\":\"https:\/\/www.celttv.com.ar\/\",\"name\":\"CELTTV\",\"description\":\"Cooperativa El\u00e9ctrica de Tornquist\",\"publisher\":{\"@id\":\"https:\/\/www.celttv.com.ar\/#organization\"},\"potentialAction\":[{\"@type\":\"SearchAction\",\"target\":{\"@type\":\"EntryPoint\",\"urlTemplate\":\"https:\/\/www.celttv.com.ar\/?s={search_term_string}\"},\"query-input\":\"required name=search_term_string\"}],\"inLanguage\":\"es\"},{\"@type\":\"Organization\",\"@id\":\"https:\/\/www.celttv.com.ar\/#organization\",\"name\":\"CELTTV\",\"url\":\"https:\/\/www.celttv.com.ar\/\",\"sameAs\":[\"https:\/\/www.youtube.com\/channel\/UCz_oIt8Hig64Ub-EmcNPIhg\",\"https:\/\/www.facebook.com\/celtTV\/\"],\"logo\":{\"@type\":\"ImageObject\",\"inLanguage\":\"es\",\"@id\":\"https:\/\/www.celttv.com.ar\/#\/schema\/logo\/image\/\",\"url\":\"http:\/\/www.celttv.com.ar\/wp-content\/uploads\/2022\/08\/logo-1.png\",\"contentUrl\":\"http:\/\/www.celttv.com.ar\/wp-content\/uploads\/2022\/08\/logo-1.png\",\"width\":461,\"height\":159,\"caption\":\"CELTTV\"},\"image\":{\"@id\":\"https:\/\/www.celttv.com.ar\/#\/schema\/logo\/image\/\"}},{\"@type\":\"Person\",\"@id\":\"https:\/\/www.celttv.com.ar\/#\/schema\/person\/6d99c072dba59953809c81446e9d0ace\",\"name\":\"ulises\",\"image\":{\"@type\":\"ImageObject\",\"inLanguage\":\"es\",\"@id\":\"https:\/\/www.celttv.com.ar\/#\/schema\/person\/image\/\",\"url\":\"https:\/\/secure.gravatar.com\/avatar\/7f2c48bdc33b30088f941fb6082e555f2874c98e20cb159d7b92b50eadfce793?s=96&d=mm&r=g\",\"contentUrl\":\"https:\/\/secure.gravatar.com\/avatar\/7f2c48bdc33b30088f941fb6082e555f2874c98e20cb159d7b92b50eadfce793?s=96&d=mm&r=g\",\"caption\":\"ulises\"},\"sameAs\":[\"http:\/\/www.celttv.com.ar\"]}]}<\/script>\n<!-- \/ Yoast SEO plugin. -->","yoast_head_json":{"title":"SE REALIZO UN NUEVO ENCUENTRO DEL CURSO PARA GUIAS E INFORMANTES TURISTICOS DE LA COMARCA - CELTTV","description":"Sitio web de noticias de la localidad de Tornquist, provincia de Buenos Aires, Rep\u00fablica Argentina. Contenido propio originado por periodistas de CELTTV, el canal de TV local de la Cooperativa El\u00e9ctrica de Tornquist. Turismo, Pol\u00edtica, Sociedad, Deporte, Cultura y todo el contenido de inter\u00e9s general que la gente del pueblo y la regi\u00f3n debe conocer.","robots":{"index":"index","follow":"follow","max-snippet":"max-snippet:-1","max-image-preview":"max-image-preview:large","max-video-preview":"max-video-preview:-1"},"canonical":"https:\/\/www.celttv.com.ar\/index.php\/2011\/09\/08\/se-realizo-un-nuevo-encuentro-del-curso-para-guias-e-informantes-turisticos-de-la-comarca\/","og_locale":"es_ES","og_type":"article","og_title":"SE REALIZO UN NUEVO ENCUENTRO DEL CURSO PARA GUIAS E INFORMANTES TURISTICOS DE LA COMARCA - CELTTV","og_description":"Sitio web de noticias de la localidad de Tornquist, provincia de Buenos Aires, Rep\u00fablica Argentina. Contenido propio originado por periodistas de CELTTV, el canal de TV local de la Cooperativa El\u00e9ctrica de Tornquist. Turismo, Pol\u00edtica, Sociedad, Deporte, Cultura y todo el contenido de inter\u00e9s general que la gente del pueblo y la regi\u00f3n debe conocer.","og_url":"https:\/\/www.celttv.com.ar\/index.php\/2011\/09\/08\/se-realizo-un-nuevo-encuentro-del-curso-para-guias-e-informantes-turisticos-de-la-comarca\/","og_site_name":"CELTTV","article_publisher":"https:\/\/www.facebook.com\/celtTV\/","article_published_time":"2011-09-08T20:15:03+00:00","author":"ulises","twitter_card":"summary_large_image","twitter_misc":{"Escrito por":"ulises","Tiempo de lectura":"1 minuto"},"schema":{"@context":"https:\/\/schema.org","@graph":[{"@type":"NewsArticle","@id":"https:\/\/www.celttv.com.ar\/index.php\/2011\/09\/08\/se-realizo-un-nuevo-encuentro-del-curso-para-guias-e-informantes-turisticos-de-la-comarca\/#article","isPartOf":{"@id":"https:\/\/www.celttv.com.ar\/index.php\/2011\/09\/08\/se-realizo-un-nuevo-encuentro-del-curso-para-guias-e-informantes-turisticos-de-la-comarca\/"},"author":{"name":"ulises","@id":"https:\/\/www.celttv.com.ar\/#\/schema\/person\/6d99c072dba59953809c81446e9d0ace"},"headline":"SE REALIZO UN NUEVO ENCUENTRO DEL CURSO PARA GUIAS E INFORMANTES TURISTICOS DE LA COMARCA","datePublished":"2011-09-08T20:15:03+00:00","dateModified":"2011-09-08T20:15:03+00:00","mainEntityOfPage":{"@id":"https:\/\/www.celttv.com.ar\/index.php\/2011\/09\/08\/se-realizo-un-nuevo-encuentro-del-curso-para-guias-e-informantes-turisticos-de-la-comarca\/"},"wordCount":259,"publisher":{"@id":"https:\/\/www.celttv.com.ar\/#organization"},"articleSection":["Comunidad","Destacadas","Pol\u00edtica"],"inLanguage":"es"},{"@type":"WebPage","@id":"https:\/\/www.celttv.com.ar\/index.php\/2011\/09\/08\/se-realizo-un-nuevo-encuentro-del-curso-para-guias-e-informantes-turisticos-de-la-comarca\/","url":"https:\/\/www.celttv.com.ar\/index.php\/2011\/09\/08\/se-realizo-un-nuevo-encuentro-del-curso-para-guias-e-informantes-turisticos-de-la-comarca\/","name":"SE REALIZO UN NUEVO ENCUENTRO DEL CURSO PARA GUIAS E INFORMANTES TURISTICOS DE LA COMARCA - CELTTV","isPartOf":{"@id":"https:\/\/www.celttv.com.ar\/#website"},"datePublished":"2011-09-08T20:15:03+00:00","dateModified":"2011-09-08T20:15:03+00:00","description":"Sitio web de noticias de la localidad de Tornquist, provincia de Buenos Aires, Rep\u00fablica Argentina. Contenido propio originado por periodistas de CELTTV, el canal de TV local de la Cooperativa El\u00e9ctrica de Tornquist. Turismo, Pol\u00edtica, Sociedad, Deporte, Cultura y todo el contenido de inter\u00e9s general que la gente del pueblo y la regi\u00f3n debe conocer.","breadcrumb":{"@id":"https:\/\/www.celttv.com.ar\/index.php\/2011\/09\/08\/se-realizo-un-nuevo-encuentro-del-curso-para-guias-e-informantes-turisticos-de-la-comarca\/#breadcrumb"},"inLanguage":"es","potentialAction":[{"@type":"ReadAction","target":["https:\/\/www.celttv.com.ar\/index.php\/2011\/09\/08\/se-realizo-un-nuevo-encuentro-del-curso-para-guias-e-informantes-turisticos-de-la-comarca\/"]}]},{"@type":"BreadcrumbList","@id":"https:\/\/www.celttv.com.ar\/index.php\/2011\/09\/08\/se-realizo-un-nuevo-encuentro-del-curso-para-guias-e-informantes-turisticos-de-la-comarca\/#breadcrumb","itemListElement":[{"@type":"ListItem","position":1,"name":"Inicio","item":"https:\/\/www.celttv.com.ar\/"},{"@type":"ListItem","position":2,"name":"SE REALIZO UN NUEVO ENCUENTRO DEL CURSO PARA GUIAS E INFORMANTES TURISTICOS DE LA COMARCA"}]},{"@type":"WebSite","@id":"https:\/\/www.celttv.com.ar\/#website","url":"https:\/\/www.celttv.com.ar\/","name":"CELTTV","description":"Cooperativa El\u00e9ctrica de Tornquist","publisher":{"@id":"https:\/\/www.celttv.com.ar\/#organization"},"potentialAction":[{"@type":"SearchAction","target":{"@type":"EntryPoint","urlTemplate":"https:\/\/www.celttv.com.ar\/?s={search_term_string}"},"query-input":"required name=search_term_string"}],"inLanguage":"es"},{"@type":"Organization","@id":"https:\/\/www.celttv.com.ar\/#organization","name":"CELTTV","url":"https:\/\/www.celttv.com.ar\/","sameAs":["https:\/\/www.youtube.com\/channel\/UCz_oIt8Hig64Ub-EmcNPIhg","https:\/\/www.facebook.com\/celtTV\/"],"logo":{"@type":"ImageObject","inLanguage":"es","@id":"https:\/\/www.celttv.com.ar\/#\/schema\/logo\/image\/","url":"http:\/\/www.celttv.com.ar\/wp-content\/uploads\/2022\/08\/logo-1.png","contentUrl":"http:\/\/www.celttv.com.ar\/wp-content\/uploads\/2022\/08\/logo-1.png","width":461,"height":159,"caption":"CELTTV"},"image":{"@id":"https:\/\/www.celttv.com.ar\/#\/schema\/logo\/image\/"}},{"@type":"Person","@id":"https:\/\/www.celttv.com.ar\/#\/schema\/person\/6d99c072dba59953809c81446e9d0ace","name":"ulises","image":{"@type":"ImageObject","inLanguage":"es","@id":"https:\/\/www.celttv.com.ar\/#\/schema\/person\/image\/","url":"https:\/\/secure.gravatar.com\/avatar\/7f2c48bdc33b30088f941fb6082e555f2874c98e20cb159d7b92b50eadfce793?s=96&d=mm&r=g","contentUrl":"https:\/\/secure.gravatar.com\/avatar\/7f2c48bdc33b30088f941fb6082e555f2874c98e20cb159d7b92b50eadfce793?s=96&d=mm&r=g","caption":"ulises"},"sameAs":["http:\/\/www.celttv.com.ar"]}]}},"_links":{"self":[{"href":"https:\/\/www.celttv.com.ar\/index.php\/wp-json\/wp\/v2\/posts\/1474","targetHints":{"allow":["GET"]}}],"collection":[{"href":"https:\/\/www.celttv.com.ar\/index.php\/wp-json\/wp\/v2\/posts"}],"about":[{"href":"https:\/\/www.celttv.com.ar\/index.php\/wp-json\/wp\/v2\/types\/post"}],"author":[{"embeddable":true,"href":"https:\/\/www.celttv.com.ar\/index.php\/wp-json\/wp\/v2\/users\/1"}],"replies":[{"embeddable":true,"href":"https:\/\/www.celttv.com.ar\/index.php\/wp-json\/wp\/v2\/comments?post=1474"}],"version-history":[{"count":0,"href":"https:\/\/www.celttv.com.ar\/index.php\/wp-json\/wp\/v2\/posts\/1474\/revisions"}],"wp:attachment":[{"href":"https:\/\/www.celttv.com.ar\/index.php\/wp-json\/wp\/v2\/media?parent=1474"}],"wp:term":[{"taxonomy":"category","embeddable":true,"href":"https:\/\/www.celttv.com.ar\/index.php\/wp-json\/wp\/v2\/categories?post=1474"},{"taxonomy":"post_tag","embeddable":true,"href":"https:\/\/www.celttv.com.ar\/index.php\/wp-json\/wp\/v2\/tags?post=1474"}],"curies":[{"name":"wp","href":"https:\/\/api.w.org\/{rel}","templated":true}]}}