{"id":1508,"date":"2011-09-10T02:58:23","date_gmt":"2011-09-10T02:58:23","guid":{"rendered":"http:\/\/www.tvcnoticias.com.ar\/?p=1508"},"modified":"2011-09-10T02:58:23","modified_gmt":"2011-09-10T02:58:23","slug":"en-el-acto-del-dia-del-maestro-14-docentes-recibieron-reconocimiento-por-25-anos-de-servicio-3-videos-21-fotos","status":"publish","type":"post","link":"https:\/\/www.celttv.com.ar\/index.php\/2011\/09\/10\/en-el-acto-del-dia-del-maestro-14-docentes-recibieron-reconocimiento-por-25-anos-de-servicio-3-videos-21-fotos\/","title":{"rendered":"EN EL ACTO DEL DIA DEL MAESTRO 14 DOCENTES RECIBIERON RECONOCIMIENTO POR 25 A\u00d1OS DE SERVICIO (3 videos, 21 fotos)"},"content":{"rendered":"<p>Como todos los a\u00f1os, frente al busto que perpetua la memoria del gran maestro argentino, se desarroll\u00f3 el acto por el D\u00eda del Maestro en Tornquist, con la presencia de abanderados de distintos establecimientos educativos, autoridades municipales y de educaci\u00f3n y docentes de los distintos niveles de la ense\u00f1anza.<br \/>\nLa profesora Ver\u00f3nica Folco, Directora de la Escuela Primaria N\u00ba28, se refiri\u00f3 al mencionado acontecimiento. Seguidamente destac\u00f3 la labor docente la Inspectora Jefe Distrital Sra. Dina Balma y una alumna de la Escuela N\u00ba 1DFS. ley\u00f3 una poesia dedicada a Sarmiento.<br \/>\nEl Municipio de Tornquist\u00b4, en nombre de toda la comunidad, brind\u00f3 el merecido reconocimiento a las docentes que cumplieron 25 a\u00f1os al servicio de la educaci\u00f3n, haceindo entrega de una medalla, al tiempo que el Consejo Escolar hizo entrega de un presente a cada uno.<br \/>\nRecibieron la mencionada distinci\u00f3n: Mar\u00eda Alejandra Conte, Leticia Vazquez, Elba HUber ( lo recibi\u00f3 su hija Agostina Ferace), Adriana Mulvihill, Aurora Polac, Mar\u00eda Graciela Musso, Miriam Muzi, Gabriela Antivero, Patria Baptista, Paloma C\u00e1rdenas, Gustavo Bucle, Ana Claudia Dominguez, Sonia Marisa Casalini y M\u00f3nica Ivana Ruiz.<br \/>\nPresente del CEF. N\u00ba9<br \/>\nEl Centro de Educaci\u00f3n F\u00edsica N\u00ba 9 hizo entrega de un presente a su docente Paloma C\u00e1rdenas por haber cumplido 25 a\u00f1os al servicio de la educaci\u00f3n.<br \/>\nOfrenda Floral<br \/>\nAutoridades del Instituto de Formaci\u00f3n Docente depositaron una ofrenda floral al pie del busto a Sarmiento.<br \/>\n<a href=\"http:\/\/www.youtube.com\/watch?v=zbS2mL20BVk\">httpv:\/\/www.youtube.com\/watch?v=zbS2mL20BVk<\/a><br \/>\n<a href=\"http:\/\/www.youtube.com\/watch?v=LoqREixojWc\">httpv:\/\/www.youtube.com\/watch?v=LoqREixojWc<\/a><br \/>\n<a href=\"http:\/\/www.youtube.com\/watch?v=YhekXk_Ai_E\">httpv:\/\/www.youtube.com\/watch?v=YhekXk_Ai_E<\/a><br \/>\n<\/p>\n","protected":false},"excerpt":{"rendered":"<p>Como todos los a\u00f1os, frente al busto que perpetua la memoria del gran maestro argentino, se desarroll\u00f3 el acto por el D\u00eda del Maestro en Tornquist, con la presencia de abanderados de distintos establecimientos educativos, autoridades municipales y de educaci\u00f3n y docentes de los distintos niveles de la ense\u00f1anza. La profesora Ver\u00f3nica Folco, Directora de [&hellip;]<\/p>\n","protected":false},"author":1,"featured_media":0,"comment_status":"closed","ping_status":"open","sticky":false,"template":"","format":"standard","meta":{"footnotes":""},"categories":[51,52,64],"tags":[],"class_list":["post-1508","post","type-post","status-publish","format-standard","hentry","category-comunidad","category-destacadas","category-videos-destacados"],"yoast_head":"<!-- This site is optimized with the Yoast SEO plugin v19.7.1 - https:\/\/yoast.com\/wordpress\/plugins\/seo\/ -->\n<title>EN EL ACTO DEL DIA DEL MAESTRO 14 DOCENTES RECIBIERON RECONOCIMIENTO POR 25 A\u00d1OS DE SERVICIO (3 videos, 21 fotos) - CELTTV<\/title>\n<meta name=\"description\" content=\"Sitio web de noticias de la localidad de Tornquist, provincia de Buenos Aires, Rep\u00fablica Argentina. Contenido propio originado por periodistas de CELTTV, el canal de TV local de la Cooperativa El\u00e9ctrica de Tornquist. Turismo, Pol\u00edtica, Sociedad, Deporte, Cultura y todo el contenido de inter\u00e9s general que la gente del pueblo y la regi\u00f3n debe conocer.\" \/>\n<meta name=\"robots\" content=\"index, follow, max-snippet:-1, max-image-preview:large, max-video-preview:-1\" \/>\n<link rel=\"canonical\" href=\"https:\/\/www.celttv.com.ar\/index.php\/2011\/09\/10\/en-el-acto-del-dia-del-maestro-14-docentes-recibieron-reconocimiento-por-25-anos-de-servicio-3-videos-21-fotos\/\" \/>\n<meta property=\"og:locale\" content=\"es_ES\" \/>\n<meta property=\"og:type\" content=\"article\" \/>\n<meta property=\"og:title\" content=\"EN EL ACTO DEL DIA DEL MAESTRO 14 DOCENTES RECIBIERON RECONOCIMIENTO POR 25 A\u00d1OS DE SERVICIO (3 videos, 21 fotos) - CELTTV\" \/>\n<meta property=\"og:description\" content=\"Sitio web de noticias de la localidad de Tornquist, provincia de Buenos Aires, Rep\u00fablica Argentina. Contenido propio originado por periodistas de CELTTV, el canal de TV local de la Cooperativa El\u00e9ctrica de Tornquist. Turismo, Pol\u00edtica, Sociedad, Deporte, Cultura y todo el contenido de inter\u00e9s general que la gente del pueblo y la regi\u00f3n debe conocer.\" \/>\n<meta property=\"og:url\" content=\"https:\/\/www.celttv.com.ar\/index.php\/2011\/09\/10\/en-el-acto-del-dia-del-maestro-14-docentes-recibieron-reconocimiento-por-25-anos-de-servicio-3-videos-21-fotos\/\" \/>\n<meta property=\"og:site_name\" content=\"CELTTV\" \/>\n<meta property=\"article:publisher\" content=\"https:\/\/www.facebook.com\/celtTV\/\" \/>\n<meta property=\"article:published_time\" content=\"2011-09-10T02:58:23+00:00\" \/>\n<meta name=\"author\" content=\"ulises\" \/>\n<meta name=\"twitter:card\" content=\"summary_large_image\" \/>\n<meta name=\"twitter:label1\" content=\"Escrito por\" \/>\n\t<meta name=\"twitter:data1\" content=\"ulises\" \/>\n\t<meta name=\"twitter:label2\" content=\"Tiempo de lectura\" \/>\n\t<meta name=\"twitter:data2\" content=\"1 minuto\" \/>\n<script type=\"application\/ld+json\" class=\"yoast-schema-graph\">{\"@context\":\"https:\/\/schema.org\",\"@graph\":[{\"@type\":\"NewsArticle\",\"@id\":\"https:\/\/www.celttv.com.ar\/index.php\/2011\/09\/10\/en-el-acto-del-dia-del-maestro-14-docentes-recibieron-reconocimiento-por-25-anos-de-servicio-3-videos-21-fotos\/#article\",\"isPartOf\":{\"@id\":\"https:\/\/www.celttv.com.ar\/index.php\/2011\/09\/10\/en-el-acto-del-dia-del-maestro-14-docentes-recibieron-reconocimiento-por-25-anos-de-servicio-3-videos-21-fotos\/\"},\"author\":{\"name\":\"ulises\",\"@id\":\"https:\/\/www.celttv.com.ar\/#\/schema\/person\/6d99c072dba59953809c81446e9d0ace\"},\"headline\":\"EN EL ACTO DEL DIA DEL MAESTRO 14 DOCENTES RECIBIERON RECONOCIMIENTO POR 25 A\u00d1OS DE SERVICIO (3 videos, 21 fotos)\",\"datePublished\":\"2011-09-10T02:58:23+00:00\",\"dateModified\":\"2011-09-10T02:58:23+00:00\",\"mainEntityOfPage\":{\"@id\":\"https:\/\/www.celttv.com.ar\/index.php\/2011\/09\/10\/en-el-acto-del-dia-del-maestro-14-docentes-recibieron-reconocimiento-por-25-anos-de-servicio-3-videos-21-fotos\/\"},\"wordCount\":289,\"publisher\":{\"@id\":\"https:\/\/www.celttv.com.ar\/#organization\"},\"articleSection\":[\"Comunidad\",\"Destacadas\",\"Videos Destacados\"],\"inLanguage\":\"es\"},{\"@type\":\"WebPage\",\"@id\":\"https:\/\/www.celttv.com.ar\/index.php\/2011\/09\/10\/en-el-acto-del-dia-del-maestro-14-docentes-recibieron-reconocimiento-por-25-anos-de-servicio-3-videos-21-fotos\/\",\"url\":\"https:\/\/www.celttv.com.ar\/index.php\/2011\/09\/10\/en-el-acto-del-dia-del-maestro-14-docentes-recibieron-reconocimiento-por-25-anos-de-servicio-3-videos-21-fotos\/\",\"name\":\"EN EL ACTO DEL DIA DEL MAESTRO 14 DOCENTES RECIBIERON RECONOCIMIENTO POR 25 A\u00d1OS DE SERVICIO (3 videos, 21 fotos) - CELTTV\",\"isPartOf\":{\"@id\":\"https:\/\/www.celttv.com.ar\/#website\"},\"datePublished\":\"2011-09-10T02:58:23+00:00\",\"dateModified\":\"2011-09-10T02:58:23+00:00\",\"description\":\"Sitio web de noticias de la localidad de Tornquist, provincia de Buenos Aires, Rep\u00fablica Argentina. Contenido propio originado por periodistas de CELTTV, el canal de TV local de la Cooperativa El\u00e9ctrica de Tornquist. Turismo, Pol\u00edtica, Sociedad, Deporte, Cultura y todo el contenido de inter\u00e9s general que la gente del pueblo y la regi\u00f3n debe conocer.\",\"breadcrumb\":{\"@id\":\"https:\/\/www.celttv.com.ar\/index.php\/2011\/09\/10\/en-el-acto-del-dia-del-maestro-14-docentes-recibieron-reconocimiento-por-25-anos-de-servicio-3-videos-21-fotos\/#breadcrumb\"},\"inLanguage\":\"es\",\"potentialAction\":[{\"@type\":\"ReadAction\",\"target\":[\"https:\/\/www.celttv.com.ar\/index.php\/2011\/09\/10\/en-el-acto-del-dia-del-maestro-14-docentes-recibieron-reconocimiento-por-25-anos-de-servicio-3-videos-21-fotos\/\"]}]},{\"@type\":\"BreadcrumbList\",\"@id\":\"https:\/\/www.celttv.com.ar\/index.php\/2011\/09\/10\/en-el-acto-del-dia-del-maestro-14-docentes-recibieron-reconocimiento-por-25-anos-de-servicio-3-videos-21-fotos\/#breadcrumb\",\"itemListElement\":[{\"@type\":\"ListItem\",\"position\":1,\"name\":\"Inicio\",\"item\":\"https:\/\/www.celttv.com.ar\/\"},{\"@type\":\"ListItem\",\"position\":2,\"name\":\"EN EL ACTO DEL DIA DEL MAESTRO 14 DOCENTES RECIBIERON RECONOCIMIENTO POR 25 A\u00d1OS DE SERVICIO (3 videos, 21 fotos)\"}]},{\"@type\":\"WebSite\",\"@id\":\"https:\/\/www.celttv.com.ar\/#website\",\"url\":\"https:\/\/www.celttv.com.ar\/\",\"name\":\"CELTTV\",\"description\":\"Cooperativa El\u00e9ctrica de Tornquist\",\"publisher\":{\"@id\":\"https:\/\/www.celttv.com.ar\/#organization\"},\"potentialAction\":[{\"@type\":\"SearchAction\",\"target\":{\"@type\":\"EntryPoint\",\"urlTemplate\":\"https:\/\/www.celttv.com.ar\/?s={search_term_string}\"},\"query-input\":\"required name=search_term_string\"}],\"inLanguage\":\"es\"},{\"@type\":\"Organization\",\"@id\":\"https:\/\/www.celttv.com.ar\/#organization\",\"name\":\"CELTTV\",\"url\":\"https:\/\/www.celttv.com.ar\/\",\"sameAs\":[\"https:\/\/www.youtube.com\/channel\/UCz_oIt8Hig64Ub-EmcNPIhg\",\"https:\/\/www.facebook.com\/celtTV\/\"],\"logo\":{\"@type\":\"ImageObject\",\"inLanguage\":\"es\",\"@id\":\"https:\/\/www.celttv.com.ar\/#\/schema\/logo\/image\/\",\"url\":\"http:\/\/www.celttv.com.ar\/wp-content\/uploads\/2022\/08\/logo-1.png\",\"contentUrl\":\"http:\/\/www.celttv.com.ar\/wp-content\/uploads\/2022\/08\/logo-1.png\",\"width\":461,\"height\":159,\"caption\":\"CELTTV\"},\"image\":{\"@id\":\"https:\/\/www.celttv.com.ar\/#\/schema\/logo\/image\/\"}},{\"@type\":\"Person\",\"@id\":\"https:\/\/www.celttv.com.ar\/#\/schema\/person\/6d99c072dba59953809c81446e9d0ace\",\"name\":\"ulises\",\"image\":{\"@type\":\"ImageObject\",\"inLanguage\":\"es\",\"@id\":\"https:\/\/www.celttv.com.ar\/#\/schema\/person\/image\/\",\"url\":\"https:\/\/secure.gravatar.com\/avatar\/7f2c48bdc33b30088f941fb6082e555f2874c98e20cb159d7b92b50eadfce793?s=96&d=mm&r=g\",\"contentUrl\":\"https:\/\/secure.gravatar.com\/avatar\/7f2c48bdc33b30088f941fb6082e555f2874c98e20cb159d7b92b50eadfce793?s=96&d=mm&r=g\",\"caption\":\"ulises\"},\"sameAs\":[\"http:\/\/www.celttv.com.ar\"]}]}<\/script>\n<!-- \/ Yoast SEO plugin. -->","yoast_head_json":{"title":"EN EL ACTO DEL DIA DEL MAESTRO 14 DOCENTES RECIBIERON RECONOCIMIENTO POR 25 A\u00d1OS DE SERVICIO (3 videos, 21 fotos) - CELTTV","description":"Sitio web de noticias de la localidad de Tornquist, provincia de Buenos Aires, Rep\u00fablica Argentina. Contenido propio originado por periodistas de CELTTV, el canal de TV local de la Cooperativa El\u00e9ctrica de Tornquist. Turismo, Pol\u00edtica, Sociedad, Deporte, Cultura y todo el contenido de inter\u00e9s general que la gente del pueblo y la regi\u00f3n debe conocer.","robots":{"index":"index","follow":"follow","max-snippet":"max-snippet:-1","max-image-preview":"max-image-preview:large","max-video-preview":"max-video-preview:-1"},"canonical":"https:\/\/www.celttv.com.ar\/index.php\/2011\/09\/10\/en-el-acto-del-dia-del-maestro-14-docentes-recibieron-reconocimiento-por-25-anos-de-servicio-3-videos-21-fotos\/","og_locale":"es_ES","og_type":"article","og_title":"EN EL ACTO DEL DIA DEL MAESTRO 14 DOCENTES RECIBIERON RECONOCIMIENTO POR 25 A\u00d1OS DE SERVICIO (3 videos, 21 fotos) - CELTTV","og_description":"Sitio web de noticias de la localidad de Tornquist, provincia de Buenos Aires, Rep\u00fablica Argentina. Contenido propio originado por periodistas de CELTTV, el canal de TV local de la Cooperativa El\u00e9ctrica de Tornquist. Turismo, Pol\u00edtica, Sociedad, Deporte, Cultura y todo el contenido de inter\u00e9s general que la gente del pueblo y la regi\u00f3n debe conocer.","og_url":"https:\/\/www.celttv.com.ar\/index.php\/2011\/09\/10\/en-el-acto-del-dia-del-maestro-14-docentes-recibieron-reconocimiento-por-25-anos-de-servicio-3-videos-21-fotos\/","og_site_name":"CELTTV","article_publisher":"https:\/\/www.facebook.com\/celtTV\/","article_published_time":"2011-09-10T02:58:23+00:00","author":"ulises","twitter_card":"summary_large_image","twitter_misc":{"Escrito por":"ulises","Tiempo de lectura":"1 minuto"},"schema":{"@context":"https:\/\/schema.org","@graph":[{"@type":"NewsArticle","@id":"https:\/\/www.celttv.com.ar\/index.php\/2011\/09\/10\/en-el-acto-del-dia-del-maestro-14-docentes-recibieron-reconocimiento-por-25-anos-de-servicio-3-videos-21-fotos\/#article","isPartOf":{"@id":"https:\/\/www.celttv.com.ar\/index.php\/2011\/09\/10\/en-el-acto-del-dia-del-maestro-14-docentes-recibieron-reconocimiento-por-25-anos-de-servicio-3-videos-21-fotos\/"},"author":{"name":"ulises","@id":"https:\/\/www.celttv.com.ar\/#\/schema\/person\/6d99c072dba59953809c81446e9d0ace"},"headline":"EN EL ACTO DEL DIA DEL MAESTRO 14 DOCENTES RECIBIERON RECONOCIMIENTO POR 25 A\u00d1OS DE SERVICIO (3 videos, 21 fotos)","datePublished":"2011-09-10T02:58:23+00:00","dateModified":"2011-09-10T02:58:23+00:00","mainEntityOfPage":{"@id":"https:\/\/www.celttv.com.ar\/index.php\/2011\/09\/10\/en-el-acto-del-dia-del-maestro-14-docentes-recibieron-reconocimiento-por-25-anos-de-servicio-3-videos-21-fotos\/"},"wordCount":289,"publisher":{"@id":"https:\/\/www.celttv.com.ar\/#organization"},"articleSection":["Comunidad","Destacadas","Videos Destacados"],"inLanguage":"es"},{"@type":"WebPage","@id":"https:\/\/www.celttv.com.ar\/index.php\/2011\/09\/10\/en-el-acto-del-dia-del-maestro-14-docentes-recibieron-reconocimiento-por-25-anos-de-servicio-3-videos-21-fotos\/","url":"https:\/\/www.celttv.com.ar\/index.php\/2011\/09\/10\/en-el-acto-del-dia-del-maestro-14-docentes-recibieron-reconocimiento-por-25-anos-de-servicio-3-videos-21-fotos\/","name":"EN EL ACTO DEL DIA DEL MAESTRO 14 DOCENTES RECIBIERON RECONOCIMIENTO POR 25 A\u00d1OS DE SERVICIO (3 videos, 21 fotos) - CELTTV","isPartOf":{"@id":"https:\/\/www.celttv.com.ar\/#website"},"datePublished":"2011-09-10T02:58:23+00:00","dateModified":"2011-09-10T02:58:23+00:00","description":"Sitio web de noticias de la localidad de Tornquist, provincia de Buenos Aires, Rep\u00fablica Argentina. Contenido propio originado por periodistas de CELTTV, el canal de TV local de la Cooperativa El\u00e9ctrica de Tornquist. Turismo, Pol\u00edtica, Sociedad, Deporte, Cultura y todo el contenido de inter\u00e9s general que la gente del pueblo y la regi\u00f3n debe conocer.","breadcrumb":{"@id":"https:\/\/www.celttv.com.ar\/index.php\/2011\/09\/10\/en-el-acto-del-dia-del-maestro-14-docentes-recibieron-reconocimiento-por-25-anos-de-servicio-3-videos-21-fotos\/#breadcrumb"},"inLanguage":"es","potentialAction":[{"@type":"ReadAction","target":["https:\/\/www.celttv.com.ar\/index.php\/2011\/09\/10\/en-el-acto-del-dia-del-maestro-14-docentes-recibieron-reconocimiento-por-25-anos-de-servicio-3-videos-21-fotos\/"]}]},{"@type":"BreadcrumbList","@id":"https:\/\/www.celttv.com.ar\/index.php\/2011\/09\/10\/en-el-acto-del-dia-del-maestro-14-docentes-recibieron-reconocimiento-por-25-anos-de-servicio-3-videos-21-fotos\/#breadcrumb","itemListElement":[{"@type":"ListItem","position":1,"name":"Inicio","item":"https:\/\/www.celttv.com.ar\/"},{"@type":"ListItem","position":2,"name":"EN EL ACTO DEL DIA DEL MAESTRO 14 DOCENTES RECIBIERON RECONOCIMIENTO POR 25 A\u00d1OS DE SERVICIO (3 videos, 21 fotos)"}]},{"@type":"WebSite","@id":"https:\/\/www.celttv.com.ar\/#website","url":"https:\/\/www.celttv.com.ar\/","name":"CELTTV","description":"Cooperativa El\u00e9ctrica de Tornquist","publisher":{"@id":"https:\/\/www.celttv.com.ar\/#organization"},"potentialAction":[{"@type":"SearchAction","target":{"@type":"EntryPoint","urlTemplate":"https:\/\/www.celttv.com.ar\/?s={search_term_string}"},"query-input":"required name=search_term_string"}],"inLanguage":"es"},{"@type":"Organization","@id":"https:\/\/www.celttv.com.ar\/#organization","name":"CELTTV","url":"https:\/\/www.celttv.com.ar\/","sameAs":["https:\/\/www.youtube.com\/channel\/UCz_oIt8Hig64Ub-EmcNPIhg","https:\/\/www.facebook.com\/celtTV\/"],"logo":{"@type":"ImageObject","inLanguage":"es","@id":"https:\/\/www.celttv.com.ar\/#\/schema\/logo\/image\/","url":"http:\/\/www.celttv.com.ar\/wp-content\/uploads\/2022\/08\/logo-1.png","contentUrl":"http:\/\/www.celttv.com.ar\/wp-content\/uploads\/2022\/08\/logo-1.png","width":461,"height":159,"caption":"CELTTV"},"image":{"@id":"https:\/\/www.celttv.com.ar\/#\/schema\/logo\/image\/"}},{"@type":"Person","@id":"https:\/\/www.celttv.com.ar\/#\/schema\/person\/6d99c072dba59953809c81446e9d0ace","name":"ulises","image":{"@type":"ImageObject","inLanguage":"es","@id":"https:\/\/www.celttv.com.ar\/#\/schema\/person\/image\/","url":"https:\/\/secure.gravatar.com\/avatar\/7f2c48bdc33b30088f941fb6082e555f2874c98e20cb159d7b92b50eadfce793?s=96&d=mm&r=g","contentUrl":"https:\/\/secure.gravatar.com\/avatar\/7f2c48bdc33b30088f941fb6082e555f2874c98e20cb159d7b92b50eadfce793?s=96&d=mm&r=g","caption":"ulises"},"sameAs":["http:\/\/www.celttv.com.ar"]}]}},"_links":{"self":[{"href":"https:\/\/www.celttv.com.ar\/index.php\/wp-json\/wp\/v2\/posts\/1508","targetHints":{"allow":["GET"]}}],"collection":[{"href":"https:\/\/www.celttv.com.ar\/index.php\/wp-json\/wp\/v2\/posts"}],"about":[{"href":"https:\/\/www.celttv.com.ar\/index.php\/wp-json\/wp\/v2\/types\/post"}],"author":[{"embeddable":true,"href":"https:\/\/www.celttv.com.ar\/index.php\/wp-json\/wp\/v2\/users\/1"}],"replies":[{"embeddable":true,"href":"https:\/\/www.celttv.com.ar\/index.php\/wp-json\/wp\/v2\/comments?post=1508"}],"version-history":[{"count":0,"href":"https:\/\/www.celttv.com.ar\/index.php\/wp-json\/wp\/v2\/posts\/1508\/revisions"}],"wp:attachment":[{"href":"https:\/\/www.celttv.com.ar\/index.php\/wp-json\/wp\/v2\/media?parent=1508"}],"wp:term":[{"taxonomy":"category","embeddable":true,"href":"https:\/\/www.celttv.com.ar\/index.php\/wp-json\/wp\/v2\/categories?post=1508"},{"taxonomy":"post_tag","embeddable":true,"href":"https:\/\/www.celttv.com.ar\/index.php\/wp-json\/wp\/v2\/tags?post=1508"}],"curies":[{"name":"wp","href":"https:\/\/api.w.org\/{rel}","templated":true}]}}