{"id":15316,"date":"2013-10-29T22:45:00","date_gmt":"2013-10-29T22:45:00","guid":{"rendered":"http:\/\/www.tvcnoticias.com.ar\/?p=15316"},"modified":"2013-10-29T22:45:00","modified_gmt":"2013-10-29T22:45:00","slug":"ciclos-escribe-sobre-la-ley-de-medios-nahum-mirad-coordinador-de-la-usina-de-medios","status":"publish","type":"post","link":"https:\/\/www.celttv.com.ar\/index.php\/2013\/10\/29\/ciclos-escribe-sobre-la-ley-de-medios-nahum-mirad-coordinador-de-la-usina-de-medios\/","title":{"rendered":"&#8220;CICLOS&#8221; Escribe sobre la Ley de Medios Nahum Mirad, Coordinador de la Usina de Medios"},"content":{"rendered":"<p>&nbsp;<br \/>\nPara la econom\u00eda solidaria (cooperativas, mutuales y organizaciones sin fines de lucro), el fallo definitivo de la Corte Suprema de Justicia (CSJN) sobre la llamada Ley de Medios es un paso muy importante en cuanto a la posibilidad de participar en pleno de la vida democr\u00e1tica de la Argentina.  Coincidentemente con el aniversario de los 30 a\u00f1os de democracia, se termin\u00f3 de convalidar una ley que habilita a todo el pueblo al derecho a la comunicaci\u00f3n, m\u00e1s all\u00e1 del eventual negocio que de la actividad pueda derivarse. Es esa y no otra la trascendencia hist\u00f3rica del fallo: la Doctrina de Seguridad Nacional y el neoliberalismo dejan de ser la matriz desde donde se reglamentaba la administraci\u00f3n de un bien esencial como es la comunicaci\u00f3n.<br \/>\n&nbsp;<br \/>\nTras m\u00e1s de veinte a\u00f1os de lucha y trabajo por parte de numerosas organizaciones y varias decenas de proyectos de ley coartados, el 1 de marzo de 2009 la presidenta Cristina Fern\u00e1ndez de Kirchner anunci\u00f3 ante la Asamblea Legislativa el env\u00edo al Congreso de un proyecto para sustituir la Ley 22.285 de Radiodifusi\u00f3n creada por la dictadura militar en 1980. El 10 de octubre de ese a\u00f1o, tras numerosos foros y mucha participaci\u00f3n ciudadana, fue sancionada la Ley 26.522 de Servicios de Comunicaci\u00f3n Audiovisual.<br \/>\n&nbsp;<br \/>\nCuatro a\u00f1os pasaron desde la aprobaci\u00f3n por amplia mayor\u00eda en el Congreso de la normativa y este fallo de la CSJN. El Grupo Clar\u00edn acudi\u00f3 a numerosas instancias judiciales, hasta que un fallo de C\u00e1mara observando cuatro art\u00edculos, coloc\u00f3 la pelota en manos del Alto Tribunal. Durante el 28 y 29 de agosto 2013 la Corte  Suprema de Justicia realiz\u00f3 una audiencia p\u00fablica en la que escuch\u00f3 los argumentos de las partes. Las posturas eran claras. Mientras el Estado y sus amicus curiae (entre ellos el cooperativismo y mutualismo argentinos representados por Cooperar) argumentaban que la comunicaci\u00f3n era un bien esencial, el Grupo Clar\u00edn repiti\u00f3 que sin \u201cnegocio\u201d no hab\u00eda derecho a la comunicaci\u00f3n. Dos meses despu\u00e9s de la audiencia, la CSJN declar\u00f3 \u00edntegramente constitucional la ley.<br \/>\n&nbsp;<br \/>\nLo resuelto por la Corte no puede separarse de una visi\u00f3n sobre el rol de las corporaciones en aspectos centrales para la vida de todos los ciudadanos. La \u201ccomunicaci\u00f3n\u201d no un es un bien m\u00e1s, se trata de un bien p\u00fablico que afecta nuestra misma constituci\u00f3n social, nuestra posibilidad de ciudadan\u00eda y hace posible, a su vez, la integralidad del ejercicio de diversos derechos humanos, entre ellos el de la cultura, el conocimiento, trabajo, la salud, entre otros. La ley de medios precisamente implica reconocer el car\u00e1cter de Derecho Humano de la comunicaci\u00f3n y pone l\u00edmites a la actividad comercial, permitiendo otras l\u00f3gicas. Pero no s\u00f3lo eso, tambi\u00e9n garantiza espacios claros para la actividad comercial, infranqueables para el Estado y para el sector no comercial. La comunicaci\u00f3n es demasiado importante en nuestras vidas como para que s\u00f3lo los grandes grupos econ\u00f3micos puedan desarrollarla.<br \/>\n&nbsp;<br \/>\nEl fallo de la C\u00e1mara -que fue sobre el que la  Corte Suprema dictamin\u00f3- precisamente argumentaba que sin escala econ\u00f3mica no se pod\u00eda desarrollar la actividad audiovisual y, por tanto, el ejercicio al derecho comunicacional no estaba garantizado por fuera del paradigma de la rentabilidad de la escala.<br \/>\n&nbsp;<br \/>\nLa econom\u00eda solidaria argentina y las cientos de pymes de todo el pa\u00eds, con su capacidad de desarrollar en peque\u00f1as unidades locales, presta servicios de comunicaci\u00f3n de la m\u00e1s alta calidad, con la gesti\u00f3n de sus propios usuarios, vecinos, audiencias, son el contraejemplo a la pretensi\u00f3n del Grupo Clar\u00edn.<br \/>\n&nbsp;<br \/>\nEste fallo cierra un ciclo de marginaci\u00f3n de la econom\u00eda solidaria y abre un desaf\u00edo donde la comunidad consolidar\u00e1 el camino de democratizaci\u00f3n de la palabra y la pluralidad de voces en la Argentina.<br \/>\n&nbsp;<br \/>\n* Coordinador Usina de Medios \u2013 Cooperar\/CNCT<br \/>\n&nbsp;<\/p>\n","protected":false},"excerpt":{"rendered":"<p>&nbsp; Para la econom\u00eda solidaria (cooperativas, mutuales y organizaciones sin fines de lucro), el fallo definitivo de la Corte Suprema de Justicia (CSJN) sobre la llamada Ley de Medios es un paso muy importante en cuanto a la posibilidad de participar en pleno de la vida democr\u00e1tica de la Argentina. Coincidentemente con el aniversario de [&hellip;]<\/p>\n","protected":false},"author":1,"featured_media":0,"comment_status":"closed","ping_status":"open","sticky":false,"template":"","format":"standard","meta":{"footnotes":""},"categories":[51,52,53],"tags":[],"class_list":["post-15316","post","type-post","status-publish","format-standard","hentry","category-comunidad","category-destacadas","category-politica"],"yoast_head":"<!-- This site is optimized with the Yoast SEO plugin v19.7.1 - https:\/\/yoast.com\/wordpress\/plugins\/seo\/ -->\n<title>&quot;CICLOS&quot; Escribe sobre la Ley de Medios Nahum Mirad, Coordinador de la Usina de Medios - CELTTV<\/title>\n<meta name=\"description\" content=\"Sitio web de noticias de la localidad de Tornquist, provincia de Buenos Aires, Rep\u00fablica Argentina. Contenido propio originado por periodistas de CELTTV, el canal de TV local de la Cooperativa El\u00e9ctrica de Tornquist. Turismo, Pol\u00edtica, Sociedad, Deporte, Cultura y todo el contenido de inter\u00e9s general que la gente del pueblo y la regi\u00f3n debe conocer.\" \/>\n<meta name=\"robots\" content=\"index, follow, max-snippet:-1, max-image-preview:large, max-video-preview:-1\" \/>\n<link rel=\"canonical\" href=\"https:\/\/www.celttv.com.ar\/index.php\/2013\/10\/29\/ciclos-escribe-sobre-la-ley-de-medios-nahum-mirad-coordinador-de-la-usina-de-medios\/\" \/>\n<meta property=\"og:locale\" content=\"es_ES\" \/>\n<meta property=\"og:type\" content=\"article\" \/>\n<meta property=\"og:title\" content=\"&quot;CICLOS&quot; Escribe sobre la Ley de Medios Nahum Mirad, Coordinador de la Usina de Medios - CELTTV\" \/>\n<meta property=\"og:description\" content=\"Sitio web de noticias de la localidad de Tornquist, provincia de Buenos Aires, Rep\u00fablica Argentina. Contenido propio originado por periodistas de CELTTV, el canal de TV local de la Cooperativa El\u00e9ctrica de Tornquist. Turismo, Pol\u00edtica, Sociedad, Deporte, Cultura y todo el contenido de inter\u00e9s general que la gente del pueblo y la regi\u00f3n debe conocer.\" \/>\n<meta property=\"og:url\" content=\"https:\/\/www.celttv.com.ar\/index.php\/2013\/10\/29\/ciclos-escribe-sobre-la-ley-de-medios-nahum-mirad-coordinador-de-la-usina-de-medios\/\" \/>\n<meta property=\"og:site_name\" content=\"CELTTV\" \/>\n<meta property=\"article:publisher\" content=\"https:\/\/www.facebook.com\/celtTV\/\" \/>\n<meta property=\"article:published_time\" content=\"2013-10-29T22:45:00+00:00\" \/>\n<meta name=\"author\" content=\"ulises\" \/>\n<meta name=\"twitter:card\" content=\"summary_large_image\" \/>\n<meta name=\"twitter:label1\" content=\"Escrito por\" \/>\n\t<meta name=\"twitter:data1\" content=\"ulises\" \/>\n\t<meta name=\"twitter:label2\" content=\"Tiempo de lectura\" \/>\n\t<meta name=\"twitter:data2\" content=\"3 minutos\" \/>\n<script type=\"application\/ld+json\" class=\"yoast-schema-graph\">{\"@context\":\"https:\/\/schema.org\",\"@graph\":[{\"@type\":\"NewsArticle\",\"@id\":\"https:\/\/www.celttv.com.ar\/index.php\/2013\/10\/29\/ciclos-escribe-sobre-la-ley-de-medios-nahum-mirad-coordinador-de-la-usina-de-medios\/#article\",\"isPartOf\":{\"@id\":\"https:\/\/www.celttv.com.ar\/index.php\/2013\/10\/29\/ciclos-escribe-sobre-la-ley-de-medios-nahum-mirad-coordinador-de-la-usina-de-medios\/\"},\"author\":{\"name\":\"ulises\",\"@id\":\"https:\/\/www.celttv.com.ar\/#\/schema\/person\/6d99c072dba59953809c81446e9d0ace\"},\"headline\":\"&#8220;CICLOS&#8221; Escribe sobre la Ley de Medios Nahum Mirad, Coordinador de la Usina de Medios\",\"datePublished\":\"2013-10-29T22:45:00+00:00\",\"dateModified\":\"2013-10-29T22:45:00+00:00\",\"mainEntityOfPage\":{\"@id\":\"https:\/\/www.celttv.com.ar\/index.php\/2013\/10\/29\/ciclos-escribe-sobre-la-ley-de-medios-nahum-mirad-coordinador-de-la-usina-de-medios\/\"},\"wordCount\":688,\"publisher\":{\"@id\":\"https:\/\/www.celttv.com.ar\/#organization\"},\"articleSection\":[\"Comunidad\",\"Destacadas\",\"Pol\u00edtica\"],\"inLanguage\":\"es\"},{\"@type\":\"WebPage\",\"@id\":\"https:\/\/www.celttv.com.ar\/index.php\/2013\/10\/29\/ciclos-escribe-sobre-la-ley-de-medios-nahum-mirad-coordinador-de-la-usina-de-medios\/\",\"url\":\"https:\/\/www.celttv.com.ar\/index.php\/2013\/10\/29\/ciclos-escribe-sobre-la-ley-de-medios-nahum-mirad-coordinador-de-la-usina-de-medios\/\",\"name\":\"\\\"CICLOS\\\" Escribe sobre la Ley de Medios Nahum Mirad, Coordinador de la Usina de Medios - CELTTV\",\"isPartOf\":{\"@id\":\"https:\/\/www.celttv.com.ar\/#website\"},\"datePublished\":\"2013-10-29T22:45:00+00:00\",\"dateModified\":\"2013-10-29T22:45:00+00:00\",\"description\":\"Sitio web de noticias de la localidad de Tornquist, provincia de Buenos Aires, Rep\u00fablica Argentina. Contenido propio originado por periodistas de CELTTV, el canal de TV local de la Cooperativa El\u00e9ctrica de Tornquist. Turismo, Pol\u00edtica, Sociedad, Deporte, Cultura y todo el contenido de inter\u00e9s general que la gente del pueblo y la regi\u00f3n debe conocer.\",\"breadcrumb\":{\"@id\":\"https:\/\/www.celttv.com.ar\/index.php\/2013\/10\/29\/ciclos-escribe-sobre-la-ley-de-medios-nahum-mirad-coordinador-de-la-usina-de-medios\/#breadcrumb\"},\"inLanguage\":\"es\",\"potentialAction\":[{\"@type\":\"ReadAction\",\"target\":[\"https:\/\/www.celttv.com.ar\/index.php\/2013\/10\/29\/ciclos-escribe-sobre-la-ley-de-medios-nahum-mirad-coordinador-de-la-usina-de-medios\/\"]}]},{\"@type\":\"BreadcrumbList\",\"@id\":\"https:\/\/www.celttv.com.ar\/index.php\/2013\/10\/29\/ciclos-escribe-sobre-la-ley-de-medios-nahum-mirad-coordinador-de-la-usina-de-medios\/#breadcrumb\",\"itemListElement\":[{\"@type\":\"ListItem\",\"position\":1,\"name\":\"Inicio\",\"item\":\"https:\/\/www.celttv.com.ar\/\"},{\"@type\":\"ListItem\",\"position\":2,\"name\":\"&#8220;CICLOS&#8221; Escribe sobre la Ley de Medios Nahum Mirad, Coordinador de la Usina de Medios\"}]},{\"@type\":\"WebSite\",\"@id\":\"https:\/\/www.celttv.com.ar\/#website\",\"url\":\"https:\/\/www.celttv.com.ar\/\",\"name\":\"CELTTV\",\"description\":\"Cooperativa El\u00e9ctrica de Tornquist\",\"publisher\":{\"@id\":\"https:\/\/www.celttv.com.ar\/#organization\"},\"potentialAction\":[{\"@type\":\"SearchAction\",\"target\":{\"@type\":\"EntryPoint\",\"urlTemplate\":\"https:\/\/www.celttv.com.ar\/?s={search_term_string}\"},\"query-input\":\"required name=search_term_string\"}],\"inLanguage\":\"es\"},{\"@type\":\"Organization\",\"@id\":\"https:\/\/www.celttv.com.ar\/#organization\",\"name\":\"CELTTV\",\"url\":\"https:\/\/www.celttv.com.ar\/\",\"sameAs\":[\"https:\/\/www.youtube.com\/channel\/UCz_oIt8Hig64Ub-EmcNPIhg\",\"https:\/\/www.facebook.com\/celtTV\/\"],\"logo\":{\"@type\":\"ImageObject\",\"inLanguage\":\"es\",\"@id\":\"https:\/\/www.celttv.com.ar\/#\/schema\/logo\/image\/\",\"url\":\"http:\/\/www.celttv.com.ar\/wp-content\/uploads\/2022\/08\/logo-1.png\",\"contentUrl\":\"http:\/\/www.celttv.com.ar\/wp-content\/uploads\/2022\/08\/logo-1.png\",\"width\":461,\"height\":159,\"caption\":\"CELTTV\"},\"image\":{\"@id\":\"https:\/\/www.celttv.com.ar\/#\/schema\/logo\/image\/\"}},{\"@type\":\"Person\",\"@id\":\"https:\/\/www.celttv.com.ar\/#\/schema\/person\/6d99c072dba59953809c81446e9d0ace\",\"name\":\"ulises\",\"image\":{\"@type\":\"ImageObject\",\"inLanguage\":\"es\",\"@id\":\"https:\/\/www.celttv.com.ar\/#\/schema\/person\/image\/\",\"url\":\"https:\/\/secure.gravatar.com\/avatar\/7f2c48bdc33b30088f941fb6082e555f2874c98e20cb159d7b92b50eadfce793?s=96&d=mm&r=g\",\"contentUrl\":\"https:\/\/secure.gravatar.com\/avatar\/7f2c48bdc33b30088f941fb6082e555f2874c98e20cb159d7b92b50eadfce793?s=96&d=mm&r=g\",\"caption\":\"ulises\"},\"sameAs\":[\"http:\/\/www.celttv.com.ar\"]}]}<\/script>\n<!-- \/ Yoast SEO plugin. -->","yoast_head_json":{"title":"\"CICLOS\" Escribe sobre la Ley de Medios Nahum Mirad, Coordinador de la Usina de Medios - CELTTV","description":"Sitio web de noticias de la localidad de Tornquist, provincia de Buenos Aires, Rep\u00fablica Argentina. Contenido propio originado por periodistas de CELTTV, el canal de TV local de la Cooperativa El\u00e9ctrica de Tornquist. Turismo, Pol\u00edtica, Sociedad, Deporte, Cultura y todo el contenido de inter\u00e9s general que la gente del pueblo y la regi\u00f3n debe conocer.","robots":{"index":"index","follow":"follow","max-snippet":"max-snippet:-1","max-image-preview":"max-image-preview:large","max-video-preview":"max-video-preview:-1"},"canonical":"https:\/\/www.celttv.com.ar\/index.php\/2013\/10\/29\/ciclos-escribe-sobre-la-ley-de-medios-nahum-mirad-coordinador-de-la-usina-de-medios\/","og_locale":"es_ES","og_type":"article","og_title":"\"CICLOS\" Escribe sobre la Ley de Medios Nahum Mirad, Coordinador de la Usina de Medios - CELTTV","og_description":"Sitio web de noticias de la localidad de Tornquist, provincia de Buenos Aires, Rep\u00fablica Argentina. Contenido propio originado por periodistas de CELTTV, el canal de TV local de la Cooperativa El\u00e9ctrica de Tornquist. Turismo, Pol\u00edtica, Sociedad, Deporte, Cultura y todo el contenido de inter\u00e9s general que la gente del pueblo y la regi\u00f3n debe conocer.","og_url":"https:\/\/www.celttv.com.ar\/index.php\/2013\/10\/29\/ciclos-escribe-sobre-la-ley-de-medios-nahum-mirad-coordinador-de-la-usina-de-medios\/","og_site_name":"CELTTV","article_publisher":"https:\/\/www.facebook.com\/celtTV\/","article_published_time":"2013-10-29T22:45:00+00:00","author":"ulises","twitter_card":"summary_large_image","twitter_misc":{"Escrito por":"ulises","Tiempo de lectura":"3 minutos"},"schema":{"@context":"https:\/\/schema.org","@graph":[{"@type":"NewsArticle","@id":"https:\/\/www.celttv.com.ar\/index.php\/2013\/10\/29\/ciclos-escribe-sobre-la-ley-de-medios-nahum-mirad-coordinador-de-la-usina-de-medios\/#article","isPartOf":{"@id":"https:\/\/www.celttv.com.ar\/index.php\/2013\/10\/29\/ciclos-escribe-sobre-la-ley-de-medios-nahum-mirad-coordinador-de-la-usina-de-medios\/"},"author":{"name":"ulises","@id":"https:\/\/www.celttv.com.ar\/#\/schema\/person\/6d99c072dba59953809c81446e9d0ace"},"headline":"&#8220;CICLOS&#8221; Escribe sobre la Ley de Medios Nahum Mirad, Coordinador de la Usina de Medios","datePublished":"2013-10-29T22:45:00+00:00","dateModified":"2013-10-29T22:45:00+00:00","mainEntityOfPage":{"@id":"https:\/\/www.celttv.com.ar\/index.php\/2013\/10\/29\/ciclos-escribe-sobre-la-ley-de-medios-nahum-mirad-coordinador-de-la-usina-de-medios\/"},"wordCount":688,"publisher":{"@id":"https:\/\/www.celttv.com.ar\/#organization"},"articleSection":["Comunidad","Destacadas","Pol\u00edtica"],"inLanguage":"es"},{"@type":"WebPage","@id":"https:\/\/www.celttv.com.ar\/index.php\/2013\/10\/29\/ciclos-escribe-sobre-la-ley-de-medios-nahum-mirad-coordinador-de-la-usina-de-medios\/","url":"https:\/\/www.celttv.com.ar\/index.php\/2013\/10\/29\/ciclos-escribe-sobre-la-ley-de-medios-nahum-mirad-coordinador-de-la-usina-de-medios\/","name":"\"CICLOS\" Escribe sobre la Ley de Medios Nahum Mirad, Coordinador de la Usina de Medios - CELTTV","isPartOf":{"@id":"https:\/\/www.celttv.com.ar\/#website"},"datePublished":"2013-10-29T22:45:00+00:00","dateModified":"2013-10-29T22:45:00+00:00","description":"Sitio web de noticias de la localidad de Tornquist, provincia de Buenos Aires, Rep\u00fablica Argentina. Contenido propio originado por periodistas de CELTTV, el canal de TV local de la Cooperativa El\u00e9ctrica de Tornquist. Turismo, Pol\u00edtica, Sociedad, Deporte, Cultura y todo el contenido de inter\u00e9s general que la gente del pueblo y la regi\u00f3n debe conocer.","breadcrumb":{"@id":"https:\/\/www.celttv.com.ar\/index.php\/2013\/10\/29\/ciclos-escribe-sobre-la-ley-de-medios-nahum-mirad-coordinador-de-la-usina-de-medios\/#breadcrumb"},"inLanguage":"es","potentialAction":[{"@type":"ReadAction","target":["https:\/\/www.celttv.com.ar\/index.php\/2013\/10\/29\/ciclos-escribe-sobre-la-ley-de-medios-nahum-mirad-coordinador-de-la-usina-de-medios\/"]}]},{"@type":"BreadcrumbList","@id":"https:\/\/www.celttv.com.ar\/index.php\/2013\/10\/29\/ciclos-escribe-sobre-la-ley-de-medios-nahum-mirad-coordinador-de-la-usina-de-medios\/#breadcrumb","itemListElement":[{"@type":"ListItem","position":1,"name":"Inicio","item":"https:\/\/www.celttv.com.ar\/"},{"@type":"ListItem","position":2,"name":"&#8220;CICLOS&#8221; Escribe sobre la Ley de Medios Nahum Mirad, Coordinador de la Usina de Medios"}]},{"@type":"WebSite","@id":"https:\/\/www.celttv.com.ar\/#website","url":"https:\/\/www.celttv.com.ar\/","name":"CELTTV","description":"Cooperativa El\u00e9ctrica de Tornquist","publisher":{"@id":"https:\/\/www.celttv.com.ar\/#organization"},"potentialAction":[{"@type":"SearchAction","target":{"@type":"EntryPoint","urlTemplate":"https:\/\/www.celttv.com.ar\/?s={search_term_string}"},"query-input":"required name=search_term_string"}],"inLanguage":"es"},{"@type":"Organization","@id":"https:\/\/www.celttv.com.ar\/#organization","name":"CELTTV","url":"https:\/\/www.celttv.com.ar\/","sameAs":["https:\/\/www.youtube.com\/channel\/UCz_oIt8Hig64Ub-EmcNPIhg","https:\/\/www.facebook.com\/celtTV\/"],"logo":{"@type":"ImageObject","inLanguage":"es","@id":"https:\/\/www.celttv.com.ar\/#\/schema\/logo\/image\/","url":"http:\/\/www.celttv.com.ar\/wp-content\/uploads\/2022\/08\/logo-1.png","contentUrl":"http:\/\/www.celttv.com.ar\/wp-content\/uploads\/2022\/08\/logo-1.png","width":461,"height":159,"caption":"CELTTV"},"image":{"@id":"https:\/\/www.celttv.com.ar\/#\/schema\/logo\/image\/"}},{"@type":"Person","@id":"https:\/\/www.celttv.com.ar\/#\/schema\/person\/6d99c072dba59953809c81446e9d0ace","name":"ulises","image":{"@type":"ImageObject","inLanguage":"es","@id":"https:\/\/www.celttv.com.ar\/#\/schema\/person\/image\/","url":"https:\/\/secure.gravatar.com\/avatar\/7f2c48bdc33b30088f941fb6082e555f2874c98e20cb159d7b92b50eadfce793?s=96&d=mm&r=g","contentUrl":"https:\/\/secure.gravatar.com\/avatar\/7f2c48bdc33b30088f941fb6082e555f2874c98e20cb159d7b92b50eadfce793?s=96&d=mm&r=g","caption":"ulises"},"sameAs":["http:\/\/www.celttv.com.ar"]}]}},"_links":{"self":[{"href":"https:\/\/www.celttv.com.ar\/index.php\/wp-json\/wp\/v2\/posts\/15316","targetHints":{"allow":["GET"]}}],"collection":[{"href":"https:\/\/www.celttv.com.ar\/index.php\/wp-json\/wp\/v2\/posts"}],"about":[{"href":"https:\/\/www.celttv.com.ar\/index.php\/wp-json\/wp\/v2\/types\/post"}],"author":[{"embeddable":true,"href":"https:\/\/www.celttv.com.ar\/index.php\/wp-json\/wp\/v2\/users\/1"}],"replies":[{"embeddable":true,"href":"https:\/\/www.celttv.com.ar\/index.php\/wp-json\/wp\/v2\/comments?post=15316"}],"version-history":[{"count":0,"href":"https:\/\/www.celttv.com.ar\/index.php\/wp-json\/wp\/v2\/posts\/15316\/revisions"}],"wp:attachment":[{"href":"https:\/\/www.celttv.com.ar\/index.php\/wp-json\/wp\/v2\/media?parent=15316"}],"wp:term":[{"taxonomy":"category","embeddable":true,"href":"https:\/\/www.celttv.com.ar\/index.php\/wp-json\/wp\/v2\/categories?post=15316"},{"taxonomy":"post_tag","embeddable":true,"href":"https:\/\/www.celttv.com.ar\/index.php\/wp-json\/wp\/v2\/tags?post=15316"}],"curies":[{"name":"wp","href":"https:\/\/api.w.org\/{rel}","templated":true}]}}