{"id":15320,"date":"2013-10-29T23:39:06","date_gmt":"2013-10-29T23:39:06","guid":{"rendered":"http:\/\/www.tvcnoticias.com.ar\/?p=15320"},"modified":"2013-10-29T23:39:06","modified_gmt":"2013-10-29T23:39:06","slug":"ley-de-medios-cooperativas-y-pymes-celebran-el-fallo-de-la-corte","status":"publish","type":"post","link":"https:\/\/www.celttv.com.ar\/index.php\/2013\/10\/29\/ley-de-medios-cooperativas-y-pymes-celebran-el-fallo-de-la-corte\/","title":{"rendered":"LEY DE MEDIOS: COOPERATIVAS Y PYMES CELEBRAN EL FALLO DE LA CORTE"},"content":{"rendered":"<table border=\"0\" width=\"540\" align=\"center\">\n<tbody>\n<tr>\n<td width=\"540\"><\/td>\n<td rowspan=\"4\" width=\"-2\"><\/td>\n<\/tr>\n<tr>\n<td>La Confederaci\u00f3n Cooperativa de la Rep\u00fablica Argentina (Cooperar) se\u00f1al\u00f3 que es &#8220;un paso fundamental para la consolidaci\u00f3n de la democracia, a 30 a\u00f1os de su recuperaci\u00f3n&#8221;. Junto con las pymes, mutuales y otras organizaciones sin fines de lucro, suman unas mil empresas que brindan telecomunicaciones en todo el pa\u00eds. Convocan esta tarde a una conferencia de prensa.<br \/>\n<strong>(Ansol).- <\/strong>&#8220;La Ley de Servicios de Comunicaci\u00f3n Audiovisual, sancionada hace casi 50 meses, nos permite a las organizaciones de la comunidad, sin fines de lucro, producir y distribuir informaci\u00f3n de calidad y competir en igualdad de condiciones con los grupos comerciales concentrados&#8221;, subray\u00f3 Cooperar en un comunicado.<br \/>\nFue despu\u00e9s de que se conociera, este mediod\u00eda, el fallo de la Corte Suprema de Justicia que declar\u00f3 constitucional los art\u00edculos de la Ley 26.522 que hab\u00edan sido impugnados por el Grupo Clar\u00edn, \u00fanico en no aceptar la adecuaci\u00f3n a la norma aprobada por la mayor\u00eda del Congreso el 10 de octubre de 2009.<br \/>\n&#8220;Desde la sanci\u00f3n de la Ley de Servicios de Comunicaci\u00f3n Audiovisual, emisoras radiof\u00f3nicas y se\u00f1ales de televisi\u00f3n pudieron empezar a hacerlo con el permiso legal que arbitrariamente les prohib\u00eda el anterior marco normativo, sancionado durante la Dictadura c\u00edvico-militar y profundizado en los a\u00f1os noventa&#8221;, expres\u00f3 la Confederaci\u00f3n, que estuvo representada en la audiencia convocada por la Corte el 28 de agosto a trav\u00e9s del abogado constitucionalista Miguel Julio Rodr\u00edguez Villafa\u00f1e.<br \/>\nEn esa instancia, en calidad de\u00a0<a href=\"http:\/\/webmail.celt.com.ar\/horde\/services\/go.php?url=http%3A%2F%2Fcooperar.coop%2Fsites%2Fdefault%2Ffiles%2Fdocumentos%2Famicus-curiae-de-dr-miguel-julio-rodriguez-villafane.pdf\"><em>amicus curiae<\/em><\/a> del Tribunal por parte del Estado, el jurista afirm\u00f3: &#8220;Las organizaciones de la econom\u00eda solidaria eran y son consientes que ejercer y garantizar la libertad de expresi\u00f3n, en todas sus vertientes, est\u00e1 en la esencia del pensamiento solidario, con un criterio plural y b\u00e1sico para la construcci\u00f3n de una sociedad democr\u00e1tica&#8221;.<br \/>\nCooperar, presentada como instituci\u00f3n cincuentenaria y federalmente representativa del cooperativismo argentino, consider\u00f3 que la constitucionalidad de la Ley &#8220;permite asentar junto al resto de la sociedad el compromiso por una comunicaci\u00f3n democr\u00e1tica, sin monopolios, incluyente de todos los argentinos&#8221;.<br \/>\nSus asociadas representan a cooperativas que proveen energ\u00eda el\u00e9ctrica, agua, telecomunicaciones, salud, educaci\u00f3n, seguros, cr\u00e9dito y vivienda, entre otros servicios, a unos 10 millones de argentinos, &#8220;no importa d\u00f3nde habiten ni qui\u00e9nes sean&#8221;, porque su fin &#8220;es econ\u00f3mico pero tambi\u00e9n es social&#8221;.<br \/>\nEn ese sentido, anunci\u00f3 que ampliar\u00e1n las fronteras de las comunicaciones audiovisuales &#8220;para que no haya m\u00e1s compatriotas sin la posibilidad de escucharse, verse y conocerse, ahora sobre la base firme de una ley votada por la mayor\u00eda del Congreso Nacional&#8221;.<br \/>\nLa Asociaci\u00f3n Pyme tambi\u00e9n tambi\u00e9n celebr\u00f3 que &#8220;los multimedios, grupos de poder que hist\u00f3ricamente recortaron voces y retacearon opiniones, deban adecuarse y encuadrarse dentro de la legalidad&#8221;.<br \/>\nLa entidad gremial record\u00f3 que &#8220;esta ley modelo ayuda a garantizar el pluralismo de voces en todo el territorio, con cientos y cientos de cooperativas, mutuales y pymes vinculadas a la comunicaci\u00f3n que ahora tienen su propio espacio para comunicar, opinar, educar y entretener por fuera del poder de los sectores concentrados de la econom\u00eda&#8221;.<br \/>\nLa Corte Suprema entendi\u00f3 hoy que la ley 26.522, en cuanto regula la multiplicidad de licencias de modo general, es constitucional, porque es una facultad del Congreso, cuya conveniencia y oportunidad no es materia de an\u00e1lisis de los jueces.<br \/>\nTambi\u00e9n especific\u00f3 que la libertad de expresi\u00f3n es, entre las libertades que la Constituci\u00f3n consagra, una de las que posee mayor entidad, al extremo que sin su debido resguardo existir\u00eda tan solo una democracia nominal, seg\u00fan el portal Infojus.<\/td>\n<\/tr>\n<\/tbody>\n<\/table>\n<p>&nbsp;<\/p>\n","protected":false},"excerpt":{"rendered":"<p>La Confederaci\u00f3n Cooperativa de la Rep\u00fablica Argentina (Cooperar) se\u00f1al\u00f3 que es &#8220;un paso fundamental para la consolidaci\u00f3n de la democracia, a 30 a\u00f1os de su recuperaci\u00f3n&#8221;. Junto con las pymes, mutuales y otras organizaciones sin fines de lucro, suman unas mil empresas que brindan telecomunicaciones en todo el pa\u00eds. Convocan esta tarde a una conferencia [&hellip;]<\/p>\n","protected":false},"author":1,"featured_media":0,"comment_status":"closed","ping_status":"open","sticky":false,"template":"","format":"standard","meta":{"footnotes":""},"categories":[51,52,53],"tags":[],"class_list":["post-15320","post","type-post","status-publish","format-standard","hentry","category-comunidad","category-destacadas","category-politica"],"yoast_head":"<!-- This site is optimized with the Yoast SEO plugin v19.7.1 - https:\/\/yoast.com\/wordpress\/plugins\/seo\/ -->\n<title>LEY DE MEDIOS: COOPERATIVAS Y PYMES CELEBRAN EL FALLO DE LA CORTE - CELTTV<\/title>\n<meta name=\"description\" content=\"Sitio web de noticias de la localidad de Tornquist, provincia de Buenos Aires, Rep\u00fablica Argentina. Contenido propio originado por periodistas de CELTTV, el canal de TV local de la Cooperativa El\u00e9ctrica de Tornquist. Turismo, Pol\u00edtica, Sociedad, Deporte, Cultura y todo el contenido de inter\u00e9s general que la gente del pueblo y la regi\u00f3n debe conocer.\" \/>\n<meta name=\"robots\" content=\"index, follow, max-snippet:-1, max-image-preview:large, max-video-preview:-1\" \/>\n<link rel=\"canonical\" href=\"https:\/\/www.celttv.com.ar\/index.php\/2013\/10\/29\/ley-de-medios-cooperativas-y-pymes-celebran-el-fallo-de-la-corte\/\" \/>\n<meta property=\"og:locale\" content=\"es_ES\" \/>\n<meta property=\"og:type\" content=\"article\" \/>\n<meta property=\"og:title\" content=\"LEY DE MEDIOS: COOPERATIVAS Y PYMES CELEBRAN EL FALLO DE LA CORTE - CELTTV\" \/>\n<meta property=\"og:description\" content=\"Sitio web de noticias de la localidad de Tornquist, provincia de Buenos Aires, Rep\u00fablica Argentina. Contenido propio originado por periodistas de CELTTV, el canal de TV local de la Cooperativa El\u00e9ctrica de Tornquist. Turismo, Pol\u00edtica, Sociedad, Deporte, Cultura y todo el contenido de inter\u00e9s general que la gente del pueblo y la regi\u00f3n debe conocer.\" \/>\n<meta property=\"og:url\" content=\"https:\/\/www.celttv.com.ar\/index.php\/2013\/10\/29\/ley-de-medios-cooperativas-y-pymes-celebran-el-fallo-de-la-corte\/\" \/>\n<meta property=\"og:site_name\" content=\"CELTTV\" \/>\n<meta property=\"article:publisher\" content=\"https:\/\/www.facebook.com\/celtTV\/\" \/>\n<meta property=\"article:published_time\" content=\"2013-10-29T23:39:06+00:00\" \/>\n<meta name=\"author\" content=\"ulises\" \/>\n<meta name=\"twitter:card\" content=\"summary_large_image\" \/>\n<meta name=\"twitter:label1\" content=\"Escrito por\" \/>\n\t<meta name=\"twitter:data1\" content=\"ulises\" \/>\n\t<meta name=\"twitter:label2\" content=\"Tiempo de lectura\" \/>\n\t<meta name=\"twitter:data2\" content=\"3 minutos\" \/>\n<script type=\"application\/ld+json\" class=\"yoast-schema-graph\">{\"@context\":\"https:\/\/schema.org\",\"@graph\":[{\"@type\":\"NewsArticle\",\"@id\":\"https:\/\/www.celttv.com.ar\/index.php\/2013\/10\/29\/ley-de-medios-cooperativas-y-pymes-celebran-el-fallo-de-la-corte\/#article\",\"isPartOf\":{\"@id\":\"https:\/\/www.celttv.com.ar\/index.php\/2013\/10\/29\/ley-de-medios-cooperativas-y-pymes-celebran-el-fallo-de-la-corte\/\"},\"author\":{\"name\":\"ulises\",\"@id\":\"https:\/\/www.celttv.com.ar\/#\/schema\/person\/6d99c072dba59953809c81446e9d0ace\"},\"headline\":\"LEY DE MEDIOS: COOPERATIVAS Y PYMES CELEBRAN EL FALLO DE LA CORTE\",\"datePublished\":\"2013-10-29T23:39:06+00:00\",\"dateModified\":\"2013-10-29T23:39:06+00:00\",\"mainEntityOfPage\":{\"@id\":\"https:\/\/www.celttv.com.ar\/index.php\/2013\/10\/29\/ley-de-medios-cooperativas-y-pymes-celebran-el-fallo-de-la-corte\/\"},\"wordCount\":634,\"publisher\":{\"@id\":\"https:\/\/www.celttv.com.ar\/#organization\"},\"articleSection\":[\"Comunidad\",\"Destacadas\",\"Pol\u00edtica\"],\"inLanguage\":\"es\"},{\"@type\":\"WebPage\",\"@id\":\"https:\/\/www.celttv.com.ar\/index.php\/2013\/10\/29\/ley-de-medios-cooperativas-y-pymes-celebran-el-fallo-de-la-corte\/\",\"url\":\"https:\/\/www.celttv.com.ar\/index.php\/2013\/10\/29\/ley-de-medios-cooperativas-y-pymes-celebran-el-fallo-de-la-corte\/\",\"name\":\"LEY DE MEDIOS: COOPERATIVAS Y PYMES CELEBRAN EL FALLO DE LA CORTE - CELTTV\",\"isPartOf\":{\"@id\":\"https:\/\/www.celttv.com.ar\/#website\"},\"datePublished\":\"2013-10-29T23:39:06+00:00\",\"dateModified\":\"2013-10-29T23:39:06+00:00\",\"description\":\"Sitio web de noticias de la localidad de Tornquist, provincia de Buenos Aires, Rep\u00fablica Argentina. Contenido propio originado por periodistas de CELTTV, el canal de TV local de la Cooperativa El\u00e9ctrica de Tornquist. Turismo, Pol\u00edtica, Sociedad, Deporte, Cultura y todo el contenido de inter\u00e9s general que la gente del pueblo y la regi\u00f3n debe conocer.\",\"breadcrumb\":{\"@id\":\"https:\/\/www.celttv.com.ar\/index.php\/2013\/10\/29\/ley-de-medios-cooperativas-y-pymes-celebran-el-fallo-de-la-corte\/#breadcrumb\"},\"inLanguage\":\"es\",\"potentialAction\":[{\"@type\":\"ReadAction\",\"target\":[\"https:\/\/www.celttv.com.ar\/index.php\/2013\/10\/29\/ley-de-medios-cooperativas-y-pymes-celebran-el-fallo-de-la-corte\/\"]}]},{\"@type\":\"BreadcrumbList\",\"@id\":\"https:\/\/www.celttv.com.ar\/index.php\/2013\/10\/29\/ley-de-medios-cooperativas-y-pymes-celebran-el-fallo-de-la-corte\/#breadcrumb\",\"itemListElement\":[{\"@type\":\"ListItem\",\"position\":1,\"name\":\"Inicio\",\"item\":\"https:\/\/www.celttv.com.ar\/\"},{\"@type\":\"ListItem\",\"position\":2,\"name\":\"LEY DE MEDIOS: COOPERATIVAS Y PYMES CELEBRAN EL FALLO DE LA CORTE\"}]},{\"@type\":\"WebSite\",\"@id\":\"https:\/\/www.celttv.com.ar\/#website\",\"url\":\"https:\/\/www.celttv.com.ar\/\",\"name\":\"CELTTV\",\"description\":\"Cooperativa El\u00e9ctrica de Tornquist\",\"publisher\":{\"@id\":\"https:\/\/www.celttv.com.ar\/#organization\"},\"potentialAction\":[{\"@type\":\"SearchAction\",\"target\":{\"@type\":\"EntryPoint\",\"urlTemplate\":\"https:\/\/www.celttv.com.ar\/?s={search_term_string}\"},\"query-input\":\"required name=search_term_string\"}],\"inLanguage\":\"es\"},{\"@type\":\"Organization\",\"@id\":\"https:\/\/www.celttv.com.ar\/#organization\",\"name\":\"CELTTV\",\"url\":\"https:\/\/www.celttv.com.ar\/\",\"sameAs\":[\"https:\/\/www.youtube.com\/channel\/UCz_oIt8Hig64Ub-EmcNPIhg\",\"https:\/\/www.facebook.com\/celtTV\/\"],\"logo\":{\"@type\":\"ImageObject\",\"inLanguage\":\"es\",\"@id\":\"https:\/\/www.celttv.com.ar\/#\/schema\/logo\/image\/\",\"url\":\"http:\/\/www.celttv.com.ar\/wp-content\/uploads\/2022\/08\/logo-1.png\",\"contentUrl\":\"http:\/\/www.celttv.com.ar\/wp-content\/uploads\/2022\/08\/logo-1.png\",\"width\":461,\"height\":159,\"caption\":\"CELTTV\"},\"image\":{\"@id\":\"https:\/\/www.celttv.com.ar\/#\/schema\/logo\/image\/\"}},{\"@type\":\"Person\",\"@id\":\"https:\/\/www.celttv.com.ar\/#\/schema\/person\/6d99c072dba59953809c81446e9d0ace\",\"name\":\"ulises\",\"image\":{\"@type\":\"ImageObject\",\"inLanguage\":\"es\",\"@id\":\"https:\/\/www.celttv.com.ar\/#\/schema\/person\/image\/\",\"url\":\"https:\/\/secure.gravatar.com\/avatar\/7f2c48bdc33b30088f941fb6082e555f2874c98e20cb159d7b92b50eadfce793?s=96&d=mm&r=g\",\"contentUrl\":\"https:\/\/secure.gravatar.com\/avatar\/7f2c48bdc33b30088f941fb6082e555f2874c98e20cb159d7b92b50eadfce793?s=96&d=mm&r=g\",\"caption\":\"ulises\"},\"sameAs\":[\"http:\/\/www.celttv.com.ar\"]}]}<\/script>\n<!-- \/ Yoast SEO plugin. -->","yoast_head_json":{"title":"LEY DE MEDIOS: COOPERATIVAS Y PYMES CELEBRAN EL FALLO DE LA CORTE - CELTTV","description":"Sitio web de noticias de la localidad de Tornquist, provincia de Buenos Aires, Rep\u00fablica Argentina. Contenido propio originado por periodistas de CELTTV, el canal de TV local de la Cooperativa El\u00e9ctrica de Tornquist. Turismo, Pol\u00edtica, Sociedad, Deporte, Cultura y todo el contenido de inter\u00e9s general que la gente del pueblo y la regi\u00f3n debe conocer.","robots":{"index":"index","follow":"follow","max-snippet":"max-snippet:-1","max-image-preview":"max-image-preview:large","max-video-preview":"max-video-preview:-1"},"canonical":"https:\/\/www.celttv.com.ar\/index.php\/2013\/10\/29\/ley-de-medios-cooperativas-y-pymes-celebran-el-fallo-de-la-corte\/","og_locale":"es_ES","og_type":"article","og_title":"LEY DE MEDIOS: COOPERATIVAS Y PYMES CELEBRAN EL FALLO DE LA CORTE - CELTTV","og_description":"Sitio web de noticias de la localidad de Tornquist, provincia de Buenos Aires, Rep\u00fablica Argentina. Contenido propio originado por periodistas de CELTTV, el canal de TV local de la Cooperativa El\u00e9ctrica de Tornquist. Turismo, Pol\u00edtica, Sociedad, Deporte, Cultura y todo el contenido de inter\u00e9s general que la gente del pueblo y la regi\u00f3n debe conocer.","og_url":"https:\/\/www.celttv.com.ar\/index.php\/2013\/10\/29\/ley-de-medios-cooperativas-y-pymes-celebran-el-fallo-de-la-corte\/","og_site_name":"CELTTV","article_publisher":"https:\/\/www.facebook.com\/celtTV\/","article_published_time":"2013-10-29T23:39:06+00:00","author":"ulises","twitter_card":"summary_large_image","twitter_misc":{"Escrito por":"ulises","Tiempo de lectura":"3 minutos"},"schema":{"@context":"https:\/\/schema.org","@graph":[{"@type":"NewsArticle","@id":"https:\/\/www.celttv.com.ar\/index.php\/2013\/10\/29\/ley-de-medios-cooperativas-y-pymes-celebran-el-fallo-de-la-corte\/#article","isPartOf":{"@id":"https:\/\/www.celttv.com.ar\/index.php\/2013\/10\/29\/ley-de-medios-cooperativas-y-pymes-celebran-el-fallo-de-la-corte\/"},"author":{"name":"ulises","@id":"https:\/\/www.celttv.com.ar\/#\/schema\/person\/6d99c072dba59953809c81446e9d0ace"},"headline":"LEY DE MEDIOS: COOPERATIVAS Y PYMES CELEBRAN EL FALLO DE LA CORTE","datePublished":"2013-10-29T23:39:06+00:00","dateModified":"2013-10-29T23:39:06+00:00","mainEntityOfPage":{"@id":"https:\/\/www.celttv.com.ar\/index.php\/2013\/10\/29\/ley-de-medios-cooperativas-y-pymes-celebran-el-fallo-de-la-corte\/"},"wordCount":634,"publisher":{"@id":"https:\/\/www.celttv.com.ar\/#organization"},"articleSection":["Comunidad","Destacadas","Pol\u00edtica"],"inLanguage":"es"},{"@type":"WebPage","@id":"https:\/\/www.celttv.com.ar\/index.php\/2013\/10\/29\/ley-de-medios-cooperativas-y-pymes-celebran-el-fallo-de-la-corte\/","url":"https:\/\/www.celttv.com.ar\/index.php\/2013\/10\/29\/ley-de-medios-cooperativas-y-pymes-celebran-el-fallo-de-la-corte\/","name":"LEY DE MEDIOS: COOPERATIVAS Y PYMES CELEBRAN EL FALLO DE LA CORTE - CELTTV","isPartOf":{"@id":"https:\/\/www.celttv.com.ar\/#website"},"datePublished":"2013-10-29T23:39:06+00:00","dateModified":"2013-10-29T23:39:06+00:00","description":"Sitio web de noticias de la localidad de Tornquist, provincia de Buenos Aires, Rep\u00fablica Argentina. Contenido propio originado por periodistas de CELTTV, el canal de TV local de la Cooperativa El\u00e9ctrica de Tornquist. Turismo, Pol\u00edtica, Sociedad, Deporte, Cultura y todo el contenido de inter\u00e9s general que la gente del pueblo y la regi\u00f3n debe conocer.","breadcrumb":{"@id":"https:\/\/www.celttv.com.ar\/index.php\/2013\/10\/29\/ley-de-medios-cooperativas-y-pymes-celebran-el-fallo-de-la-corte\/#breadcrumb"},"inLanguage":"es","potentialAction":[{"@type":"ReadAction","target":["https:\/\/www.celttv.com.ar\/index.php\/2013\/10\/29\/ley-de-medios-cooperativas-y-pymes-celebran-el-fallo-de-la-corte\/"]}]},{"@type":"BreadcrumbList","@id":"https:\/\/www.celttv.com.ar\/index.php\/2013\/10\/29\/ley-de-medios-cooperativas-y-pymes-celebran-el-fallo-de-la-corte\/#breadcrumb","itemListElement":[{"@type":"ListItem","position":1,"name":"Inicio","item":"https:\/\/www.celttv.com.ar\/"},{"@type":"ListItem","position":2,"name":"LEY DE MEDIOS: COOPERATIVAS Y PYMES CELEBRAN EL FALLO DE LA CORTE"}]},{"@type":"WebSite","@id":"https:\/\/www.celttv.com.ar\/#website","url":"https:\/\/www.celttv.com.ar\/","name":"CELTTV","description":"Cooperativa El\u00e9ctrica de Tornquist","publisher":{"@id":"https:\/\/www.celttv.com.ar\/#organization"},"potentialAction":[{"@type":"SearchAction","target":{"@type":"EntryPoint","urlTemplate":"https:\/\/www.celttv.com.ar\/?s={search_term_string}"},"query-input":"required name=search_term_string"}],"inLanguage":"es"},{"@type":"Organization","@id":"https:\/\/www.celttv.com.ar\/#organization","name":"CELTTV","url":"https:\/\/www.celttv.com.ar\/","sameAs":["https:\/\/www.youtube.com\/channel\/UCz_oIt8Hig64Ub-EmcNPIhg","https:\/\/www.facebook.com\/celtTV\/"],"logo":{"@type":"ImageObject","inLanguage":"es","@id":"https:\/\/www.celttv.com.ar\/#\/schema\/logo\/image\/","url":"http:\/\/www.celttv.com.ar\/wp-content\/uploads\/2022\/08\/logo-1.png","contentUrl":"http:\/\/www.celttv.com.ar\/wp-content\/uploads\/2022\/08\/logo-1.png","width":461,"height":159,"caption":"CELTTV"},"image":{"@id":"https:\/\/www.celttv.com.ar\/#\/schema\/logo\/image\/"}},{"@type":"Person","@id":"https:\/\/www.celttv.com.ar\/#\/schema\/person\/6d99c072dba59953809c81446e9d0ace","name":"ulises","image":{"@type":"ImageObject","inLanguage":"es","@id":"https:\/\/www.celttv.com.ar\/#\/schema\/person\/image\/","url":"https:\/\/secure.gravatar.com\/avatar\/7f2c48bdc33b30088f941fb6082e555f2874c98e20cb159d7b92b50eadfce793?s=96&d=mm&r=g","contentUrl":"https:\/\/secure.gravatar.com\/avatar\/7f2c48bdc33b30088f941fb6082e555f2874c98e20cb159d7b92b50eadfce793?s=96&d=mm&r=g","caption":"ulises"},"sameAs":["http:\/\/www.celttv.com.ar"]}]}},"_links":{"self":[{"href":"https:\/\/www.celttv.com.ar\/index.php\/wp-json\/wp\/v2\/posts\/15320","targetHints":{"allow":["GET"]}}],"collection":[{"href":"https:\/\/www.celttv.com.ar\/index.php\/wp-json\/wp\/v2\/posts"}],"about":[{"href":"https:\/\/www.celttv.com.ar\/index.php\/wp-json\/wp\/v2\/types\/post"}],"author":[{"embeddable":true,"href":"https:\/\/www.celttv.com.ar\/index.php\/wp-json\/wp\/v2\/users\/1"}],"replies":[{"embeddable":true,"href":"https:\/\/www.celttv.com.ar\/index.php\/wp-json\/wp\/v2\/comments?post=15320"}],"version-history":[{"count":0,"href":"https:\/\/www.celttv.com.ar\/index.php\/wp-json\/wp\/v2\/posts\/15320\/revisions"}],"wp:attachment":[{"href":"https:\/\/www.celttv.com.ar\/index.php\/wp-json\/wp\/v2\/media?parent=15320"}],"wp:term":[{"taxonomy":"category","embeddable":true,"href":"https:\/\/www.celttv.com.ar\/index.php\/wp-json\/wp\/v2\/categories?post=15320"},{"taxonomy":"post_tag","embeddable":true,"href":"https:\/\/www.celttv.com.ar\/index.php\/wp-json\/wp\/v2\/tags?post=15320"}],"curies":[{"name":"wp","href":"https:\/\/api.w.org\/{rel}","templated":true}]}}