{"id":15324,"date":"2013-10-30T14:02:04","date_gmt":"2013-10-30T14:02:04","guid":{"rendered":"http:\/\/www.tvcnoticias.com.ar\/?p=15324"},"modified":"2013-10-30T14:02:04","modified_gmt":"2013-10-30T14:02:04","slug":"expo-comunicarte-c-n-s-l-las-voces-del-pueblo","status":"publish","type":"post","link":"https:\/\/www.celttv.com.ar\/index.php\/2013\/10\/30\/expo-comunicarte-c-n-s-l-las-voces-del-pueblo\/","title":{"rendered":"EXPO COMUNICARTE C.N.S.L. &#8220;LAS VOCES DE MI PUEBLO&#8221;"},"content":{"rendered":"<p><strong>1 de Noviembre 2013<\/strong><br \/>\n<strong><span style=\"text-decoration: underline;\">Expo Comunicarte C.N.S.L. <\/span><\/strong><br \/>\n<strong><em><span style=\"text-decoration: underline;\">\u201cLas Voces de mi Pueblo\u201d<\/span><\/em><\/strong><br \/>\n<strong> <\/strong><br \/>\n<strong>1-Presentaci\u00f3n de Logo, alumnos de 5\u00b0 a\u00f1o.<\/strong><strong> <\/strong><strong> <\/strong><br \/>\n&nbsp;<br \/>\n&nbsp;<br \/>\n<strong> <\/strong><br \/>\n<strong> <\/strong><br \/>\n<strong> <\/strong><br \/>\n<strong> <\/strong><br \/>\n<strong>2- Presentaciones en Sal\u00f3n de Actos:<\/strong><br \/>\n<strong>Anfitri\u00f3n: Andrea Camus<\/strong><\/p>\n<table border=\"1\" cellspacing=\"0\" cellpadding=\"0\" width=\"612\">\n<tbody>\n<tr>\n<td width=\"121\" valign=\"top\"><strong>Horarios<\/strong><\/td>\n<td width=\"142\" valign=\"top\"><strong> <\/strong><\/td>\n<td width=\"196\" valign=\"top\"><strong>Actividad<\/strong><\/td>\n<td width=\"153\" valign=\"top\"><strong> <\/strong><\/td>\n<\/tr>\n<tr>\n<td width=\"121\" valign=\"top\"><strong>9:00<\/strong><\/td>\n<td width=\"142\" valign=\"top\"><strong>Inauguraci\u00f3n<\/strong><strong> <\/strong><\/td>\n<td width=\"196\" valign=\"top\"><strong>Acto formal.<\/strong>&nbsp;<br \/>\n<strong>Coreograf\u00eda 4\u00b0 y 5\u00b0<\/strong><\/td>\n<td width=\"153\" valign=\"top\"><strong>Comunicaci\u00f3n Corporal<\/strong><\/td>\n<\/tr>\n<tr>\n<td width=\"121\" valign=\"top\"><strong>9:30<\/strong><\/td>\n<td width=\"142\" valign=\"top\"><strong> <\/strong><\/td>\n<td width=\"196\" valign=\"top\"><strong>Video Literatura 3\u00b0<\/strong>&nbsp;<br \/>\n<strong>P del Lenguaje. Literatura<\/strong><\/td>\n<td width=\"153\" valign=\"top\"><strong> <\/strong><\/td>\n<\/tr>\n<tr>\n<td width=\"121\" valign=\"top\"><strong>10:00<\/strong><\/td>\n<td width=\"142\" valign=\"top\"><strong>Charla<\/strong><\/td>\n<td width=\"196\" valign=\"top\"><strong>&#8220;Viaje al interior de un   microchip&#8221;. En este espacio se propone un recorrido por el interior de   un microchip, revel\u00e1ndonos la complejidad incre\u00edble de la tecnolog\u00eda actual   que permite incluir miles de millones de transistores en un \u00e1rea del tama\u00f1o   de una moneda.<\/strong>&nbsp;<br \/>\n<strong> <\/strong><\/td>\n<td width=\"153\" valign=\"top\"><strong>\u00c1REA DEL CONOCIMIENTO VINCULADA A LA   ACTIVIDAD:\u00a0 Ingenier\u00edas.<\/strong>&nbsp;<br \/>\n<strong>A cargo de investigadores de la UNS y el   CONICET<\/strong><\/td>\n<\/tr>\n<tr>\n<td width=\"121\" valign=\"top\"><strong>10:30<\/strong><\/td>\n<td width=\"142\" valign=\"top\"><strong> <\/strong><\/td>\n<td width=\"196\" valign=\"top\"><strong> <\/strong><\/td>\n<td width=\"153\" valign=\"top\"><strong> <\/strong><\/td>\n<\/tr>\n<tr>\n<td width=\"121\" valign=\"top\"><strong>11:00<\/strong><\/td>\n<td width=\"142\" valign=\"top\"><strong> <\/strong><\/td>\n<td width=\"196\" valign=\"top\"><strong>Sainete Criollo Video<\/strong>&nbsp;<br \/>\n<strong>Fragmento actuado 6\u00b0<\/strong><\/td>\n<td width=\"153\" valign=\"top\"><strong> <\/strong><\/td>\n<\/tr>\n<tr>\n<td width=\"121\" valign=\"top\"><strong>11:30<\/strong><\/td>\n<td width=\"142\" valign=\"top\"><strong> <\/strong><\/td>\n<td width=\"196\" valign=\"top\"><strong>Payadas + Video<\/strong><\/td>\n<td width=\"153\" valign=\"top\"><strong> <\/strong><\/td>\n<\/tr>\n<tr>\n<td width=\"121\" valign=\"top\"><strong> <\/strong><\/td>\n<td width=\"142\" valign=\"top\"><strong> <\/strong><\/td>\n<td width=\"196\" valign=\"top\"><strong>Presentaci\u00f3n 5\u00b0<\/strong><\/td>\n<td width=\"153\" valign=\"top\"><strong>Blog Literario<\/strong><\/td>\n<\/tr>\n<tr>\n<td width=\"121\" valign=\"top\"><strong> <\/strong><\/td>\n<td width=\"142\" valign=\"top\"><strong> <\/strong><\/td>\n<td width=\"196\" valign=\"top\"><strong>Fotonovela. Videos<\/strong><\/td>\n<td width=\"153\" valign=\"top\"><strong> <\/strong><\/td>\n<\/tr>\n<tr>\n<td width=\"121\" valign=\"top\"><strong>12:00<\/strong><\/td>\n<td width=\"142\" valign=\"top\"><strong>Noticiero en vivo<\/strong><\/td>\n<td width=\"196\" valign=\"top\"><strong> <\/strong><\/td>\n<td width=\"153\" valign=\"top\"><strong> <\/strong><\/td>\n<\/tr>\n<tr>\n<td width=\"121\" valign=\"top\"><strong>13:00<\/strong><\/td>\n<td width=\"142\" valign=\"top\"><strong> <\/strong><\/td>\n<td width=\"196\" valign=\"top\"><strong> <\/strong><\/td>\n<td width=\"153\" valign=\"top\"><strong> <\/strong><\/td>\n<\/tr>\n<tr>\n<td width=\"121\" valign=\"top\"><strong>14:00<\/strong><\/td>\n<td width=\"142\" valign=\"top\"><strong>Mesa Redonda<\/strong><\/td>\n<td width=\"196\" valign=\"top\"><strong>Charla con las Voces del Pueblo<\/strong><\/td>\n<td width=\"153\" valign=\"top\"><strong> <\/strong><\/td>\n<\/tr>\n<tr>\n<td width=\"121\" valign=\"top\"><strong>15:00<\/strong><\/td>\n<td width=\"142\" valign=\"top\"><strong> <\/strong><\/td>\n<td width=\"196\" valign=\"top\"><strong>Grupo teatro Juventud<\/strong><\/td>\n<td width=\"153\" valign=\"top\"><strong>Obra Ex\u00e1menes<\/strong><\/td>\n<\/tr>\n<tr>\n<td width=\"121\" valign=\"top\"><strong> <\/strong><\/td>\n<td width=\"142\" valign=\"top\"><strong> <\/strong><\/td>\n<td width=\"196\" valign=\"top\"><strong> <\/strong><\/td>\n<td width=\"153\" valign=\"top\"><strong> <\/strong><\/td>\n<\/tr>\n<tr>\n<td width=\"121\" valign=\"top\"><strong>16:00<\/strong><\/td>\n<td width=\"142\" valign=\"top\"><strong> <\/strong><\/td>\n<td width=\"196\" valign=\"top\"><strong>Banda Musical<\/strong><\/td>\n<td width=\"153\" valign=\"top\"><strong>C.N.S.L<\/strong><\/td>\n<\/tr>\n<tr>\n<td width=\"121\" valign=\"top\"><strong>16:30<\/strong><\/td>\n<td width=\"142\" valign=\"top\"><strong> <\/strong>&nbsp;<br \/>\n<strong>Cierre<\/strong><strong> <\/strong><\/td>\n<td width=\"196\" valign=\"top\"><strong> <\/strong><\/td>\n<td width=\"153\" valign=\"top\"><strong> <\/strong><\/td>\n<\/tr>\n<\/tbody>\n<\/table>\n<p><strong>Radio en Vivo: Fm Esperanza 100.3MHZ<\/strong><br \/>\n<strong> <\/strong><br \/>\n<strong>3- Stands<\/strong><\/p>\n<ul>\n<li><strong>Adicciones<\/strong><\/li>\n<li><strong>Bullying<\/strong><\/li>\n<li><strong>Ingl\u00e9s: Art Attack<\/strong><\/li>\n<li><strong>Juegos en Ingles<\/strong><\/li>\n<li><strong>Matem\u00e1tica: Origami<\/strong><\/li>\n<li><strong>Comunicaci\u00f3n: Estudio de grabaci\u00f3n<\/strong><\/li>\n<li><strong>Lengua: Maquetas y afiches .<\/strong><\/li>\n<li><strong>Galer\u00eda fotogr\u00e1fica, pinturas y dibujos.<\/strong><\/li>\n<li><strong>Galer\u00eda fotogr\u00e1fica de la Misi\u00f3n <\/strong><\/li>\n<li><strong>Muestra de Calendarios<\/strong><\/li>\n<li><strong>Agua<\/strong><\/li>\n<li><strong>Bufete: Grupo Misionero<\/strong><\/li>\n<li><strong>Kiosco<\/strong><\/li>\n<li><strong>Diario \u201cPunto Final\u201d<\/strong><\/li>\n<\/ul>\n<p><strong> <\/strong><br \/>\n&nbsp;<\/p>\n","protected":false},"excerpt":{"rendered":"<p>1 de Noviembre 2013 Expo Comunicarte C.N.S.L. \u201cLas Voces de mi Pueblo\u201d 1-Presentaci\u00f3n de Logo, alumnos de 5\u00b0 a\u00f1o. &nbsp; &nbsp; 2- Presentaciones en Sal\u00f3n de Actos: Anfitri\u00f3n: Andrea Camus Horarios Actividad 9:00 Inauguraci\u00f3n Acto formal.&nbsp; Coreograf\u00eda 4\u00b0 y 5\u00b0 Comunicaci\u00f3n Corporal 9:30 Video Literatura 3\u00b0&nbsp; P del Lenguaje. Literatura 10:00 Charla &#8220;Viaje al interior [&hellip;]<\/p>\n","protected":false},"author":1,"featured_media":0,"comment_status":"closed","ping_status":"open","sticky":false,"template":"","format":"standard","meta":{"footnotes":""},"categories":[51,52],"tags":[],"class_list":["post-15324","post","type-post","status-publish","format-standard","hentry","category-comunidad","category-destacadas"],"yoast_head":"<!-- This site is optimized with the Yoast SEO plugin v19.7.1 - https:\/\/yoast.com\/wordpress\/plugins\/seo\/ -->\n<title>EXPO COMUNICARTE C.N.S.L. &quot;LAS VOCES DE MI PUEBLO&quot; - CELTTV<\/title>\n<meta name=\"description\" content=\"Sitio web de noticias de la localidad de Tornquist, provincia de Buenos Aires, Rep\u00fablica Argentina. Contenido propio originado por periodistas de CELTTV, el canal de TV local de la Cooperativa El\u00e9ctrica de Tornquist. Turismo, Pol\u00edtica, Sociedad, Deporte, Cultura y todo el contenido de inter\u00e9s general que la gente del pueblo y la regi\u00f3n debe conocer.\" \/>\n<meta name=\"robots\" content=\"index, follow, max-snippet:-1, max-image-preview:large, max-video-preview:-1\" \/>\n<link rel=\"canonical\" href=\"https:\/\/www.celttv.com.ar\/index.php\/2013\/10\/30\/expo-comunicarte-c-n-s-l-las-voces-del-pueblo\/\" \/>\n<meta property=\"og:locale\" content=\"es_ES\" \/>\n<meta property=\"og:type\" content=\"article\" \/>\n<meta property=\"og:title\" content=\"EXPO COMUNICARTE C.N.S.L. &quot;LAS VOCES DE MI PUEBLO&quot; - CELTTV\" \/>\n<meta property=\"og:description\" content=\"Sitio web de noticias de la localidad de Tornquist, provincia de Buenos Aires, Rep\u00fablica Argentina. Contenido propio originado por periodistas de CELTTV, el canal de TV local de la Cooperativa El\u00e9ctrica de Tornquist. Turismo, Pol\u00edtica, Sociedad, Deporte, Cultura y todo el contenido de inter\u00e9s general que la gente del pueblo y la regi\u00f3n debe conocer.\" \/>\n<meta property=\"og:url\" content=\"https:\/\/www.celttv.com.ar\/index.php\/2013\/10\/30\/expo-comunicarte-c-n-s-l-las-voces-del-pueblo\/\" \/>\n<meta property=\"og:site_name\" content=\"CELTTV\" \/>\n<meta property=\"article:publisher\" content=\"https:\/\/www.facebook.com\/celtTV\/\" \/>\n<meta property=\"article:published_time\" content=\"2013-10-30T14:02:04+00:00\" \/>\n<meta name=\"author\" content=\"ulises\" \/>\n<meta name=\"twitter:card\" content=\"summary_large_image\" \/>\n<meta name=\"twitter:label1\" content=\"Escrito por\" \/>\n\t<meta name=\"twitter:data1\" content=\"ulises\" \/>\n\t<meta name=\"twitter:label2\" content=\"Tiempo de lectura\" \/>\n\t<meta name=\"twitter:data2\" content=\"1 minuto\" \/>\n<script type=\"application\/ld+json\" class=\"yoast-schema-graph\">{\"@context\":\"https:\/\/schema.org\",\"@graph\":[{\"@type\":\"NewsArticle\",\"@id\":\"https:\/\/www.celttv.com.ar\/index.php\/2013\/10\/30\/expo-comunicarte-c-n-s-l-las-voces-del-pueblo\/#article\",\"isPartOf\":{\"@id\":\"https:\/\/www.celttv.com.ar\/index.php\/2013\/10\/30\/expo-comunicarte-c-n-s-l-las-voces-del-pueblo\/\"},\"author\":{\"name\":\"ulises\",\"@id\":\"https:\/\/www.celttv.com.ar\/#\/schema\/person\/6d99c072dba59953809c81446e9d0ace\"},\"headline\":\"EXPO COMUNICARTE C.N.S.L. &#8220;LAS VOCES DE MI PUEBLO&#8221;\",\"datePublished\":\"2013-10-30T14:02:04+00:00\",\"dateModified\":\"2013-10-30T14:02:04+00:00\",\"mainEntityOfPage\":{\"@id\":\"https:\/\/www.celttv.com.ar\/index.php\/2013\/10\/30\/expo-comunicarte-c-n-s-l-las-voces-del-pueblo\/\"},\"wordCount\":230,\"publisher\":{\"@id\":\"https:\/\/www.celttv.com.ar\/#organization\"},\"articleSection\":[\"Comunidad\",\"Destacadas\"],\"inLanguage\":\"es\"},{\"@type\":\"WebPage\",\"@id\":\"https:\/\/www.celttv.com.ar\/index.php\/2013\/10\/30\/expo-comunicarte-c-n-s-l-las-voces-del-pueblo\/\",\"url\":\"https:\/\/www.celttv.com.ar\/index.php\/2013\/10\/30\/expo-comunicarte-c-n-s-l-las-voces-del-pueblo\/\",\"name\":\"EXPO COMUNICARTE C.N.S.L. \\\"LAS VOCES DE MI PUEBLO\\\" - CELTTV\",\"isPartOf\":{\"@id\":\"https:\/\/www.celttv.com.ar\/#website\"},\"datePublished\":\"2013-10-30T14:02:04+00:00\",\"dateModified\":\"2013-10-30T14:02:04+00:00\",\"description\":\"Sitio web de noticias de la localidad de Tornquist, provincia de Buenos Aires, Rep\u00fablica Argentina. Contenido propio originado por periodistas de CELTTV, el canal de TV local de la Cooperativa El\u00e9ctrica de Tornquist. Turismo, Pol\u00edtica, Sociedad, Deporte, Cultura y todo el contenido de inter\u00e9s general que la gente del pueblo y la regi\u00f3n debe conocer.\",\"breadcrumb\":{\"@id\":\"https:\/\/www.celttv.com.ar\/index.php\/2013\/10\/30\/expo-comunicarte-c-n-s-l-las-voces-del-pueblo\/#breadcrumb\"},\"inLanguage\":\"es\",\"potentialAction\":[{\"@type\":\"ReadAction\",\"target\":[\"https:\/\/www.celttv.com.ar\/index.php\/2013\/10\/30\/expo-comunicarte-c-n-s-l-las-voces-del-pueblo\/\"]}]},{\"@type\":\"BreadcrumbList\",\"@id\":\"https:\/\/www.celttv.com.ar\/index.php\/2013\/10\/30\/expo-comunicarte-c-n-s-l-las-voces-del-pueblo\/#breadcrumb\",\"itemListElement\":[{\"@type\":\"ListItem\",\"position\":1,\"name\":\"Inicio\",\"item\":\"https:\/\/www.celttv.com.ar\/\"},{\"@type\":\"ListItem\",\"position\":2,\"name\":\"EXPO COMUNICARTE C.N.S.L. &#8220;LAS VOCES DE MI PUEBLO&#8221;\"}]},{\"@type\":\"WebSite\",\"@id\":\"https:\/\/www.celttv.com.ar\/#website\",\"url\":\"https:\/\/www.celttv.com.ar\/\",\"name\":\"CELTTV\",\"description\":\"Cooperativa El\u00e9ctrica de Tornquist\",\"publisher\":{\"@id\":\"https:\/\/www.celttv.com.ar\/#organization\"},\"potentialAction\":[{\"@type\":\"SearchAction\",\"target\":{\"@type\":\"EntryPoint\",\"urlTemplate\":\"https:\/\/www.celttv.com.ar\/?s={search_term_string}\"},\"query-input\":\"required name=search_term_string\"}],\"inLanguage\":\"es\"},{\"@type\":\"Organization\",\"@id\":\"https:\/\/www.celttv.com.ar\/#organization\",\"name\":\"CELTTV\",\"url\":\"https:\/\/www.celttv.com.ar\/\",\"sameAs\":[\"https:\/\/www.youtube.com\/channel\/UCz_oIt8Hig64Ub-EmcNPIhg\",\"https:\/\/www.facebook.com\/celtTV\/\"],\"logo\":{\"@type\":\"ImageObject\",\"inLanguage\":\"es\",\"@id\":\"https:\/\/www.celttv.com.ar\/#\/schema\/logo\/image\/\",\"url\":\"http:\/\/www.celttv.com.ar\/wp-content\/uploads\/2022\/08\/logo-1.png\",\"contentUrl\":\"http:\/\/www.celttv.com.ar\/wp-content\/uploads\/2022\/08\/logo-1.png\",\"width\":461,\"height\":159,\"caption\":\"CELTTV\"},\"image\":{\"@id\":\"https:\/\/www.celttv.com.ar\/#\/schema\/logo\/image\/\"}},{\"@type\":\"Person\",\"@id\":\"https:\/\/www.celttv.com.ar\/#\/schema\/person\/6d99c072dba59953809c81446e9d0ace\",\"name\":\"ulises\",\"image\":{\"@type\":\"ImageObject\",\"inLanguage\":\"es\",\"@id\":\"https:\/\/www.celttv.com.ar\/#\/schema\/person\/image\/\",\"url\":\"https:\/\/secure.gravatar.com\/avatar\/7f2c48bdc33b30088f941fb6082e555f2874c98e20cb159d7b92b50eadfce793?s=96&d=mm&r=g\",\"contentUrl\":\"https:\/\/secure.gravatar.com\/avatar\/7f2c48bdc33b30088f941fb6082e555f2874c98e20cb159d7b92b50eadfce793?s=96&d=mm&r=g\",\"caption\":\"ulises\"},\"sameAs\":[\"http:\/\/www.celttv.com.ar\"]}]}<\/script>\n<!-- \/ Yoast SEO plugin. -->","yoast_head_json":{"title":"EXPO COMUNICARTE C.N.S.L. \"LAS VOCES DE MI PUEBLO\" - CELTTV","description":"Sitio web de noticias de la localidad de Tornquist, provincia de Buenos Aires, Rep\u00fablica Argentina. Contenido propio originado por periodistas de CELTTV, el canal de TV local de la Cooperativa El\u00e9ctrica de Tornquist. Turismo, Pol\u00edtica, Sociedad, Deporte, Cultura y todo el contenido de inter\u00e9s general que la gente del pueblo y la regi\u00f3n debe conocer.","robots":{"index":"index","follow":"follow","max-snippet":"max-snippet:-1","max-image-preview":"max-image-preview:large","max-video-preview":"max-video-preview:-1"},"canonical":"https:\/\/www.celttv.com.ar\/index.php\/2013\/10\/30\/expo-comunicarte-c-n-s-l-las-voces-del-pueblo\/","og_locale":"es_ES","og_type":"article","og_title":"EXPO COMUNICARTE C.N.S.L. \"LAS VOCES DE MI PUEBLO\" - CELTTV","og_description":"Sitio web de noticias de la localidad de Tornquist, provincia de Buenos Aires, Rep\u00fablica Argentina. Contenido propio originado por periodistas de CELTTV, el canal de TV local de la Cooperativa El\u00e9ctrica de Tornquist. Turismo, Pol\u00edtica, Sociedad, Deporte, Cultura y todo el contenido de inter\u00e9s general que la gente del pueblo y la regi\u00f3n debe conocer.","og_url":"https:\/\/www.celttv.com.ar\/index.php\/2013\/10\/30\/expo-comunicarte-c-n-s-l-las-voces-del-pueblo\/","og_site_name":"CELTTV","article_publisher":"https:\/\/www.facebook.com\/celtTV\/","article_published_time":"2013-10-30T14:02:04+00:00","author":"ulises","twitter_card":"summary_large_image","twitter_misc":{"Escrito por":"ulises","Tiempo de lectura":"1 minuto"},"schema":{"@context":"https:\/\/schema.org","@graph":[{"@type":"NewsArticle","@id":"https:\/\/www.celttv.com.ar\/index.php\/2013\/10\/30\/expo-comunicarte-c-n-s-l-las-voces-del-pueblo\/#article","isPartOf":{"@id":"https:\/\/www.celttv.com.ar\/index.php\/2013\/10\/30\/expo-comunicarte-c-n-s-l-las-voces-del-pueblo\/"},"author":{"name":"ulises","@id":"https:\/\/www.celttv.com.ar\/#\/schema\/person\/6d99c072dba59953809c81446e9d0ace"},"headline":"EXPO COMUNICARTE C.N.S.L. &#8220;LAS VOCES DE MI PUEBLO&#8221;","datePublished":"2013-10-30T14:02:04+00:00","dateModified":"2013-10-30T14:02:04+00:00","mainEntityOfPage":{"@id":"https:\/\/www.celttv.com.ar\/index.php\/2013\/10\/30\/expo-comunicarte-c-n-s-l-las-voces-del-pueblo\/"},"wordCount":230,"publisher":{"@id":"https:\/\/www.celttv.com.ar\/#organization"},"articleSection":["Comunidad","Destacadas"],"inLanguage":"es"},{"@type":"WebPage","@id":"https:\/\/www.celttv.com.ar\/index.php\/2013\/10\/30\/expo-comunicarte-c-n-s-l-las-voces-del-pueblo\/","url":"https:\/\/www.celttv.com.ar\/index.php\/2013\/10\/30\/expo-comunicarte-c-n-s-l-las-voces-del-pueblo\/","name":"EXPO COMUNICARTE C.N.S.L. \"LAS VOCES DE MI PUEBLO\" - CELTTV","isPartOf":{"@id":"https:\/\/www.celttv.com.ar\/#website"},"datePublished":"2013-10-30T14:02:04+00:00","dateModified":"2013-10-30T14:02:04+00:00","description":"Sitio web de noticias de la localidad de Tornquist, provincia de Buenos Aires, Rep\u00fablica Argentina. Contenido propio originado por periodistas de CELTTV, el canal de TV local de la Cooperativa El\u00e9ctrica de Tornquist. Turismo, Pol\u00edtica, Sociedad, Deporte, Cultura y todo el contenido de inter\u00e9s general que la gente del pueblo y la regi\u00f3n debe conocer.","breadcrumb":{"@id":"https:\/\/www.celttv.com.ar\/index.php\/2013\/10\/30\/expo-comunicarte-c-n-s-l-las-voces-del-pueblo\/#breadcrumb"},"inLanguage":"es","potentialAction":[{"@type":"ReadAction","target":["https:\/\/www.celttv.com.ar\/index.php\/2013\/10\/30\/expo-comunicarte-c-n-s-l-las-voces-del-pueblo\/"]}]},{"@type":"BreadcrumbList","@id":"https:\/\/www.celttv.com.ar\/index.php\/2013\/10\/30\/expo-comunicarte-c-n-s-l-las-voces-del-pueblo\/#breadcrumb","itemListElement":[{"@type":"ListItem","position":1,"name":"Inicio","item":"https:\/\/www.celttv.com.ar\/"},{"@type":"ListItem","position":2,"name":"EXPO COMUNICARTE C.N.S.L. &#8220;LAS VOCES DE MI PUEBLO&#8221;"}]},{"@type":"WebSite","@id":"https:\/\/www.celttv.com.ar\/#website","url":"https:\/\/www.celttv.com.ar\/","name":"CELTTV","description":"Cooperativa El\u00e9ctrica de Tornquist","publisher":{"@id":"https:\/\/www.celttv.com.ar\/#organization"},"potentialAction":[{"@type":"SearchAction","target":{"@type":"EntryPoint","urlTemplate":"https:\/\/www.celttv.com.ar\/?s={search_term_string}"},"query-input":"required name=search_term_string"}],"inLanguage":"es"},{"@type":"Organization","@id":"https:\/\/www.celttv.com.ar\/#organization","name":"CELTTV","url":"https:\/\/www.celttv.com.ar\/","sameAs":["https:\/\/www.youtube.com\/channel\/UCz_oIt8Hig64Ub-EmcNPIhg","https:\/\/www.facebook.com\/celtTV\/"],"logo":{"@type":"ImageObject","inLanguage":"es","@id":"https:\/\/www.celttv.com.ar\/#\/schema\/logo\/image\/","url":"http:\/\/www.celttv.com.ar\/wp-content\/uploads\/2022\/08\/logo-1.png","contentUrl":"http:\/\/www.celttv.com.ar\/wp-content\/uploads\/2022\/08\/logo-1.png","width":461,"height":159,"caption":"CELTTV"},"image":{"@id":"https:\/\/www.celttv.com.ar\/#\/schema\/logo\/image\/"}},{"@type":"Person","@id":"https:\/\/www.celttv.com.ar\/#\/schema\/person\/6d99c072dba59953809c81446e9d0ace","name":"ulises","image":{"@type":"ImageObject","inLanguage":"es","@id":"https:\/\/www.celttv.com.ar\/#\/schema\/person\/image\/","url":"https:\/\/secure.gravatar.com\/avatar\/7f2c48bdc33b30088f941fb6082e555f2874c98e20cb159d7b92b50eadfce793?s=96&d=mm&r=g","contentUrl":"https:\/\/secure.gravatar.com\/avatar\/7f2c48bdc33b30088f941fb6082e555f2874c98e20cb159d7b92b50eadfce793?s=96&d=mm&r=g","caption":"ulises"},"sameAs":["http:\/\/www.celttv.com.ar"]}]}},"_links":{"self":[{"href":"https:\/\/www.celttv.com.ar\/index.php\/wp-json\/wp\/v2\/posts\/15324","targetHints":{"allow":["GET"]}}],"collection":[{"href":"https:\/\/www.celttv.com.ar\/index.php\/wp-json\/wp\/v2\/posts"}],"about":[{"href":"https:\/\/www.celttv.com.ar\/index.php\/wp-json\/wp\/v2\/types\/post"}],"author":[{"embeddable":true,"href":"https:\/\/www.celttv.com.ar\/index.php\/wp-json\/wp\/v2\/users\/1"}],"replies":[{"embeddable":true,"href":"https:\/\/www.celttv.com.ar\/index.php\/wp-json\/wp\/v2\/comments?post=15324"}],"version-history":[{"count":0,"href":"https:\/\/www.celttv.com.ar\/index.php\/wp-json\/wp\/v2\/posts\/15324\/revisions"}],"wp:attachment":[{"href":"https:\/\/www.celttv.com.ar\/index.php\/wp-json\/wp\/v2\/media?parent=15324"}],"wp:term":[{"taxonomy":"category","embeddable":true,"href":"https:\/\/www.celttv.com.ar\/index.php\/wp-json\/wp\/v2\/categories?post=15324"},{"taxonomy":"post_tag","embeddable":true,"href":"https:\/\/www.celttv.com.ar\/index.php\/wp-json\/wp\/v2\/tags?post=15324"}],"curies":[{"name":"wp","href":"https:\/\/api.w.org\/{rel}","templated":true}]}}