{"id":15356,"date":"2013-10-31T15:14:30","date_gmt":"2013-10-31T15:14:30","guid":{"rendered":"http:\/\/www.tvcnoticias.com.ar\/?p=15356"},"modified":"2013-10-31T15:14:30","modified_gmt":"2013-10-31T15:14:30","slug":"concurso-de-periodismo-la-fuerza-de-mi-pais","status":"publish","type":"post","link":"https:\/\/www.celttv.com.ar\/index.php\/2013\/10\/31\/concurso-de-periodismo-la-fuerza-de-mi-pais\/","title":{"rendered":"CONCURSO DE PERIODISMO \u201cLA FUERZA DE MI PA\u00cdS\u201d"},"content":{"rendered":"<p>Organizado por \u00a0Diarios y Peri\u00f3dicos Regionales Argentinos (Dypra) la Primera Edici\u00f3n del Concurso Nacional \u00abLa Fuerza De Mi Pa\u00eds\u00bb premiar\u00e1 al trabajo ganador con $5.000,00 (Cinco mil pesos) y con la publicaci\u00f3n del mismo en los medios gr\u00e1ficos participantes. Se establece tambi\u00e9n un premio honor\u00edfico para el medio gr\u00e1fico en el que fuera publicado el trabajo ganador. Tambi\u00e9n habr\u00e1 premios de $ 3.000,00 (Tres mil pesos) para los trabajos que obtengan el segundo y tercer lugar respectivamente. Finalmente, los trabajos que se ubiquen en cuarto y quinto lugar obtendr\u00e1n premios de $ 2.000,00 (Dos mil pesos), respectivamente.<br \/>\n&nbsp;<br \/>\nPor otra parte, todos los trabajos enviados estar\u00e1n sujetos a una evaluaci\u00f3n para incluirlos en una publicaci\u00f3n especial dedicada al concurso.<br \/>\n&nbsp;<br \/>\nEl Jurado podr\u00e1 otorgar menciones especiales o declarar desierto el concurso, en caso que considere oportuna alguna de estas alternativas.<br \/>\n&nbsp;<br \/>\nPodr\u00e1n participar medios gr\u00e1ficos de todo el pa\u00eds asociados a Dypra, con producciones period\u00edsticas propias realizadas y publicadas entre el 1\u00ba de enero de 2012 y el 30 de agosto de 2013, inclusive.\u00a0 Los trabajos, de cualquier g\u00e9nero period\u00edstico gr\u00e1fico, deber\u00e1n estar referidos a los siguientes temas:<br \/>\n&nbsp;<\/p>\n<ul>\n<li><strong>Desarrollo regional<\/strong><\/li>\n<li><strong>Econom\u00eda Solidaria<\/strong><\/li>\n<li><strong>Asociativismo Pyme<\/strong><\/li>\n<li><strong>Responsabilidad Social<\/strong><\/li>\n<\/ul>\n<p>&nbsp;<br \/>\nEstos temas fueron elegidos en el horizonte de difundir experiencias, pr\u00e1cticas y propuestas productivas orientadas a fortalecer el papel de las econom\u00edas regionales, de base participativa, con una mirada solidaria y de cara al rol social de las empresas.<br \/>\n&nbsp;<br \/>\nEl concepto de asociatividad empresaria se entiende como un mecanismo de cooperaci\u00f3n flexible entre empresas, donde cada una, sin perder su autonom\u00eda, decide voluntariamente participar de un esfuerzo conjunto para la obtenci\u00f3n de objetivos comunes.<br \/>\n&nbsp;<br \/>\nLas mutuales, cooperativas y pymes, articuladas con el Estado, son las protagonistas indiscutibles de la captura del ahorro regional, la incorporaci\u00f3n de mano de obra y valor agregado en origen, de exportaciones con mayor valor por tonelada, de innovaci\u00f3n y generaci\u00f3n de zonas de desarrollo local. Encontrar las claves de modelos exitosos y poder transmitirlo es una tarea fundamental para el periodismo regional que confluye en Dypra.<br \/>\n&nbsp;<br \/>\nSe considerar\u00e1 de especial inter\u00e9s a los fines de la evaluaci\u00f3n por parte del jurado los casos de \u00e9xito donde las empresas encaran proyectos de cara a la comunidad, las experiencias innovadoras, la articulaci\u00f3n con pol\u00edticas estatales, la gesti\u00f3n participativa, entre otros.<br \/>\n&nbsp;<br \/>\nPor otra parte, las caracter\u00edsticas t\u00e9cnicas de los materiales entregados ser\u00e1n consideradas por expertos, pudiendo el jurado pedir que los trabajos seleccionados para la publicaci\u00f3n final sean modificados.<br \/>\n&nbsp;<br \/>\nEn las producciones presentadas deber\u00e1 identificarse el t\u00edtulo de la noticia elegida y consignando a su vez la fecha de publicaci\u00f3n. Como en el resto de las condiciones, el no cumplimiento de este requisito implica la descalificaci\u00f3n autom\u00e1tica del trabajo.<br \/>\nLos concursantes podr\u00e1n participar en una categor\u00eda \u00fanica: Residentes en la Rep\u00fablica Argentina a partir de los 18 a\u00f1os y sin l\u00edmite de edad.<br \/>\n&nbsp;<br \/>\nLos autores utilizar\u00e1n un seud\u00f3nimo con el que firmar\u00e1n sus trabajos y remitir\u00e1n sus obras -en cuatro (4) copias en papel escrito en procesador de texto, tipograf\u00eda Arial, cuerpo 12- en sobre cerrado (Sobre A) con la siguiente leyenda: \u201cPrimera edici\u00f3n del Concurso Nacional \u00abLa Fuerza De Mi Pa\u00eds\u00bb\u201d. Avenida Belgrano 1217 \/ 6\u00ba piso oficinas 65 a 68. Ciudad Aut\u00f3noma de Buenos Aires.<br \/>\n&nbsp;<br \/>\nEn el interior del sobre se colocar\u00e1 adem\u00e1s otros dos sobres cerrados en cuyo exterior se colocar\u00e1 seud\u00f3nimo y t\u00edtulo del trabajo.<br \/>\n&nbsp;<br \/>\nEn uno de los sobres interiores (sobre B) se incluir\u00e1n los datos consignado seud\u00f3nimo, nombre y apellido, fecha de nacimiento, documento de identidad, domicilio, tel\u00e9fono, direcci\u00f3n de correo electr\u00f3nico y la \u201cAutorizaci\u00f3n para publicaci\u00f3n de trabajos\u201d.<br \/>\n&nbsp;<br \/>\nEn otro de los sobres interiores (sobre C) deber\u00e1 contener la copia fiel de la\/s p\u00e1gina\/s donde fue publicada la noticia.<br \/>\n&nbsp;<br \/>\nCada interesado podr\u00e1 participar hasta con dos (2) trabajos, los que deber\u00e1n ser presentados en forma independiente uno del otro.<br \/>\nLas obras podr\u00e1n ser receptadas hasta las 13.00 horas del 15 de Noviembre de 2013 en Avenida Belgrano 1217 \/ 6\u00ba piso oficinas 65 a 68. Ciudad Aut\u00f3noma de Buenos Aires.<br \/>\nPara los trabajos enviados por correo se tendr\u00e1 en cuenta la fecha del matasello postal.<br \/>\nLa entrega de premios se concretar\u00e1 el 6 de diciembre de 2013 en Tecn\u00f3polis, Buenos Aires, en el marco del CONGRESO FEDERAL DE ECONOM\u00cdA SOLIDARIA Y ASOCIATIVISMO PYME. Si esta actividad cambiase de fecha y\/o sede los Organizadores del Concurso definir\u00e1n d\u00f3nde y cu\u00e1ndo se entregar\u00e1n los premios.<br \/>\n&nbsp;<br \/>\nEl Jurado deber\u00e1 expedirse antes del 28 de noviembre de 2013.<br \/>\n&nbsp;<br \/>\nLa sola participaci\u00f3n en el concurso implica la aceptaci\u00f3n de estas bases.<br \/>\n&nbsp;<\/p>\n","protected":false},"excerpt":{"rendered":"<p>Organizado por \u00a0Diarios y Peri\u00f3dicos Regionales Argentinos (Dypra) la Primera Edici\u00f3n del Concurso Nacional \u00abLa Fuerza De Mi Pa\u00eds\u00bb premiar\u00e1 al trabajo ganador con $5.000,00 (Cinco mil pesos) y con la publicaci\u00f3n del mismo en los medios gr\u00e1ficos participantes. Se establece tambi\u00e9n un premio honor\u00edfico para el medio gr\u00e1fico en el que fuera publicado el [&hellip;]<\/p>\n","protected":false},"author":1,"featured_media":0,"comment_status":"closed","ping_status":"open","sticky":false,"template":"","format":"standard","meta":{"footnotes":""},"categories":[51,52],"tags":[],"class_list":["post-15356","post","type-post","status-publish","format-standard","hentry","category-comunidad","category-destacadas"],"yoast_head":"<!-- This site is optimized with the Yoast SEO plugin v19.7.1 - https:\/\/yoast.com\/wordpress\/plugins\/seo\/ -->\n<title>CONCURSO DE PERIODISMO \u201cLA FUERZA DE MI PA\u00cdS\u201d - CELTTV<\/title>\n<meta name=\"description\" content=\"Sitio web de noticias de la localidad de Tornquist, provincia de Buenos Aires, Rep\u00fablica Argentina. Contenido propio originado por periodistas de CELTTV, el canal de TV local de la Cooperativa El\u00e9ctrica de Tornquist. Turismo, Pol\u00edtica, Sociedad, Deporte, Cultura y todo el contenido de inter\u00e9s general que la gente del pueblo y la regi\u00f3n debe conocer.\" \/>\n<meta name=\"robots\" content=\"index, follow, max-snippet:-1, max-image-preview:large, max-video-preview:-1\" \/>\n<link rel=\"canonical\" href=\"https:\/\/www.celttv.com.ar\/index.php\/2013\/10\/31\/concurso-de-periodismo-la-fuerza-de-mi-pais\/\" \/>\n<meta property=\"og:locale\" content=\"es_ES\" \/>\n<meta property=\"og:type\" content=\"article\" \/>\n<meta property=\"og:title\" content=\"CONCURSO DE PERIODISMO \u201cLA FUERZA DE MI PA\u00cdS\u201d - CELTTV\" \/>\n<meta property=\"og:description\" content=\"Sitio web de noticias de la localidad de Tornquist, provincia de Buenos Aires, Rep\u00fablica Argentina. Contenido propio originado por periodistas de CELTTV, el canal de TV local de la Cooperativa El\u00e9ctrica de Tornquist. Turismo, Pol\u00edtica, Sociedad, Deporte, Cultura y todo el contenido de inter\u00e9s general que la gente del pueblo y la regi\u00f3n debe conocer.\" \/>\n<meta property=\"og:url\" content=\"https:\/\/www.celttv.com.ar\/index.php\/2013\/10\/31\/concurso-de-periodismo-la-fuerza-de-mi-pais\/\" \/>\n<meta property=\"og:site_name\" content=\"CELTTV\" \/>\n<meta property=\"article:publisher\" content=\"https:\/\/www.facebook.com\/celtTV\/\" \/>\n<meta property=\"article:published_time\" content=\"2013-10-31T15:14:30+00:00\" \/>\n<meta name=\"author\" content=\"ulises\" \/>\n<meta name=\"twitter:card\" content=\"summary_large_image\" \/>\n<meta name=\"twitter:label1\" content=\"Escrito por\" \/>\n\t<meta name=\"twitter:data1\" content=\"ulises\" \/>\n\t<meta name=\"twitter:label2\" content=\"Tiempo de lectura\" \/>\n\t<meta name=\"twitter:data2\" content=\"4 minutos\" \/>\n<script type=\"application\/ld+json\" class=\"yoast-schema-graph\">{\"@context\":\"https:\/\/schema.org\",\"@graph\":[{\"@type\":\"NewsArticle\",\"@id\":\"https:\/\/www.celttv.com.ar\/index.php\/2013\/10\/31\/concurso-de-periodismo-la-fuerza-de-mi-pais\/#article\",\"isPartOf\":{\"@id\":\"https:\/\/www.celttv.com.ar\/index.php\/2013\/10\/31\/concurso-de-periodismo-la-fuerza-de-mi-pais\/\"},\"author\":{\"name\":\"ulises\",\"@id\":\"https:\/\/www.celttv.com.ar\/#\/schema\/person\/6d99c072dba59953809c81446e9d0ace\"},\"headline\":\"CONCURSO DE PERIODISMO \u201cLA FUERZA DE MI PA\u00cdS\u201d\",\"datePublished\":\"2013-10-31T15:14:30+00:00\",\"dateModified\":\"2013-10-31T15:14:30+00:00\",\"mainEntityOfPage\":{\"@id\":\"https:\/\/www.celttv.com.ar\/index.php\/2013\/10\/31\/concurso-de-periodismo-la-fuerza-de-mi-pais\/\"},\"wordCount\":827,\"publisher\":{\"@id\":\"https:\/\/www.celttv.com.ar\/#organization\"},\"articleSection\":[\"Comunidad\",\"Destacadas\"],\"inLanguage\":\"es\"},{\"@type\":\"WebPage\",\"@id\":\"https:\/\/www.celttv.com.ar\/index.php\/2013\/10\/31\/concurso-de-periodismo-la-fuerza-de-mi-pais\/\",\"url\":\"https:\/\/www.celttv.com.ar\/index.php\/2013\/10\/31\/concurso-de-periodismo-la-fuerza-de-mi-pais\/\",\"name\":\"CONCURSO DE PERIODISMO \u201cLA FUERZA DE MI PA\u00cdS\u201d - CELTTV\",\"isPartOf\":{\"@id\":\"https:\/\/www.celttv.com.ar\/#website\"},\"datePublished\":\"2013-10-31T15:14:30+00:00\",\"dateModified\":\"2013-10-31T15:14:30+00:00\",\"description\":\"Sitio web de noticias de la localidad de Tornquist, provincia de Buenos Aires, Rep\u00fablica Argentina. Contenido propio originado por periodistas de CELTTV, el canal de TV local de la Cooperativa El\u00e9ctrica de Tornquist. Turismo, Pol\u00edtica, Sociedad, Deporte, Cultura y todo el contenido de inter\u00e9s general que la gente del pueblo y la regi\u00f3n debe conocer.\",\"breadcrumb\":{\"@id\":\"https:\/\/www.celttv.com.ar\/index.php\/2013\/10\/31\/concurso-de-periodismo-la-fuerza-de-mi-pais\/#breadcrumb\"},\"inLanguage\":\"es\",\"potentialAction\":[{\"@type\":\"ReadAction\",\"target\":[\"https:\/\/www.celttv.com.ar\/index.php\/2013\/10\/31\/concurso-de-periodismo-la-fuerza-de-mi-pais\/\"]}]},{\"@type\":\"BreadcrumbList\",\"@id\":\"https:\/\/www.celttv.com.ar\/index.php\/2013\/10\/31\/concurso-de-periodismo-la-fuerza-de-mi-pais\/#breadcrumb\",\"itemListElement\":[{\"@type\":\"ListItem\",\"position\":1,\"name\":\"Inicio\",\"item\":\"https:\/\/www.celttv.com.ar\/\"},{\"@type\":\"ListItem\",\"position\":2,\"name\":\"CONCURSO DE PERIODISMO \u201cLA FUERZA DE MI PA\u00cdS\u201d\"}]},{\"@type\":\"WebSite\",\"@id\":\"https:\/\/www.celttv.com.ar\/#website\",\"url\":\"https:\/\/www.celttv.com.ar\/\",\"name\":\"CELTTV\",\"description\":\"Cooperativa El\u00e9ctrica de Tornquist\",\"publisher\":{\"@id\":\"https:\/\/www.celttv.com.ar\/#organization\"},\"potentialAction\":[{\"@type\":\"SearchAction\",\"target\":{\"@type\":\"EntryPoint\",\"urlTemplate\":\"https:\/\/www.celttv.com.ar\/?s={search_term_string}\"},\"query-input\":\"required name=search_term_string\"}],\"inLanguage\":\"es\"},{\"@type\":\"Organization\",\"@id\":\"https:\/\/www.celttv.com.ar\/#organization\",\"name\":\"CELTTV\",\"url\":\"https:\/\/www.celttv.com.ar\/\",\"sameAs\":[\"https:\/\/www.youtube.com\/channel\/UCz_oIt8Hig64Ub-EmcNPIhg\",\"https:\/\/www.facebook.com\/celtTV\/\"],\"logo\":{\"@type\":\"ImageObject\",\"inLanguage\":\"es\",\"@id\":\"https:\/\/www.celttv.com.ar\/#\/schema\/logo\/image\/\",\"url\":\"http:\/\/www.celttv.com.ar\/wp-content\/uploads\/2022\/08\/logo-1.png\",\"contentUrl\":\"http:\/\/www.celttv.com.ar\/wp-content\/uploads\/2022\/08\/logo-1.png\",\"width\":461,\"height\":159,\"caption\":\"CELTTV\"},\"image\":{\"@id\":\"https:\/\/www.celttv.com.ar\/#\/schema\/logo\/image\/\"}},{\"@type\":\"Person\",\"@id\":\"https:\/\/www.celttv.com.ar\/#\/schema\/person\/6d99c072dba59953809c81446e9d0ace\",\"name\":\"ulises\",\"image\":{\"@type\":\"ImageObject\",\"inLanguage\":\"es\",\"@id\":\"https:\/\/www.celttv.com.ar\/#\/schema\/person\/image\/\",\"url\":\"https:\/\/secure.gravatar.com\/avatar\/7f2c48bdc33b30088f941fb6082e555f2874c98e20cb159d7b92b50eadfce793?s=96&d=mm&r=g\",\"contentUrl\":\"https:\/\/secure.gravatar.com\/avatar\/7f2c48bdc33b30088f941fb6082e555f2874c98e20cb159d7b92b50eadfce793?s=96&d=mm&r=g\",\"caption\":\"ulises\"},\"sameAs\":[\"http:\/\/www.celttv.com.ar\"]}]}<\/script>\n<!-- \/ Yoast SEO plugin. -->","yoast_head_json":{"title":"CONCURSO DE PERIODISMO \u201cLA FUERZA DE MI PA\u00cdS\u201d - CELTTV","description":"Sitio web de noticias de la localidad de Tornquist, provincia de Buenos Aires, Rep\u00fablica Argentina. Contenido propio originado por periodistas de CELTTV, el canal de TV local de la Cooperativa El\u00e9ctrica de Tornquist. Turismo, Pol\u00edtica, Sociedad, Deporte, Cultura y todo el contenido de inter\u00e9s general que la gente del pueblo y la regi\u00f3n debe conocer.","robots":{"index":"index","follow":"follow","max-snippet":"max-snippet:-1","max-image-preview":"max-image-preview:large","max-video-preview":"max-video-preview:-1"},"canonical":"https:\/\/www.celttv.com.ar\/index.php\/2013\/10\/31\/concurso-de-periodismo-la-fuerza-de-mi-pais\/","og_locale":"es_ES","og_type":"article","og_title":"CONCURSO DE PERIODISMO \u201cLA FUERZA DE MI PA\u00cdS\u201d - CELTTV","og_description":"Sitio web de noticias de la localidad de Tornquist, provincia de Buenos Aires, Rep\u00fablica Argentina. Contenido propio originado por periodistas de CELTTV, el canal de TV local de la Cooperativa El\u00e9ctrica de Tornquist. Turismo, Pol\u00edtica, Sociedad, Deporte, Cultura y todo el contenido de inter\u00e9s general que la gente del pueblo y la regi\u00f3n debe conocer.","og_url":"https:\/\/www.celttv.com.ar\/index.php\/2013\/10\/31\/concurso-de-periodismo-la-fuerza-de-mi-pais\/","og_site_name":"CELTTV","article_publisher":"https:\/\/www.facebook.com\/celtTV\/","article_published_time":"2013-10-31T15:14:30+00:00","author":"ulises","twitter_card":"summary_large_image","twitter_misc":{"Escrito por":"ulises","Tiempo de lectura":"4 minutos"},"schema":{"@context":"https:\/\/schema.org","@graph":[{"@type":"NewsArticle","@id":"https:\/\/www.celttv.com.ar\/index.php\/2013\/10\/31\/concurso-de-periodismo-la-fuerza-de-mi-pais\/#article","isPartOf":{"@id":"https:\/\/www.celttv.com.ar\/index.php\/2013\/10\/31\/concurso-de-periodismo-la-fuerza-de-mi-pais\/"},"author":{"name":"ulises","@id":"https:\/\/www.celttv.com.ar\/#\/schema\/person\/6d99c072dba59953809c81446e9d0ace"},"headline":"CONCURSO DE PERIODISMO \u201cLA FUERZA DE MI PA\u00cdS\u201d","datePublished":"2013-10-31T15:14:30+00:00","dateModified":"2013-10-31T15:14:30+00:00","mainEntityOfPage":{"@id":"https:\/\/www.celttv.com.ar\/index.php\/2013\/10\/31\/concurso-de-periodismo-la-fuerza-de-mi-pais\/"},"wordCount":827,"publisher":{"@id":"https:\/\/www.celttv.com.ar\/#organization"},"articleSection":["Comunidad","Destacadas"],"inLanguage":"es"},{"@type":"WebPage","@id":"https:\/\/www.celttv.com.ar\/index.php\/2013\/10\/31\/concurso-de-periodismo-la-fuerza-de-mi-pais\/","url":"https:\/\/www.celttv.com.ar\/index.php\/2013\/10\/31\/concurso-de-periodismo-la-fuerza-de-mi-pais\/","name":"CONCURSO DE PERIODISMO \u201cLA FUERZA DE MI PA\u00cdS\u201d - CELTTV","isPartOf":{"@id":"https:\/\/www.celttv.com.ar\/#website"},"datePublished":"2013-10-31T15:14:30+00:00","dateModified":"2013-10-31T15:14:30+00:00","description":"Sitio web de noticias de la localidad de Tornquist, provincia de Buenos Aires, Rep\u00fablica Argentina. Contenido propio originado por periodistas de CELTTV, el canal de TV local de la Cooperativa El\u00e9ctrica de Tornquist. Turismo, Pol\u00edtica, Sociedad, Deporte, Cultura y todo el contenido de inter\u00e9s general que la gente del pueblo y la regi\u00f3n debe conocer.","breadcrumb":{"@id":"https:\/\/www.celttv.com.ar\/index.php\/2013\/10\/31\/concurso-de-periodismo-la-fuerza-de-mi-pais\/#breadcrumb"},"inLanguage":"es","potentialAction":[{"@type":"ReadAction","target":["https:\/\/www.celttv.com.ar\/index.php\/2013\/10\/31\/concurso-de-periodismo-la-fuerza-de-mi-pais\/"]}]},{"@type":"BreadcrumbList","@id":"https:\/\/www.celttv.com.ar\/index.php\/2013\/10\/31\/concurso-de-periodismo-la-fuerza-de-mi-pais\/#breadcrumb","itemListElement":[{"@type":"ListItem","position":1,"name":"Inicio","item":"https:\/\/www.celttv.com.ar\/"},{"@type":"ListItem","position":2,"name":"CONCURSO DE PERIODISMO \u201cLA FUERZA DE MI PA\u00cdS\u201d"}]},{"@type":"WebSite","@id":"https:\/\/www.celttv.com.ar\/#website","url":"https:\/\/www.celttv.com.ar\/","name":"CELTTV","description":"Cooperativa El\u00e9ctrica de Tornquist","publisher":{"@id":"https:\/\/www.celttv.com.ar\/#organization"},"potentialAction":[{"@type":"SearchAction","target":{"@type":"EntryPoint","urlTemplate":"https:\/\/www.celttv.com.ar\/?s={search_term_string}"},"query-input":"required name=search_term_string"}],"inLanguage":"es"},{"@type":"Organization","@id":"https:\/\/www.celttv.com.ar\/#organization","name":"CELTTV","url":"https:\/\/www.celttv.com.ar\/","sameAs":["https:\/\/www.youtube.com\/channel\/UCz_oIt8Hig64Ub-EmcNPIhg","https:\/\/www.facebook.com\/celtTV\/"],"logo":{"@type":"ImageObject","inLanguage":"es","@id":"https:\/\/www.celttv.com.ar\/#\/schema\/logo\/image\/","url":"http:\/\/www.celttv.com.ar\/wp-content\/uploads\/2022\/08\/logo-1.png","contentUrl":"http:\/\/www.celttv.com.ar\/wp-content\/uploads\/2022\/08\/logo-1.png","width":461,"height":159,"caption":"CELTTV"},"image":{"@id":"https:\/\/www.celttv.com.ar\/#\/schema\/logo\/image\/"}},{"@type":"Person","@id":"https:\/\/www.celttv.com.ar\/#\/schema\/person\/6d99c072dba59953809c81446e9d0ace","name":"ulises","image":{"@type":"ImageObject","inLanguage":"es","@id":"https:\/\/www.celttv.com.ar\/#\/schema\/person\/image\/","url":"https:\/\/secure.gravatar.com\/avatar\/7f2c48bdc33b30088f941fb6082e555f2874c98e20cb159d7b92b50eadfce793?s=96&d=mm&r=g","contentUrl":"https:\/\/secure.gravatar.com\/avatar\/7f2c48bdc33b30088f941fb6082e555f2874c98e20cb159d7b92b50eadfce793?s=96&d=mm&r=g","caption":"ulises"},"sameAs":["http:\/\/www.celttv.com.ar"]}]}},"_links":{"self":[{"href":"https:\/\/www.celttv.com.ar\/index.php\/wp-json\/wp\/v2\/posts\/15356","targetHints":{"allow":["GET"]}}],"collection":[{"href":"https:\/\/www.celttv.com.ar\/index.php\/wp-json\/wp\/v2\/posts"}],"about":[{"href":"https:\/\/www.celttv.com.ar\/index.php\/wp-json\/wp\/v2\/types\/post"}],"author":[{"embeddable":true,"href":"https:\/\/www.celttv.com.ar\/index.php\/wp-json\/wp\/v2\/users\/1"}],"replies":[{"embeddable":true,"href":"https:\/\/www.celttv.com.ar\/index.php\/wp-json\/wp\/v2\/comments?post=15356"}],"version-history":[{"count":0,"href":"https:\/\/www.celttv.com.ar\/index.php\/wp-json\/wp\/v2\/posts\/15356\/revisions"}],"wp:attachment":[{"href":"https:\/\/www.celttv.com.ar\/index.php\/wp-json\/wp\/v2\/media?parent=15356"}],"wp:term":[{"taxonomy":"category","embeddable":true,"href":"https:\/\/www.celttv.com.ar\/index.php\/wp-json\/wp\/v2\/categories?post=15356"},{"taxonomy":"post_tag","embeddable":true,"href":"https:\/\/www.celttv.com.ar\/index.php\/wp-json\/wp\/v2\/tags?post=15356"}],"curies":[{"name":"wp","href":"https:\/\/api.w.org\/{rel}","templated":true}]}}