{"id":15360,"date":"2013-10-31T17:29:24","date_gmt":"2013-10-31T17:29:24","guid":{"rendered":"http:\/\/www.tvcnoticias.com.ar\/?p=15360"},"modified":"2013-10-31T17:29:24","modified_gmt":"2013-10-31T17:29:24","slug":"educacion-sintesis-del-trabajo-realizado-por-las-candidatas-a-consejeras-escolares-del-frente-civico","status":"publish","type":"post","link":"https:\/\/www.celttv.com.ar\/index.php\/2013\/10\/31\/educacion-sintesis-del-trabajo-realizado-por-las-candidatas-a-consejeras-escolares-del-frente-civico\/","title":{"rendered":"EDUCACION: SINTESIS DEL TRABAJO REALIZADO POR LAS CANDIDATAS A CONSEJERAS ESCOLARES DEL FRENTE CIVICO"},"content":{"rendered":"<p>Las candidatas a Consejeras Escolares del Frente Progresista C\u00edvico y Social, \u00a0 recorrimos las escuelas del distrito y nos hemos reunido con las Asociaciones Cooperadoras de las mismas, a las cuales queremos agradecer por su buena predisposici\u00f3n y recepci\u00f3n.En dicho \u00a0recorrido, \u00a0realizamos un relevamiento de las necesidades de las Escuelas.Sintetizamos a continuaci\u00f3n las prioritarias:DIFICULTADES COMUNES A TODO EL DISTRITO\u2022\tInfraestructura (de mantenimiento, de refacciones \u00a0y de ampliaciones).\u2022\tCompras para el SAE.\u2022\tInsumos b\u00e1sicos (escasos o inexistentes): elementos de limpieza, papeler\u00eda, otros.DIFICULTADES EN ZONAS RURALES\u2022\tTransporte Escolar.\u2022\tDesmalezamiento del predio escolar.\u2022\tComunicaciones: telefon\u00eda e internet.\u2022\tRealizaci\u00f3n de gestiones administrativas por distancia.\u2022\tEstado de los caminos.<br \/>\nOBSERVACION: \u00a0Las relator\u00edas de visitas a las Escuelas del Distrito con las especificaciones correspondientes, se encuentran a disposici\u00f3n de quienes lo requieran.<br \/>\nClaudia Marcolini, Adriana Muscillo, Julieta Ceschan \u00a0y Ayel\u00e9n Almada.<\/p>\n","protected":false},"excerpt":{"rendered":"<p>Las candidatas a Consejeras Escolares del Frente Progresista C\u00edvico y Social, \u00a0 recorrimos las escuelas del distrito y nos hemos reunido con las Asociaciones Cooperadoras de las mismas, a las cuales queremos agradecer por su buena predisposici\u00f3n y recepci\u00f3n.En dicho \u00a0recorrido, \u00a0realizamos un relevamiento de las necesidades de las Escuelas.Sintetizamos a continuaci\u00f3n las prioritarias:DIFICULTADES COMUNES [&hellip;]<\/p>\n","protected":false},"author":1,"featured_media":0,"comment_status":"closed","ping_status":"open","sticky":false,"template":"","format":"standard","meta":{"footnotes":""},"categories":[51,52,53],"tags":[],"class_list":["post-15360","post","type-post","status-publish","format-standard","hentry","category-comunidad","category-destacadas","category-politica"],"yoast_head":"<!-- This site is optimized with the Yoast SEO plugin v19.7.1 - https:\/\/yoast.com\/wordpress\/plugins\/seo\/ -->\n<title>EDUCACION: SINTESIS DEL TRABAJO REALIZADO POR LAS CANDIDATAS A CONSEJERAS ESCOLARES DEL FRENTE CIVICO - CELTTV<\/title>\n<meta name=\"description\" content=\"Sitio web de noticias de la localidad de Tornquist, provincia de Buenos Aires, Rep\u00fablica Argentina. Contenido propio originado por periodistas de CELTTV, el canal de TV local de la Cooperativa El\u00e9ctrica de Tornquist. Turismo, Pol\u00edtica, Sociedad, Deporte, Cultura y todo el contenido de inter\u00e9s general que la gente del pueblo y la regi\u00f3n debe conocer.\" \/>\n<meta name=\"robots\" content=\"index, follow, max-snippet:-1, max-image-preview:large, max-video-preview:-1\" \/>\n<link rel=\"canonical\" href=\"https:\/\/www.celttv.com.ar\/index.php\/2013\/10\/31\/educacion-sintesis-del-trabajo-realizado-por-las-candidatas-a-consejeras-escolares-del-frente-civico\/\" \/>\n<meta property=\"og:locale\" content=\"es_ES\" \/>\n<meta property=\"og:type\" content=\"article\" \/>\n<meta property=\"og:title\" content=\"EDUCACION: SINTESIS DEL TRABAJO REALIZADO POR LAS CANDIDATAS A CONSEJERAS ESCOLARES DEL FRENTE CIVICO - CELTTV\" \/>\n<meta property=\"og:description\" content=\"Sitio web de noticias de la localidad de Tornquist, provincia de Buenos Aires, Rep\u00fablica Argentina. Contenido propio originado por periodistas de CELTTV, el canal de TV local de la Cooperativa El\u00e9ctrica de Tornquist. Turismo, Pol\u00edtica, Sociedad, Deporte, Cultura y todo el contenido de inter\u00e9s general que la gente del pueblo y la regi\u00f3n debe conocer.\" \/>\n<meta property=\"og:url\" content=\"https:\/\/www.celttv.com.ar\/index.php\/2013\/10\/31\/educacion-sintesis-del-trabajo-realizado-por-las-candidatas-a-consejeras-escolares-del-frente-civico\/\" \/>\n<meta property=\"og:site_name\" content=\"CELTTV\" \/>\n<meta property=\"article:publisher\" content=\"https:\/\/www.facebook.com\/celtTV\/\" \/>\n<meta property=\"article:published_time\" content=\"2013-10-31T17:29:24+00:00\" \/>\n<meta name=\"author\" content=\"ulises\" \/>\n<meta name=\"twitter:card\" content=\"summary_large_image\" \/>\n<meta name=\"twitter:label1\" content=\"Escrito por\" \/>\n\t<meta name=\"twitter:data1\" content=\"ulises\" \/>\n\t<meta name=\"twitter:label2\" content=\"Tiempo de lectura\" \/>\n\t<meta name=\"twitter:data2\" content=\"1 minuto\" \/>\n<script type=\"application\/ld+json\" class=\"yoast-schema-graph\">{\"@context\":\"https:\/\/schema.org\",\"@graph\":[{\"@type\":\"NewsArticle\",\"@id\":\"https:\/\/www.celttv.com.ar\/index.php\/2013\/10\/31\/educacion-sintesis-del-trabajo-realizado-por-las-candidatas-a-consejeras-escolares-del-frente-civico\/#article\",\"isPartOf\":{\"@id\":\"https:\/\/www.celttv.com.ar\/index.php\/2013\/10\/31\/educacion-sintesis-del-trabajo-realizado-por-las-candidatas-a-consejeras-escolares-del-frente-civico\/\"},\"author\":{\"name\":\"ulises\",\"@id\":\"https:\/\/www.celttv.com.ar\/#\/schema\/person\/6d99c072dba59953809c81446e9d0ace\"},\"headline\":\"EDUCACION: SINTESIS DEL TRABAJO REALIZADO POR LAS CANDIDATAS A CONSEJERAS ESCOLARES DEL FRENTE CIVICO\",\"datePublished\":\"2013-10-31T17:29:24+00:00\",\"dateModified\":\"2013-10-31T17:29:24+00:00\",\"mainEntityOfPage\":{\"@id\":\"https:\/\/www.celttv.com.ar\/index.php\/2013\/10\/31\/educacion-sintesis-del-trabajo-realizado-por-las-candidatas-a-consejeras-escolares-del-frente-civico\/\"},\"wordCount\":163,\"publisher\":{\"@id\":\"https:\/\/www.celttv.com.ar\/#organization\"},\"articleSection\":[\"Comunidad\",\"Destacadas\",\"Pol\u00edtica\"],\"inLanguage\":\"es\"},{\"@type\":\"WebPage\",\"@id\":\"https:\/\/www.celttv.com.ar\/index.php\/2013\/10\/31\/educacion-sintesis-del-trabajo-realizado-por-las-candidatas-a-consejeras-escolares-del-frente-civico\/\",\"url\":\"https:\/\/www.celttv.com.ar\/index.php\/2013\/10\/31\/educacion-sintesis-del-trabajo-realizado-por-las-candidatas-a-consejeras-escolares-del-frente-civico\/\",\"name\":\"EDUCACION: SINTESIS DEL TRABAJO REALIZADO POR LAS CANDIDATAS A CONSEJERAS ESCOLARES DEL FRENTE CIVICO - CELTTV\",\"isPartOf\":{\"@id\":\"https:\/\/www.celttv.com.ar\/#website\"},\"datePublished\":\"2013-10-31T17:29:24+00:00\",\"dateModified\":\"2013-10-31T17:29:24+00:00\",\"description\":\"Sitio web de noticias de la localidad de Tornquist, provincia de Buenos Aires, Rep\u00fablica Argentina. Contenido propio originado por periodistas de CELTTV, el canal de TV local de la Cooperativa El\u00e9ctrica de Tornquist. Turismo, Pol\u00edtica, Sociedad, Deporte, Cultura y todo el contenido de inter\u00e9s general que la gente del pueblo y la regi\u00f3n debe conocer.\",\"breadcrumb\":{\"@id\":\"https:\/\/www.celttv.com.ar\/index.php\/2013\/10\/31\/educacion-sintesis-del-trabajo-realizado-por-las-candidatas-a-consejeras-escolares-del-frente-civico\/#breadcrumb\"},\"inLanguage\":\"es\",\"potentialAction\":[{\"@type\":\"ReadAction\",\"target\":[\"https:\/\/www.celttv.com.ar\/index.php\/2013\/10\/31\/educacion-sintesis-del-trabajo-realizado-por-las-candidatas-a-consejeras-escolares-del-frente-civico\/\"]}]},{\"@type\":\"BreadcrumbList\",\"@id\":\"https:\/\/www.celttv.com.ar\/index.php\/2013\/10\/31\/educacion-sintesis-del-trabajo-realizado-por-las-candidatas-a-consejeras-escolares-del-frente-civico\/#breadcrumb\",\"itemListElement\":[{\"@type\":\"ListItem\",\"position\":1,\"name\":\"Inicio\",\"item\":\"https:\/\/www.celttv.com.ar\/\"},{\"@type\":\"ListItem\",\"position\":2,\"name\":\"EDUCACION: SINTESIS DEL TRABAJO REALIZADO POR LAS CANDIDATAS A CONSEJERAS ESCOLARES DEL FRENTE CIVICO\"}]},{\"@type\":\"WebSite\",\"@id\":\"https:\/\/www.celttv.com.ar\/#website\",\"url\":\"https:\/\/www.celttv.com.ar\/\",\"name\":\"CELTTV\",\"description\":\"Cooperativa El\u00e9ctrica de Tornquist\",\"publisher\":{\"@id\":\"https:\/\/www.celttv.com.ar\/#organization\"},\"potentialAction\":[{\"@type\":\"SearchAction\",\"target\":{\"@type\":\"EntryPoint\",\"urlTemplate\":\"https:\/\/www.celttv.com.ar\/?s={search_term_string}\"},\"query-input\":\"required name=search_term_string\"}],\"inLanguage\":\"es\"},{\"@type\":\"Organization\",\"@id\":\"https:\/\/www.celttv.com.ar\/#organization\",\"name\":\"CELTTV\",\"url\":\"https:\/\/www.celttv.com.ar\/\",\"sameAs\":[\"https:\/\/www.youtube.com\/channel\/UCz_oIt8Hig64Ub-EmcNPIhg\",\"https:\/\/www.facebook.com\/celtTV\/\"],\"logo\":{\"@type\":\"ImageObject\",\"inLanguage\":\"es\",\"@id\":\"https:\/\/www.celttv.com.ar\/#\/schema\/logo\/image\/\",\"url\":\"http:\/\/www.celttv.com.ar\/wp-content\/uploads\/2022\/08\/logo-1.png\",\"contentUrl\":\"http:\/\/www.celttv.com.ar\/wp-content\/uploads\/2022\/08\/logo-1.png\",\"width\":461,\"height\":159,\"caption\":\"CELTTV\"},\"image\":{\"@id\":\"https:\/\/www.celttv.com.ar\/#\/schema\/logo\/image\/\"}},{\"@type\":\"Person\",\"@id\":\"https:\/\/www.celttv.com.ar\/#\/schema\/person\/6d99c072dba59953809c81446e9d0ace\",\"name\":\"ulises\",\"image\":{\"@type\":\"ImageObject\",\"inLanguage\":\"es\",\"@id\":\"https:\/\/www.celttv.com.ar\/#\/schema\/person\/image\/\",\"url\":\"https:\/\/secure.gravatar.com\/avatar\/7f2c48bdc33b30088f941fb6082e555f2874c98e20cb159d7b92b50eadfce793?s=96&d=mm&r=g\",\"contentUrl\":\"https:\/\/secure.gravatar.com\/avatar\/7f2c48bdc33b30088f941fb6082e555f2874c98e20cb159d7b92b50eadfce793?s=96&d=mm&r=g\",\"caption\":\"ulises\"},\"sameAs\":[\"http:\/\/www.celttv.com.ar\"]}]}<\/script>\n<!-- \/ Yoast SEO plugin. -->","yoast_head_json":{"title":"EDUCACION: SINTESIS DEL TRABAJO REALIZADO POR LAS CANDIDATAS A CONSEJERAS ESCOLARES DEL FRENTE CIVICO - CELTTV","description":"Sitio web de noticias de la localidad de Tornquist, provincia de Buenos Aires, Rep\u00fablica Argentina. Contenido propio originado por periodistas de CELTTV, el canal de TV local de la Cooperativa El\u00e9ctrica de Tornquist. Turismo, Pol\u00edtica, Sociedad, Deporte, Cultura y todo el contenido de inter\u00e9s general que la gente del pueblo y la regi\u00f3n debe conocer.","robots":{"index":"index","follow":"follow","max-snippet":"max-snippet:-1","max-image-preview":"max-image-preview:large","max-video-preview":"max-video-preview:-1"},"canonical":"https:\/\/www.celttv.com.ar\/index.php\/2013\/10\/31\/educacion-sintesis-del-trabajo-realizado-por-las-candidatas-a-consejeras-escolares-del-frente-civico\/","og_locale":"es_ES","og_type":"article","og_title":"EDUCACION: SINTESIS DEL TRABAJO REALIZADO POR LAS CANDIDATAS A CONSEJERAS ESCOLARES DEL FRENTE CIVICO - CELTTV","og_description":"Sitio web de noticias de la localidad de Tornquist, provincia de Buenos Aires, Rep\u00fablica Argentina. Contenido propio originado por periodistas de CELTTV, el canal de TV local de la Cooperativa El\u00e9ctrica de Tornquist. Turismo, Pol\u00edtica, Sociedad, Deporte, Cultura y todo el contenido de inter\u00e9s general que la gente del pueblo y la regi\u00f3n debe conocer.","og_url":"https:\/\/www.celttv.com.ar\/index.php\/2013\/10\/31\/educacion-sintesis-del-trabajo-realizado-por-las-candidatas-a-consejeras-escolares-del-frente-civico\/","og_site_name":"CELTTV","article_publisher":"https:\/\/www.facebook.com\/celtTV\/","article_published_time":"2013-10-31T17:29:24+00:00","author":"ulises","twitter_card":"summary_large_image","twitter_misc":{"Escrito por":"ulises","Tiempo de lectura":"1 minuto"},"schema":{"@context":"https:\/\/schema.org","@graph":[{"@type":"NewsArticle","@id":"https:\/\/www.celttv.com.ar\/index.php\/2013\/10\/31\/educacion-sintesis-del-trabajo-realizado-por-las-candidatas-a-consejeras-escolares-del-frente-civico\/#article","isPartOf":{"@id":"https:\/\/www.celttv.com.ar\/index.php\/2013\/10\/31\/educacion-sintesis-del-trabajo-realizado-por-las-candidatas-a-consejeras-escolares-del-frente-civico\/"},"author":{"name":"ulises","@id":"https:\/\/www.celttv.com.ar\/#\/schema\/person\/6d99c072dba59953809c81446e9d0ace"},"headline":"EDUCACION: SINTESIS DEL TRABAJO REALIZADO POR LAS CANDIDATAS A CONSEJERAS ESCOLARES DEL FRENTE CIVICO","datePublished":"2013-10-31T17:29:24+00:00","dateModified":"2013-10-31T17:29:24+00:00","mainEntityOfPage":{"@id":"https:\/\/www.celttv.com.ar\/index.php\/2013\/10\/31\/educacion-sintesis-del-trabajo-realizado-por-las-candidatas-a-consejeras-escolares-del-frente-civico\/"},"wordCount":163,"publisher":{"@id":"https:\/\/www.celttv.com.ar\/#organization"},"articleSection":["Comunidad","Destacadas","Pol\u00edtica"],"inLanguage":"es"},{"@type":"WebPage","@id":"https:\/\/www.celttv.com.ar\/index.php\/2013\/10\/31\/educacion-sintesis-del-trabajo-realizado-por-las-candidatas-a-consejeras-escolares-del-frente-civico\/","url":"https:\/\/www.celttv.com.ar\/index.php\/2013\/10\/31\/educacion-sintesis-del-trabajo-realizado-por-las-candidatas-a-consejeras-escolares-del-frente-civico\/","name":"EDUCACION: SINTESIS DEL TRABAJO REALIZADO POR LAS CANDIDATAS A CONSEJERAS ESCOLARES DEL FRENTE CIVICO - CELTTV","isPartOf":{"@id":"https:\/\/www.celttv.com.ar\/#website"},"datePublished":"2013-10-31T17:29:24+00:00","dateModified":"2013-10-31T17:29:24+00:00","description":"Sitio web de noticias de la localidad de Tornquist, provincia de Buenos Aires, Rep\u00fablica Argentina. Contenido propio originado por periodistas de CELTTV, el canal de TV local de la Cooperativa El\u00e9ctrica de Tornquist. Turismo, Pol\u00edtica, Sociedad, Deporte, Cultura y todo el contenido de inter\u00e9s general que la gente del pueblo y la regi\u00f3n debe conocer.","breadcrumb":{"@id":"https:\/\/www.celttv.com.ar\/index.php\/2013\/10\/31\/educacion-sintesis-del-trabajo-realizado-por-las-candidatas-a-consejeras-escolares-del-frente-civico\/#breadcrumb"},"inLanguage":"es","potentialAction":[{"@type":"ReadAction","target":["https:\/\/www.celttv.com.ar\/index.php\/2013\/10\/31\/educacion-sintesis-del-trabajo-realizado-por-las-candidatas-a-consejeras-escolares-del-frente-civico\/"]}]},{"@type":"BreadcrumbList","@id":"https:\/\/www.celttv.com.ar\/index.php\/2013\/10\/31\/educacion-sintesis-del-trabajo-realizado-por-las-candidatas-a-consejeras-escolares-del-frente-civico\/#breadcrumb","itemListElement":[{"@type":"ListItem","position":1,"name":"Inicio","item":"https:\/\/www.celttv.com.ar\/"},{"@type":"ListItem","position":2,"name":"EDUCACION: SINTESIS DEL TRABAJO REALIZADO POR LAS CANDIDATAS A CONSEJERAS ESCOLARES DEL FRENTE CIVICO"}]},{"@type":"WebSite","@id":"https:\/\/www.celttv.com.ar\/#website","url":"https:\/\/www.celttv.com.ar\/","name":"CELTTV","description":"Cooperativa El\u00e9ctrica de Tornquist","publisher":{"@id":"https:\/\/www.celttv.com.ar\/#organization"},"potentialAction":[{"@type":"SearchAction","target":{"@type":"EntryPoint","urlTemplate":"https:\/\/www.celttv.com.ar\/?s={search_term_string}"},"query-input":"required name=search_term_string"}],"inLanguage":"es"},{"@type":"Organization","@id":"https:\/\/www.celttv.com.ar\/#organization","name":"CELTTV","url":"https:\/\/www.celttv.com.ar\/","sameAs":["https:\/\/www.youtube.com\/channel\/UCz_oIt8Hig64Ub-EmcNPIhg","https:\/\/www.facebook.com\/celtTV\/"],"logo":{"@type":"ImageObject","inLanguage":"es","@id":"https:\/\/www.celttv.com.ar\/#\/schema\/logo\/image\/","url":"http:\/\/www.celttv.com.ar\/wp-content\/uploads\/2022\/08\/logo-1.png","contentUrl":"http:\/\/www.celttv.com.ar\/wp-content\/uploads\/2022\/08\/logo-1.png","width":461,"height":159,"caption":"CELTTV"},"image":{"@id":"https:\/\/www.celttv.com.ar\/#\/schema\/logo\/image\/"}},{"@type":"Person","@id":"https:\/\/www.celttv.com.ar\/#\/schema\/person\/6d99c072dba59953809c81446e9d0ace","name":"ulises","image":{"@type":"ImageObject","inLanguage":"es","@id":"https:\/\/www.celttv.com.ar\/#\/schema\/person\/image\/","url":"https:\/\/secure.gravatar.com\/avatar\/7f2c48bdc33b30088f941fb6082e555f2874c98e20cb159d7b92b50eadfce793?s=96&d=mm&r=g","contentUrl":"https:\/\/secure.gravatar.com\/avatar\/7f2c48bdc33b30088f941fb6082e555f2874c98e20cb159d7b92b50eadfce793?s=96&d=mm&r=g","caption":"ulises"},"sameAs":["http:\/\/www.celttv.com.ar"]}]}},"_links":{"self":[{"href":"https:\/\/www.celttv.com.ar\/index.php\/wp-json\/wp\/v2\/posts\/15360","targetHints":{"allow":["GET"]}}],"collection":[{"href":"https:\/\/www.celttv.com.ar\/index.php\/wp-json\/wp\/v2\/posts"}],"about":[{"href":"https:\/\/www.celttv.com.ar\/index.php\/wp-json\/wp\/v2\/types\/post"}],"author":[{"embeddable":true,"href":"https:\/\/www.celttv.com.ar\/index.php\/wp-json\/wp\/v2\/users\/1"}],"replies":[{"embeddable":true,"href":"https:\/\/www.celttv.com.ar\/index.php\/wp-json\/wp\/v2\/comments?post=15360"}],"version-history":[{"count":0,"href":"https:\/\/www.celttv.com.ar\/index.php\/wp-json\/wp\/v2\/posts\/15360\/revisions"}],"wp:attachment":[{"href":"https:\/\/www.celttv.com.ar\/index.php\/wp-json\/wp\/v2\/media?parent=15360"}],"wp:term":[{"taxonomy":"category","embeddable":true,"href":"https:\/\/www.celttv.com.ar\/index.php\/wp-json\/wp\/v2\/categories?post=15360"},{"taxonomy":"post_tag","embeddable":true,"href":"https:\/\/www.celttv.com.ar\/index.php\/wp-json\/wp\/v2\/tags?post=15360"}],"curies":[{"name":"wp","href":"https:\/\/api.w.org\/{rel}","templated":true}]}}