{"id":15365,"date":"2013-10-31T18:36:31","date_gmt":"2013-10-31T18:36:31","guid":{"rendered":"http:\/\/www.tvcnoticias.com.ar\/?p=15365"},"modified":"2013-10-31T18:36:31","modified_gmt":"2013-10-31T18:36:31","slug":"se-incorporo-un-silo-para-el-acopio-de-bidones-de-agroquimicos","status":"publish","type":"post","link":"https:\/\/www.celttv.com.ar\/index.php\/2013\/10\/31\/se-incorporo-un-silo-para-el-acopio-de-bidones-de-agroquimicos\/","title":{"rendered":"SE INCORPORO UN SILO PARA EL ACOPIO DE BIDONES DE AGROQUIMICOS"},"content":{"rendered":"<p><br \/>\nCon el objetivo de continuar desarrollando la pol\u00edtica de tratamiento de los residuos s\u00f3lidos urbanos, la Municipalidad de Tornquist puso en funcionamiento un silo para el acopio de bidones de agroqu\u00edmicos.<br \/>\nEl lugar se encuentra ubicado dentro del predio elegido para la construcci\u00f3n de la futura planta de separaci\u00f3n de residuos.<br \/>\n\u201cEs un paso m\u00e1s en un tema complejo y muy amplio, como es el tratamiento de los residuos s\u00f3lidos urbanos. Para ir ordenando esa situaci\u00f3n, se est\u00e1n desarrollando distintas acciones instaladas como pol\u00edticas de Estado, a fin de que se mantengan en el tiempo\u201d, confi\u00f3 el intendente municipal, licenciado Gustavo Trankels.<br \/>\nTanto los aplicadores como los productores del distrito podr\u00e1n depositar los bidones entre las 8 y las 14, tras haber realizado previamente el tratamiento espec\u00edfico, es decir, un triple lavado y la perforaci\u00f3n del fondo de los mismos, para evitar su reutilizaci\u00f3n.<br \/>\n\u201cNecesit\u00e1bamos un lugar de acopio de acuerdo a las normativas. En eso se pusieron a trabajar V\u00edctor Ant\u00f3n y Ricardo Valentini, y lograron la construcci\u00f3n de un silo que es sencillo, pero que se adec\u00faa a la normativa vigente. Esta iniciativa evitar\u00e1 que los bidones se encuentren diseminados en los basureros a cielo abierto, tirados a los costados de los alambres o reutilizados para actividades que no se deben usar\u201d, destac\u00f3.<br \/>\n\u201cEl segundo paso es la firma de un convenio con el OPDS, que permitir\u00e1 que una empresa especializada pase peri\u00f3dicamente, recoja los bidones y los traslado para que sean reutilizados en la construcci\u00f3n de postes y varillas de alambrados\u201d, explic\u00f3.<br \/>\nEl jefe comunal consider\u00f3 que se trata de otro \u201cgranito de arena\u201d que se suma a la pol\u00edtica medioambiental y resalt\u00f3 la colaboraci\u00f3n de la firma Bolteco, que conduce Franco Bolletta.<br \/>\n\u201cLe quiero agradecer porque tuvo el gesto de donar las chapas para toda la cubierta de este silo, por lo que la misma est\u00e1 construida con material reciclado\u201d, asegur\u00f3.<br \/>\nEl director de Producci\u00f3n y Medio Ambiente, V\u00edctor Ant\u00f3n, subray\u00f3 el trabajo que se viene efectuando en cuanto al cuidado del medio ambiente.<br \/>\n\u201cLo importante es tener el apoyo del intendente en generar estos espacios, al igual que el apoyo de la Provincia, a trav\u00e9s del OPDS, con la firma de un convenio que nos permitir\u00e1 sacar a estos bidones del distrito\u201d, afirm\u00f3.<br \/>\n&nbsp;<\/p>\n","protected":false},"excerpt":{"rendered":"<p>Con el objetivo de continuar desarrollando la pol\u00edtica de tratamiento de los residuos s\u00f3lidos urbanos, la Municipalidad de Tornquist puso en funcionamiento un silo para el acopio de bidones de agroqu\u00edmicos. El lugar se encuentra ubicado dentro del predio elegido para la construcci\u00f3n de la futura planta de separaci\u00f3n de residuos. \u201cEs un paso m\u00e1s [&hellip;]<\/p>\n","protected":false},"author":1,"featured_media":0,"comment_status":"closed","ping_status":"open","sticky":false,"template":"","format":"standard","meta":{"footnotes":""},"categories":[51,52,53],"tags":[],"class_list":["post-15365","post","type-post","status-publish","format-standard","hentry","category-comunidad","category-destacadas","category-politica"],"yoast_head":"<!-- This site is optimized with the Yoast SEO plugin v19.7.1 - https:\/\/yoast.com\/wordpress\/plugins\/seo\/ -->\n<title>SE INCORPORO UN SILO PARA EL ACOPIO DE BIDONES DE AGROQUIMICOS - CELTTV<\/title>\n<meta name=\"description\" content=\"Sitio web de noticias de la localidad de Tornquist, provincia de Buenos Aires, Rep\u00fablica Argentina. Contenido propio originado por periodistas de CELTTV, el canal de TV local de la Cooperativa El\u00e9ctrica de Tornquist. Turismo, Pol\u00edtica, Sociedad, Deporte, Cultura y todo el contenido de inter\u00e9s general que la gente del pueblo y la regi\u00f3n debe conocer.\" \/>\n<meta name=\"robots\" content=\"index, follow, max-snippet:-1, max-image-preview:large, max-video-preview:-1\" \/>\n<link rel=\"canonical\" href=\"https:\/\/www.celttv.com.ar\/index.php\/2013\/10\/31\/se-incorporo-un-silo-para-el-acopio-de-bidones-de-agroquimicos\/\" \/>\n<meta property=\"og:locale\" content=\"es_ES\" \/>\n<meta property=\"og:type\" content=\"article\" \/>\n<meta property=\"og:title\" content=\"SE INCORPORO UN SILO PARA EL ACOPIO DE BIDONES DE AGROQUIMICOS - CELTTV\" \/>\n<meta property=\"og:description\" content=\"Sitio web de noticias de la localidad de Tornquist, provincia de Buenos Aires, Rep\u00fablica Argentina. Contenido propio originado por periodistas de CELTTV, el canal de TV local de la Cooperativa El\u00e9ctrica de Tornquist. Turismo, Pol\u00edtica, Sociedad, Deporte, Cultura y todo el contenido de inter\u00e9s general que la gente del pueblo y la regi\u00f3n debe conocer.\" \/>\n<meta property=\"og:url\" content=\"https:\/\/www.celttv.com.ar\/index.php\/2013\/10\/31\/se-incorporo-un-silo-para-el-acopio-de-bidones-de-agroquimicos\/\" \/>\n<meta property=\"og:site_name\" content=\"CELTTV\" \/>\n<meta property=\"article:publisher\" content=\"https:\/\/www.facebook.com\/celtTV\/\" \/>\n<meta property=\"article:published_time\" content=\"2013-10-31T18:36:31+00:00\" \/>\n<meta name=\"author\" content=\"ulises\" \/>\n<meta name=\"twitter:card\" content=\"summary_large_image\" \/>\n<meta name=\"twitter:label1\" content=\"Escrito por\" \/>\n\t<meta name=\"twitter:data1\" content=\"ulises\" \/>\n\t<meta name=\"twitter:label2\" content=\"Tiempo de lectura\" \/>\n\t<meta name=\"twitter:data2\" content=\"2 minutos\" \/>\n<script type=\"application\/ld+json\" class=\"yoast-schema-graph\">{\"@context\":\"https:\/\/schema.org\",\"@graph\":[{\"@type\":\"NewsArticle\",\"@id\":\"https:\/\/www.celttv.com.ar\/index.php\/2013\/10\/31\/se-incorporo-un-silo-para-el-acopio-de-bidones-de-agroquimicos\/#article\",\"isPartOf\":{\"@id\":\"https:\/\/www.celttv.com.ar\/index.php\/2013\/10\/31\/se-incorporo-un-silo-para-el-acopio-de-bidones-de-agroquimicos\/\"},\"author\":{\"name\":\"ulises\",\"@id\":\"https:\/\/www.celttv.com.ar\/#\/schema\/person\/6d99c072dba59953809c81446e9d0ace\"},\"headline\":\"SE INCORPORO UN SILO PARA EL ACOPIO DE BIDONES DE AGROQUIMICOS\",\"datePublished\":\"2013-10-31T18:36:31+00:00\",\"dateModified\":\"2013-10-31T18:36:31+00:00\",\"mainEntityOfPage\":{\"@id\":\"https:\/\/www.celttv.com.ar\/index.php\/2013\/10\/31\/se-incorporo-un-silo-para-el-acopio-de-bidones-de-agroquimicos\/\"},\"wordCount\":419,\"publisher\":{\"@id\":\"https:\/\/www.celttv.com.ar\/#organization\"},\"articleSection\":[\"Comunidad\",\"Destacadas\",\"Pol\u00edtica\"],\"inLanguage\":\"es\"},{\"@type\":\"WebPage\",\"@id\":\"https:\/\/www.celttv.com.ar\/index.php\/2013\/10\/31\/se-incorporo-un-silo-para-el-acopio-de-bidones-de-agroquimicos\/\",\"url\":\"https:\/\/www.celttv.com.ar\/index.php\/2013\/10\/31\/se-incorporo-un-silo-para-el-acopio-de-bidones-de-agroquimicos\/\",\"name\":\"SE INCORPORO UN SILO PARA EL ACOPIO DE BIDONES DE AGROQUIMICOS - CELTTV\",\"isPartOf\":{\"@id\":\"https:\/\/www.celttv.com.ar\/#website\"},\"datePublished\":\"2013-10-31T18:36:31+00:00\",\"dateModified\":\"2013-10-31T18:36:31+00:00\",\"description\":\"Sitio web de noticias de la localidad de Tornquist, provincia de Buenos Aires, Rep\u00fablica Argentina. Contenido propio originado por periodistas de CELTTV, el canal de TV local de la Cooperativa El\u00e9ctrica de Tornquist. Turismo, Pol\u00edtica, Sociedad, Deporte, Cultura y todo el contenido de inter\u00e9s general que la gente del pueblo y la regi\u00f3n debe conocer.\",\"breadcrumb\":{\"@id\":\"https:\/\/www.celttv.com.ar\/index.php\/2013\/10\/31\/se-incorporo-un-silo-para-el-acopio-de-bidones-de-agroquimicos\/#breadcrumb\"},\"inLanguage\":\"es\",\"potentialAction\":[{\"@type\":\"ReadAction\",\"target\":[\"https:\/\/www.celttv.com.ar\/index.php\/2013\/10\/31\/se-incorporo-un-silo-para-el-acopio-de-bidones-de-agroquimicos\/\"]}]},{\"@type\":\"BreadcrumbList\",\"@id\":\"https:\/\/www.celttv.com.ar\/index.php\/2013\/10\/31\/se-incorporo-un-silo-para-el-acopio-de-bidones-de-agroquimicos\/#breadcrumb\",\"itemListElement\":[{\"@type\":\"ListItem\",\"position\":1,\"name\":\"Inicio\",\"item\":\"https:\/\/www.celttv.com.ar\/\"},{\"@type\":\"ListItem\",\"position\":2,\"name\":\"SE INCORPORO UN SILO PARA EL ACOPIO DE BIDONES DE AGROQUIMICOS\"}]},{\"@type\":\"WebSite\",\"@id\":\"https:\/\/www.celttv.com.ar\/#website\",\"url\":\"https:\/\/www.celttv.com.ar\/\",\"name\":\"CELTTV\",\"description\":\"Cooperativa El\u00e9ctrica de Tornquist\",\"publisher\":{\"@id\":\"https:\/\/www.celttv.com.ar\/#organization\"},\"potentialAction\":[{\"@type\":\"SearchAction\",\"target\":{\"@type\":\"EntryPoint\",\"urlTemplate\":\"https:\/\/www.celttv.com.ar\/?s={search_term_string}\"},\"query-input\":\"required name=search_term_string\"}],\"inLanguage\":\"es\"},{\"@type\":\"Organization\",\"@id\":\"https:\/\/www.celttv.com.ar\/#organization\",\"name\":\"CELTTV\",\"url\":\"https:\/\/www.celttv.com.ar\/\",\"sameAs\":[\"https:\/\/www.youtube.com\/channel\/UCz_oIt8Hig64Ub-EmcNPIhg\",\"https:\/\/www.facebook.com\/celtTV\/\"],\"logo\":{\"@type\":\"ImageObject\",\"inLanguage\":\"es\",\"@id\":\"https:\/\/www.celttv.com.ar\/#\/schema\/logo\/image\/\",\"url\":\"http:\/\/www.celttv.com.ar\/wp-content\/uploads\/2022\/08\/logo-1.png\",\"contentUrl\":\"http:\/\/www.celttv.com.ar\/wp-content\/uploads\/2022\/08\/logo-1.png\",\"width\":461,\"height\":159,\"caption\":\"CELTTV\"},\"image\":{\"@id\":\"https:\/\/www.celttv.com.ar\/#\/schema\/logo\/image\/\"}},{\"@type\":\"Person\",\"@id\":\"https:\/\/www.celttv.com.ar\/#\/schema\/person\/6d99c072dba59953809c81446e9d0ace\",\"name\":\"ulises\",\"image\":{\"@type\":\"ImageObject\",\"inLanguage\":\"es\",\"@id\":\"https:\/\/www.celttv.com.ar\/#\/schema\/person\/image\/\",\"url\":\"https:\/\/secure.gravatar.com\/avatar\/7f2c48bdc33b30088f941fb6082e555f2874c98e20cb159d7b92b50eadfce793?s=96&d=mm&r=g\",\"contentUrl\":\"https:\/\/secure.gravatar.com\/avatar\/7f2c48bdc33b30088f941fb6082e555f2874c98e20cb159d7b92b50eadfce793?s=96&d=mm&r=g\",\"caption\":\"ulises\"},\"sameAs\":[\"http:\/\/www.celttv.com.ar\"]}]}<\/script>\n<!-- \/ Yoast SEO plugin. -->","yoast_head_json":{"title":"SE INCORPORO UN SILO PARA EL ACOPIO DE BIDONES DE AGROQUIMICOS - CELTTV","description":"Sitio web de noticias de la localidad de Tornquist, provincia de Buenos Aires, Rep\u00fablica Argentina. Contenido propio originado por periodistas de CELTTV, el canal de TV local de la Cooperativa El\u00e9ctrica de Tornquist. Turismo, Pol\u00edtica, Sociedad, Deporte, Cultura y todo el contenido de inter\u00e9s general que la gente del pueblo y la regi\u00f3n debe conocer.","robots":{"index":"index","follow":"follow","max-snippet":"max-snippet:-1","max-image-preview":"max-image-preview:large","max-video-preview":"max-video-preview:-1"},"canonical":"https:\/\/www.celttv.com.ar\/index.php\/2013\/10\/31\/se-incorporo-un-silo-para-el-acopio-de-bidones-de-agroquimicos\/","og_locale":"es_ES","og_type":"article","og_title":"SE INCORPORO UN SILO PARA EL ACOPIO DE BIDONES DE AGROQUIMICOS - CELTTV","og_description":"Sitio web de noticias de la localidad de Tornquist, provincia de Buenos Aires, Rep\u00fablica Argentina. Contenido propio originado por periodistas de CELTTV, el canal de TV local de la Cooperativa El\u00e9ctrica de Tornquist. Turismo, Pol\u00edtica, Sociedad, Deporte, Cultura y todo el contenido de inter\u00e9s general que la gente del pueblo y la regi\u00f3n debe conocer.","og_url":"https:\/\/www.celttv.com.ar\/index.php\/2013\/10\/31\/se-incorporo-un-silo-para-el-acopio-de-bidones-de-agroquimicos\/","og_site_name":"CELTTV","article_publisher":"https:\/\/www.facebook.com\/celtTV\/","article_published_time":"2013-10-31T18:36:31+00:00","author":"ulises","twitter_card":"summary_large_image","twitter_misc":{"Escrito por":"ulises","Tiempo de lectura":"2 minutos"},"schema":{"@context":"https:\/\/schema.org","@graph":[{"@type":"NewsArticle","@id":"https:\/\/www.celttv.com.ar\/index.php\/2013\/10\/31\/se-incorporo-un-silo-para-el-acopio-de-bidones-de-agroquimicos\/#article","isPartOf":{"@id":"https:\/\/www.celttv.com.ar\/index.php\/2013\/10\/31\/se-incorporo-un-silo-para-el-acopio-de-bidones-de-agroquimicos\/"},"author":{"name":"ulises","@id":"https:\/\/www.celttv.com.ar\/#\/schema\/person\/6d99c072dba59953809c81446e9d0ace"},"headline":"SE INCORPORO UN SILO PARA EL ACOPIO DE BIDONES DE AGROQUIMICOS","datePublished":"2013-10-31T18:36:31+00:00","dateModified":"2013-10-31T18:36:31+00:00","mainEntityOfPage":{"@id":"https:\/\/www.celttv.com.ar\/index.php\/2013\/10\/31\/se-incorporo-un-silo-para-el-acopio-de-bidones-de-agroquimicos\/"},"wordCount":419,"publisher":{"@id":"https:\/\/www.celttv.com.ar\/#organization"},"articleSection":["Comunidad","Destacadas","Pol\u00edtica"],"inLanguage":"es"},{"@type":"WebPage","@id":"https:\/\/www.celttv.com.ar\/index.php\/2013\/10\/31\/se-incorporo-un-silo-para-el-acopio-de-bidones-de-agroquimicos\/","url":"https:\/\/www.celttv.com.ar\/index.php\/2013\/10\/31\/se-incorporo-un-silo-para-el-acopio-de-bidones-de-agroquimicos\/","name":"SE INCORPORO UN SILO PARA EL ACOPIO DE BIDONES DE AGROQUIMICOS - CELTTV","isPartOf":{"@id":"https:\/\/www.celttv.com.ar\/#website"},"datePublished":"2013-10-31T18:36:31+00:00","dateModified":"2013-10-31T18:36:31+00:00","description":"Sitio web de noticias de la localidad de Tornquist, provincia de Buenos Aires, Rep\u00fablica Argentina. Contenido propio originado por periodistas de CELTTV, el canal de TV local de la Cooperativa El\u00e9ctrica de Tornquist. Turismo, Pol\u00edtica, Sociedad, Deporte, Cultura y todo el contenido de inter\u00e9s general que la gente del pueblo y la regi\u00f3n debe conocer.","breadcrumb":{"@id":"https:\/\/www.celttv.com.ar\/index.php\/2013\/10\/31\/se-incorporo-un-silo-para-el-acopio-de-bidones-de-agroquimicos\/#breadcrumb"},"inLanguage":"es","potentialAction":[{"@type":"ReadAction","target":["https:\/\/www.celttv.com.ar\/index.php\/2013\/10\/31\/se-incorporo-un-silo-para-el-acopio-de-bidones-de-agroquimicos\/"]}]},{"@type":"BreadcrumbList","@id":"https:\/\/www.celttv.com.ar\/index.php\/2013\/10\/31\/se-incorporo-un-silo-para-el-acopio-de-bidones-de-agroquimicos\/#breadcrumb","itemListElement":[{"@type":"ListItem","position":1,"name":"Inicio","item":"https:\/\/www.celttv.com.ar\/"},{"@type":"ListItem","position":2,"name":"SE INCORPORO UN SILO PARA EL ACOPIO DE BIDONES DE AGROQUIMICOS"}]},{"@type":"WebSite","@id":"https:\/\/www.celttv.com.ar\/#website","url":"https:\/\/www.celttv.com.ar\/","name":"CELTTV","description":"Cooperativa El\u00e9ctrica de Tornquist","publisher":{"@id":"https:\/\/www.celttv.com.ar\/#organization"},"potentialAction":[{"@type":"SearchAction","target":{"@type":"EntryPoint","urlTemplate":"https:\/\/www.celttv.com.ar\/?s={search_term_string}"},"query-input":"required name=search_term_string"}],"inLanguage":"es"},{"@type":"Organization","@id":"https:\/\/www.celttv.com.ar\/#organization","name":"CELTTV","url":"https:\/\/www.celttv.com.ar\/","sameAs":["https:\/\/www.youtube.com\/channel\/UCz_oIt8Hig64Ub-EmcNPIhg","https:\/\/www.facebook.com\/celtTV\/"],"logo":{"@type":"ImageObject","inLanguage":"es","@id":"https:\/\/www.celttv.com.ar\/#\/schema\/logo\/image\/","url":"http:\/\/www.celttv.com.ar\/wp-content\/uploads\/2022\/08\/logo-1.png","contentUrl":"http:\/\/www.celttv.com.ar\/wp-content\/uploads\/2022\/08\/logo-1.png","width":461,"height":159,"caption":"CELTTV"},"image":{"@id":"https:\/\/www.celttv.com.ar\/#\/schema\/logo\/image\/"}},{"@type":"Person","@id":"https:\/\/www.celttv.com.ar\/#\/schema\/person\/6d99c072dba59953809c81446e9d0ace","name":"ulises","image":{"@type":"ImageObject","inLanguage":"es","@id":"https:\/\/www.celttv.com.ar\/#\/schema\/person\/image\/","url":"https:\/\/secure.gravatar.com\/avatar\/7f2c48bdc33b30088f941fb6082e555f2874c98e20cb159d7b92b50eadfce793?s=96&d=mm&r=g","contentUrl":"https:\/\/secure.gravatar.com\/avatar\/7f2c48bdc33b30088f941fb6082e555f2874c98e20cb159d7b92b50eadfce793?s=96&d=mm&r=g","caption":"ulises"},"sameAs":["http:\/\/www.celttv.com.ar"]}]}},"_links":{"self":[{"href":"https:\/\/www.celttv.com.ar\/index.php\/wp-json\/wp\/v2\/posts\/15365","targetHints":{"allow":["GET"]}}],"collection":[{"href":"https:\/\/www.celttv.com.ar\/index.php\/wp-json\/wp\/v2\/posts"}],"about":[{"href":"https:\/\/www.celttv.com.ar\/index.php\/wp-json\/wp\/v2\/types\/post"}],"author":[{"embeddable":true,"href":"https:\/\/www.celttv.com.ar\/index.php\/wp-json\/wp\/v2\/users\/1"}],"replies":[{"embeddable":true,"href":"https:\/\/www.celttv.com.ar\/index.php\/wp-json\/wp\/v2\/comments?post=15365"}],"version-history":[{"count":0,"href":"https:\/\/www.celttv.com.ar\/index.php\/wp-json\/wp\/v2\/posts\/15365\/revisions"}],"wp:attachment":[{"href":"https:\/\/www.celttv.com.ar\/index.php\/wp-json\/wp\/v2\/media?parent=15365"}],"wp:term":[{"taxonomy":"category","embeddable":true,"href":"https:\/\/www.celttv.com.ar\/index.php\/wp-json\/wp\/v2\/categories?post=15365"},{"taxonomy":"post_tag","embeddable":true,"href":"https:\/\/www.celttv.com.ar\/index.php\/wp-json\/wp\/v2\/tags?post=15365"}],"curies":[{"name":"wp","href":"https:\/\/api.w.org\/{rel}","templated":true}]}}