{"id":15378,"date":"2013-11-01T19:42:16","date_gmt":"2013-11-01T19:42:16","guid":{"rendered":"http:\/\/www.tvcnoticias.com.ar\/?p=15378"},"modified":"2013-11-01T19:42:16","modified_gmt":"2013-11-01T19:42:16","slug":"elecciones-2013-que-dijeron-los-candidatos-antes-de-conocido-los-resultados","status":"publish","type":"post","link":"https:\/\/www.celttv.com.ar\/index.php\/2013\/11\/01\/elecciones-2013-que-dijeron-los-candidatos-antes-de-conocido-los-resultados\/","title":{"rendered":"ELECCIONES 2013: QUE DIJERON LOS CANDIDATOS ANTES DE CONOCIDO LOS RESULTADOS"},"content":{"rendered":"<p>Canal 2 TV. y TVC NOTICIAS dialogaron con los candidatos de las distintas ramas pol\u00edticas durante la jornada del domingo, antes de conocerse el resultado de las urnas.<br \/>\n<a href=\"http:\/\/www.youtube.com\/watch?v=mz4Kct8IxY4\"><\/a><a href=\"http:\/\/www.youtube.com\/watch?v=mz4Kct8IxY4\">httpv:\/\/www.youtube.com\/watch?v=mz4Kct8IxY4<\/a><br \/>\n<a href=\"http:\/\/www.youtube.com\/watch?v=FnlqZL_p3Io\"><\/a><a href=\"http:\/\/www.youtube.com\/watch?v=FnlqZL_p3Io\">httpv:\/\/www.youtube.com\/watch?v=FnlqZL_p3Io<\/a><br \/>\n<a href=\"http:\/\/www.youtube.com\/watch?v=JcHxPZ_V2mI\"><\/a><a href=\"http:\/\/www.youtube.com\/watch?v=JcHxPZ_V2mI\">httpv:\/\/www.youtube.com\/watch?v=JcHxPZ_V2mI<\/a><br \/>\n<a href=\"http:\/\/www.youtube.com\/watch?v=OLiQmnHsvy4\"><\/a><a href=\"http:\/\/www.youtube.com\/watch?v=OLiQmnHsvy4\">httpv:\/\/www.youtube.com\/watch?v=OLiQmnHsvy4<\/a><br \/>\n<a href=\"http:\/\/www.youtube.com\/watch?v=dHHRT1fzhec\"><\/a><a href=\"http:\/\/www.youtube.com\/watch?v=dHHRT1fzhec\">httpv:\/\/www.youtube.com\/watch?v=dHHRT1fzhec<\/a><br \/>\n<a href=\"http:\/\/www.youtube.com\/watch?v=ZtAP8PSrl-M\">httpv:\/\/www.youtube.com\/watch?v=ZtAP8PSrl-M<\/a><br \/>\n&nbsp;<\/p>\n","protected":false},"excerpt":{"rendered":"<p>Canal 2 TV. y TVC NOTICIAS dialogaron con los candidatos de las distintas ramas pol\u00edticas durante la jornada del domingo, antes de conocerse el resultado de las urnas. httpv:\/\/www.youtube.com\/watch?v=mz4Kct8IxY4 httpv:\/\/www.youtube.com\/watch?v=FnlqZL_p3Io httpv:\/\/www.youtube.com\/watch?v=JcHxPZ_V2mI httpv:\/\/www.youtube.com\/watch?v=OLiQmnHsvy4 httpv:\/\/www.youtube.com\/watch?v=dHHRT1fzhec httpv:\/\/www.youtube.com\/watch?v=ZtAP8PSrl-M &nbsp;<\/p>\n","protected":false},"author":1,"featured_media":0,"comment_status":"closed","ping_status":"open","sticky":false,"template":"","format":"standard","meta":{"footnotes":""},"categories":[51,52,53,64],"tags":[],"class_list":["post-15378","post","type-post","status-publish","format-standard","hentry","category-comunidad","category-destacadas","category-politica","category-videos-destacados"],"yoast_head":"<!-- This site is optimized with the Yoast SEO plugin v19.7.1 - https:\/\/yoast.com\/wordpress\/plugins\/seo\/ -->\n<title>ELECCIONES 2013: QUE DIJERON LOS CANDIDATOS ANTES DE CONOCIDO LOS RESULTADOS - CELTTV<\/title>\n<meta name=\"description\" content=\"Sitio web de noticias de la localidad de Tornquist, provincia de Buenos Aires, Rep\u00fablica Argentina. Contenido propio originado por periodistas de CELTTV, el canal de TV local de la Cooperativa El\u00e9ctrica de Tornquist. Turismo, Pol\u00edtica, Sociedad, Deporte, Cultura y todo el contenido de inter\u00e9s general que la gente del pueblo y la regi\u00f3n debe conocer.\" \/>\n<meta name=\"robots\" content=\"index, follow, max-snippet:-1, max-image-preview:large, max-video-preview:-1\" \/>\n<link rel=\"canonical\" href=\"https:\/\/www.celttv.com.ar\/index.php\/2013\/11\/01\/elecciones-2013-que-dijeron-los-candidatos-antes-de-conocido-los-resultados\/\" \/>\n<meta property=\"og:locale\" content=\"es_ES\" \/>\n<meta property=\"og:type\" content=\"article\" \/>\n<meta property=\"og:title\" content=\"ELECCIONES 2013: QUE DIJERON LOS CANDIDATOS ANTES DE CONOCIDO LOS RESULTADOS - CELTTV\" \/>\n<meta property=\"og:description\" content=\"Sitio web de noticias de la localidad de Tornquist, provincia de Buenos Aires, Rep\u00fablica Argentina. Contenido propio originado por periodistas de CELTTV, el canal de TV local de la Cooperativa El\u00e9ctrica de Tornquist. Turismo, Pol\u00edtica, Sociedad, Deporte, Cultura y todo el contenido de inter\u00e9s general que la gente del pueblo y la regi\u00f3n debe conocer.\" \/>\n<meta property=\"og:url\" content=\"https:\/\/www.celttv.com.ar\/index.php\/2013\/11\/01\/elecciones-2013-que-dijeron-los-candidatos-antes-de-conocido-los-resultados\/\" \/>\n<meta property=\"og:site_name\" content=\"CELTTV\" \/>\n<meta property=\"article:publisher\" content=\"https:\/\/www.facebook.com\/celtTV\/\" \/>\n<meta property=\"article:published_time\" content=\"2013-11-01T19:42:16+00:00\" \/>\n<meta name=\"author\" content=\"ulises\" \/>\n<meta name=\"twitter:card\" content=\"summary_large_image\" \/>\n<meta name=\"twitter:label1\" content=\"Escrito por\" \/>\n\t<meta name=\"twitter:data1\" content=\"ulises\" \/>\n<script type=\"application\/ld+json\" class=\"yoast-schema-graph\">{\"@context\":\"https:\/\/schema.org\",\"@graph\":[{\"@type\":\"NewsArticle\",\"@id\":\"https:\/\/www.celttv.com.ar\/index.php\/2013\/11\/01\/elecciones-2013-que-dijeron-los-candidatos-antes-de-conocido-los-resultados\/#article\",\"isPartOf\":{\"@id\":\"https:\/\/www.celttv.com.ar\/index.php\/2013\/11\/01\/elecciones-2013-que-dijeron-los-candidatos-antes-de-conocido-los-resultados\/\"},\"author\":{\"name\":\"ulises\",\"@id\":\"https:\/\/www.celttv.com.ar\/#\/schema\/person\/6d99c072dba59953809c81446e9d0ace\"},\"headline\":\"ELECCIONES 2013: QUE DIJERON LOS CANDIDATOS ANTES DE CONOCIDO LOS RESULTADOS\",\"datePublished\":\"2013-11-01T19:42:16+00:00\",\"dateModified\":\"2013-11-01T19:42:16+00:00\",\"mainEntityOfPage\":{\"@id\":\"https:\/\/www.celttv.com.ar\/index.php\/2013\/11\/01\/elecciones-2013-que-dijeron-los-candidatos-antes-de-conocido-los-resultados\/\"},\"wordCount\":89,\"publisher\":{\"@id\":\"https:\/\/www.celttv.com.ar\/#organization\"},\"articleSection\":[\"Comunidad\",\"Destacadas\",\"Pol\u00edtica\",\"Videos Destacados\"],\"inLanguage\":\"es\"},{\"@type\":\"WebPage\",\"@id\":\"https:\/\/www.celttv.com.ar\/index.php\/2013\/11\/01\/elecciones-2013-que-dijeron-los-candidatos-antes-de-conocido-los-resultados\/\",\"url\":\"https:\/\/www.celttv.com.ar\/index.php\/2013\/11\/01\/elecciones-2013-que-dijeron-los-candidatos-antes-de-conocido-los-resultados\/\",\"name\":\"ELECCIONES 2013: QUE DIJERON LOS CANDIDATOS ANTES DE CONOCIDO LOS RESULTADOS - CELTTV\",\"isPartOf\":{\"@id\":\"https:\/\/www.celttv.com.ar\/#website\"},\"datePublished\":\"2013-11-01T19:42:16+00:00\",\"dateModified\":\"2013-11-01T19:42:16+00:00\",\"description\":\"Sitio web de noticias de la localidad de Tornquist, provincia de Buenos Aires, Rep\u00fablica Argentina. Contenido propio originado por periodistas de CELTTV, el canal de TV local de la Cooperativa El\u00e9ctrica de Tornquist. Turismo, Pol\u00edtica, Sociedad, Deporte, Cultura y todo el contenido de inter\u00e9s general que la gente del pueblo y la regi\u00f3n debe conocer.\",\"breadcrumb\":{\"@id\":\"https:\/\/www.celttv.com.ar\/index.php\/2013\/11\/01\/elecciones-2013-que-dijeron-los-candidatos-antes-de-conocido-los-resultados\/#breadcrumb\"},\"inLanguage\":\"es\",\"potentialAction\":[{\"@type\":\"ReadAction\",\"target\":[\"https:\/\/www.celttv.com.ar\/index.php\/2013\/11\/01\/elecciones-2013-que-dijeron-los-candidatos-antes-de-conocido-los-resultados\/\"]}]},{\"@type\":\"BreadcrumbList\",\"@id\":\"https:\/\/www.celttv.com.ar\/index.php\/2013\/11\/01\/elecciones-2013-que-dijeron-los-candidatos-antes-de-conocido-los-resultados\/#breadcrumb\",\"itemListElement\":[{\"@type\":\"ListItem\",\"position\":1,\"name\":\"Inicio\",\"item\":\"https:\/\/www.celttv.com.ar\/\"},{\"@type\":\"ListItem\",\"position\":2,\"name\":\"ELECCIONES 2013: QUE DIJERON LOS CANDIDATOS ANTES DE CONOCIDO LOS RESULTADOS\"}]},{\"@type\":\"WebSite\",\"@id\":\"https:\/\/www.celttv.com.ar\/#website\",\"url\":\"https:\/\/www.celttv.com.ar\/\",\"name\":\"CELTTV\",\"description\":\"Cooperativa El\u00e9ctrica de Tornquist\",\"publisher\":{\"@id\":\"https:\/\/www.celttv.com.ar\/#organization\"},\"potentialAction\":[{\"@type\":\"SearchAction\",\"target\":{\"@type\":\"EntryPoint\",\"urlTemplate\":\"https:\/\/www.celttv.com.ar\/?s={search_term_string}\"},\"query-input\":\"required name=search_term_string\"}],\"inLanguage\":\"es\"},{\"@type\":\"Organization\",\"@id\":\"https:\/\/www.celttv.com.ar\/#organization\",\"name\":\"CELTTV\",\"url\":\"https:\/\/www.celttv.com.ar\/\",\"sameAs\":[\"https:\/\/www.youtube.com\/channel\/UCz_oIt8Hig64Ub-EmcNPIhg\",\"https:\/\/www.facebook.com\/celtTV\/\"],\"logo\":{\"@type\":\"ImageObject\",\"inLanguage\":\"es\",\"@id\":\"https:\/\/www.celttv.com.ar\/#\/schema\/logo\/image\/\",\"url\":\"http:\/\/www.celttv.com.ar\/wp-content\/uploads\/2022\/08\/logo-1.png\",\"contentUrl\":\"http:\/\/www.celttv.com.ar\/wp-content\/uploads\/2022\/08\/logo-1.png\",\"width\":461,\"height\":159,\"caption\":\"CELTTV\"},\"image\":{\"@id\":\"https:\/\/www.celttv.com.ar\/#\/schema\/logo\/image\/\"}},{\"@type\":\"Person\",\"@id\":\"https:\/\/www.celttv.com.ar\/#\/schema\/person\/6d99c072dba59953809c81446e9d0ace\",\"name\":\"ulises\",\"image\":{\"@type\":\"ImageObject\",\"inLanguage\":\"es\",\"@id\":\"https:\/\/www.celttv.com.ar\/#\/schema\/person\/image\/\",\"url\":\"https:\/\/secure.gravatar.com\/avatar\/7f2c48bdc33b30088f941fb6082e555f2874c98e20cb159d7b92b50eadfce793?s=96&d=mm&r=g\",\"contentUrl\":\"https:\/\/secure.gravatar.com\/avatar\/7f2c48bdc33b30088f941fb6082e555f2874c98e20cb159d7b92b50eadfce793?s=96&d=mm&r=g\",\"caption\":\"ulises\"},\"sameAs\":[\"http:\/\/www.celttv.com.ar\"]}]}<\/script>\n<!-- \/ Yoast SEO plugin. -->","yoast_head_json":{"title":"ELECCIONES 2013: QUE DIJERON LOS CANDIDATOS ANTES DE CONOCIDO LOS RESULTADOS - CELTTV","description":"Sitio web de noticias de la localidad de Tornquist, provincia de Buenos Aires, Rep\u00fablica Argentina. Contenido propio originado por periodistas de CELTTV, el canal de TV local de la Cooperativa El\u00e9ctrica de Tornquist. Turismo, Pol\u00edtica, Sociedad, Deporte, Cultura y todo el contenido de inter\u00e9s general que la gente del pueblo y la regi\u00f3n debe conocer.","robots":{"index":"index","follow":"follow","max-snippet":"max-snippet:-1","max-image-preview":"max-image-preview:large","max-video-preview":"max-video-preview:-1"},"canonical":"https:\/\/www.celttv.com.ar\/index.php\/2013\/11\/01\/elecciones-2013-que-dijeron-los-candidatos-antes-de-conocido-los-resultados\/","og_locale":"es_ES","og_type":"article","og_title":"ELECCIONES 2013: QUE DIJERON LOS CANDIDATOS ANTES DE CONOCIDO LOS RESULTADOS - CELTTV","og_description":"Sitio web de noticias de la localidad de Tornquist, provincia de Buenos Aires, Rep\u00fablica Argentina. Contenido propio originado por periodistas de CELTTV, el canal de TV local de la Cooperativa El\u00e9ctrica de Tornquist. Turismo, Pol\u00edtica, Sociedad, Deporte, Cultura y todo el contenido de inter\u00e9s general que la gente del pueblo y la regi\u00f3n debe conocer.","og_url":"https:\/\/www.celttv.com.ar\/index.php\/2013\/11\/01\/elecciones-2013-que-dijeron-los-candidatos-antes-de-conocido-los-resultados\/","og_site_name":"CELTTV","article_publisher":"https:\/\/www.facebook.com\/celtTV\/","article_published_time":"2013-11-01T19:42:16+00:00","author":"ulises","twitter_card":"summary_large_image","twitter_misc":{"Escrito por":"ulises"},"schema":{"@context":"https:\/\/schema.org","@graph":[{"@type":"NewsArticle","@id":"https:\/\/www.celttv.com.ar\/index.php\/2013\/11\/01\/elecciones-2013-que-dijeron-los-candidatos-antes-de-conocido-los-resultados\/#article","isPartOf":{"@id":"https:\/\/www.celttv.com.ar\/index.php\/2013\/11\/01\/elecciones-2013-que-dijeron-los-candidatos-antes-de-conocido-los-resultados\/"},"author":{"name":"ulises","@id":"https:\/\/www.celttv.com.ar\/#\/schema\/person\/6d99c072dba59953809c81446e9d0ace"},"headline":"ELECCIONES 2013: QUE DIJERON LOS CANDIDATOS ANTES DE CONOCIDO LOS RESULTADOS","datePublished":"2013-11-01T19:42:16+00:00","dateModified":"2013-11-01T19:42:16+00:00","mainEntityOfPage":{"@id":"https:\/\/www.celttv.com.ar\/index.php\/2013\/11\/01\/elecciones-2013-que-dijeron-los-candidatos-antes-de-conocido-los-resultados\/"},"wordCount":89,"publisher":{"@id":"https:\/\/www.celttv.com.ar\/#organization"},"articleSection":["Comunidad","Destacadas","Pol\u00edtica","Videos Destacados"],"inLanguage":"es"},{"@type":"WebPage","@id":"https:\/\/www.celttv.com.ar\/index.php\/2013\/11\/01\/elecciones-2013-que-dijeron-los-candidatos-antes-de-conocido-los-resultados\/","url":"https:\/\/www.celttv.com.ar\/index.php\/2013\/11\/01\/elecciones-2013-que-dijeron-los-candidatos-antes-de-conocido-los-resultados\/","name":"ELECCIONES 2013: QUE DIJERON LOS CANDIDATOS ANTES DE CONOCIDO LOS RESULTADOS - CELTTV","isPartOf":{"@id":"https:\/\/www.celttv.com.ar\/#website"},"datePublished":"2013-11-01T19:42:16+00:00","dateModified":"2013-11-01T19:42:16+00:00","description":"Sitio web de noticias de la localidad de Tornquist, provincia de Buenos Aires, Rep\u00fablica Argentina. Contenido propio originado por periodistas de CELTTV, el canal de TV local de la Cooperativa El\u00e9ctrica de Tornquist. Turismo, Pol\u00edtica, Sociedad, Deporte, Cultura y todo el contenido de inter\u00e9s general que la gente del pueblo y la regi\u00f3n debe conocer.","breadcrumb":{"@id":"https:\/\/www.celttv.com.ar\/index.php\/2013\/11\/01\/elecciones-2013-que-dijeron-los-candidatos-antes-de-conocido-los-resultados\/#breadcrumb"},"inLanguage":"es","potentialAction":[{"@type":"ReadAction","target":["https:\/\/www.celttv.com.ar\/index.php\/2013\/11\/01\/elecciones-2013-que-dijeron-los-candidatos-antes-de-conocido-los-resultados\/"]}]},{"@type":"BreadcrumbList","@id":"https:\/\/www.celttv.com.ar\/index.php\/2013\/11\/01\/elecciones-2013-que-dijeron-los-candidatos-antes-de-conocido-los-resultados\/#breadcrumb","itemListElement":[{"@type":"ListItem","position":1,"name":"Inicio","item":"https:\/\/www.celttv.com.ar\/"},{"@type":"ListItem","position":2,"name":"ELECCIONES 2013: QUE DIJERON LOS CANDIDATOS ANTES DE CONOCIDO LOS RESULTADOS"}]},{"@type":"WebSite","@id":"https:\/\/www.celttv.com.ar\/#website","url":"https:\/\/www.celttv.com.ar\/","name":"CELTTV","description":"Cooperativa El\u00e9ctrica de Tornquist","publisher":{"@id":"https:\/\/www.celttv.com.ar\/#organization"},"potentialAction":[{"@type":"SearchAction","target":{"@type":"EntryPoint","urlTemplate":"https:\/\/www.celttv.com.ar\/?s={search_term_string}"},"query-input":"required name=search_term_string"}],"inLanguage":"es"},{"@type":"Organization","@id":"https:\/\/www.celttv.com.ar\/#organization","name":"CELTTV","url":"https:\/\/www.celttv.com.ar\/","sameAs":["https:\/\/www.youtube.com\/channel\/UCz_oIt8Hig64Ub-EmcNPIhg","https:\/\/www.facebook.com\/celtTV\/"],"logo":{"@type":"ImageObject","inLanguage":"es","@id":"https:\/\/www.celttv.com.ar\/#\/schema\/logo\/image\/","url":"http:\/\/www.celttv.com.ar\/wp-content\/uploads\/2022\/08\/logo-1.png","contentUrl":"http:\/\/www.celttv.com.ar\/wp-content\/uploads\/2022\/08\/logo-1.png","width":461,"height":159,"caption":"CELTTV"},"image":{"@id":"https:\/\/www.celttv.com.ar\/#\/schema\/logo\/image\/"}},{"@type":"Person","@id":"https:\/\/www.celttv.com.ar\/#\/schema\/person\/6d99c072dba59953809c81446e9d0ace","name":"ulises","image":{"@type":"ImageObject","inLanguage":"es","@id":"https:\/\/www.celttv.com.ar\/#\/schema\/person\/image\/","url":"https:\/\/secure.gravatar.com\/avatar\/7f2c48bdc33b30088f941fb6082e555f2874c98e20cb159d7b92b50eadfce793?s=96&d=mm&r=g","contentUrl":"https:\/\/secure.gravatar.com\/avatar\/7f2c48bdc33b30088f941fb6082e555f2874c98e20cb159d7b92b50eadfce793?s=96&d=mm&r=g","caption":"ulises"},"sameAs":["http:\/\/www.celttv.com.ar"]}]}},"_links":{"self":[{"href":"https:\/\/www.celttv.com.ar\/index.php\/wp-json\/wp\/v2\/posts\/15378","targetHints":{"allow":["GET"]}}],"collection":[{"href":"https:\/\/www.celttv.com.ar\/index.php\/wp-json\/wp\/v2\/posts"}],"about":[{"href":"https:\/\/www.celttv.com.ar\/index.php\/wp-json\/wp\/v2\/types\/post"}],"author":[{"embeddable":true,"href":"https:\/\/www.celttv.com.ar\/index.php\/wp-json\/wp\/v2\/users\/1"}],"replies":[{"embeddable":true,"href":"https:\/\/www.celttv.com.ar\/index.php\/wp-json\/wp\/v2\/comments?post=15378"}],"version-history":[{"count":0,"href":"https:\/\/www.celttv.com.ar\/index.php\/wp-json\/wp\/v2\/posts\/15378\/revisions"}],"wp:attachment":[{"href":"https:\/\/www.celttv.com.ar\/index.php\/wp-json\/wp\/v2\/media?parent=15378"}],"wp:term":[{"taxonomy":"category","embeddable":true,"href":"https:\/\/www.celttv.com.ar\/index.php\/wp-json\/wp\/v2\/categories?post=15378"},{"taxonomy":"post_tag","embeddable":true,"href":"https:\/\/www.celttv.com.ar\/index.php\/wp-json\/wp\/v2\/tags?post=15378"}],"curies":[{"name":"wp","href":"https:\/\/api.w.org\/{rel}","templated":true}]}}