{"id":15394,"date":"2013-11-01T21:04:39","date_gmt":"2013-11-01T21:04:39","guid":{"rendered":"http:\/\/www.tvcnoticias.com.ar\/?p=15394"},"modified":"2013-11-01T21:04:39","modified_gmt":"2013-11-01T21:04:39","slug":"la-bella-y-la-bestia-vuelve-este-sabado-al-teatro-municipal-nota-con-andrea-camus-y-ludmila-becker","status":"publish","type":"post","link":"https:\/\/www.celttv.com.ar\/index.php\/2013\/11\/01\/la-bella-y-la-bestia-vuelve-este-sabado-al-teatro-municipal-nota-con-andrea-camus-y-ludmila-becker\/","title":{"rendered":"LA &#8220;BELLA Y LA BESTIA&#8221; VUELVE ESTE SABADO AL TEATRO MUNICIPAL (nota con Andrea Camus y Ludmila Becker)"},"content":{"rendered":"<p>Si todav\u00eda no la viste, ten\u00e9s la posibilidad de hacerlo este s\u00e1bado. El Grupo Municipal de Teatro presentar\u00e1 la obra &#8220;La Bella y la Bestia&#8221;, el musical que cautiv\u00f3 a todos en su primera presentaci\u00f3n.<br \/>\nLa puesta en escena, bajo la direcci\u00f3n de Andrea Camus, ser\u00e1 a partir de las 17, en el Teatro Municipal \u201cRodolfo Funke\u201d.<br \/>\nLas entradas tienen un costo de 30 pesos y se expender\u00e1n en el Teatro desde ma\u00f1ana martes, de 18.30 a 21.<br \/>\nLos esperamos a presenciar la \u00faltima funci\u00f3n que se realizar\u00e1 en Tornquist<br \/>\n<a href=\"http:\/\/www.youtube.com\/watch?v=VH0WI0XWiLY\"><a href=\"http:\/\/www.youtube.com\/watch?v=VH0WI0XWiLY\">httpv:\/\/www.youtube.com\/watch?v=VH0WI0XWiLY<\/a><\/a><br \/>\n<a href=\"http:\/\/www.youtube.com\/watch?v=I1T5m1K9VVo\"><a href=\"http:\/\/www.youtube.com\/watch?v=I1T5m1K9VVo\">httpv:\/\/www.youtube.com\/watch?v=I1T5m1K9VVo<\/a><\/a><\/p>\n","protected":false},"excerpt":{"rendered":"<p>Si todav\u00eda no la viste, ten\u00e9s la posibilidad de hacerlo este s\u00e1bado. El Grupo Municipal de Teatro presentar\u00e1 la obra &#8220;La Bella y la Bestia&#8221;, el musical que cautiv\u00f3 a todos en su primera presentaci\u00f3n. La puesta en escena, bajo la direcci\u00f3n de Andrea Camus, ser\u00e1 a partir de las 17, en el Teatro Municipal [&hellip;]<\/p>\n","protected":false},"author":1,"featured_media":0,"comment_status":"closed","ping_status":"open","sticky":false,"template":"","format":"standard","meta":{"footnotes":""},"categories":[51,56],"tags":[],"class_list":["post-15394","post","type-post","status-publish","format-standard","hentry","category-comunidad","category-espectaculos"],"yoast_head":"<!-- This site is optimized with the Yoast SEO plugin v19.7.1 - https:\/\/yoast.com\/wordpress\/plugins\/seo\/ -->\n<title>LA &quot;BELLA Y LA BESTIA&quot; VUELVE ESTE SABADO AL TEATRO MUNICIPAL (nota con Andrea Camus y Ludmila Becker) - CELTTV<\/title>\n<meta name=\"description\" content=\"Sitio web de noticias de la localidad de Tornquist, provincia de Buenos Aires, Rep\u00fablica Argentina. Contenido propio originado por periodistas de CELTTV, el canal de TV local de la Cooperativa El\u00e9ctrica de Tornquist. Turismo, Pol\u00edtica, Sociedad, Deporte, Cultura y todo el contenido de inter\u00e9s general que la gente del pueblo y la regi\u00f3n debe conocer.\" \/>\n<meta name=\"robots\" content=\"index, follow, max-snippet:-1, max-image-preview:large, max-video-preview:-1\" \/>\n<link rel=\"canonical\" href=\"https:\/\/www.celttv.com.ar\/index.php\/2013\/11\/01\/la-bella-y-la-bestia-vuelve-este-sabado-al-teatro-municipal-nota-con-andrea-camus-y-ludmila-becker\/\" \/>\n<meta property=\"og:locale\" content=\"es_ES\" \/>\n<meta property=\"og:type\" content=\"article\" \/>\n<meta property=\"og:title\" content=\"LA &quot;BELLA Y LA BESTIA&quot; VUELVE ESTE SABADO AL TEATRO MUNICIPAL (nota con Andrea Camus y Ludmila Becker) - CELTTV\" \/>\n<meta property=\"og:description\" content=\"Sitio web de noticias de la localidad de Tornquist, provincia de Buenos Aires, Rep\u00fablica Argentina. Contenido propio originado por periodistas de CELTTV, el canal de TV local de la Cooperativa El\u00e9ctrica de Tornquist. Turismo, Pol\u00edtica, Sociedad, Deporte, Cultura y todo el contenido de inter\u00e9s general que la gente del pueblo y la regi\u00f3n debe conocer.\" \/>\n<meta property=\"og:url\" content=\"https:\/\/www.celttv.com.ar\/index.php\/2013\/11\/01\/la-bella-y-la-bestia-vuelve-este-sabado-al-teatro-municipal-nota-con-andrea-camus-y-ludmila-becker\/\" \/>\n<meta property=\"og:site_name\" content=\"CELTTV\" \/>\n<meta property=\"article:publisher\" content=\"https:\/\/www.facebook.com\/celtTV\/\" \/>\n<meta property=\"article:published_time\" content=\"2013-11-01T21:04:39+00:00\" \/>\n<meta name=\"author\" content=\"ulises\" \/>\n<meta name=\"twitter:card\" content=\"summary_large_image\" \/>\n<meta name=\"twitter:label1\" content=\"Escrito por\" \/>\n\t<meta name=\"twitter:data1\" content=\"ulises\" \/>\n\t<meta name=\"twitter:label2\" content=\"Tiempo de lectura\" \/>\n\t<meta name=\"twitter:data2\" content=\"1 minuto\" \/>\n<script type=\"application\/ld+json\" class=\"yoast-schema-graph\">{\"@context\":\"https:\/\/schema.org\",\"@graph\":[{\"@type\":\"NewsArticle\",\"@id\":\"https:\/\/www.celttv.com.ar\/index.php\/2013\/11\/01\/la-bella-y-la-bestia-vuelve-este-sabado-al-teatro-municipal-nota-con-andrea-camus-y-ludmila-becker\/#article\",\"isPartOf\":{\"@id\":\"https:\/\/www.celttv.com.ar\/index.php\/2013\/11\/01\/la-bella-y-la-bestia-vuelve-este-sabado-al-teatro-municipal-nota-con-andrea-camus-y-ludmila-becker\/\"},\"author\":{\"name\":\"ulises\",\"@id\":\"https:\/\/www.celttv.com.ar\/#\/schema\/person\/6d99c072dba59953809c81446e9d0ace\"},\"headline\":\"LA &#8220;BELLA Y LA BESTIA&#8221; VUELVE ESTE SABADO AL TEATRO MUNICIPAL (nota con Andrea Camus y Ludmila Becker)\",\"datePublished\":\"2013-11-01T21:04:39+00:00\",\"dateModified\":\"2013-11-01T21:04:39+00:00\",\"mainEntityOfPage\":{\"@id\":\"https:\/\/www.celttv.com.ar\/index.php\/2013\/11\/01\/la-bella-y-la-bestia-vuelve-este-sabado-al-teatro-municipal-nota-con-andrea-camus-y-ludmila-becker\/\"},\"wordCount\":132,\"publisher\":{\"@id\":\"https:\/\/www.celttv.com.ar\/#organization\"},\"articleSection\":[\"Comunidad\",\"Espect\u00e1culos\"],\"inLanguage\":\"es\"},{\"@type\":\"WebPage\",\"@id\":\"https:\/\/www.celttv.com.ar\/index.php\/2013\/11\/01\/la-bella-y-la-bestia-vuelve-este-sabado-al-teatro-municipal-nota-con-andrea-camus-y-ludmila-becker\/\",\"url\":\"https:\/\/www.celttv.com.ar\/index.php\/2013\/11\/01\/la-bella-y-la-bestia-vuelve-este-sabado-al-teatro-municipal-nota-con-andrea-camus-y-ludmila-becker\/\",\"name\":\"LA \\\"BELLA Y LA BESTIA\\\" VUELVE ESTE SABADO AL TEATRO MUNICIPAL (nota con Andrea Camus y Ludmila Becker) - CELTTV\",\"isPartOf\":{\"@id\":\"https:\/\/www.celttv.com.ar\/#website\"},\"datePublished\":\"2013-11-01T21:04:39+00:00\",\"dateModified\":\"2013-11-01T21:04:39+00:00\",\"description\":\"Sitio web de noticias de la localidad de Tornquist, provincia de Buenos Aires, Rep\u00fablica Argentina. Contenido propio originado por periodistas de CELTTV, el canal de TV local de la Cooperativa El\u00e9ctrica de Tornquist. Turismo, Pol\u00edtica, Sociedad, Deporte, Cultura y todo el contenido de inter\u00e9s general que la gente del pueblo y la regi\u00f3n debe conocer.\",\"breadcrumb\":{\"@id\":\"https:\/\/www.celttv.com.ar\/index.php\/2013\/11\/01\/la-bella-y-la-bestia-vuelve-este-sabado-al-teatro-municipal-nota-con-andrea-camus-y-ludmila-becker\/#breadcrumb\"},\"inLanguage\":\"es\",\"potentialAction\":[{\"@type\":\"ReadAction\",\"target\":[\"https:\/\/www.celttv.com.ar\/index.php\/2013\/11\/01\/la-bella-y-la-bestia-vuelve-este-sabado-al-teatro-municipal-nota-con-andrea-camus-y-ludmila-becker\/\"]}]},{\"@type\":\"BreadcrumbList\",\"@id\":\"https:\/\/www.celttv.com.ar\/index.php\/2013\/11\/01\/la-bella-y-la-bestia-vuelve-este-sabado-al-teatro-municipal-nota-con-andrea-camus-y-ludmila-becker\/#breadcrumb\",\"itemListElement\":[{\"@type\":\"ListItem\",\"position\":1,\"name\":\"Inicio\",\"item\":\"https:\/\/www.celttv.com.ar\/\"},{\"@type\":\"ListItem\",\"position\":2,\"name\":\"LA &#8220;BELLA Y LA BESTIA&#8221; VUELVE ESTE SABADO AL TEATRO MUNICIPAL (nota con Andrea Camus y Ludmila Becker)\"}]},{\"@type\":\"WebSite\",\"@id\":\"https:\/\/www.celttv.com.ar\/#website\",\"url\":\"https:\/\/www.celttv.com.ar\/\",\"name\":\"CELTTV\",\"description\":\"Cooperativa El\u00e9ctrica de Tornquist\",\"publisher\":{\"@id\":\"https:\/\/www.celttv.com.ar\/#organization\"},\"potentialAction\":[{\"@type\":\"SearchAction\",\"target\":{\"@type\":\"EntryPoint\",\"urlTemplate\":\"https:\/\/www.celttv.com.ar\/?s={search_term_string}\"},\"query-input\":\"required name=search_term_string\"}],\"inLanguage\":\"es\"},{\"@type\":\"Organization\",\"@id\":\"https:\/\/www.celttv.com.ar\/#organization\",\"name\":\"CELTTV\",\"url\":\"https:\/\/www.celttv.com.ar\/\",\"sameAs\":[\"https:\/\/www.youtube.com\/channel\/UCz_oIt8Hig64Ub-EmcNPIhg\",\"https:\/\/www.facebook.com\/celtTV\/\"],\"logo\":{\"@type\":\"ImageObject\",\"inLanguage\":\"es\",\"@id\":\"https:\/\/www.celttv.com.ar\/#\/schema\/logo\/image\/\",\"url\":\"http:\/\/www.celttv.com.ar\/wp-content\/uploads\/2022\/08\/logo-1.png\",\"contentUrl\":\"http:\/\/www.celttv.com.ar\/wp-content\/uploads\/2022\/08\/logo-1.png\",\"width\":461,\"height\":159,\"caption\":\"CELTTV\"},\"image\":{\"@id\":\"https:\/\/www.celttv.com.ar\/#\/schema\/logo\/image\/\"}},{\"@type\":\"Person\",\"@id\":\"https:\/\/www.celttv.com.ar\/#\/schema\/person\/6d99c072dba59953809c81446e9d0ace\",\"name\":\"ulises\",\"image\":{\"@type\":\"ImageObject\",\"inLanguage\":\"es\",\"@id\":\"https:\/\/www.celttv.com.ar\/#\/schema\/person\/image\/\",\"url\":\"https:\/\/secure.gravatar.com\/avatar\/7f2c48bdc33b30088f941fb6082e555f2874c98e20cb159d7b92b50eadfce793?s=96&d=mm&r=g\",\"contentUrl\":\"https:\/\/secure.gravatar.com\/avatar\/7f2c48bdc33b30088f941fb6082e555f2874c98e20cb159d7b92b50eadfce793?s=96&d=mm&r=g\",\"caption\":\"ulises\"},\"sameAs\":[\"http:\/\/www.celttv.com.ar\"]}]}<\/script>\n<!-- \/ Yoast SEO plugin. -->","yoast_head_json":{"title":"LA \"BELLA Y LA BESTIA\" VUELVE ESTE SABADO AL TEATRO MUNICIPAL (nota con Andrea Camus y Ludmila Becker) - CELTTV","description":"Sitio web de noticias de la localidad de Tornquist, provincia de Buenos Aires, Rep\u00fablica Argentina. Contenido propio originado por periodistas de CELTTV, el canal de TV local de la Cooperativa El\u00e9ctrica de Tornquist. Turismo, Pol\u00edtica, Sociedad, Deporte, Cultura y todo el contenido de inter\u00e9s general que la gente del pueblo y la regi\u00f3n debe conocer.","robots":{"index":"index","follow":"follow","max-snippet":"max-snippet:-1","max-image-preview":"max-image-preview:large","max-video-preview":"max-video-preview:-1"},"canonical":"https:\/\/www.celttv.com.ar\/index.php\/2013\/11\/01\/la-bella-y-la-bestia-vuelve-este-sabado-al-teatro-municipal-nota-con-andrea-camus-y-ludmila-becker\/","og_locale":"es_ES","og_type":"article","og_title":"LA \"BELLA Y LA BESTIA\" VUELVE ESTE SABADO AL TEATRO MUNICIPAL (nota con Andrea Camus y Ludmila Becker) - CELTTV","og_description":"Sitio web de noticias de la localidad de Tornquist, provincia de Buenos Aires, Rep\u00fablica Argentina. Contenido propio originado por periodistas de CELTTV, el canal de TV local de la Cooperativa El\u00e9ctrica de Tornquist. Turismo, Pol\u00edtica, Sociedad, Deporte, Cultura y todo el contenido de inter\u00e9s general que la gente del pueblo y la regi\u00f3n debe conocer.","og_url":"https:\/\/www.celttv.com.ar\/index.php\/2013\/11\/01\/la-bella-y-la-bestia-vuelve-este-sabado-al-teatro-municipal-nota-con-andrea-camus-y-ludmila-becker\/","og_site_name":"CELTTV","article_publisher":"https:\/\/www.facebook.com\/celtTV\/","article_published_time":"2013-11-01T21:04:39+00:00","author":"ulises","twitter_card":"summary_large_image","twitter_misc":{"Escrito por":"ulises","Tiempo de lectura":"1 minuto"},"schema":{"@context":"https:\/\/schema.org","@graph":[{"@type":"NewsArticle","@id":"https:\/\/www.celttv.com.ar\/index.php\/2013\/11\/01\/la-bella-y-la-bestia-vuelve-este-sabado-al-teatro-municipal-nota-con-andrea-camus-y-ludmila-becker\/#article","isPartOf":{"@id":"https:\/\/www.celttv.com.ar\/index.php\/2013\/11\/01\/la-bella-y-la-bestia-vuelve-este-sabado-al-teatro-municipal-nota-con-andrea-camus-y-ludmila-becker\/"},"author":{"name":"ulises","@id":"https:\/\/www.celttv.com.ar\/#\/schema\/person\/6d99c072dba59953809c81446e9d0ace"},"headline":"LA &#8220;BELLA Y LA BESTIA&#8221; VUELVE ESTE SABADO AL TEATRO MUNICIPAL (nota con Andrea Camus y Ludmila Becker)","datePublished":"2013-11-01T21:04:39+00:00","dateModified":"2013-11-01T21:04:39+00:00","mainEntityOfPage":{"@id":"https:\/\/www.celttv.com.ar\/index.php\/2013\/11\/01\/la-bella-y-la-bestia-vuelve-este-sabado-al-teatro-municipal-nota-con-andrea-camus-y-ludmila-becker\/"},"wordCount":132,"publisher":{"@id":"https:\/\/www.celttv.com.ar\/#organization"},"articleSection":["Comunidad","Espect\u00e1culos"],"inLanguage":"es"},{"@type":"WebPage","@id":"https:\/\/www.celttv.com.ar\/index.php\/2013\/11\/01\/la-bella-y-la-bestia-vuelve-este-sabado-al-teatro-municipal-nota-con-andrea-camus-y-ludmila-becker\/","url":"https:\/\/www.celttv.com.ar\/index.php\/2013\/11\/01\/la-bella-y-la-bestia-vuelve-este-sabado-al-teatro-municipal-nota-con-andrea-camus-y-ludmila-becker\/","name":"LA \"BELLA Y LA BESTIA\" VUELVE ESTE SABADO AL TEATRO MUNICIPAL (nota con Andrea Camus y Ludmila Becker) - CELTTV","isPartOf":{"@id":"https:\/\/www.celttv.com.ar\/#website"},"datePublished":"2013-11-01T21:04:39+00:00","dateModified":"2013-11-01T21:04:39+00:00","description":"Sitio web de noticias de la localidad de Tornquist, provincia de Buenos Aires, Rep\u00fablica Argentina. Contenido propio originado por periodistas de CELTTV, el canal de TV local de la Cooperativa El\u00e9ctrica de Tornquist. Turismo, Pol\u00edtica, Sociedad, Deporte, Cultura y todo el contenido de inter\u00e9s general que la gente del pueblo y la regi\u00f3n debe conocer.","breadcrumb":{"@id":"https:\/\/www.celttv.com.ar\/index.php\/2013\/11\/01\/la-bella-y-la-bestia-vuelve-este-sabado-al-teatro-municipal-nota-con-andrea-camus-y-ludmila-becker\/#breadcrumb"},"inLanguage":"es","potentialAction":[{"@type":"ReadAction","target":["https:\/\/www.celttv.com.ar\/index.php\/2013\/11\/01\/la-bella-y-la-bestia-vuelve-este-sabado-al-teatro-municipal-nota-con-andrea-camus-y-ludmila-becker\/"]}]},{"@type":"BreadcrumbList","@id":"https:\/\/www.celttv.com.ar\/index.php\/2013\/11\/01\/la-bella-y-la-bestia-vuelve-este-sabado-al-teatro-municipal-nota-con-andrea-camus-y-ludmila-becker\/#breadcrumb","itemListElement":[{"@type":"ListItem","position":1,"name":"Inicio","item":"https:\/\/www.celttv.com.ar\/"},{"@type":"ListItem","position":2,"name":"LA &#8220;BELLA Y LA BESTIA&#8221; VUELVE ESTE SABADO AL TEATRO MUNICIPAL (nota con Andrea Camus y Ludmila Becker)"}]},{"@type":"WebSite","@id":"https:\/\/www.celttv.com.ar\/#website","url":"https:\/\/www.celttv.com.ar\/","name":"CELTTV","description":"Cooperativa El\u00e9ctrica de Tornquist","publisher":{"@id":"https:\/\/www.celttv.com.ar\/#organization"},"potentialAction":[{"@type":"SearchAction","target":{"@type":"EntryPoint","urlTemplate":"https:\/\/www.celttv.com.ar\/?s={search_term_string}"},"query-input":"required name=search_term_string"}],"inLanguage":"es"},{"@type":"Organization","@id":"https:\/\/www.celttv.com.ar\/#organization","name":"CELTTV","url":"https:\/\/www.celttv.com.ar\/","sameAs":["https:\/\/www.youtube.com\/channel\/UCz_oIt8Hig64Ub-EmcNPIhg","https:\/\/www.facebook.com\/celtTV\/"],"logo":{"@type":"ImageObject","inLanguage":"es","@id":"https:\/\/www.celttv.com.ar\/#\/schema\/logo\/image\/","url":"http:\/\/www.celttv.com.ar\/wp-content\/uploads\/2022\/08\/logo-1.png","contentUrl":"http:\/\/www.celttv.com.ar\/wp-content\/uploads\/2022\/08\/logo-1.png","width":461,"height":159,"caption":"CELTTV"},"image":{"@id":"https:\/\/www.celttv.com.ar\/#\/schema\/logo\/image\/"}},{"@type":"Person","@id":"https:\/\/www.celttv.com.ar\/#\/schema\/person\/6d99c072dba59953809c81446e9d0ace","name":"ulises","image":{"@type":"ImageObject","inLanguage":"es","@id":"https:\/\/www.celttv.com.ar\/#\/schema\/person\/image\/","url":"https:\/\/secure.gravatar.com\/avatar\/7f2c48bdc33b30088f941fb6082e555f2874c98e20cb159d7b92b50eadfce793?s=96&d=mm&r=g","contentUrl":"https:\/\/secure.gravatar.com\/avatar\/7f2c48bdc33b30088f941fb6082e555f2874c98e20cb159d7b92b50eadfce793?s=96&d=mm&r=g","caption":"ulises"},"sameAs":["http:\/\/www.celttv.com.ar"]}]}},"_links":{"self":[{"href":"https:\/\/www.celttv.com.ar\/index.php\/wp-json\/wp\/v2\/posts\/15394","targetHints":{"allow":["GET"]}}],"collection":[{"href":"https:\/\/www.celttv.com.ar\/index.php\/wp-json\/wp\/v2\/posts"}],"about":[{"href":"https:\/\/www.celttv.com.ar\/index.php\/wp-json\/wp\/v2\/types\/post"}],"author":[{"embeddable":true,"href":"https:\/\/www.celttv.com.ar\/index.php\/wp-json\/wp\/v2\/users\/1"}],"replies":[{"embeddable":true,"href":"https:\/\/www.celttv.com.ar\/index.php\/wp-json\/wp\/v2\/comments?post=15394"}],"version-history":[{"count":0,"href":"https:\/\/www.celttv.com.ar\/index.php\/wp-json\/wp\/v2\/posts\/15394\/revisions"}],"wp:attachment":[{"href":"https:\/\/www.celttv.com.ar\/index.php\/wp-json\/wp\/v2\/media?parent=15394"}],"wp:term":[{"taxonomy":"category","embeddable":true,"href":"https:\/\/www.celttv.com.ar\/index.php\/wp-json\/wp\/v2\/categories?post=15394"},{"taxonomy":"post_tag","embeddable":true,"href":"https:\/\/www.celttv.com.ar\/index.php\/wp-json\/wp\/v2\/tags?post=15394"}],"curies":[{"name":"wp","href":"https:\/\/api.w.org\/{rel}","templated":true}]}}