{"id":15661,"date":"2013-11-13T19:45:35","date_gmt":"2013-11-13T19:45:35","guid":{"rendered":"http:\/\/www.tvcnoticias.com.ar\/?p=15661"},"modified":"2013-11-13T19:45:35","modified_gmt":"2013-11-13T19:45:35","slug":"el-frente-renovador-comunica-que-no-participa-ni-apoya-a-ningun-candidato-enla-interna-del-pj","status":"publish","type":"post","link":"https:\/\/www.celttv.com.ar\/index.php\/2013\/11\/13\/el-frente-renovador-comunica-que-no-participa-ni-apoya-a-ningun-candidato-enla-interna-del-pj\/","title":{"rendered":"EL FRENTE RENOVADOR COMUNICA QUE NO PARTICIPA NI APOYA A NINGUN CANDIDATO ENLA INTERNA DEL PJ."},"content":{"rendered":"<p><span style=\"font-family: arial, helvetica, sans-serif;\">Por medio del presente comunicado, se informa que el Frente Renovador construye una alternativa y, en este sentido, la interna del\u00a0PJ es el reflejo de la falta de percepci\u00f3n de lo que plantearon las urnas.<\/span><\/p>\n<div dir=\"ltr\">\n<span style=\"font-family: arial, helvetica, sans-serif;\"> <\/span><br \/>\n<span style=\"font-family: arial, helvetica, sans-serif;\">El Frente Renovador no participa de ninguna interna porque hoy la agenda de la gente est\u00e1 en\u00a0otro lado.<\/span><br \/>\n<span style=\"font-family: arial, helvetica, sans-serif;\">Aclarado el asunto, y mientras algunos discuten cargos, desde el Frente Renovador queremos discutir c\u00f3mo vamos a\u00a0frenar la droga en la Argentina.<br \/>\nDesde este espacio elegimos no pelear por un sello, sino que nosotros queremos pelear contra la inseguridad y la inflaci\u00f3n, que est\u00e1n destruyendo las condiciones de vida\u00a0de la gente.<\/span><br \/>\n<span style=\"font-family: arial, helvetica, sans-serif;\"> <\/span><br \/>\n<strong><span style=\"font-family: arial, helvetica, sans-serif;\">Prensa Frente Renovador<\/span><\/strong>\n<\/div>\n<p>&nbsp;<\/p>\n","protected":false},"excerpt":{"rendered":"<p>Por medio del presente comunicado, se informa que el Frente Renovador construye una alternativa y, en este sentido, la interna del\u00a0PJ es el reflejo de la falta de percepci\u00f3n de lo que plantearon las urnas. El Frente Renovador no participa de ninguna interna porque hoy la agenda de la gente est\u00e1 en\u00a0otro lado. Aclarado el [&hellip;]<\/p>\n","protected":false},"author":1,"featured_media":0,"comment_status":"closed","ping_status":"open","sticky":false,"template":"","format":"standard","meta":{"footnotes":""},"categories":[52,53],"tags":[],"class_list":["post-15661","post","type-post","status-publish","format-standard","hentry","category-destacadas","category-politica"],"yoast_head":"<!-- This site is optimized with the Yoast SEO plugin v19.7.1 - https:\/\/yoast.com\/wordpress\/plugins\/seo\/ -->\n<title>EL FRENTE RENOVADOR COMUNICA QUE NO PARTICIPA NI APOYA A NINGUN CANDIDATO ENLA INTERNA DEL PJ. - CELTTV<\/title>\n<meta name=\"description\" content=\"Sitio web de noticias de la localidad de Tornquist, provincia de Buenos Aires, Rep\u00fablica Argentina. Contenido propio originado por periodistas de CELTTV, el canal de TV local de la Cooperativa El\u00e9ctrica de Tornquist. Turismo, Pol\u00edtica, Sociedad, Deporte, Cultura y todo el contenido de inter\u00e9s general que la gente del pueblo y la regi\u00f3n debe conocer.\" \/>\n<meta name=\"robots\" content=\"index, follow, max-snippet:-1, max-image-preview:large, max-video-preview:-1\" \/>\n<link rel=\"canonical\" href=\"https:\/\/www.celttv.com.ar\/index.php\/2013\/11\/13\/el-frente-renovador-comunica-que-no-participa-ni-apoya-a-ningun-candidato-enla-interna-del-pj\/\" \/>\n<meta property=\"og:locale\" content=\"es_ES\" \/>\n<meta property=\"og:type\" content=\"article\" \/>\n<meta property=\"og:title\" content=\"EL FRENTE RENOVADOR COMUNICA QUE NO PARTICIPA NI APOYA A NINGUN CANDIDATO ENLA INTERNA DEL PJ. - CELTTV\" \/>\n<meta property=\"og:description\" content=\"Sitio web de noticias de la localidad de Tornquist, provincia de Buenos Aires, Rep\u00fablica Argentina. Contenido propio originado por periodistas de CELTTV, el canal de TV local de la Cooperativa El\u00e9ctrica de Tornquist. Turismo, Pol\u00edtica, Sociedad, Deporte, Cultura y todo el contenido de inter\u00e9s general que la gente del pueblo y la regi\u00f3n debe conocer.\" \/>\n<meta property=\"og:url\" content=\"https:\/\/www.celttv.com.ar\/index.php\/2013\/11\/13\/el-frente-renovador-comunica-que-no-participa-ni-apoya-a-ningun-candidato-enla-interna-del-pj\/\" \/>\n<meta property=\"og:site_name\" content=\"CELTTV\" \/>\n<meta property=\"article:publisher\" content=\"https:\/\/www.facebook.com\/celtTV\/\" \/>\n<meta property=\"article:published_time\" content=\"2013-11-13T19:45:35+00:00\" \/>\n<meta name=\"author\" content=\"ulises\" \/>\n<meta name=\"twitter:card\" content=\"summary_large_image\" \/>\n<meta name=\"twitter:label1\" content=\"Escrito por\" \/>\n\t<meta name=\"twitter:data1\" content=\"ulises\" \/>\n\t<meta name=\"twitter:label2\" content=\"Tiempo de lectura\" \/>\n\t<meta name=\"twitter:data2\" content=\"1 minuto\" \/>\n<script type=\"application\/ld+json\" class=\"yoast-schema-graph\">{\"@context\":\"https:\/\/schema.org\",\"@graph\":[{\"@type\":\"NewsArticle\",\"@id\":\"https:\/\/www.celttv.com.ar\/index.php\/2013\/11\/13\/el-frente-renovador-comunica-que-no-participa-ni-apoya-a-ningun-candidato-enla-interna-del-pj\/#article\",\"isPartOf\":{\"@id\":\"https:\/\/www.celttv.com.ar\/index.php\/2013\/11\/13\/el-frente-renovador-comunica-que-no-participa-ni-apoya-a-ningun-candidato-enla-interna-del-pj\/\"},\"author\":{\"name\":\"ulises\",\"@id\":\"https:\/\/www.celttv.com.ar\/#\/schema\/person\/6d99c072dba59953809c81446e9d0ace\"},\"headline\":\"EL FRENTE RENOVADOR COMUNICA QUE NO PARTICIPA NI APOYA A NINGUN CANDIDATO ENLA INTERNA DEL PJ.\",\"datePublished\":\"2013-11-13T19:45:35+00:00\",\"dateModified\":\"2013-11-13T19:45:35+00:00\",\"mainEntityOfPage\":{\"@id\":\"https:\/\/www.celttv.com.ar\/index.php\/2013\/11\/13\/el-frente-renovador-comunica-que-no-participa-ni-apoya-a-ningun-candidato-enla-interna-del-pj\/\"},\"wordCount\":132,\"publisher\":{\"@id\":\"https:\/\/www.celttv.com.ar\/#organization\"},\"articleSection\":[\"Destacadas\",\"Pol\u00edtica\"],\"inLanguage\":\"es\"},{\"@type\":\"WebPage\",\"@id\":\"https:\/\/www.celttv.com.ar\/index.php\/2013\/11\/13\/el-frente-renovador-comunica-que-no-participa-ni-apoya-a-ningun-candidato-enla-interna-del-pj\/\",\"url\":\"https:\/\/www.celttv.com.ar\/index.php\/2013\/11\/13\/el-frente-renovador-comunica-que-no-participa-ni-apoya-a-ningun-candidato-enla-interna-del-pj\/\",\"name\":\"EL FRENTE RENOVADOR COMUNICA QUE NO PARTICIPA NI APOYA A NINGUN CANDIDATO ENLA INTERNA DEL PJ. - CELTTV\",\"isPartOf\":{\"@id\":\"https:\/\/www.celttv.com.ar\/#website\"},\"datePublished\":\"2013-11-13T19:45:35+00:00\",\"dateModified\":\"2013-11-13T19:45:35+00:00\",\"description\":\"Sitio web de noticias de la localidad de Tornquist, provincia de Buenos Aires, Rep\u00fablica Argentina. Contenido propio originado por periodistas de CELTTV, el canal de TV local de la Cooperativa El\u00e9ctrica de Tornquist. Turismo, Pol\u00edtica, Sociedad, Deporte, Cultura y todo el contenido de inter\u00e9s general que la gente del pueblo y la regi\u00f3n debe conocer.\",\"breadcrumb\":{\"@id\":\"https:\/\/www.celttv.com.ar\/index.php\/2013\/11\/13\/el-frente-renovador-comunica-que-no-participa-ni-apoya-a-ningun-candidato-enla-interna-del-pj\/#breadcrumb\"},\"inLanguage\":\"es\",\"potentialAction\":[{\"@type\":\"ReadAction\",\"target\":[\"https:\/\/www.celttv.com.ar\/index.php\/2013\/11\/13\/el-frente-renovador-comunica-que-no-participa-ni-apoya-a-ningun-candidato-enla-interna-del-pj\/\"]}]},{\"@type\":\"BreadcrumbList\",\"@id\":\"https:\/\/www.celttv.com.ar\/index.php\/2013\/11\/13\/el-frente-renovador-comunica-que-no-participa-ni-apoya-a-ningun-candidato-enla-interna-del-pj\/#breadcrumb\",\"itemListElement\":[{\"@type\":\"ListItem\",\"position\":1,\"name\":\"Inicio\",\"item\":\"https:\/\/www.celttv.com.ar\/\"},{\"@type\":\"ListItem\",\"position\":2,\"name\":\"EL FRENTE RENOVADOR COMUNICA QUE NO PARTICIPA NI APOYA A NINGUN CANDIDATO ENLA INTERNA DEL PJ.\"}]},{\"@type\":\"WebSite\",\"@id\":\"https:\/\/www.celttv.com.ar\/#website\",\"url\":\"https:\/\/www.celttv.com.ar\/\",\"name\":\"CELTTV\",\"description\":\"Cooperativa El\u00e9ctrica de Tornquist\",\"publisher\":{\"@id\":\"https:\/\/www.celttv.com.ar\/#organization\"},\"potentialAction\":[{\"@type\":\"SearchAction\",\"target\":{\"@type\":\"EntryPoint\",\"urlTemplate\":\"https:\/\/www.celttv.com.ar\/?s={search_term_string}\"},\"query-input\":\"required name=search_term_string\"}],\"inLanguage\":\"es\"},{\"@type\":\"Organization\",\"@id\":\"https:\/\/www.celttv.com.ar\/#organization\",\"name\":\"CELTTV\",\"url\":\"https:\/\/www.celttv.com.ar\/\",\"sameAs\":[\"https:\/\/www.youtube.com\/channel\/UCz_oIt8Hig64Ub-EmcNPIhg\",\"https:\/\/www.facebook.com\/celtTV\/\"],\"logo\":{\"@type\":\"ImageObject\",\"inLanguage\":\"es\",\"@id\":\"https:\/\/www.celttv.com.ar\/#\/schema\/logo\/image\/\",\"url\":\"http:\/\/www.celttv.com.ar\/wp-content\/uploads\/2022\/08\/logo-1.png\",\"contentUrl\":\"http:\/\/www.celttv.com.ar\/wp-content\/uploads\/2022\/08\/logo-1.png\",\"width\":461,\"height\":159,\"caption\":\"CELTTV\"},\"image\":{\"@id\":\"https:\/\/www.celttv.com.ar\/#\/schema\/logo\/image\/\"}},{\"@type\":\"Person\",\"@id\":\"https:\/\/www.celttv.com.ar\/#\/schema\/person\/6d99c072dba59953809c81446e9d0ace\",\"name\":\"ulises\",\"image\":{\"@type\":\"ImageObject\",\"inLanguage\":\"es\",\"@id\":\"https:\/\/www.celttv.com.ar\/#\/schema\/person\/image\/\",\"url\":\"https:\/\/secure.gravatar.com\/avatar\/7f2c48bdc33b30088f941fb6082e555f2874c98e20cb159d7b92b50eadfce793?s=96&d=mm&r=g\",\"contentUrl\":\"https:\/\/secure.gravatar.com\/avatar\/7f2c48bdc33b30088f941fb6082e555f2874c98e20cb159d7b92b50eadfce793?s=96&d=mm&r=g\",\"caption\":\"ulises\"},\"sameAs\":[\"http:\/\/www.celttv.com.ar\"]}]}<\/script>\n<!-- \/ Yoast SEO plugin. -->","yoast_head_json":{"title":"EL FRENTE RENOVADOR COMUNICA QUE NO PARTICIPA NI APOYA A NINGUN CANDIDATO ENLA INTERNA DEL PJ. - CELTTV","description":"Sitio web de noticias de la localidad de Tornquist, provincia de Buenos Aires, Rep\u00fablica Argentina. Contenido propio originado por periodistas de CELTTV, el canal de TV local de la Cooperativa El\u00e9ctrica de Tornquist. Turismo, Pol\u00edtica, Sociedad, Deporte, Cultura y todo el contenido de inter\u00e9s general que la gente del pueblo y la regi\u00f3n debe conocer.","robots":{"index":"index","follow":"follow","max-snippet":"max-snippet:-1","max-image-preview":"max-image-preview:large","max-video-preview":"max-video-preview:-1"},"canonical":"https:\/\/www.celttv.com.ar\/index.php\/2013\/11\/13\/el-frente-renovador-comunica-que-no-participa-ni-apoya-a-ningun-candidato-enla-interna-del-pj\/","og_locale":"es_ES","og_type":"article","og_title":"EL FRENTE RENOVADOR COMUNICA QUE NO PARTICIPA NI APOYA A NINGUN CANDIDATO ENLA INTERNA DEL PJ. - CELTTV","og_description":"Sitio web de noticias de la localidad de Tornquist, provincia de Buenos Aires, Rep\u00fablica Argentina. Contenido propio originado por periodistas de CELTTV, el canal de TV local de la Cooperativa El\u00e9ctrica de Tornquist. Turismo, Pol\u00edtica, Sociedad, Deporte, Cultura y todo el contenido de inter\u00e9s general que la gente del pueblo y la regi\u00f3n debe conocer.","og_url":"https:\/\/www.celttv.com.ar\/index.php\/2013\/11\/13\/el-frente-renovador-comunica-que-no-participa-ni-apoya-a-ningun-candidato-enla-interna-del-pj\/","og_site_name":"CELTTV","article_publisher":"https:\/\/www.facebook.com\/celtTV\/","article_published_time":"2013-11-13T19:45:35+00:00","author":"ulises","twitter_card":"summary_large_image","twitter_misc":{"Escrito por":"ulises","Tiempo de lectura":"1 minuto"},"schema":{"@context":"https:\/\/schema.org","@graph":[{"@type":"NewsArticle","@id":"https:\/\/www.celttv.com.ar\/index.php\/2013\/11\/13\/el-frente-renovador-comunica-que-no-participa-ni-apoya-a-ningun-candidato-enla-interna-del-pj\/#article","isPartOf":{"@id":"https:\/\/www.celttv.com.ar\/index.php\/2013\/11\/13\/el-frente-renovador-comunica-que-no-participa-ni-apoya-a-ningun-candidato-enla-interna-del-pj\/"},"author":{"name":"ulises","@id":"https:\/\/www.celttv.com.ar\/#\/schema\/person\/6d99c072dba59953809c81446e9d0ace"},"headline":"EL FRENTE RENOVADOR COMUNICA QUE NO PARTICIPA NI APOYA A NINGUN CANDIDATO ENLA INTERNA DEL PJ.","datePublished":"2013-11-13T19:45:35+00:00","dateModified":"2013-11-13T19:45:35+00:00","mainEntityOfPage":{"@id":"https:\/\/www.celttv.com.ar\/index.php\/2013\/11\/13\/el-frente-renovador-comunica-que-no-participa-ni-apoya-a-ningun-candidato-enla-interna-del-pj\/"},"wordCount":132,"publisher":{"@id":"https:\/\/www.celttv.com.ar\/#organization"},"articleSection":["Destacadas","Pol\u00edtica"],"inLanguage":"es"},{"@type":"WebPage","@id":"https:\/\/www.celttv.com.ar\/index.php\/2013\/11\/13\/el-frente-renovador-comunica-que-no-participa-ni-apoya-a-ningun-candidato-enla-interna-del-pj\/","url":"https:\/\/www.celttv.com.ar\/index.php\/2013\/11\/13\/el-frente-renovador-comunica-que-no-participa-ni-apoya-a-ningun-candidato-enla-interna-del-pj\/","name":"EL FRENTE RENOVADOR COMUNICA QUE NO PARTICIPA NI APOYA A NINGUN CANDIDATO ENLA INTERNA DEL PJ. - CELTTV","isPartOf":{"@id":"https:\/\/www.celttv.com.ar\/#website"},"datePublished":"2013-11-13T19:45:35+00:00","dateModified":"2013-11-13T19:45:35+00:00","description":"Sitio web de noticias de la localidad de Tornquist, provincia de Buenos Aires, Rep\u00fablica Argentina. Contenido propio originado por periodistas de CELTTV, el canal de TV local de la Cooperativa El\u00e9ctrica de Tornquist. Turismo, Pol\u00edtica, Sociedad, Deporte, Cultura y todo el contenido de inter\u00e9s general que la gente del pueblo y la regi\u00f3n debe conocer.","breadcrumb":{"@id":"https:\/\/www.celttv.com.ar\/index.php\/2013\/11\/13\/el-frente-renovador-comunica-que-no-participa-ni-apoya-a-ningun-candidato-enla-interna-del-pj\/#breadcrumb"},"inLanguage":"es","potentialAction":[{"@type":"ReadAction","target":["https:\/\/www.celttv.com.ar\/index.php\/2013\/11\/13\/el-frente-renovador-comunica-que-no-participa-ni-apoya-a-ningun-candidato-enla-interna-del-pj\/"]}]},{"@type":"BreadcrumbList","@id":"https:\/\/www.celttv.com.ar\/index.php\/2013\/11\/13\/el-frente-renovador-comunica-que-no-participa-ni-apoya-a-ningun-candidato-enla-interna-del-pj\/#breadcrumb","itemListElement":[{"@type":"ListItem","position":1,"name":"Inicio","item":"https:\/\/www.celttv.com.ar\/"},{"@type":"ListItem","position":2,"name":"EL FRENTE RENOVADOR COMUNICA QUE NO PARTICIPA NI APOYA A NINGUN CANDIDATO ENLA INTERNA DEL PJ."}]},{"@type":"WebSite","@id":"https:\/\/www.celttv.com.ar\/#website","url":"https:\/\/www.celttv.com.ar\/","name":"CELTTV","description":"Cooperativa El\u00e9ctrica de Tornquist","publisher":{"@id":"https:\/\/www.celttv.com.ar\/#organization"},"potentialAction":[{"@type":"SearchAction","target":{"@type":"EntryPoint","urlTemplate":"https:\/\/www.celttv.com.ar\/?s={search_term_string}"},"query-input":"required name=search_term_string"}],"inLanguage":"es"},{"@type":"Organization","@id":"https:\/\/www.celttv.com.ar\/#organization","name":"CELTTV","url":"https:\/\/www.celttv.com.ar\/","sameAs":["https:\/\/www.youtube.com\/channel\/UCz_oIt8Hig64Ub-EmcNPIhg","https:\/\/www.facebook.com\/celtTV\/"],"logo":{"@type":"ImageObject","inLanguage":"es","@id":"https:\/\/www.celttv.com.ar\/#\/schema\/logo\/image\/","url":"http:\/\/www.celttv.com.ar\/wp-content\/uploads\/2022\/08\/logo-1.png","contentUrl":"http:\/\/www.celttv.com.ar\/wp-content\/uploads\/2022\/08\/logo-1.png","width":461,"height":159,"caption":"CELTTV"},"image":{"@id":"https:\/\/www.celttv.com.ar\/#\/schema\/logo\/image\/"}},{"@type":"Person","@id":"https:\/\/www.celttv.com.ar\/#\/schema\/person\/6d99c072dba59953809c81446e9d0ace","name":"ulises","image":{"@type":"ImageObject","inLanguage":"es","@id":"https:\/\/www.celttv.com.ar\/#\/schema\/person\/image\/","url":"https:\/\/secure.gravatar.com\/avatar\/7f2c48bdc33b30088f941fb6082e555f2874c98e20cb159d7b92b50eadfce793?s=96&d=mm&r=g","contentUrl":"https:\/\/secure.gravatar.com\/avatar\/7f2c48bdc33b30088f941fb6082e555f2874c98e20cb159d7b92b50eadfce793?s=96&d=mm&r=g","caption":"ulises"},"sameAs":["http:\/\/www.celttv.com.ar"]}]}},"_links":{"self":[{"href":"https:\/\/www.celttv.com.ar\/index.php\/wp-json\/wp\/v2\/posts\/15661","targetHints":{"allow":["GET"]}}],"collection":[{"href":"https:\/\/www.celttv.com.ar\/index.php\/wp-json\/wp\/v2\/posts"}],"about":[{"href":"https:\/\/www.celttv.com.ar\/index.php\/wp-json\/wp\/v2\/types\/post"}],"author":[{"embeddable":true,"href":"https:\/\/www.celttv.com.ar\/index.php\/wp-json\/wp\/v2\/users\/1"}],"replies":[{"embeddable":true,"href":"https:\/\/www.celttv.com.ar\/index.php\/wp-json\/wp\/v2\/comments?post=15661"}],"version-history":[{"count":0,"href":"https:\/\/www.celttv.com.ar\/index.php\/wp-json\/wp\/v2\/posts\/15661\/revisions"}],"wp:attachment":[{"href":"https:\/\/www.celttv.com.ar\/index.php\/wp-json\/wp\/v2\/media?parent=15661"}],"wp:term":[{"taxonomy":"category","embeddable":true,"href":"https:\/\/www.celttv.com.ar\/index.php\/wp-json\/wp\/v2\/categories?post=15661"},{"taxonomy":"post_tag","embeddable":true,"href":"https:\/\/www.celttv.com.ar\/index.php\/wp-json\/wp\/v2\/tags?post=15661"}],"curies":[{"name":"wp","href":"https:\/\/api.w.org\/{rel}","templated":true}]}}