{"id":15664,"date":"2013-11-13T19:49:46","date_gmt":"2013-11-13T19:49:46","guid":{"rendered":"http:\/\/www.tvcnoticias.com.ar\/?p=15664"},"modified":"2013-11-13T19:49:46","modified_gmt":"2013-11-13T19:49:46","slug":"los-obispos-organizan-una-jornada-de-ayuno-y-oracion-por-el-drama-de-la-droga","status":"publish","type":"post","link":"https:\/\/www.celttv.com.ar\/index.php\/2013\/11\/13\/los-obispos-organizan-una-jornada-de-ayuno-y-oracion-por-el-drama-de-la-droga\/","title":{"rendered":"LOS OBISPOS ORGANIZAN UNA JORNADA DE AYUNO Y ORACION POR EL DRAMA DE LA DROGA"},"content":{"rendered":"<h2><span style=\"font-size: 1.17em; font-weight: normal;\">Misas en las catedrales y santuarios, en las parroquias y capillas por los enfermos, familiares y fallecidos por causa de este flagelo<\/span><\/h2>\n<p>Los obispos de Argentina en el documento final de su\u00a0106\u00ba Asamblea Plenaria de la Conferencia Episcopal han indicado la\u00a0preocupaci\u00f3n por el \u201cdrama de las drogas y el narcotr\u00e1fico\u201d y ahora acaban de convocar una jornada de ayuno y oraci\u00f3n,\u00a0para el 7 de diciembre.<br \/>\n&nbsp;<br \/>\n&#8220;Junto a las reflexiones que presentamos el pasado viernes 8 de noviembre acerca del &#8216;drama de las drogas y el narcotr\u00e1fico&#8217;, queremos proponer al pueblo de Dios un gesto que acompa\u00f1e esta preocupaci\u00f3n&#8221; indican los obispos.<br \/>\nPara ello, indicaron, &#8220;convocamos a todos los que comparten nuestra Fe y a los hombres y mujeres de buena voluntad, a una jornada de ayuno y oraci\u00f3n, pidiendo a Dios Padre que mueva y sostenga los corazones y las voluntades de quienes tienen en sus manos la responsabilidad de los recursos de la Ley, para frenar la perversa y devastadora fuerza de las drogas&#8221;.<br \/>\nA\u00f1adieron que entre las intenciones de la oraci\u00f3n est\u00e1 &#8220;la construcci\u00f3n de una cultura del encuentro y la solidaridad, como base de una revoluci\u00f3n moral que sostenga una vida m\u00e1s digna, y por la conversi\u00f3n de los narcotraficantes&#8221;.<br \/>\nIndican que la fecha propuesta &#8220;para esta Jornada es el 7 de diciembre, primer s\u00e1bado de Adviento. Ese d\u00eda, en las di\u00f3cesis del pa\u00eds, en las catedrales y santuarios, en las parroquias y capillas, se celebrar\u00e1 la santa misa por esta intenci\u00f3n, recordando especialmente a los enfermos, a sus familiares y a los fallecidos por causa de este flagelo&#8221;.<br \/>\nLos obispos recuerdan adem\u00e1s que &#8220;la oraci\u00f3n es una expresi\u00f3n de confianza dirigida a nuestro Padre Dios que siempre quiere lo mejor para sus hijos, y conoce muy bien lo que padecemos y sufrimos cuando un ni\u00f1o, un joven o un adulto pierden la libertad, la salud y hasta la propia vida por causa de las drogas&#8221;.<br \/>\nY concluyen su invitaci\u00f3n poniendo la confianza en Mar\u00eda: &#8220;Que la Virgen Mar\u00eda que nos cuida con ternura de Madre, nos acompa\u00f1e en este d\u00eda&#8221;.<br \/>\nLa carta est\u00e1 firmada por los obispos de la Conferencia Episcopal Argentina, y fechada en Buenos Aires el 11 de noviembre de 2013.<br \/>\n<span style=\"font-size: 1.17em; font-weight: normal;\"><br \/>\n<\/span><br \/>\n&nbsp;<\/p>\n","protected":false},"excerpt":{"rendered":"<p>Misas en las catedrales y santuarios, en las parroquias y capillas por los enfermos, familiares y fallecidos por causa de este flagelo Los obispos de Argentina en el documento final de su\u00a0106\u00ba Asamblea Plenaria de la Conferencia Episcopal han indicado la\u00a0preocupaci\u00f3n por el \u201cdrama de las drogas y el narcotr\u00e1fico\u201d y ahora acaban de convocar [&hellip;]<\/p>\n","protected":false},"author":1,"featured_media":0,"comment_status":"closed","ping_status":"open","sticky":false,"template":"","format":"standard","meta":{"footnotes":""},"categories":[51,52],"tags":[],"class_list":["post-15664","post","type-post","status-publish","format-standard","hentry","category-comunidad","category-destacadas"],"yoast_head":"<!-- This site is optimized with the Yoast SEO plugin v19.7.1 - https:\/\/yoast.com\/wordpress\/plugins\/seo\/ -->\n<title>LOS OBISPOS ORGANIZAN UNA JORNADA DE AYUNO Y ORACION POR EL DRAMA DE LA DROGA - CELTTV<\/title>\n<meta name=\"description\" content=\"Sitio web de noticias de la localidad de Tornquist, provincia de Buenos Aires, Rep\u00fablica Argentina. Contenido propio originado por periodistas de CELTTV, el canal de TV local de la Cooperativa El\u00e9ctrica de Tornquist. Turismo, Pol\u00edtica, Sociedad, Deporte, Cultura y todo el contenido de inter\u00e9s general que la gente del pueblo y la regi\u00f3n debe conocer.\" \/>\n<meta name=\"robots\" content=\"index, follow, max-snippet:-1, max-image-preview:large, max-video-preview:-1\" \/>\n<link rel=\"canonical\" href=\"https:\/\/www.celttv.com.ar\/index.php\/2013\/11\/13\/los-obispos-organizan-una-jornada-de-ayuno-y-oracion-por-el-drama-de-la-droga\/\" \/>\n<meta property=\"og:locale\" content=\"es_ES\" \/>\n<meta property=\"og:type\" content=\"article\" \/>\n<meta property=\"og:title\" content=\"LOS OBISPOS ORGANIZAN UNA JORNADA DE AYUNO Y ORACION POR EL DRAMA DE LA DROGA - CELTTV\" \/>\n<meta property=\"og:description\" content=\"Sitio web de noticias de la localidad de Tornquist, provincia de Buenos Aires, Rep\u00fablica Argentina. Contenido propio originado por periodistas de CELTTV, el canal de TV local de la Cooperativa El\u00e9ctrica de Tornquist. Turismo, Pol\u00edtica, Sociedad, Deporte, Cultura y todo el contenido de inter\u00e9s general que la gente del pueblo y la regi\u00f3n debe conocer.\" \/>\n<meta property=\"og:url\" content=\"https:\/\/www.celttv.com.ar\/index.php\/2013\/11\/13\/los-obispos-organizan-una-jornada-de-ayuno-y-oracion-por-el-drama-de-la-droga\/\" \/>\n<meta property=\"og:site_name\" content=\"CELTTV\" \/>\n<meta property=\"article:publisher\" content=\"https:\/\/www.facebook.com\/celtTV\/\" \/>\n<meta property=\"article:published_time\" content=\"2013-11-13T19:49:46+00:00\" \/>\n<meta name=\"author\" content=\"ulises\" \/>\n<meta name=\"twitter:card\" content=\"summary_large_image\" \/>\n<meta name=\"twitter:label1\" content=\"Escrito por\" \/>\n\t<meta name=\"twitter:data1\" content=\"ulises\" \/>\n\t<meta name=\"twitter:label2\" content=\"Tiempo de lectura\" \/>\n\t<meta name=\"twitter:data2\" content=\"2 minutos\" \/>\n<script type=\"application\/ld+json\" class=\"yoast-schema-graph\">{\"@context\":\"https:\/\/schema.org\",\"@graph\":[{\"@type\":\"NewsArticle\",\"@id\":\"https:\/\/www.celttv.com.ar\/index.php\/2013\/11\/13\/los-obispos-organizan-una-jornada-de-ayuno-y-oracion-por-el-drama-de-la-droga\/#article\",\"isPartOf\":{\"@id\":\"https:\/\/www.celttv.com.ar\/index.php\/2013\/11\/13\/los-obispos-organizan-una-jornada-de-ayuno-y-oracion-por-el-drama-de-la-droga\/\"},\"author\":{\"name\":\"ulises\",\"@id\":\"https:\/\/www.celttv.com.ar\/#\/schema\/person\/6d99c072dba59953809c81446e9d0ace\"},\"headline\":\"LOS OBISPOS ORGANIZAN UNA JORNADA DE AYUNO Y ORACION POR EL DRAMA DE LA DROGA\",\"datePublished\":\"2013-11-13T19:49:46+00:00\",\"dateModified\":\"2013-11-13T19:49:46+00:00\",\"mainEntityOfPage\":{\"@id\":\"https:\/\/www.celttv.com.ar\/index.php\/2013\/11\/13\/los-obispos-organizan-una-jornada-de-ayuno-y-oracion-por-el-drama-de-la-droga\/\"},\"wordCount\":408,\"publisher\":{\"@id\":\"https:\/\/www.celttv.com.ar\/#organization\"},\"articleSection\":[\"Comunidad\",\"Destacadas\"],\"inLanguage\":\"es\"},{\"@type\":\"WebPage\",\"@id\":\"https:\/\/www.celttv.com.ar\/index.php\/2013\/11\/13\/los-obispos-organizan-una-jornada-de-ayuno-y-oracion-por-el-drama-de-la-droga\/\",\"url\":\"https:\/\/www.celttv.com.ar\/index.php\/2013\/11\/13\/los-obispos-organizan-una-jornada-de-ayuno-y-oracion-por-el-drama-de-la-droga\/\",\"name\":\"LOS OBISPOS ORGANIZAN UNA JORNADA DE AYUNO Y ORACION POR EL DRAMA DE LA DROGA - CELTTV\",\"isPartOf\":{\"@id\":\"https:\/\/www.celttv.com.ar\/#website\"},\"datePublished\":\"2013-11-13T19:49:46+00:00\",\"dateModified\":\"2013-11-13T19:49:46+00:00\",\"description\":\"Sitio web de noticias de la localidad de Tornquist, provincia de Buenos Aires, Rep\u00fablica Argentina. Contenido propio originado por periodistas de CELTTV, el canal de TV local de la Cooperativa El\u00e9ctrica de Tornquist. Turismo, Pol\u00edtica, Sociedad, Deporte, Cultura y todo el contenido de inter\u00e9s general que la gente del pueblo y la regi\u00f3n debe conocer.\",\"breadcrumb\":{\"@id\":\"https:\/\/www.celttv.com.ar\/index.php\/2013\/11\/13\/los-obispos-organizan-una-jornada-de-ayuno-y-oracion-por-el-drama-de-la-droga\/#breadcrumb\"},\"inLanguage\":\"es\",\"potentialAction\":[{\"@type\":\"ReadAction\",\"target\":[\"https:\/\/www.celttv.com.ar\/index.php\/2013\/11\/13\/los-obispos-organizan-una-jornada-de-ayuno-y-oracion-por-el-drama-de-la-droga\/\"]}]},{\"@type\":\"BreadcrumbList\",\"@id\":\"https:\/\/www.celttv.com.ar\/index.php\/2013\/11\/13\/los-obispos-organizan-una-jornada-de-ayuno-y-oracion-por-el-drama-de-la-droga\/#breadcrumb\",\"itemListElement\":[{\"@type\":\"ListItem\",\"position\":1,\"name\":\"Inicio\",\"item\":\"https:\/\/www.celttv.com.ar\/\"},{\"@type\":\"ListItem\",\"position\":2,\"name\":\"LOS OBISPOS ORGANIZAN UNA JORNADA DE AYUNO Y ORACION POR EL DRAMA DE LA DROGA\"}]},{\"@type\":\"WebSite\",\"@id\":\"https:\/\/www.celttv.com.ar\/#website\",\"url\":\"https:\/\/www.celttv.com.ar\/\",\"name\":\"CELTTV\",\"description\":\"Cooperativa El\u00e9ctrica de Tornquist\",\"publisher\":{\"@id\":\"https:\/\/www.celttv.com.ar\/#organization\"},\"potentialAction\":[{\"@type\":\"SearchAction\",\"target\":{\"@type\":\"EntryPoint\",\"urlTemplate\":\"https:\/\/www.celttv.com.ar\/?s={search_term_string}\"},\"query-input\":\"required name=search_term_string\"}],\"inLanguage\":\"es\"},{\"@type\":\"Organization\",\"@id\":\"https:\/\/www.celttv.com.ar\/#organization\",\"name\":\"CELTTV\",\"url\":\"https:\/\/www.celttv.com.ar\/\",\"sameAs\":[\"https:\/\/www.youtube.com\/channel\/UCz_oIt8Hig64Ub-EmcNPIhg\",\"https:\/\/www.facebook.com\/celtTV\/\"],\"logo\":{\"@type\":\"ImageObject\",\"inLanguage\":\"es\",\"@id\":\"https:\/\/www.celttv.com.ar\/#\/schema\/logo\/image\/\",\"url\":\"http:\/\/www.celttv.com.ar\/wp-content\/uploads\/2022\/08\/logo-1.png\",\"contentUrl\":\"http:\/\/www.celttv.com.ar\/wp-content\/uploads\/2022\/08\/logo-1.png\",\"width\":461,\"height\":159,\"caption\":\"CELTTV\"},\"image\":{\"@id\":\"https:\/\/www.celttv.com.ar\/#\/schema\/logo\/image\/\"}},{\"@type\":\"Person\",\"@id\":\"https:\/\/www.celttv.com.ar\/#\/schema\/person\/6d99c072dba59953809c81446e9d0ace\",\"name\":\"ulises\",\"image\":{\"@type\":\"ImageObject\",\"inLanguage\":\"es\",\"@id\":\"https:\/\/www.celttv.com.ar\/#\/schema\/person\/image\/\",\"url\":\"https:\/\/secure.gravatar.com\/avatar\/7f2c48bdc33b30088f941fb6082e555f2874c98e20cb159d7b92b50eadfce793?s=96&d=mm&r=g\",\"contentUrl\":\"https:\/\/secure.gravatar.com\/avatar\/7f2c48bdc33b30088f941fb6082e555f2874c98e20cb159d7b92b50eadfce793?s=96&d=mm&r=g\",\"caption\":\"ulises\"},\"sameAs\":[\"http:\/\/www.celttv.com.ar\"]}]}<\/script>\n<!-- \/ Yoast SEO plugin. -->","yoast_head_json":{"title":"LOS OBISPOS ORGANIZAN UNA JORNADA DE AYUNO Y ORACION POR EL DRAMA DE LA DROGA - CELTTV","description":"Sitio web de noticias de la localidad de Tornquist, provincia de Buenos Aires, Rep\u00fablica Argentina. Contenido propio originado por periodistas de CELTTV, el canal de TV local de la Cooperativa El\u00e9ctrica de Tornquist. Turismo, Pol\u00edtica, Sociedad, Deporte, Cultura y todo el contenido de inter\u00e9s general que la gente del pueblo y la regi\u00f3n debe conocer.","robots":{"index":"index","follow":"follow","max-snippet":"max-snippet:-1","max-image-preview":"max-image-preview:large","max-video-preview":"max-video-preview:-1"},"canonical":"https:\/\/www.celttv.com.ar\/index.php\/2013\/11\/13\/los-obispos-organizan-una-jornada-de-ayuno-y-oracion-por-el-drama-de-la-droga\/","og_locale":"es_ES","og_type":"article","og_title":"LOS OBISPOS ORGANIZAN UNA JORNADA DE AYUNO Y ORACION POR EL DRAMA DE LA DROGA - CELTTV","og_description":"Sitio web de noticias de la localidad de Tornquist, provincia de Buenos Aires, Rep\u00fablica Argentina. Contenido propio originado por periodistas de CELTTV, el canal de TV local de la Cooperativa El\u00e9ctrica de Tornquist. Turismo, Pol\u00edtica, Sociedad, Deporte, Cultura y todo el contenido de inter\u00e9s general que la gente del pueblo y la regi\u00f3n debe conocer.","og_url":"https:\/\/www.celttv.com.ar\/index.php\/2013\/11\/13\/los-obispos-organizan-una-jornada-de-ayuno-y-oracion-por-el-drama-de-la-droga\/","og_site_name":"CELTTV","article_publisher":"https:\/\/www.facebook.com\/celtTV\/","article_published_time":"2013-11-13T19:49:46+00:00","author":"ulises","twitter_card":"summary_large_image","twitter_misc":{"Escrito por":"ulises","Tiempo de lectura":"2 minutos"},"schema":{"@context":"https:\/\/schema.org","@graph":[{"@type":"NewsArticle","@id":"https:\/\/www.celttv.com.ar\/index.php\/2013\/11\/13\/los-obispos-organizan-una-jornada-de-ayuno-y-oracion-por-el-drama-de-la-droga\/#article","isPartOf":{"@id":"https:\/\/www.celttv.com.ar\/index.php\/2013\/11\/13\/los-obispos-organizan-una-jornada-de-ayuno-y-oracion-por-el-drama-de-la-droga\/"},"author":{"name":"ulises","@id":"https:\/\/www.celttv.com.ar\/#\/schema\/person\/6d99c072dba59953809c81446e9d0ace"},"headline":"LOS OBISPOS ORGANIZAN UNA JORNADA DE AYUNO Y ORACION POR EL DRAMA DE LA DROGA","datePublished":"2013-11-13T19:49:46+00:00","dateModified":"2013-11-13T19:49:46+00:00","mainEntityOfPage":{"@id":"https:\/\/www.celttv.com.ar\/index.php\/2013\/11\/13\/los-obispos-organizan-una-jornada-de-ayuno-y-oracion-por-el-drama-de-la-droga\/"},"wordCount":408,"publisher":{"@id":"https:\/\/www.celttv.com.ar\/#organization"},"articleSection":["Comunidad","Destacadas"],"inLanguage":"es"},{"@type":"WebPage","@id":"https:\/\/www.celttv.com.ar\/index.php\/2013\/11\/13\/los-obispos-organizan-una-jornada-de-ayuno-y-oracion-por-el-drama-de-la-droga\/","url":"https:\/\/www.celttv.com.ar\/index.php\/2013\/11\/13\/los-obispos-organizan-una-jornada-de-ayuno-y-oracion-por-el-drama-de-la-droga\/","name":"LOS OBISPOS ORGANIZAN UNA JORNADA DE AYUNO Y ORACION POR EL DRAMA DE LA DROGA - CELTTV","isPartOf":{"@id":"https:\/\/www.celttv.com.ar\/#website"},"datePublished":"2013-11-13T19:49:46+00:00","dateModified":"2013-11-13T19:49:46+00:00","description":"Sitio web de noticias de la localidad de Tornquist, provincia de Buenos Aires, Rep\u00fablica Argentina. Contenido propio originado por periodistas de CELTTV, el canal de TV local de la Cooperativa El\u00e9ctrica de Tornquist. Turismo, Pol\u00edtica, Sociedad, Deporte, Cultura y todo el contenido de inter\u00e9s general que la gente del pueblo y la regi\u00f3n debe conocer.","breadcrumb":{"@id":"https:\/\/www.celttv.com.ar\/index.php\/2013\/11\/13\/los-obispos-organizan-una-jornada-de-ayuno-y-oracion-por-el-drama-de-la-droga\/#breadcrumb"},"inLanguage":"es","potentialAction":[{"@type":"ReadAction","target":["https:\/\/www.celttv.com.ar\/index.php\/2013\/11\/13\/los-obispos-organizan-una-jornada-de-ayuno-y-oracion-por-el-drama-de-la-droga\/"]}]},{"@type":"BreadcrumbList","@id":"https:\/\/www.celttv.com.ar\/index.php\/2013\/11\/13\/los-obispos-organizan-una-jornada-de-ayuno-y-oracion-por-el-drama-de-la-droga\/#breadcrumb","itemListElement":[{"@type":"ListItem","position":1,"name":"Inicio","item":"https:\/\/www.celttv.com.ar\/"},{"@type":"ListItem","position":2,"name":"LOS OBISPOS ORGANIZAN UNA JORNADA DE AYUNO Y ORACION POR EL DRAMA DE LA DROGA"}]},{"@type":"WebSite","@id":"https:\/\/www.celttv.com.ar\/#website","url":"https:\/\/www.celttv.com.ar\/","name":"CELTTV","description":"Cooperativa El\u00e9ctrica de Tornquist","publisher":{"@id":"https:\/\/www.celttv.com.ar\/#organization"},"potentialAction":[{"@type":"SearchAction","target":{"@type":"EntryPoint","urlTemplate":"https:\/\/www.celttv.com.ar\/?s={search_term_string}"},"query-input":"required name=search_term_string"}],"inLanguage":"es"},{"@type":"Organization","@id":"https:\/\/www.celttv.com.ar\/#organization","name":"CELTTV","url":"https:\/\/www.celttv.com.ar\/","sameAs":["https:\/\/www.youtube.com\/channel\/UCz_oIt8Hig64Ub-EmcNPIhg","https:\/\/www.facebook.com\/celtTV\/"],"logo":{"@type":"ImageObject","inLanguage":"es","@id":"https:\/\/www.celttv.com.ar\/#\/schema\/logo\/image\/","url":"http:\/\/www.celttv.com.ar\/wp-content\/uploads\/2022\/08\/logo-1.png","contentUrl":"http:\/\/www.celttv.com.ar\/wp-content\/uploads\/2022\/08\/logo-1.png","width":461,"height":159,"caption":"CELTTV"},"image":{"@id":"https:\/\/www.celttv.com.ar\/#\/schema\/logo\/image\/"}},{"@type":"Person","@id":"https:\/\/www.celttv.com.ar\/#\/schema\/person\/6d99c072dba59953809c81446e9d0ace","name":"ulises","image":{"@type":"ImageObject","inLanguage":"es","@id":"https:\/\/www.celttv.com.ar\/#\/schema\/person\/image\/","url":"https:\/\/secure.gravatar.com\/avatar\/7f2c48bdc33b30088f941fb6082e555f2874c98e20cb159d7b92b50eadfce793?s=96&d=mm&r=g","contentUrl":"https:\/\/secure.gravatar.com\/avatar\/7f2c48bdc33b30088f941fb6082e555f2874c98e20cb159d7b92b50eadfce793?s=96&d=mm&r=g","caption":"ulises"},"sameAs":["http:\/\/www.celttv.com.ar"]}]}},"_links":{"self":[{"href":"https:\/\/www.celttv.com.ar\/index.php\/wp-json\/wp\/v2\/posts\/15664","targetHints":{"allow":["GET"]}}],"collection":[{"href":"https:\/\/www.celttv.com.ar\/index.php\/wp-json\/wp\/v2\/posts"}],"about":[{"href":"https:\/\/www.celttv.com.ar\/index.php\/wp-json\/wp\/v2\/types\/post"}],"author":[{"embeddable":true,"href":"https:\/\/www.celttv.com.ar\/index.php\/wp-json\/wp\/v2\/users\/1"}],"replies":[{"embeddable":true,"href":"https:\/\/www.celttv.com.ar\/index.php\/wp-json\/wp\/v2\/comments?post=15664"}],"version-history":[{"count":0,"href":"https:\/\/www.celttv.com.ar\/index.php\/wp-json\/wp\/v2\/posts\/15664\/revisions"}],"wp:attachment":[{"href":"https:\/\/www.celttv.com.ar\/index.php\/wp-json\/wp\/v2\/media?parent=15664"}],"wp:term":[{"taxonomy":"category","embeddable":true,"href":"https:\/\/www.celttv.com.ar\/index.php\/wp-json\/wp\/v2\/categories?post=15664"},{"taxonomy":"post_tag","embeddable":true,"href":"https:\/\/www.celttv.com.ar\/index.php\/wp-json\/wp\/v2\/tags?post=15664"}],"curies":[{"name":"wp","href":"https:\/\/api.w.org\/{rel}","templated":true}]}}