{"id":15738,"date":"2013-11-15T00:01:57","date_gmt":"2013-11-15T00:01:57","guid":{"rendered":"http:\/\/www.tvcnoticias.com.ar\/?p=15738"},"modified":"2013-11-15T00:01:57","modified_gmt":"2013-11-15T00:01:57","slug":"los-pasajes-salientes-de-la-expo-contable-de-la-escuela-media-en-videos","status":"publish","type":"post","link":"https:\/\/www.celttv.com.ar\/index.php\/2013\/11\/15\/los-pasajes-salientes-de-la-expo-contable-de-la-escuela-media-en-videos\/","title":{"rendered":"LOS PASAJES SALIENTES DE LA EXPO CONTABLE DE LA ESCUELA MEDIA EN VIDEOS"},"content":{"rendered":"<p>El pasado jueves se realiz\u00f3 el acto inaugural de la 26\u00ba Expo Contable Interactiva que realiza desde hace m\u00e1s de 25 a\u00f1os la Escuela de Ense\u00f1anza Secundaria N\u00ba1.\u00a0 \u00a0Las palabras de bienvenida en el acto oficial estuvieron a cargo de la directora del establecimiento Ing. Marta Cabero, cerrando su alocuci\u00f3n con una de las frases de Nelson Mandela: \u201cTodos pueden superar sus circunstancias y alcanzar el \u00e9xito si est\u00e1n dedicados y apasionados por lo que hacen\u201d<br \/>\nPreviamente la directora del establecimiento agradeci\u00f3 el trabajo de los alumnos, profesores, la comunidad educativa en general y la presencia y el aporte de las autoridades.<br \/>\nA su turno el Intendente Municipal Lic. Gustavo Trankels destac\u00f3 la trayectoria del evento del cual fue participe en su momento como alumno de este establecimiento.<br \/>\nTrankels valoriz\u00f3 el empe\u00f1o de alumnos, docentes \u00a0y autoridades, quienes permanentemente buscan innovar sin perder de vista el gran objetivo de educar.<br \/>\nTambi\u00e9n se refiri\u00f3 a la 26\u00ba Expo Contable la Inspectora Jefe de Educaci\u00f3n Prof. Ana Skolak, destacando la labor cumplida por el establecimiento y el compromiso de quienes a lo largo de cada ciclo hacen posible con su esfuerzo la realizaci\u00f3n de este evento donde cada alumnos muestra los conocimientos adquiridos.<br \/>\nEl corte de cinta para dejar oficialmente inaugurada la 26\u00ba Expo Contable Interactiva, estuvo a cargo de la directora del establecimiento Ing. Marta Cabero y el Intendente Municipal Lic. Gustavo Trankels.<br \/>\nEl contenido de la muestra<br \/>\nCada grupo de alumnos represent\u00f3 un stand, una empresa, y realizaron en la pr\u00e1ctica todas las actividades contables, impositivas, financieras y empresarias de cada negocio elegido.<br \/>\nLos estudiantes de 1\u00ba a\u00f1o dise\u00f1aron y confeccionaron las tarjetas de invitaci\u00f3n, tambi\u00e9n el plano con la distribuci\u00f3n de las empresas y el folleto informativo.<br \/>\nAlumnos de 2\u00ba crearon su propio microemprendimiento de \u201cagencia de publicidad\u201d dise\u00f1ando las publicidades gr\u00e1ficas de cada empresa.<br \/>\nAlumnos de \u00a03\u00ba a\u00f1o participaron como empleados y para ello fueron capacitados con profesores y con sus respectivos empleadores.<br \/>\nEn 4\u00ba a\u00f1o y bachillerato de adultos se representaron pymes monotribustias y sociedad de hecho; en 5\u00ba a\u00f1o empresas RI y SRL, y en 6\u00ba funcionaron las organizaciones gubernamentales de fiscalizaci\u00f3n y control como AFIP y ARBA, donde se deb\u00eda cumplir con las normas vigentes en los mencionados organismos.<br \/>\nEl banco otorg\u00f3 pr\u00e9stamos, realiz\u00f3 apertura de cuentas corrientes, ofreci\u00f3 tarjetas de d\u00e9bito y cr\u00e9dito y este a\u00f1o puso en marcha un cajero autom\u00e1tico.<br \/>\nTambi\u00e9n existi\u00f3 una distribuidora que provey\u00f3 mercader\u00edas e insumos a las dem\u00e1s empresas, el kiosco escolar (una empresa real) y una empresa de medios audiovisuales que trabaj\u00f3 en conjunto con integrantes de Tornquist Video Cable emitiendo en directo durante los espacios informativos del canal.<br \/>\nArticulaci\u00f3n con otros establecimientos\u00a0 \u00a0Alumnos de 1\u00ba del BA., articularon con alumnos de 6\u00ba a\u00f1o de las escuelas primarias a efectos de que, mediante juegos, los alumnos incursionen en el mundo contable y comercial.<br \/>\n&nbsp;<br \/>\n<a href=\"http:\/\/www.youtube.com\/watch?v=-iMLxafK2wM\"><a href=\"http:\/\/www.youtube.com\/watch?v=-iMLxafK2wM\">httpv:\/\/www.youtube.com\/watch?v=-iMLxafK2wM<\/a><\/a><br \/>\n<a href=\"http:\/\/www.youtube.com\/watch?v=Ld_jzWBUKnA\"><a href=\"http:\/\/www.youtube.com\/watch?v=Ld_jzWBUKnA\">httpv:\/\/www.youtube.com\/watch?v=Ld_jzWBUKnA<\/a><\/a><br \/>\n<a href=\"http:\/\/www.youtube.com\/watch?v=aE_xL3hVv38\"><a href=\"http:\/\/www.youtube.com\/watch?v=aE_xL3hVv38\">httpv:\/\/www.youtube.com\/watch?v=aE_xL3hVv38<\/a><\/a><br \/>\n<a href=\"http:\/\/www.youtube.com\/watch?v=LiiNJm0t-iM\"><a href=\"http:\/\/www.youtube.com\/watch?v=LiiNJm0t-iM\">httpv:\/\/www.youtube.com\/watch?v=LiiNJm0t-iM<\/a><\/a><br \/>\n<a href=\"http:\/\/www.youtube.com\/watch?v=ylAQX2AM31E\"><a href=\"http:\/\/www.youtube.com\/watch?v=ylAQX2AM31E\">httpv:\/\/www.youtube.com\/watch?v=ylAQX2AM31E<\/a><\/a><br \/>\n<a href=\"http:\/\/www.youtube.com\/watch?v=KZH0D3G24mM\"><a href=\"http:\/\/www.youtube.com\/watch?v=KZH0D3G24mM\">httpv:\/\/www.youtube.com\/watch?v=KZH0D3G24mM<\/a><\/a><br \/>\n<a href=\"http:\/\/www.youtube.com\/watch?v=XlCHpNYk9PA\"><a href=\"http:\/\/www.youtube.com\/watch?v=XlCHpNYk9PA\">httpv:\/\/www.youtube.com\/watch?v=XlCHpNYk9PA<\/a><\/a><br \/>\n<a href=\"http:\/\/www.youtube.com\/watch?v=2aqmFZIdPjM\"><a href=\"http:\/\/www.youtube.com\/watch?v=2aqmFZIdPjM\">httpv:\/\/www.youtube.com\/watch?v=2aqmFZIdPjM<\/a><\/a><br \/>\n<a href=\"http:\/\/www.youtube.com\/watch?v=O9Q4uzgyjtc\"><a href=\"http:\/\/www.youtube.com\/watch?v=O9Q4uzgyjtc\">httpv:\/\/www.youtube.com\/watch?v=O9Q4uzgyjtc<\/a><\/a><\/p>\n","protected":false},"excerpt":{"rendered":"<p>El pasado jueves se realiz\u00f3 el acto inaugural de la 26\u00ba Expo Contable Interactiva que realiza desde hace m\u00e1s de 25 a\u00f1os la Escuela de Ense\u00f1anza Secundaria N\u00ba1.\u00a0 \u00a0Las palabras de bienvenida en el acto oficial estuvieron a cargo de la directora del establecimiento Ing. Marta Cabero, cerrando su alocuci\u00f3n con una de las frases [&hellip;]<\/p>\n","protected":false},"author":1,"featured_media":0,"comment_status":"closed","ping_status":"open","sticky":false,"template":"","format":"standard","meta":{"footnotes":""},"categories":[51,52,64],"tags":[],"class_list":["post-15738","post","type-post","status-publish","format-standard","hentry","category-comunidad","category-destacadas","category-videos-destacados"],"yoast_head":"<!-- This site is optimized with the Yoast SEO plugin v19.7.1 - https:\/\/yoast.com\/wordpress\/plugins\/seo\/ -->\n<title>LOS PASAJES SALIENTES DE LA EXPO CONTABLE DE LA ESCUELA MEDIA EN VIDEOS - CELTTV<\/title>\n<meta name=\"description\" content=\"Sitio web de noticias de la localidad de Tornquist, provincia de Buenos Aires, Rep\u00fablica Argentina. Contenido propio originado por periodistas de CELTTV, el canal de TV local de la Cooperativa El\u00e9ctrica de Tornquist. Turismo, Pol\u00edtica, Sociedad, Deporte, Cultura y todo el contenido de inter\u00e9s general que la gente del pueblo y la regi\u00f3n debe conocer.\" \/>\n<meta name=\"robots\" content=\"index, follow, max-snippet:-1, max-image-preview:large, max-video-preview:-1\" \/>\n<link rel=\"canonical\" href=\"https:\/\/www.celttv.com.ar\/index.php\/2013\/11\/15\/los-pasajes-salientes-de-la-expo-contable-de-la-escuela-media-en-videos\/\" \/>\n<meta property=\"og:locale\" content=\"es_ES\" \/>\n<meta property=\"og:type\" content=\"article\" \/>\n<meta property=\"og:title\" content=\"LOS PASAJES SALIENTES DE LA EXPO CONTABLE DE LA ESCUELA MEDIA EN VIDEOS - CELTTV\" \/>\n<meta property=\"og:description\" content=\"Sitio web de noticias de la localidad de Tornquist, provincia de Buenos Aires, Rep\u00fablica Argentina. Contenido propio originado por periodistas de CELTTV, el canal de TV local de la Cooperativa El\u00e9ctrica de Tornquist. Turismo, Pol\u00edtica, Sociedad, Deporte, Cultura y todo el contenido de inter\u00e9s general que la gente del pueblo y la regi\u00f3n debe conocer.\" \/>\n<meta property=\"og:url\" content=\"https:\/\/www.celttv.com.ar\/index.php\/2013\/11\/15\/los-pasajes-salientes-de-la-expo-contable-de-la-escuela-media-en-videos\/\" \/>\n<meta property=\"og:site_name\" content=\"CELTTV\" \/>\n<meta property=\"article:publisher\" content=\"https:\/\/www.facebook.com\/celtTV\/\" \/>\n<meta property=\"article:published_time\" content=\"2013-11-15T00:01:57+00:00\" \/>\n<meta name=\"author\" content=\"ulises\" \/>\n<meta name=\"twitter:card\" content=\"summary_large_image\" \/>\n<meta name=\"twitter:label1\" content=\"Escrito por\" \/>\n\t<meta name=\"twitter:data1\" content=\"ulises\" \/>\n\t<meta name=\"twitter:label2\" content=\"Tiempo de lectura\" \/>\n\t<meta name=\"twitter:data2\" content=\"3 minutos\" \/>\n<script type=\"application\/ld+json\" class=\"yoast-schema-graph\">{\"@context\":\"https:\/\/schema.org\",\"@graph\":[{\"@type\":\"NewsArticle\",\"@id\":\"https:\/\/www.celttv.com.ar\/index.php\/2013\/11\/15\/los-pasajes-salientes-de-la-expo-contable-de-la-escuela-media-en-videos\/#article\",\"isPartOf\":{\"@id\":\"https:\/\/www.celttv.com.ar\/index.php\/2013\/11\/15\/los-pasajes-salientes-de-la-expo-contable-de-la-escuela-media-en-videos\/\"},\"author\":{\"name\":\"ulises\",\"@id\":\"https:\/\/www.celttv.com.ar\/#\/schema\/person\/6d99c072dba59953809c81446e9d0ace\"},\"headline\":\"LOS PASAJES SALIENTES DE LA EXPO CONTABLE DE LA ESCUELA MEDIA EN VIDEOS\",\"datePublished\":\"2013-11-15T00:01:57+00:00\",\"dateModified\":\"2013-11-15T00:01:57+00:00\",\"mainEntityOfPage\":{\"@id\":\"https:\/\/www.celttv.com.ar\/index.php\/2013\/11\/15\/los-pasajes-salientes-de-la-expo-contable-de-la-escuela-media-en-videos\/\"},\"wordCount\":586,\"publisher\":{\"@id\":\"https:\/\/www.celttv.com.ar\/#organization\"},\"articleSection\":[\"Comunidad\",\"Destacadas\",\"Videos Destacados\"],\"inLanguage\":\"es\"},{\"@type\":\"WebPage\",\"@id\":\"https:\/\/www.celttv.com.ar\/index.php\/2013\/11\/15\/los-pasajes-salientes-de-la-expo-contable-de-la-escuela-media-en-videos\/\",\"url\":\"https:\/\/www.celttv.com.ar\/index.php\/2013\/11\/15\/los-pasajes-salientes-de-la-expo-contable-de-la-escuela-media-en-videos\/\",\"name\":\"LOS PASAJES SALIENTES DE LA EXPO CONTABLE DE LA ESCUELA MEDIA EN VIDEOS - CELTTV\",\"isPartOf\":{\"@id\":\"https:\/\/www.celttv.com.ar\/#website\"},\"datePublished\":\"2013-11-15T00:01:57+00:00\",\"dateModified\":\"2013-11-15T00:01:57+00:00\",\"description\":\"Sitio web de noticias de la localidad de Tornquist, provincia de Buenos Aires, Rep\u00fablica Argentina. Contenido propio originado por periodistas de CELTTV, el canal de TV local de la Cooperativa El\u00e9ctrica de Tornquist. Turismo, Pol\u00edtica, Sociedad, Deporte, Cultura y todo el contenido de inter\u00e9s general que la gente del pueblo y la regi\u00f3n debe conocer.\",\"breadcrumb\":{\"@id\":\"https:\/\/www.celttv.com.ar\/index.php\/2013\/11\/15\/los-pasajes-salientes-de-la-expo-contable-de-la-escuela-media-en-videos\/#breadcrumb\"},\"inLanguage\":\"es\",\"potentialAction\":[{\"@type\":\"ReadAction\",\"target\":[\"https:\/\/www.celttv.com.ar\/index.php\/2013\/11\/15\/los-pasajes-salientes-de-la-expo-contable-de-la-escuela-media-en-videos\/\"]}]},{\"@type\":\"BreadcrumbList\",\"@id\":\"https:\/\/www.celttv.com.ar\/index.php\/2013\/11\/15\/los-pasajes-salientes-de-la-expo-contable-de-la-escuela-media-en-videos\/#breadcrumb\",\"itemListElement\":[{\"@type\":\"ListItem\",\"position\":1,\"name\":\"Inicio\",\"item\":\"https:\/\/www.celttv.com.ar\/\"},{\"@type\":\"ListItem\",\"position\":2,\"name\":\"LOS PASAJES SALIENTES DE LA EXPO CONTABLE DE LA ESCUELA MEDIA EN VIDEOS\"}]},{\"@type\":\"WebSite\",\"@id\":\"https:\/\/www.celttv.com.ar\/#website\",\"url\":\"https:\/\/www.celttv.com.ar\/\",\"name\":\"CELTTV\",\"description\":\"Cooperativa El\u00e9ctrica de Tornquist\",\"publisher\":{\"@id\":\"https:\/\/www.celttv.com.ar\/#organization\"},\"potentialAction\":[{\"@type\":\"SearchAction\",\"target\":{\"@type\":\"EntryPoint\",\"urlTemplate\":\"https:\/\/www.celttv.com.ar\/?s={search_term_string}\"},\"query-input\":\"required name=search_term_string\"}],\"inLanguage\":\"es\"},{\"@type\":\"Organization\",\"@id\":\"https:\/\/www.celttv.com.ar\/#organization\",\"name\":\"CELTTV\",\"url\":\"https:\/\/www.celttv.com.ar\/\",\"sameAs\":[\"https:\/\/www.youtube.com\/channel\/UCz_oIt8Hig64Ub-EmcNPIhg\",\"https:\/\/www.facebook.com\/celtTV\/\"],\"logo\":{\"@type\":\"ImageObject\",\"inLanguage\":\"es\",\"@id\":\"https:\/\/www.celttv.com.ar\/#\/schema\/logo\/image\/\",\"url\":\"http:\/\/www.celttv.com.ar\/wp-content\/uploads\/2022\/08\/logo-1.png\",\"contentUrl\":\"http:\/\/www.celttv.com.ar\/wp-content\/uploads\/2022\/08\/logo-1.png\",\"width\":461,\"height\":159,\"caption\":\"CELTTV\"},\"image\":{\"@id\":\"https:\/\/www.celttv.com.ar\/#\/schema\/logo\/image\/\"}},{\"@type\":\"Person\",\"@id\":\"https:\/\/www.celttv.com.ar\/#\/schema\/person\/6d99c072dba59953809c81446e9d0ace\",\"name\":\"ulises\",\"image\":{\"@type\":\"ImageObject\",\"inLanguage\":\"es\",\"@id\":\"https:\/\/www.celttv.com.ar\/#\/schema\/person\/image\/\",\"url\":\"https:\/\/secure.gravatar.com\/avatar\/7f2c48bdc33b30088f941fb6082e555f2874c98e20cb159d7b92b50eadfce793?s=96&d=mm&r=g\",\"contentUrl\":\"https:\/\/secure.gravatar.com\/avatar\/7f2c48bdc33b30088f941fb6082e555f2874c98e20cb159d7b92b50eadfce793?s=96&d=mm&r=g\",\"caption\":\"ulises\"},\"sameAs\":[\"http:\/\/www.celttv.com.ar\"]}]}<\/script>\n<!-- \/ Yoast SEO plugin. -->","yoast_head_json":{"title":"LOS PASAJES SALIENTES DE LA EXPO CONTABLE DE LA ESCUELA MEDIA EN VIDEOS - CELTTV","description":"Sitio web de noticias de la localidad de Tornquist, provincia de Buenos Aires, Rep\u00fablica Argentina. Contenido propio originado por periodistas de CELTTV, el canal de TV local de la Cooperativa El\u00e9ctrica de Tornquist. Turismo, Pol\u00edtica, Sociedad, Deporte, Cultura y todo el contenido de inter\u00e9s general que la gente del pueblo y la regi\u00f3n debe conocer.","robots":{"index":"index","follow":"follow","max-snippet":"max-snippet:-1","max-image-preview":"max-image-preview:large","max-video-preview":"max-video-preview:-1"},"canonical":"https:\/\/www.celttv.com.ar\/index.php\/2013\/11\/15\/los-pasajes-salientes-de-la-expo-contable-de-la-escuela-media-en-videos\/","og_locale":"es_ES","og_type":"article","og_title":"LOS PASAJES SALIENTES DE LA EXPO CONTABLE DE LA ESCUELA MEDIA EN VIDEOS - CELTTV","og_description":"Sitio web de noticias de la localidad de Tornquist, provincia de Buenos Aires, Rep\u00fablica Argentina. Contenido propio originado por periodistas de CELTTV, el canal de TV local de la Cooperativa El\u00e9ctrica de Tornquist. Turismo, Pol\u00edtica, Sociedad, Deporte, Cultura y todo el contenido de inter\u00e9s general que la gente del pueblo y la regi\u00f3n debe conocer.","og_url":"https:\/\/www.celttv.com.ar\/index.php\/2013\/11\/15\/los-pasajes-salientes-de-la-expo-contable-de-la-escuela-media-en-videos\/","og_site_name":"CELTTV","article_publisher":"https:\/\/www.facebook.com\/celtTV\/","article_published_time":"2013-11-15T00:01:57+00:00","author":"ulises","twitter_card":"summary_large_image","twitter_misc":{"Escrito por":"ulises","Tiempo de lectura":"3 minutos"},"schema":{"@context":"https:\/\/schema.org","@graph":[{"@type":"NewsArticle","@id":"https:\/\/www.celttv.com.ar\/index.php\/2013\/11\/15\/los-pasajes-salientes-de-la-expo-contable-de-la-escuela-media-en-videos\/#article","isPartOf":{"@id":"https:\/\/www.celttv.com.ar\/index.php\/2013\/11\/15\/los-pasajes-salientes-de-la-expo-contable-de-la-escuela-media-en-videos\/"},"author":{"name":"ulises","@id":"https:\/\/www.celttv.com.ar\/#\/schema\/person\/6d99c072dba59953809c81446e9d0ace"},"headline":"LOS PASAJES SALIENTES DE LA EXPO CONTABLE DE LA ESCUELA MEDIA EN VIDEOS","datePublished":"2013-11-15T00:01:57+00:00","dateModified":"2013-11-15T00:01:57+00:00","mainEntityOfPage":{"@id":"https:\/\/www.celttv.com.ar\/index.php\/2013\/11\/15\/los-pasajes-salientes-de-la-expo-contable-de-la-escuela-media-en-videos\/"},"wordCount":586,"publisher":{"@id":"https:\/\/www.celttv.com.ar\/#organization"},"articleSection":["Comunidad","Destacadas","Videos Destacados"],"inLanguage":"es"},{"@type":"WebPage","@id":"https:\/\/www.celttv.com.ar\/index.php\/2013\/11\/15\/los-pasajes-salientes-de-la-expo-contable-de-la-escuela-media-en-videos\/","url":"https:\/\/www.celttv.com.ar\/index.php\/2013\/11\/15\/los-pasajes-salientes-de-la-expo-contable-de-la-escuela-media-en-videos\/","name":"LOS PASAJES SALIENTES DE LA EXPO CONTABLE DE LA ESCUELA MEDIA EN VIDEOS - CELTTV","isPartOf":{"@id":"https:\/\/www.celttv.com.ar\/#website"},"datePublished":"2013-11-15T00:01:57+00:00","dateModified":"2013-11-15T00:01:57+00:00","description":"Sitio web de noticias de la localidad de Tornquist, provincia de Buenos Aires, Rep\u00fablica Argentina. Contenido propio originado por periodistas de CELTTV, el canal de TV local de la Cooperativa El\u00e9ctrica de Tornquist. Turismo, Pol\u00edtica, Sociedad, Deporte, Cultura y todo el contenido de inter\u00e9s general que la gente del pueblo y la regi\u00f3n debe conocer.","breadcrumb":{"@id":"https:\/\/www.celttv.com.ar\/index.php\/2013\/11\/15\/los-pasajes-salientes-de-la-expo-contable-de-la-escuela-media-en-videos\/#breadcrumb"},"inLanguage":"es","potentialAction":[{"@type":"ReadAction","target":["https:\/\/www.celttv.com.ar\/index.php\/2013\/11\/15\/los-pasajes-salientes-de-la-expo-contable-de-la-escuela-media-en-videos\/"]}]},{"@type":"BreadcrumbList","@id":"https:\/\/www.celttv.com.ar\/index.php\/2013\/11\/15\/los-pasajes-salientes-de-la-expo-contable-de-la-escuela-media-en-videos\/#breadcrumb","itemListElement":[{"@type":"ListItem","position":1,"name":"Inicio","item":"https:\/\/www.celttv.com.ar\/"},{"@type":"ListItem","position":2,"name":"LOS PASAJES SALIENTES DE LA EXPO CONTABLE DE LA ESCUELA MEDIA EN VIDEOS"}]},{"@type":"WebSite","@id":"https:\/\/www.celttv.com.ar\/#website","url":"https:\/\/www.celttv.com.ar\/","name":"CELTTV","description":"Cooperativa El\u00e9ctrica de Tornquist","publisher":{"@id":"https:\/\/www.celttv.com.ar\/#organization"},"potentialAction":[{"@type":"SearchAction","target":{"@type":"EntryPoint","urlTemplate":"https:\/\/www.celttv.com.ar\/?s={search_term_string}"},"query-input":"required name=search_term_string"}],"inLanguage":"es"},{"@type":"Organization","@id":"https:\/\/www.celttv.com.ar\/#organization","name":"CELTTV","url":"https:\/\/www.celttv.com.ar\/","sameAs":["https:\/\/www.youtube.com\/channel\/UCz_oIt8Hig64Ub-EmcNPIhg","https:\/\/www.facebook.com\/celtTV\/"],"logo":{"@type":"ImageObject","inLanguage":"es","@id":"https:\/\/www.celttv.com.ar\/#\/schema\/logo\/image\/","url":"http:\/\/www.celttv.com.ar\/wp-content\/uploads\/2022\/08\/logo-1.png","contentUrl":"http:\/\/www.celttv.com.ar\/wp-content\/uploads\/2022\/08\/logo-1.png","width":461,"height":159,"caption":"CELTTV"},"image":{"@id":"https:\/\/www.celttv.com.ar\/#\/schema\/logo\/image\/"}},{"@type":"Person","@id":"https:\/\/www.celttv.com.ar\/#\/schema\/person\/6d99c072dba59953809c81446e9d0ace","name":"ulises","image":{"@type":"ImageObject","inLanguage":"es","@id":"https:\/\/www.celttv.com.ar\/#\/schema\/person\/image\/","url":"https:\/\/secure.gravatar.com\/avatar\/7f2c48bdc33b30088f941fb6082e555f2874c98e20cb159d7b92b50eadfce793?s=96&d=mm&r=g","contentUrl":"https:\/\/secure.gravatar.com\/avatar\/7f2c48bdc33b30088f941fb6082e555f2874c98e20cb159d7b92b50eadfce793?s=96&d=mm&r=g","caption":"ulises"},"sameAs":["http:\/\/www.celttv.com.ar"]}]}},"_links":{"self":[{"href":"https:\/\/www.celttv.com.ar\/index.php\/wp-json\/wp\/v2\/posts\/15738","targetHints":{"allow":["GET"]}}],"collection":[{"href":"https:\/\/www.celttv.com.ar\/index.php\/wp-json\/wp\/v2\/posts"}],"about":[{"href":"https:\/\/www.celttv.com.ar\/index.php\/wp-json\/wp\/v2\/types\/post"}],"author":[{"embeddable":true,"href":"https:\/\/www.celttv.com.ar\/index.php\/wp-json\/wp\/v2\/users\/1"}],"replies":[{"embeddable":true,"href":"https:\/\/www.celttv.com.ar\/index.php\/wp-json\/wp\/v2\/comments?post=15738"}],"version-history":[{"count":0,"href":"https:\/\/www.celttv.com.ar\/index.php\/wp-json\/wp\/v2\/posts\/15738\/revisions"}],"wp:attachment":[{"href":"https:\/\/www.celttv.com.ar\/index.php\/wp-json\/wp\/v2\/media?parent=15738"}],"wp:term":[{"taxonomy":"category","embeddable":true,"href":"https:\/\/www.celttv.com.ar\/index.php\/wp-json\/wp\/v2\/categories?post=15738"},{"taxonomy":"post_tag","embeddable":true,"href":"https:\/\/www.celttv.com.ar\/index.php\/wp-json\/wp\/v2\/tags?post=15738"}],"curies":[{"name":"wp","href":"https:\/\/api.w.org\/{rel}","templated":true}]}}