{"id":15744,"date":"2013-11-15T00:10:48","date_gmt":"2013-11-15T00:10:48","guid":{"rendered":"http:\/\/www.tvcnoticias.com.ar\/?p=15744"},"modified":"2013-11-15T00:10:48","modified_gmt":"2013-11-15T00:10:48","slug":"automoto-gano-goleo-y-gusto","status":"publish","type":"post","link":"https:\/\/www.celttv.com.ar\/index.php\/2013\/11\/15\/automoto-gano-goleo-y-gusto\/","title":{"rendered":"Automoto gan\u00f3, gole\u00f3 y gust\u00f3"},"content":{"rendered":"<p><a href=\"http:\/\/www.youtube.com\/watch?v=xNWx122i8sE\"><a href=\"http:\/\/www.youtube.com\/watch?v=xNWx122i8sE\">httpv:\/\/www.youtube.com\/watch?v=xNWx122i8sE<\/a><\/a><br \/>\n<a href=\"http:\/\/www.youtube.com\/watch?v=vUnDoAV4r5g\"><a href=\"http:\/\/www.youtube.com\/watch?v=vUnDoAV4r5g\">httpv:\/\/www.youtube.com\/watch?v=vUnDoAV4r5g<\/a><\/a><br \/>\nEl equipo de Carlos Salvi se recuper\u00f3 de la dura derrota ante Atl\u00e9tico Huanguel\u00e9n, y gole\u00f3 a Pe\u00f1arol de Guamin\u00ed por 4 a 1. \u00c1vila, Villar, Pulgar y Corinaldi marcaron para el azulgrana. Descont\u00f3 Dos Reis Pereira.<br \/>\nn mon\u00f3logo de Automoto durante todo el partido. Dominando pelota, espacios y tiempo. Sin inquietar a Lavernhe, los de Salvi manejaban el partido hasta que a los 14 minutos lleg\u00f3 la apertura del marcador. Villar por derecha toca por arriba para Alexis \u00c1vila que la para de pecho y con el rev\u00e9s del bot\u00edn izquierdo acaricia la pelota sobre el portero visitante que atin\u00f3 solo a mirar. Era el 1 a 0. Tres minutos m\u00e1s tarde es Villar el que se pierde el segundo en un mano a mano que tapa Lavernhe. A los 29 una muy buena combinaci\u00f3n entre Pulgar y \u00c1vila, este a punto de rematar y Kees corta desde el piso. El segundo gol ya rondaba por el estadio y lleg\u00f3 un minuto m\u00e1s tarde, cuando encara Franco Pulgar en el \u00e1rea y es derribado por Kees. El goleador de Automoto cambia penal por gol y pone el 2 a 0.Cinco minutos m\u00e1s tarde Pulgar escapa por izquierda, toca en cortada para Zas que corri\u00f3 m\u00e1s de 60 metros para llegar a la l\u00ednea de fondo, tirar el centro atr\u00e1s y ver aparecer a Facundo Villar que empuja la pelota a la red. Goleada del equipo de Salvi que era contundente en el \u00e1rea. Sin aflojar, el monologo azulgrana continuaba. Antes del final del primer tiempo, se lo pierde Pulgar en dos oportunidades, con dos buenas intervenciones de Lavernhe y en el \u00faltimo minuto, Zas desde 30 metros estrella un tiro en el palo.<br \/>\nEn el segundo tiempo parec\u00eda que la visita intentar\u00eda algo m\u00e1s porque C\u00f3rdoba reci\u00e9n empezado el segundo tiempo dispar\u00f3 a las manos de Gatti. Pero Automoto sigui\u00f3 jugando de la misma manera, anulando en todas sus l\u00edneas a un Pe\u00f1arol de Guamin\u00ed que no encontraba respuestas. A los 7 minutos, cabecea Gigliotti en el \u00e1rea y Rosell por el segundo palo la empuja, pero la pelota da en el palo. Cuatro minutos m\u00e1s tarde, Pulgar escapa solo mano a mano y cuando estaba por definir, juega para atr\u00e1s de memoria para la llegada de Rosell que a la carrera dispara con el arco a su merced y el tiro da en el travesa\u00f1o. A los 32 llega el descuento, en la segunda jugada clara de la visita. Joaqu\u00edn Dos Reis Pereira por el sector derecho dispara cruzado, nada para hacer para Gatti. Sonzini enseguida se lo pierde con un cabezazo cerca y a los 36 llega el cuarto de Automoto. Avila, juega una muy buena pelota en cortada para Bilbao, que solo tiene que darse vuelta y levantar la cabeza para la llegada de Mariano Corinaldi que define solo. Era el 4 a 1. Solo quedaba tiempo para remates de Rosell, Salas y Pulgar y un cabezazo de Gigliotti.<br \/>\nRodolfo Denk de buen arbitraje marca el final del encuentro. Automoto limpio la imagen de lo que hab\u00eda sido el fin de semana pasado. Pe\u00f1arol de Guamin\u00ed volvi\u00f3 a dejar puntos en el camino resignando ya, las chances de clasificaci\u00f3n.<br \/>\nGustavo Bacci<br \/>\nAUTOMOTO: Guillermo Gatti; Emiliano Sandoval, Justo Zas, Mat\u00edas Sonzini, Sebasti\u00e1n Gigliotti; Facundo Villar, Ignacio Salas, F\u00e9lix C\u00f3seres, Hern\u00e1n Rosell; Alexis \u00c1vila y Franco Pulgar: DT: Carlos Salvi.<br \/>\nCambios: ST: 22m Hern\u00e1n Bilbao por \u00c1vila y Mariano Corinaldi por Villar. 31m Alexis Catal\u00e1n por Sandoval.<br \/>\nSuplentes: Marcos Hueller y Gast\u00f3n Pollio.<br \/>\nPE\u00d1AROL DE GUAMINI: Sergio Lavernhe; Ariel Campos, Sebasti\u00e1n V\u00e1zquez, Branco Kees, Gabriel Mart\u00ednez; Gonzalo Real, Franco C\u00f3rdoba, Neri Corsi; Alex Medina; Joaqu\u00edn Dos Reis Pereira y Neri Nievas. DT: Jorge Flaherty.<br \/>\nCambios: PT: 4m Ezequiel P\u00e9rez por Mart\u00ednez, 18m Agust\u00edn Jerez por Corsi. ST: 25m Leandro Llanos por Lavernhe.<br \/>\nGoles: PT: 14m \u00c1vila (A), 30m Pulgar (A) de penal, 35m Villar (A). ST: 32m Dos Reis Pereyra (P), 36m Corinaldi (A).<br \/>\n\u00c1rbitro: Rodolfo Denk (8)Cancha: Estadio Agust\u00edn Ruppel del club Automoto.Reserva: Automoto 6 \u2013 Pe\u00f1arol de Guamin\u00ed 2<\/p>\n","protected":false},"excerpt":{"rendered":"<p>httpv:\/\/www.youtube.com\/watch?v=xNWx122i8sE httpv:\/\/www.youtube.com\/watch?v=vUnDoAV4r5g El equipo de Carlos Salvi se recuper\u00f3 de la dura derrota ante Atl\u00e9tico Huanguel\u00e9n, y gole\u00f3 a Pe\u00f1arol de Guamin\u00ed por 4 a 1. \u00c1vila, Villar, Pulgar y Corinaldi marcaron para el azulgrana. Descont\u00f3 Dos Reis Pereira. n mon\u00f3logo de Automoto durante todo el partido. Dominando pelota, espacios y tiempo. Sin inquietar a [&hellip;]<\/p>\n","protected":false},"author":1,"featured_media":0,"comment_status":"closed","ping_status":"open","sticky":false,"template":"","format":"standard","meta":{"footnotes":""},"categories":[60,52,64],"tags":[],"class_list":["post-15744","post","type-post","status-publish","format-standard","hentry","category-deporte","category-destacadas","category-videos-destacados"],"yoast_head":"<!-- This site is optimized with the Yoast SEO plugin v19.7.1 - https:\/\/yoast.com\/wordpress\/plugins\/seo\/ -->\n<title>Automoto gan\u00f3, gole\u00f3 y gust\u00f3 - CELTTV<\/title>\n<meta name=\"description\" content=\"Sitio web de noticias de la localidad de Tornquist, provincia de Buenos Aires, Rep\u00fablica Argentina. Contenido propio originado por periodistas de CELTTV, el canal de TV local de la Cooperativa El\u00e9ctrica de Tornquist. Turismo, Pol\u00edtica, Sociedad, Deporte, Cultura y todo el contenido de inter\u00e9s general que la gente del pueblo y la regi\u00f3n debe conocer.\" \/>\n<meta name=\"robots\" content=\"index, follow, max-snippet:-1, max-image-preview:large, max-video-preview:-1\" \/>\n<link rel=\"canonical\" href=\"https:\/\/www.celttv.com.ar\/index.php\/2013\/11\/15\/automoto-gano-goleo-y-gusto\/\" \/>\n<meta property=\"og:locale\" content=\"es_ES\" \/>\n<meta property=\"og:type\" content=\"article\" \/>\n<meta property=\"og:title\" content=\"Automoto gan\u00f3, gole\u00f3 y gust\u00f3 - CELTTV\" \/>\n<meta property=\"og:description\" content=\"Sitio web de noticias de la localidad de Tornquist, provincia de Buenos Aires, Rep\u00fablica Argentina. Contenido propio originado por periodistas de CELTTV, el canal de TV local de la Cooperativa El\u00e9ctrica de Tornquist. Turismo, Pol\u00edtica, Sociedad, Deporte, Cultura y todo el contenido de inter\u00e9s general que la gente del pueblo y la regi\u00f3n debe conocer.\" \/>\n<meta property=\"og:url\" content=\"https:\/\/www.celttv.com.ar\/index.php\/2013\/11\/15\/automoto-gano-goleo-y-gusto\/\" \/>\n<meta property=\"og:site_name\" content=\"CELTTV\" \/>\n<meta property=\"article:publisher\" content=\"https:\/\/www.facebook.com\/celtTV\/\" \/>\n<meta property=\"article:published_time\" content=\"2013-11-15T00:10:48+00:00\" \/>\n<meta name=\"author\" content=\"ulises\" \/>\n<meta name=\"twitter:card\" content=\"summary_large_image\" \/>\n<meta name=\"twitter:label1\" content=\"Escrito por\" \/>\n\t<meta name=\"twitter:data1\" content=\"ulises\" \/>\n\t<meta name=\"twitter:label2\" content=\"Tiempo de lectura\" \/>\n\t<meta name=\"twitter:data2\" content=\"4 minutos\" \/>\n<script type=\"application\/ld+json\" class=\"yoast-schema-graph\">{\"@context\":\"https:\/\/schema.org\",\"@graph\":[{\"@type\":\"NewsArticle\",\"@id\":\"https:\/\/www.celttv.com.ar\/index.php\/2013\/11\/15\/automoto-gano-goleo-y-gusto\/#article\",\"isPartOf\":{\"@id\":\"https:\/\/www.celttv.com.ar\/index.php\/2013\/11\/15\/automoto-gano-goleo-y-gusto\/\"},\"author\":{\"name\":\"ulises\",\"@id\":\"https:\/\/www.celttv.com.ar\/#\/schema\/person\/6d99c072dba59953809c81446e9d0ace\"},\"headline\":\"Automoto gan\u00f3, gole\u00f3 y gust\u00f3\",\"datePublished\":\"2013-11-15T00:10:48+00:00\",\"dateModified\":\"2013-11-15T00:10:48+00:00\",\"mainEntityOfPage\":{\"@id\":\"https:\/\/www.celttv.com.ar\/index.php\/2013\/11\/15\/automoto-gano-goleo-y-gusto\/\"},\"wordCount\":726,\"publisher\":{\"@id\":\"https:\/\/www.celttv.com.ar\/#organization\"},\"articleSection\":[\"Deporte\",\"Destacadas\",\"Videos Destacados\"],\"inLanguage\":\"es\"},{\"@type\":\"WebPage\",\"@id\":\"https:\/\/www.celttv.com.ar\/index.php\/2013\/11\/15\/automoto-gano-goleo-y-gusto\/\",\"url\":\"https:\/\/www.celttv.com.ar\/index.php\/2013\/11\/15\/automoto-gano-goleo-y-gusto\/\",\"name\":\"Automoto gan\u00f3, gole\u00f3 y gust\u00f3 - CELTTV\",\"isPartOf\":{\"@id\":\"https:\/\/www.celttv.com.ar\/#website\"},\"datePublished\":\"2013-11-15T00:10:48+00:00\",\"dateModified\":\"2013-11-15T00:10:48+00:00\",\"description\":\"Sitio web de noticias de la localidad de Tornquist, provincia de Buenos Aires, Rep\u00fablica Argentina. Contenido propio originado por periodistas de CELTTV, el canal de TV local de la Cooperativa El\u00e9ctrica de Tornquist. Turismo, Pol\u00edtica, Sociedad, Deporte, Cultura y todo el contenido de inter\u00e9s general que la gente del pueblo y la regi\u00f3n debe conocer.\",\"breadcrumb\":{\"@id\":\"https:\/\/www.celttv.com.ar\/index.php\/2013\/11\/15\/automoto-gano-goleo-y-gusto\/#breadcrumb\"},\"inLanguage\":\"es\",\"potentialAction\":[{\"@type\":\"ReadAction\",\"target\":[\"https:\/\/www.celttv.com.ar\/index.php\/2013\/11\/15\/automoto-gano-goleo-y-gusto\/\"]}]},{\"@type\":\"BreadcrumbList\",\"@id\":\"https:\/\/www.celttv.com.ar\/index.php\/2013\/11\/15\/automoto-gano-goleo-y-gusto\/#breadcrumb\",\"itemListElement\":[{\"@type\":\"ListItem\",\"position\":1,\"name\":\"Inicio\",\"item\":\"https:\/\/www.celttv.com.ar\/\"},{\"@type\":\"ListItem\",\"position\":2,\"name\":\"Automoto gan\u00f3, gole\u00f3 y gust\u00f3\"}]},{\"@type\":\"WebSite\",\"@id\":\"https:\/\/www.celttv.com.ar\/#website\",\"url\":\"https:\/\/www.celttv.com.ar\/\",\"name\":\"CELTTV\",\"description\":\"Cooperativa El\u00e9ctrica de Tornquist\",\"publisher\":{\"@id\":\"https:\/\/www.celttv.com.ar\/#organization\"},\"potentialAction\":[{\"@type\":\"SearchAction\",\"target\":{\"@type\":\"EntryPoint\",\"urlTemplate\":\"https:\/\/www.celttv.com.ar\/?s={search_term_string}\"},\"query-input\":\"required name=search_term_string\"}],\"inLanguage\":\"es\"},{\"@type\":\"Organization\",\"@id\":\"https:\/\/www.celttv.com.ar\/#organization\",\"name\":\"CELTTV\",\"url\":\"https:\/\/www.celttv.com.ar\/\",\"sameAs\":[\"https:\/\/www.youtube.com\/channel\/UCz_oIt8Hig64Ub-EmcNPIhg\",\"https:\/\/www.facebook.com\/celtTV\/\"],\"logo\":{\"@type\":\"ImageObject\",\"inLanguage\":\"es\",\"@id\":\"https:\/\/www.celttv.com.ar\/#\/schema\/logo\/image\/\",\"url\":\"http:\/\/www.celttv.com.ar\/wp-content\/uploads\/2022\/08\/logo-1.png\",\"contentUrl\":\"http:\/\/www.celttv.com.ar\/wp-content\/uploads\/2022\/08\/logo-1.png\",\"width\":461,\"height\":159,\"caption\":\"CELTTV\"},\"image\":{\"@id\":\"https:\/\/www.celttv.com.ar\/#\/schema\/logo\/image\/\"}},{\"@type\":\"Person\",\"@id\":\"https:\/\/www.celttv.com.ar\/#\/schema\/person\/6d99c072dba59953809c81446e9d0ace\",\"name\":\"ulises\",\"image\":{\"@type\":\"ImageObject\",\"inLanguage\":\"es\",\"@id\":\"https:\/\/www.celttv.com.ar\/#\/schema\/person\/image\/\",\"url\":\"https:\/\/secure.gravatar.com\/avatar\/7f2c48bdc33b30088f941fb6082e555f2874c98e20cb159d7b92b50eadfce793?s=96&d=mm&r=g\",\"contentUrl\":\"https:\/\/secure.gravatar.com\/avatar\/7f2c48bdc33b30088f941fb6082e555f2874c98e20cb159d7b92b50eadfce793?s=96&d=mm&r=g\",\"caption\":\"ulises\"},\"sameAs\":[\"http:\/\/www.celttv.com.ar\"]}]}<\/script>\n<!-- \/ Yoast SEO plugin. -->","yoast_head_json":{"title":"Automoto gan\u00f3, gole\u00f3 y gust\u00f3 - CELTTV","description":"Sitio web de noticias de la localidad de Tornquist, provincia de Buenos Aires, Rep\u00fablica Argentina. Contenido propio originado por periodistas de CELTTV, el canal de TV local de la Cooperativa El\u00e9ctrica de Tornquist. Turismo, Pol\u00edtica, Sociedad, Deporte, Cultura y todo el contenido de inter\u00e9s general que la gente del pueblo y la regi\u00f3n debe conocer.","robots":{"index":"index","follow":"follow","max-snippet":"max-snippet:-1","max-image-preview":"max-image-preview:large","max-video-preview":"max-video-preview:-1"},"canonical":"https:\/\/www.celttv.com.ar\/index.php\/2013\/11\/15\/automoto-gano-goleo-y-gusto\/","og_locale":"es_ES","og_type":"article","og_title":"Automoto gan\u00f3, gole\u00f3 y gust\u00f3 - CELTTV","og_description":"Sitio web de noticias de la localidad de Tornquist, provincia de Buenos Aires, Rep\u00fablica Argentina. Contenido propio originado por periodistas de CELTTV, el canal de TV local de la Cooperativa El\u00e9ctrica de Tornquist. Turismo, Pol\u00edtica, Sociedad, Deporte, Cultura y todo el contenido de inter\u00e9s general que la gente del pueblo y la regi\u00f3n debe conocer.","og_url":"https:\/\/www.celttv.com.ar\/index.php\/2013\/11\/15\/automoto-gano-goleo-y-gusto\/","og_site_name":"CELTTV","article_publisher":"https:\/\/www.facebook.com\/celtTV\/","article_published_time":"2013-11-15T00:10:48+00:00","author":"ulises","twitter_card":"summary_large_image","twitter_misc":{"Escrito por":"ulises","Tiempo de lectura":"4 minutos"},"schema":{"@context":"https:\/\/schema.org","@graph":[{"@type":"NewsArticle","@id":"https:\/\/www.celttv.com.ar\/index.php\/2013\/11\/15\/automoto-gano-goleo-y-gusto\/#article","isPartOf":{"@id":"https:\/\/www.celttv.com.ar\/index.php\/2013\/11\/15\/automoto-gano-goleo-y-gusto\/"},"author":{"name":"ulises","@id":"https:\/\/www.celttv.com.ar\/#\/schema\/person\/6d99c072dba59953809c81446e9d0ace"},"headline":"Automoto gan\u00f3, gole\u00f3 y gust\u00f3","datePublished":"2013-11-15T00:10:48+00:00","dateModified":"2013-11-15T00:10:48+00:00","mainEntityOfPage":{"@id":"https:\/\/www.celttv.com.ar\/index.php\/2013\/11\/15\/automoto-gano-goleo-y-gusto\/"},"wordCount":726,"publisher":{"@id":"https:\/\/www.celttv.com.ar\/#organization"},"articleSection":["Deporte","Destacadas","Videos Destacados"],"inLanguage":"es"},{"@type":"WebPage","@id":"https:\/\/www.celttv.com.ar\/index.php\/2013\/11\/15\/automoto-gano-goleo-y-gusto\/","url":"https:\/\/www.celttv.com.ar\/index.php\/2013\/11\/15\/automoto-gano-goleo-y-gusto\/","name":"Automoto gan\u00f3, gole\u00f3 y gust\u00f3 - CELTTV","isPartOf":{"@id":"https:\/\/www.celttv.com.ar\/#website"},"datePublished":"2013-11-15T00:10:48+00:00","dateModified":"2013-11-15T00:10:48+00:00","description":"Sitio web de noticias de la localidad de Tornquist, provincia de Buenos Aires, Rep\u00fablica Argentina. Contenido propio originado por periodistas de CELTTV, el canal de TV local de la Cooperativa El\u00e9ctrica de Tornquist. Turismo, Pol\u00edtica, Sociedad, Deporte, Cultura y todo el contenido de inter\u00e9s general que la gente del pueblo y la regi\u00f3n debe conocer.","breadcrumb":{"@id":"https:\/\/www.celttv.com.ar\/index.php\/2013\/11\/15\/automoto-gano-goleo-y-gusto\/#breadcrumb"},"inLanguage":"es","potentialAction":[{"@type":"ReadAction","target":["https:\/\/www.celttv.com.ar\/index.php\/2013\/11\/15\/automoto-gano-goleo-y-gusto\/"]}]},{"@type":"BreadcrumbList","@id":"https:\/\/www.celttv.com.ar\/index.php\/2013\/11\/15\/automoto-gano-goleo-y-gusto\/#breadcrumb","itemListElement":[{"@type":"ListItem","position":1,"name":"Inicio","item":"https:\/\/www.celttv.com.ar\/"},{"@type":"ListItem","position":2,"name":"Automoto gan\u00f3, gole\u00f3 y gust\u00f3"}]},{"@type":"WebSite","@id":"https:\/\/www.celttv.com.ar\/#website","url":"https:\/\/www.celttv.com.ar\/","name":"CELTTV","description":"Cooperativa El\u00e9ctrica de Tornquist","publisher":{"@id":"https:\/\/www.celttv.com.ar\/#organization"},"potentialAction":[{"@type":"SearchAction","target":{"@type":"EntryPoint","urlTemplate":"https:\/\/www.celttv.com.ar\/?s={search_term_string}"},"query-input":"required name=search_term_string"}],"inLanguage":"es"},{"@type":"Organization","@id":"https:\/\/www.celttv.com.ar\/#organization","name":"CELTTV","url":"https:\/\/www.celttv.com.ar\/","sameAs":["https:\/\/www.youtube.com\/channel\/UCz_oIt8Hig64Ub-EmcNPIhg","https:\/\/www.facebook.com\/celtTV\/"],"logo":{"@type":"ImageObject","inLanguage":"es","@id":"https:\/\/www.celttv.com.ar\/#\/schema\/logo\/image\/","url":"http:\/\/www.celttv.com.ar\/wp-content\/uploads\/2022\/08\/logo-1.png","contentUrl":"http:\/\/www.celttv.com.ar\/wp-content\/uploads\/2022\/08\/logo-1.png","width":461,"height":159,"caption":"CELTTV"},"image":{"@id":"https:\/\/www.celttv.com.ar\/#\/schema\/logo\/image\/"}},{"@type":"Person","@id":"https:\/\/www.celttv.com.ar\/#\/schema\/person\/6d99c072dba59953809c81446e9d0ace","name":"ulises","image":{"@type":"ImageObject","inLanguage":"es","@id":"https:\/\/www.celttv.com.ar\/#\/schema\/person\/image\/","url":"https:\/\/secure.gravatar.com\/avatar\/7f2c48bdc33b30088f941fb6082e555f2874c98e20cb159d7b92b50eadfce793?s=96&d=mm&r=g","contentUrl":"https:\/\/secure.gravatar.com\/avatar\/7f2c48bdc33b30088f941fb6082e555f2874c98e20cb159d7b92b50eadfce793?s=96&d=mm&r=g","caption":"ulises"},"sameAs":["http:\/\/www.celttv.com.ar"]}]}},"_links":{"self":[{"href":"https:\/\/www.celttv.com.ar\/index.php\/wp-json\/wp\/v2\/posts\/15744","targetHints":{"allow":["GET"]}}],"collection":[{"href":"https:\/\/www.celttv.com.ar\/index.php\/wp-json\/wp\/v2\/posts"}],"about":[{"href":"https:\/\/www.celttv.com.ar\/index.php\/wp-json\/wp\/v2\/types\/post"}],"author":[{"embeddable":true,"href":"https:\/\/www.celttv.com.ar\/index.php\/wp-json\/wp\/v2\/users\/1"}],"replies":[{"embeddable":true,"href":"https:\/\/www.celttv.com.ar\/index.php\/wp-json\/wp\/v2\/comments?post=15744"}],"version-history":[{"count":0,"href":"https:\/\/www.celttv.com.ar\/index.php\/wp-json\/wp\/v2\/posts\/15744\/revisions"}],"wp:attachment":[{"href":"https:\/\/www.celttv.com.ar\/index.php\/wp-json\/wp\/v2\/media?parent=15744"}],"wp:term":[{"taxonomy":"category","embeddable":true,"href":"https:\/\/www.celttv.com.ar\/index.php\/wp-json\/wp\/v2\/categories?post=15744"},{"taxonomy":"post_tag","embeddable":true,"href":"https:\/\/www.celttv.com.ar\/index.php\/wp-json\/wp\/v2\/tags?post=15744"}],"curies":[{"name":"wp","href":"https:\/\/api.w.org\/{rel}","templated":true}]}}