{"id":15746,"date":"2013-11-15T00:20:17","date_gmt":"2013-11-15T00:20:17","guid":{"rendered":"http:\/\/www.tvcnoticias.com.ar\/?p=15746"},"modified":"2013-11-15T00:20:17","modified_gmt":"2013-11-15T00:20:17","slug":"hockey-union-sera-sede-de-los-play-off-del-torneo-anual-2013-el-presidente-invita-a-la-comunidad-a-participar-de-tan-significativo-evento-deportivo","status":"publish","type":"post","link":"https:\/\/www.celttv.com.ar\/index.php\/2013\/11\/15\/hockey-union-sera-sede-de-los-play-off-del-torneo-anual-2013-el-presidente-invita-a-la-comunidad-a-participar-de-tan-significativo-evento-deportivo\/","title":{"rendered":"HOCKEY: UNION SERA SEDE DE LOS PLAY OFF DEL TORNEO ANUAL 2013 (El presidente invita a la comunidad a participar de tan significativo evento deportivo)"},"content":{"rendered":"<p><a href=\"http:\/\/www.youtube.com\/watch?v=sR88bcA_2AI\">httpv:\/\/www.youtube.com\/watch?v=sR88bcA_2AI<\/a><br \/>\n<a href=\"http:\/\/www.youtube.com\/watch?v=sW3Dwi8X3bs\">httpv:\/\/www.youtube.com\/watch?v=sW3Dwi8X3bs<\/a><br \/>\n[audio:http:\/\/www.tvcnoticias.com.ar\/wp-content\/uploads\/2013\/11\/NOTA-CON-JORGE-MARCOLINI-PRESIDENTE-DEL-CLUBUNION.mp3|titles=NOTA CON JORGE MARCOLINI PRESIDENTE DEL CLUBUNION]<br \/>\nDesde el Club Uni\u00f3n de Tornquist se confirma que la instituci\u00f3n ser\u00e1 la sede para la disputa de las fases finales del Torneo Anual 2013 de la Agrupaci\u00f3n de Hockey del Sudoeste, ya que es la \u00fanica entidad que cuenta con un escenario de \u00e9ste tipo.<br \/>\nYa que no habr\u00e1 representantes del Verde \u00e9ste fin de semana, desde las 11, se realizar\u00e1 un cotejo como celebraci\u00f3n de la habilitaci\u00f3n de la cancha entre las Lobas, antes que comience la actividad oficial.<br \/>\nLa larga agenda comenzar\u00e1 \u00e9ste s\u00e1bado, cuando se desarrollen los Cuartos de final de Primera divisi\u00f3n, a partir de las 12 horas.<br \/>\nEl s\u00e1bado 23 se llevar\u00e1n a cabo los Cuartos de S\u00e9ptima (M14), donde Uni\u00f3n enfrentar\u00e1 a Deportivo Sarmiento, en uno de los cuatro cotejos de ese d\u00eda.<br \/>\nEl 30 de noviembre, se disputar\u00e1n las semifinales y la final de la Liguilla de Sexta (M16).<br \/>\nEl 7 de diciembre, tendr\u00e1n lugar las semifinales y finales de la Liguilla en las divisiones Primera y S\u00e9ptima.<br \/>\nEl domingo 8, se desarrollar\u00e1n las finales de las tres categor\u00edas, entre los ganadores de la etapa regular y los ganadores de la Liguilla<br \/>\nEs decir, que ser\u00e1n cuatro s\u00e1bados seguidos y un domingo, a puro hockey, albergando a todas las instituciones de la AHS.<br \/>\n<em><strong>Prensa y Difusi\u00f3n \u2013 Club Uni\u00f3n<\/strong><\/em><br \/>\n<em><strong><a rel=\"attachment wp-att-15747\" href=\"http:\/\/www.tvcnoticias.com.ar\/?attachment_id=15747\"><img loading=\"lazy\" decoding=\"async\" class=\"aligncenter size-full wp-image-15747\" title=\"primera3 (Small)\" src=\"http:\/\/www.tvcnoticias.com.ar\/wp-content\/uploads\/2013\/11\/primera3-Small.jpg\" alt=\"\" width=\"640\" height=\"509\" \/><\/a><br \/>\n<\/strong><\/em><\/p>\n<h2><\/h2>\n","protected":false},"excerpt":{"rendered":"<p>httpv:\/\/www.youtube.com\/watch?v=sR88bcA_2AI httpv:\/\/www.youtube.com\/watch?v=sW3Dwi8X3bs [audio:http:\/\/www.tvcnoticias.com.ar\/wp-content\/uploads\/2013\/11\/NOTA-CON-JORGE-MARCOLINI-PRESIDENTE-DEL-CLUBUNION.mp3|titles=NOTA CON JORGE MARCOLINI PRESIDENTE DEL CLUBUNION] Desde el Club Uni\u00f3n de Tornquist se confirma que la instituci\u00f3n ser\u00e1 la sede para la disputa de las fases finales del Torneo Anual 2013 de la Agrupaci\u00f3n de Hockey del Sudoeste, ya que es la \u00fanica entidad que cuenta con un escenario de \u00e9ste tipo. [&hellip;]<\/p>\n","protected":false},"author":1,"featured_media":0,"comment_status":"closed","ping_status":"open","sticky":false,"template":"","format":"standard","meta":{"footnotes":""},"categories":[51,60,52,64],"tags":[],"class_list":["post-15746","post","type-post","status-publish","format-standard","hentry","category-comunidad","category-deporte","category-destacadas","category-videos-destacados"],"yoast_head":"<!-- This site is optimized with the Yoast SEO plugin v19.7.1 - https:\/\/yoast.com\/wordpress\/plugins\/seo\/ -->\n<title>HOCKEY: UNION SERA SEDE DE LOS PLAY OFF DEL TORNEO ANUAL 2013 (El presidente invita a la comunidad a participar de tan significativo evento deportivo) - CELTTV<\/title>\n<meta name=\"description\" content=\"Sitio web de noticias de la localidad de Tornquist, provincia de Buenos Aires, Rep\u00fablica Argentina. Contenido propio originado por periodistas de CELTTV, el canal de TV local de la Cooperativa El\u00e9ctrica de Tornquist. Turismo, Pol\u00edtica, Sociedad, Deporte, Cultura y todo el contenido de inter\u00e9s general que la gente del pueblo y la regi\u00f3n debe conocer.\" \/>\n<meta name=\"robots\" content=\"index, follow, max-snippet:-1, max-image-preview:large, max-video-preview:-1\" \/>\n<link rel=\"canonical\" href=\"https:\/\/www.celttv.com.ar\/index.php\/2013\/11\/15\/hockey-union-sera-sede-de-los-play-off-del-torneo-anual-2013-el-presidente-invita-a-la-comunidad-a-participar-de-tan-significativo-evento-deportivo\/\" \/>\n<meta property=\"og:locale\" content=\"es_ES\" \/>\n<meta property=\"og:type\" content=\"article\" \/>\n<meta property=\"og:title\" content=\"HOCKEY: UNION SERA SEDE DE LOS PLAY OFF DEL TORNEO ANUAL 2013 (El presidente invita a la comunidad a participar de tan significativo evento deportivo) - CELTTV\" \/>\n<meta property=\"og:description\" content=\"Sitio web de noticias de la localidad de Tornquist, provincia de Buenos Aires, Rep\u00fablica Argentina. Contenido propio originado por periodistas de CELTTV, el canal de TV local de la Cooperativa El\u00e9ctrica de Tornquist. Turismo, Pol\u00edtica, Sociedad, Deporte, Cultura y todo el contenido de inter\u00e9s general que la gente del pueblo y la regi\u00f3n debe conocer.\" \/>\n<meta property=\"og:url\" content=\"https:\/\/www.celttv.com.ar\/index.php\/2013\/11\/15\/hockey-union-sera-sede-de-los-play-off-del-torneo-anual-2013-el-presidente-invita-a-la-comunidad-a-participar-de-tan-significativo-evento-deportivo\/\" \/>\n<meta property=\"og:site_name\" content=\"CELTTV\" \/>\n<meta property=\"article:publisher\" content=\"https:\/\/www.facebook.com\/celtTV\/\" \/>\n<meta property=\"article:published_time\" content=\"2013-11-15T00:20:17+00:00\" \/>\n<meta property=\"og:image\" content=\"http:\/\/www.tvcnoticias.com.ar\/wp-content\/uploads\/2013\/11\/primera3-Small.jpg\" \/>\n<meta name=\"author\" content=\"ulises\" \/>\n<meta name=\"twitter:card\" content=\"summary_large_image\" \/>\n<meta name=\"twitter:label1\" content=\"Escrito por\" \/>\n\t<meta name=\"twitter:data1\" content=\"ulises\" \/>\n\t<meta name=\"twitter:label2\" content=\"Tiempo de lectura\" \/>\n\t<meta name=\"twitter:data2\" content=\"1 minuto\" \/>\n<script type=\"application\/ld+json\" class=\"yoast-schema-graph\">{\"@context\":\"https:\/\/schema.org\",\"@graph\":[{\"@type\":\"NewsArticle\",\"@id\":\"https:\/\/www.celttv.com.ar\/index.php\/2013\/11\/15\/hockey-union-sera-sede-de-los-play-off-del-torneo-anual-2013-el-presidente-invita-a-la-comunidad-a-participar-de-tan-significativo-evento-deportivo\/#article\",\"isPartOf\":{\"@id\":\"https:\/\/www.celttv.com.ar\/index.php\/2013\/11\/15\/hockey-union-sera-sede-de-los-play-off-del-torneo-anual-2013-el-presidente-invita-a-la-comunidad-a-participar-de-tan-significativo-evento-deportivo\/\"},\"author\":{\"name\":\"ulises\",\"@id\":\"https:\/\/www.celttv.com.ar\/#\/schema\/person\/6d99c072dba59953809c81446e9d0ace\"},\"headline\":\"HOCKEY: UNION SERA SEDE DE LOS PLAY OFF DEL TORNEO ANUAL 2013 (El presidente invita a la comunidad a participar de tan significativo evento deportivo)\",\"datePublished\":\"2013-11-15T00:20:17+00:00\",\"dateModified\":\"2013-11-15T00:20:17+00:00\",\"mainEntityOfPage\":{\"@id\":\"https:\/\/www.celttv.com.ar\/index.php\/2013\/11\/15\/hockey-union-sera-sede-de-los-play-off-del-torneo-anual-2013-el-presidente-invita-a-la-comunidad-a-participar-de-tan-significativo-evento-deportivo\/\"},\"wordCount\":291,\"publisher\":{\"@id\":\"https:\/\/www.celttv.com.ar\/#organization\"},\"articleSection\":[\"Comunidad\",\"Deporte\",\"Destacadas\",\"Videos Destacados\"],\"inLanguage\":\"es\"},{\"@type\":\"WebPage\",\"@id\":\"https:\/\/www.celttv.com.ar\/index.php\/2013\/11\/15\/hockey-union-sera-sede-de-los-play-off-del-torneo-anual-2013-el-presidente-invita-a-la-comunidad-a-participar-de-tan-significativo-evento-deportivo\/\",\"url\":\"https:\/\/www.celttv.com.ar\/index.php\/2013\/11\/15\/hockey-union-sera-sede-de-los-play-off-del-torneo-anual-2013-el-presidente-invita-a-la-comunidad-a-participar-de-tan-significativo-evento-deportivo\/\",\"name\":\"HOCKEY: UNION SERA SEDE DE LOS PLAY OFF DEL TORNEO ANUAL 2013 (El presidente invita a la comunidad a participar de tan significativo evento deportivo) - CELTTV\",\"isPartOf\":{\"@id\":\"https:\/\/www.celttv.com.ar\/#website\"},\"datePublished\":\"2013-11-15T00:20:17+00:00\",\"dateModified\":\"2013-11-15T00:20:17+00:00\",\"description\":\"Sitio web de noticias de la localidad de Tornquist, provincia de Buenos Aires, Rep\u00fablica Argentina. Contenido propio originado por periodistas de CELTTV, el canal de TV local de la Cooperativa El\u00e9ctrica de Tornquist. Turismo, Pol\u00edtica, Sociedad, Deporte, Cultura y todo el contenido de inter\u00e9s general que la gente del pueblo y la regi\u00f3n debe conocer.\",\"breadcrumb\":{\"@id\":\"https:\/\/www.celttv.com.ar\/index.php\/2013\/11\/15\/hockey-union-sera-sede-de-los-play-off-del-torneo-anual-2013-el-presidente-invita-a-la-comunidad-a-participar-de-tan-significativo-evento-deportivo\/#breadcrumb\"},\"inLanguage\":\"es\",\"potentialAction\":[{\"@type\":\"ReadAction\",\"target\":[\"https:\/\/www.celttv.com.ar\/index.php\/2013\/11\/15\/hockey-union-sera-sede-de-los-play-off-del-torneo-anual-2013-el-presidente-invita-a-la-comunidad-a-participar-de-tan-significativo-evento-deportivo\/\"]}]},{\"@type\":\"BreadcrumbList\",\"@id\":\"https:\/\/www.celttv.com.ar\/index.php\/2013\/11\/15\/hockey-union-sera-sede-de-los-play-off-del-torneo-anual-2013-el-presidente-invita-a-la-comunidad-a-participar-de-tan-significativo-evento-deportivo\/#breadcrumb\",\"itemListElement\":[{\"@type\":\"ListItem\",\"position\":1,\"name\":\"Inicio\",\"item\":\"https:\/\/www.celttv.com.ar\/\"},{\"@type\":\"ListItem\",\"position\":2,\"name\":\"HOCKEY: UNION SERA SEDE DE LOS PLAY OFF DEL TORNEO ANUAL 2013 (El presidente invita a la comunidad a participar de tan significativo evento deportivo)\"}]},{\"@type\":\"WebSite\",\"@id\":\"https:\/\/www.celttv.com.ar\/#website\",\"url\":\"https:\/\/www.celttv.com.ar\/\",\"name\":\"CELTTV\",\"description\":\"Cooperativa El\u00e9ctrica de Tornquist\",\"publisher\":{\"@id\":\"https:\/\/www.celttv.com.ar\/#organization\"},\"potentialAction\":[{\"@type\":\"SearchAction\",\"target\":{\"@type\":\"EntryPoint\",\"urlTemplate\":\"https:\/\/www.celttv.com.ar\/?s={search_term_string}\"},\"query-input\":\"required name=search_term_string\"}],\"inLanguage\":\"es\"},{\"@type\":\"Organization\",\"@id\":\"https:\/\/www.celttv.com.ar\/#organization\",\"name\":\"CELTTV\",\"url\":\"https:\/\/www.celttv.com.ar\/\",\"sameAs\":[\"https:\/\/www.youtube.com\/channel\/UCz_oIt8Hig64Ub-EmcNPIhg\",\"https:\/\/www.facebook.com\/celtTV\/\"],\"logo\":{\"@type\":\"ImageObject\",\"inLanguage\":\"es\",\"@id\":\"https:\/\/www.celttv.com.ar\/#\/schema\/logo\/image\/\",\"url\":\"http:\/\/www.celttv.com.ar\/wp-content\/uploads\/2022\/08\/logo-1.png\",\"contentUrl\":\"http:\/\/www.celttv.com.ar\/wp-content\/uploads\/2022\/08\/logo-1.png\",\"width\":461,\"height\":159,\"caption\":\"CELTTV\"},\"image\":{\"@id\":\"https:\/\/www.celttv.com.ar\/#\/schema\/logo\/image\/\"}},{\"@type\":\"Person\",\"@id\":\"https:\/\/www.celttv.com.ar\/#\/schema\/person\/6d99c072dba59953809c81446e9d0ace\",\"name\":\"ulises\",\"image\":{\"@type\":\"ImageObject\",\"inLanguage\":\"es\",\"@id\":\"https:\/\/www.celttv.com.ar\/#\/schema\/person\/image\/\",\"url\":\"https:\/\/secure.gravatar.com\/avatar\/7f2c48bdc33b30088f941fb6082e555f2874c98e20cb159d7b92b50eadfce793?s=96&d=mm&r=g\",\"contentUrl\":\"https:\/\/secure.gravatar.com\/avatar\/7f2c48bdc33b30088f941fb6082e555f2874c98e20cb159d7b92b50eadfce793?s=96&d=mm&r=g\",\"caption\":\"ulises\"},\"sameAs\":[\"http:\/\/www.celttv.com.ar\"]}]}<\/script>\n<!-- \/ Yoast SEO plugin. -->","yoast_head_json":{"title":"HOCKEY: UNION SERA SEDE DE LOS PLAY OFF DEL TORNEO ANUAL 2013 (El presidente invita a la comunidad a participar de tan significativo evento deportivo) - CELTTV","description":"Sitio web de noticias de la localidad de Tornquist, provincia de Buenos Aires, Rep\u00fablica Argentina. Contenido propio originado por periodistas de CELTTV, el canal de TV local de la Cooperativa El\u00e9ctrica de Tornquist. Turismo, Pol\u00edtica, Sociedad, Deporte, Cultura y todo el contenido de inter\u00e9s general que la gente del pueblo y la regi\u00f3n debe conocer.","robots":{"index":"index","follow":"follow","max-snippet":"max-snippet:-1","max-image-preview":"max-image-preview:large","max-video-preview":"max-video-preview:-1"},"canonical":"https:\/\/www.celttv.com.ar\/index.php\/2013\/11\/15\/hockey-union-sera-sede-de-los-play-off-del-torneo-anual-2013-el-presidente-invita-a-la-comunidad-a-participar-de-tan-significativo-evento-deportivo\/","og_locale":"es_ES","og_type":"article","og_title":"HOCKEY: UNION SERA SEDE DE LOS PLAY OFF DEL TORNEO ANUAL 2013 (El presidente invita a la comunidad a participar de tan significativo evento deportivo) - CELTTV","og_description":"Sitio web de noticias de la localidad de Tornquist, provincia de Buenos Aires, Rep\u00fablica Argentina. Contenido propio originado por periodistas de CELTTV, el canal de TV local de la Cooperativa El\u00e9ctrica de Tornquist. Turismo, Pol\u00edtica, Sociedad, Deporte, Cultura y todo el contenido de inter\u00e9s general que la gente del pueblo y la regi\u00f3n debe conocer.","og_url":"https:\/\/www.celttv.com.ar\/index.php\/2013\/11\/15\/hockey-union-sera-sede-de-los-play-off-del-torneo-anual-2013-el-presidente-invita-a-la-comunidad-a-participar-de-tan-significativo-evento-deportivo\/","og_site_name":"CELTTV","article_publisher":"https:\/\/www.facebook.com\/celtTV\/","article_published_time":"2013-11-15T00:20:17+00:00","og_image":[{"url":"http:\/\/www.tvcnoticias.com.ar\/wp-content\/uploads\/2013\/11\/primera3-Small.jpg"}],"author":"ulises","twitter_card":"summary_large_image","twitter_misc":{"Escrito por":"ulises","Tiempo de lectura":"1 minuto"},"schema":{"@context":"https:\/\/schema.org","@graph":[{"@type":"NewsArticle","@id":"https:\/\/www.celttv.com.ar\/index.php\/2013\/11\/15\/hockey-union-sera-sede-de-los-play-off-del-torneo-anual-2013-el-presidente-invita-a-la-comunidad-a-participar-de-tan-significativo-evento-deportivo\/#article","isPartOf":{"@id":"https:\/\/www.celttv.com.ar\/index.php\/2013\/11\/15\/hockey-union-sera-sede-de-los-play-off-del-torneo-anual-2013-el-presidente-invita-a-la-comunidad-a-participar-de-tan-significativo-evento-deportivo\/"},"author":{"name":"ulises","@id":"https:\/\/www.celttv.com.ar\/#\/schema\/person\/6d99c072dba59953809c81446e9d0ace"},"headline":"HOCKEY: UNION SERA SEDE DE LOS PLAY OFF DEL TORNEO ANUAL 2013 (El presidente invita a la comunidad a participar de tan significativo evento deportivo)","datePublished":"2013-11-15T00:20:17+00:00","dateModified":"2013-11-15T00:20:17+00:00","mainEntityOfPage":{"@id":"https:\/\/www.celttv.com.ar\/index.php\/2013\/11\/15\/hockey-union-sera-sede-de-los-play-off-del-torneo-anual-2013-el-presidente-invita-a-la-comunidad-a-participar-de-tan-significativo-evento-deportivo\/"},"wordCount":291,"publisher":{"@id":"https:\/\/www.celttv.com.ar\/#organization"},"articleSection":["Comunidad","Deporte","Destacadas","Videos Destacados"],"inLanguage":"es"},{"@type":"WebPage","@id":"https:\/\/www.celttv.com.ar\/index.php\/2013\/11\/15\/hockey-union-sera-sede-de-los-play-off-del-torneo-anual-2013-el-presidente-invita-a-la-comunidad-a-participar-de-tan-significativo-evento-deportivo\/","url":"https:\/\/www.celttv.com.ar\/index.php\/2013\/11\/15\/hockey-union-sera-sede-de-los-play-off-del-torneo-anual-2013-el-presidente-invita-a-la-comunidad-a-participar-de-tan-significativo-evento-deportivo\/","name":"HOCKEY: UNION SERA SEDE DE LOS PLAY OFF DEL TORNEO ANUAL 2013 (El presidente invita a la comunidad a participar de tan significativo evento deportivo) - CELTTV","isPartOf":{"@id":"https:\/\/www.celttv.com.ar\/#website"},"datePublished":"2013-11-15T00:20:17+00:00","dateModified":"2013-11-15T00:20:17+00:00","description":"Sitio web de noticias de la localidad de Tornquist, provincia de Buenos Aires, Rep\u00fablica Argentina. Contenido propio originado por periodistas de CELTTV, el canal de TV local de la Cooperativa El\u00e9ctrica de Tornquist. Turismo, Pol\u00edtica, Sociedad, Deporte, Cultura y todo el contenido de inter\u00e9s general que la gente del pueblo y la regi\u00f3n debe conocer.","breadcrumb":{"@id":"https:\/\/www.celttv.com.ar\/index.php\/2013\/11\/15\/hockey-union-sera-sede-de-los-play-off-del-torneo-anual-2013-el-presidente-invita-a-la-comunidad-a-participar-de-tan-significativo-evento-deportivo\/#breadcrumb"},"inLanguage":"es","potentialAction":[{"@type":"ReadAction","target":["https:\/\/www.celttv.com.ar\/index.php\/2013\/11\/15\/hockey-union-sera-sede-de-los-play-off-del-torneo-anual-2013-el-presidente-invita-a-la-comunidad-a-participar-de-tan-significativo-evento-deportivo\/"]}]},{"@type":"BreadcrumbList","@id":"https:\/\/www.celttv.com.ar\/index.php\/2013\/11\/15\/hockey-union-sera-sede-de-los-play-off-del-torneo-anual-2013-el-presidente-invita-a-la-comunidad-a-participar-de-tan-significativo-evento-deportivo\/#breadcrumb","itemListElement":[{"@type":"ListItem","position":1,"name":"Inicio","item":"https:\/\/www.celttv.com.ar\/"},{"@type":"ListItem","position":2,"name":"HOCKEY: UNION SERA SEDE DE LOS PLAY OFF DEL TORNEO ANUAL 2013 (El presidente invita a la comunidad a participar de tan significativo evento deportivo)"}]},{"@type":"WebSite","@id":"https:\/\/www.celttv.com.ar\/#website","url":"https:\/\/www.celttv.com.ar\/","name":"CELTTV","description":"Cooperativa El\u00e9ctrica de Tornquist","publisher":{"@id":"https:\/\/www.celttv.com.ar\/#organization"},"potentialAction":[{"@type":"SearchAction","target":{"@type":"EntryPoint","urlTemplate":"https:\/\/www.celttv.com.ar\/?s={search_term_string}"},"query-input":"required name=search_term_string"}],"inLanguage":"es"},{"@type":"Organization","@id":"https:\/\/www.celttv.com.ar\/#organization","name":"CELTTV","url":"https:\/\/www.celttv.com.ar\/","sameAs":["https:\/\/www.youtube.com\/channel\/UCz_oIt8Hig64Ub-EmcNPIhg","https:\/\/www.facebook.com\/celtTV\/"],"logo":{"@type":"ImageObject","inLanguage":"es","@id":"https:\/\/www.celttv.com.ar\/#\/schema\/logo\/image\/","url":"http:\/\/www.celttv.com.ar\/wp-content\/uploads\/2022\/08\/logo-1.png","contentUrl":"http:\/\/www.celttv.com.ar\/wp-content\/uploads\/2022\/08\/logo-1.png","width":461,"height":159,"caption":"CELTTV"},"image":{"@id":"https:\/\/www.celttv.com.ar\/#\/schema\/logo\/image\/"}},{"@type":"Person","@id":"https:\/\/www.celttv.com.ar\/#\/schema\/person\/6d99c072dba59953809c81446e9d0ace","name":"ulises","image":{"@type":"ImageObject","inLanguage":"es","@id":"https:\/\/www.celttv.com.ar\/#\/schema\/person\/image\/","url":"https:\/\/secure.gravatar.com\/avatar\/7f2c48bdc33b30088f941fb6082e555f2874c98e20cb159d7b92b50eadfce793?s=96&d=mm&r=g","contentUrl":"https:\/\/secure.gravatar.com\/avatar\/7f2c48bdc33b30088f941fb6082e555f2874c98e20cb159d7b92b50eadfce793?s=96&d=mm&r=g","caption":"ulises"},"sameAs":["http:\/\/www.celttv.com.ar"]}]}},"_links":{"self":[{"href":"https:\/\/www.celttv.com.ar\/index.php\/wp-json\/wp\/v2\/posts\/15746","targetHints":{"allow":["GET"]}}],"collection":[{"href":"https:\/\/www.celttv.com.ar\/index.php\/wp-json\/wp\/v2\/posts"}],"about":[{"href":"https:\/\/www.celttv.com.ar\/index.php\/wp-json\/wp\/v2\/types\/post"}],"author":[{"embeddable":true,"href":"https:\/\/www.celttv.com.ar\/index.php\/wp-json\/wp\/v2\/users\/1"}],"replies":[{"embeddable":true,"href":"https:\/\/www.celttv.com.ar\/index.php\/wp-json\/wp\/v2\/comments?post=15746"}],"version-history":[{"count":0,"href":"https:\/\/www.celttv.com.ar\/index.php\/wp-json\/wp\/v2\/posts\/15746\/revisions"}],"wp:attachment":[{"href":"https:\/\/www.celttv.com.ar\/index.php\/wp-json\/wp\/v2\/media?parent=15746"}],"wp:term":[{"taxonomy":"category","embeddable":true,"href":"https:\/\/www.celttv.com.ar\/index.php\/wp-json\/wp\/v2\/categories?post=15746"},{"taxonomy":"post_tag","embeddable":true,"href":"https:\/\/www.celttv.com.ar\/index.php\/wp-json\/wp\/v2\/tags?post=15746"}],"curies":[{"name":"wp","href":"https:\/\/api.w.org\/{rel}","templated":true}]}}