{"id":15888,"date":"2013-11-19T22:42:23","date_gmt":"2013-11-19T22:42:23","guid":{"rendered":"http:\/\/www.tvcnoticias.com.ar\/?p=15888"},"modified":"2013-11-19T22:42:23","modified_gmt":"2013-11-19T22:42:23","slug":"futbol-en-el-cierre-de-la-clasificacion-del-clausura-los-partidos-comenzaran-a-las-1630hs","status":"publish","type":"post","link":"https:\/\/www.celttv.com.ar\/index.php\/2013\/11\/19\/futbol-en-el-cierre-de-la-clasificacion-del-clausura-los-partidos-comenzaran-a-las-1630hs\/","title":{"rendered":"FUTBOL: EN EL CIERRE DE LA CLASIFICACION DEL CLAUSURA, LOS PARTIDOS COMENZARAN A LAS 16:30hs."},"content":{"rendered":"<p><img loading=\"lazy\" decoding=\"async\" class=\"aligncenter size-full wp-image-15889\" title=\"arco_y_pelota-Medium\" src=\"http:\/\/www.tvcnoticias.com.ar\/wp-content\/uploads\/2013\/11\/arco_y_pelota-Medium5.jpg\" alt=\"\" width=\"800\" height=\"465\" \/>Treinta minutos m\u00e1s tarde comenzar\u00e1n los partidos el pr\u00f3ximo domingo, cuando se dispute la s\u00e9ptima y \u00faltima fecha del torneo Clausura que organiza la Liga Regional de F\u00fatbol de Coronel Su\u00e1rez, seg\u00fan se dispuso el lunes \u00faltimo en la reuni\u00f3n que llev\u00f3 a cabo el consejo directivo que preside Ernesto Manuel Palenzona.<br \/>\nDebido a las altas temperaturas que se registran a esta altura del a\u00f1o y a pedido de los delegados de algunos clubes, se resolvi\u00f3 que los partidos de Primera divisi\u00f3n se inicien a las 16:30 en Primera divisi\u00f3n y a las 14:30 los preliminares de Reserva.<br \/>\nLa \u00faltima fecha, donde quedar\u00e1n cubiertas las \u00faltimas cuatro plazas para los cuartos de final, contiene el siguiente programa de partidos:<br \/>\n<strong>Zona \u201cA\u201d<\/strong>: Deportivo Argentino vs. Pe\u00f1arol de Guamin\u00ed; Independiente * Tiro Federal de Coronel Su\u00e1rez y Automoto vs. San Mart\u00edn de Santa Trinidad. Libre: Atl\u00e9tico Huanguel\u00e9n.<br \/>\n<strong>Zona \u201cB\u201d<\/strong>: Blanco y Negro vs. Pe\u00f1arol de Pig\u00fc\u00e9; Boca Juniors vs. Uni\u00f3n de Tornquist y Tiro Federal de Puan vs. Uni\u00f3n Pig\u00fc\u00e9. Libre: Puan F. Club.<br \/>\n<strong>Zona \u201cC\u201d<\/strong>: San Mart\u00edn de Saavedra vs. El Progreso; Empleados de Comercio vs. Deportivo Sarmiento y San Mart\u00edn de Carhu\u00e9 vs. Club Sarmiento. Libre: Racing Club.<br \/>\nVale recordar que clasificar\u00e1n para los cuartos de final los dos primeros de cada zona y los dos mejores terceros. En esta instancia confrontar\u00e1n el mejor 1\u00b0 vs. el peor 3\u00b0, el segundo mejor 1\u00b0 vs. el otro 3\u00b0, el restante 1\u00b0 vs. el peor 2\u00b0 y los dos 2\u00b0 entre s\u00ed. Ser\u00e1 con local\u00eda para los mejor ubicados, pero sin ventaja deportiva.<br \/>\nEn Reserva, en tanto, lograr\u00e1n el pasaporte para las semifinales los ganadores de su zona y el mejor segundo.<br \/>\n&nbsp;<br \/>\nTdI: s\u00f3lo Deportivo Sarmiento<br \/>\n&nbsp;<br \/>\nDeportivo Sarmiento ser\u00e1 el \u00fanico representante que tendr\u00e1 la LRF de Coronel Su\u00e1rez en el Torneo del Interior 2014, dado que ning\u00fan otro club se anot\u00f3 hasta el lunes pasado, d\u00eda en que venc\u00eda el plazo para postularse.<br \/>\nDado que supera las 21 entidades afiliadas, la Liga se hab\u00eda postulado con 3 plazas, pero ahora deber\u00e1 dar de baja a 2 de ellas ante el Consejo Federal de la Asociaci\u00f3n del F\u00fatbol Argentino.<br \/>\nLa fecha tentativa de inicio para el certamen se fij\u00f3 para el 25 de enero de 2014 y, como es habitual, en la primera etapa los equipos se ubicar\u00e1n de acuerdo a la cercan\u00eda geogr\u00e1fica.<br \/>\n&nbsp;<br \/>\nDivisiones inferiores<br \/>\n&nbsp;<br \/>\nCon relaci\u00f3n a los partidos de divisiones inferiores del torneo Clausura que est\u00e1n pendientes, este mi\u00e9rcoles a las 19:30 Uni\u00f3n de Tornquist y Club Sarmiento cancelar\u00e1n el de 6\u00aa que adeudan de la tercera fecha.<br \/>\nPor otro lado, los que fueron suspendidos por lluvia entre Argentino Junior de Darregueira y Uni\u00f3n Pig\u00fc\u00e9 en 5\u00aa y 7\u00aa y entre Argentino Junior y Club Sarmiento \u201cB\u201d en 8\u00aa, adem\u00e1s el de 6\u00aa entre Club Sarmiennto y Automoto fueron programados para el pr\u00f3ximo lunes, feriado nacional.<br \/>\nVale aclarar que todos estos encuentros se jugar\u00e1n en caso de ser necesarios para la clasificaci\u00f3n en las diferentes zonas.<br \/>\n&nbsp;<br \/>\nCarta de felicitaci\u00f3n<br \/>\n&nbsp;<br \/>\nLa mesa ejecutiva de la Liga y los clubes afiliados hicieron llegar sus felicitaciones al Club Sarmiento por su participaci\u00f3n en el torneo Nacional Sub 15 que organiz\u00f3 el Consejo Federal de la AFA.<br \/>\nEl equipo pig\u00fcense cumpli\u00f3 una excelente campa\u00f1a, habi\u00e9ndose ubicado entre los once mejores clubes que participaron de todo el pa\u00eds, dejando bien alto el prestigio de la instituci\u00f3n y de la Liga Regional.<br \/>\n&nbsp;<br \/>\nInvitan a pagar<br \/>\n&nbsp;<br \/>\nPor otra parte, la mesa ejecutiva le solicit\u00f3 a los clubes que cancelen la deuda con la Liga, caso contrario se pasar\u00e1n al Tribunal de Penas.<br \/>\n&nbsp;<br \/>\n&nbsp;<br \/>\n&nbsp;<br \/>\n&nbsp;<br \/>\n&nbsp;<br \/>\n&nbsp;<br \/>\n&nbsp;<br \/>\n&nbsp;<\/p>\n","protected":false},"excerpt":{"rendered":"<p>Treinta minutos m\u00e1s tarde comenzar\u00e1n los partidos el pr\u00f3ximo domingo, cuando se dispute la s\u00e9ptima y \u00faltima fecha del torneo Clausura que organiza la Liga Regional de F\u00fatbol de Coronel Su\u00e1rez, seg\u00fan se dispuso el lunes \u00faltimo en la reuni\u00f3n que llev\u00f3 a cabo el consejo directivo que preside Ernesto Manuel Palenzona. Debido a las [&hellip;]<\/p>\n","protected":false},"author":1,"featured_media":0,"comment_status":"closed","ping_status":"open","sticky":false,"template":"","format":"standard","meta":{"footnotes":""},"categories":[60,52],"tags":[],"class_list":["post-15888","post","type-post","status-publish","format-standard","hentry","category-deporte","category-destacadas"],"yoast_head":"<!-- This site is optimized with the Yoast SEO plugin v19.7.1 - https:\/\/yoast.com\/wordpress\/plugins\/seo\/ -->\n<title>FUTBOL: EN EL CIERRE DE LA CLASIFICACION DEL CLAUSURA, LOS PARTIDOS COMENZARAN A LAS 16:30hs. - CELTTV<\/title>\n<meta name=\"description\" content=\"Sitio web de noticias de la localidad de Tornquist, provincia de Buenos Aires, Rep\u00fablica Argentina. Contenido propio originado por periodistas de CELTTV, el canal de TV local de la Cooperativa El\u00e9ctrica de Tornquist. Turismo, Pol\u00edtica, Sociedad, Deporte, Cultura y todo el contenido de inter\u00e9s general que la gente del pueblo y la regi\u00f3n debe conocer.\" \/>\n<meta name=\"robots\" content=\"index, follow, max-snippet:-1, max-image-preview:large, max-video-preview:-1\" \/>\n<link rel=\"canonical\" href=\"https:\/\/www.celttv.com.ar\/index.php\/2013\/11\/19\/futbol-en-el-cierre-de-la-clasificacion-del-clausura-los-partidos-comenzaran-a-las-1630hs\/\" \/>\n<meta property=\"og:locale\" content=\"es_ES\" \/>\n<meta property=\"og:type\" content=\"article\" \/>\n<meta property=\"og:title\" content=\"FUTBOL: EN EL CIERRE DE LA CLASIFICACION DEL CLAUSURA, LOS PARTIDOS COMENZARAN A LAS 16:30hs. - CELTTV\" \/>\n<meta property=\"og:description\" content=\"Sitio web de noticias de la localidad de Tornquist, provincia de Buenos Aires, Rep\u00fablica Argentina. Contenido propio originado por periodistas de CELTTV, el canal de TV local de la Cooperativa El\u00e9ctrica de Tornquist. Turismo, Pol\u00edtica, Sociedad, Deporte, Cultura y todo el contenido de inter\u00e9s general que la gente del pueblo y la regi\u00f3n debe conocer.\" \/>\n<meta property=\"og:url\" content=\"https:\/\/www.celttv.com.ar\/index.php\/2013\/11\/19\/futbol-en-el-cierre-de-la-clasificacion-del-clausura-los-partidos-comenzaran-a-las-1630hs\/\" \/>\n<meta property=\"og:site_name\" content=\"CELTTV\" \/>\n<meta property=\"article:publisher\" content=\"https:\/\/www.facebook.com\/celtTV\/\" \/>\n<meta property=\"article:published_time\" content=\"2013-11-19T22:42:23+00:00\" \/>\n<meta property=\"og:image\" content=\"http:\/\/www.tvcnoticias.com.ar\/wp-content\/uploads\/2013\/11\/arco_y_pelota-Medium5.jpg\" \/>\n<meta name=\"author\" content=\"ulises\" \/>\n<meta name=\"twitter:card\" content=\"summary_large_image\" \/>\n<meta name=\"twitter:label1\" content=\"Escrito por\" \/>\n\t<meta name=\"twitter:data1\" content=\"ulises\" \/>\n\t<meta name=\"twitter:label2\" content=\"Tiempo de lectura\" \/>\n\t<meta name=\"twitter:data2\" content=\"3 minutos\" \/>\n<script type=\"application\/ld+json\" class=\"yoast-schema-graph\">{\"@context\":\"https:\/\/schema.org\",\"@graph\":[{\"@type\":\"NewsArticle\",\"@id\":\"https:\/\/www.celttv.com.ar\/index.php\/2013\/11\/19\/futbol-en-el-cierre-de-la-clasificacion-del-clausura-los-partidos-comenzaran-a-las-1630hs\/#article\",\"isPartOf\":{\"@id\":\"https:\/\/www.celttv.com.ar\/index.php\/2013\/11\/19\/futbol-en-el-cierre-de-la-clasificacion-del-clausura-los-partidos-comenzaran-a-las-1630hs\/\"},\"author\":{\"name\":\"ulises\",\"@id\":\"https:\/\/www.celttv.com.ar\/#\/schema\/person\/6d99c072dba59953809c81446e9d0ace\"},\"headline\":\"FUTBOL: EN EL CIERRE DE LA CLASIFICACION DEL CLAUSURA, LOS PARTIDOS COMENZARAN A LAS 16:30hs.\",\"datePublished\":\"2013-11-19T22:42:23+00:00\",\"dateModified\":\"2013-11-19T22:42:23+00:00\",\"mainEntityOfPage\":{\"@id\":\"https:\/\/www.celttv.com.ar\/index.php\/2013\/11\/19\/futbol-en-el-cierre-de-la-clasificacion-del-clausura-los-partidos-comenzaran-a-las-1630hs\/\"},\"wordCount\":659,\"publisher\":{\"@id\":\"https:\/\/www.celttv.com.ar\/#organization\"},\"articleSection\":[\"Deporte\",\"Destacadas\"],\"inLanguage\":\"es\"},{\"@type\":\"WebPage\",\"@id\":\"https:\/\/www.celttv.com.ar\/index.php\/2013\/11\/19\/futbol-en-el-cierre-de-la-clasificacion-del-clausura-los-partidos-comenzaran-a-las-1630hs\/\",\"url\":\"https:\/\/www.celttv.com.ar\/index.php\/2013\/11\/19\/futbol-en-el-cierre-de-la-clasificacion-del-clausura-los-partidos-comenzaran-a-las-1630hs\/\",\"name\":\"FUTBOL: EN EL CIERRE DE LA CLASIFICACION DEL CLAUSURA, LOS PARTIDOS COMENZARAN A LAS 16:30hs. - CELTTV\",\"isPartOf\":{\"@id\":\"https:\/\/www.celttv.com.ar\/#website\"},\"datePublished\":\"2013-11-19T22:42:23+00:00\",\"dateModified\":\"2013-11-19T22:42:23+00:00\",\"description\":\"Sitio web de noticias de la localidad de Tornquist, provincia de Buenos Aires, Rep\u00fablica Argentina. Contenido propio originado por periodistas de CELTTV, el canal de TV local de la Cooperativa El\u00e9ctrica de Tornquist. Turismo, Pol\u00edtica, Sociedad, Deporte, Cultura y todo el contenido de inter\u00e9s general que la gente del pueblo y la regi\u00f3n debe conocer.\",\"breadcrumb\":{\"@id\":\"https:\/\/www.celttv.com.ar\/index.php\/2013\/11\/19\/futbol-en-el-cierre-de-la-clasificacion-del-clausura-los-partidos-comenzaran-a-las-1630hs\/#breadcrumb\"},\"inLanguage\":\"es\",\"potentialAction\":[{\"@type\":\"ReadAction\",\"target\":[\"https:\/\/www.celttv.com.ar\/index.php\/2013\/11\/19\/futbol-en-el-cierre-de-la-clasificacion-del-clausura-los-partidos-comenzaran-a-las-1630hs\/\"]}]},{\"@type\":\"BreadcrumbList\",\"@id\":\"https:\/\/www.celttv.com.ar\/index.php\/2013\/11\/19\/futbol-en-el-cierre-de-la-clasificacion-del-clausura-los-partidos-comenzaran-a-las-1630hs\/#breadcrumb\",\"itemListElement\":[{\"@type\":\"ListItem\",\"position\":1,\"name\":\"Inicio\",\"item\":\"https:\/\/www.celttv.com.ar\/\"},{\"@type\":\"ListItem\",\"position\":2,\"name\":\"FUTBOL: EN EL CIERRE DE LA CLASIFICACION DEL CLAUSURA, LOS PARTIDOS COMENZARAN A LAS 16:30hs.\"}]},{\"@type\":\"WebSite\",\"@id\":\"https:\/\/www.celttv.com.ar\/#website\",\"url\":\"https:\/\/www.celttv.com.ar\/\",\"name\":\"CELTTV\",\"description\":\"Cooperativa El\u00e9ctrica de Tornquist\",\"publisher\":{\"@id\":\"https:\/\/www.celttv.com.ar\/#organization\"},\"potentialAction\":[{\"@type\":\"SearchAction\",\"target\":{\"@type\":\"EntryPoint\",\"urlTemplate\":\"https:\/\/www.celttv.com.ar\/?s={search_term_string}\"},\"query-input\":\"required name=search_term_string\"}],\"inLanguage\":\"es\"},{\"@type\":\"Organization\",\"@id\":\"https:\/\/www.celttv.com.ar\/#organization\",\"name\":\"CELTTV\",\"url\":\"https:\/\/www.celttv.com.ar\/\",\"sameAs\":[\"https:\/\/www.youtube.com\/channel\/UCz_oIt8Hig64Ub-EmcNPIhg\",\"https:\/\/www.facebook.com\/celtTV\/\"],\"logo\":{\"@type\":\"ImageObject\",\"inLanguage\":\"es\",\"@id\":\"https:\/\/www.celttv.com.ar\/#\/schema\/logo\/image\/\",\"url\":\"http:\/\/www.celttv.com.ar\/wp-content\/uploads\/2022\/08\/logo-1.png\",\"contentUrl\":\"http:\/\/www.celttv.com.ar\/wp-content\/uploads\/2022\/08\/logo-1.png\",\"width\":461,\"height\":159,\"caption\":\"CELTTV\"},\"image\":{\"@id\":\"https:\/\/www.celttv.com.ar\/#\/schema\/logo\/image\/\"}},{\"@type\":\"Person\",\"@id\":\"https:\/\/www.celttv.com.ar\/#\/schema\/person\/6d99c072dba59953809c81446e9d0ace\",\"name\":\"ulises\",\"image\":{\"@type\":\"ImageObject\",\"inLanguage\":\"es\",\"@id\":\"https:\/\/www.celttv.com.ar\/#\/schema\/person\/image\/\",\"url\":\"https:\/\/secure.gravatar.com\/avatar\/7f2c48bdc33b30088f941fb6082e555f2874c98e20cb159d7b92b50eadfce793?s=96&d=mm&r=g\",\"contentUrl\":\"https:\/\/secure.gravatar.com\/avatar\/7f2c48bdc33b30088f941fb6082e555f2874c98e20cb159d7b92b50eadfce793?s=96&d=mm&r=g\",\"caption\":\"ulises\"},\"sameAs\":[\"http:\/\/www.celttv.com.ar\"]}]}<\/script>\n<!-- \/ Yoast SEO plugin. -->","yoast_head_json":{"title":"FUTBOL: EN EL CIERRE DE LA CLASIFICACION DEL CLAUSURA, LOS PARTIDOS COMENZARAN A LAS 16:30hs. - CELTTV","description":"Sitio web de noticias de la localidad de Tornquist, provincia de Buenos Aires, Rep\u00fablica Argentina. Contenido propio originado por periodistas de CELTTV, el canal de TV local de la Cooperativa El\u00e9ctrica de Tornquist. Turismo, Pol\u00edtica, Sociedad, Deporte, Cultura y todo el contenido de inter\u00e9s general que la gente del pueblo y la regi\u00f3n debe conocer.","robots":{"index":"index","follow":"follow","max-snippet":"max-snippet:-1","max-image-preview":"max-image-preview:large","max-video-preview":"max-video-preview:-1"},"canonical":"https:\/\/www.celttv.com.ar\/index.php\/2013\/11\/19\/futbol-en-el-cierre-de-la-clasificacion-del-clausura-los-partidos-comenzaran-a-las-1630hs\/","og_locale":"es_ES","og_type":"article","og_title":"FUTBOL: EN EL CIERRE DE LA CLASIFICACION DEL CLAUSURA, LOS PARTIDOS COMENZARAN A LAS 16:30hs. - CELTTV","og_description":"Sitio web de noticias de la localidad de Tornquist, provincia de Buenos Aires, Rep\u00fablica Argentina. Contenido propio originado por periodistas de CELTTV, el canal de TV local de la Cooperativa El\u00e9ctrica de Tornquist. Turismo, Pol\u00edtica, Sociedad, Deporte, Cultura y todo el contenido de inter\u00e9s general que la gente del pueblo y la regi\u00f3n debe conocer.","og_url":"https:\/\/www.celttv.com.ar\/index.php\/2013\/11\/19\/futbol-en-el-cierre-de-la-clasificacion-del-clausura-los-partidos-comenzaran-a-las-1630hs\/","og_site_name":"CELTTV","article_publisher":"https:\/\/www.facebook.com\/celtTV\/","article_published_time":"2013-11-19T22:42:23+00:00","og_image":[{"url":"http:\/\/www.tvcnoticias.com.ar\/wp-content\/uploads\/2013\/11\/arco_y_pelota-Medium5.jpg"}],"author":"ulises","twitter_card":"summary_large_image","twitter_misc":{"Escrito por":"ulises","Tiempo de lectura":"3 minutos"},"schema":{"@context":"https:\/\/schema.org","@graph":[{"@type":"NewsArticle","@id":"https:\/\/www.celttv.com.ar\/index.php\/2013\/11\/19\/futbol-en-el-cierre-de-la-clasificacion-del-clausura-los-partidos-comenzaran-a-las-1630hs\/#article","isPartOf":{"@id":"https:\/\/www.celttv.com.ar\/index.php\/2013\/11\/19\/futbol-en-el-cierre-de-la-clasificacion-del-clausura-los-partidos-comenzaran-a-las-1630hs\/"},"author":{"name":"ulises","@id":"https:\/\/www.celttv.com.ar\/#\/schema\/person\/6d99c072dba59953809c81446e9d0ace"},"headline":"FUTBOL: EN EL CIERRE DE LA CLASIFICACION DEL CLAUSURA, LOS PARTIDOS COMENZARAN A LAS 16:30hs.","datePublished":"2013-11-19T22:42:23+00:00","dateModified":"2013-11-19T22:42:23+00:00","mainEntityOfPage":{"@id":"https:\/\/www.celttv.com.ar\/index.php\/2013\/11\/19\/futbol-en-el-cierre-de-la-clasificacion-del-clausura-los-partidos-comenzaran-a-las-1630hs\/"},"wordCount":659,"publisher":{"@id":"https:\/\/www.celttv.com.ar\/#organization"},"articleSection":["Deporte","Destacadas"],"inLanguage":"es"},{"@type":"WebPage","@id":"https:\/\/www.celttv.com.ar\/index.php\/2013\/11\/19\/futbol-en-el-cierre-de-la-clasificacion-del-clausura-los-partidos-comenzaran-a-las-1630hs\/","url":"https:\/\/www.celttv.com.ar\/index.php\/2013\/11\/19\/futbol-en-el-cierre-de-la-clasificacion-del-clausura-los-partidos-comenzaran-a-las-1630hs\/","name":"FUTBOL: EN EL CIERRE DE LA CLASIFICACION DEL CLAUSURA, LOS PARTIDOS COMENZARAN A LAS 16:30hs. - CELTTV","isPartOf":{"@id":"https:\/\/www.celttv.com.ar\/#website"},"datePublished":"2013-11-19T22:42:23+00:00","dateModified":"2013-11-19T22:42:23+00:00","description":"Sitio web de noticias de la localidad de Tornquist, provincia de Buenos Aires, Rep\u00fablica Argentina. Contenido propio originado por periodistas de CELTTV, el canal de TV local de la Cooperativa El\u00e9ctrica de Tornquist. Turismo, Pol\u00edtica, Sociedad, Deporte, Cultura y todo el contenido de inter\u00e9s general que la gente del pueblo y la regi\u00f3n debe conocer.","breadcrumb":{"@id":"https:\/\/www.celttv.com.ar\/index.php\/2013\/11\/19\/futbol-en-el-cierre-de-la-clasificacion-del-clausura-los-partidos-comenzaran-a-las-1630hs\/#breadcrumb"},"inLanguage":"es","potentialAction":[{"@type":"ReadAction","target":["https:\/\/www.celttv.com.ar\/index.php\/2013\/11\/19\/futbol-en-el-cierre-de-la-clasificacion-del-clausura-los-partidos-comenzaran-a-las-1630hs\/"]}]},{"@type":"BreadcrumbList","@id":"https:\/\/www.celttv.com.ar\/index.php\/2013\/11\/19\/futbol-en-el-cierre-de-la-clasificacion-del-clausura-los-partidos-comenzaran-a-las-1630hs\/#breadcrumb","itemListElement":[{"@type":"ListItem","position":1,"name":"Inicio","item":"https:\/\/www.celttv.com.ar\/"},{"@type":"ListItem","position":2,"name":"FUTBOL: EN EL CIERRE DE LA CLASIFICACION DEL CLAUSURA, LOS PARTIDOS COMENZARAN A LAS 16:30hs."}]},{"@type":"WebSite","@id":"https:\/\/www.celttv.com.ar\/#website","url":"https:\/\/www.celttv.com.ar\/","name":"CELTTV","description":"Cooperativa El\u00e9ctrica de Tornquist","publisher":{"@id":"https:\/\/www.celttv.com.ar\/#organization"},"potentialAction":[{"@type":"SearchAction","target":{"@type":"EntryPoint","urlTemplate":"https:\/\/www.celttv.com.ar\/?s={search_term_string}"},"query-input":"required name=search_term_string"}],"inLanguage":"es"},{"@type":"Organization","@id":"https:\/\/www.celttv.com.ar\/#organization","name":"CELTTV","url":"https:\/\/www.celttv.com.ar\/","sameAs":["https:\/\/www.youtube.com\/channel\/UCz_oIt8Hig64Ub-EmcNPIhg","https:\/\/www.facebook.com\/celtTV\/"],"logo":{"@type":"ImageObject","inLanguage":"es","@id":"https:\/\/www.celttv.com.ar\/#\/schema\/logo\/image\/","url":"http:\/\/www.celttv.com.ar\/wp-content\/uploads\/2022\/08\/logo-1.png","contentUrl":"http:\/\/www.celttv.com.ar\/wp-content\/uploads\/2022\/08\/logo-1.png","width":461,"height":159,"caption":"CELTTV"},"image":{"@id":"https:\/\/www.celttv.com.ar\/#\/schema\/logo\/image\/"}},{"@type":"Person","@id":"https:\/\/www.celttv.com.ar\/#\/schema\/person\/6d99c072dba59953809c81446e9d0ace","name":"ulises","image":{"@type":"ImageObject","inLanguage":"es","@id":"https:\/\/www.celttv.com.ar\/#\/schema\/person\/image\/","url":"https:\/\/secure.gravatar.com\/avatar\/7f2c48bdc33b30088f941fb6082e555f2874c98e20cb159d7b92b50eadfce793?s=96&d=mm&r=g","contentUrl":"https:\/\/secure.gravatar.com\/avatar\/7f2c48bdc33b30088f941fb6082e555f2874c98e20cb159d7b92b50eadfce793?s=96&d=mm&r=g","caption":"ulises"},"sameAs":["http:\/\/www.celttv.com.ar"]}]}},"_links":{"self":[{"href":"https:\/\/www.celttv.com.ar\/index.php\/wp-json\/wp\/v2\/posts\/15888","targetHints":{"allow":["GET"]}}],"collection":[{"href":"https:\/\/www.celttv.com.ar\/index.php\/wp-json\/wp\/v2\/posts"}],"about":[{"href":"https:\/\/www.celttv.com.ar\/index.php\/wp-json\/wp\/v2\/types\/post"}],"author":[{"embeddable":true,"href":"https:\/\/www.celttv.com.ar\/index.php\/wp-json\/wp\/v2\/users\/1"}],"replies":[{"embeddable":true,"href":"https:\/\/www.celttv.com.ar\/index.php\/wp-json\/wp\/v2\/comments?post=15888"}],"version-history":[{"count":0,"href":"https:\/\/www.celttv.com.ar\/index.php\/wp-json\/wp\/v2\/posts\/15888\/revisions"}],"wp:attachment":[{"href":"https:\/\/www.celttv.com.ar\/index.php\/wp-json\/wp\/v2\/media?parent=15888"}],"wp:term":[{"taxonomy":"category","embeddable":true,"href":"https:\/\/www.celttv.com.ar\/index.php\/wp-json\/wp\/v2\/categories?post=15888"},{"taxonomy":"post_tag","embeddable":true,"href":"https:\/\/www.celttv.com.ar\/index.php\/wp-json\/wp\/v2\/tags?post=15888"}],"curies":[{"name":"wp","href":"https:\/\/api.w.org\/{rel}","templated":true}]}}