{"id":15892,"date":"2013-11-20T00:08:50","date_gmt":"2013-11-20T00:08:50","guid":{"rendered":"http:\/\/www.tvcnoticias.com.ar\/?p=15892"},"modified":"2013-11-20T00:08:50","modified_gmt":"2013-11-20T00:08:50","slug":"la-orquesta-escuela-realizo-un-concierto-por-el-dia-de-la-musica-fotos-nota-y-proxiamente-videos","status":"publish","type":"post","link":"https:\/\/www.celttv.com.ar\/index.php\/2013\/11\/20\/la-orquesta-escuela-realizo-un-concierto-por-el-dia-de-la-musica-fotos-nota-y-proxiamente-videos\/","title":{"rendered":"LA ORQUESTA ESCUELA REALIZO UN CONCIERTO POR EL DIA DE LA MUSICA (fotos, nota y pr\u00f3ximamente videos)"},"content":{"rendered":"<p>Anticip\u00e1ndose al D\u00eda de la M\u00fasica, la Orquesta Escuela de Tornquist realiz\u00f3 un concierto en su sede de Avda. Gral. Paz al aire libre, aprovechando la estupenda jornada.<br \/>\nFamiliares de los alumnos y allegados a &#8220;la m\u00fasica&#8221; disfrutaron de la evoluci\u00f3n musical que vienen experimentando los jovenes alumnos de la Orquesta Escuela.<br \/>\nCarlos Polak ofici\u00f3 de anunciador y destac\u00f3 la colaboraci\u00f3n de Enrique &#8220;el Tigre&#8221; Santell\u00e1n, quien escribi\u00f3 un poema dedicado a la orquesta escuela.<br \/>\nY lleg\u00f3 el momento de la m\u00fasica que comenz\u00f3 con un d\u00fao de violines a cargo de Micaela Marquez y Amparo M\u00e9ndez; luego el viol\u00edn de Lautaro Aguirre MOntero para regalarnos The Happy Farmer, R. Schumann.<br \/>\nAntonella Mutti, Alejandro Cabrera y Daniela Herrerahicieron lo suyo en viol\u00edn, mientras que D\u00e9bora P\u00e9rez y Fernanda Oro\u00f1o, en d\u00fao de violas, nos regalaaron Obertura Guillermo Tell.<br \/>\nPrimo fritz, Juan Mayol, Agostina Pollio, Martina Romero y Luc\u00eda Andersen hicieron unpopurr\u00ed Suzuki en cuarteto de cellos.<br \/>\nEl d\u00fao de contrabajos a cargo de Nicol\u00e1s Gonzalez y C\u00e9sar Williman dejaron Himno a la Alegr\u00eda y el propio Nicolas Gonzalez ejecut\u00f3 Yesterday y La Pantera Rosa.<br \/>\nDel cierre participaron casi todos los alumnos presentes interpretando &#8220;Tres tangos&#8221;, &#8220;Peque\u00f1a Serenata Nocturna (W. Mozart)<br \/>\ny el chamam\u00e9 &#8220;Km11&#8221;<br \/>\nEl cierre fue a pedido del p\u00fablico ejecutando &#8220;Rock de la Avenida Bergara&#8221;<br \/>\n[audio:http:\/\/www.tvcnoticias.com.ar\/wp-content\/uploads\/2013\/11\/NOTA-CON-GABRIELA-ANTIVERO.mp3|titles=NOTA CON GABRIELA ANTIVERO]<br \/>\n<img loading=\"lazy\" decoding=\"async\" class=\"aligncenter size-full wp-image-15907\" title=\"DSC01541 (Small)\" src=\"http:\/\/www.tvcnoticias.com.ar\/wp-content\/uploads\/2013\/11\/DSC01541-Small.jpg\" alt=\"\" width=\"640\" height=\"480\" \/><\/p>\n","protected":false},"excerpt":{"rendered":"<p>Anticip\u00e1ndose al D\u00eda de la M\u00fasica, la Orquesta Escuela de Tornquist realiz\u00f3 un concierto en su sede de Avda. Gral. Paz al aire libre, aprovechando la estupenda jornada. Familiares de los alumnos y allegados a &#8220;la m\u00fasica&#8221; disfrutaron de la evoluci\u00f3n musical que vienen experimentando los jovenes alumnos de la Orquesta Escuela. Carlos Polak ofici\u00f3 [&hellip;]<\/p>\n","protected":false},"author":1,"featured_media":0,"comment_status":"closed","ping_status":"open","sticky":false,"template":"","format":"standard","meta":{"footnotes":""},"categories":[51,52,56],"tags":[],"class_list":["post-15892","post","type-post","status-publish","format-standard","hentry","category-comunidad","category-destacadas","category-espectaculos"],"yoast_head":"<!-- This site is optimized with the Yoast SEO plugin v19.7.1 - https:\/\/yoast.com\/wordpress\/plugins\/seo\/ -->\n<title>LA ORQUESTA ESCUELA REALIZO UN CONCIERTO POR EL DIA DE LA MUSICA (fotos, nota y pr\u00f3ximamente videos) - CELTTV<\/title>\n<meta name=\"description\" content=\"Sitio web de noticias de la localidad de Tornquist, provincia de Buenos Aires, Rep\u00fablica Argentina. Contenido propio originado por periodistas de CELTTV, el canal de TV local de la Cooperativa El\u00e9ctrica de Tornquist. Turismo, Pol\u00edtica, Sociedad, Deporte, Cultura y todo el contenido de inter\u00e9s general que la gente del pueblo y la regi\u00f3n debe conocer.\" \/>\n<meta name=\"robots\" content=\"index, follow, max-snippet:-1, max-image-preview:large, max-video-preview:-1\" \/>\n<link rel=\"canonical\" href=\"https:\/\/www.celttv.com.ar\/index.php\/2013\/11\/20\/la-orquesta-escuela-realizo-un-concierto-por-el-dia-de-la-musica-fotos-nota-y-proxiamente-videos\/\" \/>\n<meta property=\"og:locale\" content=\"es_ES\" \/>\n<meta property=\"og:type\" content=\"article\" \/>\n<meta property=\"og:title\" content=\"LA ORQUESTA ESCUELA REALIZO UN CONCIERTO POR EL DIA DE LA MUSICA (fotos, nota y pr\u00f3ximamente videos) - CELTTV\" \/>\n<meta property=\"og:description\" content=\"Sitio web de noticias de la localidad de Tornquist, provincia de Buenos Aires, Rep\u00fablica Argentina. Contenido propio originado por periodistas de CELTTV, el canal de TV local de la Cooperativa El\u00e9ctrica de Tornquist. Turismo, Pol\u00edtica, Sociedad, Deporte, Cultura y todo el contenido de inter\u00e9s general que la gente del pueblo y la regi\u00f3n debe conocer.\" \/>\n<meta property=\"og:url\" content=\"https:\/\/www.celttv.com.ar\/index.php\/2013\/11\/20\/la-orquesta-escuela-realizo-un-concierto-por-el-dia-de-la-musica-fotos-nota-y-proxiamente-videos\/\" \/>\n<meta property=\"og:site_name\" content=\"CELTTV\" \/>\n<meta property=\"article:publisher\" content=\"https:\/\/www.facebook.com\/celtTV\/\" \/>\n<meta property=\"article:published_time\" content=\"2013-11-20T00:08:50+00:00\" \/>\n<meta property=\"og:image\" content=\"http:\/\/www.tvcnoticias.com.ar\/wp-content\/uploads\/2013\/11\/DSC01541-Small.jpg\" \/>\n<meta name=\"author\" content=\"ulises\" \/>\n<meta name=\"twitter:card\" content=\"summary_large_image\" \/>\n<meta name=\"twitter:label1\" content=\"Escrito por\" \/>\n\t<meta name=\"twitter:data1\" content=\"ulises\" \/>\n\t<meta name=\"twitter:label2\" content=\"Tiempo de lectura\" \/>\n\t<meta name=\"twitter:data2\" content=\"1 minuto\" \/>\n<script type=\"application\/ld+json\" class=\"yoast-schema-graph\">{\"@context\":\"https:\/\/schema.org\",\"@graph\":[{\"@type\":\"NewsArticle\",\"@id\":\"https:\/\/www.celttv.com.ar\/index.php\/2013\/11\/20\/la-orquesta-escuela-realizo-un-concierto-por-el-dia-de-la-musica-fotos-nota-y-proxiamente-videos\/#article\",\"isPartOf\":{\"@id\":\"https:\/\/www.celttv.com.ar\/index.php\/2013\/11\/20\/la-orquesta-escuela-realizo-un-concierto-por-el-dia-de-la-musica-fotos-nota-y-proxiamente-videos\/\"},\"author\":{\"name\":\"ulises\",\"@id\":\"https:\/\/www.celttv.com.ar\/#\/schema\/person\/6d99c072dba59953809c81446e9d0ace\"},\"headline\":\"LA ORQUESTA ESCUELA REALIZO UN CONCIERTO POR EL DIA DE LA MUSICA (fotos, nota y pr\u00f3ximamente videos)\",\"datePublished\":\"2013-11-20T00:08:50+00:00\",\"dateModified\":\"2013-11-20T00:08:50+00:00\",\"mainEntityOfPage\":{\"@id\":\"https:\/\/www.celttv.com.ar\/index.php\/2013\/11\/20\/la-orquesta-escuela-realizo-un-concierto-por-el-dia-de-la-musica-fotos-nota-y-proxiamente-videos\/\"},\"wordCount\":277,\"publisher\":{\"@id\":\"https:\/\/www.celttv.com.ar\/#organization\"},\"articleSection\":[\"Comunidad\",\"Destacadas\",\"Espect\u00e1culos\"],\"inLanguage\":\"es\"},{\"@type\":\"WebPage\",\"@id\":\"https:\/\/www.celttv.com.ar\/index.php\/2013\/11\/20\/la-orquesta-escuela-realizo-un-concierto-por-el-dia-de-la-musica-fotos-nota-y-proxiamente-videos\/\",\"url\":\"https:\/\/www.celttv.com.ar\/index.php\/2013\/11\/20\/la-orquesta-escuela-realizo-un-concierto-por-el-dia-de-la-musica-fotos-nota-y-proxiamente-videos\/\",\"name\":\"LA ORQUESTA ESCUELA REALIZO UN CONCIERTO POR EL DIA DE LA MUSICA (fotos, nota y pr\u00f3ximamente videos) - CELTTV\",\"isPartOf\":{\"@id\":\"https:\/\/www.celttv.com.ar\/#website\"},\"datePublished\":\"2013-11-20T00:08:50+00:00\",\"dateModified\":\"2013-11-20T00:08:50+00:00\",\"description\":\"Sitio web de noticias de la localidad de Tornquist, provincia de Buenos Aires, Rep\u00fablica Argentina. Contenido propio originado por periodistas de CELTTV, el canal de TV local de la Cooperativa El\u00e9ctrica de Tornquist. Turismo, Pol\u00edtica, Sociedad, Deporte, Cultura y todo el contenido de inter\u00e9s general que la gente del pueblo y la regi\u00f3n debe conocer.\",\"breadcrumb\":{\"@id\":\"https:\/\/www.celttv.com.ar\/index.php\/2013\/11\/20\/la-orquesta-escuela-realizo-un-concierto-por-el-dia-de-la-musica-fotos-nota-y-proxiamente-videos\/#breadcrumb\"},\"inLanguage\":\"es\",\"potentialAction\":[{\"@type\":\"ReadAction\",\"target\":[\"https:\/\/www.celttv.com.ar\/index.php\/2013\/11\/20\/la-orquesta-escuela-realizo-un-concierto-por-el-dia-de-la-musica-fotos-nota-y-proxiamente-videos\/\"]}]},{\"@type\":\"BreadcrumbList\",\"@id\":\"https:\/\/www.celttv.com.ar\/index.php\/2013\/11\/20\/la-orquesta-escuela-realizo-un-concierto-por-el-dia-de-la-musica-fotos-nota-y-proxiamente-videos\/#breadcrumb\",\"itemListElement\":[{\"@type\":\"ListItem\",\"position\":1,\"name\":\"Inicio\",\"item\":\"https:\/\/www.celttv.com.ar\/\"},{\"@type\":\"ListItem\",\"position\":2,\"name\":\"LA ORQUESTA ESCUELA REALIZO UN CONCIERTO POR EL DIA DE LA MUSICA (fotos, nota y pr\u00f3ximamente videos)\"}]},{\"@type\":\"WebSite\",\"@id\":\"https:\/\/www.celttv.com.ar\/#website\",\"url\":\"https:\/\/www.celttv.com.ar\/\",\"name\":\"CELTTV\",\"description\":\"Cooperativa El\u00e9ctrica de Tornquist\",\"publisher\":{\"@id\":\"https:\/\/www.celttv.com.ar\/#organization\"},\"potentialAction\":[{\"@type\":\"SearchAction\",\"target\":{\"@type\":\"EntryPoint\",\"urlTemplate\":\"https:\/\/www.celttv.com.ar\/?s={search_term_string}\"},\"query-input\":\"required name=search_term_string\"}],\"inLanguage\":\"es\"},{\"@type\":\"Organization\",\"@id\":\"https:\/\/www.celttv.com.ar\/#organization\",\"name\":\"CELTTV\",\"url\":\"https:\/\/www.celttv.com.ar\/\",\"sameAs\":[\"https:\/\/www.youtube.com\/channel\/UCz_oIt8Hig64Ub-EmcNPIhg\",\"https:\/\/www.facebook.com\/celtTV\/\"],\"logo\":{\"@type\":\"ImageObject\",\"inLanguage\":\"es\",\"@id\":\"https:\/\/www.celttv.com.ar\/#\/schema\/logo\/image\/\",\"url\":\"http:\/\/www.celttv.com.ar\/wp-content\/uploads\/2022\/08\/logo-1.png\",\"contentUrl\":\"http:\/\/www.celttv.com.ar\/wp-content\/uploads\/2022\/08\/logo-1.png\",\"width\":461,\"height\":159,\"caption\":\"CELTTV\"},\"image\":{\"@id\":\"https:\/\/www.celttv.com.ar\/#\/schema\/logo\/image\/\"}},{\"@type\":\"Person\",\"@id\":\"https:\/\/www.celttv.com.ar\/#\/schema\/person\/6d99c072dba59953809c81446e9d0ace\",\"name\":\"ulises\",\"image\":{\"@type\":\"ImageObject\",\"inLanguage\":\"es\",\"@id\":\"https:\/\/www.celttv.com.ar\/#\/schema\/person\/image\/\",\"url\":\"https:\/\/secure.gravatar.com\/avatar\/7f2c48bdc33b30088f941fb6082e555f2874c98e20cb159d7b92b50eadfce793?s=96&d=mm&r=g\",\"contentUrl\":\"https:\/\/secure.gravatar.com\/avatar\/7f2c48bdc33b30088f941fb6082e555f2874c98e20cb159d7b92b50eadfce793?s=96&d=mm&r=g\",\"caption\":\"ulises\"},\"sameAs\":[\"http:\/\/www.celttv.com.ar\"]}]}<\/script>\n<!-- \/ Yoast SEO plugin. -->","yoast_head_json":{"title":"LA ORQUESTA ESCUELA REALIZO UN CONCIERTO POR EL DIA DE LA MUSICA (fotos, nota y pr\u00f3ximamente videos) - CELTTV","description":"Sitio web de noticias de la localidad de Tornquist, provincia de Buenos Aires, Rep\u00fablica Argentina. Contenido propio originado por periodistas de CELTTV, el canal de TV local de la Cooperativa El\u00e9ctrica de Tornquist. Turismo, Pol\u00edtica, Sociedad, Deporte, Cultura y todo el contenido de inter\u00e9s general que la gente del pueblo y la regi\u00f3n debe conocer.","robots":{"index":"index","follow":"follow","max-snippet":"max-snippet:-1","max-image-preview":"max-image-preview:large","max-video-preview":"max-video-preview:-1"},"canonical":"https:\/\/www.celttv.com.ar\/index.php\/2013\/11\/20\/la-orquesta-escuela-realizo-un-concierto-por-el-dia-de-la-musica-fotos-nota-y-proxiamente-videos\/","og_locale":"es_ES","og_type":"article","og_title":"LA ORQUESTA ESCUELA REALIZO UN CONCIERTO POR EL DIA DE LA MUSICA (fotos, nota y pr\u00f3ximamente videos) - CELTTV","og_description":"Sitio web de noticias de la localidad de Tornquist, provincia de Buenos Aires, Rep\u00fablica Argentina. Contenido propio originado por periodistas de CELTTV, el canal de TV local de la Cooperativa El\u00e9ctrica de Tornquist. Turismo, Pol\u00edtica, Sociedad, Deporte, Cultura y todo el contenido de inter\u00e9s general que la gente del pueblo y la regi\u00f3n debe conocer.","og_url":"https:\/\/www.celttv.com.ar\/index.php\/2013\/11\/20\/la-orquesta-escuela-realizo-un-concierto-por-el-dia-de-la-musica-fotos-nota-y-proxiamente-videos\/","og_site_name":"CELTTV","article_publisher":"https:\/\/www.facebook.com\/celtTV\/","article_published_time":"2013-11-20T00:08:50+00:00","og_image":[{"url":"http:\/\/www.tvcnoticias.com.ar\/wp-content\/uploads\/2013\/11\/DSC01541-Small.jpg"}],"author":"ulises","twitter_card":"summary_large_image","twitter_misc":{"Escrito por":"ulises","Tiempo de lectura":"1 minuto"},"schema":{"@context":"https:\/\/schema.org","@graph":[{"@type":"NewsArticle","@id":"https:\/\/www.celttv.com.ar\/index.php\/2013\/11\/20\/la-orquesta-escuela-realizo-un-concierto-por-el-dia-de-la-musica-fotos-nota-y-proxiamente-videos\/#article","isPartOf":{"@id":"https:\/\/www.celttv.com.ar\/index.php\/2013\/11\/20\/la-orquesta-escuela-realizo-un-concierto-por-el-dia-de-la-musica-fotos-nota-y-proxiamente-videos\/"},"author":{"name":"ulises","@id":"https:\/\/www.celttv.com.ar\/#\/schema\/person\/6d99c072dba59953809c81446e9d0ace"},"headline":"LA ORQUESTA ESCUELA REALIZO UN CONCIERTO POR EL DIA DE LA MUSICA (fotos, nota y pr\u00f3ximamente videos)","datePublished":"2013-11-20T00:08:50+00:00","dateModified":"2013-11-20T00:08:50+00:00","mainEntityOfPage":{"@id":"https:\/\/www.celttv.com.ar\/index.php\/2013\/11\/20\/la-orquesta-escuela-realizo-un-concierto-por-el-dia-de-la-musica-fotos-nota-y-proxiamente-videos\/"},"wordCount":277,"publisher":{"@id":"https:\/\/www.celttv.com.ar\/#organization"},"articleSection":["Comunidad","Destacadas","Espect\u00e1culos"],"inLanguage":"es"},{"@type":"WebPage","@id":"https:\/\/www.celttv.com.ar\/index.php\/2013\/11\/20\/la-orquesta-escuela-realizo-un-concierto-por-el-dia-de-la-musica-fotos-nota-y-proxiamente-videos\/","url":"https:\/\/www.celttv.com.ar\/index.php\/2013\/11\/20\/la-orquesta-escuela-realizo-un-concierto-por-el-dia-de-la-musica-fotos-nota-y-proxiamente-videos\/","name":"LA ORQUESTA ESCUELA REALIZO UN CONCIERTO POR EL DIA DE LA MUSICA (fotos, nota y pr\u00f3ximamente videos) - CELTTV","isPartOf":{"@id":"https:\/\/www.celttv.com.ar\/#website"},"datePublished":"2013-11-20T00:08:50+00:00","dateModified":"2013-11-20T00:08:50+00:00","description":"Sitio web de noticias de la localidad de Tornquist, provincia de Buenos Aires, Rep\u00fablica Argentina. Contenido propio originado por periodistas de CELTTV, el canal de TV local de la Cooperativa El\u00e9ctrica de Tornquist. Turismo, Pol\u00edtica, Sociedad, Deporte, Cultura y todo el contenido de inter\u00e9s general que la gente del pueblo y la regi\u00f3n debe conocer.","breadcrumb":{"@id":"https:\/\/www.celttv.com.ar\/index.php\/2013\/11\/20\/la-orquesta-escuela-realizo-un-concierto-por-el-dia-de-la-musica-fotos-nota-y-proxiamente-videos\/#breadcrumb"},"inLanguage":"es","potentialAction":[{"@type":"ReadAction","target":["https:\/\/www.celttv.com.ar\/index.php\/2013\/11\/20\/la-orquesta-escuela-realizo-un-concierto-por-el-dia-de-la-musica-fotos-nota-y-proxiamente-videos\/"]}]},{"@type":"BreadcrumbList","@id":"https:\/\/www.celttv.com.ar\/index.php\/2013\/11\/20\/la-orquesta-escuela-realizo-un-concierto-por-el-dia-de-la-musica-fotos-nota-y-proxiamente-videos\/#breadcrumb","itemListElement":[{"@type":"ListItem","position":1,"name":"Inicio","item":"https:\/\/www.celttv.com.ar\/"},{"@type":"ListItem","position":2,"name":"LA ORQUESTA ESCUELA REALIZO UN CONCIERTO POR EL DIA DE LA MUSICA (fotos, nota y pr\u00f3ximamente videos)"}]},{"@type":"WebSite","@id":"https:\/\/www.celttv.com.ar\/#website","url":"https:\/\/www.celttv.com.ar\/","name":"CELTTV","description":"Cooperativa El\u00e9ctrica de Tornquist","publisher":{"@id":"https:\/\/www.celttv.com.ar\/#organization"},"potentialAction":[{"@type":"SearchAction","target":{"@type":"EntryPoint","urlTemplate":"https:\/\/www.celttv.com.ar\/?s={search_term_string}"},"query-input":"required name=search_term_string"}],"inLanguage":"es"},{"@type":"Organization","@id":"https:\/\/www.celttv.com.ar\/#organization","name":"CELTTV","url":"https:\/\/www.celttv.com.ar\/","sameAs":["https:\/\/www.youtube.com\/channel\/UCz_oIt8Hig64Ub-EmcNPIhg","https:\/\/www.facebook.com\/celtTV\/"],"logo":{"@type":"ImageObject","inLanguage":"es","@id":"https:\/\/www.celttv.com.ar\/#\/schema\/logo\/image\/","url":"http:\/\/www.celttv.com.ar\/wp-content\/uploads\/2022\/08\/logo-1.png","contentUrl":"http:\/\/www.celttv.com.ar\/wp-content\/uploads\/2022\/08\/logo-1.png","width":461,"height":159,"caption":"CELTTV"},"image":{"@id":"https:\/\/www.celttv.com.ar\/#\/schema\/logo\/image\/"}},{"@type":"Person","@id":"https:\/\/www.celttv.com.ar\/#\/schema\/person\/6d99c072dba59953809c81446e9d0ace","name":"ulises","image":{"@type":"ImageObject","inLanguage":"es","@id":"https:\/\/www.celttv.com.ar\/#\/schema\/person\/image\/","url":"https:\/\/secure.gravatar.com\/avatar\/7f2c48bdc33b30088f941fb6082e555f2874c98e20cb159d7b92b50eadfce793?s=96&d=mm&r=g","contentUrl":"https:\/\/secure.gravatar.com\/avatar\/7f2c48bdc33b30088f941fb6082e555f2874c98e20cb159d7b92b50eadfce793?s=96&d=mm&r=g","caption":"ulises"},"sameAs":["http:\/\/www.celttv.com.ar"]}]}},"_links":{"self":[{"href":"https:\/\/www.celttv.com.ar\/index.php\/wp-json\/wp\/v2\/posts\/15892","targetHints":{"allow":["GET"]}}],"collection":[{"href":"https:\/\/www.celttv.com.ar\/index.php\/wp-json\/wp\/v2\/posts"}],"about":[{"href":"https:\/\/www.celttv.com.ar\/index.php\/wp-json\/wp\/v2\/types\/post"}],"author":[{"embeddable":true,"href":"https:\/\/www.celttv.com.ar\/index.php\/wp-json\/wp\/v2\/users\/1"}],"replies":[{"embeddable":true,"href":"https:\/\/www.celttv.com.ar\/index.php\/wp-json\/wp\/v2\/comments?post=15892"}],"version-history":[{"count":0,"href":"https:\/\/www.celttv.com.ar\/index.php\/wp-json\/wp\/v2\/posts\/15892\/revisions"}],"wp:attachment":[{"href":"https:\/\/www.celttv.com.ar\/index.php\/wp-json\/wp\/v2\/media?parent=15892"}],"wp:term":[{"taxonomy":"category","embeddable":true,"href":"https:\/\/www.celttv.com.ar\/index.php\/wp-json\/wp\/v2\/categories?post=15892"},{"taxonomy":"post_tag","embeddable":true,"href":"https:\/\/www.celttv.com.ar\/index.php\/wp-json\/wp\/v2\/tags?post=15892"}],"curies":[{"name":"wp","href":"https:\/\/api.w.org\/{rel}","templated":true}]}}