{"id":15912,"date":"2013-11-20T13:38:30","date_gmt":"2013-11-20T13:38:30","guid":{"rendered":"http:\/\/www.tvcnoticias.com.ar\/?p=15912"},"modified":"2013-11-20T13:38:30","modified_gmt":"2013-11-20T13:38:30","slug":"la-senda-peatonal-de-tornquist-no-detiene-su-marcha","status":"publish","type":"post","link":"https:\/\/www.celttv.com.ar\/index.php\/2013\/11\/20\/la-senda-peatonal-de-tornquist-no-detiene-su-marcha\/","title":{"rendered":"LA SENDA PEATONAL DE TORNQUIST NO DETIENE SU MARCHA"},"content":{"rendered":"<p><img loading=\"lazy\" decoding=\"async\" class=\"aligncenter size-full wp-image-15914\" title=\"P1040364 (960x1280) (Small)\" src=\"http:\/\/www.tvcnoticias.com.ar\/wp-content\/uploads\/2013\/11\/P1040364-960x1280-Small.jpg\" alt=\"\" width=\"360\" height=\"480\" \/><br \/>\nDe acuerdo con el plan de trabajo dise\u00f1ado oportunamente, en la ma\u00f1ana de hoy continuaron las tareas de hormigonado en la senda peatonal que se est\u00e1 construyendo en el acceso a Tornquist por la ruta provincial 76.<br \/>\n\u201cLlegamos aproximadamente a los 700 metros lineales de construcci\u00f3n. En este caso, estuvimos hormigonando un sector del recorrido que no tiene que ver con el acceso de los veh\u00edculos a los inmuebles, teniendo en cuenta que en esos sectores utilizamos un hormig\u00f3n especialmente dise\u00f1ado para tr\u00e1nsito vehicular\u201d, explic\u00f3 la arquitecta Anabella Madue\u00f1a, secretaria de Obras y Servicios P\u00fablicos de la Municipalidad de Tornquist.<br \/>\n\u201cEst\u00e1 quedando muy lindo y ser\u00e1 un sector seguro para el tr\u00e1nsito de ciclistas y peatones. A medida que avanza el recorrido se va observando la forma que tendr\u00e1\u201d, a\u00f1adi\u00f3.<br \/>\nLa obra embellecer\u00e1 considerablemente uno de los ingresos a la ciudad cabecera del distrito, mejorar\u00e1 la infraestructura de un sector que los vecinos utilizan para realizar actividades deportivas o de esparcimiento y conectar\u00e1n el edificio donde funcionan la Escuela Secundaria T\u00e9cnica y el Centro de Formaci\u00f3n Profesional (ex Hogar Ceferino Namuncur\u00e1) con la planta urbana.<br \/>\n\u201cSon aproximadamente dos mil metros desde la rotonda al cementerio, aunque debemos agregarle otro tramo para conectarla con la bicisenda existente. Tenemos que estudiar bien cu\u00e1l es la mejor forma, si pegarla al muro del cementerio o alejarla un poco, porque tambi\u00e9n tenemos el estacionamiento de autos en ese tramo. En total son unos 2.200 metros\u201d, se\u00f1al\u00f3.<br \/>\n\u201cLa senda peatonal estar\u00e1 acompa\u00f1ada por iluminaci\u00f3n, que tendr\u00e1 una distancia aproximada de 23 metros entre columnas y ser\u00e1 un complemento interesante para el acceso y los inmuebles del lugar\u201d, consider\u00f3 Madue\u00f1a.<br \/>\nLa funcionaria municipal recalc\u00f3 que los vecinos del sector deber\u00e1n tener paciencia mientras se ejecuta la obra.<br \/>\n\u201cLe pedimos un poco de paciencia a los frentistas, porque cada vez que se hormigona en los accesos, debemos esperar aproximadamente un mes para el fraguado. Es necesario cumplir con ese proceso, porque de lo contrario estar\u00edamos perjudicando la obra\u201d, enfatiz\u00f3.<br \/>\nLos trabajos de construcci\u00f3n de la senda continuar\u00e1n en los pr\u00f3ximos d\u00edas, con otra etapa de hormigonado.<br \/>\n&nbsp;<\/p>\n","protected":false},"excerpt":{"rendered":"<p>De acuerdo con el plan de trabajo dise\u00f1ado oportunamente, en la ma\u00f1ana de hoy continuaron las tareas de hormigonado en la senda peatonal que se est\u00e1 construyendo en el acceso a Tornquist por la ruta provincial 76. \u201cLlegamos aproximadamente a los 700 metros lineales de construcci\u00f3n. En este caso, estuvimos hormigonando un sector del recorrido [&hellip;]<\/p>\n","protected":false},"author":1,"featured_media":0,"comment_status":"closed","ping_status":"open","sticky":false,"template":"","format":"standard","meta":{"footnotes":""},"categories":[51,52,53],"tags":[],"class_list":["post-15912","post","type-post","status-publish","format-standard","hentry","category-comunidad","category-destacadas","category-politica"],"yoast_head":"<!-- This site is optimized with the Yoast SEO plugin v19.7.1 - https:\/\/yoast.com\/wordpress\/plugins\/seo\/ -->\n<title>LA SENDA PEATONAL DE TORNQUIST NO DETIENE SU MARCHA - CELTTV<\/title>\n<meta name=\"description\" content=\"Sitio web de noticias de la localidad de Tornquist, provincia de Buenos Aires, Rep\u00fablica Argentina. Contenido propio originado por periodistas de CELTTV, el canal de TV local de la Cooperativa El\u00e9ctrica de Tornquist. Turismo, Pol\u00edtica, Sociedad, Deporte, Cultura y todo el contenido de inter\u00e9s general que la gente del pueblo y la regi\u00f3n debe conocer.\" \/>\n<meta name=\"robots\" content=\"index, follow, max-snippet:-1, max-image-preview:large, max-video-preview:-1\" \/>\n<link rel=\"canonical\" href=\"https:\/\/www.celttv.com.ar\/index.php\/2013\/11\/20\/la-senda-peatonal-de-tornquist-no-detiene-su-marcha\/\" \/>\n<meta property=\"og:locale\" content=\"es_ES\" \/>\n<meta property=\"og:type\" content=\"article\" \/>\n<meta property=\"og:title\" content=\"LA SENDA PEATONAL DE TORNQUIST NO DETIENE SU MARCHA - CELTTV\" \/>\n<meta property=\"og:description\" content=\"Sitio web de noticias de la localidad de Tornquist, provincia de Buenos Aires, Rep\u00fablica Argentina. Contenido propio originado por periodistas de CELTTV, el canal de TV local de la Cooperativa El\u00e9ctrica de Tornquist. Turismo, Pol\u00edtica, Sociedad, Deporte, Cultura y todo el contenido de inter\u00e9s general que la gente del pueblo y la regi\u00f3n debe conocer.\" \/>\n<meta property=\"og:url\" content=\"https:\/\/www.celttv.com.ar\/index.php\/2013\/11\/20\/la-senda-peatonal-de-tornquist-no-detiene-su-marcha\/\" \/>\n<meta property=\"og:site_name\" content=\"CELTTV\" \/>\n<meta property=\"article:publisher\" content=\"https:\/\/www.facebook.com\/celtTV\/\" \/>\n<meta property=\"article:published_time\" content=\"2013-11-20T13:38:30+00:00\" \/>\n<meta property=\"og:image\" content=\"http:\/\/www.tvcnoticias.com.ar\/wp-content\/uploads\/2013\/11\/P1040364-960x1280-Small.jpg\" \/>\n<meta name=\"author\" content=\"ulises\" \/>\n<meta name=\"twitter:card\" content=\"summary_large_image\" \/>\n<meta name=\"twitter:label1\" content=\"Escrito por\" \/>\n\t<meta name=\"twitter:data1\" content=\"ulises\" \/>\n\t<meta name=\"twitter:label2\" content=\"Tiempo de lectura\" \/>\n\t<meta name=\"twitter:data2\" content=\"2 minutos\" \/>\n<script type=\"application\/ld+json\" class=\"yoast-schema-graph\">{\"@context\":\"https:\/\/schema.org\",\"@graph\":[{\"@type\":\"NewsArticle\",\"@id\":\"https:\/\/www.celttv.com.ar\/index.php\/2013\/11\/20\/la-senda-peatonal-de-tornquist-no-detiene-su-marcha\/#article\",\"isPartOf\":{\"@id\":\"https:\/\/www.celttv.com.ar\/index.php\/2013\/11\/20\/la-senda-peatonal-de-tornquist-no-detiene-su-marcha\/\"},\"author\":{\"name\":\"ulises\",\"@id\":\"https:\/\/www.celttv.com.ar\/#\/schema\/person\/6d99c072dba59953809c81446e9d0ace\"},\"headline\":\"LA SENDA PEATONAL DE TORNQUIST NO DETIENE SU MARCHA\",\"datePublished\":\"2013-11-20T13:38:30+00:00\",\"dateModified\":\"2013-11-20T13:38:30+00:00\",\"mainEntityOfPage\":{\"@id\":\"https:\/\/www.celttv.com.ar\/index.php\/2013\/11\/20\/la-senda-peatonal-de-tornquist-no-detiene-su-marcha\/\"},\"wordCount\":385,\"publisher\":{\"@id\":\"https:\/\/www.celttv.com.ar\/#organization\"},\"articleSection\":[\"Comunidad\",\"Destacadas\",\"Pol\u00edtica\"],\"inLanguage\":\"es\"},{\"@type\":\"WebPage\",\"@id\":\"https:\/\/www.celttv.com.ar\/index.php\/2013\/11\/20\/la-senda-peatonal-de-tornquist-no-detiene-su-marcha\/\",\"url\":\"https:\/\/www.celttv.com.ar\/index.php\/2013\/11\/20\/la-senda-peatonal-de-tornquist-no-detiene-su-marcha\/\",\"name\":\"LA SENDA PEATONAL DE TORNQUIST NO DETIENE SU MARCHA - CELTTV\",\"isPartOf\":{\"@id\":\"https:\/\/www.celttv.com.ar\/#website\"},\"datePublished\":\"2013-11-20T13:38:30+00:00\",\"dateModified\":\"2013-11-20T13:38:30+00:00\",\"description\":\"Sitio web de noticias de la localidad de Tornquist, provincia de Buenos Aires, Rep\u00fablica Argentina. Contenido propio originado por periodistas de CELTTV, el canal de TV local de la Cooperativa El\u00e9ctrica de Tornquist. Turismo, Pol\u00edtica, Sociedad, Deporte, Cultura y todo el contenido de inter\u00e9s general que la gente del pueblo y la regi\u00f3n debe conocer.\",\"breadcrumb\":{\"@id\":\"https:\/\/www.celttv.com.ar\/index.php\/2013\/11\/20\/la-senda-peatonal-de-tornquist-no-detiene-su-marcha\/#breadcrumb\"},\"inLanguage\":\"es\",\"potentialAction\":[{\"@type\":\"ReadAction\",\"target\":[\"https:\/\/www.celttv.com.ar\/index.php\/2013\/11\/20\/la-senda-peatonal-de-tornquist-no-detiene-su-marcha\/\"]}]},{\"@type\":\"BreadcrumbList\",\"@id\":\"https:\/\/www.celttv.com.ar\/index.php\/2013\/11\/20\/la-senda-peatonal-de-tornquist-no-detiene-su-marcha\/#breadcrumb\",\"itemListElement\":[{\"@type\":\"ListItem\",\"position\":1,\"name\":\"Inicio\",\"item\":\"https:\/\/www.celttv.com.ar\/\"},{\"@type\":\"ListItem\",\"position\":2,\"name\":\"LA SENDA PEATONAL DE TORNQUIST NO DETIENE SU MARCHA\"}]},{\"@type\":\"WebSite\",\"@id\":\"https:\/\/www.celttv.com.ar\/#website\",\"url\":\"https:\/\/www.celttv.com.ar\/\",\"name\":\"CELTTV\",\"description\":\"Cooperativa El\u00e9ctrica de Tornquist\",\"publisher\":{\"@id\":\"https:\/\/www.celttv.com.ar\/#organization\"},\"potentialAction\":[{\"@type\":\"SearchAction\",\"target\":{\"@type\":\"EntryPoint\",\"urlTemplate\":\"https:\/\/www.celttv.com.ar\/?s={search_term_string}\"},\"query-input\":\"required name=search_term_string\"}],\"inLanguage\":\"es\"},{\"@type\":\"Organization\",\"@id\":\"https:\/\/www.celttv.com.ar\/#organization\",\"name\":\"CELTTV\",\"url\":\"https:\/\/www.celttv.com.ar\/\",\"sameAs\":[\"https:\/\/www.youtube.com\/channel\/UCz_oIt8Hig64Ub-EmcNPIhg\",\"https:\/\/www.facebook.com\/celtTV\/\"],\"logo\":{\"@type\":\"ImageObject\",\"inLanguage\":\"es\",\"@id\":\"https:\/\/www.celttv.com.ar\/#\/schema\/logo\/image\/\",\"url\":\"http:\/\/www.celttv.com.ar\/wp-content\/uploads\/2022\/08\/logo-1.png\",\"contentUrl\":\"http:\/\/www.celttv.com.ar\/wp-content\/uploads\/2022\/08\/logo-1.png\",\"width\":461,\"height\":159,\"caption\":\"CELTTV\"},\"image\":{\"@id\":\"https:\/\/www.celttv.com.ar\/#\/schema\/logo\/image\/\"}},{\"@type\":\"Person\",\"@id\":\"https:\/\/www.celttv.com.ar\/#\/schema\/person\/6d99c072dba59953809c81446e9d0ace\",\"name\":\"ulises\",\"image\":{\"@type\":\"ImageObject\",\"inLanguage\":\"es\",\"@id\":\"https:\/\/www.celttv.com.ar\/#\/schema\/person\/image\/\",\"url\":\"https:\/\/secure.gravatar.com\/avatar\/7f2c48bdc33b30088f941fb6082e555f2874c98e20cb159d7b92b50eadfce793?s=96&d=mm&r=g\",\"contentUrl\":\"https:\/\/secure.gravatar.com\/avatar\/7f2c48bdc33b30088f941fb6082e555f2874c98e20cb159d7b92b50eadfce793?s=96&d=mm&r=g\",\"caption\":\"ulises\"},\"sameAs\":[\"http:\/\/www.celttv.com.ar\"]}]}<\/script>\n<!-- \/ Yoast SEO plugin. -->","yoast_head_json":{"title":"LA SENDA PEATONAL DE TORNQUIST NO DETIENE SU MARCHA - CELTTV","description":"Sitio web de noticias de la localidad de Tornquist, provincia de Buenos Aires, Rep\u00fablica Argentina. Contenido propio originado por periodistas de CELTTV, el canal de TV local de la Cooperativa El\u00e9ctrica de Tornquist. Turismo, Pol\u00edtica, Sociedad, Deporte, Cultura y todo el contenido de inter\u00e9s general que la gente del pueblo y la regi\u00f3n debe conocer.","robots":{"index":"index","follow":"follow","max-snippet":"max-snippet:-1","max-image-preview":"max-image-preview:large","max-video-preview":"max-video-preview:-1"},"canonical":"https:\/\/www.celttv.com.ar\/index.php\/2013\/11\/20\/la-senda-peatonal-de-tornquist-no-detiene-su-marcha\/","og_locale":"es_ES","og_type":"article","og_title":"LA SENDA PEATONAL DE TORNQUIST NO DETIENE SU MARCHA - CELTTV","og_description":"Sitio web de noticias de la localidad de Tornquist, provincia de Buenos Aires, Rep\u00fablica Argentina. Contenido propio originado por periodistas de CELTTV, el canal de TV local de la Cooperativa El\u00e9ctrica de Tornquist. Turismo, Pol\u00edtica, Sociedad, Deporte, Cultura y todo el contenido de inter\u00e9s general que la gente del pueblo y la regi\u00f3n debe conocer.","og_url":"https:\/\/www.celttv.com.ar\/index.php\/2013\/11\/20\/la-senda-peatonal-de-tornquist-no-detiene-su-marcha\/","og_site_name":"CELTTV","article_publisher":"https:\/\/www.facebook.com\/celtTV\/","article_published_time":"2013-11-20T13:38:30+00:00","og_image":[{"url":"http:\/\/www.tvcnoticias.com.ar\/wp-content\/uploads\/2013\/11\/P1040364-960x1280-Small.jpg"}],"author":"ulises","twitter_card":"summary_large_image","twitter_misc":{"Escrito por":"ulises","Tiempo de lectura":"2 minutos"},"schema":{"@context":"https:\/\/schema.org","@graph":[{"@type":"NewsArticle","@id":"https:\/\/www.celttv.com.ar\/index.php\/2013\/11\/20\/la-senda-peatonal-de-tornquist-no-detiene-su-marcha\/#article","isPartOf":{"@id":"https:\/\/www.celttv.com.ar\/index.php\/2013\/11\/20\/la-senda-peatonal-de-tornquist-no-detiene-su-marcha\/"},"author":{"name":"ulises","@id":"https:\/\/www.celttv.com.ar\/#\/schema\/person\/6d99c072dba59953809c81446e9d0ace"},"headline":"LA SENDA PEATONAL DE TORNQUIST NO DETIENE SU MARCHA","datePublished":"2013-11-20T13:38:30+00:00","dateModified":"2013-11-20T13:38:30+00:00","mainEntityOfPage":{"@id":"https:\/\/www.celttv.com.ar\/index.php\/2013\/11\/20\/la-senda-peatonal-de-tornquist-no-detiene-su-marcha\/"},"wordCount":385,"publisher":{"@id":"https:\/\/www.celttv.com.ar\/#organization"},"articleSection":["Comunidad","Destacadas","Pol\u00edtica"],"inLanguage":"es"},{"@type":"WebPage","@id":"https:\/\/www.celttv.com.ar\/index.php\/2013\/11\/20\/la-senda-peatonal-de-tornquist-no-detiene-su-marcha\/","url":"https:\/\/www.celttv.com.ar\/index.php\/2013\/11\/20\/la-senda-peatonal-de-tornquist-no-detiene-su-marcha\/","name":"LA SENDA PEATONAL DE TORNQUIST NO DETIENE SU MARCHA - CELTTV","isPartOf":{"@id":"https:\/\/www.celttv.com.ar\/#website"},"datePublished":"2013-11-20T13:38:30+00:00","dateModified":"2013-11-20T13:38:30+00:00","description":"Sitio web de noticias de la localidad de Tornquist, provincia de Buenos Aires, Rep\u00fablica Argentina. Contenido propio originado por periodistas de CELTTV, el canal de TV local de la Cooperativa El\u00e9ctrica de Tornquist. Turismo, Pol\u00edtica, Sociedad, Deporte, Cultura y todo el contenido de inter\u00e9s general que la gente del pueblo y la regi\u00f3n debe conocer.","breadcrumb":{"@id":"https:\/\/www.celttv.com.ar\/index.php\/2013\/11\/20\/la-senda-peatonal-de-tornquist-no-detiene-su-marcha\/#breadcrumb"},"inLanguage":"es","potentialAction":[{"@type":"ReadAction","target":["https:\/\/www.celttv.com.ar\/index.php\/2013\/11\/20\/la-senda-peatonal-de-tornquist-no-detiene-su-marcha\/"]}]},{"@type":"BreadcrumbList","@id":"https:\/\/www.celttv.com.ar\/index.php\/2013\/11\/20\/la-senda-peatonal-de-tornquist-no-detiene-su-marcha\/#breadcrumb","itemListElement":[{"@type":"ListItem","position":1,"name":"Inicio","item":"https:\/\/www.celttv.com.ar\/"},{"@type":"ListItem","position":2,"name":"LA SENDA PEATONAL DE TORNQUIST NO DETIENE SU MARCHA"}]},{"@type":"WebSite","@id":"https:\/\/www.celttv.com.ar\/#website","url":"https:\/\/www.celttv.com.ar\/","name":"CELTTV","description":"Cooperativa El\u00e9ctrica de Tornquist","publisher":{"@id":"https:\/\/www.celttv.com.ar\/#organization"},"potentialAction":[{"@type":"SearchAction","target":{"@type":"EntryPoint","urlTemplate":"https:\/\/www.celttv.com.ar\/?s={search_term_string}"},"query-input":"required name=search_term_string"}],"inLanguage":"es"},{"@type":"Organization","@id":"https:\/\/www.celttv.com.ar\/#organization","name":"CELTTV","url":"https:\/\/www.celttv.com.ar\/","sameAs":["https:\/\/www.youtube.com\/channel\/UCz_oIt8Hig64Ub-EmcNPIhg","https:\/\/www.facebook.com\/celtTV\/"],"logo":{"@type":"ImageObject","inLanguage":"es","@id":"https:\/\/www.celttv.com.ar\/#\/schema\/logo\/image\/","url":"http:\/\/www.celttv.com.ar\/wp-content\/uploads\/2022\/08\/logo-1.png","contentUrl":"http:\/\/www.celttv.com.ar\/wp-content\/uploads\/2022\/08\/logo-1.png","width":461,"height":159,"caption":"CELTTV"},"image":{"@id":"https:\/\/www.celttv.com.ar\/#\/schema\/logo\/image\/"}},{"@type":"Person","@id":"https:\/\/www.celttv.com.ar\/#\/schema\/person\/6d99c072dba59953809c81446e9d0ace","name":"ulises","image":{"@type":"ImageObject","inLanguage":"es","@id":"https:\/\/www.celttv.com.ar\/#\/schema\/person\/image\/","url":"https:\/\/secure.gravatar.com\/avatar\/7f2c48bdc33b30088f941fb6082e555f2874c98e20cb159d7b92b50eadfce793?s=96&d=mm&r=g","contentUrl":"https:\/\/secure.gravatar.com\/avatar\/7f2c48bdc33b30088f941fb6082e555f2874c98e20cb159d7b92b50eadfce793?s=96&d=mm&r=g","caption":"ulises"},"sameAs":["http:\/\/www.celttv.com.ar"]}]}},"_links":{"self":[{"href":"https:\/\/www.celttv.com.ar\/index.php\/wp-json\/wp\/v2\/posts\/15912","targetHints":{"allow":["GET"]}}],"collection":[{"href":"https:\/\/www.celttv.com.ar\/index.php\/wp-json\/wp\/v2\/posts"}],"about":[{"href":"https:\/\/www.celttv.com.ar\/index.php\/wp-json\/wp\/v2\/types\/post"}],"author":[{"embeddable":true,"href":"https:\/\/www.celttv.com.ar\/index.php\/wp-json\/wp\/v2\/users\/1"}],"replies":[{"embeddable":true,"href":"https:\/\/www.celttv.com.ar\/index.php\/wp-json\/wp\/v2\/comments?post=15912"}],"version-history":[{"count":0,"href":"https:\/\/www.celttv.com.ar\/index.php\/wp-json\/wp\/v2\/posts\/15912\/revisions"}],"wp:attachment":[{"href":"https:\/\/www.celttv.com.ar\/index.php\/wp-json\/wp\/v2\/media?parent=15912"}],"wp:term":[{"taxonomy":"category","embeddable":true,"href":"https:\/\/www.celttv.com.ar\/index.php\/wp-json\/wp\/v2\/categories?post=15912"},{"taxonomy":"post_tag","embeddable":true,"href":"https:\/\/www.celttv.com.ar\/index.php\/wp-json\/wp\/v2\/tags?post=15912"}],"curies":[{"name":"wp","href":"https:\/\/api.w.org\/{rel}","templated":true}]}}