{"id":15937,"date":"2013-11-20T19:53:38","date_gmt":"2013-11-20T19:53:38","guid":{"rendered":"http:\/\/www.tvcnoticias.com.ar\/?p=15937"},"modified":"2013-11-20T19:53:38","modified_gmt":"2013-11-20T19:53:38","slug":"el-hcd-distinguio-a-los-abanderados-del-distrito","status":"publish","type":"post","link":"https:\/\/www.celttv.com.ar\/index.php\/2013\/11\/20\/el-hcd-distinguio-a-los-abanderados-del-distrito\/","title":{"rendered":"EL HCD. DISTINGUI\u00d3 A LOS ABANDERADOS DEL DISTRITO (videos del acto realizado en el Teatro Funke)"},"content":{"rendered":"<p><a href=\"http:\/\/www.youtube.com\/watch?v=GaC9J57qzbk\">httpv:\/\/www.youtube.com\/watch?v=GaC9J57qzbk<\/a><br \/>\n<a href=\"http:\/\/www.youtube.com\/watch?v=_OgJKX3AApo\">httpv:\/\/www.youtube.com\/watch?v=_OgJKX3AApo<\/a><br \/>\n<span style=\"font-family: Verdana, Arial, Helvetica, sans-serif; font-size: x-small;\">El lunes 18 de noviembre a partir de las\u00a0\u00a019:30\u00a0\u00a0hs. se realiz\u00f3 la entrega de Diplomas a Abanderados y Escoltas de las Escuelas del Distrito de Tornquist, seg\u00fan lo establec\u00eda el Decreto N\u00ba 16\/13 del Honorable Concejo Deliberante.<\/span><br \/>\n<span style=\"font-family: Verdana, Arial, Helvetica, sans-serif; font-size: x-small;\"> <\/span><br \/>\n<span style=\"font-family: Verdana, Arial, Helvetica, sans-serif; font-size: x-small;\">El Teatro Municipal se vio colmado por la presencia de alumnos de los distintos establecimientos educacionales, directivos y familiares.<\/span><br \/>\n<span style=\"font-family: Verdana, Arial, Helvetica, sans-serif; font-size: x-small;\"> <\/span><br \/>\n<span style=\"font-family: Verdana, Arial, Helvetica, sans-serif; font-size: x-small;\">Por ausencia del Concejal de\u00a0la\u00a0\u00a0Uni\u00f3n C\u00edvica\u00a0Radical Manuel Mar\u00eda Picado, hizo su juramento de rigor el Concejal Juan Miguel Echegu\u00eda.<\/span><br \/>\n<span style=\"font-family: Verdana, Arial, Helvetica, sans-serif; font-size: x-small;\"> <\/span><br \/>\n<span style=\"font-family: Verdana, Arial, Helvetica, sans-serif; font-size: x-small;\">Estaban presentes autoridades del Departamento Ejecutivo, de Secretar\u00eda de Inspecci\u00f3n, y del Consejo Escolar. El Sr. Intendente Municipal Lic. Gustavo Trankels envi\u00f3 una nota de disculpas al no poder asistir a este reconocimiento por encontrarse en\u00a0la Ciudad\u00a0de\u00a0La Plata\u00a0realizando gestiones inherentes a la administraci\u00f3n municipal. Comparti\u00f3 con todos los presentes una frase que resume en pocas palabras los logros obtenidos: \u201cLa educaci\u00f3n es la llave que abrir\u00e1 la puerta de nuestro futuro\u201d.<\/span><br \/>\n<span style=\"font-family: Verdana, Arial, Helvetica, sans-serif; font-size: x-small;\"> <\/span><br \/>\n<span style=\"font-family: Verdana, Arial, Helvetica, sans-serif; font-size: x-small;\">En esta oportunidad se hicieron presentes para recibir tal distinci\u00f3n:<\/span><br \/>\n<span style=\"font-family: Verdana; font-size: x-small;\"> <\/span><br \/>\n<span style=\"font-family: Verdana;\"><span style=\"font-family: Verdana, Arial, Helvetica, sans-serif; font-size: x-small;\">ABANDERADOS Y ESCOLTAS 2012<\/span><\/span><br \/>\n<span style=\"font-family: Verdana, Arial, Helvetica, sans-serif; font-size: x-small;\"> <\/span><br \/>\n&nbsp;<\/p>\n<table border=\"1\" cellspacing=\"0\" cellpadding=\"0\" width=\"1143\">\n<tbody>\n<tr>\n<td width=\"139\" valign=\"top\"><span style=\"font-family: Verdana, Arial, Helvetica, sans-serif; font-size: x-small;\">ESCUELA<\/span><\/td>\n<td width=\"284\" valign=\"top\"><span style=\"font-family: Verdana, Arial, Helvetica, sans-serif; font-size: x-small;\">BANDERA ARGENTINA<\/span><\/td>\n<td width=\"304\" valign=\"top\"><span style=\"font-family: Verdana, Arial, Helvetica, sans-serif; font-size: x-small;\">BANDERA BONAERENSE<\/span><\/td>\n<td width=\"416\"><span style=\"font-family: Verdana, Arial, Helvetica, sans-serif; font-size: x-small;\"> <\/span><\/td>\n<\/tr>\n<tr>\n<td width=\"139\" valign=\"top\"><span style=\"font-family: Verdana, Arial, Helvetica, sans-serif; font-size: x-small;\">E.P. N\u00ba 1<\/span>&nbsp;<br \/>\n<span style=\"font-family: Verdana, Arial, Helvetica, sans-serif; font-size: x-small;\"> <\/span><br \/>\n<span style=\"font-family: Verdana, Arial, Helvetica, sans-serif; font-size: x-small;\">TORNQUIST<\/span><\/td>\n<td width=\"284\" valign=\"top\"><span style=\"font-family: Verdana, Arial, Helvetica, sans-serif; font-size: x-small;\">ABANDERADA:<\/span>&nbsp;<br \/>\n<span style=\"font-family: Verdana, Arial, Helvetica, sans-serif; font-size: x-small;\">ISSALY AYLEN<\/span><br \/>\n<span style=\"font-family: Verdana, Arial, Helvetica, sans-serif; font-size: x-small;\">1\u00ba ESCOLTA:<\/span><br \/>\n<span style=\"font-family: Verdana, Arial, Helvetica, sans-serif; font-size: x-small;\">GISLER LAUTARO NICOLAS<\/span><br \/>\n<span style=\"font-family: Verdana, Arial, Helvetica, sans-serif; font-size: x-small;\">2\u00ba ESCOLTA:<\/span><br \/>\n<span style=\"font-family: Verdana, Arial, Helvetica, sans-serif; font-size: x-small;\">MARTINEZ MORENA<\/span><\/td>\n<td width=\"304\" valign=\"top\"><span style=\"font-family: Verdana, Arial, Helvetica, sans-serif; font-size: x-small;\">ABANDERADA:<\/span>&nbsp;<br \/>\n<span style=\"font-family: Verdana, Arial, Helvetica, sans-serif; font-size: x-small;\">POLLIO MILAGROS BERENICE<\/span><br \/>\n<span style=\"font-family: Verdana, Arial, Helvetica, sans-serif; font-size: x-small;\">1\u00ba ESCOLTA:<\/span><br \/>\n<span style=\"font-family: Verdana, Arial, Helvetica, sans-serif; font-size: x-small;\">CASTILLO GONZALEZ FRANCO EZEQUIEL<\/span><br \/>\n<span style=\"font-family: Verdana, Arial, Helvetica, sans-serif; font-size: x-small;\">2\u00ba ESCOLTA:<\/span><br \/>\n<span style=\"font-family: Verdana, Arial, Helvetica, sans-serif; font-size: x-small;\">HAAG IVAN AGUSTIN<\/span><\/td>\n<td width=\"416\"><\/td>\n<\/tr>\n<tr>\n<td width=\"139\" valign=\"top\"><span style=\"font-family: Verdana, Arial, Helvetica, sans-serif; font-size: x-small;\">3<\/span>&nbsp;<br \/>\n<span style=\"font-family: Verdana, Arial, Helvetica, sans-serif; font-size: x-small;\">TRES PICOS<\/span><\/td>\n<td width=\"284\" valign=\"top\"><span style=\"font-family: Verdana, Arial, Helvetica, sans-serif; font-size: x-small;\">ABANDERADO:<\/span>&nbsp;<br \/>\n<span style=\"font-family: Verdana, Arial, Helvetica, sans-serif; font-size: x-small;\">VATER LUCIANO AGUSTIN<\/span><br \/>\n<span style=\"font-family: Verdana, Arial, Helvetica, sans-serif; font-size: x-small;\">1\u00ba ESCOLTA:<\/span><br \/>\n<span style=\"font-size: x-small;\"><span style=\"font-family: Verdana, Arial, Helvetica, sans-serif;\">LA TORRE FRANCISCO\u00a0MANUEL<\/span><\/span><br \/>\n<span style=\"font-family: Verdana, Arial, Helvetica, sans-serif; font-size: x-small;\">2\u00ba ESCOLTA:<\/span><br \/>\n<span style=\"font-family: Verdana, Arial, Helvetica, sans-serif; font-size: x-small;\">LLORET NAHUEL JOS\u00c9<\/span><\/td>\n<td width=\"304\" valign=\"top\"><span style=\"font-family: Verdana, Arial, Helvetica, sans-serif; font-size: x-small;\">ABANDERADA:<\/span>&nbsp;<br \/>\n<span style=\"font-family: Verdana, Arial, Helvetica, sans-serif; font-size: x-small;\">MU\u00d1OZ MICAELA<\/span><br \/>\n<span style=\"font-family: Verdana, Arial, Helvetica, sans-serif; font-size: x-small;\">1\u00ba ESCOLTA:<\/span><br \/>\n<span style=\"font-family: Verdana, Arial, Helvetica, sans-serif; font-size: x-small;\">PAV\u00d3N FRANCO<\/span><br \/>\n<span style=\"font-family: Verdana, Arial, Helvetica, sans-serif; font-size: x-small;\">2\u00ba ESCOLTA:&#8212;&#8212;&#8212;&#8212;&#8212;&#8212;&#8212;&#8212;&#8211;<\/span><\/td>\n<td width=\"416\"><\/td>\n<\/tr>\n<tr>\n<td width=\"139\" valign=\"top\"><span style=\"font-family: Verdana, Arial, Helvetica, sans-serif; font-size: x-small;\">10<\/span>&nbsp;<br \/>\n<span style=\"font-family: Verdana, Arial, Helvetica, sans-serif; font-size: x-small;\">ESTANCIA CHICA<\/span><\/td>\n<td width=\"284\" valign=\"top\"><span style=\"font-family: Verdana, Arial, Helvetica, sans-serif; font-size: x-small;\">ABANDERADO:<\/span>&nbsp;<br \/>\n<span style=\"font-family: Verdana, Arial, Helvetica, sans-serif; font-size: x-small;\">GALV\u00c1N FRANCO<\/span><br \/>\n<span style=\"font-family: Verdana, Arial, Helvetica, sans-serif; font-size: x-small;\">1\u00ba ESCOLTA:<\/span><br \/>\n<span style=\"font-family: Verdana, Arial, Helvetica, sans-serif; font-size: x-small;\">GALV\u00c1N MARIA DE LOS ANGELES<\/span><br \/>\n<span style=\"font-family: Verdana, Arial, Helvetica, sans-serif; font-size: x-small;\">2\u00ba ESCOLTA:&#8212;&#8212;&#8212;&#8212;&#8212;&#8212;&#8212;&#8211;<\/span><\/td>\n<td width=\"304\" valign=\"top\"><span style=\"font-family: Verdana, Arial, Helvetica, sans-serif; font-size: x-small;\">ABANDERADO:<\/span>&nbsp;<br \/>\n<span style=\"font-family: Verdana, Arial, Helvetica, sans-serif; font-size: x-small;\">COLADO SANTIAGO<\/span><br \/>\n<span style=\"font-family: Verdana, Arial, Helvetica, sans-serif; font-size: x-small;\">1\u00ba ESCOLTA:<\/span><br \/>\n<span style=\"font-family: Verdana, Arial, Helvetica, sans-serif; font-size: x-small;\">SANGA ALFONSINA<\/span><br \/>\n<span style=\"font-family: Verdana, Arial, Helvetica, sans-serif; font-size: x-small;\">2\u00ba ESCOLTA:&#8212;&#8212;&#8212;&#8212;&#8212;&#8212;&#8212;&#8212;&#8212;<\/span><\/td>\n<td width=\"416\"><\/td>\n<\/tr>\n<tr>\n<td width=\"139\" valign=\"top\"><span style=\"font-family: Verdana, Arial, Helvetica, sans-serif; font-size: x-small;\">12<\/span>&nbsp;<br \/>\n<span style=\"font-family: Verdana, Arial, Helvetica, sans-serif; font-size: x-small;\">FUERTE ARGENTINO<\/span><\/td>\n<td width=\"284\" valign=\"top\"><span style=\"font-family: Verdana, Arial, Helvetica, sans-serif; font-size: x-small;\">ABANDERADA:<\/span>&nbsp;<br \/>\n<span style=\"font-family: Verdana, Arial, Helvetica, sans-serif; font-size: x-small;\">JUAREZ MILAGROS<\/span><br \/>\n<span style=\"font-family: Verdana, Arial, Helvetica, sans-serif; font-size: x-small;\">1\u00ba ESCOLTA:<\/span><br \/>\n<span style=\"font-family: Verdana, Arial, Helvetica, sans-serif; font-size: x-small;\">DIAZ LUCIA<\/span><br \/>\n<span style=\"font-family: Verdana, Arial, Helvetica, sans-serif; font-size: x-small;\">2\u00ba ESCOLTA:<\/span><br \/>\n<span style=\"font-family: Verdana, Arial, Helvetica, sans-serif; font-size: x-small;\">DOR\u00c9 XIOMARA<\/span><\/td>\n<td width=\"304\" valign=\"top\"><span style=\"font-family: Verdana, Arial, Helvetica, sans-serif; font-size: x-small;\">ABANDERADO:<\/span>&nbsp;<br \/>\n<span style=\"font-family: Verdana, Arial, Helvetica, sans-serif; font-size: x-small;\">GALARZA ARMANDO<\/span><br \/>\n<span style=\"font-family: Verdana, Arial, Helvetica, sans-serif; font-size: x-small;\">1\u00ba ESCOLTA:<\/span><br \/>\n<span style=\"font-family: Verdana, Arial, Helvetica, sans-serif; font-size: x-small;\">BUITRAGO GABRIEL<\/span><br \/>\n<span style=\"font-family: Verdana, Arial, Helvetica, sans-serif; font-size: x-small;\">2\u00ba ESCOLTA:&#8212;&#8212;&#8212;&#8212;&#8212;&#8212;&#8212;&#8212;&#8212;<\/span><\/td>\n<td width=\"416\"><\/td>\n<\/tr>\n<tr>\n<td width=\"139\" valign=\"top\"><span style=\"font-family: Verdana, Arial, Helvetica, sans-serif; font-size: x-small;\">13<\/span>&nbsp;<br \/>\n<span style=\"font-size: x-small;\"><span style=\"font-family: Verdana, Arial, Helvetica, sans-serif;\"> PJE. LA<\/span><\/span><br \/>\n<span style=\"font-family: Verdana, Arial, Helvetica, sans-serif; font-size: x-small;\">QUERENCIA<\/span><\/td>\n<td width=\"284\" valign=\"top\"><span style=\"font-family: Verdana, Arial, Helvetica, sans-serif; font-size: x-small;\">ABANDERADO:<\/span>&nbsp;<br \/>\n<span style=\"font-family: Verdana, Arial, Helvetica, sans-serif; font-size: x-small;\">MENGUI JUAN IGNACIO<\/span><br \/>\n<span style=\"font-family: Verdana, Arial, Helvetica, sans-serif; font-size: x-small;\">1\u00ba ESCOLTA:<\/span><br \/>\n<span style=\"font-family: Verdana, Arial, Helvetica, sans-serif; font-size: x-small;\">SCHWAB LORENA<\/span><br \/>\n<span style=\"font-family: Verdana, Arial, Helvetica, sans-serif; font-size: x-small;\">2\u00ba ESCOLTA:<\/span><br \/>\n<span style=\"font-family: Verdana, Arial, Helvetica, sans-serif; font-size: x-small;\">VELOZO GAST\u00d3N<\/span><\/td>\n<td width=\"304\" valign=\"top\"><span style=\"font-family: Verdana, Arial, Helvetica, sans-serif; font-size: x-small;\">ABANDERADA:<\/span>&nbsp;<br \/>\n<span style=\"font-family: Verdana, Arial, Helvetica, sans-serif; font-size: x-small;\">MENGUI VALERIA<\/span><br \/>\n<span style=\"font-family: Verdana, Arial, Helvetica, sans-serif; font-size: x-small;\">1\u00ba ESCOLTA:<\/span><br \/>\n<span style=\"font-family: Verdana, Arial, Helvetica, sans-serif; font-size: x-small;\">MOND\u00d3N CATERINA<\/span><br \/>\n<span style=\"font-family: Verdana, Arial, Helvetica, sans-serif; font-size: x-small;\">2\u00ba ESCOLTA:&#8212;&#8212;&#8212;&#8212;&#8212;&#8212;&#8212;&#8212;&#8211;<\/span><\/td>\n<td width=\"416\"><\/td>\n<\/tr>\n<tr>\n<td width=\"139\" valign=\"top\"><span style=\"font-family: Verdana, Arial, Helvetica, sans-serif; font-size: x-small;\">14<\/span>&nbsp;<br \/>\n<span style=\"font-family: Verdana, Arial, Helvetica, sans-serif; font-size: x-small;\">SOMBRA DE TORO<\/span><\/td>\n<td width=\"284\" valign=\"top\"><span style=\"font-family: Verdana, Arial, Helvetica, sans-serif; font-size: x-small;\">ABANDERADA:<\/span>&nbsp;<br \/>\n<span style=\"font-family: Verdana, Arial, Helvetica, sans-serif; font-size: x-small;\">CENDRA CAROLINA NICOLE<\/span><br \/>\n<span style=\"font-family: Verdana, Arial, Helvetica, sans-serif; font-size: x-small;\">1\u00ba ESCOLTA:<\/span><br \/>\n<span style=\"font-family: Verdana, Arial, Helvetica, sans-serif; font-size: x-small;\">SANCHEZ NICOL\u00c1S JES\u00daS<\/span><br \/>\n<span style=\"font-family: Verdana, Arial, Helvetica, sans-serif; font-size: x-small;\">2\u00ba ESCOLTA:<\/span><br \/>\n<span style=\"font-family: Verdana, Arial, Helvetica, sans-serif; font-size: x-small;\">DETZEL MARTINA DANIELA<\/span><\/td>\n<td width=\"304\" valign=\"top\"><span style=\"font-family: Verdana, Arial, Helvetica, sans-serif; font-size: x-small;\">ABANDERADO\/A: &#8212;&#8212;&#8212;&#8212;&#8212;&#8212;&#8212;&#8212;-<\/span>&nbsp;<br \/>\n<span style=\"font-family: Verdana, Arial, Helvetica, sans-serif; font-size: x-small;\">1\u00ba ESCOLTA: &#8212;&#8212;&#8212;&#8212;&#8212;&#8212;&#8212;&#8212;&#8212;&#8212;&#8212;<\/span><br \/>\n<span style=\"font-family: Verdana, Arial, Helvetica, sans-serif; font-size: x-small;\">2\u00ba ESCOLTA:&#8212;&#8212;&#8212;&#8212;&#8212;&#8212;&#8212;&#8211;<\/span><\/td>\n<td width=\"416\"><\/td>\n<\/tr>\n<tr>\n<td width=\"139\" valign=\"top\"><span style=\"font-family: Verdana, Arial, Helvetica, sans-serif; font-size: x-small;\">17<\/span>&nbsp;<br \/>\n<span style=\"font-family: Verdana, Arial, Helvetica, sans-serif; font-size: x-small;\">PJE. EL CHACO<\/span><\/td>\n<td width=\"284\" valign=\"top\"><span style=\"font-family: Verdana, Arial, Helvetica, sans-serif; font-size: x-small;\">ABANDERADO:<\/span>&nbsp;<br \/>\n<span style=\"font-family: Verdana, Arial, Helvetica, sans-serif; font-size: x-small;\">RAISING AGUSTIN<\/span><br \/>\n<span style=\"font-family: Verdana, Arial, Helvetica, sans-serif; font-size: x-small;\">1\u00ba ESCOLTA:<\/span><br \/>\n<span style=\"font-family: Verdana, Arial, Helvetica, sans-serif; font-size: x-small;\">RAISING JIMENA<\/span><br \/>\n<span style=\"font-family: Verdana, Arial, Helvetica, sans-serif; font-size: x-small;\">2\u00ba ESCOLTA:<\/span><br \/>\n<span style=\"font-family: Verdana, Arial, Helvetica, sans-serif; font-size: x-small;\">ESTRADA MAILEN ALUMIN\u00c9<\/span><\/td>\n<td width=\"304\" valign=\"top\"><span style=\"font-family: Verdana, Arial, Helvetica, sans-serif; font-size: x-small;\">ABANDERADO\/A: &#8212;&#8212;&#8212;&#8212;&#8212;&#8212;&#8212;&#8212;-<\/span>&nbsp;<br \/>\n<span style=\"font-family: Verdana, Arial, Helvetica, sans-serif; font-size: x-small;\">1\u00ba ESCOLTA: &#8212;&#8212;&#8212;&#8212;&#8212;&#8212;&#8212;&#8212;&#8212;&#8212;-<\/span><br \/>\n<span style=\"font-family: Verdana, Arial, Helvetica, sans-serif; font-size: x-small;\">2\u00ba ESCOLTA:&#8212;&#8212;&#8212;&#8212;&#8212;&#8212;&#8212;&#8211;<\/span><\/td>\n<td width=\"416\"><\/td>\n<\/tr>\n<tr>\n<td width=\"139\" valign=\"top\"><span style=\"font-family: Verdana, Arial, Helvetica, sans-serif; font-size: x-small;\">18<\/span>&nbsp;<br \/>\n<span style=\"font-family: Verdana, Arial, Helvetica, sans-serif; font-size: x-small;\">PJE.<\/span><br \/>\n<span style=\"font-family: Verdana, Arial, Helvetica, sans-serif; font-size: x-small;\">LA ESTHER<\/span><\/td>\n<td width=\"284\" valign=\"top\"><span style=\"font-family: Verdana, Arial, Helvetica, sans-serif; font-size: x-small;\">ABANDERADO:<\/span>&nbsp;<br \/>\n<span style=\"font-family: Verdana, Arial, Helvetica, sans-serif; font-size: x-small;\">DIEZ CARLOS<\/span><br \/>\n<span style=\"font-family: Verdana, Arial, Helvetica, sans-serif; font-size: x-small;\">1\u00ba ESCOLTA:<\/span><br \/>\n<span style=\"font-family: Verdana, Arial, Helvetica, sans-serif; font-size: x-small;\">FLORES SANABRIA MARIBEL ABIGAIL<\/span><br \/>\n<span style=\"font-family: Verdana, Arial, Helvetica, sans-serif; font-size: x-small;\">2\u00ba ESCOLTA:<\/span><br \/>\n<span style=\"font-family: Verdana, Arial, Helvetica, sans-serif; font-size: x-small;\">FLORES SANABRIA JEREMIAS EZEQUIEL<\/span><\/td>\n<td width=\"304\" valign=\"top\"><span style=\"font-family: Verdana, Arial, Helvetica, sans-serif; font-size: x-small;\">ABANDERADO:<\/span>&nbsp;<br \/>\n<span style=\"font-family: Verdana, Arial, Helvetica, sans-serif; font-size: x-small;\">ISEPPI MARCIO ADELMO<\/span><br \/>\n<span style=\"font-family: Verdana, Arial, Helvetica, sans-serif; font-size: x-small;\">1\u00ba ESCOLTA: &#8212;&#8212;&#8212;&#8212;&#8212;&#8212;&#8212;&#8212;<\/span><br \/>\n<span style=\"font-family: Verdana, Arial, Helvetica, sans-serif; font-size: x-small;\">2\u00ba ESCOLTA:&#8212;&#8212;&#8212;&#8212;&#8212;&#8212;&#8212;&#8212;-<\/span><\/td>\n<td width=\"416\"><\/td>\n<\/tr>\n<tr>\n<td width=\"139\" valign=\"top\"><span style=\"font-family: Verdana, Arial, Helvetica, sans-serif; font-size: x-small;\">20<\/span>&nbsp;<br \/>\n<span style=\"font-family: Verdana, Arial, Helvetica, sans-serif; font-size: x-small;\">PJE. EL PILAR<\/span><\/td>\n<td width=\"284\" valign=\"top\"><span style=\"font-family: Verdana, Arial, Helvetica, sans-serif; font-size: x-small;\">ABANDERADO:<\/span>&nbsp;<br \/>\n<span style=\"font-family: Verdana, Arial, Helvetica, sans-serif; font-size: x-small;\">GONZ\u00c1LEZ JONATHAN EZEQUIEL<\/span><br \/>\n<span style=\"font-family: Verdana, Arial, Helvetica, sans-serif; font-size: x-small;\">1\u00ba ESCOLTA:<\/span><br \/>\n<span style=\"font-family: Verdana, Arial, Helvetica, sans-serif; font-size: x-small;\">GONZ\u00c1LEZ MONTERO PILAR<\/span><br \/>\n<span style=\"font-family: Verdana, Arial, Helvetica, sans-serif; font-size: x-small;\">2\u00ba ESCOLTA:<\/span><br \/>\n<span style=\"font-family: Verdana, Arial, Helvetica, sans-serif; font-size: x-small;\">FRAYSSE RODRIGO ORESTE<\/span><\/td>\n<td width=\"304\" valign=\"top\"><span style=\"font-family: Verdana, Arial, Helvetica, sans-serif; font-size: x-small;\">ABANDERADO\/A: &#8212;&#8212;&#8212;&#8212;&#8212;&#8211;<\/span>&nbsp;<br \/>\n<span style=\"font-family: Verdana, Arial, Helvetica, sans-serif; font-size: x-small;\">1\u00ba ESCOLTA: &#8212;&#8212;&#8212;&#8212;&#8212;&#8212;&#8212;&#8212;<\/span><br \/>\n<span style=\"font-family: Verdana, Arial, Helvetica, sans-serif; font-size: x-small;\">2\u00ba ESCOLTA:&#8212;&#8212;&#8212;&#8212;&#8212;&#8212;&#8212;&#8212;-<\/span><\/td>\n<td width=\"416\"><\/td>\n<\/tr>\n<tr>\n<td width=\"139\" valign=\"top\"><span style=\"font-family: Verdana, Arial, Helvetica, sans-serif; font-size: x-small;\">21<\/span>&nbsp;<br \/>\n<span style=\"font-family: Verdana, Arial, Helvetica, sans-serif; font-size: x-small;\">VILLA VENTANA<\/span><\/td>\n<td width=\"284\" valign=\"top\"><span style=\"font-family: Verdana, Arial, Helvetica, sans-serif; font-size: x-small;\">ABANDERADA:<\/span>&nbsp;<br \/>\n<span style=\"font-family: Verdana, Arial, Helvetica, sans-serif; font-size: x-small;\">LAPINI CATHERINA<\/span><br \/>\n<span style=\"font-family: Verdana, Arial, Helvetica, sans-serif; font-size: x-small;\">1\u00ba ESCOLTA:<\/span><br \/>\n<span style=\"font-family: Verdana, Arial, Helvetica, sans-serif; font-size: x-small;\">CRISANTI VALENTINO<\/span><br \/>\n<span style=\"font-family: Verdana, Arial, Helvetica, sans-serif; font-size: x-small;\">2\u00ba ESCOLTA:<\/span><br \/>\n<span style=\"font-family: Verdana, Arial, Helvetica, sans-serif; font-size: x-small;\">ROSAS MAT\u00cdAS<\/span><\/td>\n<td width=\"304\" valign=\"top\"><span style=\"font-family: Verdana, Arial, Helvetica, sans-serif; font-size: x-small;\">ABANDERADO:<\/span>&nbsp;<br \/>\n<span style=\"font-family: Verdana, Arial, Helvetica, sans-serif; font-size: x-small;\">BRAVO CAETANO<\/span><br \/>\n<span style=\"font-family: Verdana, Arial, Helvetica, sans-serif; font-size: x-small;\">1\u00ba ESCOLTA:<\/span><br \/>\n<span style=\"font-family: Verdana, Arial, Helvetica, sans-serif; font-size: x-small;\">MACHADO EL\u00cdAS<\/span><br \/>\n<span style=\"font-family: Verdana, Arial, Helvetica, sans-serif; font-size: x-small;\">2\u00ba ESCOLTA:<\/span><br \/>\n<span style=\"font-family: Verdana, Arial, Helvetica, sans-serif; font-size: x-small;\">BAST\u00cdAS NAZARENA<\/span><\/td>\n<td width=\"416\"><\/td>\n<\/tr>\n<tr>\n<td width=\"139\" valign=\"top\"><span style=\"font-family: Verdana, Arial, Helvetica, sans-serif; font-size: x-small;\">24<\/span>&nbsp;<br \/>\n<span style=\"font-family: Verdana, Arial, Helvetica, sans-serif; font-size: x-small;\">CHASICO<\/span><\/td>\n<td width=\"284\" valign=\"top\"><span style=\"font-family: Verdana, Arial, Helvetica, sans-serif; font-size: x-small;\">ABANDERADAS:<\/span>&nbsp;<br \/>\n<span style=\"font-family: Verdana, Arial, Helvetica, sans-serif; font-size: x-small;\">L\u00c1ZARO AYEL\u00c9N<\/span><br \/>\n<span style=\"font-family: Verdana, Arial, Helvetica, sans-serif; font-size: x-small;\">MENNA CATARINA<\/span><br \/>\n<span style=\"font-family: Verdana, Arial, Helvetica, sans-serif; font-size: x-small;\">1\u00ba ESCOLTA:<\/span><br \/>\n<span style=\"font-family: Verdana, Arial, Helvetica, sans-serif; font-size: x-small;\">PEETOOM DYLAN<\/span><br \/>\n<span style=\"font-family: Verdana, Arial, Helvetica, sans-serif; font-size: x-small;\">2\u00ba ESCOLTA:&#8212;&#8212;&#8212;&#8212;&#8212;&#8212;&#8211;<\/span><\/td>\n<td width=\"304\" valign=\"top\"><span style=\"font-family: Verdana, Arial, Helvetica, sans-serif; font-size: x-small;\">ABANDERADO:<\/span>&nbsp;<br \/>\n<span style=\"font-family: Verdana, Arial, Helvetica, sans-serif; font-size: x-small;\">MALDONADO ULISES<\/span><br \/>\n<span style=\"font-family: Verdana, Arial, Helvetica, sans-serif; font-size: x-small;\">1\u00ba ESCOLTA:<\/span><br \/>\n<span style=\"font-family: Verdana, Arial, Helvetica, sans-serif; font-size: x-small;\">COZZI ULLOA MARTINA<\/span><br \/>\n<span style=\"font-family: Verdana, Arial, Helvetica, sans-serif; font-size: x-small;\">2\u00ba ESCOLTA:<\/span><br \/>\n<span style=\"font-family: Verdana, Arial, Helvetica, sans-serif; font-size: x-small;\">SALCEDO SEBASTIAN<\/span><\/td>\n<td width=\"416\"><\/td>\n<\/tr>\n<tr>\n<td width=\"139\" valign=\"top\"><span style=\"font-family: Verdana, Arial, Helvetica, sans-serif; font-size: x-small;\">28<\/span>&nbsp;<br \/>\n<span style=\"font-family: Verdana, Arial, Helvetica, sans-serif; font-size: x-small;\">TORNQUIST<\/span><\/td>\n<td width=\"284\" valign=\"top\"><span style=\"font-family: Verdana, Arial, Helvetica, sans-serif; font-size: x-small;\">ABANDERADA:<\/span>&nbsp;<br \/>\n<span style=\"font-family: Verdana, Arial, Helvetica, sans-serif; font-size: x-small;\">KLEINE MARTINA<\/span><br \/>\n<span style=\"font-family: Verdana, Arial, Helvetica, sans-serif; font-size: x-small;\">1\u00ba ESCOLTA:<\/span><br \/>\n<span style=\"font-family: Verdana, Arial, Helvetica, sans-serif; font-size: x-small;\">KARSTEN LUCIA<\/span><br \/>\n<span style=\"font-family: Verdana, Arial, Helvetica, sans-serif; font-size: x-small;\">2\u00ba ESCOLTA:<\/span><br \/>\n<span style=\"font-family: Verdana, Arial, Helvetica, sans-serif; font-size: x-small;\">SOLIS NATAL\u00cd<\/span><\/td>\n<td width=\"304\" valign=\"top\"><span style=\"font-family: Verdana, Arial, Helvetica, sans-serif; font-size: x-small;\">ABANDERADO:<\/span>&nbsp;<br \/>\n<span style=\"font-family: Verdana, Arial, Helvetica, sans-serif; font-size: x-small;\">HAAG AGUST\u00cdN<\/span><br \/>\n<span style=\"font-family: Verdana, Arial, Helvetica, sans-serif; font-size: x-small;\">1\u00ba ESCOLTA:<\/span><br \/>\n<span style=\"font-family: Verdana, Arial, Helvetica, sans-serif; font-size: x-small;\">AGUADO KEVIN<\/span><br \/>\n<span style=\"font-family: Verdana, Arial, Helvetica, sans-serif; font-size: x-small;\">2\u00ba ESCOLTA:<\/span><br \/>\n<span style=\"font-family: Verdana, Arial, Helvetica, sans-serif; font-size: x-small;\">LACASTA DEBORA<\/span><\/td>\n<td width=\"416\"><\/td>\n<\/tr>\n<tr>\n<td width=\"139\" valign=\"top\"><span style=\"font-family: Verdana, Arial, Helvetica, sans-serif; font-size: x-small;\">E.E.E. N\u00ba 501<\/span>&nbsp;<br \/>\n<span style=\"font-family: Verdana, Arial, Helvetica, sans-serif; font-size: x-small;\">TORNQUIST<\/span><\/td>\n<td width=\"284\" valign=\"top\"><span style=\"font-family: Verdana, Arial, Helvetica, sans-serif; font-size: x-small;\">ABANDERADA:<\/span>&nbsp;<br \/>\n<span style=\"font-family: Verdana, Arial, Helvetica, sans-serif; font-size: x-small;\">AROCENA JULIETA<\/span><br \/>\n<span style=\"font-family: Verdana, Arial, Helvetica, sans-serif; font-size: x-small;\">1\u00ba ESCOLTA:<\/span><br \/>\n<span style=\"font-family: Verdana, Arial, Helvetica, sans-serif; font-size: x-small;\">LARES CARLOS<\/span><br \/>\n<span style=\"font-family: Verdana, Arial, Helvetica, sans-serif; font-size: x-small;\">2\u00ba ESCOLTA:<\/span><br \/>\n<span style=\"font-family: Verdana, Arial, Helvetica, sans-serif; font-size: x-small;\">HOLMAN SOF\u00cdA<\/span><\/td>\n<td width=\"304\" valign=\"top\"><span style=\"font-family: Verdana, Arial, Helvetica, sans-serif; font-size: x-small;\">ABANDERADO:<\/span>&nbsp;<br \/>\n<span style=\"font-family: Verdana, Arial, Helvetica, sans-serif; font-size: x-small;\">SCHWAM JOAQUIN<\/span><br \/>\n<span style=\"font-family: Verdana, Arial, Helvetica, sans-serif; font-size: x-small;\">1\u00ba ESCOLTA:<\/span><br \/>\n<span style=\"font-family: Verdana, Arial, Helvetica, sans-serif; font-size: x-small;\">MU\u00d1OZ CLAUDIO<\/span><br \/>\n<span style=\"font-family: Verdana, Arial, Helvetica, sans-serif; font-size: x-small;\">2\u00ba ESCOLTA:<\/span><br \/>\n<span style=\"font-family: Verdana, Arial, Helvetica, sans-serif; font-size: x-small;\">CROCERI MELINA<\/span><\/td>\n<td width=\"416\"><\/td>\n<\/tr>\n<tr>\n<td width=\"139\" valign=\"top\"><span style=\"font-family: Verdana, Arial, Helvetica, sans-serif; font-size: x-small;\">C.E.A. N\u00ba 701<\/span>&nbsp;<br \/>\n<span style=\"font-family: Verdana, Arial, Helvetica, sans-serif; font-size: x-small;\">TORNQUIST<\/span><\/td>\n<td width=\"284\" valign=\"top\"><span style=\"font-family: Verdana, Arial, Helvetica, sans-serif; font-size: x-small;\">ABANDERADA:<\/span>&nbsp;<br \/>\n<span style=\"font-family: Verdana, Arial, Helvetica, sans-serif; font-size: x-small;\">HERRERA N\u00c9LIDA<\/span><br \/>\n<span style=\"font-family: Verdana, Arial, Helvetica, sans-serif; font-size: x-small;\">1\u00ba ESCOLTA:<\/span><br \/>\n<span style=\"font-family: Verdana, Arial, Helvetica, sans-serif; font-size: x-small;\">URQUIZA HIDALGO JONATAN<\/span><br \/>\n<span style=\"font-family: Verdana, Arial, Helvetica, sans-serif; font-size: x-small;\">2\u00ba ESCOLTA:<\/span><br \/>\n<span style=\"font-family: Verdana, Arial, Helvetica, sans-serif; font-size: x-small;\">GODINO MARTHA<\/span><\/td>\n<td width=\"304\" valign=\"top\"><span style=\"font-family: Verdana, Arial, Helvetica, sans-serif; font-size: x-small;\">ABANDERADO:<\/span>&nbsp;<br \/>\n<span style=\"font-family: Verdana, Arial, Helvetica, sans-serif; font-size: x-small;\">CORTEZ MARIO<\/span><br \/>\n<span style=\"font-family: Verdana, Arial, Helvetica, sans-serif; font-size: x-small;\">1\u00ba ESCOLTA:<\/span><br \/>\n<span style=\"font-family: Verdana, Arial, Helvetica, sans-serif; font-size: x-small;\">POOTHORN INTHISAN<\/span><br \/>\n<span style=\"font-family: Verdana, Arial, Helvetica, sans-serif; font-size: x-small;\">2\u00ba ESCOLTA: &#8212;&#8212;&#8212;&#8212;&#8212;&#8212;&#8212;-<\/span><\/td>\n<td width=\"416\"><\/td>\n<\/tr>\n<tr>\n<td width=\"139\" valign=\"top\"><span style=\"font-family: Verdana, Arial, Helvetica, sans-serif; font-size: x-small;\">COLEGIO<\/span>&nbsp;<br \/>\n<span style=\"font-family: Verdana, Arial, Helvetica, sans-serif; font-size: x-small;\">NSTRA. SRA.<\/span><br \/>\n<span style=\"font-family: Verdana, Arial, Helvetica, sans-serif; font-size: x-small;\">DE LUJ\u00c1N<\/span><br \/>\n<span style=\"font-family: Verdana, Arial, Helvetica, sans-serif; font-size: x-small;\">(PRIMARIA)<\/span><br \/>\n<span style=\"font-family: Verdana, Arial, Helvetica, sans-serif; font-size: x-small;\">TORNQUIST<\/span><\/td>\n<td width=\"284\" valign=\"top\"><span style=\"font-family: Verdana, Arial, Helvetica, sans-serif; font-size: x-small;\">ABANDERADA:<\/span>&nbsp;<br \/>\n<span style=\"font-family: Verdana, Arial, Helvetica, sans-serif; font-size: x-small;\">DRI CLARA<\/span><br \/>\n<span style=\"font-family: Verdana, Arial, Helvetica, sans-serif; font-size: x-small;\">1\u00ba ESCOLTA:<\/span><br \/>\n<span style=\"font-family: Verdana, Arial, Helvetica, sans-serif; font-size: x-small;\">GARCIA LOURDES<\/span><br \/>\n<span style=\"font-family: Verdana, Arial, Helvetica, sans-serif; font-size: x-small;\">2\u00ba ESCOLTA:<\/span><br \/>\n<span style=\"font-family: Verdana, Arial, Helvetica, sans-serif; font-size: x-small;\">MINUJIN MARTINA<\/span><\/td>\n<td width=\"304\" valign=\"top\"><span style=\"font-family: Verdana, Arial, Helvetica, sans-serif; font-size: x-small;\">ABANDERADO:<\/span>&nbsp;<br \/>\n<span style=\"font-family: Verdana, Arial, Helvetica, sans-serif; font-size: x-small;\">GONZALEZ ABURTO MAXIMILIANO<\/span><br \/>\n<span style=\"font-family: Verdana, Arial, Helvetica, sans-serif; font-size: x-small;\">1\u00ba ESCOLTA:<\/span><br \/>\n<span style=\"font-family: Verdana, Arial, Helvetica, sans-serif; font-size: x-small;\">ECHEGU\u00cdA NAIARA<\/span><br \/>\n<span style=\"font-family: Verdana, Arial, Helvetica, sans-serif; font-size: x-small;\">2\u00ba ESCOLTA:<\/span><br \/>\n<span style=\"font-family: Verdana, Arial, Helvetica, sans-serif; font-size: x-small;\">TEMPS GER\u00d3NIMO<\/span><\/td>\n<td width=\"416\"><\/td>\n<\/tr>\n<tr>\n<td width=\"139\" valign=\"top\"><span style=\"font-family: Verdana, Arial, Helvetica, sans-serif; font-size: x-small;\">E.E.S. N\u00ba 1<\/span>&nbsp;<br \/>\n<span style=\"font-family: Verdana, Arial, Helvetica, sans-serif; font-size: x-small;\">TORNQUIST<\/span><\/td>\n<td width=\"284\" valign=\"top\"><span style=\"font-family: Verdana, Arial, Helvetica, sans-serif; font-size: x-small;\">ABANDERADO:<\/span>&nbsp;<br \/>\n<span style=\"font-family: Verdana, Arial, Helvetica, sans-serif; font-size: x-small;\">PETTINARI JUAN CRUZ<\/span><br \/>\n<span style=\"font-family: Verdana, Arial, Helvetica, sans-serif; font-size: x-small;\">1\u00ba ESCOLTA:<\/span><br \/>\n<span style=\"font-family: Verdana, Arial, Helvetica, sans-serif; font-size: x-small;\">TERRUGI TOM\u00c1S GUSTAVO<\/span><br \/>\n<span style=\"font-family: Verdana, Arial, Helvetica, sans-serif; font-size: x-small;\">2\u00ba ESCOLTA:<\/span><br \/>\n<span style=\"font-family: Verdana, Arial, Helvetica, sans-serif; font-size: x-small;\">P\u00c9REZ D\u00c9BORA EDITH<\/span><\/td>\n<td width=\"304\" valign=\"top\"><span style=\"font-family: Verdana, Arial, Helvetica, sans-serif; font-size: x-small;\">ABANDERADA:<\/span>&nbsp;<br \/>\n<span style=\"font-family: Verdana, Arial, Helvetica, sans-serif; font-size: x-small;\">DIEZ MAR\u00cdA SOL<\/span><br \/>\n<span style=\"font-family: Verdana, Arial, Helvetica, sans-serif; font-size: x-small;\">1\u00ba ESCOLTA:<\/span><br \/>\n<span style=\"font-family: Verdana, Arial, Helvetica, sans-serif; font-size: x-small;\">MERIGGI MICAELA<\/span><br \/>\n<span style=\"font-family: Verdana, Arial, Helvetica, sans-serif; font-size: x-small;\">2\u00ba ESCOLTA:<\/span><br \/>\n<span style=\"font-family: Verdana, Arial, Helvetica, sans-serif; font-size: x-small;\">DE SABARTE BRANKO<\/span><\/td>\n<td width=\"416\"><\/td>\n<\/tr>\n<tr>\n<td width=\"139\" valign=\"top\"><span style=\"font-family: Verdana, Arial, Helvetica, sans-serif; font-size: x-small;\">BACHILLER ADULTOS<\/span>&nbsp;<br \/>\n<span style=\"font-family: Verdana, Arial, Helvetica, sans-serif; font-size: x-small;\">TORNQUIST<\/span><\/td>\n<td width=\"284\" valign=\"top\"><span style=\"font-family: Verdana, Arial, Helvetica, sans-serif; font-size: x-small;\">ABANDERADA:<\/span>&nbsp;<br \/>\n<span style=\"font-family: Verdana, Arial, Helvetica, sans-serif; font-size: x-small;\">FLORES CLAUDIA<\/span><br \/>\n<span style=\"font-family: Verdana, Arial, Helvetica, sans-serif; font-size: x-small;\">1\u00ba ESCOLTA:<\/span><br \/>\n<span style=\"font-family: Verdana, Arial, Helvetica, sans-serif; font-size: x-small;\">SEPULVEDA SILVIA<\/span><br \/>\n<span style=\"font-family: Verdana, Arial, Helvetica, sans-serif; font-size: x-small;\">2\u00ba ESCOLTA:<\/span><br \/>\n<span style=\"font-family: Verdana, Arial, Helvetica, sans-serif; font-size: x-small;\">AGUADO DAIANA<\/span><\/td>\n<td width=\"304\" valign=\"top\"><span style=\"font-family: Verdana, Arial, Helvetica, sans-serif; font-size: x-small;\">ABANDERADA:<\/span>&nbsp;<br \/>\n<span style=\"font-family: Verdana, Arial, Helvetica, sans-serif; font-size: x-small;\">ESCUDERO NILSE<\/span><br \/>\n<span style=\"font-family: Verdana, Arial, Helvetica, sans-serif; font-size: x-small;\">1\u00ba ESCOLTA:<\/span><br \/>\n<span style=\"font-family: Verdana, Arial, Helvetica, sans-serif; font-size: x-small;\">COSERES DELFINA<\/span><br \/>\n<span style=\"font-family: Verdana, Arial, Helvetica, sans-serif; font-size: x-small;\">2\u00ba ESCOLTA:<\/span><br \/>\n<span style=\"font-family: Verdana, Arial, Helvetica, sans-serif; font-size: x-small;\">QUIROGA CECILIA<\/span><\/td>\n<td width=\"416\"><\/td>\n<\/tr>\n<tr>\n<td width=\"139\" valign=\"top\"><span style=\"font-family: Verdana, Arial, Helvetica, sans-serif; font-size: x-small;\">E.E.S. N\u00ba 3<\/span>&nbsp;<br \/>\n<span style=\"font-family: Verdana, Arial, Helvetica, sans-serif; font-size: x-small;\">TORNQUIST<\/span><\/td>\n<td width=\"284\" valign=\"top\"><span style=\"font-family: Verdana, Arial, Helvetica, sans-serif; font-size: x-small;\">ABANDERADA:<\/span>&nbsp;<br \/>\n<span style=\"font-family: Verdana, Arial, Helvetica, sans-serif; font-size: x-small;\">BOLLETTA LUCIA<\/span><br \/>\n<span style=\"font-family: Verdana, Arial, Helvetica, sans-serif; font-size: x-small;\">1\u00ba ESCOLTA:<\/span><br \/>\n<span style=\"font-family: Verdana, Arial, Helvetica, sans-serif; font-size: x-small;\">GRASSI NICOLAS ANTONIO<\/span><br \/>\n<span style=\"font-family: Verdana, Arial, Helvetica, sans-serif; font-size: x-small;\">2\u00ba ESCOLTA:<\/span><br \/>\n<span style=\"font-family: Verdana, Arial, Helvetica, sans-serif; font-size: x-small;\">FERNANDEZ MANUELA<\/span><\/td>\n<td width=\"304\" valign=\"top\"><span style=\"font-family: Verdana, Arial, Helvetica, sans-serif; font-size: x-small;\">ABANDERADO:<\/span>&nbsp;<br \/>\n<span style=\"font-family: Verdana, Arial, Helvetica, sans-serif; font-size: x-small;\">ALCHAO BRAIAN DANIEL<\/span><br \/>\n<span style=\"font-family: Verdana, Arial, Helvetica, sans-serif; font-size: x-small;\">1\u00ba ESCOLTA:<\/span><br \/>\n<span style=\"font-family: Verdana, Arial, Helvetica, sans-serif; font-size: x-small;\">BOUDET DAIANA<\/span><br \/>\n<span style=\"font-family: Verdana, Arial, Helvetica, sans-serif; font-size: x-small;\">2\u00ba ESCOLTA:<\/span><br \/>\n<span style=\"font-family: Verdana, Arial, Helvetica, sans-serif; font-size: x-small;\">SEPULVEDA CARLA ELIZABETH<\/span><\/td>\n<td width=\"416\"><\/td>\n<\/tr>\n<tr>\n<td width=\"139\" valign=\"top\"><span style=\"font-family: Verdana, Arial, Helvetica, sans-serif; font-size: x-small;\">E.E.S. N\u00ba 5<\/span>&nbsp;<br \/>\n<span style=\"font-family: Verdana, Arial, Helvetica, sans-serif; font-size: x-small;\">VILLA VENTANA<\/span><\/td>\n<td width=\"284\" valign=\"top\"><span style=\"font-family: Verdana, Arial, Helvetica, sans-serif; font-size: x-small;\">ABANDERADA:<\/span>&nbsp;<br \/>\n<span style=\"font-family: Verdana, Arial, Helvetica, sans-serif; font-size: x-small;\">JULIANA FRATTINI<\/span><br \/>\n<span style=\"font-size: x-small;\"><span style=\"font-family: Verdana, Arial, Helvetica, sans-serif;\">1\u00ba ESCOLTA: <\/span><\/span><br \/>\n<span style=\"font-family: Verdana, Arial, Helvetica, sans-serif; font-size: x-small;\">TUPAC ANDRADA<\/span><br \/>\n<span style=\"font-family: Verdana, Arial, Helvetica, sans-serif; font-size: x-small;\">2\u00ba ESCOLTA:<\/span><br \/>\n<span style=\"font-family: Verdana, Arial, Helvetica, sans-serif; font-size: x-small;\">RAUL AGUERRI<\/span><\/td>\n<td width=\"304\" valign=\"top\"><span style=\"font-family: Verdana, Arial, Helvetica, sans-serif; font-size: x-small;\">ABANDERADA:<\/span>&nbsp;<br \/>\n<span style=\"font-family: Verdana, Arial, Helvetica, sans-serif; font-size: x-small;\">JULIA COPPOLECCHIA<\/span><br \/>\n<span style=\"font-size: x-small;\"><span style=\"font-family: Verdana, Arial, Helvetica, sans-serif;\">1\u00ba ESCOLTA: <\/span><\/span><br \/>\n<span style=\"font-family: Verdana, Arial, Helvetica, sans-serif; font-size: x-small;\">EZEQUIEL CHIUCA<\/span><br \/>\n<span style=\"font-family: Verdana, Arial, Helvetica, sans-serif; font-size: x-small;\">2\u00ba ESCOLTA:<\/span><br \/>\n<span style=\"font-family: Verdana, Arial, Helvetica, sans-serif; font-size: x-small;\">SABRINA MONTAG\u00da<\/span><\/td>\n<td width=\"416\"><\/td>\n<\/tr>\n<tr>\n<td width=\"139\" valign=\"top\"><span style=\"font-family: Verdana, Arial, Helvetica, sans-serif; font-size: x-small;\">COLEGIO<\/span>&nbsp;<br \/>\n<span style=\"font-family: Verdana, Arial, Helvetica, sans-serif; font-size: x-small;\">NSTRA. SRA.<\/span><br \/>\n<span style=\"font-family: Verdana, Arial, Helvetica, sans-serif; font-size: x-small;\">DE LUJ\u00c1N<\/span><br \/>\n<span style=\"font-family: Verdana, Arial, Helvetica, sans-serif; font-size: x-small;\">(SECUNDARIA)<\/span><br \/>\n<span style=\"font-family: Verdana, Arial, Helvetica, sans-serif; font-size: x-small;\">TORNQUIST<\/span><\/td>\n<td width=\"284\" valign=\"top\"><span style=\"font-family: Verdana, Arial, Helvetica, sans-serif; font-size: x-small;\">ABANDERADA:<\/span>&nbsp;<br \/>\n<span style=\"font-family: Verdana, Arial, Helvetica, sans-serif; font-size: x-small;\">MART\u00cdNEZ FLORENCIA<\/span><br \/>\n<span style=\"font-family: Verdana, Arial, Helvetica, sans-serif; font-size: x-small;\">1\u00ba ESCOLTA:<\/span><br \/>\n<span style=\"font-family: Verdana, Arial, Helvetica, sans-serif; font-size: x-small;\">TOMBESI MAR\u00cdA BEL\u00c9N<\/span><br \/>\n<span style=\"font-family: Verdana, Arial, Helvetica, sans-serif; font-size: x-small;\">2\u00ba ESCOLTA:<\/span><br \/>\n<span style=\"font-family: Verdana, Arial, Helvetica, sans-serif; font-size: x-small;\">ROSSETI MELINA<\/span><\/td>\n<td width=\"304\" valign=\"top\"><span style=\"font-family: Verdana, Arial, Helvetica, sans-serif; font-size: x-small;\">ABANDERADA:<\/span>&nbsp;<br \/>\n<span style=\"font-family: Verdana, Arial, Helvetica, sans-serif; font-size: x-small;\">LUNA MELANY<\/span><br \/>\n<span style=\"font-family: Verdana, Arial, Helvetica, sans-serif; font-size: x-small;\">1\u00ba ESCOLTA:<\/span><br \/>\n<span style=\"font-family: Verdana, Arial, Helvetica, sans-serif; font-size: x-small;\">MOLINERO ALAN<\/span><br \/>\n<span style=\"font-family: Verdana, Arial, Helvetica, sans-serif; font-size: x-small;\">2\u00ba ESCOLTA:<\/span><br \/>\n<span style=\"font-family: Verdana, Arial, Helvetica, sans-serif; font-size: x-small;\">AYALA FLORENCIA<\/span><\/td>\n<td width=\"416\"><\/td>\n<\/tr>\n<tr>\n<td width=\"139\" valign=\"top\"><span style=\"font-family: Verdana, Arial, Helvetica, sans-serif; font-size: x-small;\">E.E.S.\u00a0\u00a0AGRARIA N\u00ba 1<\/span>&nbsp;<br \/>\n<span style=\"font-family: Verdana, Arial, Helvetica, sans-serif; font-size: x-small;\">TORNQUIST<\/span><\/td>\n<td width=\"284\" valign=\"top\"><span style=\"font-family: Verdana, Arial, Helvetica, sans-serif; font-size: x-small;\">ABANDERADA:<\/span>&nbsp;<br \/>\n<span style=\"font-family: Verdana, Arial, Helvetica, sans-serif; font-size: x-small;\">ROIG\u00c9 YESICA<\/span><br \/>\n<span style=\"font-family: Verdana, Arial, Helvetica, sans-serif; font-size: x-small;\">1\u00ba ESCOLTA:<\/span><br \/>\n<span style=\"font-family: Verdana, Arial, Helvetica, sans-serif; font-size: x-small;\">BUSTOS BRUNO<\/span><br \/>\n<span style=\"font-family: Verdana, Arial, Helvetica, sans-serif; font-size: x-small;\">2\u00ba ESCOLTA:<\/span><br \/>\n<span style=\"font-family: Verdana, Arial, Helvetica, sans-serif; font-size: x-small;\">FAGIOLI ERRECART LAUTARO<\/span><\/td>\n<td width=\"304\" valign=\"top\"><span style=\"font-family: Verdana, Arial, Helvetica, sans-serif; font-size: x-small;\">ABANDERADO:<\/span>&nbsp;<br \/>\n<span style=\"font-family: Verdana, Arial, Helvetica, sans-serif; font-size: x-small;\">GALLARDO RIQUELME CRISTIAN<\/span><br \/>\n<span style=\"font-family: Verdana, Arial, Helvetica, sans-serif; font-size: x-small;\">1\u00ba ESCOLTA:<\/span><br \/>\n<span style=\"font-family: Verdana, Arial, Helvetica, sans-serif; font-size: x-small;\">BLATTNER JENNIFER<\/span><br \/>\n<span style=\"font-family: Verdana, Arial, Helvetica, sans-serif; font-size: x-small;\">2\u00ba ESCOLTA:<\/span><br \/>\n<span style=\"font-family: Verdana, Arial, Helvetica, sans-serif; font-size: x-small;\">RUBIO JUAN<\/span><\/td>\n<td width=\"416\"><\/td>\n<\/tr>\n<tr>\n<td width=\"139\" valign=\"top\"><span style=\"font-family: Verdana, Arial, Helvetica, sans-serif; font-size: x-small;\">E.E.S.\u00a0\u00a0AGRARIA N\u00ba 1<\/span>&nbsp;<br \/>\n<span style=\"font-family: Verdana, Arial, Helvetica, sans-serif; font-size: x-small;\">ANEXO TRES PICOS<\/span><\/td>\n<td width=\"284\" valign=\"top\"><span style=\"font-family: Verdana, Arial, Helvetica, sans-serif; font-size: x-small;\">ABANDERADA:<\/span>&nbsp;<br \/>\n<span style=\"font-family: Verdana, Arial, Helvetica, sans-serif; font-size: x-small;\">MILAGROS FERREYRA<\/span><br \/>\n<span style=\"font-family: Verdana, Arial, Helvetica, sans-serif; font-size: x-small;\">1\u00ba ESCOLTA:<\/span><br \/>\n<span style=\"font-family: Verdana, Arial, Helvetica, sans-serif; font-size: x-small;\">MAR\u00cdA MU\u00d1OZ<\/span><br \/>\n<span style=\"font-family: Verdana, Arial, Helvetica, sans-serif; font-size: x-small;\">2\u00ba ESCOLTA:<\/span><br \/>\n<span style=\"font-family: Verdana, Arial, Helvetica, sans-serif; font-size: x-small;\">LUCIANA DIFRANCO<\/span><\/td>\n<td width=\"304\" valign=\"top\"><span style=\"font-family: Verdana, Arial, Helvetica, sans-serif; font-size: x-small;\">ABANDERADO\/A: &#8212;&#8212;&#8212;&#8212;&#8212;&#8212;&#8212;&#8212;&#8211;<\/span>&nbsp;<br \/>\n<span style=\"font-family: Verdana, Arial, Helvetica, sans-serif; font-size: x-small;\">1\u00ba ESCOLTA: &#8212;&#8212;&#8212;&#8212;&#8212;&#8212;&#8212;&#8212;&#8212;&#8212;&#8212;<\/span><br \/>\n<span style=\"font-family: Verdana, Arial, Helvetica, sans-serif; font-size: x-small;\">2\u00ba ESCOLTA:&#8212;&#8212;&#8212;&#8212;&#8212;&#8212;&#8212;&#8212;&#8212;&#8212;&#8212;-<\/span><\/td>\n<td width=\"416\"><\/td>\n<\/tr>\n<tr>\n<td width=\"139\" valign=\"top\"><span style=\"font-family: Verdana, Arial, Helvetica, sans-serif; font-size: x-small;\">C.E.P.T. N\u00ba 12<\/span>&nbsp;<br \/>\n<span style=\"font-family: Verdana, Arial, Helvetica, sans-serif; font-size: x-small;\">VILLA VENTANA<\/span><\/td>\n<td width=\"284\" valign=\"top\"><span style=\"font-family: Verdana, Arial, Helvetica, sans-serif; font-size: x-small;\">ABANDERADA:<\/span>&nbsp;<br \/>\n<span style=\"font-family: Verdana, Arial, Helvetica, sans-serif; font-size: x-small;\">TRES PALACIOS SOF\u00cdA<\/span><br \/>\n<span style=\"font-family: Verdana, Arial, Helvetica, sans-serif; font-size: x-small;\">1\u00ba ESCOLTA:<\/span><br \/>\n<span style=\"font-family: Verdana, Arial, Helvetica, sans-serif; font-size: x-small;\">TRABELLA AYEL\u00c9N<\/span><br \/>\n<span style=\"font-family: Verdana, Arial, Helvetica, sans-serif; font-size: x-small;\">2\u00ba ESCOLTA:<\/span><br \/>\n<span style=\"font-family: Verdana, Arial, Helvetica, sans-serif; font-size: x-small;\">MASSA GONZALO<\/span><\/td>\n<td width=\"304\" valign=\"top\"><span style=\"font-family: Verdana, Arial, Helvetica, sans-serif; font-size: x-small;\">ABANDERADA:<\/span>&nbsp;<br \/>\n<span style=\"font-family: Verdana, Arial, Helvetica, sans-serif; font-size: x-small;\">ARIAS MARIBEL<\/span><br \/>\n<span style=\"font-family: Verdana, Arial, Helvetica, sans-serif; font-size: x-small;\">1\u00ba ESCOLTA: &#8212;&#8212;&#8212;&#8212;&#8212;&#8212;&#8212;&#8212;&#8212;&#8212;&#8212;&#8211;<\/span><br \/>\n<span style=\"font-family: Verdana, Arial, Helvetica, sans-serif; font-size: x-small;\">2\u00ba ESCOLTA:&#8212;&#8212;&#8212;&#8212;&#8212;&#8212;&#8212;&#8212;&#8212;&#8212;&#8212;&#8211;<\/span><\/td>\n<td width=\"416\"><\/td>\n<\/tr>\n<tr>\n<td width=\"139\" valign=\"top\"><span style=\"font-family: Verdana, Arial, Helvetica, sans-serif; font-size: x-small;\">CENTRO EDUCATIVO<\/span>&nbsp;<br \/>\n<span style=\"font-family: Verdana, Arial, Helvetica, sans-serif; font-size: x-small;\">NIVEL<\/span><br \/>\n<span style=\"font-family: Verdana, Arial, Helvetica, sans-serif; font-size: x-small;\">SECUNDARIO<\/span><br \/>\n<span style=\"font-family: Verdana, Arial, Helvetica, sans-serif; font-size: x-small;\">N\u00ba 451<\/span><br \/>\n<span style=\"font-family: Verdana, Arial, Helvetica, sans-serif; font-size: x-small;\">(CENS)<\/span><br \/>\n<span style=\"font-family: Verdana, Arial, Helvetica, sans-serif; font-size: x-small;\">SALDUNGARAY<\/span><\/td>\n<td width=\"284\" valign=\"top\"><span style=\"font-family: Verdana, Arial, Helvetica, sans-serif; font-size: x-small;\">ABANDERADO:<\/span>&nbsp;<br \/>\n<span style=\"font-family: Verdana, Arial, Helvetica, sans-serif; font-size: x-small;\">ITURRE GUSTAVO<\/span><br \/>\n<span style=\"font-family: Verdana, Arial, Helvetica, sans-serif; font-size: x-small;\">1\u00ba ESCOLTA:<\/span><br \/>\n<span style=\"font-family: Verdana, Arial, Helvetica, sans-serif; font-size: x-small;\">GALEANO M\u00d3NICA<\/span><br \/>\n<span style=\"font-family: Verdana, Arial, Helvetica, sans-serif; font-size: x-small;\">2\u00ba ESCOLTA:<\/span><br \/>\n<span style=\"font-family: Verdana, Arial, Helvetica, sans-serif; font-size: x-small;\">ROSSI ELIANA<\/span><\/td>\n<td width=\"304\" valign=\"top\"><span style=\"font-family: Verdana, Arial, Helvetica, sans-serif; font-size: x-small;\">ABANDERADO:<\/span>&nbsp;<br \/>\n<span style=\"font-family: Verdana, Arial, Helvetica, sans-serif; font-size: x-small;\">LEANDRO GRASSO<\/span><br \/>\n<span style=\"font-family: Verdana, Arial, Helvetica, sans-serif; font-size: x-small;\">1\u00ba ESCOLTA:<\/span><br \/>\n<span style=\"font-family: Verdana, Arial, Helvetica, sans-serif; font-size: x-small;\">LIANA RUEDA<\/span><br \/>\n<span style=\"font-family: Verdana, Arial, Helvetica, sans-serif; font-size: x-small;\">2\u00ba ESCOLTA:<\/span><br \/>\n<span style=\"font-family: Verdana, Arial, Helvetica, sans-serif; font-size: x-small;\">MARIA BANER<\/span><\/td>\n<td width=\"416\"><\/td>\n<\/tr>\n<tr>\n<td width=\"139\" valign=\"top\"><span style=\"font-family: Verdana, Arial, Helvetica, sans-serif; font-size: x-small;\">ESCUELA DE EDUCACI\u00d3N T\u00c9CNICA N\u00ba 1<\/span>&nbsp;<br \/>\n<span style=\"font-family: Verdana, Arial, Helvetica, sans-serif; font-size: x-small;\">TORNQUIST<\/span><\/td>\n<td width=\"284\" valign=\"top\"><span style=\"font-family: Verdana, Arial, Helvetica, sans-serif; font-size: x-small;\">ABANDERADO:<\/span>&nbsp;<br \/>\n<span style=\"font-family: Verdana, Arial, Helvetica, sans-serif; font-size: x-small;\">NIEVAS CHAMORRO JUAN MARCELO<\/span><br \/>\n<span style=\"font-family: Verdana, Arial, Helvetica, sans-serif; font-size: x-small;\">ESCOLTA:<\/span><br \/>\n<span style=\"font-family: Verdana, Arial, Helvetica, sans-serif; font-size: x-small;\">VALENTIN LENCINA POLAC<\/span><br \/>\n<span style=\"font-family: Verdana, Arial, Helvetica, sans-serif; font-size: x-small;\">ESCOLTA:<\/span><br \/>\n<span style=\"font-family: Verdana, Arial, Helvetica, sans-serif; font-size: x-small;\">FRANCO PALACIO<\/span><br \/>\n<span style=\"font-family: Verdana, Arial, Helvetica, sans-serif; font-size: x-small;\">ESCOLTA:<\/span><br \/>\n<span style=\"font-family: Verdana, Arial, Helvetica, sans-serif; font-size: x-small;\">M\u00dcLLER TOB\u00cdAS<\/span><\/td>\n<td width=\"304\" valign=\"top\"><span style=\"font-size: x-small;\"><span style=\"font-family: Verdana, Arial, Helvetica, sans-serif;\">ABANDERADO: <\/span><\/span>&nbsp;<br \/>\n<span style=\"font-family: Verdana, Arial, Helvetica, sans-serif; font-size: x-small;\">ENZO SOTO<\/span><br \/>\n<span style=\"font-family: Verdana, Arial, Helvetica, sans-serif; font-size: x-small;\">ESCOLTA:<\/span><br \/>\n<span style=\"font-family: Verdana, Arial, Helvetica, sans-serif; font-size: x-small;\">JUAN IGNACIO GUERRA<\/span><br \/>\n<span style=\"font-family: Verdana, Arial, Helvetica, sans-serif; font-size: x-small;\">ESCOLTA:<\/span><br \/>\n<span style=\"font-family: Verdana, Arial, Helvetica, sans-serif; font-size: x-small;\">ALEX CODUTTI<\/span><br \/>\n<span style=\"font-family: Verdana, Arial, Helvetica, sans-serif; font-size: x-small;\">ESCOLTA:<\/span><br \/>\n<span style=\"font-family: Verdana, Arial, Helvetica, sans-serif; font-size: x-small;\">NICOL\u00c1S C\u00d3NSOLI<\/span><br \/>\n<span style=\"font-family: Verdana, Arial, Helvetica, sans-serif; font-size: x-small;\">ESCOLTA:<\/span><br \/>\n<span style=\"font-family: Verdana, Arial, Helvetica, sans-serif; font-size: x-small;\">DANIEL ORTIZ<\/span><\/td>\n<td width=\"416\" valign=\"top\"><span style=\"font-family: Verdana, Arial, Helvetica, sans-serif; font-size: x-small;\"> <\/span><\/td>\n<\/tr>\n<\/tbody>\n<\/table>\n<p><span style=\"font-family: Verdana;\"><span style=\"font-family: Verdana, Arial, Helvetica, sans-serif; font-size: x-small;\"> <\/span><\/span><br \/>\n<span style=\"font-family: Verdana, Arial, Helvetica, sans-serif; font-size: x-small;\">NO ASISTIERON:<\/span><br \/>\n<span style=\"font-family: Verdana, Arial, Helvetica, sans-serif; font-size: x-small;\"> <\/span><br \/>\n<span style=\"font-family: Verdana, Arial, Helvetica, sans-serif; font-size: x-small;\"> <\/span><br \/>\n<span style=\"font-family: Verdana, Arial, Helvetica, sans-serif; font-size: x-small;\">ESCUELA N\u00ba 2 (SALDUNGARAY) &#8211; ESCUELA N\u00ba 4 (NUEVA ROMA) &#8211; ESCUELA N\u00ba 6 (SIERRA DE\u00a0LA VENTANA) &#8211;\u00a0ESCUELA N\u00ba 7 (PARAJE FUNKE) &#8211; ESCUELA N\u00ba 8 (PARAJE PASO PIEDRAS) \u2013 ESCUELA N\u00ba 9 (PELICUR\u00c1) &#8211; ESCUELA N\u00ba 25 (BERRAONDO) &#8211; ESCUELA N\u00ba 27\u00a0\u00a0PARAJE SAUCE CHICO) &#8211; ESCUELA DE EDUCACI\u00d3N SECUNDARIA N\u00ba 2 (SIERRA DE\u00a0LA VENTANA) &#8211; ESCUELA DE EDUCACI\u00d3N SECUNDARIA N\u00ba 4 (SALDUNGARAY) &#8211; ESCUELA DE EDUCACI\u00d3N ESPECIAL N\u00ba 502 (SALDUNGARAY) &#8211; INSTITUTO SUPERIOR DE FORMACI\u00d3N DOCENTE Y TECNICO N\u00ba 162 (TORNQUIST) &#8211; INSTITUTO FORT\u00cdN\u00a0\u00a0FAV\u00d3N (SALDUNGARAY)<\/span><br \/>\n<span style=\"font-family: Verdana, Arial, Helvetica, sans-serif; font-size: x-small;\"> <\/span><br \/>\n<span style=\"font-family: Verdana, Arial, Helvetica, sans-serif; font-size: x-small;\">Hicieron uso de la palabra los Sres. Concejales:<\/span><br \/>\n<span style=\"font-family: Verdana, Arial, Helvetica, sans-serif; font-size: x-small;\"> <\/span><br \/>\n<span style=\"font-family: Verdana, Arial, Helvetica, sans-serif; font-size: x-small;\">Concejal Horacio Buitrago:<\/span><br \/>\n<span style=\"font-family: Verdana, Arial, Helvetica, sans-serif; font-size: x-small;\">\u201cBuenas tardes a todos. A\u00f1o a a\u00f1o nos encuentra reunidos en esta entrega del diploma que creo que es m\u00e1s que eso, \u00bfno es cierto?, porque todos sabemos del esfuerzo y el sacrificio que se hace en el a\u00f1o lectivo para llegar a este momento. Aquellos que tuvieron m\u00e1s sacrificio y esfuerzo est\u00e1n hoy siendo abanderados o escoltas, pero tambi\u00e9n sabemos que hay muchos alumnos que han cumplido con la parte educativa y tambi\u00e9n merecen todo el apoyo\u00a0\u00a0y todo el reconocimiento. Sabemos bien que la educaci\u00f3n es fundamental a la hora de desarrollarse como persona pero tambi\u00e9n a la hora de desarrollar un pa\u00eds. Uno, viendo como sub\u00edan los chicos, como sub\u00edan los alumnos creo que, diferentes niveles, diferentes escuelas, diferentes directivos, diferentes lugares del distrito, todos bajo un mismo proyecto, o un mismo objetivo o fin que es educar, capacitar, instruir a una persona, tan importante en la vida. Yo quiero rescatar, porque todos, yo creo que todos hacen un esfuerzo, todos apoyan, pero quiero rescatar algo que creo que es una experiencia de vida, que mucho tiene que ver el seno de la familia, el empuje que se le de al alumno, al ni\u00f1o, al adolescente, para que estudie. Creo que tenemos que hacer todos los esfuerzos necesarios para que las familias comprendan la importancia que tiene el estudio en una persona. Porque sabemos que no nos hace mejores personas haber estudiado, pero s\u00ed posibilita y abre muchas puertas a la hora de estar incluidos, a la hora de trabajar, a la hora de tener oportunidades, y creo que eso vale la pena. As\u00ed que a los chicos, aquellos que son chicos todav\u00eda,\u00a0\u00a0\u00a0a los no tan chicos, y\u00a0\u00a0a los grandes, porque la verdad es que, como dicen, el saber no ocupa lugar, y no hay edad para estudiar, y lo ha demostrado ac\u00e1 y lo hemos visto tambi\u00e9n en otras actividades, no hay edad para el estudio, pero para los chicos y los j\u00f3venes, que todav\u00eda no tienen ese raciocinio de poder saber realmente lo importante que es el estudio, creo que es fundamental que le hagan caso a la familia, al padre, a la madre, a veces la madre, yo creo que no de los pilares para que los j\u00f3venes, los ni\u00f1os estudien est\u00e1 en la casa, est\u00e1 en las familias, y me parece que eso es sumamente importante para tener en cuenta. Como estado a veces lo digo, sino para enfocar donde debemos dar apoyo, brindar seguridad, y que puedan terminar sus estudios y seguir sus estudios. Y escuchando las escuelas que faltan me animar\u00eda a pedirle al Concejo en este caso, a nuestro Concejo Deliberante, al mismo ejecutivo, que hagamos todo el esfuerzo para el a\u00f1o que viene, para que tengamos a todos los chicos y todas las escuelas sentadas en este teatro, porque realmente la igualdad de oportunidades y la igualdad para la educaci\u00f3n no solamente hay que decirla, sino hay que llevarla a cabo, y\u00a0\u00a0creo que muchas de estas escuelas seguramente no han podido porque est\u00e1n lejanas, porque tienen una distancia que recorrer, entonces digo, que hagamos todo el esfuerzo tambi\u00e9n para que todos recibamos, todas las escuelas reciban con sus chicos, abanderados y escoltas, este tan importante reconocimiento. Reconocimiento que a veces no se valora, pero uno viendo y pudiendo leer lo que nos pas\u00f3 hoy ac\u00e1, en el escenario, con algunos chicos que lloraban, con algunos que se aferraban,\u00a0\u00a0creo que eso demuestra que hay un fuerte, un fuerte valor en las cosas que se hacen con esfuerzo y sacrificio. Much\u00edsimas gracias\u201d.<\/span><br \/>\n<span style=\"font-family: Verdana, Arial, Helvetica, sans-serif; font-size: x-small;\"> <\/span><br \/>\n<span style=\"font-family: Verdana, Arial, Helvetica, sans-serif; font-size: x-small;\"> <\/span><br \/>\n<span style=\"font-family: Verdana, Arial, Helvetica, sans-serif; font-size: x-small;\">Concejal Mar\u00eda Esther Parmigiani:<\/span><br \/>\n<span style=\"font-family: Verdana, Arial, Helvetica, sans-serif; font-size: x-small;\">\u201cYo en nombre de nuestro Bloque,\u00a0la Coalici\u00f3n\u00a0C\u00edvica, quiero felicitar a todos quienes hoy han recibido este diploma, queremos hacer llegar tambi\u00e9n un saludo muy afectuoso a todos los estudiantes del distrito, agradecerles su dedicaci\u00f3n. Por otra parte, un reconocimiento especial al\u00a0\u00a0personal docente, que tanto ha trabajado en las condiciones en las que tuvo que hacerlo. Sabemos de su esfuerzo, sabemos que adem\u00e1s de maestros son muchas veces consejeros, y padres tambi\u00e9n. Y por \u00faltimo decirles\u00a0\u00a0a los padres de todos los estudiantes de nuestro distrito que sigan acompa\u00f1ando a sus hijos ya que la educaci\u00f3n es el capital m\u00e1s importante que pueden dejarles. Gracias por su presencia y felices vacaciones\u201d.<\/span><br \/>\n<span style=\"font-family: Verdana, Arial, Helvetica, sans-serif; font-size: x-small;\"> <\/span><br \/>\n<span style=\"font-family: Verdana, Arial, Helvetica, sans-serif; font-size: x-small;\">Concejal Mar\u00eda Ofelia Skolak:<\/span><br \/>\n<span style=\"font-family: Verdana, Arial, Helvetica, sans-serif; font-size: x-small;\">\u201cEn primer lugar buenas tardes a todos. En nombre de los Bloque que represento, el Frente Justicialista para\u00a0la Victoria\u00a0y el Frente para\u00a0la Victoria, es un honor poder compartir este momento, y digo un honor porque estamos reconociendo alumnos y alumnas que se destacan por ser comprometidos, por ser responsables, respetuosos, solidarios, valores muy importantes y valores que se logran con mucho esfuerzo y tambi\u00e9n con una gran corresponsabilidad de un grupo de trabajo, que se inicia desde los alumnos, las docentes, los docentes, los equipos directivos, tambi\u00e9n en conjunto con las inspectoras, que d\u00eda a d\u00eda articulan para lograr una educaci\u00f3n de mejor calidad. Quiero en nombre de los Bloques celebrar algo muy importante que nos sucede hoy. Hoy estamos reconociendo abanderados de una nueva escuela,\u00a0la Escuela\u00a0Secundaria\u00a0T\u00e9cnica N\u00ba 1. La verdad es que es un orgullo para nosotros poder tener hoy en nuestro teatro a integrantes, alumnos y directivos de la nueva escuela t\u00e9cnica. La verdad es que de esta manera vemos como se va diversificando la oferta educativa y adem\u00e1s vemos como vamos creciendo educativamente en nuestro distrito, y siempre brindando mayor oportunidades a nuestros j\u00f3venes. Tambi\u00e9n quiero destacar a todos los alumnos que no han podido estar presentes, como dec\u00eda el Concejal Buitrago, por distintas razones, tambi\u00e9n por razones laborales que los padres\u00a0\u00a0no pueden asistir, tambi\u00e9n por transporte. Qu\u00e9 bueno estar\u00eda, y lo propongo como moci\u00f3n Sr. Presidente, poder asistir a los actos de fin de a\u00f1o de las escuelas que no han podido asistir, para hacerle entrega personalmente, nosotros como Concejales, los diplomas correspondientes. A todos muchas felicidades, el mayor de los \u00e9xitos, cada uno en la etapa que le toque continuar, a los que se van a la universidad, a los que contin\u00faan su vida trabajando. Es un orgullo\u00a0\u00a0poder decir tambi\u00e9n, el que no ha decidido estudiar, poder decir que quiere trabajar, esos son valores, el trabajo. Tambi\u00e9n a los chiquitos que contin\u00faan en las escuelas primarias, porque vemos que tenemos alumnos de escuelas primarias rurales que no est\u00e1n en el \u00faltimo a\u00f1o de la primaria, y ellos contin\u00faan, desearles la mejor de las suertes. A los adultos, adultas, que hoy por hoy est\u00e1n haciendo un gran sacrificio, que es transitar todos los d\u00edas por una escuela y tener el valor de seguir estudiando, con una familia, con muchas actividades para hacer, pero sin embargo esa fortaleza que siempre est\u00e1 firme en cada una de ustedes, continuarla. Muchos \u00e9xitos y muchos cari\u00f1os para todos los alumnos y alumnas que est\u00e9n presentes, los directivos, un abrazo muy fuerte a todos los padres, que hacen mucho esfuerzo para que sus hijos puedan cumplir estos logros. Nada m\u00e1s\u201d.<\/span><br \/>\n<span style=\"font-family: Verdana, Arial, Helvetica, sans-serif; font-size: x-small;\"> <\/span><br \/>\n<span style=\"font-family: Verdana, Arial, Helvetica, sans-serif; font-size: x-small;\">Se aprueba por unanimidad la moci\u00f3n de\u00a0la Concejal\u00a0Skolak\u00a0de entregar los diplomas personalmente a las escuelas que no asistieron a esta sesi\u00f3n, en sus respectivos actos de fin de curso.<\/span><br \/>\n<span style=\"font-family: Verdana, Arial, Helvetica, sans-serif; font-size: x-small;\"> <\/span><br \/>\n<span style=\"font-family: Verdana, Arial, Helvetica, sans-serif; font-size: x-small;\">\u201cPresidente del Honorable Concejo Deliberante, Concejal Sergio Bordoni:<\/span><br \/>\n<span style=\"font-family: Verdana, Arial, Helvetica, sans-serif; font-size: x-small;\">\u201cBuenas tardes a todos. Como Presidente de este Cuerpo Deliberativo quiero agradecer la presencia de todos ustedes. Este es un reconocimiento a aquellos que han estudiado, se han dedicado, y han obtenido sus mejores promedios. Pero hay algo muy importante que tengo que rescatar, no solamente la dedicaci\u00f3n de los alumnos, sino el gran profesionalismo que tienen los docentes en nuestro pa\u00eds. Sinceramente lo digo porque son un puntapi\u00e9 inicial para que nuestra Argentina vaya para adelante. Un pa\u00eds que se educa es un pa\u00eds que est\u00e1 en movimiento y eso me parece que es lo puntual. Tambi\u00e9n destacar, porque a la gente que vive en nuestra localidad le es mucho m\u00e1s f\u00e1cil llegar, hoy tenemos de todas las localidades y hacen un gran esfuerzo para llegar ac\u00e1. As\u00ed que agradezco a aquellos que han venido de distintas localidades del distrito, porque es un esfuerzo meritorio que aparte est\u00e1n haciendo, aparte de estudiar. Y por \u00faltimo tambi\u00e9n vi que hay mucha gente grande que seguramente aparte de estudiar trabaja, eso es doble m\u00e9rito. As\u00ed que sigan haci\u00e9ndolo porque necesitamos gente que se vaya educando, no importa las edades que tengan, la educaci\u00f3n,\u00a0\u00a0nunca se termina de aprender, y es lo m\u00e1s importante que tenemos. As\u00ed que muchas gracias y buen retorno a sus hogares y felices vacaciones\u201d.<\/span><br \/>\n<span style=\"font-family: Verdana, Arial, Helvetica, sans-serif; font-size: x-small;\"> <\/span><br \/>\n<span style=\"font-family: Verdana, Arial, Helvetica, sans-serif; font-size: x-small;\">PRENSA HCD<\/span><br \/>\n<span style=\"font-family: Verdana, Arial, Helvetica, sans-serif; font-size: x-small;\"><br \/>\n<\/span><br \/>\n&nbsp;<br \/>\n&nbsp;<\/p>\n","protected":false},"excerpt":{"rendered":"<p>httpv:\/\/www.youtube.com\/watch?v=GaC9J57qzbk httpv:\/\/www.youtube.com\/watch?v=_OgJKX3AApo El lunes 18 de noviembre a partir de las\u00a0\u00a019:30\u00a0\u00a0hs. se realiz\u00f3 la entrega de Diplomas a Abanderados y Escoltas de las Escuelas del Distrito de Tornquist, seg\u00fan lo establec\u00eda el Decreto N\u00ba 16\/13 del Honorable Concejo Deliberante. El Teatro Municipal se vio colmado por la presencia de alumnos de los distintos establecimientos educacionales, [&hellip;]<\/p>\n","protected":false},"author":1,"featured_media":0,"comment_status":"closed","ping_status":"open","sticky":false,"template":"","format":"standard","meta":{"footnotes":""},"categories":[51,52,53,64],"tags":[],"class_list":["post-15937","post","type-post","status-publish","format-standard","hentry","category-comunidad","category-destacadas","category-politica","category-videos-destacados"],"yoast_head":"<!-- This site is optimized with the Yoast SEO plugin v19.7.1 - https:\/\/yoast.com\/wordpress\/plugins\/seo\/ -->\n<title>EL HCD. DISTINGUI\u00d3 A LOS ABANDERADOS DEL DISTRITO (videos del acto realizado en el Teatro Funke) - CELTTV<\/title>\n<meta name=\"description\" content=\"Sitio web de noticias de la localidad de Tornquist, provincia de Buenos Aires, Rep\u00fablica Argentina. Contenido propio originado por periodistas de CELTTV, el canal de TV local de la Cooperativa El\u00e9ctrica de Tornquist. Turismo, Pol\u00edtica, Sociedad, Deporte, Cultura y todo el contenido de inter\u00e9s general que la gente del pueblo y la regi\u00f3n debe conocer.\" \/>\n<meta name=\"robots\" content=\"index, follow, max-snippet:-1, max-image-preview:large, max-video-preview:-1\" \/>\n<link rel=\"canonical\" href=\"https:\/\/www.celttv.com.ar\/index.php\/2013\/11\/20\/el-hcd-distinguio-a-los-abanderados-del-distrito\/\" \/>\n<meta property=\"og:locale\" content=\"es_ES\" \/>\n<meta property=\"og:type\" content=\"article\" \/>\n<meta property=\"og:title\" content=\"EL HCD. DISTINGUI\u00d3 A LOS ABANDERADOS DEL DISTRITO (videos del acto realizado en el Teatro Funke) - CELTTV\" \/>\n<meta property=\"og:description\" content=\"Sitio web de noticias de la localidad de Tornquist, provincia de Buenos Aires, Rep\u00fablica Argentina. Contenido propio originado por periodistas de CELTTV, el canal de TV local de la Cooperativa El\u00e9ctrica de Tornquist. Turismo, Pol\u00edtica, Sociedad, Deporte, Cultura y todo el contenido de inter\u00e9s general que la gente del pueblo y la regi\u00f3n debe conocer.\" \/>\n<meta property=\"og:url\" content=\"https:\/\/www.celttv.com.ar\/index.php\/2013\/11\/20\/el-hcd-distinguio-a-los-abanderados-del-distrito\/\" \/>\n<meta property=\"og:site_name\" content=\"CELTTV\" \/>\n<meta property=\"article:publisher\" content=\"https:\/\/www.facebook.com\/celtTV\/\" \/>\n<meta property=\"article:published_time\" content=\"2013-11-20T19:53:38+00:00\" \/>\n<meta name=\"author\" content=\"ulises\" \/>\n<meta name=\"twitter:card\" content=\"summary_large_image\" \/>\n<meta name=\"twitter:label1\" content=\"Escrito por\" \/>\n\t<meta name=\"twitter:data1\" content=\"ulises\" \/>\n\t<meta name=\"twitter:label2\" content=\"Tiempo de lectura\" \/>\n\t<meta name=\"twitter:data2\" content=\"13 minutos\" \/>\n<script type=\"application\/ld+json\" class=\"yoast-schema-graph\">{\"@context\":\"https:\/\/schema.org\",\"@graph\":[{\"@type\":\"NewsArticle\",\"@id\":\"https:\/\/www.celttv.com.ar\/index.php\/2013\/11\/20\/el-hcd-distinguio-a-los-abanderados-del-distrito\/#article\",\"isPartOf\":{\"@id\":\"https:\/\/www.celttv.com.ar\/index.php\/2013\/11\/20\/el-hcd-distinguio-a-los-abanderados-del-distrito\/\"},\"author\":{\"name\":\"ulises\",\"@id\":\"https:\/\/www.celttv.com.ar\/#\/schema\/person\/6d99c072dba59953809c81446e9d0ace\"},\"headline\":\"EL HCD. DISTINGUI\u00d3 A LOS ABANDERADOS DEL DISTRITO (videos del acto realizado en el Teatro Funke)\",\"datePublished\":\"2013-11-20T19:53:38+00:00\",\"dateModified\":\"2013-11-20T19:53:38+00:00\",\"mainEntityOfPage\":{\"@id\":\"https:\/\/www.celttv.com.ar\/index.php\/2013\/11\/20\/el-hcd-distinguio-a-los-abanderados-del-distrito\/\"},\"wordCount\":2523,\"publisher\":{\"@id\":\"https:\/\/www.celttv.com.ar\/#organization\"},\"articleSection\":[\"Comunidad\",\"Destacadas\",\"Pol\u00edtica\",\"Videos Destacados\"],\"inLanguage\":\"es\"},{\"@type\":\"WebPage\",\"@id\":\"https:\/\/www.celttv.com.ar\/index.php\/2013\/11\/20\/el-hcd-distinguio-a-los-abanderados-del-distrito\/\",\"url\":\"https:\/\/www.celttv.com.ar\/index.php\/2013\/11\/20\/el-hcd-distinguio-a-los-abanderados-del-distrito\/\",\"name\":\"EL HCD. DISTINGUI\u00d3 A LOS ABANDERADOS DEL DISTRITO (videos del acto realizado en el Teatro Funke) - CELTTV\",\"isPartOf\":{\"@id\":\"https:\/\/www.celttv.com.ar\/#website\"},\"datePublished\":\"2013-11-20T19:53:38+00:00\",\"dateModified\":\"2013-11-20T19:53:38+00:00\",\"description\":\"Sitio web de noticias de la localidad de Tornquist, provincia de Buenos Aires, Rep\u00fablica Argentina. Contenido propio originado por periodistas de CELTTV, el canal de TV local de la Cooperativa El\u00e9ctrica de Tornquist. Turismo, Pol\u00edtica, Sociedad, Deporte, Cultura y todo el contenido de inter\u00e9s general que la gente del pueblo y la regi\u00f3n debe conocer.\",\"breadcrumb\":{\"@id\":\"https:\/\/www.celttv.com.ar\/index.php\/2013\/11\/20\/el-hcd-distinguio-a-los-abanderados-del-distrito\/#breadcrumb\"},\"inLanguage\":\"es\",\"potentialAction\":[{\"@type\":\"ReadAction\",\"target\":[\"https:\/\/www.celttv.com.ar\/index.php\/2013\/11\/20\/el-hcd-distinguio-a-los-abanderados-del-distrito\/\"]}]},{\"@type\":\"BreadcrumbList\",\"@id\":\"https:\/\/www.celttv.com.ar\/index.php\/2013\/11\/20\/el-hcd-distinguio-a-los-abanderados-del-distrito\/#breadcrumb\",\"itemListElement\":[{\"@type\":\"ListItem\",\"position\":1,\"name\":\"Inicio\",\"item\":\"https:\/\/www.celttv.com.ar\/\"},{\"@type\":\"ListItem\",\"position\":2,\"name\":\"EL HCD. DISTINGUI\u00d3 A LOS ABANDERADOS DEL DISTRITO (videos del acto realizado en el Teatro Funke)\"}]},{\"@type\":\"WebSite\",\"@id\":\"https:\/\/www.celttv.com.ar\/#website\",\"url\":\"https:\/\/www.celttv.com.ar\/\",\"name\":\"CELTTV\",\"description\":\"Cooperativa El\u00e9ctrica de Tornquist\",\"publisher\":{\"@id\":\"https:\/\/www.celttv.com.ar\/#organization\"},\"potentialAction\":[{\"@type\":\"SearchAction\",\"target\":{\"@type\":\"EntryPoint\",\"urlTemplate\":\"https:\/\/www.celttv.com.ar\/?s={search_term_string}\"},\"query-input\":\"required name=search_term_string\"}],\"inLanguage\":\"es\"},{\"@type\":\"Organization\",\"@id\":\"https:\/\/www.celttv.com.ar\/#organization\",\"name\":\"CELTTV\",\"url\":\"https:\/\/www.celttv.com.ar\/\",\"sameAs\":[\"https:\/\/www.youtube.com\/channel\/UCz_oIt8Hig64Ub-EmcNPIhg\",\"https:\/\/www.facebook.com\/celtTV\/\"],\"logo\":{\"@type\":\"ImageObject\",\"inLanguage\":\"es\",\"@id\":\"https:\/\/www.celttv.com.ar\/#\/schema\/logo\/image\/\",\"url\":\"http:\/\/www.celttv.com.ar\/wp-content\/uploads\/2022\/08\/logo-1.png\",\"contentUrl\":\"http:\/\/www.celttv.com.ar\/wp-content\/uploads\/2022\/08\/logo-1.png\",\"width\":461,\"height\":159,\"caption\":\"CELTTV\"},\"image\":{\"@id\":\"https:\/\/www.celttv.com.ar\/#\/schema\/logo\/image\/\"}},{\"@type\":\"Person\",\"@id\":\"https:\/\/www.celttv.com.ar\/#\/schema\/person\/6d99c072dba59953809c81446e9d0ace\",\"name\":\"ulises\",\"image\":{\"@type\":\"ImageObject\",\"inLanguage\":\"es\",\"@id\":\"https:\/\/www.celttv.com.ar\/#\/schema\/person\/image\/\",\"url\":\"https:\/\/secure.gravatar.com\/avatar\/7f2c48bdc33b30088f941fb6082e555f2874c98e20cb159d7b92b50eadfce793?s=96&d=mm&r=g\",\"contentUrl\":\"https:\/\/secure.gravatar.com\/avatar\/7f2c48bdc33b30088f941fb6082e555f2874c98e20cb159d7b92b50eadfce793?s=96&d=mm&r=g\",\"caption\":\"ulises\"},\"sameAs\":[\"http:\/\/www.celttv.com.ar\"]}]}<\/script>\n<!-- \/ Yoast SEO plugin. -->","yoast_head_json":{"title":"EL HCD. DISTINGUI\u00d3 A LOS ABANDERADOS DEL DISTRITO (videos del acto realizado en el Teatro Funke) - CELTTV","description":"Sitio web de noticias de la localidad de Tornquist, provincia de Buenos Aires, Rep\u00fablica Argentina. Contenido propio originado por periodistas de CELTTV, el canal de TV local de la Cooperativa El\u00e9ctrica de Tornquist. Turismo, Pol\u00edtica, Sociedad, Deporte, Cultura y todo el contenido de inter\u00e9s general que la gente del pueblo y la regi\u00f3n debe conocer.","robots":{"index":"index","follow":"follow","max-snippet":"max-snippet:-1","max-image-preview":"max-image-preview:large","max-video-preview":"max-video-preview:-1"},"canonical":"https:\/\/www.celttv.com.ar\/index.php\/2013\/11\/20\/el-hcd-distinguio-a-los-abanderados-del-distrito\/","og_locale":"es_ES","og_type":"article","og_title":"EL HCD. DISTINGUI\u00d3 A LOS ABANDERADOS DEL DISTRITO (videos del acto realizado en el Teatro Funke) - CELTTV","og_description":"Sitio web de noticias de la localidad de Tornquist, provincia de Buenos Aires, Rep\u00fablica Argentina. Contenido propio originado por periodistas de CELTTV, el canal de TV local de la Cooperativa El\u00e9ctrica de Tornquist. Turismo, Pol\u00edtica, Sociedad, Deporte, Cultura y todo el contenido de inter\u00e9s general que la gente del pueblo y la regi\u00f3n debe conocer.","og_url":"https:\/\/www.celttv.com.ar\/index.php\/2013\/11\/20\/el-hcd-distinguio-a-los-abanderados-del-distrito\/","og_site_name":"CELTTV","article_publisher":"https:\/\/www.facebook.com\/celtTV\/","article_published_time":"2013-11-20T19:53:38+00:00","author":"ulises","twitter_card":"summary_large_image","twitter_misc":{"Escrito por":"ulises","Tiempo de lectura":"13 minutos"},"schema":{"@context":"https:\/\/schema.org","@graph":[{"@type":"NewsArticle","@id":"https:\/\/www.celttv.com.ar\/index.php\/2013\/11\/20\/el-hcd-distinguio-a-los-abanderados-del-distrito\/#article","isPartOf":{"@id":"https:\/\/www.celttv.com.ar\/index.php\/2013\/11\/20\/el-hcd-distinguio-a-los-abanderados-del-distrito\/"},"author":{"name":"ulises","@id":"https:\/\/www.celttv.com.ar\/#\/schema\/person\/6d99c072dba59953809c81446e9d0ace"},"headline":"EL HCD. DISTINGUI\u00d3 A LOS ABANDERADOS DEL DISTRITO (videos del acto realizado en el Teatro Funke)","datePublished":"2013-11-20T19:53:38+00:00","dateModified":"2013-11-20T19:53:38+00:00","mainEntityOfPage":{"@id":"https:\/\/www.celttv.com.ar\/index.php\/2013\/11\/20\/el-hcd-distinguio-a-los-abanderados-del-distrito\/"},"wordCount":2523,"publisher":{"@id":"https:\/\/www.celttv.com.ar\/#organization"},"articleSection":["Comunidad","Destacadas","Pol\u00edtica","Videos Destacados"],"inLanguage":"es"},{"@type":"WebPage","@id":"https:\/\/www.celttv.com.ar\/index.php\/2013\/11\/20\/el-hcd-distinguio-a-los-abanderados-del-distrito\/","url":"https:\/\/www.celttv.com.ar\/index.php\/2013\/11\/20\/el-hcd-distinguio-a-los-abanderados-del-distrito\/","name":"EL HCD. DISTINGUI\u00d3 A LOS ABANDERADOS DEL DISTRITO (videos del acto realizado en el Teatro Funke) - CELTTV","isPartOf":{"@id":"https:\/\/www.celttv.com.ar\/#website"},"datePublished":"2013-11-20T19:53:38+00:00","dateModified":"2013-11-20T19:53:38+00:00","description":"Sitio web de noticias de la localidad de Tornquist, provincia de Buenos Aires, Rep\u00fablica Argentina. Contenido propio originado por periodistas de CELTTV, el canal de TV local de la Cooperativa El\u00e9ctrica de Tornquist. Turismo, Pol\u00edtica, Sociedad, Deporte, Cultura y todo el contenido de inter\u00e9s general que la gente del pueblo y la regi\u00f3n debe conocer.","breadcrumb":{"@id":"https:\/\/www.celttv.com.ar\/index.php\/2013\/11\/20\/el-hcd-distinguio-a-los-abanderados-del-distrito\/#breadcrumb"},"inLanguage":"es","potentialAction":[{"@type":"ReadAction","target":["https:\/\/www.celttv.com.ar\/index.php\/2013\/11\/20\/el-hcd-distinguio-a-los-abanderados-del-distrito\/"]}]},{"@type":"BreadcrumbList","@id":"https:\/\/www.celttv.com.ar\/index.php\/2013\/11\/20\/el-hcd-distinguio-a-los-abanderados-del-distrito\/#breadcrumb","itemListElement":[{"@type":"ListItem","position":1,"name":"Inicio","item":"https:\/\/www.celttv.com.ar\/"},{"@type":"ListItem","position":2,"name":"EL HCD. DISTINGUI\u00d3 A LOS ABANDERADOS DEL DISTRITO (videos del acto realizado en el Teatro Funke)"}]},{"@type":"WebSite","@id":"https:\/\/www.celttv.com.ar\/#website","url":"https:\/\/www.celttv.com.ar\/","name":"CELTTV","description":"Cooperativa El\u00e9ctrica de Tornquist","publisher":{"@id":"https:\/\/www.celttv.com.ar\/#organization"},"potentialAction":[{"@type":"SearchAction","target":{"@type":"EntryPoint","urlTemplate":"https:\/\/www.celttv.com.ar\/?s={search_term_string}"},"query-input":"required name=search_term_string"}],"inLanguage":"es"},{"@type":"Organization","@id":"https:\/\/www.celttv.com.ar\/#organization","name":"CELTTV","url":"https:\/\/www.celttv.com.ar\/","sameAs":["https:\/\/www.youtube.com\/channel\/UCz_oIt8Hig64Ub-EmcNPIhg","https:\/\/www.facebook.com\/celtTV\/"],"logo":{"@type":"ImageObject","inLanguage":"es","@id":"https:\/\/www.celttv.com.ar\/#\/schema\/logo\/image\/","url":"http:\/\/www.celttv.com.ar\/wp-content\/uploads\/2022\/08\/logo-1.png","contentUrl":"http:\/\/www.celttv.com.ar\/wp-content\/uploads\/2022\/08\/logo-1.png","width":461,"height":159,"caption":"CELTTV"},"image":{"@id":"https:\/\/www.celttv.com.ar\/#\/schema\/logo\/image\/"}},{"@type":"Person","@id":"https:\/\/www.celttv.com.ar\/#\/schema\/person\/6d99c072dba59953809c81446e9d0ace","name":"ulises","image":{"@type":"ImageObject","inLanguage":"es","@id":"https:\/\/www.celttv.com.ar\/#\/schema\/person\/image\/","url":"https:\/\/secure.gravatar.com\/avatar\/7f2c48bdc33b30088f941fb6082e555f2874c98e20cb159d7b92b50eadfce793?s=96&d=mm&r=g","contentUrl":"https:\/\/secure.gravatar.com\/avatar\/7f2c48bdc33b30088f941fb6082e555f2874c98e20cb159d7b92b50eadfce793?s=96&d=mm&r=g","caption":"ulises"},"sameAs":["http:\/\/www.celttv.com.ar"]}]}},"_links":{"self":[{"href":"https:\/\/www.celttv.com.ar\/index.php\/wp-json\/wp\/v2\/posts\/15937","targetHints":{"allow":["GET"]}}],"collection":[{"href":"https:\/\/www.celttv.com.ar\/index.php\/wp-json\/wp\/v2\/posts"}],"about":[{"href":"https:\/\/www.celttv.com.ar\/index.php\/wp-json\/wp\/v2\/types\/post"}],"author":[{"embeddable":true,"href":"https:\/\/www.celttv.com.ar\/index.php\/wp-json\/wp\/v2\/users\/1"}],"replies":[{"embeddable":true,"href":"https:\/\/www.celttv.com.ar\/index.php\/wp-json\/wp\/v2\/comments?post=15937"}],"version-history":[{"count":0,"href":"https:\/\/www.celttv.com.ar\/index.php\/wp-json\/wp\/v2\/posts\/15937\/revisions"}],"wp:attachment":[{"href":"https:\/\/www.celttv.com.ar\/index.php\/wp-json\/wp\/v2\/media?parent=15937"}],"wp:term":[{"taxonomy":"category","embeddable":true,"href":"https:\/\/www.celttv.com.ar\/index.php\/wp-json\/wp\/v2\/categories?post=15937"},{"taxonomy":"post_tag","embeddable":true,"href":"https:\/\/www.celttv.com.ar\/index.php\/wp-json\/wp\/v2\/tags?post=15937"}],"curies":[{"name":"wp","href":"https:\/\/api.w.org\/{rel}","templated":true}]}}