{"id":15946,"date":"2013-11-21T16:21:42","date_gmt":"2013-11-21T16:21:42","guid":{"rendered":"http:\/\/www.tvcnoticias.com.ar\/?p=15946"},"modified":"2013-11-21T16:21:42","modified_gmt":"2013-11-21T16:21:42","slug":"saludos-en-el-dia-de-la-enfermeria-y-una-foto-con-historia","status":"publish","type":"post","link":"https:\/\/www.celttv.com.ar\/index.php\/2013\/11\/21\/saludos-en-el-dia-de-la-enfermeria-y-una-foto-con-historia\/","title":{"rendered":"SALUDOS EN EL DIA DE LA ENFERMERIA Y UNA FOTO CON HISTORIA"},"content":{"rendered":"<p>Verdaderos iconos en el Hospital Municipal de Tornquist, nombres que hicieron historia en nuestro nosocomio.<br \/>\nArriba: &#8220;Danielito&#8221; Ruppel, la bioqu\u00edmica E. de Abrego, Amelia Cisneros (cocinera), Pety Rivas (enfermera), Dr. Jorge Nu\u00f1ez, Dr. Jos\u00e9 Manuel Rodriguez, Susana Sauer (administrativa), Isabel Rold\u00e1n (enfermera), Marcela Ramirez (enfermera) y Don Cayetano Macchi.<br \/>\nAbajo: Margarita Minich (mucama), Hayde Barral (enfermera), Daniel Ruppel (ex intendente Municipal), Marta Antonucci (jefa de enfermer\u00eda) y &#8220;Poty&#8221; Scharff (radi\u00f3loga)<br \/>\n&nbsp;<br \/>\nPara ser enfermera\/o hay que tener un alto sentido de responsabilidad y sobre todo de amor y misericordia para llevar a todos los pacientes un poco de tranquilidad y calma.\u00a0Realizan una de las labores m\u00e1s nobles que pueden existir pues llevan un poco de confort y paz a todos los enfermos y les ayudan en su recuperaci\u00f3n.Muchas felicidades para todas las enfermeras\/os en su d\u00eda, en especial para las que trabajan en nuestro distrito<br \/>\n.Sergio Fabi\u00e1n BordoniPresidente H.C.D.<br \/>\n&#8220;Siempre con el alma y la tarea de servir&#8221;En la Rep\u00fablica Argentina, el 21 de noviembre celebramos el d\u00eda de la Enfermer\u00eda, por cuanto el 21 de noviembre del a\u00f1o 1935, se fund\u00f3 la Federaci\u00f3n de Asociaciones de Profesionales Cat\u00f3licas de Enfermer\u00eda, que nombr\u00f3 como patrona a la Virgen de los remedios, cuya festividad es en esa fecha. \u00a0Es por ello que hoy queremos saludar a todos los enfermeros y enfermeras de nuestro distrito que con dedicaci\u00f3n y profesionalismo prestan un loable servicio a toda la comunidad, no solo en atenci\u00f3n sino en prevenci\u00f3n y contenci\u00f3n de pacientes y familias.<br \/>\nA todos ellos MUCHAS FELICIDADES!!!<br \/>\nCONCEJAL HORACIO BUITRAGO<br \/>\n&nbsp;<br \/>\nSalutaci\u00f3n por el D\u00eda de la Enfermera\u00a0 \u00a0El intendente municipal, licenciado Gustavo Trankels, saluda afectuosamente a todas las enfermeras y todos los enfermeros de nuestro distrito, que con su vocaci\u00f3n de servicio cumplen diariamente un rol invalorable dentro de la comunidad. Aprovecho esta fecha tan especial para reconocer el esfuerzo, la dedicaci\u00f3n y el esmero que cada uno de ellos. \u00a1Feliz d\u00eda!<br \/>\n<img loading=\"lazy\" decoding=\"async\" class=\"aligncenter size-full wp-image-15947\" title=\"HOSPITAL MUNICIPAL FOTO HISTORICA (Small)\" src=\"http:\/\/www.tvcnoticias.com.ar\/wp-content\/uploads\/2013\/11\/HOSPITAL-MUNICIPAL-FOTO-HISTORICA-Small.jpg\" alt=\"\" width=\"640\" height=\"404\" \/><br \/>\n&nbsp;<\/p>\n","protected":false},"excerpt":{"rendered":"<p>Verdaderos iconos en el Hospital Municipal de Tornquist, nombres que hicieron historia en nuestro nosocomio. Arriba: &#8220;Danielito&#8221; Ruppel, la bioqu\u00edmica E. de Abrego, Amelia Cisneros (cocinera), Pety Rivas (enfermera), Dr. Jorge Nu\u00f1ez, Dr. Jos\u00e9 Manuel Rodriguez, Susana Sauer (administrativa), Isabel Rold\u00e1n (enfermera), Marcela Ramirez (enfermera) y Don Cayetano Macchi. Abajo: Margarita Minich (mucama), Hayde Barral [&hellip;]<\/p>\n","protected":false},"author":1,"featured_media":0,"comment_status":"closed","ping_status":"open","sticky":false,"template":"","format":"standard","meta":{"footnotes":""},"categories":[51,52],"tags":[],"class_list":["post-15946","post","type-post","status-publish","format-standard","hentry","category-comunidad","category-destacadas"],"yoast_head":"<!-- This site is optimized with the Yoast SEO plugin v19.7.1 - https:\/\/yoast.com\/wordpress\/plugins\/seo\/ -->\n<title>SALUDOS EN EL DIA DE LA ENFERMERIA Y UNA FOTO CON HISTORIA - CELTTV<\/title>\n<meta name=\"description\" content=\"Sitio web de noticias de la localidad de Tornquist, provincia de Buenos Aires, Rep\u00fablica Argentina. Contenido propio originado por periodistas de CELTTV, el canal de TV local de la Cooperativa El\u00e9ctrica de Tornquist. Turismo, Pol\u00edtica, Sociedad, Deporte, Cultura y todo el contenido de inter\u00e9s general que la gente del pueblo y la regi\u00f3n debe conocer.\" \/>\n<meta name=\"robots\" content=\"index, follow, max-snippet:-1, max-image-preview:large, max-video-preview:-1\" \/>\n<link rel=\"canonical\" href=\"https:\/\/www.celttv.com.ar\/index.php\/2013\/11\/21\/saludos-en-el-dia-de-la-enfermeria-y-una-foto-con-historia\/\" \/>\n<meta property=\"og:locale\" content=\"es_ES\" \/>\n<meta property=\"og:type\" content=\"article\" \/>\n<meta property=\"og:title\" content=\"SALUDOS EN EL DIA DE LA ENFERMERIA Y UNA FOTO CON HISTORIA - CELTTV\" \/>\n<meta property=\"og:description\" content=\"Sitio web de noticias de la localidad de Tornquist, provincia de Buenos Aires, Rep\u00fablica Argentina. Contenido propio originado por periodistas de CELTTV, el canal de TV local de la Cooperativa El\u00e9ctrica de Tornquist. Turismo, Pol\u00edtica, Sociedad, Deporte, Cultura y todo el contenido de inter\u00e9s general que la gente del pueblo y la regi\u00f3n debe conocer.\" \/>\n<meta property=\"og:url\" content=\"https:\/\/www.celttv.com.ar\/index.php\/2013\/11\/21\/saludos-en-el-dia-de-la-enfermeria-y-una-foto-con-historia\/\" \/>\n<meta property=\"og:site_name\" content=\"CELTTV\" \/>\n<meta property=\"article:publisher\" content=\"https:\/\/www.facebook.com\/celtTV\/\" \/>\n<meta property=\"article:published_time\" content=\"2013-11-21T16:21:42+00:00\" \/>\n<meta property=\"og:image\" content=\"http:\/\/www.tvcnoticias.com.ar\/wp-content\/uploads\/2013\/11\/HOSPITAL-MUNICIPAL-FOTO-HISTORICA-Small.jpg\" \/>\n<meta name=\"author\" content=\"ulises\" \/>\n<meta name=\"twitter:card\" content=\"summary_large_image\" \/>\n<meta name=\"twitter:label1\" content=\"Escrito por\" \/>\n\t<meta name=\"twitter:data1\" content=\"ulises\" \/>\n\t<meta name=\"twitter:label2\" content=\"Tiempo de lectura\" \/>\n\t<meta name=\"twitter:data2\" content=\"2 minutos\" \/>\n<script type=\"application\/ld+json\" class=\"yoast-schema-graph\">{\"@context\":\"https:\/\/schema.org\",\"@graph\":[{\"@type\":\"NewsArticle\",\"@id\":\"https:\/\/www.celttv.com.ar\/index.php\/2013\/11\/21\/saludos-en-el-dia-de-la-enfermeria-y-una-foto-con-historia\/#article\",\"isPartOf\":{\"@id\":\"https:\/\/www.celttv.com.ar\/index.php\/2013\/11\/21\/saludos-en-el-dia-de-la-enfermeria-y-una-foto-con-historia\/\"},\"author\":{\"name\":\"ulises\",\"@id\":\"https:\/\/www.celttv.com.ar\/#\/schema\/person\/6d99c072dba59953809c81446e9d0ace\"},\"headline\":\"SALUDOS EN EL DIA DE LA ENFERMERIA Y UNA FOTO CON HISTORIA\",\"datePublished\":\"2013-11-21T16:21:42+00:00\",\"dateModified\":\"2013-11-21T16:21:42+00:00\",\"mainEntityOfPage\":{\"@id\":\"https:\/\/www.celttv.com.ar\/index.php\/2013\/11\/21\/saludos-en-el-dia-de-la-enfermeria-y-una-foto-con-historia\/\"},\"wordCount\":362,\"publisher\":{\"@id\":\"https:\/\/www.celttv.com.ar\/#organization\"},\"articleSection\":[\"Comunidad\",\"Destacadas\"],\"inLanguage\":\"es\"},{\"@type\":\"WebPage\",\"@id\":\"https:\/\/www.celttv.com.ar\/index.php\/2013\/11\/21\/saludos-en-el-dia-de-la-enfermeria-y-una-foto-con-historia\/\",\"url\":\"https:\/\/www.celttv.com.ar\/index.php\/2013\/11\/21\/saludos-en-el-dia-de-la-enfermeria-y-una-foto-con-historia\/\",\"name\":\"SALUDOS EN EL DIA DE LA ENFERMERIA Y UNA FOTO CON HISTORIA - CELTTV\",\"isPartOf\":{\"@id\":\"https:\/\/www.celttv.com.ar\/#website\"},\"datePublished\":\"2013-11-21T16:21:42+00:00\",\"dateModified\":\"2013-11-21T16:21:42+00:00\",\"description\":\"Sitio web de noticias de la localidad de Tornquist, provincia de Buenos Aires, Rep\u00fablica Argentina. Contenido propio originado por periodistas de CELTTV, el canal de TV local de la Cooperativa El\u00e9ctrica de Tornquist. Turismo, Pol\u00edtica, Sociedad, Deporte, Cultura y todo el contenido de inter\u00e9s general que la gente del pueblo y la regi\u00f3n debe conocer.\",\"breadcrumb\":{\"@id\":\"https:\/\/www.celttv.com.ar\/index.php\/2013\/11\/21\/saludos-en-el-dia-de-la-enfermeria-y-una-foto-con-historia\/#breadcrumb\"},\"inLanguage\":\"es\",\"potentialAction\":[{\"@type\":\"ReadAction\",\"target\":[\"https:\/\/www.celttv.com.ar\/index.php\/2013\/11\/21\/saludos-en-el-dia-de-la-enfermeria-y-una-foto-con-historia\/\"]}]},{\"@type\":\"BreadcrumbList\",\"@id\":\"https:\/\/www.celttv.com.ar\/index.php\/2013\/11\/21\/saludos-en-el-dia-de-la-enfermeria-y-una-foto-con-historia\/#breadcrumb\",\"itemListElement\":[{\"@type\":\"ListItem\",\"position\":1,\"name\":\"Inicio\",\"item\":\"https:\/\/www.celttv.com.ar\/\"},{\"@type\":\"ListItem\",\"position\":2,\"name\":\"SALUDOS EN EL DIA DE LA ENFERMERIA Y UNA FOTO CON HISTORIA\"}]},{\"@type\":\"WebSite\",\"@id\":\"https:\/\/www.celttv.com.ar\/#website\",\"url\":\"https:\/\/www.celttv.com.ar\/\",\"name\":\"CELTTV\",\"description\":\"Cooperativa El\u00e9ctrica de Tornquist\",\"publisher\":{\"@id\":\"https:\/\/www.celttv.com.ar\/#organization\"},\"potentialAction\":[{\"@type\":\"SearchAction\",\"target\":{\"@type\":\"EntryPoint\",\"urlTemplate\":\"https:\/\/www.celttv.com.ar\/?s={search_term_string}\"},\"query-input\":\"required name=search_term_string\"}],\"inLanguage\":\"es\"},{\"@type\":\"Organization\",\"@id\":\"https:\/\/www.celttv.com.ar\/#organization\",\"name\":\"CELTTV\",\"url\":\"https:\/\/www.celttv.com.ar\/\",\"sameAs\":[\"https:\/\/www.youtube.com\/channel\/UCz_oIt8Hig64Ub-EmcNPIhg\",\"https:\/\/www.facebook.com\/celtTV\/\"],\"logo\":{\"@type\":\"ImageObject\",\"inLanguage\":\"es\",\"@id\":\"https:\/\/www.celttv.com.ar\/#\/schema\/logo\/image\/\",\"url\":\"http:\/\/www.celttv.com.ar\/wp-content\/uploads\/2022\/08\/logo-1.png\",\"contentUrl\":\"http:\/\/www.celttv.com.ar\/wp-content\/uploads\/2022\/08\/logo-1.png\",\"width\":461,\"height\":159,\"caption\":\"CELTTV\"},\"image\":{\"@id\":\"https:\/\/www.celttv.com.ar\/#\/schema\/logo\/image\/\"}},{\"@type\":\"Person\",\"@id\":\"https:\/\/www.celttv.com.ar\/#\/schema\/person\/6d99c072dba59953809c81446e9d0ace\",\"name\":\"ulises\",\"image\":{\"@type\":\"ImageObject\",\"inLanguage\":\"es\",\"@id\":\"https:\/\/www.celttv.com.ar\/#\/schema\/person\/image\/\",\"url\":\"https:\/\/secure.gravatar.com\/avatar\/7f2c48bdc33b30088f941fb6082e555f2874c98e20cb159d7b92b50eadfce793?s=96&d=mm&r=g\",\"contentUrl\":\"https:\/\/secure.gravatar.com\/avatar\/7f2c48bdc33b30088f941fb6082e555f2874c98e20cb159d7b92b50eadfce793?s=96&d=mm&r=g\",\"caption\":\"ulises\"},\"sameAs\":[\"http:\/\/www.celttv.com.ar\"]}]}<\/script>\n<!-- \/ Yoast SEO plugin. -->","yoast_head_json":{"title":"SALUDOS EN EL DIA DE LA ENFERMERIA Y UNA FOTO CON HISTORIA - CELTTV","description":"Sitio web de noticias de la localidad de Tornquist, provincia de Buenos Aires, Rep\u00fablica Argentina. Contenido propio originado por periodistas de CELTTV, el canal de TV local de la Cooperativa El\u00e9ctrica de Tornquist. Turismo, Pol\u00edtica, Sociedad, Deporte, Cultura y todo el contenido de inter\u00e9s general que la gente del pueblo y la regi\u00f3n debe conocer.","robots":{"index":"index","follow":"follow","max-snippet":"max-snippet:-1","max-image-preview":"max-image-preview:large","max-video-preview":"max-video-preview:-1"},"canonical":"https:\/\/www.celttv.com.ar\/index.php\/2013\/11\/21\/saludos-en-el-dia-de-la-enfermeria-y-una-foto-con-historia\/","og_locale":"es_ES","og_type":"article","og_title":"SALUDOS EN EL DIA DE LA ENFERMERIA Y UNA FOTO CON HISTORIA - CELTTV","og_description":"Sitio web de noticias de la localidad de Tornquist, provincia de Buenos Aires, Rep\u00fablica Argentina. Contenido propio originado por periodistas de CELTTV, el canal de TV local de la Cooperativa El\u00e9ctrica de Tornquist. Turismo, Pol\u00edtica, Sociedad, Deporte, Cultura y todo el contenido de inter\u00e9s general que la gente del pueblo y la regi\u00f3n debe conocer.","og_url":"https:\/\/www.celttv.com.ar\/index.php\/2013\/11\/21\/saludos-en-el-dia-de-la-enfermeria-y-una-foto-con-historia\/","og_site_name":"CELTTV","article_publisher":"https:\/\/www.facebook.com\/celtTV\/","article_published_time":"2013-11-21T16:21:42+00:00","og_image":[{"url":"http:\/\/www.tvcnoticias.com.ar\/wp-content\/uploads\/2013\/11\/HOSPITAL-MUNICIPAL-FOTO-HISTORICA-Small.jpg"}],"author":"ulises","twitter_card":"summary_large_image","twitter_misc":{"Escrito por":"ulises","Tiempo de lectura":"2 minutos"},"schema":{"@context":"https:\/\/schema.org","@graph":[{"@type":"NewsArticle","@id":"https:\/\/www.celttv.com.ar\/index.php\/2013\/11\/21\/saludos-en-el-dia-de-la-enfermeria-y-una-foto-con-historia\/#article","isPartOf":{"@id":"https:\/\/www.celttv.com.ar\/index.php\/2013\/11\/21\/saludos-en-el-dia-de-la-enfermeria-y-una-foto-con-historia\/"},"author":{"name":"ulises","@id":"https:\/\/www.celttv.com.ar\/#\/schema\/person\/6d99c072dba59953809c81446e9d0ace"},"headline":"SALUDOS EN EL DIA DE LA ENFERMERIA Y UNA FOTO CON HISTORIA","datePublished":"2013-11-21T16:21:42+00:00","dateModified":"2013-11-21T16:21:42+00:00","mainEntityOfPage":{"@id":"https:\/\/www.celttv.com.ar\/index.php\/2013\/11\/21\/saludos-en-el-dia-de-la-enfermeria-y-una-foto-con-historia\/"},"wordCount":362,"publisher":{"@id":"https:\/\/www.celttv.com.ar\/#organization"},"articleSection":["Comunidad","Destacadas"],"inLanguage":"es"},{"@type":"WebPage","@id":"https:\/\/www.celttv.com.ar\/index.php\/2013\/11\/21\/saludos-en-el-dia-de-la-enfermeria-y-una-foto-con-historia\/","url":"https:\/\/www.celttv.com.ar\/index.php\/2013\/11\/21\/saludos-en-el-dia-de-la-enfermeria-y-una-foto-con-historia\/","name":"SALUDOS EN EL DIA DE LA ENFERMERIA Y UNA FOTO CON HISTORIA - CELTTV","isPartOf":{"@id":"https:\/\/www.celttv.com.ar\/#website"},"datePublished":"2013-11-21T16:21:42+00:00","dateModified":"2013-11-21T16:21:42+00:00","description":"Sitio web de noticias de la localidad de Tornquist, provincia de Buenos Aires, Rep\u00fablica Argentina. Contenido propio originado por periodistas de CELTTV, el canal de TV local de la Cooperativa El\u00e9ctrica de Tornquist. Turismo, Pol\u00edtica, Sociedad, Deporte, Cultura y todo el contenido de inter\u00e9s general que la gente del pueblo y la regi\u00f3n debe conocer.","breadcrumb":{"@id":"https:\/\/www.celttv.com.ar\/index.php\/2013\/11\/21\/saludos-en-el-dia-de-la-enfermeria-y-una-foto-con-historia\/#breadcrumb"},"inLanguage":"es","potentialAction":[{"@type":"ReadAction","target":["https:\/\/www.celttv.com.ar\/index.php\/2013\/11\/21\/saludos-en-el-dia-de-la-enfermeria-y-una-foto-con-historia\/"]}]},{"@type":"BreadcrumbList","@id":"https:\/\/www.celttv.com.ar\/index.php\/2013\/11\/21\/saludos-en-el-dia-de-la-enfermeria-y-una-foto-con-historia\/#breadcrumb","itemListElement":[{"@type":"ListItem","position":1,"name":"Inicio","item":"https:\/\/www.celttv.com.ar\/"},{"@type":"ListItem","position":2,"name":"SALUDOS EN EL DIA DE LA ENFERMERIA Y UNA FOTO CON HISTORIA"}]},{"@type":"WebSite","@id":"https:\/\/www.celttv.com.ar\/#website","url":"https:\/\/www.celttv.com.ar\/","name":"CELTTV","description":"Cooperativa El\u00e9ctrica de Tornquist","publisher":{"@id":"https:\/\/www.celttv.com.ar\/#organization"},"potentialAction":[{"@type":"SearchAction","target":{"@type":"EntryPoint","urlTemplate":"https:\/\/www.celttv.com.ar\/?s={search_term_string}"},"query-input":"required name=search_term_string"}],"inLanguage":"es"},{"@type":"Organization","@id":"https:\/\/www.celttv.com.ar\/#organization","name":"CELTTV","url":"https:\/\/www.celttv.com.ar\/","sameAs":["https:\/\/www.youtube.com\/channel\/UCz_oIt8Hig64Ub-EmcNPIhg","https:\/\/www.facebook.com\/celtTV\/"],"logo":{"@type":"ImageObject","inLanguage":"es","@id":"https:\/\/www.celttv.com.ar\/#\/schema\/logo\/image\/","url":"http:\/\/www.celttv.com.ar\/wp-content\/uploads\/2022\/08\/logo-1.png","contentUrl":"http:\/\/www.celttv.com.ar\/wp-content\/uploads\/2022\/08\/logo-1.png","width":461,"height":159,"caption":"CELTTV"},"image":{"@id":"https:\/\/www.celttv.com.ar\/#\/schema\/logo\/image\/"}},{"@type":"Person","@id":"https:\/\/www.celttv.com.ar\/#\/schema\/person\/6d99c072dba59953809c81446e9d0ace","name":"ulises","image":{"@type":"ImageObject","inLanguage":"es","@id":"https:\/\/www.celttv.com.ar\/#\/schema\/person\/image\/","url":"https:\/\/secure.gravatar.com\/avatar\/7f2c48bdc33b30088f941fb6082e555f2874c98e20cb159d7b92b50eadfce793?s=96&d=mm&r=g","contentUrl":"https:\/\/secure.gravatar.com\/avatar\/7f2c48bdc33b30088f941fb6082e555f2874c98e20cb159d7b92b50eadfce793?s=96&d=mm&r=g","caption":"ulises"},"sameAs":["http:\/\/www.celttv.com.ar"]}]}},"_links":{"self":[{"href":"https:\/\/www.celttv.com.ar\/index.php\/wp-json\/wp\/v2\/posts\/15946","targetHints":{"allow":["GET"]}}],"collection":[{"href":"https:\/\/www.celttv.com.ar\/index.php\/wp-json\/wp\/v2\/posts"}],"about":[{"href":"https:\/\/www.celttv.com.ar\/index.php\/wp-json\/wp\/v2\/types\/post"}],"author":[{"embeddable":true,"href":"https:\/\/www.celttv.com.ar\/index.php\/wp-json\/wp\/v2\/users\/1"}],"replies":[{"embeddable":true,"href":"https:\/\/www.celttv.com.ar\/index.php\/wp-json\/wp\/v2\/comments?post=15946"}],"version-history":[{"count":0,"href":"https:\/\/www.celttv.com.ar\/index.php\/wp-json\/wp\/v2\/posts\/15946\/revisions"}],"wp:attachment":[{"href":"https:\/\/www.celttv.com.ar\/index.php\/wp-json\/wp\/v2\/media?parent=15946"}],"wp:term":[{"taxonomy":"category","embeddable":true,"href":"https:\/\/www.celttv.com.ar\/index.php\/wp-json\/wp\/v2\/categories?post=15946"},{"taxonomy":"post_tag","embeddable":true,"href":"https:\/\/www.celttv.com.ar\/index.php\/wp-json\/wp\/v2\/tags?post=15946"}],"curies":[{"name":"wp","href":"https:\/\/api.w.org\/{rel}","templated":true}]}}