{"id":15958,"date":"2013-11-23T17:41:46","date_gmt":"2013-11-23T17:41:46","guid":{"rendered":"http:\/\/www.tvcnoticias.com.ar\/?p=15958"},"modified":"2013-11-23T17:41:46","modified_gmt":"2013-11-23T17:41:46","slug":"1ra-expo-turismo-rural-una-experiencia-para-repetir-videos-y-notas","status":"publish","type":"post","link":"https:\/\/www.celttv.com.ar\/index.php\/2013\/11\/23\/1ra-expo-turismo-rural-una-experiencia-para-repetir-videos-y-notas\/","title":{"rendered":"1ra. EXPO TURISMO RURAL. UNA EXPERIENCIA PARA REPETIR (Videos y notas)"},"content":{"rendered":"<p>Se realiz\u00f3 el pasado domingo la 1era. edici\u00f3n de la Expo Tornquist Rural, desarrollada en el predio \u201cLos Sauces\u201d propiedad de Hector Poblet.Diversos stand de servicios tur\u00edsticos, agro turismo, institucionales y gastronom\u00eda \u00a0le dieron vida a esta interesante propuesta llevada adelante por el Grupo Senderos Ancestrales y Caminos y Sabores en conjunto con el INTA Tornquist.\u00a0 \u00a0El lugar, convenientemente acondicionado, se fue poblando y los distintos emprendimientos, varios de ellos familiares, fueron mostrando sus productos.\u00a0 \u00a0A su turno Gonzalo Iparraguirre, junto a las autoridades del Inta y el Secretario de Producci\u00f3n Ricardo Valentini, participaron del acto inaugural ante un sal\u00f3n pr\u00e1cticamente colmado.<br \/>\n\u201cSe demuestra mucha voluntad de la gente que est\u00e1 trabajando en el \u00e1rea de \u00a0turismo rural, con los grupos de cambio rural del INTA, que tiene much\u00edsimo que ver en esto, como nexo y como ente nucleador de todo este tipo de actividades productivas\u201d destac\u00f3 Ricardo Valentini, Secretario de Producci\u00f3n del Municipio de Tornquist.\u00a0 Refiri\u00e9ndose al predio \u201cLos Sauces\u201d, lugar donde se realiz\u00f3 la muestra, Valentini asegur\u00f3 que \u201caqu\u00ed hay mucho mas mano de obra que inversi\u00f3n en plata. Aqu\u00ed hay muchas ganas, empe\u00f1o y mucho ingenio\u201d destac\u00f3 el funcionario municipal.\u00a0 \u00a0 \u00a0 \u201cQued\u00e9 gratamente sorprendido, aqu\u00ed no hay nada improvisado, lo que se hizo se logr\u00f3 con mucho esfuerzo\u201d se\u00f1al\u00f3 Valentini.<br \/>\n\u201cEsta es la fortaleza de trabajar de forma asociativa\u201dJulieta Colonnella, agente del proyecto regional de Turismo Rural para INTA.\u00a0 \u00a0\u201cEstamos apoyando a estos dos grupos, ya consolidados, que est\u00e1n trabajando de la mano de la agencia local del INTA.\u201d se\u00f1al\u00f3 Colonela.\u00a0 \u00a0\u201cEn el \u00e1mbito del centro regional Buenos Aires Sur \u00a0funcionan una quince experiencias asociativas similares a los que funcionan en Tornquist, y cada vez mas estamos observando que se da esta apertura hacia la comunidad y los grupos trabajan con mucha dedicaci\u00f3n para realizar capacitaciones internas o intercambio de grupos con expertos en la tem\u00e1tica, como para generar actividades abiertas a la comunidad, como es el caso de los grupos que han trabajado en esta idea\u201d se\u00f1al\u00f3.\u00a0 \u00a0Julieta Colonnella dijo que \u201cexisten cantidad de producciones alternativas y el turismo rural es una de ellas y la instituci\u00f3n (INTA) ha tenido que abrir el juego e incorporado nuevos profesionales; hoy tenemos antrop\u00f3logos, economistas, licenciados en turismo. Las demandas son infinitas y muy variadas y para poder dar respuesta hubo que realizar esa apertura\u201d asegur\u00f3.\u00a0 \u00a0\u201cLos grupos no se quedan en una oferta, si no que la demanda es real y concreta y estamos trabajando para que el producto de turismo rural que se ofrece sea serio, de calidad y competitivo\u201d\u00a0 \u00a0\u201cIncorporar una nueva unidad econ\u00f3mica y del \u00e1rea de servicios, requiere del \u00a0aprendizaje de una actividad nueva, que no es imposible, pero tiene sus particularidades y desde ese lugar los estamos acompa\u00f1ando y queremos que los grupos ofrezcan productos de calidad, sobre todo por su permanencia en el tiempo y es un producto que da sus frutos\u201d sostuvo Colonnella.\u00a0 \u00a0\u201cTrabajar en grupo no es lo mismo que trabajar solos, tambi\u00e9n significa un espacio de contenci\u00f3n. Es significativo crecer juntos, trabajar juntos y aprender del que ya tiene un camino; esa es la fortaleza de trabajar de forma asociativa\u201d manifest\u00f3 Julieta Colonnella.<br \/>\nRicardo Echevarr\u00eda, Presidente del Club de Pesca Tornquist\u201cEs una buena oportunidad para difundir lo que cada uno ofrece y nos parece una propuesta muy interesante de estos grupos, adem\u00e1s para poder confraternizar con los dem\u00e1s prestadores y establecer el contacto que nos permite cerrar este c\u00edrculo virtuoso\u201d\u00a0\u201cEsto permite intercambiar experiencia e ideas y conocernos mas y de esta manera la actividad tur\u00edstica se hace mas fluida\u201d se\u00f1al\u00f3 el presidente lagunero.\u00a0 \u00a0Echevarr\u00eda adelant\u00f3 que el d\u00eda 8 de diciembre se realiza el pic nic con el que el Club de Pesca deja inaugurada la temporada estival y a ese efecto se intensifican los preparativos.<br \/>\nHector Poblet, propietario del predio \u201cLos Sauces\u201d\u00a0 \u00a0\u201cEs muy bueno que la gente conozca todas las alternativas que existen en nuestra zona y en particular todo lo que hacemos y lo servicios que ofrecemos en este lugar. Tambi\u00e9n es importante que la propia gente de Tornquist sepa cuales son las alternativas que tenemos para ofrecer\u201d se\u00f1al\u00f3 Poblet.\u00a0 \u00a0\u201cVino mucha gente a felicitarnos por el predio, que conoc\u00edan de antes pero cuando era solamente un campo, y se vieron sorprendidos. Ahora tenemos una infraestructura en un lugar muy bonito para poder visitar los turistas y la gente de la comarca\u201d dijo Poblet.\u00a0El propietario del predio Los Sauces destac\u00f3 la importancia de la presencia de los distintos prestadores y el rol fundamental de los emprendimientos familiares.<br \/>\nCarlos Quiroz Presidente de la C\u00e1mara de Comercio local\u00a0 \u00a0\u201cNo pod\u00edamos estar ausentes; estamos apoyando el evento y d\u00e1ndole fuerza a sus organizadores\u201d dijo el presidente de la C\u00e1mara de Comercio de Tornquist Carlos Quiroz.\u00a0 \u201cSi todas las instituciones participamos, cualquier evento va a tener mucho mas fuerza. La C\u00e1mara no es solamente comercial, si no industrial y tur\u00edstica; el turismo es uno de los aspectos que planteamos permanentemente desde la C\u00e1mara desde el punto de vista de la integraci\u00f3n\u201d dijo Quiroz.\u00a0 \u00a0\u201cTenemos lugares hermosos como Parque Norte, la laguna, el calvario, la Plaza Ernesto Tornquist y muchos otros que, por supuesto, nos ocupamos de difundir\u201d agreg\u00f3 Quiroz.<br \/>\n<a href=\"https:\/\/www.youtube.com\/watch?v=cNysIK7HkEs\"><\/a><a><\/a><a href=\"https:\/\/www.youtube.com\/watch?v=cNysIK7HkEs\">httpv:\/\/www.youtube.com\/watch?v=cNysIK7HkEs<\/a><br \/>\n<a href=\"https:\/\/www.youtube.com\/watch?v=0ys1pU8ynS0\">httpv:\/\/www.youtube.com\/watch?v=0ys1pU8ynS0<\/a><br \/>\n<a href=\"https:\/\/www.youtube.com\/watch?v=UTCBZxocoXY\">httpv:\/\/www.youtube.com\/watch?v=UTCBZxocoXY<\/a><br \/>\n<a href=\"https:\/\/www.youtube.com\/watch?v=7aoijpbOsNY\">httpv:\/\/www.youtube.com\/watch?v=7aoijpbOsNY<\/a><br \/>\n<a href=\"https:\/\/www.youtube.com\/watch?v=TIMSTwM-fbc\">httpv:\/\/www.youtube.com\/watch?v=TIMSTwM-fbc<\/a><br \/>\n<a href=\"https:\/\/www.youtube.com\/watch?v=jwMVovkNrXs\">httpv:\/\/www.youtube.com\/watch?v=jwMVovkNrXs<\/a><br \/>\n<a href=\"https:\/\/www.youtube.com\/watch?v=wEZfOJz-UCM\">httpv:\/\/www.youtube.com\/watch?v=wEZfOJz-UCM<\/a><br \/>\n<a href=\"https:\/\/www.youtube.com\/watch?v=blOv83m7yCQ\">httpv:\/\/www.youtube.com\/watch?v=blOv83m7yCQ<\/a><br \/>\n&nbsp;<\/p>\n","protected":false},"excerpt":{"rendered":"<p>Se realiz\u00f3 el pasado domingo la 1era. edici\u00f3n de la Expo Tornquist Rural, desarrollada en el predio \u201cLos Sauces\u201d propiedad de Hector Poblet.Diversos stand de servicios tur\u00edsticos, agro turismo, institucionales y gastronom\u00eda \u00a0le dieron vida a esta interesante propuesta llevada adelante por el Grupo Senderos Ancestrales y Caminos y Sabores en conjunto con el INTA [&hellip;]<\/p>\n","protected":false},"author":1,"featured_media":0,"comment_status":"closed","ping_status":"open","sticky":false,"template":"","format":"standard","meta":{"footnotes":""},"categories":[51,52,64],"tags":[],"class_list":["post-15958","post","type-post","status-publish","format-standard","hentry","category-comunidad","category-destacadas","category-videos-destacados"],"yoast_head":"<!-- This site is optimized with the Yoast SEO plugin v19.7.1 - https:\/\/yoast.com\/wordpress\/plugins\/seo\/ -->\n<title>1ra. EXPO TURISMO RURAL. UNA EXPERIENCIA PARA REPETIR (Videos y notas) - CELTTV<\/title>\n<meta name=\"description\" content=\"Sitio web de noticias de la localidad de Tornquist, provincia de Buenos Aires, Rep\u00fablica Argentina. Contenido propio originado por periodistas de CELTTV, el canal de TV local de la Cooperativa El\u00e9ctrica de Tornquist. Turismo, Pol\u00edtica, Sociedad, Deporte, Cultura y todo el contenido de inter\u00e9s general que la gente del pueblo y la regi\u00f3n debe conocer.\" \/>\n<meta name=\"robots\" content=\"index, follow, max-snippet:-1, max-image-preview:large, max-video-preview:-1\" \/>\n<link rel=\"canonical\" href=\"https:\/\/www.celttv.com.ar\/index.php\/2013\/11\/23\/1ra-expo-turismo-rural-una-experiencia-para-repetir-videos-y-notas\/\" \/>\n<meta property=\"og:locale\" content=\"es_ES\" \/>\n<meta property=\"og:type\" content=\"article\" \/>\n<meta property=\"og:title\" content=\"1ra. EXPO TURISMO RURAL. UNA EXPERIENCIA PARA REPETIR (Videos y notas) - CELTTV\" \/>\n<meta property=\"og:description\" content=\"Sitio web de noticias de la localidad de Tornquist, provincia de Buenos Aires, Rep\u00fablica Argentina. Contenido propio originado por periodistas de CELTTV, el canal de TV local de la Cooperativa El\u00e9ctrica de Tornquist. Turismo, Pol\u00edtica, Sociedad, Deporte, Cultura y todo el contenido de inter\u00e9s general que la gente del pueblo y la regi\u00f3n debe conocer.\" \/>\n<meta property=\"og:url\" content=\"https:\/\/www.celttv.com.ar\/index.php\/2013\/11\/23\/1ra-expo-turismo-rural-una-experiencia-para-repetir-videos-y-notas\/\" \/>\n<meta property=\"og:site_name\" content=\"CELTTV\" \/>\n<meta property=\"article:publisher\" content=\"https:\/\/www.facebook.com\/celtTV\/\" \/>\n<meta property=\"article:published_time\" content=\"2013-11-23T17:41:46+00:00\" \/>\n<meta name=\"author\" content=\"ulises\" \/>\n<meta name=\"twitter:card\" content=\"summary_large_image\" \/>\n<meta name=\"twitter:label1\" content=\"Escrito por\" \/>\n\t<meta name=\"twitter:data1\" content=\"ulises\" \/>\n\t<meta name=\"twitter:label2\" content=\"Tiempo de lectura\" \/>\n\t<meta name=\"twitter:data2\" content=\"5 minutos\" \/>\n<script type=\"application\/ld+json\" class=\"yoast-schema-graph\">{\"@context\":\"https:\/\/schema.org\",\"@graph\":[{\"@type\":\"NewsArticle\",\"@id\":\"https:\/\/www.celttv.com.ar\/index.php\/2013\/11\/23\/1ra-expo-turismo-rural-una-experiencia-para-repetir-videos-y-notas\/#article\",\"isPartOf\":{\"@id\":\"https:\/\/www.celttv.com.ar\/index.php\/2013\/11\/23\/1ra-expo-turismo-rural-una-experiencia-para-repetir-videos-y-notas\/\"},\"author\":{\"name\":\"ulises\",\"@id\":\"https:\/\/www.celttv.com.ar\/#\/schema\/person\/6d99c072dba59953809c81446e9d0ace\"},\"headline\":\"1ra. EXPO TURISMO RURAL. UNA EXPERIENCIA PARA REPETIR (Videos y notas)\",\"datePublished\":\"2013-11-23T17:41:46+00:00\",\"dateModified\":\"2013-11-23T17:41:46+00:00\",\"mainEntityOfPage\":{\"@id\":\"https:\/\/www.celttv.com.ar\/index.php\/2013\/11\/23\/1ra-expo-turismo-rural-una-experiencia-para-repetir-videos-y-notas\/\"},\"wordCount\":977,\"publisher\":{\"@id\":\"https:\/\/www.celttv.com.ar\/#organization\"},\"articleSection\":[\"Comunidad\",\"Destacadas\",\"Videos Destacados\"],\"inLanguage\":\"es\"},{\"@type\":\"WebPage\",\"@id\":\"https:\/\/www.celttv.com.ar\/index.php\/2013\/11\/23\/1ra-expo-turismo-rural-una-experiencia-para-repetir-videos-y-notas\/\",\"url\":\"https:\/\/www.celttv.com.ar\/index.php\/2013\/11\/23\/1ra-expo-turismo-rural-una-experiencia-para-repetir-videos-y-notas\/\",\"name\":\"1ra. EXPO TURISMO RURAL. UNA EXPERIENCIA PARA REPETIR (Videos y notas) - CELTTV\",\"isPartOf\":{\"@id\":\"https:\/\/www.celttv.com.ar\/#website\"},\"datePublished\":\"2013-11-23T17:41:46+00:00\",\"dateModified\":\"2013-11-23T17:41:46+00:00\",\"description\":\"Sitio web de noticias de la localidad de Tornquist, provincia de Buenos Aires, Rep\u00fablica Argentina. Contenido propio originado por periodistas de CELTTV, el canal de TV local de la Cooperativa El\u00e9ctrica de Tornquist. Turismo, Pol\u00edtica, Sociedad, Deporte, Cultura y todo el contenido de inter\u00e9s general que la gente del pueblo y la regi\u00f3n debe conocer.\",\"breadcrumb\":{\"@id\":\"https:\/\/www.celttv.com.ar\/index.php\/2013\/11\/23\/1ra-expo-turismo-rural-una-experiencia-para-repetir-videos-y-notas\/#breadcrumb\"},\"inLanguage\":\"es\",\"potentialAction\":[{\"@type\":\"ReadAction\",\"target\":[\"https:\/\/www.celttv.com.ar\/index.php\/2013\/11\/23\/1ra-expo-turismo-rural-una-experiencia-para-repetir-videos-y-notas\/\"]}]},{\"@type\":\"BreadcrumbList\",\"@id\":\"https:\/\/www.celttv.com.ar\/index.php\/2013\/11\/23\/1ra-expo-turismo-rural-una-experiencia-para-repetir-videos-y-notas\/#breadcrumb\",\"itemListElement\":[{\"@type\":\"ListItem\",\"position\":1,\"name\":\"Inicio\",\"item\":\"https:\/\/www.celttv.com.ar\/\"},{\"@type\":\"ListItem\",\"position\":2,\"name\":\"1ra. EXPO TURISMO RURAL. UNA EXPERIENCIA PARA REPETIR (Videos y notas)\"}]},{\"@type\":\"WebSite\",\"@id\":\"https:\/\/www.celttv.com.ar\/#website\",\"url\":\"https:\/\/www.celttv.com.ar\/\",\"name\":\"CELTTV\",\"description\":\"Cooperativa El\u00e9ctrica de Tornquist\",\"publisher\":{\"@id\":\"https:\/\/www.celttv.com.ar\/#organization\"},\"potentialAction\":[{\"@type\":\"SearchAction\",\"target\":{\"@type\":\"EntryPoint\",\"urlTemplate\":\"https:\/\/www.celttv.com.ar\/?s={search_term_string}\"},\"query-input\":\"required name=search_term_string\"}],\"inLanguage\":\"es\"},{\"@type\":\"Organization\",\"@id\":\"https:\/\/www.celttv.com.ar\/#organization\",\"name\":\"CELTTV\",\"url\":\"https:\/\/www.celttv.com.ar\/\",\"sameAs\":[\"https:\/\/www.youtube.com\/channel\/UCz_oIt8Hig64Ub-EmcNPIhg\",\"https:\/\/www.facebook.com\/celtTV\/\"],\"logo\":{\"@type\":\"ImageObject\",\"inLanguage\":\"es\",\"@id\":\"https:\/\/www.celttv.com.ar\/#\/schema\/logo\/image\/\",\"url\":\"http:\/\/www.celttv.com.ar\/wp-content\/uploads\/2022\/08\/logo-1.png\",\"contentUrl\":\"http:\/\/www.celttv.com.ar\/wp-content\/uploads\/2022\/08\/logo-1.png\",\"width\":461,\"height\":159,\"caption\":\"CELTTV\"},\"image\":{\"@id\":\"https:\/\/www.celttv.com.ar\/#\/schema\/logo\/image\/\"}},{\"@type\":\"Person\",\"@id\":\"https:\/\/www.celttv.com.ar\/#\/schema\/person\/6d99c072dba59953809c81446e9d0ace\",\"name\":\"ulises\",\"image\":{\"@type\":\"ImageObject\",\"inLanguage\":\"es\",\"@id\":\"https:\/\/www.celttv.com.ar\/#\/schema\/person\/image\/\",\"url\":\"https:\/\/secure.gravatar.com\/avatar\/7f2c48bdc33b30088f941fb6082e555f2874c98e20cb159d7b92b50eadfce793?s=96&d=mm&r=g\",\"contentUrl\":\"https:\/\/secure.gravatar.com\/avatar\/7f2c48bdc33b30088f941fb6082e555f2874c98e20cb159d7b92b50eadfce793?s=96&d=mm&r=g\",\"caption\":\"ulises\"},\"sameAs\":[\"http:\/\/www.celttv.com.ar\"]}]}<\/script>\n<!-- \/ Yoast SEO plugin. -->","yoast_head_json":{"title":"1ra. EXPO TURISMO RURAL. UNA EXPERIENCIA PARA REPETIR (Videos y notas) - CELTTV","description":"Sitio web de noticias de la localidad de Tornquist, provincia de Buenos Aires, Rep\u00fablica Argentina. Contenido propio originado por periodistas de CELTTV, el canal de TV local de la Cooperativa El\u00e9ctrica de Tornquist. Turismo, Pol\u00edtica, Sociedad, Deporte, Cultura y todo el contenido de inter\u00e9s general que la gente del pueblo y la regi\u00f3n debe conocer.","robots":{"index":"index","follow":"follow","max-snippet":"max-snippet:-1","max-image-preview":"max-image-preview:large","max-video-preview":"max-video-preview:-1"},"canonical":"https:\/\/www.celttv.com.ar\/index.php\/2013\/11\/23\/1ra-expo-turismo-rural-una-experiencia-para-repetir-videos-y-notas\/","og_locale":"es_ES","og_type":"article","og_title":"1ra. EXPO TURISMO RURAL. UNA EXPERIENCIA PARA REPETIR (Videos y notas) - CELTTV","og_description":"Sitio web de noticias de la localidad de Tornquist, provincia de Buenos Aires, Rep\u00fablica Argentina. Contenido propio originado por periodistas de CELTTV, el canal de TV local de la Cooperativa El\u00e9ctrica de Tornquist. Turismo, Pol\u00edtica, Sociedad, Deporte, Cultura y todo el contenido de inter\u00e9s general que la gente del pueblo y la regi\u00f3n debe conocer.","og_url":"https:\/\/www.celttv.com.ar\/index.php\/2013\/11\/23\/1ra-expo-turismo-rural-una-experiencia-para-repetir-videos-y-notas\/","og_site_name":"CELTTV","article_publisher":"https:\/\/www.facebook.com\/celtTV\/","article_published_time":"2013-11-23T17:41:46+00:00","author":"ulises","twitter_card":"summary_large_image","twitter_misc":{"Escrito por":"ulises","Tiempo de lectura":"5 minutos"},"schema":{"@context":"https:\/\/schema.org","@graph":[{"@type":"NewsArticle","@id":"https:\/\/www.celttv.com.ar\/index.php\/2013\/11\/23\/1ra-expo-turismo-rural-una-experiencia-para-repetir-videos-y-notas\/#article","isPartOf":{"@id":"https:\/\/www.celttv.com.ar\/index.php\/2013\/11\/23\/1ra-expo-turismo-rural-una-experiencia-para-repetir-videos-y-notas\/"},"author":{"name":"ulises","@id":"https:\/\/www.celttv.com.ar\/#\/schema\/person\/6d99c072dba59953809c81446e9d0ace"},"headline":"1ra. EXPO TURISMO RURAL. UNA EXPERIENCIA PARA REPETIR (Videos y notas)","datePublished":"2013-11-23T17:41:46+00:00","dateModified":"2013-11-23T17:41:46+00:00","mainEntityOfPage":{"@id":"https:\/\/www.celttv.com.ar\/index.php\/2013\/11\/23\/1ra-expo-turismo-rural-una-experiencia-para-repetir-videos-y-notas\/"},"wordCount":977,"publisher":{"@id":"https:\/\/www.celttv.com.ar\/#organization"},"articleSection":["Comunidad","Destacadas","Videos Destacados"],"inLanguage":"es"},{"@type":"WebPage","@id":"https:\/\/www.celttv.com.ar\/index.php\/2013\/11\/23\/1ra-expo-turismo-rural-una-experiencia-para-repetir-videos-y-notas\/","url":"https:\/\/www.celttv.com.ar\/index.php\/2013\/11\/23\/1ra-expo-turismo-rural-una-experiencia-para-repetir-videos-y-notas\/","name":"1ra. EXPO TURISMO RURAL. UNA EXPERIENCIA PARA REPETIR (Videos y notas) - CELTTV","isPartOf":{"@id":"https:\/\/www.celttv.com.ar\/#website"},"datePublished":"2013-11-23T17:41:46+00:00","dateModified":"2013-11-23T17:41:46+00:00","description":"Sitio web de noticias de la localidad de Tornquist, provincia de Buenos Aires, Rep\u00fablica Argentina. Contenido propio originado por periodistas de CELTTV, el canal de TV local de la Cooperativa El\u00e9ctrica de Tornquist. Turismo, Pol\u00edtica, Sociedad, Deporte, Cultura y todo el contenido de inter\u00e9s general que la gente del pueblo y la regi\u00f3n debe conocer.","breadcrumb":{"@id":"https:\/\/www.celttv.com.ar\/index.php\/2013\/11\/23\/1ra-expo-turismo-rural-una-experiencia-para-repetir-videos-y-notas\/#breadcrumb"},"inLanguage":"es","potentialAction":[{"@type":"ReadAction","target":["https:\/\/www.celttv.com.ar\/index.php\/2013\/11\/23\/1ra-expo-turismo-rural-una-experiencia-para-repetir-videos-y-notas\/"]}]},{"@type":"BreadcrumbList","@id":"https:\/\/www.celttv.com.ar\/index.php\/2013\/11\/23\/1ra-expo-turismo-rural-una-experiencia-para-repetir-videos-y-notas\/#breadcrumb","itemListElement":[{"@type":"ListItem","position":1,"name":"Inicio","item":"https:\/\/www.celttv.com.ar\/"},{"@type":"ListItem","position":2,"name":"1ra. EXPO TURISMO RURAL. UNA EXPERIENCIA PARA REPETIR (Videos y notas)"}]},{"@type":"WebSite","@id":"https:\/\/www.celttv.com.ar\/#website","url":"https:\/\/www.celttv.com.ar\/","name":"CELTTV","description":"Cooperativa El\u00e9ctrica de Tornquist","publisher":{"@id":"https:\/\/www.celttv.com.ar\/#organization"},"potentialAction":[{"@type":"SearchAction","target":{"@type":"EntryPoint","urlTemplate":"https:\/\/www.celttv.com.ar\/?s={search_term_string}"},"query-input":"required name=search_term_string"}],"inLanguage":"es"},{"@type":"Organization","@id":"https:\/\/www.celttv.com.ar\/#organization","name":"CELTTV","url":"https:\/\/www.celttv.com.ar\/","sameAs":["https:\/\/www.youtube.com\/channel\/UCz_oIt8Hig64Ub-EmcNPIhg","https:\/\/www.facebook.com\/celtTV\/"],"logo":{"@type":"ImageObject","inLanguage":"es","@id":"https:\/\/www.celttv.com.ar\/#\/schema\/logo\/image\/","url":"http:\/\/www.celttv.com.ar\/wp-content\/uploads\/2022\/08\/logo-1.png","contentUrl":"http:\/\/www.celttv.com.ar\/wp-content\/uploads\/2022\/08\/logo-1.png","width":461,"height":159,"caption":"CELTTV"},"image":{"@id":"https:\/\/www.celttv.com.ar\/#\/schema\/logo\/image\/"}},{"@type":"Person","@id":"https:\/\/www.celttv.com.ar\/#\/schema\/person\/6d99c072dba59953809c81446e9d0ace","name":"ulises","image":{"@type":"ImageObject","inLanguage":"es","@id":"https:\/\/www.celttv.com.ar\/#\/schema\/person\/image\/","url":"https:\/\/secure.gravatar.com\/avatar\/7f2c48bdc33b30088f941fb6082e555f2874c98e20cb159d7b92b50eadfce793?s=96&d=mm&r=g","contentUrl":"https:\/\/secure.gravatar.com\/avatar\/7f2c48bdc33b30088f941fb6082e555f2874c98e20cb159d7b92b50eadfce793?s=96&d=mm&r=g","caption":"ulises"},"sameAs":["http:\/\/www.celttv.com.ar"]}]}},"_links":{"self":[{"href":"https:\/\/www.celttv.com.ar\/index.php\/wp-json\/wp\/v2\/posts\/15958","targetHints":{"allow":["GET"]}}],"collection":[{"href":"https:\/\/www.celttv.com.ar\/index.php\/wp-json\/wp\/v2\/posts"}],"about":[{"href":"https:\/\/www.celttv.com.ar\/index.php\/wp-json\/wp\/v2\/types\/post"}],"author":[{"embeddable":true,"href":"https:\/\/www.celttv.com.ar\/index.php\/wp-json\/wp\/v2\/users\/1"}],"replies":[{"embeddable":true,"href":"https:\/\/www.celttv.com.ar\/index.php\/wp-json\/wp\/v2\/comments?post=15958"}],"version-history":[{"count":0,"href":"https:\/\/www.celttv.com.ar\/index.php\/wp-json\/wp\/v2\/posts\/15958\/revisions"}],"wp:attachment":[{"href":"https:\/\/www.celttv.com.ar\/index.php\/wp-json\/wp\/v2\/media?parent=15958"}],"wp:term":[{"taxonomy":"category","embeddable":true,"href":"https:\/\/www.celttv.com.ar\/index.php\/wp-json\/wp\/v2\/categories?post=15958"},{"taxonomy":"post_tag","embeddable":true,"href":"https:\/\/www.celttv.com.ar\/index.php\/wp-json\/wp\/v2\/tags?post=15958"}],"curies":[{"name":"wp","href":"https:\/\/api.w.org\/{rel}","templated":true}]}}